{"id":6544,"date":"2019-11-22T03:14:34","date_gmt":"2019-11-22T03:14:34","guid":{"rendered":"http:\/\/noti-america.com\/site\/ecuador\/?p=6544"},"modified":"2019-11-22T03:14:34","modified_gmt":"2019-11-22T03:14:34","slug":"sabias-que-america-latina-tiene-una-red-regional-para-medir-el-desarrollo-infantil","status":"publish","type":"post","link":"https:\/\/noti-america.com\/site\/ecuador\/2019\/11\/22\/sabias-que-america-latina-tiene-una-red-regional-para-medir-el-desarrollo-infantil\/","title":{"rendered":"\u00bfSab\u00edas que Am\u00e9rica Latina tiene una red regional para medir el desarrollo infantil?"},"content":{"rendered":"<p>REDACCI\u00d3N NOTI AM\u00c9RICA (ECUADOR) por\u00a0Ariel Fiszbein\u00a0|\u00a0Giorgina Garibotto\u00a0|\u00a0Pablo Mazzini<\/p>\n<p style=\"text-align: justify\">Hace poco\u00a0habl\u00e1bamos\u00a0en este blog sobre el impacto que tendr\u00eda sobre el dise\u00f1o e implementaci\u00f3n de pol\u00edticas para la primera infancia que los indicadores de desarrollo infantil temprano sean comparables entre los pa\u00edses de la regi\u00f3n. En esta l\u00ednea se desarroll\u00f3 la\u00a0<strong>Agenda Regional para el Desarrollo Integral de la Primera Infancia<\/strong><strong>,\u00a0<\/strong>que result\u00f3 entre sus compromisos m\u00e1s concretos en la creaci\u00f3n de una\u00a0<strong>Red Regional sobre Medici\u00f3n del Desarrollo Infantil (REMDI)<\/strong>.<span id=\"more-10369\"><\/span><\/p>\n<h3 style=\"text-align: justify\"><strong>Un claro paso hacia la integraci\u00f3n y la evaluaci\u00f3n<\/strong><\/h3>\n<p style=\"text-align: justify\">Como su nombre indica, REMDI se propone como una red regional de especialistas que promueva y facilite esfuerzos de medici\u00f3n actuales y futuros para que todos los pa\u00edses de Am\u00e9rica Latina cuenten con mecanismos de evaluaci\u00f3n del desarrollo infantil a nivel nacional que sean claros, t\u00e9cnicamente s\u00f3lidos y que permitan comparaciones entre pa\u00edses y entre subgrupos poblacionales de un pa\u00eds.<\/p>\n<p style=\"text-align: justify\">REMDI estar\u00e1 conformada por miembros de los gobiernos, la academia, organismos no gubernamentales y organismos internacionales, incluyendo especialistas del equipo de desarrollo infantil del Banco Interamericano de Desarrollo (BID). El BID es una de las instituciones que est\u00e1 brindando apoyo a la Agenda Regional para el Desarrollo Integral de la Primera Infancia.<\/p>\n<h3 style=\"text-align: justify\"><strong>\u00bfQu\u00e9 pretende REMDI?<\/strong><\/h3>\n<p style=\"text-align: justify\">El objetivo general de la Red es promover un enfoque com\u00fan en la regi\u00f3n acerca de la medici\u00f3n del desarrollo infantil, que involucre la realizaci\u00f3n peri\u00f3dica y regular de encuestas nacionales de desarrollo infantil. Esto permitir\u00e1 tener diagn\u00f3sticos poblacionales de calidad, que permitan orientar las pol\u00edticas de primera infancia en la regi\u00f3n.<\/p>\n<p style=\"text-align: justify\">En particular, destacan las siguientes metas:<\/p>\n<ul style=\"text-align: justify\">\n<li>Facilitar el acceso a informaci\u00f3n sobre encuestas\u2014poblacionales, longitudinales, para la evaluaci\u00f3n de programas y servicios de desarrollo infantil, entre otras\u2014 e instrumentos de medici\u00f3n del desarrollo infantil.<\/li>\n<li>Promover el intercambio de lecciones aprendidas de los esfuerzos en curso en diferentes pa\u00edses de la regi\u00f3n.<\/li>\n<li>Promover el desarrollo y difusi\u00f3n de materiales y esquemas comunes tanto para la medici\u00f3n del desarrollo infantil como para el an\u00e1lisis y uso de la informaci\u00f3n.<\/li>\n<li>Desarrollar oportunidades de asistencia t\u00e9cnica a los pa\u00edses que lo requieran.<\/li>\n<\/ul>\n<h3 style=\"text-align: justify\"><strong>L\u00edneas de acci\u00f3n para estas metas<\/strong><\/h3>\n<ol style=\"text-align: justify\">\n<li><strong><em>Gesti\u00f3n del conocimiento:<\/em><\/strong>\u00a0avanzar en actividades tales como mapear lo que se est\u00e1 haciendo en el \u00e1rea de medici\u00f3n del desarrollo infantil a nivel regional y generar un repositorio de informes e instrumentos; as\u00ed como promover el uso de las encuestas que existen actualmente en la regi\u00f3n, impulsando el an\u00e1lisis y uso de la informaci\u00f3n. Para ello, se prev\u00e9 generar un fondo concursable orientado a financiar investigaciones que utilicen las bases de datos de estas encuestas tanto para an\u00e1lisis dentro de cada pa\u00eds como para comparaciones entre pa\u00edses de la regi\u00f3n.<\/li>\n<li><strong>Sistematizaci\u00f3n de lecciones aprendidas:<\/strong>\u00a0promover espacios para la discusi\u00f3n de avances en la medici\u00f3n del desarrollo infantil y generaci\u00f3n de documentos de trabajo, que est\u00e9n disponibles para la comunidad en general, sistematizando lo que se ha aprendido a la fecha sobre diferentes temas: ventajas y desventajas de los instrumentos de medici\u00f3n usados, alternativas de financiamiento para este tipo de encuestas nacionales, fortalezas y debilidades de diferentes arreglos institucionales, entre otros.<\/li>\n<li><strong><em>Asistencia t\u00e9cnica sobre medici\u00f3n del desarrollo infantil:<\/em><\/strong>\u00a0facilitar la asistencia t\u00e9cnica necesaria para que los pa\u00edses avancen en su agenda de medici\u00f3n, tanto en el caso de los pa\u00edses que identifiquen necesidades de capacitaci\u00f3n en materia de medici\u00f3n de desarrollo infantil, como en el caso de aquellos que tengan inter\u00e9s en participar de intercambios con otros pa\u00edses de la regi\u00f3n.<\/li>\n<\/ol>\n<h3 style=\"text-align: justify\"><strong>Primero lo primero<\/strong><\/h3>\n<p style=\"text-align: justify\">El gobierno de Uruguay est\u00e1 ejerciendo actualmente la secretar\u00eda de la Red, con el apoyo del\u00a0Di\u00e1logo Interamericano. Se conform\u00f3 el consejo consultivo asesor de la REMDI, integrado por distinguidas expertas en medici\u00f3n del desarrollo infantil de toda la regi\u00f3n.<\/p>\n<p style=\"text-align: justify\">Como primera actividad de la Red se est\u00e1 llevando a cabo una\u00a0encuesta\u00a0para registrar necesidades y expectativas respecto a la misma, que espera contar con la participaci\u00f3n de expertos e instituciones con experiencia en el \u00e1rea para impulsar mejores pr\u00e1cticas. Los resultados iniciales se compartir\u00e1n en 2020 en el marco del primer seminario regional de la Red.<\/p>\n<p style=\"text-align: justify\">En definitiva, REMDI es un esfuerzo conjunto importante, cuyo impacto fortalecer\u00e1 el dise\u00f1o y la implementaci\u00f3n de las pol\u00edticas centradas en potenciar a la infancia de Am\u00e9rica Latina y el Caribe.<\/p>\n<p style=\"text-align: justify\">Fuente: BID.<\/p>\n","protected":false},"excerpt":{"rendered":"<p>REDACCI\u00d3N NOTI AM\u00c9RICA (ECUADOR) por\u00a0Ariel Fiszbein\u00a0|\u00a0Giorgina Garibotto\u00a0|\u00a0Pablo Mazzini Hace poco\u00a0habl\u00e1bamos\u00a0en este blog sobre el impacto que tendr\u00eda sobre el dise\u00f1o e implementaci\u00f3n de pol\u00edticas para la primera infancia que los indicadores de desarrollo infantil&#46;&#46;&#46;<\/p>\n","protected":false},"author":17,"featured_media":6545,"comment_status":"open","ping_status":"open","sticky":false,"template":"","format":"standard","meta":{"_acf_changed":false,"om_disable_all_campaigns":false,"rop_custom_images_group":[],"rop_custom_messages_group":[],"rop_publish_now":"initial","rop_publish_now_accounts":{"twitter_242054905_242054905":""},"rop_publish_now_history":[],"rop_publish_now_status":"pending","_uf_show_specific_survey":0,"_uf_disable_surveys":false,"footnotes":""},"categories":[103],"tags":[],"class_list":["post-6544","post","type-post","status-publish","format-standard","has-post-thumbnail","hentry","category-educacion"],"acf":[],"aioseo_notices":[],"yoast_head":"<!-- This site is optimized with the Yoast SEO Premium plugin v24.9 (Yoast SEO v27.2) - https:\/\/yoast.com\/product\/yoast-seo-premium-wordpress\/ -->\n<title>\u00bfSab\u00edas que Am\u00e9rica Latina tiene una red regional para medir el desarrollo infantil? - Ecuador | Noti-America.com<\/title>\n<meta name=\"robots\" content=\"index, follow, max-snippet:-1, max-image-preview:large, max-video-preview:-1\" \/>\n<link rel=\"canonical\" href=\"https:\/\/noti-america.com\/site\/ecuador\/2019\/11\/22\/sabias-que-america-latina-tiene-una-red-regional-para-medir-el-desarrollo-infantil\/\" \/>\n<meta property=\"og:locale\" content=\"es_ES\" \/>\n<meta property=\"og:type\" content=\"article\" \/>\n<meta property=\"og:title\" content=\"\u00bfSab\u00edas que Am\u00e9rica Latina tiene una red regional para medir el desarrollo infantil?\" \/>\n<meta property=\"og:description\" content=\"REDACCI\u00d3N NOTI AM\u00c9RICA (ECUADOR) por\u00a0Ariel Fiszbein\u00a0|\u00a0Giorgina Garibotto\u00a0|\u00a0Pablo Mazzini Hace poco\u00a0habl\u00e1bamos\u00a0en este blog sobre el impacto que tendr\u00eda sobre el dise\u00f1o e implementaci\u00f3n de pol\u00edticas para la primera infancia que los indicadores de desarrollo infantil&#046;&#046;&#046;\" \/>\n<meta property=\"og:url\" content=\"https:\/\/noti-america.com\/site\/ecuador\/2019\/11\/22\/sabias-que-america-latina-tiene-una-red-regional-para-medir-el-desarrollo-infantil\/\" \/>\n<meta property=\"og:site_name\" content=\"Ecuador | Noti-America.com\" \/>\n<meta property=\"article:published_time\" content=\"2019-11-22T03:14:34+00:00\" \/>\n<meta property=\"og:image\" content=\"https:\/\/noti-america.com\/site\/ecuador\/wp-content\/uploads\/sites\/18\/2019\/11\/Imagenes-Post_PP-POSTEO.png\" \/>\n\t<meta property=\"og:image:width\" content=\"1201\" \/>\n\t<meta property=\"og:image:height\" content=\"526\" \/>\n\t<meta property=\"og:image:type\" content=\"image\/png\" \/>\n<meta name=\"author\" content=\"Gregory Quintana Montiel\" \/>\n<meta name=\"twitter:card\" content=\"summary_large_image\" \/>\n<meta name=\"twitter:creator\" content=\"@gdgregori1\" \/>\n<meta name=\"twitter:site\" content=\"@notiamerica\" \/>\n<meta name=\"twitter:label1\" content=\"Escrito por\" \/>\n\t<meta name=\"twitter:data1\" content=\"Gregory Quintana Montiel\" \/>\n\t<meta name=\"twitter:label2\" content=\"Tiempo estimado de lectura\" \/>\n\t<meta name=\"twitter:data2\" content=\"4 minutos\" \/>\n<script type=\"application\/ld+json\" class=\"yoast-schema-graph\">{\"@context\":\"https:\/\/schema.org\",\"@graph\":[{\"@type\":\"Article\",\"@id\":\"https:\/\/noti-america.com\/site\/ecuador\/2019\/11\/22\/sabias-que-america-latina-tiene-una-red-regional-para-medir-el-desarrollo-infantil\/#article\",\"isPartOf\":{\"@id\":\"https:\/\/noti-america.com\/site\/ecuador\/2019\/11\/22\/sabias-que-america-latina-tiene-una-red-regional-para-medir-el-desarrollo-infantil\/\"},\"author\":{\"name\":\"Gregory Quintana Montiel\",\"@id\":\"https:\/\/noti-america.com\/site\/ecuador\/#\/schema\/person\/3b975e42f15abfe64bfe3abdd916efda\"},\"headline\":\"\u00bfSab\u00edas que Am\u00e9rica Latina tiene una red regional para medir el desarrollo infantil?\",\"datePublished\":\"2019-11-22T03:14:34+00:00\",\"mainEntityOfPage\":{\"@id\":\"https:\/\/noti-america.com\/site\/ecuador\/2019\/11\/22\/sabias-que-america-latina-tiene-una-red-regional-para-medir-el-desarrollo-infantil\/\"},\"wordCount\":804,\"commentCount\":0,\"publisher\":{\"@id\":\"https:\/\/noti-america.com\/site\/ecuador\/#organization\"},\"image\":{\"@id\":\"https:\/\/noti-america.com\/site\/ecuador\/2019\/11\/22\/sabias-que-america-latina-tiene-una-red-regional-para-medir-el-desarrollo-infantil\/#primaryimage\"},\"thumbnailUrl\":\"https:\/\/noti-america.com\/site\/ecuador\/wp-content\/uploads\/sites\/18\/2019\/11\/Imagenes-Post_PP-POSTEO.png\",\"articleSection\":[\"Educaci\u00f3n\"],\"inLanguage\":\"es\",\"potentialAction\":[{\"@type\":\"CommentAction\",\"name\":\"Comment\",\"target\":[\"https:\/\/noti-america.com\/site\/ecuador\/2019\/11\/22\/sabias-que-america-latina-tiene-una-red-regional-para-medir-el-desarrollo-infantil\/#respond\"]}]},{\"@type\":\"WebPage\",\"@id\":\"https:\/\/noti-america.com\/site\/ecuador\/2019\/11\/22\/sabias-que-america-latina-tiene-una-red-regional-para-medir-el-desarrollo-infantil\/\",\"url\":\"https:\/\/noti-america.com\/site\/ecuador\/2019\/11\/22\/sabias-que-america-latina-tiene-una-red-regional-para-medir-el-desarrollo-infantil\/\",\"name\":\"\u00bfSab\u00edas que Am\u00e9rica Latina tiene una red regional para medir el desarrollo infantil? - Ecuador | Noti-America.com\",\"isPartOf\":{\"@id\":\"https:\/\/noti-america.com\/site\/ecuador\/#website\"},\"primaryImageOfPage\":{\"@id\":\"https:\/\/noti-america.com\/site\/ecuador\/2019\/11\/22\/sabias-que-america-latina-tiene-una-red-regional-para-medir-el-desarrollo-infantil\/#primaryimage\"},\"image\":{\"@id\":\"https:\/\/noti-america.com\/site\/ecuador\/2019\/11\/22\/sabias-que-america-latina-tiene-una-red-regional-para-medir-el-desarrollo-infantil\/#primaryimage\"},\"thumbnailUrl\":\"https:\/\/noti-america.com\/site\/ecuador\/wp-content\/uploads\/sites\/18\/2019\/11\/Imagenes-Post_PP-POSTEO.png\",\"datePublished\":\"2019-11-22T03:14:34+00:00\",\"breadcrumb\":{\"@id\":\"https:\/\/noti-america.com\/site\/ecuador\/2019\/11\/22\/sabias-que-america-latina-tiene-una-red-regional-para-medir-el-desarrollo-infantil\/#breadcrumb\"},\"inLanguage\":\"es\",\"potentialAction\":[{\"@type\":\"ReadAction\",\"target\":[\"https:\/\/noti-america.com\/site\/ecuador\/2019\/11\/22\/sabias-que-america-latina-tiene-una-red-regional-para-medir-el-desarrollo-infantil\/\"]}]},{\"@type\":\"ImageObject\",\"inLanguage\":\"es\",\"@id\":\"https:\/\/noti-america.com\/site\/ecuador\/2019\/11\/22\/sabias-que-america-latina-tiene-una-red-regional-para-medir-el-desarrollo-infantil\/#primaryimage\",\"url\":\"https:\/\/noti-america.com\/site\/ecuador\/wp-content\/uploads\/sites\/18\/2019\/11\/Imagenes-Post_PP-POSTEO.png\",\"contentUrl\":\"https:\/\/noti-america.com\/site\/ecuador\/wp-content\/uploads\/sites\/18\/2019\/11\/Imagenes-Post_PP-POSTEO.png\",\"width\":1201,\"height\":526},{\"@type\":\"BreadcrumbList\",\"@id\":\"https:\/\/noti-america.com\/site\/ecuador\/2019\/11\/22\/sabias-que-america-latina-tiene-una-red-regional-para-medir-el-desarrollo-infantil\/#breadcrumb\",\"itemListElement\":[{\"@type\":\"ListItem\",\"position\":1,\"name\":\"Portada\",\"item\":\"https:\/\/noti-america.com\/site\/ecuador\/\"},{\"@type\":\"ListItem\",\"position\":2,\"name\":\"\u00bfSab\u00edas que Am\u00e9rica Latina tiene una red regional para medir el desarrollo infantil?\"}]},{\"@type\":\"WebSite\",\"@id\":\"https:\/\/noti-america.com\/site\/ecuador\/#website\",\"url\":\"https:\/\/noti-america.com\/site\/ecuador\/\",\"name\":\"Ecuador | Noti-America.com\",\"description\":\"\",\"publisher\":{\"@id\":\"https:\/\/noti-america.com\/site\/ecuador\/#organization\"},\"potentialAction\":[{\"@type\":\"SearchAction\",\"target\":{\"@type\":\"EntryPoint\",\"urlTemplate\":\"https:\/\/noti-america.com\/site\/ecuador\/?s={search_term_string}\"},\"query-input\":{\"@type\":\"PropertyValueSpecification\",\"valueRequired\":true,\"valueName\":\"search_term_string\"}}],\"inLanguage\":\"es\"},{\"@type\":\"Organization\",\"@id\":\"https:\/\/noti-america.com\/site\/ecuador\/#organization\",\"name\":\"Noti-America LLC | Ecuador\",\"url\":\"https:\/\/noti-america.com\/site\/ecuador\/\",\"logo\":{\"@type\":\"ImageObject\",\"inLanguage\":\"es\",\"@id\":\"https:\/\/noti-america.com\/site\/ecuador\/#\/schema\/logo\/image\/\",\"url\":\"https:\/\/noti-america.com\/site\/ecuador\/wp-content\/uploads\/sites\/18\/2020\/07\/LogoNA-4x3-1.jpg\",\"contentUrl\":\"https:\/\/noti-america.com\/site\/ecuador\/wp-content\/uploads\/sites\/18\/2020\/07\/LogoNA-4x3-1.jpg\",\"width\":1236,\"height\":1080,\"caption\":\"Noti-America LLC | Ecuador\"},\"image\":{\"@id\":\"https:\/\/noti-america.com\/site\/ecuador\/#\/schema\/logo\/image\/\"},\"sameAs\":[\"https:\/\/x.com\/notiamerica\"]},{\"@type\":\"Person\",\"@id\":\"https:\/\/noti-america.com\/site\/ecuador\/#\/schema\/person\/3b975e42f15abfe64bfe3abdd916efda\",\"name\":\"Gregory Quintana Montiel\",\"image\":{\"@type\":\"ImageObject\",\"inLanguage\":\"es\",\"@id\":\"https:\/\/secure.gravatar.com\/avatar\/2d6b802f7720c2ec7744dcbe608cc2f3417aeb964d58b443c6d612b77531de1d?s=96&d=mm&r=g\",\"url\":\"https:\/\/secure.gravatar.com\/avatar\/2d6b802f7720c2ec7744dcbe608cc2f3417aeb964d58b443c6d612b77531de1d?s=96&d=mm&r=g\",\"contentUrl\":\"https:\/\/secure.gravatar.com\/avatar\/2d6b802f7720c2ec7744dcbe608cc2f3417aeb964d58b443c6d612b77531de1d?s=96&d=mm&r=g\",\"caption\":\"Gregory Quintana Montiel\"},\"description\":\"Licenciatura en Ciencias de la Comunicaci\u00f3n Social, egresado en la Especializaci\u00f3n Derecho Ambiental Desarrollo Sostenible y Sustentable, Miembro de la Comunidad de profesionales y experto para Latinoam\u00e9rica y el Caribe en Gesti\u00f3n por Resultado en el Desarrollo (COPLAC - GpRD) del Banco Interamericano de Desarrollo, experiencia en medios radiales y escritos.\",\"sameAs\":[\"https:\/\/x.com\/gdgregori1\",\"gquintana\"],\"url\":\"https:\/\/noti-america.com\/site\/ecuador\/author\/gquintana\/\"}]}<\/script>\n<!-- \/ Yoast SEO Premium plugin. -->","yoast_head_json":{"title":"\u00bfSab\u00edas que Am\u00e9rica Latina tiene una red regional para medir el desarrollo infantil? - Ecuador | Noti-America.com","robots":{"index":"index","follow":"follow","max-snippet":"max-snippet:-1","max-image-preview":"max-image-preview:large","max-video-preview":"max-video-preview:-1"},"canonical":"https:\/\/noti-america.com\/site\/ecuador\/2019\/11\/22\/sabias-que-america-latina-tiene-una-red-regional-para-medir-el-desarrollo-infantil\/","og_locale":"es_ES","og_type":"article","og_title":"\u00bfSab\u00edas que Am\u00e9rica Latina tiene una red regional para medir el desarrollo infantil?","og_description":"REDACCI\u00d3N NOTI AM\u00c9RICA (ECUADOR) por\u00a0Ariel Fiszbein\u00a0|\u00a0Giorgina Garibotto\u00a0|\u00a0Pablo Mazzini Hace poco\u00a0habl\u00e1bamos\u00a0en este blog sobre el impacto que tendr\u00eda sobre el dise\u00f1o e implementaci\u00f3n de pol\u00edticas para la primera infancia que los indicadores de desarrollo infantil&#46;&#46;&#46;","og_url":"https:\/\/noti-america.com\/site\/ecuador\/2019\/11\/22\/sabias-que-america-latina-tiene-una-red-regional-para-medir-el-desarrollo-infantil\/","og_site_name":"Ecuador | Noti-America.com","article_published_time":"2019-11-22T03:14:34+00:00","og_image":[{"width":1201,"height":526,"url":"https:\/\/noti-america.com\/site\/ecuador\/wp-content\/uploads\/sites\/18\/2019\/11\/Imagenes-Post_PP-POSTEO.png","type":"image\/png"}],"author":"Gregory Quintana Montiel","twitter_card":"summary_large_image","twitter_creator":"@gdgregori1","twitter_site":"@notiamerica","twitter_misc":{"Escrito por":"Gregory Quintana Montiel","Tiempo estimado de lectura":"4 minutos"},"schema":{"@context":"https:\/\/schema.org","@graph":[{"@type":"Article","@id":"https:\/\/noti-america.com\/site\/ecuador\/2019\/11\/22\/sabias-que-america-latina-tiene-una-red-regional-para-medir-el-desarrollo-infantil\/#article","isPartOf":{"@id":"https:\/\/noti-america.com\/site\/ecuador\/2019\/11\/22\/sabias-que-america-latina-tiene-una-red-regional-para-medir-el-desarrollo-infantil\/"},"author":{"name":"Gregory Quintana Montiel","@id":"https:\/\/noti-america.com\/site\/ecuador\/#\/schema\/person\/3b975e42f15abfe64bfe3abdd916efda"},"headline":"\u00bfSab\u00edas que Am\u00e9rica Latina tiene una red regional para medir el desarrollo infantil?","datePublished":"2019-11-22T03:14:34+00:00","mainEntityOfPage":{"@id":"https:\/\/noti-america.com\/site\/ecuador\/2019\/11\/22\/sabias-que-america-latina-tiene-una-red-regional-para-medir-el-desarrollo-infantil\/"},"wordCount":804,"commentCount":0,"publisher":{"@id":"https:\/\/noti-america.com\/site\/ecuador\/#organization"},"image":{"@id":"https:\/\/noti-america.com\/site\/ecuador\/2019\/11\/22\/sabias-que-america-latina-tiene-una-red-regional-para-medir-el-desarrollo-infantil\/#primaryimage"},"thumbnailUrl":"https:\/\/noti-america.com\/site\/ecuador\/wp-content\/uploads\/sites\/18\/2019\/11\/Imagenes-Post_PP-POSTEO.png","articleSection":["Educaci\u00f3n"],"inLanguage":"es","potentialAction":[{"@type":"CommentAction","name":"Comment","target":["https:\/\/noti-america.com\/site\/ecuador\/2019\/11\/22\/sabias-que-america-latina-tiene-una-red-regional-para-medir-el-desarrollo-infantil\/#respond"]}]},{"@type":"WebPage","@id":"https:\/\/noti-america.com\/site\/ecuador\/2019\/11\/22\/sabias-que-america-latina-tiene-una-red-regional-para-medir-el-desarrollo-infantil\/","url":"https:\/\/noti-america.com\/site\/ecuador\/2019\/11\/22\/sabias-que-america-latina-tiene-una-red-regional-para-medir-el-desarrollo-infantil\/","name":"\u00bfSab\u00edas que Am\u00e9rica Latina tiene una red regional para medir el desarrollo infantil? - Ecuador | Noti-America.com","isPartOf":{"@id":"https:\/\/noti-america.com\/site\/ecuador\/#website"},"primaryImageOfPage":{"@id":"https:\/\/noti-america.com\/site\/ecuador\/2019\/11\/22\/sabias-que-america-latina-tiene-una-red-regional-para-medir-el-desarrollo-infantil\/#primaryimage"},"image":{"@id":"https:\/\/noti-america.com\/site\/ecuador\/2019\/11\/22\/sabias-que-america-latina-tiene-una-red-regional-para-medir-el-desarrollo-infantil\/#primaryimage"},"thumbnailUrl":"https:\/\/noti-america.com\/site\/ecuador\/wp-content\/uploads\/sites\/18\/2019\/11\/Imagenes-Post_PP-POSTEO.png","datePublished":"2019-11-22T03:14:34+00:00","breadcrumb":{"@id":"https:\/\/noti-america.com\/site\/ecuador\/2019\/11\/22\/sabias-que-america-latina-tiene-una-red-regional-para-medir-el-desarrollo-infantil\/#breadcrumb"},"inLanguage":"es","potentialAction":[{"@type":"ReadAction","target":["https:\/\/noti-america.com\/site\/ecuador\/2019\/11\/22\/sabias-que-america-latina-tiene-una-red-regional-para-medir-el-desarrollo-infantil\/"]}]},{"@type":"ImageObject","inLanguage":"es","@id":"https:\/\/noti-america.com\/site\/ecuador\/2019\/11\/22\/sabias-que-america-latina-tiene-una-red-regional-para-medir-el-desarrollo-infantil\/#primaryimage","url":"https:\/\/noti-america.com\/site\/ecuador\/wp-content\/uploads\/sites\/18\/2019\/11\/Imagenes-Post_PP-POSTEO.png","contentUrl":"https:\/\/noti-america.com\/site\/ecuador\/wp-content\/uploads\/sites\/18\/2019\/11\/Imagenes-Post_PP-POSTEO.png","width":1201,"height":526},{"@type":"BreadcrumbList","@id":"https:\/\/noti-america.com\/site\/ecuador\/2019\/11\/22\/sabias-que-america-latina-tiene-una-red-regional-para-medir-el-desarrollo-infantil\/#breadcrumb","itemListElement":[{"@type":"ListItem","position":1,"name":"Portada","item":"https:\/\/noti-america.com\/site\/ecuador\/"},{"@type":"ListItem","position":2,"name":"\u00bfSab\u00edas que Am\u00e9rica Latina tiene una red regional para medir el desarrollo infantil?"}]},{"@type":"WebSite","@id":"https:\/\/noti-america.com\/site\/ecuador\/#website","url":"https:\/\/noti-america.com\/site\/ecuador\/","name":"Ecuador | Noti-America.com","description":"","publisher":{"@id":"https:\/\/noti-america.com\/site\/ecuador\/#organization"},"potentialAction":[{"@type":"SearchAction","target":{"@type":"EntryPoint","urlTemplate":"https:\/\/noti-america.com\/site\/ecuador\/?s={search_term_string}"},"query-input":{"@type":"PropertyValueSpecification","valueRequired":true,"valueName":"search_term_string"}}],"inLanguage":"es"},{"@type":"Organization","@id":"https:\/\/noti-america.com\/site\/ecuador\/#organization","name":"Noti-America LLC | Ecuador","url":"https:\/\/noti-america.com\/site\/ecuador\/","logo":{"@type":"ImageObject","inLanguage":"es","@id":"https:\/\/noti-america.com\/site\/ecuador\/#\/schema\/logo\/image\/","url":"https:\/\/noti-america.com\/site\/ecuador\/wp-content\/uploads\/sites\/18\/2020\/07\/LogoNA-4x3-1.jpg","contentUrl":"https:\/\/noti-america.com\/site\/ecuador\/wp-content\/uploads\/sites\/18\/2020\/07\/LogoNA-4x3-1.jpg","width":1236,"height":1080,"caption":"Noti-America LLC | Ecuador"},"image":{"@id":"https:\/\/noti-america.com\/site\/ecuador\/#\/schema\/logo\/image\/"},"sameAs":["https:\/\/x.com\/notiamerica"]},{"@type":"Person","@id":"https:\/\/noti-america.com\/site\/ecuador\/#\/schema\/person\/3b975e42f15abfe64bfe3abdd916efda","name":"Gregory Quintana Montiel","image":{"@type":"ImageObject","inLanguage":"es","@id":"https:\/\/secure.gravatar.com\/avatar\/2d6b802f7720c2ec7744dcbe608cc2f3417aeb964d58b443c6d612b77531de1d?s=96&d=mm&r=g","url":"https:\/\/secure.gravatar.com\/avatar\/2d6b802f7720c2ec7744dcbe608cc2f3417aeb964d58b443c6d612b77531de1d?s=96&d=mm&r=g","contentUrl":"https:\/\/secure.gravatar.com\/avatar\/2d6b802f7720c2ec7744dcbe608cc2f3417aeb964d58b443c6d612b77531de1d?s=96&d=mm&r=g","caption":"Gregory Quintana Montiel"},"description":"Licenciatura en Ciencias de la Comunicaci\u00f3n Social, egresado en la Especializaci\u00f3n Derecho Ambiental Desarrollo Sostenible y Sustentable, Miembro de la Comunidad de profesionales y experto para Latinoam\u00e9rica y el Caribe en Gesti\u00f3n por Resultado en el Desarrollo (COPLAC - GpRD) del Banco Interamericano de Desarrollo, experiencia en medios radiales y escritos.","sameAs":["https:\/\/x.com\/gdgregori1","gquintana"],"url":"https:\/\/noti-america.com\/site\/ecuador\/author\/gquintana\/"}]}},"_links":{"self":[{"href":"https:\/\/noti-america.com\/site\/ecuador\/wp-json\/wp\/v2\/posts\/6544","targetHints":{"allow":["GET"]}}],"collection":[{"href":"https:\/\/noti-america.com\/site\/ecuador\/wp-json\/wp\/v2\/posts"}],"about":[{"href":"https:\/\/noti-america.com\/site\/ecuador\/wp-json\/wp\/v2\/types\/post"}],"author":[{"embeddable":true,"href":"https:\/\/noti-america.com\/site\/ecuador\/wp-json\/wp\/v2\/users\/17"}],"replies":[{"embeddable":true,"href":"https:\/\/noti-america.com\/site\/ecuador\/wp-json\/wp\/v2\/comments?post=6544"}],"version-history":[{"count":1,"href":"https:\/\/noti-america.com\/site\/ecuador\/wp-json\/wp\/v2\/posts\/6544\/revisions"}],"predecessor-version":[{"id":6546,"href":"https:\/\/noti-america.com\/site\/ecuador\/wp-json\/wp\/v2\/posts\/6544\/revisions\/6546"}],"wp:featuredmedia":[{"embeddable":true,"href":"https:\/\/noti-america.com\/site\/ecuador\/wp-json\/wp\/v2\/media\/6545"}],"wp:attachment":[{"href":"https:\/\/noti-america.com\/site\/ecuador\/wp-json\/wp\/v2\/media?parent=6544"}],"wp:term":[{"taxonomy":"category","embeddable":true,"href":"https:\/\/noti-america.com\/site\/ecuador\/wp-json\/wp\/v2\/categories?post=6544"},{"taxonomy":"post_tag","embeddable":true,"href":"https:\/\/noti-america.com\/site\/ecuador\/wp-json\/wp\/v2\/tags?post=6544"}],"curies":[{"name":"wp","href":"https:\/\/api.w.org\/{rel}","templated":true}]}}