{"id":6472,"date":"2019-11-17T19:16:24","date_gmt":"2019-11-17T19:16:24","guid":{"rendered":"http:\/\/noti-america.com\/site\/ecuador\/?p=6472"},"modified":"2019-11-17T19:16:24","modified_gmt":"2019-11-17T19:16:24","slug":"emergencia-climatica-mundial-mas-de-11000-cientificos-la-han-declarado","status":"publish","type":"post","link":"https:\/\/noti-america.com\/site\/ecuador\/2019\/11\/17\/emergencia-climatica-mundial-mas-de-11000-cientificos-la-han-declarado\/","title":{"rendered":"Emergencia clim\u00e1tica mundial: M\u00e1s de 11,000 cient\u00edficos la han declarado"},"content":{"rendered":"<p>REDACCI\u00d3N NOTI AM\u00c9RICA (ECUADOR) por\u00a0Corinna Acosta<\/p>\n<p style=\"text-align: justify\"><strong><em>Un nuevo informe, que ha recabado el apoyo de la comunidad internacional, advierte de que nos hallamos ante una \u00abamenaza catastr\u00f3fica\u00bb y plantea las medidas necesarias para evitarla.<\/em><\/strong><\/p>\n<p style=\"text-align: justify\">Mientras algunos de los m\u00e1s importantes l\u00edderes mundiales siguen negando la existencia del cambio clim\u00e1tico; el progreso de las afectaciones ambientales no se detiene. Estados Unidos anunci\u00f3 recientemente su salida del Acuerdo de Par\u00eds y, aunque ninguna otra naci\u00f3n lo ha hecho oficialmente, apenas una fracci\u00f3n de los pactantes que se mantienen en pie ha emprendido las acciones necesarias para frenar este fen\u00f3meno.<\/p>\n<p style=\"text-align: justify\">En este contexto, j\u00f3venes activistas como Greta Thunberg, han alzado la voz en todo el mundo para solicitar a los l\u00edderes que recapaciten. Su voz, sin embargo, parece llegar a ninguna parte. La palabra de miles de cient\u00edficos parec\u00eda correr la misma suerte. Entonces decidieron unirse.<\/p>\n<p style=\"text-align: justify\">M\u00e1s de 11 mil cient\u00edficos en todo el mundo unieron sus voces para firmar una alerta de emergencia clim\u00e1tica y declarar que nuestro planeta est\u00e1 en crisis. La advertencia se public\u00f3 en Bio Science y ha sido retomada en diversos medios de comunicaci\u00f3n de diferentes idiomas.<\/p>\n<p style=\"text-align: justify\">El diario espa\u00f1ol\u00a0El Mundo\u00a0retom\u00f3 seis elementos importantes de esta alerta para publicarlos. Mismos que con gusto te compartimos a continuaci\u00f3n para ayudarte a reflexionar. \u00bfEst\u00e1 tu empresa actuando en l\u00ednea con todos ellos?<\/p>\n<p style=\"text-align: justify\">\u00abLos cient\u00edficos tienen una obligaci\u00f3n moral de avisar con claridad a la humanidad de cualquier amenaza catastr\u00f3fica\u00bb. As\u00ed arranca un nuevo informe sobre el cambio clim\u00e1tico que ha revisado la literatura cient\u00edfica de los \u00faltimos 40 a\u00f1os y ha buscado el apoyo de m\u00e1s de 11.000 investigadores de todo el mundo para declarar \u00abla emergencia clim\u00e1tica\u00bb.<\/p>\n<p style=\"text-align: justify\">Los autores publicaron la advertencia en la revista BioScience y se basa en un an\u00e1lisis de 40 a\u00f1os de datos sobre el aumento de las emisiones de gases de efecto invernadero, el calentamiento de los oc\u00e9anos y la fusi\u00f3n del hielo \u00e1rtico y ant\u00e1rtico.<\/p>\n<p style=\"text-align: justify\">El estudio, adem\u00e1s de dar la voz de alarma, concreta las seis medidas que, seg\u00fan sus autores, son necesarias para hacer frente a la amenaza del cambio clim\u00e1tico y evitar un \u00abincalculable sufrimiento humano\u00bb.<\/p>\n<p style=\"text-align: justify\">El problema ata\u00f1e, advierten, a diversas \u00e1reas cient\u00edficas, sociales y pol\u00edticas.\u00a0<strong>No s\u00f3lo se trata del aumento de las temperaturas<\/strong>, sino de un amplio rango de \u00abpeligros reales derivados de un calentamiento del planeta\u00bb, plantea el informe, publicado en la revista <em><strong>BioScience<\/strong><\/em>.<\/p>\n<p style=\"text-align: justify\">David Vieites, cient\u00edfico del\u00a0<strong>Museo Nacional de Ciencias Naturales<\/strong>\u00a0(CSIC) y uno de los\u00a0<strong>11.333 investigadores<\/strong>\u00a0que secundan la declaraci\u00f3n, explica que \u00ablos seis puntos que propone el estudio se reducen a uno: es necesario un cambio social masivo\u00bb. Lograr los objetivos requiere, seg\u00fan este experto, \u00abque la sociedad consuma de otra forma, que entienda que los recursos son limitados\u00bb. Un cambio de mentalidad y costumbres que, entiende Vieites, \u00abes muy dif\u00edcil de lograr\u00bb. Aunque, advierte, tambi\u00e9n urgente: \u00abEstamos llegando a un punto sin retorno\u00bb.<\/p>\n<p style=\"text-align: justify\">El valor del nuevo estudio, que ha revisado datos p\u00fablicamente disponibles, no est\u00e1 en la novedad, sino en la perspectiva general que ofrece tanto del problema como de sus posibles soluciones. \u00abEs una alerta sobre lo que ya se sabe, una s\u00edntesis\u00bb, explica Vieites.<\/p>\n<p style=\"text-align: justify\">Pablo Acebes, ec\u00f3logo de la\u00a0<strong>Universidad Aut\u00f3noma de Madrid<\/strong>\u00a0(UAM), quien tambi\u00e9n ha respaldado la declaraci\u00f3n de emergencia clim\u00e1tica, est\u00e1 de acuerdo en que los seis puntos han de considerarse como problemas \u00edntimamente unidos e interdependientes. \u00abUno de los grandes errores es, precisamente, considerar a las distintas \u00e1reas relacionadas con el cambio clim\u00e1tico como compartimentos aislados, cuando, en realidad, est\u00e1n interrelacionadas\u00bb. Al final, todo conduce a una misma y fundamental idea: \u00abEl planeta es finito, los recursos son limitados\u00bb.<\/p>\n<h2 style=\"text-align: justify\">1. Energ\u00eda:<\/h2>\n<p style=\"text-align: justify\">El cambio de modelo energ\u00e9tico es el primero de los seis puntos que propone el informe para hacer frente a la crisis clim\u00e1tica. Dentro del mismo, los investigadores desglosan varias medidas, todas orientadas a un mismo objetivo: reducir y eliminar los recursos f\u00f3siles. \u00abImplementar pr\u00e1cticas de conservaci\u00f3n masivas; reemplazar los combustibles con renovables limpias; abandonar los yacimientos de petr\u00f3leo que quedan bajo la tierra; eliminar subsidios a las compan\u00edas de combustible; e imponer tasas al carbono que sean lo bastante elevadas para restringir el uso de f\u00f3siles\u00bb, son las propuestas para lograr un futuro sin energ\u00edas f\u00f3siles.<\/p>\n<p style=\"text-align: justify\">\u00abHay recursos que s\u00ed son ilimitados, como la energ\u00eda del Sol.\u00a0<strong>El problema es que no los estamos utilizando bastante<\/strong>\u00ab, denuncia Vieites. El cambio de modelo energ\u00e9tico es urgente, recuerdan los expertos, porque incide en varios de los problemas ambientales a los que nos enfrentamos en un escenario de cambio clim\u00e1tico.<\/p>\n<p style=\"text-align: justify\">\u00abLa temperatura global de la superficie, el calor de los oc\u00e9anos, los eventos meteorol\u00f3gicos extremos y sus costes o el nivel del mar est\u00e1n todos aumentando\u00bb, resume William Ripple, autor principal del informe desde la\u00a0<strong>Universidad Estatal de Oreg\u00f3n<\/strong>\u00a0(EEUU) y primer firmante de la declaraci\u00f3n.<\/p>\n<h2 style=\"text-align: justify\">2. Contaminantes de vida corta:<\/h2>\n<p style=\"text-align: justify\">Adem\u00e1s del di\u00f3xido de carbono, el estudio llama la atenci\u00f3n sobre los llamados contaminantes de vida corta, tales como el carbono negro, el ozono troposf\u00e9rico, el metano o los hidrofluorocarbonos, que se usan en todo el mundo y ponen en riesgo tanto la salud humana como la de los ecosistemas.<\/p>\n<p style=\"text-align: justify\">Evitando estas emisiones contaminantes \u00abse podr\u00eda reducir la tendencia de calentamiento a corto plazo en m\u00e1s de un 50% durante las pr\u00f3ximas d\u00e9cadas,\u00a0<strong>al tiempo que se salvar\u00edan millones de vidas<\/strong>\u00a0y se incrementar\u00edan las cosechas debido a una reducci\u00f3n de la contaminaci\u00f3n del aire\u00bb, seg\u00fan el estudio.<\/p>\n<p style=\"text-align: justify\">Vieites no tiene dudas sobre la gravedad del problema: \u00abNos estamos envenenando. No es concebible que haya en China ni\u00f1as de 11 a\u00f1os con c\u00e1ncer de pulm\u00f3n\u00bb, lamenta.<\/p>\n<h2 style=\"text-align: justify\">3. Naturaleza:<\/h2>\n<p style=\"text-align: justify\">El informe propone \u00abrestringir el desbrozamiento masivo de tierras. Restaurar y proteger ecosistemas como los bosques, pastizales y manglares, lo que contribuir\u00eda ampliamente a secuestrar di\u00f3xido de carbono atmosf\u00e9rico\u00bb.<\/p>\n<p style=\"text-align: justify\">Los cient\u00edficos subrayan el papel que pueden desempe\u00f1ar los bosques de todo el mundo en la absorci\u00f3n o secuestro de las emisiones contaminantes. \u00abDebemos reducir r\u00e1pidamente la p\u00e9rdida de h\u00e1bitat y biodiversidad, protegiendo los bosques primarios e intactos, especialmente aquellos con alta cantidad de carbono almacenado y otros bosques con la capacidad de secuestrar r\u00e1pidamente carbono\u00bb.<\/p>\n<p style=\"text-align: justify\">Las recursos naturales permitir\u00edan, seg\u00fan estima el informe, una reducci\u00f3n de emisiones de\u00a0<strong>un tercio de las necesarias para cumplir el Acuerdo de Par\u00eds<\/strong>\u00a0de aqu\u00ed a 2030.<\/p>\n<p style=\"text-align: justify\">En resumen, se trata de asimilar que \u00abno podemos sobreexplotar el planeta\u00bb, indica Vieites.<\/p>\n<h2 style=\"text-align: justify\">4. Alimentaci\u00f3n:<\/h2>\n<p style=\"text-align: justify\">Consumir menos carne y m\u00e1s vegetales ser\u00eda un cambio que \u00abreducir\u00eda significativamente las emisiones de metano y otros gases de efecto invernadero y liberar\u00eda tierras agr\u00edcolas para cultivar comida humana\u00bb, se\u00f1ala el estudio, que destaca tambi\u00e9n la importancia de reducir los desperdicios de comida, cuyo nivel actual se ha disparado. \u00abAl menos un tercio de toda la comida que se produce termina en la basura\u00bb, alerta el informe.<\/p>\n<p style=\"text-align: justify\">Acebes se muestra de acuerdo en la necesidad de cambiar h\u00e1bitos diet\u00e9ticos, pero matiza que es necesario diferenciar entre la ganader\u00eda intensiva o industrial y ganader\u00eda extensiva. \u00abLa ganader\u00eda intensiva, que en la \u00faltima d\u00e9cada est\u00e1 multiplic\u00e1ndose principalmente a trav\u00e9s de granjas aviares o porcinas, produce una inmensa cantidad de residuos (purines), est\u00e1 asociada a enfermedades como las vacas locas, la gripe aviar o porcina, al consumo excesivo de antibi\u00f3ticos y a la producci\u00f3n de grandes cantidades de piensos para consumo animal, en vez de para las personas\u00bb, seg\u00fan este experto. Por el contrario, la\u00a0<strong>ganader\u00eda extensiva<\/strong>, que una buena parte del a\u00f1o se alimenta \u00aba diente\u00bb en pastizales de la Pen\u00ednsula desde hace milenios,\u00a0<strong>contribuye a mantener ecosistemas y paisajes que albergan una gran biodiversidad<\/strong>, adem\u00e1s de tener \u00abun gran valor cultural y paisaj\u00edstico\u00bb.<\/p>\n<p style=\"text-align: justify\">La diferencia es clara: \u00abNo es lo mismo la ganader\u00eda tradicional t\u00edpica de la regi\u00f3n Mediterr\u00e1nea que deforestar el Amazonas para alimentar al ganado\u00bb, resume Acebes. De hecho, prescindir de la ganader\u00eda extensiva tradicional acarrear\u00eda problemas adicionales, dado que esta actividad contribuye a \u00abmantener el monte abierto\u00bb. Es decir, sin ella, habr\u00eda m\u00e1s matorrales, m\u00e1s biomasa vegetal y, por tanto, \u00abla intensidad y recurrencia de los fuegos ser\u00eda mayor\u00bb.<\/p>\n<h2 style=\"text-align: justify\">5. Econom\u00eda:<\/h2>\n<p style=\"text-align: justify\">La transformaci\u00f3n econ\u00f3mica que proponen Ripple y sus colegas se resume en tres puntos, uno de los cuales est\u00e1 m\u00e1s com\u00fanmente aceptado -el cambio de modelo energ\u00e9tico-, si bien no implementado, y otro sin duda m\u00e1s pol\u00e9mico, pues acarrea un cambio profundo de paradigma, referido al modo en que se mide y persigue el crecimiento econ\u00f3mico.<\/p>\n<p style=\"text-align: justify\">Las propuestas son: \u00abTransformar la dependencia de los combustibles de carbono, teniendo en consideraci\u00f3n la dependencia humana de la biosfera. Redirigir los objetivos de crecimiento del producto nacional bruto y b\u00fasqueda de riqueza. Disminuir la extracci\u00f3n de materiales y las explotaci\u00f3n de ecosistemas, con el fin de mantener a largo plazo la sostenibilidad de la biosfera\u00bb.<\/p>\n<p style=\"text-align: justify\">Sobre el primer punto, Vieites se\u00f1ala que el modelo energ\u00e9tico ser\u00eda \u00abf\u00e1cil de revertir\u00bb, por lo que es \u00abuna verg\u00fcenza\u00bb que no se haya hecho ya con mucha mayor intensidad. \u00ab<strong>Tenemos energ\u00edas limpias<\/strong>\u00ab, insiste. El reto es extraer de ellas el m\u00e1ximo provecho, en detrimento de los f\u00f3siles, que no son sino \u00abotra manera de sobreexplotar el planeta\u00bb.<\/p>\n<h2 style=\"text-align: justify\">6. Demograf\u00eda:<\/h2>\n<p style=\"text-align: justify\">El \u00faltimo punto que proponen los cient\u00edficos es el control demogr\u00e1fico, un asunto que no est\u00e1 hoy tan presente en la agenda de la comunidad internacional como lo estuvo hace ya d\u00e9cadas. De hecho, es uno de los puntos en el que admiten que ha habido \u00absignos esperanzadores\u00bb, debido a que las tasas de nacimiento globales han descendido. Sin embargo, recalcan tambi\u00e9n que, en los \u00faltimos 20 a\u00f1os, la disminuci\u00f3n de las tasas de nacimiento se ha ralentizado. Por ello, argumentan, es necesario \u00abestabilizar la poblaci\u00f3n global, que se est\u00e1 incrementando en m\u00e1s de 200.000 personas al d\u00eda\u00bb. Piden, para ello, que se \u00abusen enfoques que aseguren la justicia social y econ\u00f3mica\u00bb.<\/p>\n<p style=\"text-align: justify\">Vieites, por su parte, reconoce que \u00abes duro decirlo\u00bb, pero insiste en que el problema es real y su perspectiva, si no se soluciona, dram\u00e1tica: \u00abSomos demasiados. Llegar\u00e1 un punto en que lucharemos por los recursos. Si no se controla el crecimiento y no hay recursos para todos, la poblaci\u00f3n reventar\u00e1\u00bb.<\/p>\n<p style=\"text-align: justify\">La demograf\u00eda es otro de los puntos en los que, recuerda Acebes, \u00ab<strong>la simplificaci\u00f3n puede conducir a una mala interpretaci\u00f3n<\/strong>\u00ab. Los retos demogr\u00e1ficos de los pa\u00edses desarrollados, incluido Espa\u00f1a, son diferentes a los que deben atajarse en otras naciones emergentes, como Brasil, China o el sudeste asi\u00e1tico, donde el crecimiento demogr\u00e1fico excesivo podr\u00eda causar graves problemas. Por el contrario, Europa se enfrenta a un envejecimiento de la poblaci\u00f3n, acuciante en nuestro pa\u00eds. \u00ab<strong>En Espa\u00f1a tenemos problemas demogr\u00e1ficos serios<\/strong>; si no fuera por la poblaci\u00f3n inmigrante, la situaci\u00f3n ser\u00eda desastrosa\u00bb, advierte Acebes.<\/p>\n<p style=\"text-align: justify\">Fuente: EXPOK<\/p>\n<p style=\"text-align: justify\"><strong><em>Este art\u00edculo fue publicado originalmente en <\/em><\/strong><strong><em>El Pa\u00eds<\/em><\/strong><strong><em>.<\/em><\/strong><\/p>\n","protected":false},"excerpt":{"rendered":"<p>REDACCI\u00d3N NOTI AM\u00c9RICA (ECUADOR) por\u00a0Corinna Acosta Un nuevo informe, que ha recabado el apoyo de la comunidad internacional, advierte de que nos hallamos ante una \u00abamenaza catastr\u00f3fica\u00bb y plantea las medidas necesarias para evitarla.&#46;&#46;&#46;<\/p>\n","protected":false},"author":17,"featured_media":6473,"comment_status":"open","ping_status":"open","sticky":false,"template":"","format":"standard","meta":{"_acf_changed":false,"om_disable_all_campaigns":false,"rop_custom_images_group":[],"rop_custom_messages_group":[],"rop_publish_now":"initial","rop_publish_now_accounts":{"twitter_242054905_242054905":""},"rop_publish_now_history":[],"rop_publish_now_status":"pending","_uf_show_specific_survey":0,"_uf_disable_surveys":false,"footnotes":""},"categories":[79],"tags":[],"class_list":["post-6472","post","type-post","status-publish","format-standard","has-post-thumbnail","hentry","category-ambiental"],"acf":[],"aioseo_notices":[],"yoast_head":"<!-- This site is optimized with the Yoast SEO Premium plugin v24.9 (Yoast SEO v27.2) - https:\/\/yoast.com\/product\/yoast-seo-premium-wordpress\/ -->\n<title>Emergencia clim\u00e1tica mundial: M\u00e1s de 11,000 cient\u00edficos la han declarado - Ecuador | Noti-America.com<\/title>\n<meta name=\"robots\" content=\"index, follow, max-snippet:-1, max-image-preview:large, max-video-preview:-1\" \/>\n<link rel=\"canonical\" href=\"https:\/\/noti-america.com\/site\/ecuador\/2019\/11\/17\/emergencia-climatica-mundial-mas-de-11000-cientificos-la-han-declarado\/\" \/>\n<meta property=\"og:locale\" content=\"es_ES\" \/>\n<meta property=\"og:type\" content=\"article\" \/>\n<meta property=\"og:title\" content=\"Emergencia clim\u00e1tica mundial: M\u00e1s de 11,000 cient\u00edficos la han declarado\" \/>\n<meta property=\"og:description\" content=\"REDACCI\u00d3N NOTI AM\u00c9RICA (ECUADOR) por\u00a0Corinna Acosta Un nuevo informe, que ha recabado el apoyo de la comunidad internacional, advierte de que nos hallamos ante una \u00abamenaza catastr\u00f3fica\u00bb y plantea las medidas necesarias para evitarla.&#046;&#046;&#046;\" \/>\n<meta property=\"og:url\" content=\"https:\/\/noti-america.com\/site\/ecuador\/2019\/11\/17\/emergencia-climatica-mundial-mas-de-11000-cientificos-la-han-declarado\/\" \/>\n<meta property=\"og:site_name\" content=\"Ecuador | Noti-America.com\" \/>\n<meta property=\"article:published_time\" content=\"2019-11-17T19:16:24+00:00\" \/>\n<meta property=\"og:image\" content=\"https:\/\/noti-america.com\/site\/ecuador\/wp-content\/uploads\/sites\/18\/2019\/11\/Emergencia-climatica.jpeg\" \/>\n\t<meta property=\"og:image:width\" content=\"810\" \/>\n\t<meta property=\"og:image:height\" content=\"457\" \/>\n\t<meta property=\"og:image:type\" content=\"image\/jpeg\" \/>\n<meta name=\"author\" content=\"Gregory Quintana Montiel\" \/>\n<meta name=\"twitter:card\" content=\"summary_large_image\" \/>\n<meta name=\"twitter:creator\" content=\"@gdgregori1\" \/>\n<meta name=\"twitter:site\" content=\"@notiamerica\" \/>\n<meta name=\"twitter:label1\" content=\"Escrito por\" \/>\n\t<meta name=\"twitter:data1\" content=\"Gregory Quintana Montiel\" \/>\n\t<meta name=\"twitter:label2\" content=\"Tiempo estimado de lectura\" \/>\n\t<meta name=\"twitter:data2\" content=\"10 minutos\" \/>\n<script type=\"application\/ld+json\" class=\"yoast-schema-graph\">{\"@context\":\"https:\/\/schema.org\",\"@graph\":[{\"@type\":\"Article\",\"@id\":\"https:\/\/noti-america.com\/site\/ecuador\/2019\/11\/17\/emergencia-climatica-mundial-mas-de-11000-cientificos-la-han-declarado\/#article\",\"isPartOf\":{\"@id\":\"https:\/\/noti-america.com\/site\/ecuador\/2019\/11\/17\/emergencia-climatica-mundial-mas-de-11000-cientificos-la-han-declarado\/\"},\"author\":{\"name\":\"Gregory Quintana Montiel\",\"@id\":\"https:\/\/noti-america.com\/site\/ecuador\/#\/schema\/person\/3b975e42f15abfe64bfe3abdd916efda\"},\"headline\":\"Emergencia clim\u00e1tica mundial: M\u00e1s de 11,000 cient\u00edficos la han declarado\",\"datePublished\":\"2019-11-17T19:16:24+00:00\",\"mainEntityOfPage\":{\"@id\":\"https:\/\/noti-america.com\/site\/ecuador\/2019\/11\/17\/emergencia-climatica-mundial-mas-de-11000-cientificos-la-han-declarado\/\"},\"wordCount\":1964,\"commentCount\":0,\"publisher\":{\"@id\":\"https:\/\/noti-america.com\/site\/ecuador\/#organization\"},\"image\":{\"@id\":\"https:\/\/noti-america.com\/site\/ecuador\/2019\/11\/17\/emergencia-climatica-mundial-mas-de-11000-cientificos-la-han-declarado\/#primaryimage\"},\"thumbnailUrl\":\"https:\/\/noti-america.com\/site\/ecuador\/wp-content\/uploads\/sites\/18\/2019\/11\/Emergencia-climatica.jpeg\",\"articleSection\":[\"Ambiental\"],\"inLanguage\":\"es\",\"potentialAction\":[{\"@type\":\"CommentAction\",\"name\":\"Comment\",\"target\":[\"https:\/\/noti-america.com\/site\/ecuador\/2019\/11\/17\/emergencia-climatica-mundial-mas-de-11000-cientificos-la-han-declarado\/#respond\"]}]},{\"@type\":\"WebPage\",\"@id\":\"https:\/\/noti-america.com\/site\/ecuador\/2019\/11\/17\/emergencia-climatica-mundial-mas-de-11000-cientificos-la-han-declarado\/\",\"url\":\"https:\/\/noti-america.com\/site\/ecuador\/2019\/11\/17\/emergencia-climatica-mundial-mas-de-11000-cientificos-la-han-declarado\/\",\"name\":\"Emergencia clim\u00e1tica mundial: M\u00e1s de 11,000 cient\u00edficos la han declarado - Ecuador | Noti-America.com\",\"isPartOf\":{\"@id\":\"https:\/\/noti-america.com\/site\/ecuador\/#website\"},\"primaryImageOfPage\":{\"@id\":\"https:\/\/noti-america.com\/site\/ecuador\/2019\/11\/17\/emergencia-climatica-mundial-mas-de-11000-cientificos-la-han-declarado\/#primaryimage\"},\"image\":{\"@id\":\"https:\/\/noti-america.com\/site\/ecuador\/2019\/11\/17\/emergencia-climatica-mundial-mas-de-11000-cientificos-la-han-declarado\/#primaryimage\"},\"thumbnailUrl\":\"https:\/\/noti-america.com\/site\/ecuador\/wp-content\/uploads\/sites\/18\/2019\/11\/Emergencia-climatica.jpeg\",\"datePublished\":\"2019-11-17T19:16:24+00:00\",\"breadcrumb\":{\"@id\":\"https:\/\/noti-america.com\/site\/ecuador\/2019\/11\/17\/emergencia-climatica-mundial-mas-de-11000-cientificos-la-han-declarado\/#breadcrumb\"},\"inLanguage\":\"es\",\"potentialAction\":[{\"@type\":\"ReadAction\",\"target\":[\"https:\/\/noti-america.com\/site\/ecuador\/2019\/11\/17\/emergencia-climatica-mundial-mas-de-11000-cientificos-la-han-declarado\/\"]}]},{\"@type\":\"ImageObject\",\"inLanguage\":\"es\",\"@id\":\"https:\/\/noti-america.com\/site\/ecuador\/2019\/11\/17\/emergencia-climatica-mundial-mas-de-11000-cientificos-la-han-declarado\/#primaryimage\",\"url\":\"https:\/\/noti-america.com\/site\/ecuador\/wp-content\/uploads\/sites\/18\/2019\/11\/Emergencia-climatica.jpeg\",\"contentUrl\":\"https:\/\/noti-america.com\/site\/ecuador\/wp-content\/uploads\/sites\/18\/2019\/11\/Emergencia-climatica.jpeg\",\"width\":810,\"height\":457},{\"@type\":\"BreadcrumbList\",\"@id\":\"https:\/\/noti-america.com\/site\/ecuador\/2019\/11\/17\/emergencia-climatica-mundial-mas-de-11000-cientificos-la-han-declarado\/#breadcrumb\",\"itemListElement\":[{\"@type\":\"ListItem\",\"position\":1,\"name\":\"Portada\",\"item\":\"https:\/\/noti-america.com\/site\/ecuador\/\"},{\"@type\":\"ListItem\",\"position\":2,\"name\":\"Emergencia clim\u00e1tica mundial: M\u00e1s de 11,000 cient\u00edficos la han declarado\"}]},{\"@type\":\"WebSite\",\"@id\":\"https:\/\/noti-america.com\/site\/ecuador\/#website\",\"url\":\"https:\/\/noti-america.com\/site\/ecuador\/\",\"name\":\"Ecuador | Noti-America.com\",\"description\":\"\",\"publisher\":{\"@id\":\"https:\/\/noti-america.com\/site\/ecuador\/#organization\"},\"potentialAction\":[{\"@type\":\"SearchAction\",\"target\":{\"@type\":\"EntryPoint\",\"urlTemplate\":\"https:\/\/noti-america.com\/site\/ecuador\/?s={search_term_string}\"},\"query-input\":{\"@type\":\"PropertyValueSpecification\",\"valueRequired\":true,\"valueName\":\"search_term_string\"}}],\"inLanguage\":\"es\"},{\"@type\":\"Organization\",\"@id\":\"https:\/\/noti-america.com\/site\/ecuador\/#organization\",\"name\":\"Noti-America LLC | Ecuador\",\"url\":\"https:\/\/noti-america.com\/site\/ecuador\/\",\"logo\":{\"@type\":\"ImageObject\",\"inLanguage\":\"es\",\"@id\":\"https:\/\/noti-america.com\/site\/ecuador\/#\/schema\/logo\/image\/\",\"url\":\"https:\/\/noti-america.com\/site\/ecuador\/wp-content\/uploads\/sites\/18\/2020\/07\/LogoNA-4x3-1.jpg\",\"contentUrl\":\"https:\/\/noti-america.com\/site\/ecuador\/wp-content\/uploads\/sites\/18\/2020\/07\/LogoNA-4x3-1.jpg\",\"width\":1236,\"height\":1080,\"caption\":\"Noti-America LLC | Ecuador\"},\"image\":{\"@id\":\"https:\/\/noti-america.com\/site\/ecuador\/#\/schema\/logo\/image\/\"},\"sameAs\":[\"https:\/\/x.com\/notiamerica\"]},{\"@type\":\"Person\",\"@id\":\"https:\/\/noti-america.com\/site\/ecuador\/#\/schema\/person\/3b975e42f15abfe64bfe3abdd916efda\",\"name\":\"Gregory Quintana Montiel\",\"image\":{\"@type\":\"ImageObject\",\"inLanguage\":\"es\",\"@id\":\"https:\/\/secure.gravatar.com\/avatar\/2d6b802f7720c2ec7744dcbe608cc2f3417aeb964d58b443c6d612b77531de1d?s=96&d=mm&r=g\",\"url\":\"https:\/\/secure.gravatar.com\/avatar\/2d6b802f7720c2ec7744dcbe608cc2f3417aeb964d58b443c6d612b77531de1d?s=96&d=mm&r=g\",\"contentUrl\":\"https:\/\/secure.gravatar.com\/avatar\/2d6b802f7720c2ec7744dcbe608cc2f3417aeb964d58b443c6d612b77531de1d?s=96&d=mm&r=g\",\"caption\":\"Gregory Quintana Montiel\"},\"description\":\"Licenciatura en Ciencias de la Comunicaci\u00f3n Social, egresado en la Especializaci\u00f3n Derecho Ambiental Desarrollo Sostenible y Sustentable, Miembro de la Comunidad de profesionales y experto para Latinoam\u00e9rica y el Caribe en Gesti\u00f3n por Resultado en el Desarrollo (COPLAC - GpRD) del Banco Interamericano de Desarrollo, experiencia en medios radiales y escritos.\",\"sameAs\":[\"https:\/\/x.com\/gdgregori1\",\"gquintana\"],\"url\":\"https:\/\/noti-america.com\/site\/ecuador\/author\/gquintana\/\"}]}<\/script>\n<!-- \/ Yoast SEO Premium plugin. -->","yoast_head_json":{"title":"Emergencia clim\u00e1tica mundial: M\u00e1s de 11,000 cient\u00edficos la han declarado - Ecuador | Noti-America.com","robots":{"index":"index","follow":"follow","max-snippet":"max-snippet:-1","max-image-preview":"max-image-preview:large","max-video-preview":"max-video-preview:-1"},"canonical":"https:\/\/noti-america.com\/site\/ecuador\/2019\/11\/17\/emergencia-climatica-mundial-mas-de-11000-cientificos-la-han-declarado\/","og_locale":"es_ES","og_type":"article","og_title":"Emergencia clim\u00e1tica mundial: M\u00e1s de 11,000 cient\u00edficos la han declarado","og_description":"REDACCI\u00d3N NOTI AM\u00c9RICA (ECUADOR) por\u00a0Corinna Acosta Un nuevo informe, que ha recabado el apoyo de la comunidad internacional, advierte de que nos hallamos ante una \u00abamenaza catastr\u00f3fica\u00bb y plantea las medidas necesarias para evitarla.&#46;&#46;&#46;","og_url":"https:\/\/noti-america.com\/site\/ecuador\/2019\/11\/17\/emergencia-climatica-mundial-mas-de-11000-cientificos-la-han-declarado\/","og_site_name":"Ecuador | Noti-America.com","article_published_time":"2019-11-17T19:16:24+00:00","og_image":[{"width":810,"height":457,"url":"https:\/\/noti-america.com\/site\/ecuador\/wp-content\/uploads\/sites\/18\/2019\/11\/Emergencia-climatica.jpeg","type":"image\/jpeg"}],"author":"Gregory Quintana Montiel","twitter_card":"summary_large_image","twitter_creator":"@gdgregori1","twitter_site":"@notiamerica","twitter_misc":{"Escrito por":"Gregory Quintana Montiel","Tiempo estimado de lectura":"10 minutos"},"schema":{"@context":"https:\/\/schema.org","@graph":[{"@type":"Article","@id":"https:\/\/noti-america.com\/site\/ecuador\/2019\/11\/17\/emergencia-climatica-mundial-mas-de-11000-cientificos-la-han-declarado\/#article","isPartOf":{"@id":"https:\/\/noti-america.com\/site\/ecuador\/2019\/11\/17\/emergencia-climatica-mundial-mas-de-11000-cientificos-la-han-declarado\/"},"author":{"name":"Gregory Quintana Montiel","@id":"https:\/\/noti-america.com\/site\/ecuador\/#\/schema\/person\/3b975e42f15abfe64bfe3abdd916efda"},"headline":"Emergencia clim\u00e1tica mundial: M\u00e1s de 11,000 cient\u00edficos la han declarado","datePublished":"2019-11-17T19:16:24+00:00","mainEntityOfPage":{"@id":"https:\/\/noti-america.com\/site\/ecuador\/2019\/11\/17\/emergencia-climatica-mundial-mas-de-11000-cientificos-la-han-declarado\/"},"wordCount":1964,"commentCount":0,"publisher":{"@id":"https:\/\/noti-america.com\/site\/ecuador\/#organization"},"image":{"@id":"https:\/\/noti-america.com\/site\/ecuador\/2019\/11\/17\/emergencia-climatica-mundial-mas-de-11000-cientificos-la-han-declarado\/#primaryimage"},"thumbnailUrl":"https:\/\/noti-america.com\/site\/ecuador\/wp-content\/uploads\/sites\/18\/2019\/11\/Emergencia-climatica.jpeg","articleSection":["Ambiental"],"inLanguage":"es","potentialAction":[{"@type":"CommentAction","name":"Comment","target":["https:\/\/noti-america.com\/site\/ecuador\/2019\/11\/17\/emergencia-climatica-mundial-mas-de-11000-cientificos-la-han-declarado\/#respond"]}]},{"@type":"WebPage","@id":"https:\/\/noti-america.com\/site\/ecuador\/2019\/11\/17\/emergencia-climatica-mundial-mas-de-11000-cientificos-la-han-declarado\/","url":"https:\/\/noti-america.com\/site\/ecuador\/2019\/11\/17\/emergencia-climatica-mundial-mas-de-11000-cientificos-la-han-declarado\/","name":"Emergencia clim\u00e1tica mundial: M\u00e1s de 11,000 cient\u00edficos la han declarado - Ecuador | Noti-America.com","isPartOf":{"@id":"https:\/\/noti-america.com\/site\/ecuador\/#website"},"primaryImageOfPage":{"@id":"https:\/\/noti-america.com\/site\/ecuador\/2019\/11\/17\/emergencia-climatica-mundial-mas-de-11000-cientificos-la-han-declarado\/#primaryimage"},"image":{"@id":"https:\/\/noti-america.com\/site\/ecuador\/2019\/11\/17\/emergencia-climatica-mundial-mas-de-11000-cientificos-la-han-declarado\/#primaryimage"},"thumbnailUrl":"https:\/\/noti-america.com\/site\/ecuador\/wp-content\/uploads\/sites\/18\/2019\/11\/Emergencia-climatica.jpeg","datePublished":"2019-11-17T19:16:24+00:00","breadcrumb":{"@id":"https:\/\/noti-america.com\/site\/ecuador\/2019\/11\/17\/emergencia-climatica-mundial-mas-de-11000-cientificos-la-han-declarado\/#breadcrumb"},"inLanguage":"es","potentialAction":[{"@type":"ReadAction","target":["https:\/\/noti-america.com\/site\/ecuador\/2019\/11\/17\/emergencia-climatica-mundial-mas-de-11000-cientificos-la-han-declarado\/"]}]},{"@type":"ImageObject","inLanguage":"es","@id":"https:\/\/noti-america.com\/site\/ecuador\/2019\/11\/17\/emergencia-climatica-mundial-mas-de-11000-cientificos-la-han-declarado\/#primaryimage","url":"https:\/\/noti-america.com\/site\/ecuador\/wp-content\/uploads\/sites\/18\/2019\/11\/Emergencia-climatica.jpeg","contentUrl":"https:\/\/noti-america.com\/site\/ecuador\/wp-content\/uploads\/sites\/18\/2019\/11\/Emergencia-climatica.jpeg","width":810,"height":457},{"@type":"BreadcrumbList","@id":"https:\/\/noti-america.com\/site\/ecuador\/2019\/11\/17\/emergencia-climatica-mundial-mas-de-11000-cientificos-la-han-declarado\/#breadcrumb","itemListElement":[{"@type":"ListItem","position":1,"name":"Portada","item":"https:\/\/noti-america.com\/site\/ecuador\/"},{"@type":"ListItem","position":2,"name":"Emergencia clim\u00e1tica mundial: M\u00e1s de 11,000 cient\u00edficos la han declarado"}]},{"@type":"WebSite","@id":"https:\/\/noti-america.com\/site\/ecuador\/#website","url":"https:\/\/noti-america.com\/site\/ecuador\/","name":"Ecuador | Noti-America.com","description":"","publisher":{"@id":"https:\/\/noti-america.com\/site\/ecuador\/#organization"},"potentialAction":[{"@type":"SearchAction","target":{"@type":"EntryPoint","urlTemplate":"https:\/\/noti-america.com\/site\/ecuador\/?s={search_term_string}"},"query-input":{"@type":"PropertyValueSpecification","valueRequired":true,"valueName":"search_term_string"}}],"inLanguage":"es"},{"@type":"Organization","@id":"https:\/\/noti-america.com\/site\/ecuador\/#organization","name":"Noti-America LLC | Ecuador","url":"https:\/\/noti-america.com\/site\/ecuador\/","logo":{"@type":"ImageObject","inLanguage":"es","@id":"https:\/\/noti-america.com\/site\/ecuador\/#\/schema\/logo\/image\/","url":"https:\/\/noti-america.com\/site\/ecuador\/wp-content\/uploads\/sites\/18\/2020\/07\/LogoNA-4x3-1.jpg","contentUrl":"https:\/\/noti-america.com\/site\/ecuador\/wp-content\/uploads\/sites\/18\/2020\/07\/LogoNA-4x3-1.jpg","width":1236,"height":1080,"caption":"Noti-America LLC | Ecuador"},"image":{"@id":"https:\/\/noti-america.com\/site\/ecuador\/#\/schema\/logo\/image\/"},"sameAs":["https:\/\/x.com\/notiamerica"]},{"@type":"Person","@id":"https:\/\/noti-america.com\/site\/ecuador\/#\/schema\/person\/3b975e42f15abfe64bfe3abdd916efda","name":"Gregory Quintana Montiel","image":{"@type":"ImageObject","inLanguage":"es","@id":"https:\/\/secure.gravatar.com\/avatar\/2d6b802f7720c2ec7744dcbe608cc2f3417aeb964d58b443c6d612b77531de1d?s=96&d=mm&r=g","url":"https:\/\/secure.gravatar.com\/avatar\/2d6b802f7720c2ec7744dcbe608cc2f3417aeb964d58b443c6d612b77531de1d?s=96&d=mm&r=g","contentUrl":"https:\/\/secure.gravatar.com\/avatar\/2d6b802f7720c2ec7744dcbe608cc2f3417aeb964d58b443c6d612b77531de1d?s=96&d=mm&r=g","caption":"Gregory Quintana Montiel"},"description":"Licenciatura en Ciencias de la Comunicaci\u00f3n Social, egresado en la Especializaci\u00f3n Derecho Ambiental Desarrollo Sostenible y Sustentable, Miembro de la Comunidad de profesionales y experto para Latinoam\u00e9rica y el Caribe en Gesti\u00f3n por Resultado en el Desarrollo (COPLAC - GpRD) del Banco Interamericano de Desarrollo, experiencia en medios radiales y escritos.","sameAs":["https:\/\/x.com\/gdgregori1","gquintana"],"url":"https:\/\/noti-america.com\/site\/ecuador\/author\/gquintana\/"}]}},"_links":{"self":[{"href":"https:\/\/noti-america.com\/site\/ecuador\/wp-json\/wp\/v2\/posts\/6472","targetHints":{"allow":["GET"]}}],"collection":[{"href":"https:\/\/noti-america.com\/site\/ecuador\/wp-json\/wp\/v2\/posts"}],"about":[{"href":"https:\/\/noti-america.com\/site\/ecuador\/wp-json\/wp\/v2\/types\/post"}],"author":[{"embeddable":true,"href":"https:\/\/noti-america.com\/site\/ecuador\/wp-json\/wp\/v2\/users\/17"}],"replies":[{"embeddable":true,"href":"https:\/\/noti-america.com\/site\/ecuador\/wp-json\/wp\/v2\/comments?post=6472"}],"version-history":[{"count":1,"href":"https:\/\/noti-america.com\/site\/ecuador\/wp-json\/wp\/v2\/posts\/6472\/revisions"}],"predecessor-version":[{"id":6474,"href":"https:\/\/noti-america.com\/site\/ecuador\/wp-json\/wp\/v2\/posts\/6472\/revisions\/6474"}],"wp:featuredmedia":[{"embeddable":true,"href":"https:\/\/noti-america.com\/site\/ecuador\/wp-json\/wp\/v2\/media\/6473"}],"wp:attachment":[{"href":"https:\/\/noti-america.com\/site\/ecuador\/wp-json\/wp\/v2\/media?parent=6472"}],"wp:term":[{"taxonomy":"category","embeddable":true,"href":"https:\/\/noti-america.com\/site\/ecuador\/wp-json\/wp\/v2\/categories?post=6472"},{"taxonomy":"post_tag","embeddable":true,"href":"https:\/\/noti-america.com\/site\/ecuador\/wp-json\/wp\/v2\/tags?post=6472"}],"curies":[{"name":"wp","href":"https:\/\/api.w.org\/{rel}","templated":true}]}}