{"id":6449,"date":"2019-11-14T02:08:22","date_gmt":"2019-11-14T02:08:22","guid":{"rendered":"http:\/\/noti-america.com\/site\/ecuador\/?p=6449"},"modified":"2019-11-14T02:08:22","modified_gmt":"2019-11-14T02:08:22","slug":"cal-resolvio-calificar-a-tramite-la-pro-forma-presupuestaria-para-el-2020-y-juicio-politico-en-contra-de-la-ministra-de-gobierno-maria-paula-romo","status":"publish","type":"post","link":"https:\/\/noti-america.com\/site\/ecuador\/2019\/11\/14\/cal-resolvio-calificar-a-tramite-la-pro-forma-presupuestaria-para-el-2020-y-juicio-politico-en-contra-de-la-ministra-de-gobierno-maria-paula-romo\/","title":{"rendered":"CAL resolvi\u00f3 calificar a tr\u00e1mite la pro forma presupuestaria para el 2020, y juicio pol\u00edtico en contra de la Ministra de Gobierno, Mar\u00eda Paula Romo"},"content":{"rendered":"<p>REDACCI\u00d3N NOTI AM\u00c9RICA (ECUADOR)<\/p>\n<p style=\"text-align: justify\">La ma\u00f1ana de este mi\u00e9rcoles 13 de noviembre, el Consejo de Administraci\u00f3n Legislativa (CAL) resolvi\u00f3 calificar a tr\u00e1mite la pro forma presupuestaria que regir\u00e1 en el periodo 2020. La propuesta enviada por el Ejecutivo el 31 de octubre pasado, fue derivada a la Comisi\u00f3n de Desarrollo Econ\u00f3mico para su an\u00e1lisis.<\/p>\n<p style=\"text-align: justify\">En este sentido, el presidente de la Asamblea Nacional, C\u00e9sar Litardo, inform\u00f3 que mientras la Comisi\u00f3n de R\u00e9gimen Econ\u00f3mico evac\u00fae el debate del proyecto de econ\u00f3mico urgente, ser\u00e1 la Comisi\u00f3n de Desarrollo Econ\u00f3mico la que avance con el tratamiento de esta propuesta en la que el Gobierno ha estructurado un monto de m\u00e1s de 31.469 millones de d\u00f3lares, para el ejercicio fiscal del 2020. El titular del Parlamento enfatiz\u00f3 que la mesa legislativa iniciar\u00e1 a la brevedad la convocatoria para la revisi\u00f3n del presupuesto.<\/p>\n<p style=\"text-align: justify\"><strong>Calificaci\u00f3n de Juicio Pol\u00edtico.<\/strong><\/p>\n<p style=\"text-align: justify\">Otra resoluci\u00f3n del CAL, fue la de admitir a tr\u00e1mite y calificar la solicitud de juicio pol\u00edtico en contra de la Ministra de Gobierno, Mar\u00eda Paula Romo. La Asamble\u00edsta, Cristina Reyes y vocal del CAL, inform\u00f3 que el tr\u00e1mite se calific\u00f3 con la votaci\u00f3n de cuatro miembros del m\u00e1ximo organismo de la legislatura. As\u00ed mismo, dijo que la causal por la que se inicia el proceso es por un presunto incumplimiento de funciones.<\/p>\n<p style=\"text-align: justify\">Las solicitudes de Lourdes Cuesta y Roberto G\u00f3mez, presentadas el 8 de agosto de 2019; y la de la legisladora, Amapola Naranjo, presentada el 24 de septiembre de 2019, contaron con los requisitos para ser calificados por el CAL y de esta forma derivados a la Comisi\u00f3n de Fiscalizaci\u00f3n. Tras avocar conocimiento, la Mesa podr\u00eda unificar la solicitud de enjuiciamiento, en caso de que las acusaciones guarden similitudes.<\/p>\n","protected":false},"excerpt":{"rendered":"<p>REDACCI\u00d3N NOTI AM\u00c9RICA (ECUADOR) La ma\u00f1ana de este mi\u00e9rcoles 13 de noviembre, el Consejo de Administraci\u00f3n Legislativa (CAL) resolvi\u00f3 calificar a tr\u00e1mite la pro forma presupuestaria que regir\u00e1 en el periodo 2020. La propuesta&#46;&#46;&#46;<\/p>\n","protected":false},"author":17,"featured_media":6450,"comment_status":"open","ping_status":"open","sticky":false,"template":"","format":"standard","meta":{"_acf_changed":false,"om_disable_all_campaigns":false,"rop_custom_images_group":[],"rop_custom_messages_group":[],"rop_publish_now":"initial","rop_publish_now_accounts":{"twitter_242054905_242054905":""},"rop_publish_now_history":[],"rop_publish_now_status":"pending","_uf_show_specific_survey":0,"_uf_disable_surveys":false,"footnotes":""},"categories":[34],"tags":[],"class_list":["post-6449","post","type-post","status-publish","format-standard","has-post-thumbnail","hentry","category-politica-opinion"],"acf":[],"aioseo_notices":[],"yoast_head":"<!-- This site is optimized with the Yoast SEO Premium plugin v24.9 (Yoast SEO v27.2) - https:\/\/yoast.com\/product\/yoast-seo-premium-wordpress\/ -->\n<title>CAL resolvi\u00f3 calificar a tr\u00e1mite la pro forma presupuestaria para el 2020, y juicio pol\u00edtico en contra de la Ministra de Gobierno, Mar\u00eda Paula Romo - Ecuador | Noti-America.com<\/title>\n<meta name=\"robots\" content=\"index, follow, max-snippet:-1, max-image-preview:large, max-video-preview:-1\" \/>\n<link rel=\"canonical\" href=\"https:\/\/noti-america.com\/site\/ecuador\/2019\/11\/14\/cal-resolvio-calificar-a-tramite-la-pro-forma-presupuestaria-para-el-2020-y-juicio-politico-en-contra-de-la-ministra-de-gobierno-maria-paula-romo\/\" \/>\n<meta property=\"og:locale\" content=\"es_ES\" \/>\n<meta property=\"og:type\" content=\"article\" \/>\n<meta property=\"og:title\" content=\"CAL resolvi\u00f3 calificar a tr\u00e1mite la pro forma presupuestaria para el 2020, y juicio pol\u00edtico en contra de la Ministra de Gobierno, Mar\u00eda Paula Romo\" \/>\n<meta property=\"og:description\" content=\"REDACCI\u00d3N NOTI AM\u00c9RICA (ECUADOR) La ma\u00f1ana de este mi\u00e9rcoles 13 de noviembre, el Consejo de Administraci\u00f3n Legislativa (CAL) resolvi\u00f3 calificar a tr\u00e1mite la pro forma presupuestaria que regir\u00e1 en el periodo 2020. La propuesta&#046;&#046;&#046;\" \/>\n<meta property=\"og:url\" content=\"https:\/\/noti-america.com\/site\/ecuador\/2019\/11\/14\/cal-resolvio-calificar-a-tramite-la-pro-forma-presupuestaria-para-el-2020-y-juicio-politico-en-contra-de-la-ministra-de-gobierno-maria-paula-romo\/\" \/>\n<meta property=\"og:site_name\" content=\"Ecuador | Noti-America.com\" \/>\n<meta property=\"article:published_time\" content=\"2019-11-14T02:08:22+00:00\" \/>\n<meta property=\"og:image\" content=\"https:\/\/noti-america.com\/site\/ecuador\/wp-content\/uploads\/sites\/18\/2019\/11\/cal_26.jpg\" \/>\n\t<meta property=\"og:image:width\" content=\"420\" \/>\n\t<meta property=\"og:image:height\" content=\"280\" \/>\n\t<meta property=\"og:image:type\" content=\"image\/jpeg\" \/>\n<meta name=\"author\" content=\"Gregory Quintana Montiel\" \/>\n<meta name=\"twitter:card\" content=\"summary_large_image\" \/>\n<meta name=\"twitter:creator\" content=\"@gdgregori1\" \/>\n<meta name=\"twitter:site\" content=\"@notiamerica\" \/>\n<meta name=\"twitter:label1\" content=\"Escrito por\" \/>\n\t<meta name=\"twitter:data1\" content=\"Gregory Quintana Montiel\" \/>\n\t<meta name=\"twitter:label2\" content=\"Tiempo estimado de lectura\" \/>\n\t<meta name=\"twitter:data2\" content=\"2 minutos\" \/>\n<script type=\"application\/ld+json\" class=\"yoast-schema-graph\">{\"@context\":\"https:\/\/schema.org\",\"@graph\":[{\"@type\":\"Article\",\"@id\":\"https:\/\/noti-america.com\/site\/ecuador\/2019\/11\/14\/cal-resolvio-calificar-a-tramite-la-pro-forma-presupuestaria-para-el-2020-y-juicio-politico-en-contra-de-la-ministra-de-gobierno-maria-paula-romo\/#article\",\"isPartOf\":{\"@id\":\"https:\/\/noti-america.com\/site\/ecuador\/2019\/11\/14\/cal-resolvio-calificar-a-tramite-la-pro-forma-presupuestaria-para-el-2020-y-juicio-politico-en-contra-de-la-ministra-de-gobierno-maria-paula-romo\/\"},\"author\":{\"name\":\"Gregory Quintana Montiel\",\"@id\":\"https:\/\/noti-america.com\/site\/ecuador\/#\/schema\/person\/3b975e42f15abfe64bfe3abdd916efda\"},\"headline\":\"CAL resolvi\u00f3 calificar a tr\u00e1mite la pro forma presupuestaria para el 2020, y juicio pol\u00edtico en contra de la Ministra de Gobierno, Mar\u00eda Paula Romo\",\"datePublished\":\"2019-11-14T02:08:22+00:00\",\"mainEntityOfPage\":{\"@id\":\"https:\/\/noti-america.com\/site\/ecuador\/2019\/11\/14\/cal-resolvio-calificar-a-tramite-la-pro-forma-presupuestaria-para-el-2020-y-juicio-politico-en-contra-de-la-ministra-de-gobierno-maria-paula-romo\/\"},\"wordCount\":335,\"commentCount\":0,\"publisher\":{\"@id\":\"https:\/\/noti-america.com\/site\/ecuador\/#organization\"},\"image\":{\"@id\":\"https:\/\/noti-america.com\/site\/ecuador\/2019\/11\/14\/cal-resolvio-calificar-a-tramite-la-pro-forma-presupuestaria-para-el-2020-y-juicio-politico-en-contra-de-la-ministra-de-gobierno-maria-paula-romo\/#primaryimage\"},\"thumbnailUrl\":\"https:\/\/noti-america.com\/site\/ecuador\/wp-content\/uploads\/sites\/18\/2019\/11\/cal_26.jpg\",\"articleSection\":[\"Pol\u00edtica\"],\"inLanguage\":\"es\",\"potentialAction\":[{\"@type\":\"CommentAction\",\"name\":\"Comment\",\"target\":[\"https:\/\/noti-america.com\/site\/ecuador\/2019\/11\/14\/cal-resolvio-calificar-a-tramite-la-pro-forma-presupuestaria-para-el-2020-y-juicio-politico-en-contra-de-la-ministra-de-gobierno-maria-paula-romo\/#respond\"]}]},{\"@type\":\"WebPage\",\"@id\":\"https:\/\/noti-america.com\/site\/ecuador\/2019\/11\/14\/cal-resolvio-calificar-a-tramite-la-pro-forma-presupuestaria-para-el-2020-y-juicio-politico-en-contra-de-la-ministra-de-gobierno-maria-paula-romo\/\",\"url\":\"https:\/\/noti-america.com\/site\/ecuador\/2019\/11\/14\/cal-resolvio-calificar-a-tramite-la-pro-forma-presupuestaria-para-el-2020-y-juicio-politico-en-contra-de-la-ministra-de-gobierno-maria-paula-romo\/\",\"name\":\"CAL resolvi\u00f3 calificar a tr\u00e1mite la pro forma presupuestaria para el 2020, y juicio pol\u00edtico en contra de la Ministra de Gobierno, Mar\u00eda Paula Romo - Ecuador | Noti-America.com\",\"isPartOf\":{\"@id\":\"https:\/\/noti-america.com\/site\/ecuador\/#website\"},\"primaryImageOfPage\":{\"@id\":\"https:\/\/noti-america.com\/site\/ecuador\/2019\/11\/14\/cal-resolvio-calificar-a-tramite-la-pro-forma-presupuestaria-para-el-2020-y-juicio-politico-en-contra-de-la-ministra-de-gobierno-maria-paula-romo\/#primaryimage\"},\"image\":{\"@id\":\"https:\/\/noti-america.com\/site\/ecuador\/2019\/11\/14\/cal-resolvio-calificar-a-tramite-la-pro-forma-presupuestaria-para-el-2020-y-juicio-politico-en-contra-de-la-ministra-de-gobierno-maria-paula-romo\/#primaryimage\"},\"thumbnailUrl\":\"https:\/\/noti-america.com\/site\/ecuador\/wp-content\/uploads\/sites\/18\/2019\/11\/cal_26.jpg\",\"datePublished\":\"2019-11-14T02:08:22+00:00\",\"breadcrumb\":{\"@id\":\"https:\/\/noti-america.com\/site\/ecuador\/2019\/11\/14\/cal-resolvio-calificar-a-tramite-la-pro-forma-presupuestaria-para-el-2020-y-juicio-politico-en-contra-de-la-ministra-de-gobierno-maria-paula-romo\/#breadcrumb\"},\"inLanguage\":\"es\",\"potentialAction\":[{\"@type\":\"ReadAction\",\"target\":[\"https:\/\/noti-america.com\/site\/ecuador\/2019\/11\/14\/cal-resolvio-calificar-a-tramite-la-pro-forma-presupuestaria-para-el-2020-y-juicio-politico-en-contra-de-la-ministra-de-gobierno-maria-paula-romo\/\"]}]},{\"@type\":\"ImageObject\",\"inLanguage\":\"es\",\"@id\":\"https:\/\/noti-america.com\/site\/ecuador\/2019\/11\/14\/cal-resolvio-calificar-a-tramite-la-pro-forma-presupuestaria-para-el-2020-y-juicio-politico-en-contra-de-la-ministra-de-gobierno-maria-paula-romo\/#primaryimage\",\"url\":\"https:\/\/noti-america.com\/site\/ecuador\/wp-content\/uploads\/sites\/18\/2019\/11\/cal_26.jpg\",\"contentUrl\":\"https:\/\/noti-america.com\/site\/ecuador\/wp-content\/uploads\/sites\/18\/2019\/11\/cal_26.jpg\",\"width\":420,\"height\":280},{\"@type\":\"BreadcrumbList\",\"@id\":\"https:\/\/noti-america.com\/site\/ecuador\/2019\/11\/14\/cal-resolvio-calificar-a-tramite-la-pro-forma-presupuestaria-para-el-2020-y-juicio-politico-en-contra-de-la-ministra-de-gobierno-maria-paula-romo\/#breadcrumb\",\"itemListElement\":[{\"@type\":\"ListItem\",\"position\":1,\"name\":\"Portada\",\"item\":\"https:\/\/noti-america.com\/site\/ecuador\/\"},{\"@type\":\"ListItem\",\"position\":2,\"name\":\"CAL resolvi\u00f3 calificar a tr\u00e1mite la pro forma presupuestaria para el 2020, y juicio pol\u00edtico en contra de la Ministra de Gobierno, Mar\u00eda Paula Romo\"}]},{\"@type\":\"WebSite\",\"@id\":\"https:\/\/noti-america.com\/site\/ecuador\/#website\",\"url\":\"https:\/\/noti-america.com\/site\/ecuador\/\",\"name\":\"Ecuador | Noti-America.com\",\"description\":\"\",\"publisher\":{\"@id\":\"https:\/\/noti-america.com\/site\/ecuador\/#organization\"},\"potentialAction\":[{\"@type\":\"SearchAction\",\"target\":{\"@type\":\"EntryPoint\",\"urlTemplate\":\"https:\/\/noti-america.com\/site\/ecuador\/?s={search_term_string}\"},\"query-input\":{\"@type\":\"PropertyValueSpecification\",\"valueRequired\":true,\"valueName\":\"search_term_string\"}}],\"inLanguage\":\"es\"},{\"@type\":\"Organization\",\"@id\":\"https:\/\/noti-america.com\/site\/ecuador\/#organization\",\"name\":\"Noti-America LLC | Ecuador\",\"url\":\"https:\/\/noti-america.com\/site\/ecuador\/\",\"logo\":{\"@type\":\"ImageObject\",\"inLanguage\":\"es\",\"@id\":\"https:\/\/noti-america.com\/site\/ecuador\/#\/schema\/logo\/image\/\",\"url\":\"https:\/\/noti-america.com\/site\/ecuador\/wp-content\/uploads\/sites\/18\/2020\/07\/LogoNA-4x3-1.jpg\",\"contentUrl\":\"https:\/\/noti-america.com\/site\/ecuador\/wp-content\/uploads\/sites\/18\/2020\/07\/LogoNA-4x3-1.jpg\",\"width\":1236,\"height\":1080,\"caption\":\"Noti-America LLC | Ecuador\"},\"image\":{\"@id\":\"https:\/\/noti-america.com\/site\/ecuador\/#\/schema\/logo\/image\/\"},\"sameAs\":[\"https:\/\/x.com\/notiamerica\"]},{\"@type\":\"Person\",\"@id\":\"https:\/\/noti-america.com\/site\/ecuador\/#\/schema\/person\/3b975e42f15abfe64bfe3abdd916efda\",\"name\":\"Gregory Quintana Montiel\",\"image\":{\"@type\":\"ImageObject\",\"inLanguage\":\"es\",\"@id\":\"https:\/\/secure.gravatar.com\/avatar\/2d6b802f7720c2ec7744dcbe608cc2f3417aeb964d58b443c6d612b77531de1d?s=96&d=mm&r=g\",\"url\":\"https:\/\/secure.gravatar.com\/avatar\/2d6b802f7720c2ec7744dcbe608cc2f3417aeb964d58b443c6d612b77531de1d?s=96&d=mm&r=g\",\"contentUrl\":\"https:\/\/secure.gravatar.com\/avatar\/2d6b802f7720c2ec7744dcbe608cc2f3417aeb964d58b443c6d612b77531de1d?s=96&d=mm&r=g\",\"caption\":\"Gregory Quintana Montiel\"},\"description\":\"Licenciatura en Ciencias de la Comunicaci\u00f3n Social, egresado en la Especializaci\u00f3n Derecho Ambiental Desarrollo Sostenible y Sustentable, Miembro de la Comunidad de profesionales y experto para Latinoam\u00e9rica y el Caribe en Gesti\u00f3n por Resultado en el Desarrollo (COPLAC - GpRD) del Banco Interamericano de Desarrollo, experiencia en medios radiales y escritos.\",\"sameAs\":[\"https:\/\/x.com\/gdgregori1\",\"gquintana\"],\"url\":\"https:\/\/noti-america.com\/site\/ecuador\/author\/gquintana\/\"}]}<\/script>\n<!-- \/ Yoast SEO Premium plugin. -->","yoast_head_json":{"title":"CAL resolvi\u00f3 calificar a tr\u00e1mite la pro forma presupuestaria para el 2020, y juicio pol\u00edtico en contra de la Ministra de Gobierno, Mar\u00eda Paula Romo - Ecuador | Noti-America.com","robots":{"index":"index","follow":"follow","max-snippet":"max-snippet:-1","max-image-preview":"max-image-preview:large","max-video-preview":"max-video-preview:-1"},"canonical":"https:\/\/noti-america.com\/site\/ecuador\/2019\/11\/14\/cal-resolvio-calificar-a-tramite-la-pro-forma-presupuestaria-para-el-2020-y-juicio-politico-en-contra-de-la-ministra-de-gobierno-maria-paula-romo\/","og_locale":"es_ES","og_type":"article","og_title":"CAL resolvi\u00f3 calificar a tr\u00e1mite la pro forma presupuestaria para el 2020, y juicio pol\u00edtico en contra de la Ministra de Gobierno, Mar\u00eda Paula Romo","og_description":"REDACCI\u00d3N NOTI AM\u00c9RICA (ECUADOR) La ma\u00f1ana de este mi\u00e9rcoles 13 de noviembre, el Consejo de Administraci\u00f3n Legislativa (CAL) resolvi\u00f3 calificar a tr\u00e1mite la pro forma presupuestaria que regir\u00e1 en el periodo 2020. La propuesta&#46;&#46;&#46;","og_url":"https:\/\/noti-america.com\/site\/ecuador\/2019\/11\/14\/cal-resolvio-calificar-a-tramite-la-pro-forma-presupuestaria-para-el-2020-y-juicio-politico-en-contra-de-la-ministra-de-gobierno-maria-paula-romo\/","og_site_name":"Ecuador | Noti-America.com","article_published_time":"2019-11-14T02:08:22+00:00","og_image":[{"width":420,"height":280,"url":"https:\/\/noti-america.com\/site\/ecuador\/wp-content\/uploads\/sites\/18\/2019\/11\/cal_26.jpg","type":"image\/jpeg"}],"author":"Gregory Quintana Montiel","twitter_card":"summary_large_image","twitter_creator":"@gdgregori1","twitter_site":"@notiamerica","twitter_misc":{"Escrito por":"Gregory Quintana Montiel","Tiempo estimado de lectura":"2 minutos"},"schema":{"@context":"https:\/\/schema.org","@graph":[{"@type":"Article","@id":"https:\/\/noti-america.com\/site\/ecuador\/2019\/11\/14\/cal-resolvio-calificar-a-tramite-la-pro-forma-presupuestaria-para-el-2020-y-juicio-politico-en-contra-de-la-ministra-de-gobierno-maria-paula-romo\/#article","isPartOf":{"@id":"https:\/\/noti-america.com\/site\/ecuador\/2019\/11\/14\/cal-resolvio-calificar-a-tramite-la-pro-forma-presupuestaria-para-el-2020-y-juicio-politico-en-contra-de-la-ministra-de-gobierno-maria-paula-romo\/"},"author":{"name":"Gregory Quintana Montiel","@id":"https:\/\/noti-america.com\/site\/ecuador\/#\/schema\/person\/3b975e42f15abfe64bfe3abdd916efda"},"headline":"CAL resolvi\u00f3 calificar a tr\u00e1mite la pro forma presupuestaria para el 2020, y juicio pol\u00edtico en contra de la Ministra de Gobierno, Mar\u00eda Paula Romo","datePublished":"2019-11-14T02:08:22+00:00","mainEntityOfPage":{"@id":"https:\/\/noti-america.com\/site\/ecuador\/2019\/11\/14\/cal-resolvio-calificar-a-tramite-la-pro-forma-presupuestaria-para-el-2020-y-juicio-politico-en-contra-de-la-ministra-de-gobierno-maria-paula-romo\/"},"wordCount":335,"commentCount":0,"publisher":{"@id":"https:\/\/noti-america.com\/site\/ecuador\/#organization"},"image":{"@id":"https:\/\/noti-america.com\/site\/ecuador\/2019\/11\/14\/cal-resolvio-calificar-a-tramite-la-pro-forma-presupuestaria-para-el-2020-y-juicio-politico-en-contra-de-la-ministra-de-gobierno-maria-paula-romo\/#primaryimage"},"thumbnailUrl":"https:\/\/noti-america.com\/site\/ecuador\/wp-content\/uploads\/sites\/18\/2019\/11\/cal_26.jpg","articleSection":["Pol\u00edtica"],"inLanguage":"es","potentialAction":[{"@type":"CommentAction","name":"Comment","target":["https:\/\/noti-america.com\/site\/ecuador\/2019\/11\/14\/cal-resolvio-calificar-a-tramite-la-pro-forma-presupuestaria-para-el-2020-y-juicio-politico-en-contra-de-la-ministra-de-gobierno-maria-paula-romo\/#respond"]}]},{"@type":"WebPage","@id":"https:\/\/noti-america.com\/site\/ecuador\/2019\/11\/14\/cal-resolvio-calificar-a-tramite-la-pro-forma-presupuestaria-para-el-2020-y-juicio-politico-en-contra-de-la-ministra-de-gobierno-maria-paula-romo\/","url":"https:\/\/noti-america.com\/site\/ecuador\/2019\/11\/14\/cal-resolvio-calificar-a-tramite-la-pro-forma-presupuestaria-para-el-2020-y-juicio-politico-en-contra-de-la-ministra-de-gobierno-maria-paula-romo\/","name":"CAL resolvi\u00f3 calificar a tr\u00e1mite la pro forma presupuestaria para el 2020, y juicio pol\u00edtico en contra de la Ministra de Gobierno, Mar\u00eda Paula Romo - Ecuador | Noti-America.com","isPartOf":{"@id":"https:\/\/noti-america.com\/site\/ecuador\/#website"},"primaryImageOfPage":{"@id":"https:\/\/noti-america.com\/site\/ecuador\/2019\/11\/14\/cal-resolvio-calificar-a-tramite-la-pro-forma-presupuestaria-para-el-2020-y-juicio-politico-en-contra-de-la-ministra-de-gobierno-maria-paula-romo\/#primaryimage"},"image":{"@id":"https:\/\/noti-america.com\/site\/ecuador\/2019\/11\/14\/cal-resolvio-calificar-a-tramite-la-pro-forma-presupuestaria-para-el-2020-y-juicio-politico-en-contra-de-la-ministra-de-gobierno-maria-paula-romo\/#primaryimage"},"thumbnailUrl":"https:\/\/noti-america.com\/site\/ecuador\/wp-content\/uploads\/sites\/18\/2019\/11\/cal_26.jpg","datePublished":"2019-11-14T02:08:22+00:00","breadcrumb":{"@id":"https:\/\/noti-america.com\/site\/ecuador\/2019\/11\/14\/cal-resolvio-calificar-a-tramite-la-pro-forma-presupuestaria-para-el-2020-y-juicio-politico-en-contra-de-la-ministra-de-gobierno-maria-paula-romo\/#breadcrumb"},"inLanguage":"es","potentialAction":[{"@type":"ReadAction","target":["https:\/\/noti-america.com\/site\/ecuador\/2019\/11\/14\/cal-resolvio-calificar-a-tramite-la-pro-forma-presupuestaria-para-el-2020-y-juicio-politico-en-contra-de-la-ministra-de-gobierno-maria-paula-romo\/"]}]},{"@type":"ImageObject","inLanguage":"es","@id":"https:\/\/noti-america.com\/site\/ecuador\/2019\/11\/14\/cal-resolvio-calificar-a-tramite-la-pro-forma-presupuestaria-para-el-2020-y-juicio-politico-en-contra-de-la-ministra-de-gobierno-maria-paula-romo\/#primaryimage","url":"https:\/\/noti-america.com\/site\/ecuador\/wp-content\/uploads\/sites\/18\/2019\/11\/cal_26.jpg","contentUrl":"https:\/\/noti-america.com\/site\/ecuador\/wp-content\/uploads\/sites\/18\/2019\/11\/cal_26.jpg","width":420,"height":280},{"@type":"BreadcrumbList","@id":"https:\/\/noti-america.com\/site\/ecuador\/2019\/11\/14\/cal-resolvio-calificar-a-tramite-la-pro-forma-presupuestaria-para-el-2020-y-juicio-politico-en-contra-de-la-ministra-de-gobierno-maria-paula-romo\/#breadcrumb","itemListElement":[{"@type":"ListItem","position":1,"name":"Portada","item":"https:\/\/noti-america.com\/site\/ecuador\/"},{"@type":"ListItem","position":2,"name":"CAL resolvi\u00f3 calificar a tr\u00e1mite la pro forma presupuestaria para el 2020, y juicio pol\u00edtico en contra de la Ministra de Gobierno, Mar\u00eda Paula Romo"}]},{"@type":"WebSite","@id":"https:\/\/noti-america.com\/site\/ecuador\/#website","url":"https:\/\/noti-america.com\/site\/ecuador\/","name":"Ecuador | Noti-America.com","description":"","publisher":{"@id":"https:\/\/noti-america.com\/site\/ecuador\/#organization"},"potentialAction":[{"@type":"SearchAction","target":{"@type":"EntryPoint","urlTemplate":"https:\/\/noti-america.com\/site\/ecuador\/?s={search_term_string}"},"query-input":{"@type":"PropertyValueSpecification","valueRequired":true,"valueName":"search_term_string"}}],"inLanguage":"es"},{"@type":"Organization","@id":"https:\/\/noti-america.com\/site\/ecuador\/#organization","name":"Noti-America LLC | Ecuador","url":"https:\/\/noti-america.com\/site\/ecuador\/","logo":{"@type":"ImageObject","inLanguage":"es","@id":"https:\/\/noti-america.com\/site\/ecuador\/#\/schema\/logo\/image\/","url":"https:\/\/noti-america.com\/site\/ecuador\/wp-content\/uploads\/sites\/18\/2020\/07\/LogoNA-4x3-1.jpg","contentUrl":"https:\/\/noti-america.com\/site\/ecuador\/wp-content\/uploads\/sites\/18\/2020\/07\/LogoNA-4x3-1.jpg","width":1236,"height":1080,"caption":"Noti-America LLC | Ecuador"},"image":{"@id":"https:\/\/noti-america.com\/site\/ecuador\/#\/schema\/logo\/image\/"},"sameAs":["https:\/\/x.com\/notiamerica"]},{"@type":"Person","@id":"https:\/\/noti-america.com\/site\/ecuador\/#\/schema\/person\/3b975e42f15abfe64bfe3abdd916efda","name":"Gregory Quintana Montiel","image":{"@type":"ImageObject","inLanguage":"es","@id":"https:\/\/secure.gravatar.com\/avatar\/2d6b802f7720c2ec7744dcbe608cc2f3417aeb964d58b443c6d612b77531de1d?s=96&d=mm&r=g","url":"https:\/\/secure.gravatar.com\/avatar\/2d6b802f7720c2ec7744dcbe608cc2f3417aeb964d58b443c6d612b77531de1d?s=96&d=mm&r=g","contentUrl":"https:\/\/secure.gravatar.com\/avatar\/2d6b802f7720c2ec7744dcbe608cc2f3417aeb964d58b443c6d612b77531de1d?s=96&d=mm&r=g","caption":"Gregory Quintana Montiel"},"description":"Licenciatura en Ciencias de la Comunicaci\u00f3n Social, egresado en la Especializaci\u00f3n Derecho Ambiental Desarrollo Sostenible y Sustentable, Miembro de la Comunidad de profesionales y experto para Latinoam\u00e9rica y el Caribe en Gesti\u00f3n por Resultado en el Desarrollo (COPLAC - GpRD) del Banco Interamericano de Desarrollo, experiencia en medios radiales y escritos.","sameAs":["https:\/\/x.com\/gdgregori1","gquintana"],"url":"https:\/\/noti-america.com\/site\/ecuador\/author\/gquintana\/"}]}},"_links":{"self":[{"href":"https:\/\/noti-america.com\/site\/ecuador\/wp-json\/wp\/v2\/posts\/6449","targetHints":{"allow":["GET"]}}],"collection":[{"href":"https:\/\/noti-america.com\/site\/ecuador\/wp-json\/wp\/v2\/posts"}],"about":[{"href":"https:\/\/noti-america.com\/site\/ecuador\/wp-json\/wp\/v2\/types\/post"}],"author":[{"embeddable":true,"href":"https:\/\/noti-america.com\/site\/ecuador\/wp-json\/wp\/v2\/users\/17"}],"replies":[{"embeddable":true,"href":"https:\/\/noti-america.com\/site\/ecuador\/wp-json\/wp\/v2\/comments?post=6449"}],"version-history":[{"count":1,"href":"https:\/\/noti-america.com\/site\/ecuador\/wp-json\/wp\/v2\/posts\/6449\/revisions"}],"predecessor-version":[{"id":6451,"href":"https:\/\/noti-america.com\/site\/ecuador\/wp-json\/wp\/v2\/posts\/6449\/revisions\/6451"}],"wp:featuredmedia":[{"embeddable":true,"href":"https:\/\/noti-america.com\/site\/ecuador\/wp-json\/wp\/v2\/media\/6450"}],"wp:attachment":[{"href":"https:\/\/noti-america.com\/site\/ecuador\/wp-json\/wp\/v2\/media?parent=6449"}],"wp:term":[{"taxonomy":"category","embeddable":true,"href":"https:\/\/noti-america.com\/site\/ecuador\/wp-json\/wp\/v2\/categories?post=6449"},{"taxonomy":"post_tag","embeddable":true,"href":"https:\/\/noti-america.com\/site\/ecuador\/wp-json\/wp\/v2\/tags?post=6449"}],"curies":[{"name":"wp","href":"https:\/\/api.w.org\/{rel}","templated":true}]}}