{"id":6365,"date":"2019-11-04T01:25:01","date_gmt":"2019-11-04T01:25:01","guid":{"rendered":"http:\/\/noti-america.com\/site\/ecuador\/?p=6365"},"modified":"2019-11-04T01:25:01","modified_gmt":"2019-11-04T01:25:01","slug":"asi-es-como-una-economia-circular-podria-cambiar-el-mundo-para-2030","status":"publish","type":"post","link":"https:\/\/noti-america.com\/site\/ecuador\/2019\/11\/04\/asi-es-como-una-economia-circular-podria-cambiar-el-mundo-para-2030\/","title":{"rendered":"As\u00ed es como una econom\u00eda circular podr\u00eda cambiar el mundo para 2030"},"content":{"rendered":"<p>REDACCI\u00d3N NOTI AM\u00c9RICA (ECUADOR)<\/p>\n<div class=\"st__content-block st__content-block--text\">\n<p style=\"text-align: justify\"><span>Para entonces, estamos viviendo en una econom\u00eda circular global que se ha vuelto &#8216;intencionalmente transparente&#8217;.\u00a0Esta mentalidad abierta ha lanzado un aumento de la confianza en todas las cadenas de suministro del mundo que fomenta una mayor visibilidad y un mayor control sobre el abastecimiento responsable.\u00a0Ahora tenemos cadenas de suministro circulares \u00e9ticas y sostenibles en las que las recompensas se comparten equitativamente, desde las comunidades locales hasta el consumidor primario y m\u00e1s all\u00e1.<\/span><\/p>\n<\/div>\n<div class=\"st__content-block st__content-block--text\" style=\"text-align: justify\">\n<p><span>Las tecnolog\u00edas de la Cuarta Revoluci\u00f3n Industrial, como blockchain, inteligencia artificial (IA), internet de las cosas (IoT) y nanotecnolog\u00eda, han ayudado a facilitar el seguimiento de metales y minerales cr\u00edticos desde la mina hasta el consumidor.\u00a0Esta transparencia ha anunciado una \u00abnueva normalidad\u00bb en la que las materias primas que utilizamos para la fabricaci\u00f3n y la construcci\u00f3n se pueden rastrear desde el momento en que se extraen hasta el primer uso, refabricaci\u00f3n y eventual deconstrucci\u00f3n y reutilizaci\u00f3n.<\/span><\/p>\n<\/div>\n<div class=\"st__content-block st__content-block--text\" style=\"text-align: justify\">\n<p><span>En 2030, nadie habla de la\u00a0econom\u00eda\u00a0<\/span><i><span>circular<\/span><\/i><span>\u00a0;\u00a0Es solo\u00a0<\/span><i><span>la<\/span><\/i><span>\u00a0econom\u00eda.\u00a0Ya se han logrado las dificultades para aumentar la prosperidad social, al tiempo que se reduce la dependencia de los materiales primarios y la energ\u00eda.\u00a0Nos estremecemos en los d\u00edas sombr\u00edos de la d\u00e9cada de 2010, cuando se extrajeron miles de millones de toneladas de materiales cada a\u00f1o para satisfacer las necesidades funcionales de la sociedad, pero solo una fracci\u00f3n se recicl\u00f3 nuevamente en nuestras econom\u00edas.<\/span><\/p>\n<\/div>\n<figure class=\"st__content-block st__content-block--image st__content-block--image-default\" style=\"text-align: justify\"><a href=\"https:\/\/www.ellenmacarthurfoundation.org\/news\/intelligent-assets\"><img decoding=\"async\" class=\"static-image\" src=\"https:\/\/assets.weforum.org\/editor\/J4of4h3Odh8JZMEPyZSp0qYGvlvKbfb1v928gUISXt0.png\" alt=\"En 2030, la tecnolog\u00eda 4IR ha transformado la forma en que pensamos sobre las materias primas.\" \/><\/a><figcaption>\n<div class=\"image__caption\"><span>La tecnolog\u00eda 4IR ha transformado la forma en que pensamos sobre las materias primas.<\/span><\/div>\n<div class=\"image__credit\"><span>Imagen: Fundaci\u00f3n Ellen MacArthur, Foro Econ\u00f3mico Mundial<\/span><\/div>\n<\/figcaption><\/figure>\n<div class=\"st__content-block st__content-block--text\" style=\"text-align: justify\">\n<p><b><span>Cambio de era<\/span><\/b><\/p>\n<\/div>\n<div class=\"st__content-block st__content-block--text\" style=\"text-align: justify\">\n<p><span>La gente en 2030 celebrar\u00e1 las iniciativas que se lanzaron para impulsar la acci\u00f3n hacia las emisiones de carbono netas cero de la industria pesada y el sector de transporte pesado.\u00a0Las mejoras en las cadenas de suministro de bater\u00edas sostenibles permitieron que las industrias de transporte y energ\u00eda\u00a0<\/span><span>redujeran las emisiones en un 30%,<\/span><span>\u00a0volviendo a encaminar las econom\u00edas para cumplir con los objetivos del Acuerdo de Par\u00eds.<\/span><\/p>\n<\/div>\n<div class=\"st__content-block st__content-block--text\" style=\"text-align: justify\">\n<p><span>Mirando hacia atr\u00e1s, pocas categor\u00edas se beneficiaron m\u00e1s de la visi\u00f3n de nuestros pol\u00edticos y empresarios que la industria de las bater\u00edas.\u00a0La revoluci\u00f3n impulsada por c\u00e9lulas\u00a0<\/span><span>cre\u00f3 10 millones de empleos, agreg\u00f3 $ 150 mil millones a la econom\u00eda global y proporcion\u00f3 electricidad a 600 millones de personas<\/span><span>\u00a0.\u00a0Esta fue de hecho la d\u00e9cada de la bater\u00eda.<\/span><\/p>\n<\/div>\n<div class=\"st__content-block st__content-block--text\" style=\"text-align: justify\">\n<p><span>La r\u00e1pida ca\u00edda de los costos tecnol\u00f3gicos cre\u00f3 grandes oportunidades para reducir el desperdicio.\u00a0El internet de las cosas comenz\u00f3 a rastrear productos y materiales valiosos mucho m\u00e1s baratos que en el pasado, aumentando radicalmente las oportunidades para recuperarlos.<\/span><\/p>\n<\/div>\n<div class=\"st__content-block st__content-block--text\" style=\"text-align: justify\">\n<p><span>Comenzamos a reintegrar la econom\u00eda al sistema de nuestro planeta preservando y mejorando el capital natural como nunca antes.\u00a0Nos enfocamos en capturar m\u00e1s valor de la infraestructura existente y &#8216;dise\u00f1ar&#8217; los impactos de la contaminaci\u00f3n, el cambio clim\u00e1tico, las toxinas y la congesti\u00f3n.\u00a0Tenemos nuestro acto juntos.<\/span><\/p>\n<\/div>\n<div class=\"st__content-block st__content-block--text\" style=\"text-align: justify\">\n<p><span>Las grandes cadenas de valor finalmente comenzaron a adoptar un &#8216;enfoque de sistemas&#8217; sobre la forma en que gestionaban los materiales y los desechos, reconociendo que la producci\u00f3n de una empresa es la aportaci\u00f3n de otra.\u00a0Y adivina qu\u00e9, hay dinero que ganar con eso.<\/span><\/p>\n<\/div>\n<div class=\"st__content-block st__content-block--text\" style=\"text-align: justify\">\n<p><b><span>Los gobiernos y las ciudades provocan la revoluci\u00f3n.<\/span><\/b><\/p>\n<\/div>\n<div class=\"st__content-block st__content-block--text\" style=\"text-align: justify\">\n<p><span>\u00bfCu\u00e1l fue la \u00fanica cosa que marc\u00f3 la diferencia m\u00e1s que cualquier otra cosa?\u00a0Algunos se\u00f1alar\u00e1n el movimiento juvenil que gener\u00f3 conciencia y realiz\u00f3 campa\u00f1as para la acci\u00f3n.\u00a0Otros abogar\u00e1n por los nuevos avances en tecnolog\u00eda que eran impensables en 2020. En mi visi\u00f3n, estos jugaron un papel.\u00a0Pero nunca habr\u00edamos llegado aqu\u00ed si los legisladores del mundo se hubieran quedado al margen.<\/span><\/p>\n<\/div>\n<div class=\"st__content-block st__content-block--text\" style=\"text-align: justify\">\n<p><span>Desde Shanghai hasta Nueva York, desde Mumbai hasta Brisbane, las autoridades entraron en la arena, en lugar de esperar a que el desarrollo siguiera su curso.\u00a0Se involucraron, y con raz\u00f3n.\u00a0Despu\u00e9s de todo, fueron el sector p\u00fablico y los responsables pol\u00edticos quienes pudieron influir fuertemente en las industrias a trav\u00e9s de inversiones en infraestructura, transporte p\u00fablico, leyes de zonificaci\u00f3n, est\u00e1ndares de construcci\u00f3n y subsidios agr\u00edcolas.\u00a0Pudieron dirigir los resultados a nivel de sistema.\u00a0La planificaci\u00f3n urbana, los sistemas de movilidad y los sistemas alimentarios lograron integrar nuevas tecnolog\u00edas de manera efectiva, evitando el riesgo de desperdicio estructural masivo.<\/span><\/p>\n<\/div>\n<div class=\"st__content-block st__content-block--text\" style=\"text-align: justify\">\n<p><span>Al sector privado no se le permiti\u00f3 abandonar al sector p\u00fablico.\u00a0Se establecieron las reglas correctas para garantizar que se preservaran los trabajos y se crearan nuevos.\u00a0Los gobiernos reconocieron a tiempo que el mantenimiento y la restauraci\u00f3n de los productos pueden requerir m\u00e1s aportes humanos, por lo que cambiaron los incentivos fiscales hacia las energ\u00edas renovables para alentar el uso de mano de obra.<\/span><\/p>\n<\/div>\n<div class=\"st__content-block st__content-block--text\" style=\"text-align: justify\">\n<p><b><span>Golpeando el rebote<\/span><\/b><\/p>\n<\/div>\n<div class=\"st__content-block st__content-block--text\" style=\"text-align: justify\">\n<p><span>Es importante destacar que los gobiernos reconocieron la amenaza de los \u00abefectos de rebote\u00bb de la econom\u00eda circular.\u00a0La tecnolog\u00eda baja los precios, lo cual es una buena noticia.\u00a0Pero a medida que los precios relativos disminuyen, los consumidores tienden a utilizar un transporte m\u00e1s individualizado, espacio en el piso y alimentos.\u00a0En otras palabras, cuanto menos cuestan las cosas, m\u00e1s queremos usar, comer y desperdiciar.\u00a0Los formuladores de pol\u00edticas actuaron r\u00e1pidamente para evitar el potencial rebote ambiental causado por el aumento de la prosperidad.<\/span><\/p>\n<\/div>\n<div class=\"st__content-block st__content-block--text\" style=\"text-align: justify\">\n<p><span>Los estados nacionales integraron estas nuevas tecnolog\u00edas y modelos de negocio en su econom\u00eda de manera que maximizaran el valor extra\u00eddo de los activos y las existencias de materiales.\u00a0En lugar de convertirse en pueblos fantasmas, las ciudades se convirtieron en h\u00e1bitats verdes y autosuficientes para sus ciudadanos.\u00a0Los nuevos modelos de negocio abordaron gran parte del desperdicio estructural en movilidad, alimentos y edificios, y crearon nuevas opciones de consumo.\u00a0Al aumentar la utilizaci\u00f3n y la longevidad, las comunidades aprovecharon una ventaja econ\u00f3mica significativa que evit\u00f3 con \u00e9xito los efectos negativos del sistema.<\/span><\/p>\n<\/div>\n<div class=\"st__content-block st__content-block--text\" style=\"text-align: justify\">\n<p><span>Los reguladores dejaron de tratar los desechos simplemente como un peligro para la seguridad ambiental, sino como una fuente de materiales y productos valiosos.\u00a0Las barreras administrativas y legales para el redise\u00f1o, la recuperaci\u00f3n, la reutilizaci\u00f3n y el comercio se aliviaron.\u00a0Los incentivos para los gestores de residuos fomentaron una separaci\u00f3n adecuada y crearon nuevos mercados.\u00a0Los ayuntamientos tomaron la iniciativa de integrar los costos ocultos como el carbono y la congesti\u00f3n en el valor de toda la vida de la infraestructura y los servicios.\u00a0Ahora, los componentes se reciclan o remanufacturan porque es mucho m\u00e1s f\u00e1cil y econ\u00f3mico (y menos vergonzoso) que tirarlo a la basura.<\/span><\/p>\n<\/div>\n<div class=\"st__content-block st__content-block--text\" style=\"text-align: justify\">\n<p><span>Estoy deseando que llegue el 2030. En mi visi\u00f3n, compartiremos una econom\u00eda que es restaurativa y regenerativa, que preserva los ecosistemas y aumenta su rendimiento con el tiempo, que crea prosperidad y que impulsa el crecimiento al capturar m\u00e1s valor de la infraestructura existente y productos<\/span><\/p>\n<\/div>\n<div class=\"st__content-block st__content-block--text\">\n<p style=\"text-align: justify\"><span>\u00bfSuena bien?\u00a0Te ver\u00e9 all\u00e1.<\/span><\/p>\n<p>Fuente: <span>Este art\u00edculo es parte de la\u00a0<\/span><span class=\"related-item\"><span>Reuni\u00f3n Anual de los Consejos del Futuro Global<\/span><\/span><\/p>\n<\/div>\n","protected":false},"excerpt":{"rendered":"<p>REDACCI\u00d3N NOTI AM\u00c9RICA (ECUADOR) Para entonces, estamos viviendo en una econom\u00eda circular global que se ha vuelto &#8216;intencionalmente transparente&#8217;.\u00a0Esta mentalidad abierta ha lanzado un aumento de la confianza en todas las cadenas de suministro&#46;&#46;&#46;<\/p>\n","protected":false},"author":17,"featured_media":6366,"comment_status":"open","ping_status":"open","sticky":false,"template":"","format":"standard","meta":{"_acf_changed":false,"om_disable_all_campaigns":false,"rop_custom_images_group":[],"rop_custom_messages_group":[],"rop_publish_now":"initial","rop_publish_now_accounts":{"twitter_242054905_242054905":""},"rop_publish_now_history":[],"rop_publish_now_status":"pending","_uf_show_specific_survey":0,"_uf_disable_surveys":false,"footnotes":""},"categories":[107],"tags":[],"class_list":["post-6365","post","type-post","status-publish","format-standard","has-post-thumbnail","hentry","category-articulo"],"acf":[],"aioseo_notices":[],"yoast_head":"<!-- This site is optimized with the Yoast SEO Premium plugin v24.9 (Yoast SEO v27.2) - https:\/\/yoast.com\/product\/yoast-seo-premium-wordpress\/ -->\n<title>As\u00ed es como una econom\u00eda circular podr\u00eda cambiar el mundo para 2030 - Ecuador | Noti-America.com<\/title>\n<meta name=\"robots\" content=\"index, follow, max-snippet:-1, max-image-preview:large, max-video-preview:-1\" \/>\n<link rel=\"canonical\" href=\"https:\/\/noti-america.com\/site\/ecuador\/2019\/11\/04\/asi-es-como-una-economia-circular-podria-cambiar-el-mundo-para-2030\/\" \/>\n<meta property=\"og:locale\" content=\"es_ES\" \/>\n<meta property=\"og:type\" content=\"article\" \/>\n<meta property=\"og:title\" content=\"As\u00ed es como una econom\u00eda circular podr\u00eda cambiar el mundo para 2030\" \/>\n<meta property=\"og:description\" content=\"REDACCI\u00d3N NOTI AM\u00c9RICA (ECUADOR) Para entonces, estamos viviendo en una econom\u00eda circular global que se ha vuelto &#8216;intencionalmente transparente&#8217;.\u00a0Esta mentalidad abierta ha lanzado un aumento de la confianza en todas las cadenas de suministro&#046;&#046;&#046;\" \/>\n<meta property=\"og:url\" content=\"https:\/\/noti-america.com\/site\/ecuador\/2019\/11\/04\/asi-es-como-una-economia-circular-podria-cambiar-el-mundo-para-2030\/\" \/>\n<meta property=\"og:site_name\" content=\"Ecuador | Noti-America.com\" \/>\n<meta property=\"article:published_time\" content=\"2019-11-04T01:25:01+00:00\" \/>\n<meta property=\"og:image\" content=\"https:\/\/noti-america.com\/site\/ecuador\/wp-content\/uploads\/sites\/18\/2019\/11\/Imagen-REUTERS-Amir-Cohen.jpg\" \/>\n\t<meta property=\"og:image:width\" content=\"1008\" \/>\n\t<meta property=\"og:image:height\" content=\"435\" \/>\n\t<meta property=\"og:image:type\" content=\"image\/jpeg\" \/>\n<meta name=\"author\" content=\"Gregory Quintana Montiel\" \/>\n<meta name=\"twitter:card\" content=\"summary_large_image\" \/>\n<meta name=\"twitter:creator\" content=\"@gdgregori1\" \/>\n<meta name=\"twitter:site\" content=\"@notiamerica\" \/>\n<meta name=\"twitter:label1\" content=\"Escrito por\" \/>\n\t<meta name=\"twitter:data1\" content=\"Gregory Quintana Montiel\" \/>\n\t<meta name=\"twitter:label2\" content=\"Tiempo estimado de lectura\" \/>\n\t<meta name=\"twitter:data2\" content=\"6 minutos\" \/>\n<script type=\"application\/ld+json\" class=\"yoast-schema-graph\">{\"@context\":\"https:\/\/schema.org\",\"@graph\":[{\"@type\":\"Article\",\"@id\":\"https:\/\/noti-america.com\/site\/ecuador\/2019\/11\/04\/asi-es-como-una-economia-circular-podria-cambiar-el-mundo-para-2030\/#article\",\"isPartOf\":{\"@id\":\"https:\/\/noti-america.com\/site\/ecuador\/2019\/11\/04\/asi-es-como-una-economia-circular-podria-cambiar-el-mundo-para-2030\/\"},\"author\":{\"name\":\"Gregory Quintana Montiel\",\"@id\":\"https:\/\/noti-america.com\/site\/ecuador\/#\/schema\/person\/3b975e42f15abfe64bfe3abdd916efda\"},\"headline\":\"As\u00ed es como una econom\u00eda circular podr\u00eda cambiar el mundo para 2030\",\"datePublished\":\"2019-11-04T01:25:01+00:00\",\"mainEntityOfPage\":{\"@id\":\"https:\/\/noti-america.com\/site\/ecuador\/2019\/11\/04\/asi-es-como-una-economia-circular-podria-cambiar-el-mundo-para-2030\/\"},\"wordCount\":1213,\"commentCount\":0,\"publisher\":{\"@id\":\"https:\/\/noti-america.com\/site\/ecuador\/#organization\"},\"image\":{\"@id\":\"https:\/\/noti-america.com\/site\/ecuador\/2019\/11\/04\/asi-es-como-una-economia-circular-podria-cambiar-el-mundo-para-2030\/#primaryimage\"},\"thumbnailUrl\":\"https:\/\/noti-america.com\/site\/ecuador\/wp-content\/uploads\/sites\/18\/2019\/11\/Imagen-REUTERS-Amir-Cohen.jpg\",\"articleSection\":[\"Articulo\"],\"inLanguage\":\"es\",\"potentialAction\":[{\"@type\":\"CommentAction\",\"name\":\"Comment\",\"target\":[\"https:\/\/noti-america.com\/site\/ecuador\/2019\/11\/04\/asi-es-como-una-economia-circular-podria-cambiar-el-mundo-para-2030\/#respond\"]}]},{\"@type\":\"WebPage\",\"@id\":\"https:\/\/noti-america.com\/site\/ecuador\/2019\/11\/04\/asi-es-como-una-economia-circular-podria-cambiar-el-mundo-para-2030\/\",\"url\":\"https:\/\/noti-america.com\/site\/ecuador\/2019\/11\/04\/asi-es-como-una-economia-circular-podria-cambiar-el-mundo-para-2030\/\",\"name\":\"As\u00ed es como una econom\u00eda circular podr\u00eda cambiar el mundo para 2030 - Ecuador | Noti-America.com\",\"isPartOf\":{\"@id\":\"https:\/\/noti-america.com\/site\/ecuador\/#website\"},\"primaryImageOfPage\":{\"@id\":\"https:\/\/noti-america.com\/site\/ecuador\/2019\/11\/04\/asi-es-como-una-economia-circular-podria-cambiar-el-mundo-para-2030\/#primaryimage\"},\"image\":{\"@id\":\"https:\/\/noti-america.com\/site\/ecuador\/2019\/11\/04\/asi-es-como-una-economia-circular-podria-cambiar-el-mundo-para-2030\/#primaryimage\"},\"thumbnailUrl\":\"https:\/\/noti-america.com\/site\/ecuador\/wp-content\/uploads\/sites\/18\/2019\/11\/Imagen-REUTERS-Amir-Cohen.jpg\",\"datePublished\":\"2019-11-04T01:25:01+00:00\",\"breadcrumb\":{\"@id\":\"https:\/\/noti-america.com\/site\/ecuador\/2019\/11\/04\/asi-es-como-una-economia-circular-podria-cambiar-el-mundo-para-2030\/#breadcrumb\"},\"inLanguage\":\"es\",\"potentialAction\":[{\"@type\":\"ReadAction\",\"target\":[\"https:\/\/noti-america.com\/site\/ecuador\/2019\/11\/04\/asi-es-como-una-economia-circular-podria-cambiar-el-mundo-para-2030\/\"]}]},{\"@type\":\"ImageObject\",\"inLanguage\":\"es\",\"@id\":\"https:\/\/noti-america.com\/site\/ecuador\/2019\/11\/04\/asi-es-como-una-economia-circular-podria-cambiar-el-mundo-para-2030\/#primaryimage\",\"url\":\"https:\/\/noti-america.com\/site\/ecuador\/wp-content\/uploads\/sites\/18\/2019\/11\/Imagen-REUTERS-Amir-Cohen.jpg\",\"contentUrl\":\"https:\/\/noti-america.com\/site\/ecuador\/wp-content\/uploads\/sites\/18\/2019\/11\/Imagen-REUTERS-Amir-Cohen.jpg\",\"width\":1008,\"height\":435},{\"@type\":\"BreadcrumbList\",\"@id\":\"https:\/\/noti-america.com\/site\/ecuador\/2019\/11\/04\/asi-es-como-una-economia-circular-podria-cambiar-el-mundo-para-2030\/#breadcrumb\",\"itemListElement\":[{\"@type\":\"ListItem\",\"position\":1,\"name\":\"Portada\",\"item\":\"https:\/\/noti-america.com\/site\/ecuador\/\"},{\"@type\":\"ListItem\",\"position\":2,\"name\":\"As\u00ed es como una econom\u00eda circular podr\u00eda cambiar el mundo para 2030\"}]},{\"@type\":\"WebSite\",\"@id\":\"https:\/\/noti-america.com\/site\/ecuador\/#website\",\"url\":\"https:\/\/noti-america.com\/site\/ecuador\/\",\"name\":\"Ecuador | Noti-America.com\",\"description\":\"\",\"publisher\":{\"@id\":\"https:\/\/noti-america.com\/site\/ecuador\/#organization\"},\"potentialAction\":[{\"@type\":\"SearchAction\",\"target\":{\"@type\":\"EntryPoint\",\"urlTemplate\":\"https:\/\/noti-america.com\/site\/ecuador\/?s={search_term_string}\"},\"query-input\":{\"@type\":\"PropertyValueSpecification\",\"valueRequired\":true,\"valueName\":\"search_term_string\"}}],\"inLanguage\":\"es\"},{\"@type\":\"Organization\",\"@id\":\"https:\/\/noti-america.com\/site\/ecuador\/#organization\",\"name\":\"Noti-America LLC | Ecuador\",\"url\":\"https:\/\/noti-america.com\/site\/ecuador\/\",\"logo\":{\"@type\":\"ImageObject\",\"inLanguage\":\"es\",\"@id\":\"https:\/\/noti-america.com\/site\/ecuador\/#\/schema\/logo\/image\/\",\"url\":\"https:\/\/noti-america.com\/site\/ecuador\/wp-content\/uploads\/sites\/18\/2020\/07\/LogoNA-4x3-1.jpg\",\"contentUrl\":\"https:\/\/noti-america.com\/site\/ecuador\/wp-content\/uploads\/sites\/18\/2020\/07\/LogoNA-4x3-1.jpg\",\"width\":1236,\"height\":1080,\"caption\":\"Noti-America LLC | Ecuador\"},\"image\":{\"@id\":\"https:\/\/noti-america.com\/site\/ecuador\/#\/schema\/logo\/image\/\"},\"sameAs\":[\"https:\/\/x.com\/notiamerica\"]},{\"@type\":\"Person\",\"@id\":\"https:\/\/noti-america.com\/site\/ecuador\/#\/schema\/person\/3b975e42f15abfe64bfe3abdd916efda\",\"name\":\"Gregory Quintana Montiel\",\"image\":{\"@type\":\"ImageObject\",\"inLanguage\":\"es\",\"@id\":\"https:\/\/secure.gravatar.com\/avatar\/2d6b802f7720c2ec7744dcbe608cc2f3417aeb964d58b443c6d612b77531de1d?s=96&d=mm&r=g\",\"url\":\"https:\/\/secure.gravatar.com\/avatar\/2d6b802f7720c2ec7744dcbe608cc2f3417aeb964d58b443c6d612b77531de1d?s=96&d=mm&r=g\",\"contentUrl\":\"https:\/\/secure.gravatar.com\/avatar\/2d6b802f7720c2ec7744dcbe608cc2f3417aeb964d58b443c6d612b77531de1d?s=96&d=mm&r=g\",\"caption\":\"Gregory Quintana Montiel\"},\"description\":\"Licenciatura en Ciencias de la Comunicaci\u00f3n Social, egresado en la Especializaci\u00f3n Derecho Ambiental Desarrollo Sostenible y Sustentable, Miembro de la Comunidad de profesionales y experto para Latinoam\u00e9rica y el Caribe en Gesti\u00f3n por Resultado en el Desarrollo (COPLAC - GpRD) del Banco Interamericano de Desarrollo, experiencia en medios radiales y escritos.\",\"sameAs\":[\"https:\/\/x.com\/gdgregori1\",\"gquintana\"],\"url\":\"https:\/\/noti-america.com\/site\/ecuador\/author\/gquintana\/\"}]}<\/script>\n<!-- \/ Yoast SEO Premium plugin. -->","yoast_head_json":{"title":"As\u00ed es como una econom\u00eda circular podr\u00eda cambiar el mundo para 2030 - Ecuador | Noti-America.com","robots":{"index":"index","follow":"follow","max-snippet":"max-snippet:-1","max-image-preview":"max-image-preview:large","max-video-preview":"max-video-preview:-1"},"canonical":"https:\/\/noti-america.com\/site\/ecuador\/2019\/11\/04\/asi-es-como-una-economia-circular-podria-cambiar-el-mundo-para-2030\/","og_locale":"es_ES","og_type":"article","og_title":"As\u00ed es como una econom\u00eda circular podr\u00eda cambiar el mundo para 2030","og_description":"REDACCI\u00d3N NOTI AM\u00c9RICA (ECUADOR) Para entonces, estamos viviendo en una econom\u00eda circular global que se ha vuelto &#8216;intencionalmente transparente&#8217;.\u00a0Esta mentalidad abierta ha lanzado un aumento de la confianza en todas las cadenas de suministro&#46;&#46;&#46;","og_url":"https:\/\/noti-america.com\/site\/ecuador\/2019\/11\/04\/asi-es-como-una-economia-circular-podria-cambiar-el-mundo-para-2030\/","og_site_name":"Ecuador | Noti-America.com","article_published_time":"2019-11-04T01:25:01+00:00","og_image":[{"width":1008,"height":435,"url":"https:\/\/noti-america.com\/site\/ecuador\/wp-content\/uploads\/sites\/18\/2019\/11\/Imagen-REUTERS-Amir-Cohen.jpg","type":"image\/jpeg"}],"author":"Gregory Quintana Montiel","twitter_card":"summary_large_image","twitter_creator":"@gdgregori1","twitter_site":"@notiamerica","twitter_misc":{"Escrito por":"Gregory Quintana Montiel","Tiempo estimado de lectura":"6 minutos"},"schema":{"@context":"https:\/\/schema.org","@graph":[{"@type":"Article","@id":"https:\/\/noti-america.com\/site\/ecuador\/2019\/11\/04\/asi-es-como-una-economia-circular-podria-cambiar-el-mundo-para-2030\/#article","isPartOf":{"@id":"https:\/\/noti-america.com\/site\/ecuador\/2019\/11\/04\/asi-es-como-una-economia-circular-podria-cambiar-el-mundo-para-2030\/"},"author":{"name":"Gregory Quintana Montiel","@id":"https:\/\/noti-america.com\/site\/ecuador\/#\/schema\/person\/3b975e42f15abfe64bfe3abdd916efda"},"headline":"As\u00ed es como una econom\u00eda circular podr\u00eda cambiar el mundo para 2030","datePublished":"2019-11-04T01:25:01+00:00","mainEntityOfPage":{"@id":"https:\/\/noti-america.com\/site\/ecuador\/2019\/11\/04\/asi-es-como-una-economia-circular-podria-cambiar-el-mundo-para-2030\/"},"wordCount":1213,"commentCount":0,"publisher":{"@id":"https:\/\/noti-america.com\/site\/ecuador\/#organization"},"image":{"@id":"https:\/\/noti-america.com\/site\/ecuador\/2019\/11\/04\/asi-es-como-una-economia-circular-podria-cambiar-el-mundo-para-2030\/#primaryimage"},"thumbnailUrl":"https:\/\/noti-america.com\/site\/ecuador\/wp-content\/uploads\/sites\/18\/2019\/11\/Imagen-REUTERS-Amir-Cohen.jpg","articleSection":["Articulo"],"inLanguage":"es","potentialAction":[{"@type":"CommentAction","name":"Comment","target":["https:\/\/noti-america.com\/site\/ecuador\/2019\/11\/04\/asi-es-como-una-economia-circular-podria-cambiar-el-mundo-para-2030\/#respond"]}]},{"@type":"WebPage","@id":"https:\/\/noti-america.com\/site\/ecuador\/2019\/11\/04\/asi-es-como-una-economia-circular-podria-cambiar-el-mundo-para-2030\/","url":"https:\/\/noti-america.com\/site\/ecuador\/2019\/11\/04\/asi-es-como-una-economia-circular-podria-cambiar-el-mundo-para-2030\/","name":"As\u00ed es como una econom\u00eda circular podr\u00eda cambiar el mundo para 2030 - Ecuador | Noti-America.com","isPartOf":{"@id":"https:\/\/noti-america.com\/site\/ecuador\/#website"},"primaryImageOfPage":{"@id":"https:\/\/noti-america.com\/site\/ecuador\/2019\/11\/04\/asi-es-como-una-economia-circular-podria-cambiar-el-mundo-para-2030\/#primaryimage"},"image":{"@id":"https:\/\/noti-america.com\/site\/ecuador\/2019\/11\/04\/asi-es-como-una-economia-circular-podria-cambiar-el-mundo-para-2030\/#primaryimage"},"thumbnailUrl":"https:\/\/noti-america.com\/site\/ecuador\/wp-content\/uploads\/sites\/18\/2019\/11\/Imagen-REUTERS-Amir-Cohen.jpg","datePublished":"2019-11-04T01:25:01+00:00","breadcrumb":{"@id":"https:\/\/noti-america.com\/site\/ecuador\/2019\/11\/04\/asi-es-como-una-economia-circular-podria-cambiar-el-mundo-para-2030\/#breadcrumb"},"inLanguage":"es","potentialAction":[{"@type":"ReadAction","target":["https:\/\/noti-america.com\/site\/ecuador\/2019\/11\/04\/asi-es-como-una-economia-circular-podria-cambiar-el-mundo-para-2030\/"]}]},{"@type":"ImageObject","inLanguage":"es","@id":"https:\/\/noti-america.com\/site\/ecuador\/2019\/11\/04\/asi-es-como-una-economia-circular-podria-cambiar-el-mundo-para-2030\/#primaryimage","url":"https:\/\/noti-america.com\/site\/ecuador\/wp-content\/uploads\/sites\/18\/2019\/11\/Imagen-REUTERS-Amir-Cohen.jpg","contentUrl":"https:\/\/noti-america.com\/site\/ecuador\/wp-content\/uploads\/sites\/18\/2019\/11\/Imagen-REUTERS-Amir-Cohen.jpg","width":1008,"height":435},{"@type":"BreadcrumbList","@id":"https:\/\/noti-america.com\/site\/ecuador\/2019\/11\/04\/asi-es-como-una-economia-circular-podria-cambiar-el-mundo-para-2030\/#breadcrumb","itemListElement":[{"@type":"ListItem","position":1,"name":"Portada","item":"https:\/\/noti-america.com\/site\/ecuador\/"},{"@type":"ListItem","position":2,"name":"As\u00ed es como una econom\u00eda circular podr\u00eda cambiar el mundo para 2030"}]},{"@type":"WebSite","@id":"https:\/\/noti-america.com\/site\/ecuador\/#website","url":"https:\/\/noti-america.com\/site\/ecuador\/","name":"Ecuador | Noti-America.com","description":"","publisher":{"@id":"https:\/\/noti-america.com\/site\/ecuador\/#organization"},"potentialAction":[{"@type":"SearchAction","target":{"@type":"EntryPoint","urlTemplate":"https:\/\/noti-america.com\/site\/ecuador\/?s={search_term_string}"},"query-input":{"@type":"PropertyValueSpecification","valueRequired":true,"valueName":"search_term_string"}}],"inLanguage":"es"},{"@type":"Organization","@id":"https:\/\/noti-america.com\/site\/ecuador\/#organization","name":"Noti-America LLC | Ecuador","url":"https:\/\/noti-america.com\/site\/ecuador\/","logo":{"@type":"ImageObject","inLanguage":"es","@id":"https:\/\/noti-america.com\/site\/ecuador\/#\/schema\/logo\/image\/","url":"https:\/\/noti-america.com\/site\/ecuador\/wp-content\/uploads\/sites\/18\/2020\/07\/LogoNA-4x3-1.jpg","contentUrl":"https:\/\/noti-america.com\/site\/ecuador\/wp-content\/uploads\/sites\/18\/2020\/07\/LogoNA-4x3-1.jpg","width":1236,"height":1080,"caption":"Noti-America LLC | Ecuador"},"image":{"@id":"https:\/\/noti-america.com\/site\/ecuador\/#\/schema\/logo\/image\/"},"sameAs":["https:\/\/x.com\/notiamerica"]},{"@type":"Person","@id":"https:\/\/noti-america.com\/site\/ecuador\/#\/schema\/person\/3b975e42f15abfe64bfe3abdd916efda","name":"Gregory Quintana Montiel","image":{"@type":"ImageObject","inLanguage":"es","@id":"https:\/\/secure.gravatar.com\/avatar\/2d6b802f7720c2ec7744dcbe608cc2f3417aeb964d58b443c6d612b77531de1d?s=96&d=mm&r=g","url":"https:\/\/secure.gravatar.com\/avatar\/2d6b802f7720c2ec7744dcbe608cc2f3417aeb964d58b443c6d612b77531de1d?s=96&d=mm&r=g","contentUrl":"https:\/\/secure.gravatar.com\/avatar\/2d6b802f7720c2ec7744dcbe608cc2f3417aeb964d58b443c6d612b77531de1d?s=96&d=mm&r=g","caption":"Gregory Quintana Montiel"},"description":"Licenciatura en Ciencias de la Comunicaci\u00f3n Social, egresado en la Especializaci\u00f3n Derecho Ambiental Desarrollo Sostenible y Sustentable, Miembro de la Comunidad de profesionales y experto para Latinoam\u00e9rica y el Caribe en Gesti\u00f3n por Resultado en el Desarrollo (COPLAC - GpRD) del Banco Interamericano de Desarrollo, experiencia en medios radiales y escritos.","sameAs":["https:\/\/x.com\/gdgregori1","gquintana"],"url":"https:\/\/noti-america.com\/site\/ecuador\/author\/gquintana\/"}]}},"_links":{"self":[{"href":"https:\/\/noti-america.com\/site\/ecuador\/wp-json\/wp\/v2\/posts\/6365","targetHints":{"allow":["GET"]}}],"collection":[{"href":"https:\/\/noti-america.com\/site\/ecuador\/wp-json\/wp\/v2\/posts"}],"about":[{"href":"https:\/\/noti-america.com\/site\/ecuador\/wp-json\/wp\/v2\/types\/post"}],"author":[{"embeddable":true,"href":"https:\/\/noti-america.com\/site\/ecuador\/wp-json\/wp\/v2\/users\/17"}],"replies":[{"embeddable":true,"href":"https:\/\/noti-america.com\/site\/ecuador\/wp-json\/wp\/v2\/comments?post=6365"}],"version-history":[{"count":1,"href":"https:\/\/noti-america.com\/site\/ecuador\/wp-json\/wp\/v2\/posts\/6365\/revisions"}],"predecessor-version":[{"id":6367,"href":"https:\/\/noti-america.com\/site\/ecuador\/wp-json\/wp\/v2\/posts\/6365\/revisions\/6367"}],"wp:featuredmedia":[{"embeddable":true,"href":"https:\/\/noti-america.com\/site\/ecuador\/wp-json\/wp\/v2\/media\/6366"}],"wp:attachment":[{"href":"https:\/\/noti-america.com\/site\/ecuador\/wp-json\/wp\/v2\/media?parent=6365"}],"wp:term":[{"taxonomy":"category","embeddable":true,"href":"https:\/\/noti-america.com\/site\/ecuador\/wp-json\/wp\/v2\/categories?post=6365"},{"taxonomy":"post_tag","embeddable":true,"href":"https:\/\/noti-america.com\/site\/ecuador\/wp-json\/wp\/v2\/tags?post=6365"}],"curies":[{"name":"wp","href":"https:\/\/api.w.org\/{rel}","templated":true}]}}