{"id":6352,"date":"2019-10-31T02:38:21","date_gmt":"2019-10-31T02:38:21","guid":{"rendered":"http:\/\/noti-america.com\/site\/ecuador\/?p=6352"},"modified":"2019-10-31T02:38:21","modified_gmt":"2019-10-31T02:38:21","slug":"servir-y-devolver-como-desarrollar-el-cerebro-de-un-nino-en-cinco-sencillos-pasos","status":"publish","type":"post","link":"https:\/\/noti-america.com\/site\/ecuador\/2019\/10\/31\/servir-y-devolver-como-desarrollar-el-cerebro-de-un-nino-en-cinco-sencillos-pasos\/","title":{"rendered":"Servir y devolver: C\u00f3mo desarrollar el cerebro de un ni\u00f1o en cinco sencillos pasos"},"content":{"rendered":"<p>REDACCI\u00d3N NOTI AM\u00c9RICA (ECUADOR) por\u00a0Kristen Holmstrand.<\/p>\n<p style=\"text-align: justify\">\u00bfAlguna vez le has sonre\u00eddo a un beb\u00e9 que se r\u00ede o has jugado \u201c\u00bfd\u00f3nde est\u00e1? \u00a1ac\u00e1 est\u00e1!\u201d con un ni\u00f1o peque\u00f1o? \u00bfSab\u00edas que al hacerlo estabas ayudando a establecer conexiones en el cerebro en desarrollo de ese ni\u00f1o? En el Centro del Ni\u00f1o en Desarrollo (<em>Center on the Developing Child<\/em>) de Harvard, llamamos a estas interacciones receptivas \u201cservir y devolver\u201d, porque van y vienen como la pelota entre los jugadores de un partido de tenis o voleibol.<span id=\"more-10337\"><\/span><\/p>\n<h3 style=\"text-align: justify\"><strong>Las interacciones importan.<\/strong><\/h3>\n<p style=\"text-align: justify\">Servir y devolver\u00a0ayuda a establecer las conexiones neuronales que configuran una\u00a0arquitectura cerebral\u00a0robusta. Estas conexiones se encuentran en varias \u00e1reas del cerebro y sientan las bases del aprendizaje, el desarrollo social y emocional,\u00a0la funci\u00f3n ejecutiva y el autocontrol\u00a0(o sea, las habilidades que ayudan a los ni\u00f1os y adultos a enfocarse, planificar, priorizar, recordar detalles importantes, apartar distracciones y controlar sus impulsos). Servir y devolver responde a las necesidades de los ni\u00f1os, es l\u00fadico y apoya lo que a ellos les resulta importante; por lo tanto, tambi\u00e9n los protege de los efectos del estr\u00e9s grave, lo cual es crucial para desarrollar la\u00a0resiliencia.<\/p>\n<h3 style=\"text-align: justify\"><strong>\u00bfQui\u00e9n puede participar en servir y devolver?<\/strong><\/h3>\n<p style=\"text-align: justify\">Cualquier adulto que cuida a un ni\u00f1o: padres, abuelos y otros parientes; proveedores de cuidado infantil; maestros y asistentes de aula y trabajadores sociales, entre otros. Los encargados de formular pol\u00edticas pueden garantizar que los padres, los maestros y otros cuidadores tengan el conocimiento, la disposici\u00f3n y las oportunidades de participar en este tipo de interacci\u00f3n de desarrollo cerebral con los ni\u00f1os que est\u00e1n a su cuidado.\u00a0<em>(Ver m\u00e1s consideraciones de pol\u00edtica a continuaci\u00f3n.)<\/em>\u00a0\u00a1Recuerda que no necesitas juguetes ni tecnolog\u00eda, ni tampoco mucho tiempo para hacer esto! Puedes servir y devolver con un ni\u00f1o en cualquier momento del d\u00eda: mientras haces las compras, viajas en autob\u00fas, te preparas por la ma\u00f1ana o en la guarder\u00eda, el consultorio del pediatra u otras ocasiones.<\/p>\n<h3 style=\"text-align: justify\"><strong>Cinco sencillos pasos para servir y devolver que recomiendan nuestros amigos del\u00a0<\/strong><strong>Programa FIND<\/strong><strong>\u00a0(Filmando Interacciones para Nutrir el Desarrollo)<\/strong><\/h3>\n<ol style=\"text-align: justify\">\n<li><strong>F\u00edjate en el servicio y comparte el foco de inter\u00e9s del ni\u00f1o.<\/strong>\u00a0\u00bfEl ni\u00f1o est\u00e1 mirando o se\u00f1alando algo? \u00bfEst\u00e1 haciendo un sonido o un gesto facial? \u00a1Ese es un servicio! La clave es prestar atenci\u00f3n a lo que atrae la atenci\u00f3n del ni\u00f1o.<\/li>\n<li><strong>Devuelve el servicio apoy\u00e1ndolo y anim\u00e1ndolo.<\/strong>\u00a0Haz que los ni\u00f1os se sientan reconfortados y c\u00f3modos con un abrazo o palabras cari\u00f1osas; juega con ellos o simplemente sonr\u00ede y asiente con la cabeza para demostrarles que est\u00e1s notando lo mismo que ellos.<\/li>\n<li><strong>\u00a1N\u00f3mbralo!<\/strong>\u00a0Cuando nombras lo que un ni\u00f1o ve, hace o siente, estableces importantes conexiones ling\u00fc\u00edsticas en su cerebro, incluso antes de que el ni\u00f1o pueda hablar o comprender tus palabras.<\/li>\n<li><strong>Toma turnos y\u2026 espera. Mant\u00e9n la interacci\u00f3n de ida y vuelta.<\/strong>\u00a0Cada vez que devuelvas un servicio, dale al ni\u00f1o la oportunidad de responder. Tomar turnos puede ser algo corto y r\u00e1pido (del ni\u00f1o a ti y de vuelta) o puede continuar por varios turnos.<\/li>\n<li><strong>Practica los comienzos y finales.<\/strong>\u00a0Los ni\u00f1os indican cuando han terminado o cuando est\u00e1n listos para pasar a una nueva actividad. Puede ser que suelten un juguete, recojan otro o que se den vuelta para mirar otra cosa. Encuentra un momento u otro para que ellos tomen la iniciativa.<\/li>\n<\/ol>\n<p style=\"text-align: justify\">Al crear peque\u00f1os momentos durante el d\u00eda para servir y devolver, apoyas el aprendizaje, el comportamiento y la salud del ni\u00f1o durante toda su vida, as\u00ed como sus habilidades para enfrentar los desaf\u00edos de la vida. Esto es especialmente importante cuando los ni\u00f1os sufren el estr\u00e9s continuo de la pobreza, la violencia, la discriminaci\u00f3n u otras adversidades, ya que este tipo de interacci\u00f3n de apoyo y respuesta sienta las bases de la resiliencia.<\/p>\n<p style=\"text-align: justify\">Adem\u00e1s, configurar una arquitectura cerebral fuerte y promover la resiliencia en los ni\u00f1os conduce a comunidades m\u00e1s saludables y productivas para beneficio de todos nosotros. Entonces, \u00bfqu\u00e9 puedes hacer\u00a0<em>t\u00fa<\/em>\u00a0para que m\u00e1s ni\u00f1os est\u00e9n expuestos al servir y devolver en sus vidas?<\/p>\n<p><img loading=\"lazy\" decoding=\"async\" class=\"wp-image-10349 aligncenter\" src=\"https:\/\/blogs.iadb.org\/desarrollo-infantil\/wp-content\/uploads\/sites\/18\/2019\/10\/Imagenes-Post-07.png\" alt=\"\" width=\"600\" height=\"610\" \/><\/p>\n<p style=\"text-align: justify\">Fuente: BID.<\/p>\n","protected":false},"excerpt":{"rendered":"<p>REDACCI\u00d3N NOTI AM\u00c9RICA (ECUADOR) por\u00a0Kristen Holmstrand. \u00bfAlguna vez le has sonre\u00eddo a un beb\u00e9 que se r\u00ede o has jugado \u201c\u00bfd\u00f3nde est\u00e1? \u00a1ac\u00e1 est\u00e1!\u201d con un ni\u00f1o peque\u00f1o? \u00bfSab\u00edas que al hacerlo estabas ayudando&#46;&#46;&#46;<\/p>\n","protected":false},"author":17,"featured_media":6353,"comment_status":"open","ping_status":"open","sticky":false,"template":"","format":"standard","meta":{"_acf_changed":false,"om_disable_all_campaigns":false,"rop_custom_images_group":[],"rop_custom_messages_group":[],"rop_publish_now":"initial","rop_publish_now_accounts":{"twitter_242054905_242054905":""},"rop_publish_now_history":[],"rop_publish_now_status":"pending","_uf_show_specific_survey":0,"_uf_disable_surveys":false,"footnotes":""},"categories":[35],"tags":[],"class_list":["post-6352","post","type-post","status-publish","format-standard","has-post-thumbnail","hentry","category-salud"],"acf":[],"aioseo_notices":[],"yoast_head":"<!-- This site is optimized with the Yoast SEO Premium plugin v24.9 (Yoast SEO v27.2) - https:\/\/yoast.com\/product\/yoast-seo-premium-wordpress\/ -->\n<title>Servir y devolver: C\u00f3mo desarrollar el cerebro de un ni\u00f1o en cinco sencillos pasos - Ecuador | Noti-America.com<\/title>\n<meta name=\"robots\" content=\"index, follow, max-snippet:-1, max-image-preview:large, max-video-preview:-1\" \/>\n<link rel=\"canonical\" href=\"https:\/\/noti-america.com\/site\/ecuador\/2019\/10\/31\/servir-y-devolver-como-desarrollar-el-cerebro-de-un-nino-en-cinco-sencillos-pasos\/\" \/>\n<meta property=\"og:locale\" content=\"es_ES\" \/>\n<meta property=\"og:type\" content=\"article\" \/>\n<meta property=\"og:title\" content=\"Servir y devolver: C\u00f3mo desarrollar el cerebro de un ni\u00f1o en cinco sencillos pasos\" \/>\n<meta property=\"og:description\" content=\"REDACCI\u00d3N NOTI AM\u00c9RICA (ECUADOR) por\u00a0Kristen Holmstrand. \u00bfAlguna vez le has sonre\u00eddo a un beb\u00e9 que se r\u00ede o has jugado \u201c\u00bfd\u00f3nde est\u00e1? \u00a1ac\u00e1 est\u00e1!\u201d con un ni\u00f1o peque\u00f1o? \u00bfSab\u00edas que al hacerlo estabas ayudando&#046;&#046;&#046;\" \/>\n<meta property=\"og:url\" content=\"https:\/\/noti-america.com\/site\/ecuador\/2019\/10\/31\/servir-y-devolver-como-desarrollar-el-cerebro-de-un-nino-en-cinco-sencillos-pasos\/\" \/>\n<meta property=\"og:site_name\" content=\"Ecuador | Noti-America.com\" \/>\n<meta property=\"article:published_time\" content=\"2019-10-31T02:38:21+00:00\" \/>\n<meta property=\"og:image\" content=\"https:\/\/noti-america.com\/site\/ecuador\/wp-content\/uploads\/sites\/18\/2019\/10\/Como-desarrollar-el-cerebro-de-un-ni\u00f1o-en-5-pasos.png\" \/>\n\t<meta property=\"og:image:width\" content=\"1201\" \/>\n\t<meta property=\"og:image:height\" content=\"526\" \/>\n\t<meta property=\"og:image:type\" content=\"image\/png\" \/>\n<meta name=\"author\" content=\"Gregory Quintana Montiel\" \/>\n<meta name=\"twitter:card\" content=\"summary_large_image\" \/>\n<meta name=\"twitter:creator\" content=\"@gdgregori1\" \/>\n<meta name=\"twitter:site\" content=\"@notiamerica\" \/>\n<meta name=\"twitter:label1\" content=\"Escrito por\" \/>\n\t<meta name=\"twitter:data1\" content=\"Gregory Quintana Montiel\" \/>\n\t<meta name=\"twitter:label2\" content=\"Tiempo estimado de lectura\" \/>\n\t<meta name=\"twitter:data2\" content=\"4 minutos\" \/>\n<script type=\"application\/ld+json\" class=\"yoast-schema-graph\">{\"@context\":\"https:\/\/schema.org\",\"@graph\":[{\"@type\":\"Article\",\"@id\":\"https:\/\/noti-america.com\/site\/ecuador\/2019\/10\/31\/servir-y-devolver-como-desarrollar-el-cerebro-de-un-nino-en-cinco-sencillos-pasos\/#article\",\"isPartOf\":{\"@id\":\"https:\/\/noti-america.com\/site\/ecuador\/2019\/10\/31\/servir-y-devolver-como-desarrollar-el-cerebro-de-un-nino-en-cinco-sencillos-pasos\/\"},\"author\":{\"name\":\"Gregory Quintana Montiel\",\"@id\":\"https:\/\/noti-america.com\/site\/ecuador\/#\/schema\/person\/3b975e42f15abfe64bfe3abdd916efda\"},\"headline\":\"Servir y devolver: C\u00f3mo desarrollar el cerebro de un ni\u00f1o en cinco sencillos pasos\",\"datePublished\":\"2019-10-31T02:38:21+00:00\",\"mainEntityOfPage\":{\"@id\":\"https:\/\/noti-america.com\/site\/ecuador\/2019\/10\/31\/servir-y-devolver-como-desarrollar-el-cerebro-de-un-nino-en-cinco-sencillos-pasos\/\"},\"wordCount\":759,\"commentCount\":0,\"publisher\":{\"@id\":\"https:\/\/noti-america.com\/site\/ecuador\/#organization\"},\"image\":{\"@id\":\"https:\/\/noti-america.com\/site\/ecuador\/2019\/10\/31\/servir-y-devolver-como-desarrollar-el-cerebro-de-un-nino-en-cinco-sencillos-pasos\/#primaryimage\"},\"thumbnailUrl\":\"https:\/\/noti-america.com\/site\/ecuador\/wp-content\/uploads\/sites\/18\/2019\/10\/Como-desarrollar-el-cerebro-de-un-ni\u00f1o-en-5-pasos.png\",\"articleSection\":[\"Salud\"],\"inLanguage\":\"es\",\"potentialAction\":[{\"@type\":\"CommentAction\",\"name\":\"Comment\",\"target\":[\"https:\/\/noti-america.com\/site\/ecuador\/2019\/10\/31\/servir-y-devolver-como-desarrollar-el-cerebro-de-un-nino-en-cinco-sencillos-pasos\/#respond\"]}]},{\"@type\":\"WebPage\",\"@id\":\"https:\/\/noti-america.com\/site\/ecuador\/2019\/10\/31\/servir-y-devolver-como-desarrollar-el-cerebro-de-un-nino-en-cinco-sencillos-pasos\/\",\"url\":\"https:\/\/noti-america.com\/site\/ecuador\/2019\/10\/31\/servir-y-devolver-como-desarrollar-el-cerebro-de-un-nino-en-cinco-sencillos-pasos\/\",\"name\":\"Servir y devolver: C\u00f3mo desarrollar el cerebro de un ni\u00f1o en cinco sencillos pasos - Ecuador | Noti-America.com\",\"isPartOf\":{\"@id\":\"https:\/\/noti-america.com\/site\/ecuador\/#website\"},\"primaryImageOfPage\":{\"@id\":\"https:\/\/noti-america.com\/site\/ecuador\/2019\/10\/31\/servir-y-devolver-como-desarrollar-el-cerebro-de-un-nino-en-cinco-sencillos-pasos\/#primaryimage\"},\"image\":{\"@id\":\"https:\/\/noti-america.com\/site\/ecuador\/2019\/10\/31\/servir-y-devolver-como-desarrollar-el-cerebro-de-un-nino-en-cinco-sencillos-pasos\/#primaryimage\"},\"thumbnailUrl\":\"https:\/\/noti-america.com\/site\/ecuador\/wp-content\/uploads\/sites\/18\/2019\/10\/Como-desarrollar-el-cerebro-de-un-ni\u00f1o-en-5-pasos.png\",\"datePublished\":\"2019-10-31T02:38:21+00:00\",\"breadcrumb\":{\"@id\":\"https:\/\/noti-america.com\/site\/ecuador\/2019\/10\/31\/servir-y-devolver-como-desarrollar-el-cerebro-de-un-nino-en-cinco-sencillos-pasos\/#breadcrumb\"},\"inLanguage\":\"es\",\"potentialAction\":[{\"@type\":\"ReadAction\",\"target\":[\"https:\/\/noti-america.com\/site\/ecuador\/2019\/10\/31\/servir-y-devolver-como-desarrollar-el-cerebro-de-un-nino-en-cinco-sencillos-pasos\/\"]}]},{\"@type\":\"ImageObject\",\"inLanguage\":\"es\",\"@id\":\"https:\/\/noti-america.com\/site\/ecuador\/2019\/10\/31\/servir-y-devolver-como-desarrollar-el-cerebro-de-un-nino-en-cinco-sencillos-pasos\/#primaryimage\",\"url\":\"https:\/\/noti-america.com\/site\/ecuador\/wp-content\/uploads\/sites\/18\/2019\/10\/Como-desarrollar-el-cerebro-de-un-ni\u00f1o-en-5-pasos.png\",\"contentUrl\":\"https:\/\/noti-america.com\/site\/ecuador\/wp-content\/uploads\/sites\/18\/2019\/10\/Como-desarrollar-el-cerebro-de-un-ni\u00f1o-en-5-pasos.png\",\"width\":1201,\"height\":526},{\"@type\":\"BreadcrumbList\",\"@id\":\"https:\/\/noti-america.com\/site\/ecuador\/2019\/10\/31\/servir-y-devolver-como-desarrollar-el-cerebro-de-un-nino-en-cinco-sencillos-pasos\/#breadcrumb\",\"itemListElement\":[{\"@type\":\"ListItem\",\"position\":1,\"name\":\"Portada\",\"item\":\"https:\/\/noti-america.com\/site\/ecuador\/\"},{\"@type\":\"ListItem\",\"position\":2,\"name\":\"Servir y devolver: C\u00f3mo desarrollar el cerebro de un ni\u00f1o en cinco sencillos pasos\"}]},{\"@type\":\"WebSite\",\"@id\":\"https:\/\/noti-america.com\/site\/ecuador\/#website\",\"url\":\"https:\/\/noti-america.com\/site\/ecuador\/\",\"name\":\"Ecuador | Noti-America.com\",\"description\":\"\",\"publisher\":{\"@id\":\"https:\/\/noti-america.com\/site\/ecuador\/#organization\"},\"potentialAction\":[{\"@type\":\"SearchAction\",\"target\":{\"@type\":\"EntryPoint\",\"urlTemplate\":\"https:\/\/noti-america.com\/site\/ecuador\/?s={search_term_string}\"},\"query-input\":{\"@type\":\"PropertyValueSpecification\",\"valueRequired\":true,\"valueName\":\"search_term_string\"}}],\"inLanguage\":\"es\"},{\"@type\":\"Organization\",\"@id\":\"https:\/\/noti-america.com\/site\/ecuador\/#organization\",\"name\":\"Noti-America LLC | Ecuador\",\"url\":\"https:\/\/noti-america.com\/site\/ecuador\/\",\"logo\":{\"@type\":\"ImageObject\",\"inLanguage\":\"es\",\"@id\":\"https:\/\/noti-america.com\/site\/ecuador\/#\/schema\/logo\/image\/\",\"url\":\"https:\/\/noti-america.com\/site\/ecuador\/wp-content\/uploads\/sites\/18\/2020\/07\/LogoNA-4x3-1.jpg\",\"contentUrl\":\"https:\/\/noti-america.com\/site\/ecuador\/wp-content\/uploads\/sites\/18\/2020\/07\/LogoNA-4x3-1.jpg\",\"width\":1236,\"height\":1080,\"caption\":\"Noti-America LLC | Ecuador\"},\"image\":{\"@id\":\"https:\/\/noti-america.com\/site\/ecuador\/#\/schema\/logo\/image\/\"},\"sameAs\":[\"https:\/\/x.com\/notiamerica\"]},{\"@type\":\"Person\",\"@id\":\"https:\/\/noti-america.com\/site\/ecuador\/#\/schema\/person\/3b975e42f15abfe64bfe3abdd916efda\",\"name\":\"Gregory Quintana Montiel\",\"image\":{\"@type\":\"ImageObject\",\"inLanguage\":\"es\",\"@id\":\"https:\/\/secure.gravatar.com\/avatar\/2d6b802f7720c2ec7744dcbe608cc2f3417aeb964d58b443c6d612b77531de1d?s=96&d=mm&r=g\",\"url\":\"https:\/\/secure.gravatar.com\/avatar\/2d6b802f7720c2ec7744dcbe608cc2f3417aeb964d58b443c6d612b77531de1d?s=96&d=mm&r=g\",\"contentUrl\":\"https:\/\/secure.gravatar.com\/avatar\/2d6b802f7720c2ec7744dcbe608cc2f3417aeb964d58b443c6d612b77531de1d?s=96&d=mm&r=g\",\"caption\":\"Gregory Quintana Montiel\"},\"description\":\"Licenciatura en Ciencias de la Comunicaci\u00f3n Social, egresado en la Especializaci\u00f3n Derecho Ambiental Desarrollo Sostenible y Sustentable, Miembro de la Comunidad de profesionales y experto para Latinoam\u00e9rica y el Caribe en Gesti\u00f3n por Resultado en el Desarrollo (COPLAC - GpRD) del Banco Interamericano de Desarrollo, experiencia en medios radiales y escritos.\",\"sameAs\":[\"https:\/\/x.com\/gdgregori1\",\"gquintana\"],\"url\":\"https:\/\/noti-america.com\/site\/ecuador\/author\/gquintana\/\"}]}<\/script>\n<!-- \/ Yoast SEO Premium plugin. -->","yoast_head_json":{"title":"Servir y devolver: C\u00f3mo desarrollar el cerebro de un ni\u00f1o en cinco sencillos pasos - Ecuador | Noti-America.com","robots":{"index":"index","follow":"follow","max-snippet":"max-snippet:-1","max-image-preview":"max-image-preview:large","max-video-preview":"max-video-preview:-1"},"canonical":"https:\/\/noti-america.com\/site\/ecuador\/2019\/10\/31\/servir-y-devolver-como-desarrollar-el-cerebro-de-un-nino-en-cinco-sencillos-pasos\/","og_locale":"es_ES","og_type":"article","og_title":"Servir y devolver: C\u00f3mo desarrollar el cerebro de un ni\u00f1o en cinco sencillos pasos","og_description":"REDACCI\u00d3N NOTI AM\u00c9RICA (ECUADOR) por\u00a0Kristen Holmstrand. \u00bfAlguna vez le has sonre\u00eddo a un beb\u00e9 que se r\u00ede o has jugado \u201c\u00bfd\u00f3nde est\u00e1? \u00a1ac\u00e1 est\u00e1!\u201d con un ni\u00f1o peque\u00f1o? \u00bfSab\u00edas que al hacerlo estabas ayudando&#46;&#46;&#46;","og_url":"https:\/\/noti-america.com\/site\/ecuador\/2019\/10\/31\/servir-y-devolver-como-desarrollar-el-cerebro-de-un-nino-en-cinco-sencillos-pasos\/","og_site_name":"Ecuador | Noti-America.com","article_published_time":"2019-10-31T02:38:21+00:00","og_image":[{"width":1201,"height":526,"url":"https:\/\/noti-america.com\/site\/ecuador\/wp-content\/uploads\/sites\/18\/2019\/10\/Como-desarrollar-el-cerebro-de-un-ni\u00f1o-en-5-pasos.png","type":"image\/png"}],"author":"Gregory Quintana Montiel","twitter_card":"summary_large_image","twitter_creator":"@gdgregori1","twitter_site":"@notiamerica","twitter_misc":{"Escrito por":"Gregory Quintana Montiel","Tiempo estimado de lectura":"4 minutos"},"schema":{"@context":"https:\/\/schema.org","@graph":[{"@type":"Article","@id":"https:\/\/noti-america.com\/site\/ecuador\/2019\/10\/31\/servir-y-devolver-como-desarrollar-el-cerebro-de-un-nino-en-cinco-sencillos-pasos\/#article","isPartOf":{"@id":"https:\/\/noti-america.com\/site\/ecuador\/2019\/10\/31\/servir-y-devolver-como-desarrollar-el-cerebro-de-un-nino-en-cinco-sencillos-pasos\/"},"author":{"name":"Gregory Quintana Montiel","@id":"https:\/\/noti-america.com\/site\/ecuador\/#\/schema\/person\/3b975e42f15abfe64bfe3abdd916efda"},"headline":"Servir y devolver: C\u00f3mo desarrollar el cerebro de un ni\u00f1o en cinco sencillos pasos","datePublished":"2019-10-31T02:38:21+00:00","mainEntityOfPage":{"@id":"https:\/\/noti-america.com\/site\/ecuador\/2019\/10\/31\/servir-y-devolver-como-desarrollar-el-cerebro-de-un-nino-en-cinco-sencillos-pasos\/"},"wordCount":759,"commentCount":0,"publisher":{"@id":"https:\/\/noti-america.com\/site\/ecuador\/#organization"},"image":{"@id":"https:\/\/noti-america.com\/site\/ecuador\/2019\/10\/31\/servir-y-devolver-como-desarrollar-el-cerebro-de-un-nino-en-cinco-sencillos-pasos\/#primaryimage"},"thumbnailUrl":"https:\/\/noti-america.com\/site\/ecuador\/wp-content\/uploads\/sites\/18\/2019\/10\/Como-desarrollar-el-cerebro-de-un-ni\u00f1o-en-5-pasos.png","articleSection":["Salud"],"inLanguage":"es","potentialAction":[{"@type":"CommentAction","name":"Comment","target":["https:\/\/noti-america.com\/site\/ecuador\/2019\/10\/31\/servir-y-devolver-como-desarrollar-el-cerebro-de-un-nino-en-cinco-sencillos-pasos\/#respond"]}]},{"@type":"WebPage","@id":"https:\/\/noti-america.com\/site\/ecuador\/2019\/10\/31\/servir-y-devolver-como-desarrollar-el-cerebro-de-un-nino-en-cinco-sencillos-pasos\/","url":"https:\/\/noti-america.com\/site\/ecuador\/2019\/10\/31\/servir-y-devolver-como-desarrollar-el-cerebro-de-un-nino-en-cinco-sencillos-pasos\/","name":"Servir y devolver: C\u00f3mo desarrollar el cerebro de un ni\u00f1o en cinco sencillos pasos - Ecuador | Noti-America.com","isPartOf":{"@id":"https:\/\/noti-america.com\/site\/ecuador\/#website"},"primaryImageOfPage":{"@id":"https:\/\/noti-america.com\/site\/ecuador\/2019\/10\/31\/servir-y-devolver-como-desarrollar-el-cerebro-de-un-nino-en-cinco-sencillos-pasos\/#primaryimage"},"image":{"@id":"https:\/\/noti-america.com\/site\/ecuador\/2019\/10\/31\/servir-y-devolver-como-desarrollar-el-cerebro-de-un-nino-en-cinco-sencillos-pasos\/#primaryimage"},"thumbnailUrl":"https:\/\/noti-america.com\/site\/ecuador\/wp-content\/uploads\/sites\/18\/2019\/10\/Como-desarrollar-el-cerebro-de-un-ni\u00f1o-en-5-pasos.png","datePublished":"2019-10-31T02:38:21+00:00","breadcrumb":{"@id":"https:\/\/noti-america.com\/site\/ecuador\/2019\/10\/31\/servir-y-devolver-como-desarrollar-el-cerebro-de-un-nino-en-cinco-sencillos-pasos\/#breadcrumb"},"inLanguage":"es","potentialAction":[{"@type":"ReadAction","target":["https:\/\/noti-america.com\/site\/ecuador\/2019\/10\/31\/servir-y-devolver-como-desarrollar-el-cerebro-de-un-nino-en-cinco-sencillos-pasos\/"]}]},{"@type":"ImageObject","inLanguage":"es","@id":"https:\/\/noti-america.com\/site\/ecuador\/2019\/10\/31\/servir-y-devolver-como-desarrollar-el-cerebro-de-un-nino-en-cinco-sencillos-pasos\/#primaryimage","url":"https:\/\/noti-america.com\/site\/ecuador\/wp-content\/uploads\/sites\/18\/2019\/10\/Como-desarrollar-el-cerebro-de-un-ni\u00f1o-en-5-pasos.png","contentUrl":"https:\/\/noti-america.com\/site\/ecuador\/wp-content\/uploads\/sites\/18\/2019\/10\/Como-desarrollar-el-cerebro-de-un-ni\u00f1o-en-5-pasos.png","width":1201,"height":526},{"@type":"BreadcrumbList","@id":"https:\/\/noti-america.com\/site\/ecuador\/2019\/10\/31\/servir-y-devolver-como-desarrollar-el-cerebro-de-un-nino-en-cinco-sencillos-pasos\/#breadcrumb","itemListElement":[{"@type":"ListItem","position":1,"name":"Portada","item":"https:\/\/noti-america.com\/site\/ecuador\/"},{"@type":"ListItem","position":2,"name":"Servir y devolver: C\u00f3mo desarrollar el cerebro de un ni\u00f1o en cinco sencillos pasos"}]},{"@type":"WebSite","@id":"https:\/\/noti-america.com\/site\/ecuador\/#website","url":"https:\/\/noti-america.com\/site\/ecuador\/","name":"Ecuador | Noti-America.com","description":"","publisher":{"@id":"https:\/\/noti-america.com\/site\/ecuador\/#organization"},"potentialAction":[{"@type":"SearchAction","target":{"@type":"EntryPoint","urlTemplate":"https:\/\/noti-america.com\/site\/ecuador\/?s={search_term_string}"},"query-input":{"@type":"PropertyValueSpecification","valueRequired":true,"valueName":"search_term_string"}}],"inLanguage":"es"},{"@type":"Organization","@id":"https:\/\/noti-america.com\/site\/ecuador\/#organization","name":"Noti-America LLC | Ecuador","url":"https:\/\/noti-america.com\/site\/ecuador\/","logo":{"@type":"ImageObject","inLanguage":"es","@id":"https:\/\/noti-america.com\/site\/ecuador\/#\/schema\/logo\/image\/","url":"https:\/\/noti-america.com\/site\/ecuador\/wp-content\/uploads\/sites\/18\/2020\/07\/LogoNA-4x3-1.jpg","contentUrl":"https:\/\/noti-america.com\/site\/ecuador\/wp-content\/uploads\/sites\/18\/2020\/07\/LogoNA-4x3-1.jpg","width":1236,"height":1080,"caption":"Noti-America LLC | Ecuador"},"image":{"@id":"https:\/\/noti-america.com\/site\/ecuador\/#\/schema\/logo\/image\/"},"sameAs":["https:\/\/x.com\/notiamerica"]},{"@type":"Person","@id":"https:\/\/noti-america.com\/site\/ecuador\/#\/schema\/person\/3b975e42f15abfe64bfe3abdd916efda","name":"Gregory Quintana Montiel","image":{"@type":"ImageObject","inLanguage":"es","@id":"https:\/\/secure.gravatar.com\/avatar\/2d6b802f7720c2ec7744dcbe608cc2f3417aeb964d58b443c6d612b77531de1d?s=96&d=mm&r=g","url":"https:\/\/secure.gravatar.com\/avatar\/2d6b802f7720c2ec7744dcbe608cc2f3417aeb964d58b443c6d612b77531de1d?s=96&d=mm&r=g","contentUrl":"https:\/\/secure.gravatar.com\/avatar\/2d6b802f7720c2ec7744dcbe608cc2f3417aeb964d58b443c6d612b77531de1d?s=96&d=mm&r=g","caption":"Gregory Quintana Montiel"},"description":"Licenciatura en Ciencias de la Comunicaci\u00f3n Social, egresado en la Especializaci\u00f3n Derecho Ambiental Desarrollo Sostenible y Sustentable, Miembro de la Comunidad de profesionales y experto para Latinoam\u00e9rica y el Caribe en Gesti\u00f3n por Resultado en el Desarrollo (COPLAC - GpRD) del Banco Interamericano de Desarrollo, experiencia en medios radiales y escritos.","sameAs":["https:\/\/x.com\/gdgregori1","gquintana"],"url":"https:\/\/noti-america.com\/site\/ecuador\/author\/gquintana\/"}]}},"_links":{"self":[{"href":"https:\/\/noti-america.com\/site\/ecuador\/wp-json\/wp\/v2\/posts\/6352","targetHints":{"allow":["GET"]}}],"collection":[{"href":"https:\/\/noti-america.com\/site\/ecuador\/wp-json\/wp\/v2\/posts"}],"about":[{"href":"https:\/\/noti-america.com\/site\/ecuador\/wp-json\/wp\/v2\/types\/post"}],"author":[{"embeddable":true,"href":"https:\/\/noti-america.com\/site\/ecuador\/wp-json\/wp\/v2\/users\/17"}],"replies":[{"embeddable":true,"href":"https:\/\/noti-america.com\/site\/ecuador\/wp-json\/wp\/v2\/comments?post=6352"}],"version-history":[{"count":1,"href":"https:\/\/noti-america.com\/site\/ecuador\/wp-json\/wp\/v2\/posts\/6352\/revisions"}],"predecessor-version":[{"id":6354,"href":"https:\/\/noti-america.com\/site\/ecuador\/wp-json\/wp\/v2\/posts\/6352\/revisions\/6354"}],"wp:featuredmedia":[{"embeddable":true,"href":"https:\/\/noti-america.com\/site\/ecuador\/wp-json\/wp\/v2\/media\/6353"}],"wp:attachment":[{"href":"https:\/\/noti-america.com\/site\/ecuador\/wp-json\/wp\/v2\/media?parent=6352"}],"wp:term":[{"taxonomy":"category","embeddable":true,"href":"https:\/\/noti-america.com\/site\/ecuador\/wp-json\/wp\/v2\/categories?post=6352"},{"taxonomy":"post_tag","embeddable":true,"href":"https:\/\/noti-america.com\/site\/ecuador\/wp-json\/wp\/v2\/tags?post=6352"}],"curies":[{"name":"wp","href":"https:\/\/api.w.org\/{rel}","templated":true}]}}