{"id":6322,"date":"2019-10-30T02:55:37","date_gmt":"2019-10-30T02:55:37","guid":{"rendered":"http:\/\/noti-america.com\/site\/ecuador\/?p=6322"},"modified":"2019-10-30T02:55:37","modified_gmt":"2019-10-30T02:55:37","slug":"campana-vivamos-en-paz-busca-disminuir-el-numero-de-actos-violentos-en-instituciones-educativas","status":"publish","type":"post","link":"https:\/\/noti-america.com\/site\/ecuador\/2019\/10\/30\/campana-vivamos-en-paz-busca-disminuir-el-numero-de-actos-violentos-en-instituciones-educativas\/","title":{"rendered":"Campa\u00f1a \u2018Vivamos en Paz\u2019 busca disminuir el n\u00famero de actos violentos en instituciones Educativas"},"content":{"rendered":"<p>REDACCI\u00d3N NOTI AM\u00c9RICA (ECUADOR)<\/p>\n<p style=\"text-align: justify\">La subsecretaria de Educaci\u00f3n zona 8, Alexandra Higgins, contin\u00faa con la sensibilizaci\u00f3n sobre el programa \u2018Vivamos en paz\u2019, en esta oportunidad la actividad tuvo lugar en la Unidad Educativa Manuela Ca\u00f1izares, a donde acudieron los directivos, vicerrectores e inspectores generales. Este proyecto inici\u00f3 con un piloto en 16 UE de la zona 8 y hasta finales de noviembre se prev\u00e9 que llegue a un total de 56 instituciones educativas.<\/p>\n<p style=\"text-align: justify\">Con la implementaci\u00f3n de la campa\u00f1a \u2018Vivamos en Paz\u2019 se busca disminuir el n\u00famero de actos violentos entre pares y fomentar las buenas relaciones interpersonales en las instituciones educativas. El objetivo de la mesa de acuerdos, es emprender acciones concretas y realizables que apunten a desarrollar h\u00e1bitos y habilidades sociales para la vida.<\/p>\n<p style=\"text-align: justify\">La metodolog\u00eda de implementaci\u00f3n de este proyecto es participativa, promueve el di\u00e1logo, los acuerdos y los compromisos de todos los actores de la comunidad educativa para generar mejores pr\u00e1cticas de convivencia.<\/p>\n<p style=\"text-align: justify\">Esta campa\u00f1a del Ministerio de Educaci\u00f3n buenas fomentar las relaciones interpersonales y una cultura de paz, creando espacios m\u00e1s seguros y libres de violencia para las ni\u00f1as, ni\u00f1os y adolescentes.<\/p>\n","protected":false},"excerpt":{"rendered":"<p>REDACCI\u00d3N NOTI AM\u00c9RICA (ECUADOR) La subsecretaria de Educaci\u00f3n zona 8, Alexandra Higgins, contin\u00faa con la sensibilizaci\u00f3n sobre el programa \u2018Vivamos en paz\u2019, en esta oportunidad la actividad tuvo lugar en la Unidad Educativa Manuela&#46;&#46;&#46;<\/p>\n","protected":false},"author":17,"featured_media":6323,"comment_status":"open","ping_status":"open","sticky":false,"template":"","format":"standard","meta":{"_acf_changed":false,"om_disable_all_campaigns":false,"rop_custom_images_group":[],"rop_custom_messages_group":[],"rop_publish_now":"initial","rop_publish_now_accounts":{"twitter_242054905_242054905":""},"rop_publish_now_history":[],"rop_publish_now_status":"pending","_uf_show_specific_survey":0,"_uf_disable_surveys":false,"footnotes":""},"categories":[103],"tags":[],"class_list":["post-6322","post","type-post","status-publish","format-standard","has-post-thumbnail","hentry","category-educacion"],"acf":[],"aioseo_notices":[],"yoast_head":"<!-- This site is optimized with the Yoast SEO Premium plugin v24.9 (Yoast SEO v27.2) - https:\/\/yoast.com\/product\/yoast-seo-premium-wordpress\/ -->\n<title>Campa\u00f1a \u2018Vivamos en Paz\u2019 busca disminuir el n\u00famero de actos violentos en instituciones Educativas - Ecuador | Noti-America.com<\/title>\n<meta name=\"robots\" content=\"index, follow, max-snippet:-1, max-image-preview:large, max-video-preview:-1\" \/>\n<link rel=\"canonical\" href=\"https:\/\/noti-america.com\/site\/ecuador\/2019\/10\/30\/campana-vivamos-en-paz-busca-disminuir-el-numero-de-actos-violentos-en-instituciones-educativas\/\" \/>\n<meta property=\"og:locale\" content=\"es_ES\" \/>\n<meta property=\"og:type\" content=\"article\" \/>\n<meta property=\"og:title\" content=\"Campa\u00f1a \u2018Vivamos en Paz\u2019 busca disminuir el n\u00famero de actos violentos en instituciones Educativas\" \/>\n<meta property=\"og:description\" content=\"REDACCI\u00d3N NOTI AM\u00c9RICA (ECUADOR) La subsecretaria de Educaci\u00f3n zona 8, Alexandra Higgins, contin\u00faa con la sensibilizaci\u00f3n sobre el programa \u2018Vivamos en paz\u2019, en esta oportunidad la actividad tuvo lugar en la Unidad Educativa Manuela&#046;&#046;&#046;\" \/>\n<meta property=\"og:url\" content=\"https:\/\/noti-america.com\/site\/ecuador\/2019\/10\/30\/campana-vivamos-en-paz-busca-disminuir-el-numero-de-actos-violentos-en-instituciones-educativas\/\" \/>\n<meta property=\"og:site_name\" content=\"Ecuador | Noti-America.com\" \/>\n<meta property=\"article:published_time\" content=\"2019-10-30T02:55:37+00:00\" \/>\n<meta property=\"og:image\" content=\"https:\/\/noti-america.com\/site\/ecuador\/wp-content\/uploads\/sites\/18\/2019\/10\/Campa\u00f1a-Vivamos-en-Paz.png\" \/>\n\t<meta property=\"og:image:width\" content=\"800\" \/>\n\t<meta property=\"og:image:height\" content=\"450\" \/>\n\t<meta property=\"og:image:type\" content=\"image\/png\" \/>\n<meta name=\"author\" content=\"Gregory Quintana Montiel\" \/>\n<meta name=\"twitter:card\" content=\"summary_large_image\" \/>\n<meta name=\"twitter:creator\" content=\"@gdgregori1\" \/>\n<meta name=\"twitter:site\" content=\"@notiamerica\" \/>\n<meta name=\"twitter:label1\" content=\"Escrito por\" \/>\n\t<meta name=\"twitter:data1\" content=\"Gregory Quintana Montiel\" \/>\n\t<meta name=\"twitter:label2\" content=\"Tiempo estimado de lectura\" \/>\n\t<meta name=\"twitter:data2\" content=\"1 minuto\" \/>\n<script type=\"application\/ld+json\" class=\"yoast-schema-graph\">{\"@context\":\"https:\/\/schema.org\",\"@graph\":[{\"@type\":\"Article\",\"@id\":\"https:\/\/noti-america.com\/site\/ecuador\/2019\/10\/30\/campana-vivamos-en-paz-busca-disminuir-el-numero-de-actos-violentos-en-instituciones-educativas\/#article\",\"isPartOf\":{\"@id\":\"https:\/\/noti-america.com\/site\/ecuador\/2019\/10\/30\/campana-vivamos-en-paz-busca-disminuir-el-numero-de-actos-violentos-en-instituciones-educativas\/\"},\"author\":{\"name\":\"Gregory Quintana Montiel\",\"@id\":\"https:\/\/noti-america.com\/site\/ecuador\/#\/schema\/person\/3b975e42f15abfe64bfe3abdd916efda\"},\"headline\":\"Campa\u00f1a \u2018Vivamos en Paz\u2019 busca disminuir el n\u00famero de actos violentos en instituciones Educativas\",\"datePublished\":\"2019-10-30T02:55:37+00:00\",\"mainEntityOfPage\":{\"@id\":\"https:\/\/noti-america.com\/site\/ecuador\/2019\/10\/30\/campana-vivamos-en-paz-busca-disminuir-el-numero-de-actos-violentos-en-instituciones-educativas\/\"},\"wordCount\":218,\"commentCount\":0,\"publisher\":{\"@id\":\"https:\/\/noti-america.com\/site\/ecuador\/#organization\"},\"image\":{\"@id\":\"https:\/\/noti-america.com\/site\/ecuador\/2019\/10\/30\/campana-vivamos-en-paz-busca-disminuir-el-numero-de-actos-violentos-en-instituciones-educativas\/#primaryimage\"},\"thumbnailUrl\":\"https:\/\/noti-america.com\/site\/ecuador\/wp-content\/uploads\/sites\/18\/2019\/10\/Campa\u00f1a-Vivamos-en-Paz.png\",\"articleSection\":[\"Educaci\u00f3n\"],\"inLanguage\":\"es\",\"potentialAction\":[{\"@type\":\"CommentAction\",\"name\":\"Comment\",\"target\":[\"https:\/\/noti-america.com\/site\/ecuador\/2019\/10\/30\/campana-vivamos-en-paz-busca-disminuir-el-numero-de-actos-violentos-en-instituciones-educativas\/#respond\"]}]},{\"@type\":\"WebPage\",\"@id\":\"https:\/\/noti-america.com\/site\/ecuador\/2019\/10\/30\/campana-vivamos-en-paz-busca-disminuir-el-numero-de-actos-violentos-en-instituciones-educativas\/\",\"url\":\"https:\/\/noti-america.com\/site\/ecuador\/2019\/10\/30\/campana-vivamos-en-paz-busca-disminuir-el-numero-de-actos-violentos-en-instituciones-educativas\/\",\"name\":\"Campa\u00f1a \u2018Vivamos en Paz\u2019 busca disminuir el n\u00famero de actos violentos en instituciones Educativas - Ecuador | Noti-America.com\",\"isPartOf\":{\"@id\":\"https:\/\/noti-america.com\/site\/ecuador\/#website\"},\"primaryImageOfPage\":{\"@id\":\"https:\/\/noti-america.com\/site\/ecuador\/2019\/10\/30\/campana-vivamos-en-paz-busca-disminuir-el-numero-de-actos-violentos-en-instituciones-educativas\/#primaryimage\"},\"image\":{\"@id\":\"https:\/\/noti-america.com\/site\/ecuador\/2019\/10\/30\/campana-vivamos-en-paz-busca-disminuir-el-numero-de-actos-violentos-en-instituciones-educativas\/#primaryimage\"},\"thumbnailUrl\":\"https:\/\/noti-america.com\/site\/ecuador\/wp-content\/uploads\/sites\/18\/2019\/10\/Campa\u00f1a-Vivamos-en-Paz.png\",\"datePublished\":\"2019-10-30T02:55:37+00:00\",\"breadcrumb\":{\"@id\":\"https:\/\/noti-america.com\/site\/ecuador\/2019\/10\/30\/campana-vivamos-en-paz-busca-disminuir-el-numero-de-actos-violentos-en-instituciones-educativas\/#breadcrumb\"},\"inLanguage\":\"es\",\"potentialAction\":[{\"@type\":\"ReadAction\",\"target\":[\"https:\/\/noti-america.com\/site\/ecuador\/2019\/10\/30\/campana-vivamos-en-paz-busca-disminuir-el-numero-de-actos-violentos-en-instituciones-educativas\/\"]}]},{\"@type\":\"ImageObject\",\"inLanguage\":\"es\",\"@id\":\"https:\/\/noti-america.com\/site\/ecuador\/2019\/10\/30\/campana-vivamos-en-paz-busca-disminuir-el-numero-de-actos-violentos-en-instituciones-educativas\/#primaryimage\",\"url\":\"https:\/\/noti-america.com\/site\/ecuador\/wp-content\/uploads\/sites\/18\/2019\/10\/Campa\u00f1a-Vivamos-en-Paz.png\",\"contentUrl\":\"https:\/\/noti-america.com\/site\/ecuador\/wp-content\/uploads\/sites\/18\/2019\/10\/Campa\u00f1a-Vivamos-en-Paz.png\",\"width\":800,\"height\":450},{\"@type\":\"BreadcrumbList\",\"@id\":\"https:\/\/noti-america.com\/site\/ecuador\/2019\/10\/30\/campana-vivamos-en-paz-busca-disminuir-el-numero-de-actos-violentos-en-instituciones-educativas\/#breadcrumb\",\"itemListElement\":[{\"@type\":\"ListItem\",\"position\":1,\"name\":\"Portada\",\"item\":\"https:\/\/noti-america.com\/site\/ecuador\/\"},{\"@type\":\"ListItem\",\"position\":2,\"name\":\"Campa\u00f1a \u2018Vivamos en Paz\u2019 busca disminuir el n\u00famero de actos violentos en instituciones Educativas\"}]},{\"@type\":\"WebSite\",\"@id\":\"https:\/\/noti-america.com\/site\/ecuador\/#website\",\"url\":\"https:\/\/noti-america.com\/site\/ecuador\/\",\"name\":\"Ecuador | Noti-America.com\",\"description\":\"\",\"publisher\":{\"@id\":\"https:\/\/noti-america.com\/site\/ecuador\/#organization\"},\"potentialAction\":[{\"@type\":\"SearchAction\",\"target\":{\"@type\":\"EntryPoint\",\"urlTemplate\":\"https:\/\/noti-america.com\/site\/ecuador\/?s={search_term_string}\"},\"query-input\":{\"@type\":\"PropertyValueSpecification\",\"valueRequired\":true,\"valueName\":\"search_term_string\"}}],\"inLanguage\":\"es\"},{\"@type\":\"Organization\",\"@id\":\"https:\/\/noti-america.com\/site\/ecuador\/#organization\",\"name\":\"Noti-America LLC | Ecuador\",\"url\":\"https:\/\/noti-america.com\/site\/ecuador\/\",\"logo\":{\"@type\":\"ImageObject\",\"inLanguage\":\"es\",\"@id\":\"https:\/\/noti-america.com\/site\/ecuador\/#\/schema\/logo\/image\/\",\"url\":\"https:\/\/noti-america.com\/site\/ecuador\/wp-content\/uploads\/sites\/18\/2020\/07\/LogoNA-4x3-1.jpg\",\"contentUrl\":\"https:\/\/noti-america.com\/site\/ecuador\/wp-content\/uploads\/sites\/18\/2020\/07\/LogoNA-4x3-1.jpg\",\"width\":1236,\"height\":1080,\"caption\":\"Noti-America LLC | Ecuador\"},\"image\":{\"@id\":\"https:\/\/noti-america.com\/site\/ecuador\/#\/schema\/logo\/image\/\"},\"sameAs\":[\"https:\/\/x.com\/notiamerica\"]},{\"@type\":\"Person\",\"@id\":\"https:\/\/noti-america.com\/site\/ecuador\/#\/schema\/person\/3b975e42f15abfe64bfe3abdd916efda\",\"name\":\"Gregory Quintana Montiel\",\"image\":{\"@type\":\"ImageObject\",\"inLanguage\":\"es\",\"@id\":\"https:\/\/secure.gravatar.com\/avatar\/2d6b802f7720c2ec7744dcbe608cc2f3417aeb964d58b443c6d612b77531de1d?s=96&d=mm&r=g\",\"url\":\"https:\/\/secure.gravatar.com\/avatar\/2d6b802f7720c2ec7744dcbe608cc2f3417aeb964d58b443c6d612b77531de1d?s=96&d=mm&r=g\",\"contentUrl\":\"https:\/\/secure.gravatar.com\/avatar\/2d6b802f7720c2ec7744dcbe608cc2f3417aeb964d58b443c6d612b77531de1d?s=96&d=mm&r=g\",\"caption\":\"Gregory Quintana Montiel\"},\"description\":\"Licenciatura en Ciencias de la Comunicaci\u00f3n Social, egresado en la Especializaci\u00f3n Derecho Ambiental Desarrollo Sostenible y Sustentable, Miembro de la Comunidad de profesionales y experto para Latinoam\u00e9rica y el Caribe en Gesti\u00f3n por Resultado en el Desarrollo (COPLAC - GpRD) del Banco Interamericano de Desarrollo, experiencia en medios radiales y escritos.\",\"sameAs\":[\"https:\/\/x.com\/gdgregori1\",\"gquintana\"],\"url\":\"https:\/\/noti-america.com\/site\/ecuador\/author\/gquintana\/\"}]}<\/script>\n<!-- \/ Yoast SEO Premium plugin. -->","yoast_head_json":{"title":"Campa\u00f1a \u2018Vivamos en Paz\u2019 busca disminuir el n\u00famero de actos violentos en instituciones Educativas - Ecuador | Noti-America.com","robots":{"index":"index","follow":"follow","max-snippet":"max-snippet:-1","max-image-preview":"max-image-preview:large","max-video-preview":"max-video-preview:-1"},"canonical":"https:\/\/noti-america.com\/site\/ecuador\/2019\/10\/30\/campana-vivamos-en-paz-busca-disminuir-el-numero-de-actos-violentos-en-instituciones-educativas\/","og_locale":"es_ES","og_type":"article","og_title":"Campa\u00f1a \u2018Vivamos en Paz\u2019 busca disminuir el n\u00famero de actos violentos en instituciones Educativas","og_description":"REDACCI\u00d3N NOTI AM\u00c9RICA (ECUADOR) La subsecretaria de Educaci\u00f3n zona 8, Alexandra Higgins, contin\u00faa con la sensibilizaci\u00f3n sobre el programa \u2018Vivamos en paz\u2019, en esta oportunidad la actividad tuvo lugar en la Unidad Educativa Manuela&#46;&#46;&#46;","og_url":"https:\/\/noti-america.com\/site\/ecuador\/2019\/10\/30\/campana-vivamos-en-paz-busca-disminuir-el-numero-de-actos-violentos-en-instituciones-educativas\/","og_site_name":"Ecuador | Noti-America.com","article_published_time":"2019-10-30T02:55:37+00:00","og_image":[{"width":800,"height":450,"url":"https:\/\/noti-america.com\/site\/ecuador\/wp-content\/uploads\/sites\/18\/2019\/10\/Campa\u00f1a-Vivamos-en-Paz.png","type":"image\/png"}],"author":"Gregory Quintana Montiel","twitter_card":"summary_large_image","twitter_creator":"@gdgregori1","twitter_site":"@notiamerica","twitter_misc":{"Escrito por":"Gregory Quintana Montiel","Tiempo estimado de lectura":"1 minuto"},"schema":{"@context":"https:\/\/schema.org","@graph":[{"@type":"Article","@id":"https:\/\/noti-america.com\/site\/ecuador\/2019\/10\/30\/campana-vivamos-en-paz-busca-disminuir-el-numero-de-actos-violentos-en-instituciones-educativas\/#article","isPartOf":{"@id":"https:\/\/noti-america.com\/site\/ecuador\/2019\/10\/30\/campana-vivamos-en-paz-busca-disminuir-el-numero-de-actos-violentos-en-instituciones-educativas\/"},"author":{"name":"Gregory Quintana Montiel","@id":"https:\/\/noti-america.com\/site\/ecuador\/#\/schema\/person\/3b975e42f15abfe64bfe3abdd916efda"},"headline":"Campa\u00f1a \u2018Vivamos en Paz\u2019 busca disminuir el n\u00famero de actos violentos en instituciones Educativas","datePublished":"2019-10-30T02:55:37+00:00","mainEntityOfPage":{"@id":"https:\/\/noti-america.com\/site\/ecuador\/2019\/10\/30\/campana-vivamos-en-paz-busca-disminuir-el-numero-de-actos-violentos-en-instituciones-educativas\/"},"wordCount":218,"commentCount":0,"publisher":{"@id":"https:\/\/noti-america.com\/site\/ecuador\/#organization"},"image":{"@id":"https:\/\/noti-america.com\/site\/ecuador\/2019\/10\/30\/campana-vivamos-en-paz-busca-disminuir-el-numero-de-actos-violentos-en-instituciones-educativas\/#primaryimage"},"thumbnailUrl":"https:\/\/noti-america.com\/site\/ecuador\/wp-content\/uploads\/sites\/18\/2019\/10\/Campa\u00f1a-Vivamos-en-Paz.png","articleSection":["Educaci\u00f3n"],"inLanguage":"es","potentialAction":[{"@type":"CommentAction","name":"Comment","target":["https:\/\/noti-america.com\/site\/ecuador\/2019\/10\/30\/campana-vivamos-en-paz-busca-disminuir-el-numero-de-actos-violentos-en-instituciones-educativas\/#respond"]}]},{"@type":"WebPage","@id":"https:\/\/noti-america.com\/site\/ecuador\/2019\/10\/30\/campana-vivamos-en-paz-busca-disminuir-el-numero-de-actos-violentos-en-instituciones-educativas\/","url":"https:\/\/noti-america.com\/site\/ecuador\/2019\/10\/30\/campana-vivamos-en-paz-busca-disminuir-el-numero-de-actos-violentos-en-instituciones-educativas\/","name":"Campa\u00f1a \u2018Vivamos en Paz\u2019 busca disminuir el n\u00famero de actos violentos en instituciones Educativas - Ecuador | Noti-America.com","isPartOf":{"@id":"https:\/\/noti-america.com\/site\/ecuador\/#website"},"primaryImageOfPage":{"@id":"https:\/\/noti-america.com\/site\/ecuador\/2019\/10\/30\/campana-vivamos-en-paz-busca-disminuir-el-numero-de-actos-violentos-en-instituciones-educativas\/#primaryimage"},"image":{"@id":"https:\/\/noti-america.com\/site\/ecuador\/2019\/10\/30\/campana-vivamos-en-paz-busca-disminuir-el-numero-de-actos-violentos-en-instituciones-educativas\/#primaryimage"},"thumbnailUrl":"https:\/\/noti-america.com\/site\/ecuador\/wp-content\/uploads\/sites\/18\/2019\/10\/Campa\u00f1a-Vivamos-en-Paz.png","datePublished":"2019-10-30T02:55:37+00:00","breadcrumb":{"@id":"https:\/\/noti-america.com\/site\/ecuador\/2019\/10\/30\/campana-vivamos-en-paz-busca-disminuir-el-numero-de-actos-violentos-en-instituciones-educativas\/#breadcrumb"},"inLanguage":"es","potentialAction":[{"@type":"ReadAction","target":["https:\/\/noti-america.com\/site\/ecuador\/2019\/10\/30\/campana-vivamos-en-paz-busca-disminuir-el-numero-de-actos-violentos-en-instituciones-educativas\/"]}]},{"@type":"ImageObject","inLanguage":"es","@id":"https:\/\/noti-america.com\/site\/ecuador\/2019\/10\/30\/campana-vivamos-en-paz-busca-disminuir-el-numero-de-actos-violentos-en-instituciones-educativas\/#primaryimage","url":"https:\/\/noti-america.com\/site\/ecuador\/wp-content\/uploads\/sites\/18\/2019\/10\/Campa\u00f1a-Vivamos-en-Paz.png","contentUrl":"https:\/\/noti-america.com\/site\/ecuador\/wp-content\/uploads\/sites\/18\/2019\/10\/Campa\u00f1a-Vivamos-en-Paz.png","width":800,"height":450},{"@type":"BreadcrumbList","@id":"https:\/\/noti-america.com\/site\/ecuador\/2019\/10\/30\/campana-vivamos-en-paz-busca-disminuir-el-numero-de-actos-violentos-en-instituciones-educativas\/#breadcrumb","itemListElement":[{"@type":"ListItem","position":1,"name":"Portada","item":"https:\/\/noti-america.com\/site\/ecuador\/"},{"@type":"ListItem","position":2,"name":"Campa\u00f1a \u2018Vivamos en Paz\u2019 busca disminuir el n\u00famero de actos violentos en instituciones Educativas"}]},{"@type":"WebSite","@id":"https:\/\/noti-america.com\/site\/ecuador\/#website","url":"https:\/\/noti-america.com\/site\/ecuador\/","name":"Ecuador | Noti-America.com","description":"","publisher":{"@id":"https:\/\/noti-america.com\/site\/ecuador\/#organization"},"potentialAction":[{"@type":"SearchAction","target":{"@type":"EntryPoint","urlTemplate":"https:\/\/noti-america.com\/site\/ecuador\/?s={search_term_string}"},"query-input":{"@type":"PropertyValueSpecification","valueRequired":true,"valueName":"search_term_string"}}],"inLanguage":"es"},{"@type":"Organization","@id":"https:\/\/noti-america.com\/site\/ecuador\/#organization","name":"Noti-America LLC | Ecuador","url":"https:\/\/noti-america.com\/site\/ecuador\/","logo":{"@type":"ImageObject","inLanguage":"es","@id":"https:\/\/noti-america.com\/site\/ecuador\/#\/schema\/logo\/image\/","url":"https:\/\/noti-america.com\/site\/ecuador\/wp-content\/uploads\/sites\/18\/2020\/07\/LogoNA-4x3-1.jpg","contentUrl":"https:\/\/noti-america.com\/site\/ecuador\/wp-content\/uploads\/sites\/18\/2020\/07\/LogoNA-4x3-1.jpg","width":1236,"height":1080,"caption":"Noti-America LLC | Ecuador"},"image":{"@id":"https:\/\/noti-america.com\/site\/ecuador\/#\/schema\/logo\/image\/"},"sameAs":["https:\/\/x.com\/notiamerica"]},{"@type":"Person","@id":"https:\/\/noti-america.com\/site\/ecuador\/#\/schema\/person\/3b975e42f15abfe64bfe3abdd916efda","name":"Gregory Quintana Montiel","image":{"@type":"ImageObject","inLanguage":"es","@id":"https:\/\/secure.gravatar.com\/avatar\/2d6b802f7720c2ec7744dcbe608cc2f3417aeb964d58b443c6d612b77531de1d?s=96&d=mm&r=g","url":"https:\/\/secure.gravatar.com\/avatar\/2d6b802f7720c2ec7744dcbe608cc2f3417aeb964d58b443c6d612b77531de1d?s=96&d=mm&r=g","contentUrl":"https:\/\/secure.gravatar.com\/avatar\/2d6b802f7720c2ec7744dcbe608cc2f3417aeb964d58b443c6d612b77531de1d?s=96&d=mm&r=g","caption":"Gregory Quintana Montiel"},"description":"Licenciatura en Ciencias de la Comunicaci\u00f3n Social, egresado en la Especializaci\u00f3n Derecho Ambiental Desarrollo Sostenible y Sustentable, Miembro de la Comunidad de profesionales y experto para Latinoam\u00e9rica y el Caribe en Gesti\u00f3n por Resultado en el Desarrollo (COPLAC - GpRD) del Banco Interamericano de Desarrollo, experiencia en medios radiales y escritos.","sameAs":["https:\/\/x.com\/gdgregori1","gquintana"],"url":"https:\/\/noti-america.com\/site\/ecuador\/author\/gquintana\/"}]}},"_links":{"self":[{"href":"https:\/\/noti-america.com\/site\/ecuador\/wp-json\/wp\/v2\/posts\/6322","targetHints":{"allow":["GET"]}}],"collection":[{"href":"https:\/\/noti-america.com\/site\/ecuador\/wp-json\/wp\/v2\/posts"}],"about":[{"href":"https:\/\/noti-america.com\/site\/ecuador\/wp-json\/wp\/v2\/types\/post"}],"author":[{"embeddable":true,"href":"https:\/\/noti-america.com\/site\/ecuador\/wp-json\/wp\/v2\/users\/17"}],"replies":[{"embeddable":true,"href":"https:\/\/noti-america.com\/site\/ecuador\/wp-json\/wp\/v2\/comments?post=6322"}],"version-history":[{"count":1,"href":"https:\/\/noti-america.com\/site\/ecuador\/wp-json\/wp\/v2\/posts\/6322\/revisions"}],"predecessor-version":[{"id":6324,"href":"https:\/\/noti-america.com\/site\/ecuador\/wp-json\/wp\/v2\/posts\/6322\/revisions\/6324"}],"wp:featuredmedia":[{"embeddable":true,"href":"https:\/\/noti-america.com\/site\/ecuador\/wp-json\/wp\/v2\/media\/6323"}],"wp:attachment":[{"href":"https:\/\/noti-america.com\/site\/ecuador\/wp-json\/wp\/v2\/media?parent=6322"}],"wp:term":[{"taxonomy":"category","embeddable":true,"href":"https:\/\/noti-america.com\/site\/ecuador\/wp-json\/wp\/v2\/categories?post=6322"},{"taxonomy":"post_tag","embeddable":true,"href":"https:\/\/noti-america.com\/site\/ecuador\/wp-json\/wp\/v2\/tags?post=6322"}],"curies":[{"name":"wp","href":"https:\/\/api.w.org\/{rel}","templated":true}]}}