{"id":6305,"date":"2019-10-30T01:02:42","date_gmt":"2019-10-30T01:02:42","guid":{"rendered":"http:\/\/noti-america.com\/site\/ecuador\/?p=6305"},"modified":"2019-10-30T01:04:19","modified_gmt":"2019-10-30T01:04:19","slug":"guayaquil-centro-de-atencion-al-adulto-mayor-sera-adecuado-en-la-ciudadela-bolivariana","status":"publish","type":"post","link":"https:\/\/noti-america.com\/site\/ecuador\/2019\/10\/30\/guayaquil-centro-de-atencion-al-adulto-mayor-sera-adecuado-en-la-ciudadela-bolivariana\/","title":{"rendered":"Guayaquil: Centro de Atenci\u00f3n al Adulto Mayor, ser\u00e1 adecuado en la ciudadela Bolivariana"},"content":{"rendered":"<p>REDACCI\u00d3N NOTI AM\u00c9RICA (ECUADOR)<\/p>\n<p style=\"text-align: justify\">Con rostros de satisfacci\u00f3n, una comitiva de jubilados que son parte del Programa del Adulto Mayor y que asisten al Centro de Atenci\u00f3n al Adulto Mayor (CAAM) Luque, recorrieron y constataron las adecuaciones que se realizan en la sede, ubicada en la ciudadela Bolivariana, antiguo Centro de Atenci\u00f3n Norte.<\/p>\n<p style=\"text-align: justify\">\u201c<em>Estamos felices porque esto es una realidad, tendremos un espacio acorde a nuestras necesidades; hace mucho tiempo se solicit\u00f3 que se nos traslade, pero ahora somos testigos del trabajo que hace el IESS por nosotros los jubilados y, as\u00ed, poder disfrutar de nuestros mejores a\u00f1os<\/em>\u201d, manifest\u00f3 Janeth A., quien desde hace tres a\u00f1os participa en talleres de coro, guitarra, baile de sal\u00f3n, pintura y teatro, entre otros, en el Centro.<\/p>\n<p style=\"text-align: justify\">Por su parte, Abraham Bedr\u00e1n, director provincial del IESS Guayas, expres\u00f3 que es el anhelo de la actual administraci\u00f3n alcanzar metas y aspiraciones que permitan mejorar los servicios que ofrece la instituci\u00f3n. <em>\u201cEs trabajo de quienes estamos al frente de velar por la seguridad y garant\u00eda de las prestaciones y servicios que ofrecemos a nuestros afiliados. Hoy lo hacemos, mediante el programa del adulto mayor, con el que ratificamos y reivindicamos esta gesti\u00f3n<\/em>\u201d.<\/p>\n<p style=\"text-align: justify\">El nuevo CAAM Bolivariana contar\u00e1 con divisiones por \u00e1reas, para realizar actividades como terapia f\u00edsica, bailoterapia, baile de sal\u00f3n, danza folcl\u00f3rica, manualidades, pintura art\u00edstica, computaci\u00f3n, estimulaci\u00f3n de la memoria, teatro y cocina saludable. Adem\u00e1s, tendr\u00e1 un consultorio m\u00e9dico para dar atenci\u00f3n inmediata a los adultos mayores.<\/p>\n<p style=\"text-align: justify\">La adecuaci\u00f3n de este centro es para garantizar los derechos de los jubilados; adem\u00e1s, fortalece la motivaci\u00f3n y despierta el inter\u00e9s; de esta manera se contribuye al equilibrio social, mental y f\u00edsico, luego que ha culminado su etapa laboral.<\/p>\n<p style=\"text-align: justify\">El Centro de Atenci\u00f3n al Adulto Mayor Luque, actualmente, recibe alrededor de 1.300 jubilados distribuidos en 12 actividades. El IESS, en Guayas cuenta con 16 centros de desarrollo para adultos en los cantones Guayaquil, Milagro, Dur\u00e1n, Daule, Marcelino Maridue\u00f1a, Bucay y Naranjal.<\/p>\n","protected":false},"excerpt":{"rendered":"<p>REDACCI\u00d3N NOTI AM\u00c9RICA (ECUADOR) Con rostros de satisfacci\u00f3n, una comitiva de jubilados que son parte del Programa del Adulto Mayor y que asisten al Centro de Atenci\u00f3n al Adulto Mayor (CAAM) Luque, recorrieron y&#46;&#46;&#46;<\/p>\n","protected":false},"author":17,"featured_media":6306,"comment_status":"open","ping_status":"open","sticky":false,"template":"","format":"standard","meta":{"_acf_changed":false,"om_disable_all_campaigns":false,"rop_custom_images_group":[],"rop_custom_messages_group":[],"rop_publish_now":"initial","rop_publish_now_accounts":{"twitter_242054905_242054905":""},"rop_publish_now_history":[],"rop_publish_now_status":"pending","_uf_show_specific_survey":0,"_uf_disable_surveys":false,"footnotes":""},"categories":[35],"tags":[],"class_list":["post-6305","post","type-post","status-publish","format-standard","has-post-thumbnail","hentry","category-salud"],"acf":[],"aioseo_notices":[],"yoast_head":"<!-- This site is optimized with the Yoast SEO Premium plugin v24.9 (Yoast SEO v27.2) - https:\/\/yoast.com\/product\/yoast-seo-premium-wordpress\/ -->\n<title>Guayaquil: Centro de Atenci\u00f3n al Adulto Mayor, ser\u00e1 adecuado en la ciudadela Bolivariana - Ecuador | Noti-America.com<\/title>\n<meta name=\"robots\" content=\"index, follow, max-snippet:-1, max-image-preview:large, max-video-preview:-1\" \/>\n<link rel=\"canonical\" href=\"https:\/\/noti-america.com\/site\/ecuador\/2019\/10\/30\/guayaquil-centro-de-atencion-al-adulto-mayor-sera-adecuado-en-la-ciudadela-bolivariana\/\" \/>\n<meta property=\"og:locale\" content=\"es_ES\" \/>\n<meta property=\"og:type\" content=\"article\" \/>\n<meta property=\"og:title\" content=\"Guayaquil: Centro de Atenci\u00f3n al Adulto Mayor, ser\u00e1 adecuado en la ciudadela Bolivariana\" \/>\n<meta property=\"og:description\" content=\"REDACCI\u00d3N NOTI AM\u00c9RICA (ECUADOR) Con rostros de satisfacci\u00f3n, una comitiva de jubilados que son parte del Programa del Adulto Mayor y que asisten al Centro de Atenci\u00f3n al Adulto Mayor (CAAM) Luque, recorrieron y&#046;&#046;&#046;\" \/>\n<meta property=\"og:url\" content=\"https:\/\/noti-america.com\/site\/ecuador\/2019\/10\/30\/guayaquil-centro-de-atencion-al-adulto-mayor-sera-adecuado-en-la-ciudadela-bolivariana\/\" \/>\n<meta property=\"og:site_name\" content=\"Ecuador | Noti-America.com\" \/>\n<meta property=\"article:published_time\" content=\"2019-10-30T01:02:42+00:00\" \/>\n<meta property=\"article:modified_time\" content=\"2019-10-30T01:04:19+00:00\" \/>\n<meta property=\"og:image\" content=\"https:\/\/noti-america.com\/site\/ecuador\/wp-content\/uploads\/sites\/18\/2019\/10\/Centro-de-atenci\u00f3n-al-adulto-mayor-en-la-Bolivariana.jpg\" \/>\n\t<meta property=\"og:image:width\" content=\"1098\" \/>\n\t<meta property=\"og:image:height\" content=\"732\" \/>\n\t<meta property=\"og:image:type\" content=\"image\/jpeg\" \/>\n<meta name=\"author\" content=\"Gregory Quintana Montiel\" \/>\n<meta name=\"twitter:card\" content=\"summary_large_image\" \/>\n<meta name=\"twitter:creator\" content=\"@gdgregori1\" \/>\n<meta name=\"twitter:site\" content=\"@notiamerica\" \/>\n<meta name=\"twitter:label1\" content=\"Escrito por\" \/>\n\t<meta name=\"twitter:data1\" content=\"Gregory Quintana Montiel\" \/>\n\t<meta name=\"twitter:label2\" content=\"Tiempo estimado de lectura\" \/>\n\t<meta name=\"twitter:data2\" content=\"2 minutos\" \/>\n<script type=\"application\/ld+json\" class=\"yoast-schema-graph\">{\"@context\":\"https:\/\/schema.org\",\"@graph\":[{\"@type\":\"Article\",\"@id\":\"https:\/\/noti-america.com\/site\/ecuador\/2019\/10\/30\/guayaquil-centro-de-atencion-al-adulto-mayor-sera-adecuado-en-la-ciudadela-bolivariana\/#article\",\"isPartOf\":{\"@id\":\"https:\/\/noti-america.com\/site\/ecuador\/2019\/10\/30\/guayaquil-centro-de-atencion-al-adulto-mayor-sera-adecuado-en-la-ciudadela-bolivariana\/\"},\"author\":{\"name\":\"Gregory Quintana Montiel\",\"@id\":\"https:\/\/noti-america.com\/site\/ecuador\/#\/schema\/person\/3b975e42f15abfe64bfe3abdd916efda\"},\"headline\":\"Guayaquil: Centro de Atenci\u00f3n al Adulto Mayor, ser\u00e1 adecuado en la ciudadela Bolivariana\",\"datePublished\":\"2019-10-30T01:02:42+00:00\",\"dateModified\":\"2019-10-30T01:04:19+00:00\",\"mainEntityOfPage\":{\"@id\":\"https:\/\/noti-america.com\/site\/ecuador\/2019\/10\/30\/guayaquil-centro-de-atencion-al-adulto-mayor-sera-adecuado-en-la-ciudadela-bolivariana\/\"},\"wordCount\":364,\"commentCount\":0,\"publisher\":{\"@id\":\"https:\/\/noti-america.com\/site\/ecuador\/#organization\"},\"image\":{\"@id\":\"https:\/\/noti-america.com\/site\/ecuador\/2019\/10\/30\/guayaquil-centro-de-atencion-al-adulto-mayor-sera-adecuado-en-la-ciudadela-bolivariana\/#primaryimage\"},\"thumbnailUrl\":\"https:\/\/noti-america.com\/site\/ecuador\/wp-content\/uploads\/sites\/18\/2019\/10\/Centro-de-atenci\u00f3n-al-adulto-mayor-en-la-Bolivariana.jpg\",\"articleSection\":[\"Salud\"],\"inLanguage\":\"es\",\"potentialAction\":[{\"@type\":\"CommentAction\",\"name\":\"Comment\",\"target\":[\"https:\/\/noti-america.com\/site\/ecuador\/2019\/10\/30\/guayaquil-centro-de-atencion-al-adulto-mayor-sera-adecuado-en-la-ciudadela-bolivariana\/#respond\"]}]},{\"@type\":\"WebPage\",\"@id\":\"https:\/\/noti-america.com\/site\/ecuador\/2019\/10\/30\/guayaquil-centro-de-atencion-al-adulto-mayor-sera-adecuado-en-la-ciudadela-bolivariana\/\",\"url\":\"https:\/\/noti-america.com\/site\/ecuador\/2019\/10\/30\/guayaquil-centro-de-atencion-al-adulto-mayor-sera-adecuado-en-la-ciudadela-bolivariana\/\",\"name\":\"Guayaquil: Centro de Atenci\u00f3n al Adulto Mayor, ser\u00e1 adecuado en la ciudadela Bolivariana - Ecuador | Noti-America.com\",\"isPartOf\":{\"@id\":\"https:\/\/noti-america.com\/site\/ecuador\/#website\"},\"primaryImageOfPage\":{\"@id\":\"https:\/\/noti-america.com\/site\/ecuador\/2019\/10\/30\/guayaquil-centro-de-atencion-al-adulto-mayor-sera-adecuado-en-la-ciudadela-bolivariana\/#primaryimage\"},\"image\":{\"@id\":\"https:\/\/noti-america.com\/site\/ecuador\/2019\/10\/30\/guayaquil-centro-de-atencion-al-adulto-mayor-sera-adecuado-en-la-ciudadela-bolivariana\/#primaryimage\"},\"thumbnailUrl\":\"https:\/\/noti-america.com\/site\/ecuador\/wp-content\/uploads\/sites\/18\/2019\/10\/Centro-de-atenci\u00f3n-al-adulto-mayor-en-la-Bolivariana.jpg\",\"datePublished\":\"2019-10-30T01:02:42+00:00\",\"dateModified\":\"2019-10-30T01:04:19+00:00\",\"breadcrumb\":{\"@id\":\"https:\/\/noti-america.com\/site\/ecuador\/2019\/10\/30\/guayaquil-centro-de-atencion-al-adulto-mayor-sera-adecuado-en-la-ciudadela-bolivariana\/#breadcrumb\"},\"inLanguage\":\"es\",\"potentialAction\":[{\"@type\":\"ReadAction\",\"target\":[\"https:\/\/noti-america.com\/site\/ecuador\/2019\/10\/30\/guayaquil-centro-de-atencion-al-adulto-mayor-sera-adecuado-en-la-ciudadela-bolivariana\/\"]}]},{\"@type\":\"ImageObject\",\"inLanguage\":\"es\",\"@id\":\"https:\/\/noti-america.com\/site\/ecuador\/2019\/10\/30\/guayaquil-centro-de-atencion-al-adulto-mayor-sera-adecuado-en-la-ciudadela-bolivariana\/#primaryimage\",\"url\":\"https:\/\/noti-america.com\/site\/ecuador\/wp-content\/uploads\/sites\/18\/2019\/10\/Centro-de-atenci\u00f3n-al-adulto-mayor-en-la-Bolivariana.jpg\",\"contentUrl\":\"https:\/\/noti-america.com\/site\/ecuador\/wp-content\/uploads\/sites\/18\/2019\/10\/Centro-de-atenci\u00f3n-al-adulto-mayor-en-la-Bolivariana.jpg\",\"width\":1098,\"height\":732},{\"@type\":\"BreadcrumbList\",\"@id\":\"https:\/\/noti-america.com\/site\/ecuador\/2019\/10\/30\/guayaquil-centro-de-atencion-al-adulto-mayor-sera-adecuado-en-la-ciudadela-bolivariana\/#breadcrumb\",\"itemListElement\":[{\"@type\":\"ListItem\",\"position\":1,\"name\":\"Portada\",\"item\":\"https:\/\/noti-america.com\/site\/ecuador\/\"},{\"@type\":\"ListItem\",\"position\":2,\"name\":\"Guayaquil: Centro de Atenci\u00f3n al Adulto Mayor, ser\u00e1 adecuado en la ciudadela Bolivariana\"}]},{\"@type\":\"WebSite\",\"@id\":\"https:\/\/noti-america.com\/site\/ecuador\/#website\",\"url\":\"https:\/\/noti-america.com\/site\/ecuador\/\",\"name\":\"Ecuador | Noti-America.com\",\"description\":\"\",\"publisher\":{\"@id\":\"https:\/\/noti-america.com\/site\/ecuador\/#organization\"},\"potentialAction\":[{\"@type\":\"SearchAction\",\"target\":{\"@type\":\"EntryPoint\",\"urlTemplate\":\"https:\/\/noti-america.com\/site\/ecuador\/?s={search_term_string}\"},\"query-input\":{\"@type\":\"PropertyValueSpecification\",\"valueRequired\":true,\"valueName\":\"search_term_string\"}}],\"inLanguage\":\"es\"},{\"@type\":\"Organization\",\"@id\":\"https:\/\/noti-america.com\/site\/ecuador\/#organization\",\"name\":\"Noti-America LLC | Ecuador\",\"url\":\"https:\/\/noti-america.com\/site\/ecuador\/\",\"logo\":{\"@type\":\"ImageObject\",\"inLanguage\":\"es\",\"@id\":\"https:\/\/noti-america.com\/site\/ecuador\/#\/schema\/logo\/image\/\",\"url\":\"https:\/\/noti-america.com\/site\/ecuador\/wp-content\/uploads\/sites\/18\/2020\/07\/LogoNA-4x3-1.jpg\",\"contentUrl\":\"https:\/\/noti-america.com\/site\/ecuador\/wp-content\/uploads\/sites\/18\/2020\/07\/LogoNA-4x3-1.jpg\",\"width\":1236,\"height\":1080,\"caption\":\"Noti-America LLC | Ecuador\"},\"image\":{\"@id\":\"https:\/\/noti-america.com\/site\/ecuador\/#\/schema\/logo\/image\/\"},\"sameAs\":[\"https:\/\/x.com\/notiamerica\"]},{\"@type\":\"Person\",\"@id\":\"https:\/\/noti-america.com\/site\/ecuador\/#\/schema\/person\/3b975e42f15abfe64bfe3abdd916efda\",\"name\":\"Gregory Quintana Montiel\",\"image\":{\"@type\":\"ImageObject\",\"inLanguage\":\"es\",\"@id\":\"https:\/\/secure.gravatar.com\/avatar\/2d6b802f7720c2ec7744dcbe608cc2f3417aeb964d58b443c6d612b77531de1d?s=96&d=mm&r=g\",\"url\":\"https:\/\/secure.gravatar.com\/avatar\/2d6b802f7720c2ec7744dcbe608cc2f3417aeb964d58b443c6d612b77531de1d?s=96&d=mm&r=g\",\"contentUrl\":\"https:\/\/secure.gravatar.com\/avatar\/2d6b802f7720c2ec7744dcbe608cc2f3417aeb964d58b443c6d612b77531de1d?s=96&d=mm&r=g\",\"caption\":\"Gregory Quintana Montiel\"},\"description\":\"Licenciatura en Ciencias de la Comunicaci\u00f3n Social, egresado en la Especializaci\u00f3n Derecho Ambiental Desarrollo Sostenible y Sustentable, Miembro de la Comunidad de profesionales y experto para Latinoam\u00e9rica y el Caribe en Gesti\u00f3n por Resultado en el Desarrollo (COPLAC - GpRD) del Banco Interamericano de Desarrollo, experiencia en medios radiales y escritos.\",\"sameAs\":[\"https:\/\/x.com\/gdgregori1\",\"gquintana\"],\"url\":\"https:\/\/noti-america.com\/site\/ecuador\/author\/gquintana\/\"}]}<\/script>\n<!-- \/ Yoast SEO Premium plugin. -->","yoast_head_json":{"title":"Guayaquil: Centro de Atenci\u00f3n al Adulto Mayor, ser\u00e1 adecuado en la ciudadela Bolivariana - Ecuador | Noti-America.com","robots":{"index":"index","follow":"follow","max-snippet":"max-snippet:-1","max-image-preview":"max-image-preview:large","max-video-preview":"max-video-preview:-1"},"canonical":"https:\/\/noti-america.com\/site\/ecuador\/2019\/10\/30\/guayaquil-centro-de-atencion-al-adulto-mayor-sera-adecuado-en-la-ciudadela-bolivariana\/","og_locale":"es_ES","og_type":"article","og_title":"Guayaquil: Centro de Atenci\u00f3n al Adulto Mayor, ser\u00e1 adecuado en la ciudadela Bolivariana","og_description":"REDACCI\u00d3N NOTI AM\u00c9RICA (ECUADOR) Con rostros de satisfacci\u00f3n, una comitiva de jubilados que son parte del Programa del Adulto Mayor y que asisten al Centro de Atenci\u00f3n al Adulto Mayor (CAAM) Luque, recorrieron y&#46;&#46;&#46;","og_url":"https:\/\/noti-america.com\/site\/ecuador\/2019\/10\/30\/guayaquil-centro-de-atencion-al-adulto-mayor-sera-adecuado-en-la-ciudadela-bolivariana\/","og_site_name":"Ecuador | Noti-America.com","article_published_time":"2019-10-30T01:02:42+00:00","article_modified_time":"2019-10-30T01:04:19+00:00","og_image":[{"width":1098,"height":732,"url":"https:\/\/noti-america.com\/site\/ecuador\/wp-content\/uploads\/sites\/18\/2019\/10\/Centro-de-atenci\u00f3n-al-adulto-mayor-en-la-Bolivariana.jpg","type":"image\/jpeg"}],"author":"Gregory Quintana Montiel","twitter_card":"summary_large_image","twitter_creator":"@gdgregori1","twitter_site":"@notiamerica","twitter_misc":{"Escrito por":"Gregory Quintana Montiel","Tiempo estimado de lectura":"2 minutos"},"schema":{"@context":"https:\/\/schema.org","@graph":[{"@type":"Article","@id":"https:\/\/noti-america.com\/site\/ecuador\/2019\/10\/30\/guayaquil-centro-de-atencion-al-adulto-mayor-sera-adecuado-en-la-ciudadela-bolivariana\/#article","isPartOf":{"@id":"https:\/\/noti-america.com\/site\/ecuador\/2019\/10\/30\/guayaquil-centro-de-atencion-al-adulto-mayor-sera-adecuado-en-la-ciudadela-bolivariana\/"},"author":{"name":"Gregory Quintana Montiel","@id":"https:\/\/noti-america.com\/site\/ecuador\/#\/schema\/person\/3b975e42f15abfe64bfe3abdd916efda"},"headline":"Guayaquil: Centro de Atenci\u00f3n al Adulto Mayor, ser\u00e1 adecuado en la ciudadela Bolivariana","datePublished":"2019-10-30T01:02:42+00:00","dateModified":"2019-10-30T01:04:19+00:00","mainEntityOfPage":{"@id":"https:\/\/noti-america.com\/site\/ecuador\/2019\/10\/30\/guayaquil-centro-de-atencion-al-adulto-mayor-sera-adecuado-en-la-ciudadela-bolivariana\/"},"wordCount":364,"commentCount":0,"publisher":{"@id":"https:\/\/noti-america.com\/site\/ecuador\/#organization"},"image":{"@id":"https:\/\/noti-america.com\/site\/ecuador\/2019\/10\/30\/guayaquil-centro-de-atencion-al-adulto-mayor-sera-adecuado-en-la-ciudadela-bolivariana\/#primaryimage"},"thumbnailUrl":"https:\/\/noti-america.com\/site\/ecuador\/wp-content\/uploads\/sites\/18\/2019\/10\/Centro-de-atenci\u00f3n-al-adulto-mayor-en-la-Bolivariana.jpg","articleSection":["Salud"],"inLanguage":"es","potentialAction":[{"@type":"CommentAction","name":"Comment","target":["https:\/\/noti-america.com\/site\/ecuador\/2019\/10\/30\/guayaquil-centro-de-atencion-al-adulto-mayor-sera-adecuado-en-la-ciudadela-bolivariana\/#respond"]}]},{"@type":"WebPage","@id":"https:\/\/noti-america.com\/site\/ecuador\/2019\/10\/30\/guayaquil-centro-de-atencion-al-adulto-mayor-sera-adecuado-en-la-ciudadela-bolivariana\/","url":"https:\/\/noti-america.com\/site\/ecuador\/2019\/10\/30\/guayaquil-centro-de-atencion-al-adulto-mayor-sera-adecuado-en-la-ciudadela-bolivariana\/","name":"Guayaquil: Centro de Atenci\u00f3n al Adulto Mayor, ser\u00e1 adecuado en la ciudadela Bolivariana - Ecuador | Noti-America.com","isPartOf":{"@id":"https:\/\/noti-america.com\/site\/ecuador\/#website"},"primaryImageOfPage":{"@id":"https:\/\/noti-america.com\/site\/ecuador\/2019\/10\/30\/guayaquil-centro-de-atencion-al-adulto-mayor-sera-adecuado-en-la-ciudadela-bolivariana\/#primaryimage"},"image":{"@id":"https:\/\/noti-america.com\/site\/ecuador\/2019\/10\/30\/guayaquil-centro-de-atencion-al-adulto-mayor-sera-adecuado-en-la-ciudadela-bolivariana\/#primaryimage"},"thumbnailUrl":"https:\/\/noti-america.com\/site\/ecuador\/wp-content\/uploads\/sites\/18\/2019\/10\/Centro-de-atenci\u00f3n-al-adulto-mayor-en-la-Bolivariana.jpg","datePublished":"2019-10-30T01:02:42+00:00","dateModified":"2019-10-30T01:04:19+00:00","breadcrumb":{"@id":"https:\/\/noti-america.com\/site\/ecuador\/2019\/10\/30\/guayaquil-centro-de-atencion-al-adulto-mayor-sera-adecuado-en-la-ciudadela-bolivariana\/#breadcrumb"},"inLanguage":"es","potentialAction":[{"@type":"ReadAction","target":["https:\/\/noti-america.com\/site\/ecuador\/2019\/10\/30\/guayaquil-centro-de-atencion-al-adulto-mayor-sera-adecuado-en-la-ciudadela-bolivariana\/"]}]},{"@type":"ImageObject","inLanguage":"es","@id":"https:\/\/noti-america.com\/site\/ecuador\/2019\/10\/30\/guayaquil-centro-de-atencion-al-adulto-mayor-sera-adecuado-en-la-ciudadela-bolivariana\/#primaryimage","url":"https:\/\/noti-america.com\/site\/ecuador\/wp-content\/uploads\/sites\/18\/2019\/10\/Centro-de-atenci\u00f3n-al-adulto-mayor-en-la-Bolivariana.jpg","contentUrl":"https:\/\/noti-america.com\/site\/ecuador\/wp-content\/uploads\/sites\/18\/2019\/10\/Centro-de-atenci\u00f3n-al-adulto-mayor-en-la-Bolivariana.jpg","width":1098,"height":732},{"@type":"BreadcrumbList","@id":"https:\/\/noti-america.com\/site\/ecuador\/2019\/10\/30\/guayaquil-centro-de-atencion-al-adulto-mayor-sera-adecuado-en-la-ciudadela-bolivariana\/#breadcrumb","itemListElement":[{"@type":"ListItem","position":1,"name":"Portada","item":"https:\/\/noti-america.com\/site\/ecuador\/"},{"@type":"ListItem","position":2,"name":"Guayaquil: Centro de Atenci\u00f3n al Adulto Mayor, ser\u00e1 adecuado en la ciudadela Bolivariana"}]},{"@type":"WebSite","@id":"https:\/\/noti-america.com\/site\/ecuador\/#website","url":"https:\/\/noti-america.com\/site\/ecuador\/","name":"Ecuador | Noti-America.com","description":"","publisher":{"@id":"https:\/\/noti-america.com\/site\/ecuador\/#organization"},"potentialAction":[{"@type":"SearchAction","target":{"@type":"EntryPoint","urlTemplate":"https:\/\/noti-america.com\/site\/ecuador\/?s={search_term_string}"},"query-input":{"@type":"PropertyValueSpecification","valueRequired":true,"valueName":"search_term_string"}}],"inLanguage":"es"},{"@type":"Organization","@id":"https:\/\/noti-america.com\/site\/ecuador\/#organization","name":"Noti-America LLC | Ecuador","url":"https:\/\/noti-america.com\/site\/ecuador\/","logo":{"@type":"ImageObject","inLanguage":"es","@id":"https:\/\/noti-america.com\/site\/ecuador\/#\/schema\/logo\/image\/","url":"https:\/\/noti-america.com\/site\/ecuador\/wp-content\/uploads\/sites\/18\/2020\/07\/LogoNA-4x3-1.jpg","contentUrl":"https:\/\/noti-america.com\/site\/ecuador\/wp-content\/uploads\/sites\/18\/2020\/07\/LogoNA-4x3-1.jpg","width":1236,"height":1080,"caption":"Noti-America LLC | Ecuador"},"image":{"@id":"https:\/\/noti-america.com\/site\/ecuador\/#\/schema\/logo\/image\/"},"sameAs":["https:\/\/x.com\/notiamerica"]},{"@type":"Person","@id":"https:\/\/noti-america.com\/site\/ecuador\/#\/schema\/person\/3b975e42f15abfe64bfe3abdd916efda","name":"Gregory Quintana Montiel","image":{"@type":"ImageObject","inLanguage":"es","@id":"https:\/\/secure.gravatar.com\/avatar\/2d6b802f7720c2ec7744dcbe608cc2f3417aeb964d58b443c6d612b77531de1d?s=96&d=mm&r=g","url":"https:\/\/secure.gravatar.com\/avatar\/2d6b802f7720c2ec7744dcbe608cc2f3417aeb964d58b443c6d612b77531de1d?s=96&d=mm&r=g","contentUrl":"https:\/\/secure.gravatar.com\/avatar\/2d6b802f7720c2ec7744dcbe608cc2f3417aeb964d58b443c6d612b77531de1d?s=96&d=mm&r=g","caption":"Gregory Quintana Montiel"},"description":"Licenciatura en Ciencias de la Comunicaci\u00f3n Social, egresado en la Especializaci\u00f3n Derecho Ambiental Desarrollo Sostenible y Sustentable, Miembro de la Comunidad de profesionales y experto para Latinoam\u00e9rica y el Caribe en Gesti\u00f3n por Resultado en el Desarrollo (COPLAC - GpRD) del Banco Interamericano de Desarrollo, experiencia en medios radiales y escritos.","sameAs":["https:\/\/x.com\/gdgregori1","gquintana"],"url":"https:\/\/noti-america.com\/site\/ecuador\/author\/gquintana\/"}]}},"_links":{"self":[{"href":"https:\/\/noti-america.com\/site\/ecuador\/wp-json\/wp\/v2\/posts\/6305","targetHints":{"allow":["GET"]}}],"collection":[{"href":"https:\/\/noti-america.com\/site\/ecuador\/wp-json\/wp\/v2\/posts"}],"about":[{"href":"https:\/\/noti-america.com\/site\/ecuador\/wp-json\/wp\/v2\/types\/post"}],"author":[{"embeddable":true,"href":"https:\/\/noti-america.com\/site\/ecuador\/wp-json\/wp\/v2\/users\/17"}],"replies":[{"embeddable":true,"href":"https:\/\/noti-america.com\/site\/ecuador\/wp-json\/wp\/v2\/comments?post=6305"}],"version-history":[{"count":1,"href":"https:\/\/noti-america.com\/site\/ecuador\/wp-json\/wp\/v2\/posts\/6305\/revisions"}],"predecessor-version":[{"id":6307,"href":"https:\/\/noti-america.com\/site\/ecuador\/wp-json\/wp\/v2\/posts\/6305\/revisions\/6307"}],"wp:featuredmedia":[{"embeddable":true,"href":"https:\/\/noti-america.com\/site\/ecuador\/wp-json\/wp\/v2\/media\/6306"}],"wp:attachment":[{"href":"https:\/\/noti-america.com\/site\/ecuador\/wp-json\/wp\/v2\/media?parent=6305"}],"wp:term":[{"taxonomy":"category","embeddable":true,"href":"https:\/\/noti-america.com\/site\/ecuador\/wp-json\/wp\/v2\/categories?post=6305"},{"taxonomy":"post_tag","embeddable":true,"href":"https:\/\/noti-america.com\/site\/ecuador\/wp-json\/wp\/v2\/tags?post=6305"}],"curies":[{"name":"wp","href":"https:\/\/api.w.org\/{rel}","templated":true}]}}