{"id":6286,"date":"2019-10-29T01:02:38","date_gmt":"2019-10-29T01:02:38","guid":{"rendered":"http:\/\/noti-america.com\/site\/ecuador\/?p=6286"},"modified":"2019-10-29T01:04:27","modified_gmt":"2019-10-29T01:04:27","slug":"nidos-de-aves-repletos-de-basura-generada-por-el-ser-humano","status":"publish","type":"post","link":"https:\/\/noti-america.com\/site\/ecuador\/2019\/10\/29\/nidos-de-aves-repletos-de-basura-generada-por-el-ser-humano\/","title":{"rendered":"Nidos de aves repletos de basura generada por el ser humano"},"content":{"rendered":"<p>REDACCI\u00d3N NOTI AM\u00c9RICA (ECUADOR)<\/p>\n<p style=\"text-align: justify\">En 2025 se estima que la basura generada en el mundo aumente un 50 %. En 2050 lo har\u00e1 un 70 %, siendo el pl\u00e1stico el residuo mayoritario.<\/p>\n<p style=\"text-align: justify\">La mano del\u00a0ser humano\u00a0y su impacto en el medio ambiente est\u00e1n detr\u00e1s de la<strong>\u00a0cantidad de\u00a0basura,\u00a0<\/strong>cada vez mayor, que las aves incorporan a sus nidos, seg\u00fan una investigaci\u00f3n internacional en la que participa la Universidad Complutense de Madrid (UCM).<\/p>\n<p style=\"text-align: justify\">El trabajo, realizado junto a la Universidad de Ciencias de la Vida en Pozna\u0144 (Polonia), se ha publicado en\u00a0<em>Environmental Pollution<\/em>\u00a0y se trata de una revisi\u00f3n de 25 art\u00edculos publicados hasta la fecha sobre el tema.<\/p>\n<p style=\"text-align: justify\"><img loading=\"lazy\" decoding=\"async\" class=\"imagenin img-fluid pull-left mr-40 mb-15 alignleft\" src=\"https:\/\/www.ecoticias.com\/userfiles\/2019\/octubre\/25oct\/zaveverti.jpg\" alt=\"Nidos de aves repletos de basura generada por el ser humano\" width=\"639\" height=\"866\" \/><\/p>\n<p style=\"text-align: justify\">El\u00a0\u00cdndice de Huella Humana\u00a0(<em>Human Footprint Index<\/em>) o<strong>\u00a0huella ecol\u00f3gica<\/strong>\u00a0sintetiza la influencia de la acci\u00f3n del hombre sobre el territorio. Los cient\u00edficos han demostrado la relaci\u00f3n entre este indicador y la probabilidad de incorporaci\u00f3n de\u00a0residuos, tanto los generados por el ser humano como los abandonados en la naturaleza por \u00e9l en nidos de aves terrestres y marinas.<\/p>\n<p style=\"text-align: justify\">\u201cNuestro estudio implica que la incorporaci\u00f3n de basura a los nidos es una de las respuestas de las aves a este huella humana. Los cambios en el entorno natural pueden implicar una disminuci\u00f3n en los materiales naturales que las aves usan para construir sus nidos, forz\u00e1ndoles a utilizar materiales de sustituci\u00f3n como pueden ser las basuras\u201d, explica Jos\u00e9 I. Aguirre, investigador del Departamento de Biodiversidad Ecolog\u00eda y Evoluci\u00f3n de la UCM.<\/p>\n<p style=\"text-align: justify\">El bi\u00f3logo a\u00f1ade que los escombros que m\u00e1s se incorporan en<strong>\u00a0los nidos contienen aluminio<\/strong>\u00a0y, sobre todo, pl\u00e1stico, en forma de cuerdas o de restos como ropa, colillas de cigarrillo y un largo etc\u00e9tera de residuos.<\/p>\n<h2 style=\"text-align: justify\">M\u00e1s residuos en las aves terrestres<\/h2>\n<p style=\"text-align: justify\">En total, los datos analizados corresponden a\u00a0<strong>10.790 nidos\u00a0<\/strong>pertenecientes a 51 poblaciones de 24 especies de aves de todo el mundo.<\/p>\n<p style=\"text-align: justify\">\u201cLa probabilidad de incorporaci\u00f3n de basura es m\u00e1s alta en las especies terrestres que en las marinas\u201d, se\u00f1ala Aguirre, si bien a\u00f1ade que el n\u00famero de estudios sobre especies marinas es superior al de las terrestres.<\/p>\n<p style=\"text-align: justify\">Las aves incorporan la basura por diferentes razones, seg\u00fan el experto: como un sustituto de los materiales naturales el exceso de residuos, para fortalecer las estructuras, repeler insectos y hasta como m\u00e9todo de seducci\u00f3n decorando el nido con pl\u00e1sticos llamativos.<\/p>\n<p style=\"text-align: justify\">\u201cEl patr\u00f3n global de incorporaci\u00f3n de basura a los nidos que hemos descrito refleja la presi\u00f3n humana sobre el planeta. La contaminaci\u00f3n ambiental se incrementa en la misma proporci\u00f3n que las consecuencias negativas y el<strong>\u00a0riesgo ecol\u00f3gico ambiental.<\/strong>\u00a0Por ello, son necesarios estudio y m\u00e9todos estandarizados no s\u00f3lo para describir este fen\u00f3meno sino tambi\u00e9n para cuantificarlo\u201d, concluye el investigador de la UCM.<\/p>\n<p style=\"text-align: justify\">Fuente:\u00a0<a href=\"https:\/\/www.agenciasinc.es\/\" target=\"_blank\" rel=\"noopener noreferrer\">SINC<\/a><\/p>\n","protected":false},"excerpt":{"rendered":"<p>REDACCI\u00d3N NOTI AM\u00c9RICA (ECUADOR) En 2025 se estima que la basura generada en el mundo aumente un 50 %. En 2050 lo har\u00e1 un 70 %, siendo el pl\u00e1stico el residuo mayoritario. La mano&#46;&#46;&#46;<\/p>\n","protected":false},"author":17,"featured_media":6287,"comment_status":"open","ping_status":"open","sticky":false,"template":"","format":"standard","meta":{"_acf_changed":false,"om_disable_all_campaigns":false,"rop_custom_images_group":[],"rop_custom_messages_group":[],"rop_publish_now":"initial","rop_publish_now_accounts":{"twitter_242054905_242054905":""},"rop_publish_now_history":[],"rop_publish_now_status":"pending","_uf_show_specific_survey":0,"_uf_disable_surveys":false,"footnotes":""},"categories":[79],"tags":[],"class_list":["post-6286","post","type-post","status-publish","format-standard","has-post-thumbnail","hentry","category-ambiental"],"acf":[],"aioseo_notices":[],"yoast_head":"<!-- This site is optimized with the Yoast SEO Premium plugin v24.9 (Yoast SEO v27.2) - https:\/\/yoast.com\/product\/yoast-seo-premium-wordpress\/ -->\n<title>Nidos de aves repletos de basura generada por el ser humano - Ecuador | Noti-America.com<\/title>\n<meta name=\"robots\" content=\"index, follow, max-snippet:-1, max-image-preview:large, max-video-preview:-1\" \/>\n<link rel=\"canonical\" href=\"https:\/\/noti-america.com\/site\/ecuador\/2019\/10\/29\/nidos-de-aves-repletos-de-basura-generada-por-el-ser-humano\/\" \/>\n<meta property=\"og:locale\" content=\"es_ES\" \/>\n<meta property=\"og:type\" content=\"article\" \/>\n<meta property=\"og:title\" content=\"Nidos de aves repletos de basura generada por el ser humano\" \/>\n<meta property=\"og:description\" content=\"REDACCI\u00d3N NOTI AM\u00c9RICA (ECUADOR) En 2025 se estima que la basura generada en el mundo aumente un 50 %. En 2050 lo har\u00e1 un 70 %, siendo el pl\u00e1stico el residuo mayoritario. La mano&#046;&#046;&#046;\" \/>\n<meta property=\"og:url\" content=\"https:\/\/noti-america.com\/site\/ecuador\/2019\/10\/29\/nidos-de-aves-repletos-de-basura-generada-por-el-ser-humano\/\" \/>\n<meta property=\"og:site_name\" content=\"Ecuador | Noti-America.com\" \/>\n<meta property=\"article:published_time\" content=\"2019-10-29T01:02:38+00:00\" \/>\n<meta property=\"article:modified_time\" content=\"2019-10-29T01:04:27+00:00\" \/>\n<meta property=\"og:image\" content=\"https:\/\/noti-america.com\/site\/ecuador\/wp-content\/uploads\/sites\/18\/2019\/10\/Nidos-de-aves-repletos-de-basura-generada-por-el-ser-humano.jpg\" \/>\n\t<meta property=\"og:image:width\" content=\"730\" \/>\n\t<meta property=\"og:image:height\" content=\"487\" \/>\n\t<meta property=\"og:image:type\" content=\"image\/jpeg\" \/>\n<meta name=\"author\" content=\"Gregory Quintana Montiel\" \/>\n<meta name=\"twitter:card\" content=\"summary_large_image\" \/>\n<meta name=\"twitter:creator\" content=\"@gdgregori1\" \/>\n<meta name=\"twitter:site\" content=\"@notiamerica\" \/>\n<meta name=\"twitter:label1\" content=\"Escrito por\" \/>\n\t<meta name=\"twitter:data1\" content=\"Gregory Quintana Montiel\" \/>\n\t<meta name=\"twitter:label2\" content=\"Tiempo estimado de lectura\" \/>\n\t<meta name=\"twitter:data2\" content=\"2 minutos\" \/>\n<script type=\"application\/ld+json\" class=\"yoast-schema-graph\">{\"@context\":\"https:\/\/schema.org\",\"@graph\":[{\"@type\":\"Article\",\"@id\":\"https:\/\/noti-america.com\/site\/ecuador\/2019\/10\/29\/nidos-de-aves-repletos-de-basura-generada-por-el-ser-humano\/#article\",\"isPartOf\":{\"@id\":\"https:\/\/noti-america.com\/site\/ecuador\/2019\/10\/29\/nidos-de-aves-repletos-de-basura-generada-por-el-ser-humano\/\"},\"author\":{\"name\":\"Gregory Quintana Montiel\",\"@id\":\"https:\/\/noti-america.com\/site\/ecuador\/#\/schema\/person\/3b975e42f15abfe64bfe3abdd916efda\"},\"headline\":\"Nidos de aves repletos de basura generada por el ser humano\",\"datePublished\":\"2019-10-29T01:02:38+00:00\",\"dateModified\":\"2019-10-29T01:04:27+00:00\",\"mainEntityOfPage\":{\"@id\":\"https:\/\/noti-america.com\/site\/ecuador\/2019\/10\/29\/nidos-de-aves-repletos-de-basura-generada-por-el-ser-humano\/\"},\"wordCount\":494,\"commentCount\":0,\"publisher\":{\"@id\":\"https:\/\/noti-america.com\/site\/ecuador\/#organization\"},\"image\":{\"@id\":\"https:\/\/noti-america.com\/site\/ecuador\/2019\/10\/29\/nidos-de-aves-repletos-de-basura-generada-por-el-ser-humano\/#primaryimage\"},\"thumbnailUrl\":\"https:\/\/noti-america.com\/site\/ecuador\/wp-content\/uploads\/sites\/18\/2019\/10\/Nidos-de-aves-repletos-de-basura-generada-por-el-ser-humano.jpg\",\"articleSection\":[\"Ambiental\"],\"inLanguage\":\"es\",\"potentialAction\":[{\"@type\":\"CommentAction\",\"name\":\"Comment\",\"target\":[\"https:\/\/noti-america.com\/site\/ecuador\/2019\/10\/29\/nidos-de-aves-repletos-de-basura-generada-por-el-ser-humano\/#respond\"]}]},{\"@type\":\"WebPage\",\"@id\":\"https:\/\/noti-america.com\/site\/ecuador\/2019\/10\/29\/nidos-de-aves-repletos-de-basura-generada-por-el-ser-humano\/\",\"url\":\"https:\/\/noti-america.com\/site\/ecuador\/2019\/10\/29\/nidos-de-aves-repletos-de-basura-generada-por-el-ser-humano\/\",\"name\":\"Nidos de aves repletos de basura generada por el ser humano - Ecuador | Noti-America.com\",\"isPartOf\":{\"@id\":\"https:\/\/noti-america.com\/site\/ecuador\/#website\"},\"primaryImageOfPage\":{\"@id\":\"https:\/\/noti-america.com\/site\/ecuador\/2019\/10\/29\/nidos-de-aves-repletos-de-basura-generada-por-el-ser-humano\/#primaryimage\"},\"image\":{\"@id\":\"https:\/\/noti-america.com\/site\/ecuador\/2019\/10\/29\/nidos-de-aves-repletos-de-basura-generada-por-el-ser-humano\/#primaryimage\"},\"thumbnailUrl\":\"https:\/\/noti-america.com\/site\/ecuador\/wp-content\/uploads\/sites\/18\/2019\/10\/Nidos-de-aves-repletos-de-basura-generada-por-el-ser-humano.jpg\",\"datePublished\":\"2019-10-29T01:02:38+00:00\",\"dateModified\":\"2019-10-29T01:04:27+00:00\",\"breadcrumb\":{\"@id\":\"https:\/\/noti-america.com\/site\/ecuador\/2019\/10\/29\/nidos-de-aves-repletos-de-basura-generada-por-el-ser-humano\/#breadcrumb\"},\"inLanguage\":\"es\",\"potentialAction\":[{\"@type\":\"ReadAction\",\"target\":[\"https:\/\/noti-america.com\/site\/ecuador\/2019\/10\/29\/nidos-de-aves-repletos-de-basura-generada-por-el-ser-humano\/\"]}]},{\"@type\":\"ImageObject\",\"inLanguage\":\"es\",\"@id\":\"https:\/\/noti-america.com\/site\/ecuador\/2019\/10\/29\/nidos-de-aves-repletos-de-basura-generada-por-el-ser-humano\/#primaryimage\",\"url\":\"https:\/\/noti-america.com\/site\/ecuador\/wp-content\/uploads\/sites\/18\/2019\/10\/Nidos-de-aves-repletos-de-basura-generada-por-el-ser-humano.jpg\",\"contentUrl\":\"https:\/\/noti-america.com\/site\/ecuador\/wp-content\/uploads\/sites\/18\/2019\/10\/Nidos-de-aves-repletos-de-basura-generada-por-el-ser-humano.jpg\",\"width\":730,\"height\":487},{\"@type\":\"BreadcrumbList\",\"@id\":\"https:\/\/noti-america.com\/site\/ecuador\/2019\/10\/29\/nidos-de-aves-repletos-de-basura-generada-por-el-ser-humano\/#breadcrumb\",\"itemListElement\":[{\"@type\":\"ListItem\",\"position\":1,\"name\":\"Portada\",\"item\":\"https:\/\/noti-america.com\/site\/ecuador\/\"},{\"@type\":\"ListItem\",\"position\":2,\"name\":\"Nidos de aves repletos de basura generada por el ser humano\"}]},{\"@type\":\"WebSite\",\"@id\":\"https:\/\/noti-america.com\/site\/ecuador\/#website\",\"url\":\"https:\/\/noti-america.com\/site\/ecuador\/\",\"name\":\"Ecuador | Noti-America.com\",\"description\":\"\",\"publisher\":{\"@id\":\"https:\/\/noti-america.com\/site\/ecuador\/#organization\"},\"potentialAction\":[{\"@type\":\"SearchAction\",\"target\":{\"@type\":\"EntryPoint\",\"urlTemplate\":\"https:\/\/noti-america.com\/site\/ecuador\/?s={search_term_string}\"},\"query-input\":{\"@type\":\"PropertyValueSpecification\",\"valueRequired\":true,\"valueName\":\"search_term_string\"}}],\"inLanguage\":\"es\"},{\"@type\":\"Organization\",\"@id\":\"https:\/\/noti-america.com\/site\/ecuador\/#organization\",\"name\":\"Noti-America LLC | Ecuador\",\"url\":\"https:\/\/noti-america.com\/site\/ecuador\/\",\"logo\":{\"@type\":\"ImageObject\",\"inLanguage\":\"es\",\"@id\":\"https:\/\/noti-america.com\/site\/ecuador\/#\/schema\/logo\/image\/\",\"url\":\"https:\/\/noti-america.com\/site\/ecuador\/wp-content\/uploads\/sites\/18\/2020\/07\/LogoNA-4x3-1.jpg\",\"contentUrl\":\"https:\/\/noti-america.com\/site\/ecuador\/wp-content\/uploads\/sites\/18\/2020\/07\/LogoNA-4x3-1.jpg\",\"width\":1236,\"height\":1080,\"caption\":\"Noti-America LLC | Ecuador\"},\"image\":{\"@id\":\"https:\/\/noti-america.com\/site\/ecuador\/#\/schema\/logo\/image\/\"},\"sameAs\":[\"https:\/\/x.com\/notiamerica\"]},{\"@type\":\"Person\",\"@id\":\"https:\/\/noti-america.com\/site\/ecuador\/#\/schema\/person\/3b975e42f15abfe64bfe3abdd916efda\",\"name\":\"Gregory Quintana Montiel\",\"image\":{\"@type\":\"ImageObject\",\"inLanguage\":\"es\",\"@id\":\"https:\/\/secure.gravatar.com\/avatar\/2d6b802f7720c2ec7744dcbe608cc2f3417aeb964d58b443c6d612b77531de1d?s=96&d=mm&r=g\",\"url\":\"https:\/\/secure.gravatar.com\/avatar\/2d6b802f7720c2ec7744dcbe608cc2f3417aeb964d58b443c6d612b77531de1d?s=96&d=mm&r=g\",\"contentUrl\":\"https:\/\/secure.gravatar.com\/avatar\/2d6b802f7720c2ec7744dcbe608cc2f3417aeb964d58b443c6d612b77531de1d?s=96&d=mm&r=g\",\"caption\":\"Gregory Quintana Montiel\"},\"description\":\"Licenciatura en Ciencias de la Comunicaci\u00f3n Social, egresado en la Especializaci\u00f3n Derecho Ambiental Desarrollo Sostenible y Sustentable, Miembro de la Comunidad de profesionales y experto para Latinoam\u00e9rica y el Caribe en Gesti\u00f3n por Resultado en el Desarrollo (COPLAC - GpRD) del Banco Interamericano de Desarrollo, experiencia en medios radiales y escritos.\",\"sameAs\":[\"https:\/\/x.com\/gdgregori1\",\"gquintana\"],\"url\":\"https:\/\/noti-america.com\/site\/ecuador\/author\/gquintana\/\"}]}<\/script>\n<!-- \/ Yoast SEO Premium plugin. -->","yoast_head_json":{"title":"Nidos de aves repletos de basura generada por el ser humano - Ecuador | Noti-America.com","robots":{"index":"index","follow":"follow","max-snippet":"max-snippet:-1","max-image-preview":"max-image-preview:large","max-video-preview":"max-video-preview:-1"},"canonical":"https:\/\/noti-america.com\/site\/ecuador\/2019\/10\/29\/nidos-de-aves-repletos-de-basura-generada-por-el-ser-humano\/","og_locale":"es_ES","og_type":"article","og_title":"Nidos de aves repletos de basura generada por el ser humano","og_description":"REDACCI\u00d3N NOTI AM\u00c9RICA (ECUADOR) En 2025 se estima que la basura generada en el mundo aumente un 50 %. En 2050 lo har\u00e1 un 70 %, siendo el pl\u00e1stico el residuo mayoritario. La mano&#46;&#46;&#46;","og_url":"https:\/\/noti-america.com\/site\/ecuador\/2019\/10\/29\/nidos-de-aves-repletos-de-basura-generada-por-el-ser-humano\/","og_site_name":"Ecuador | Noti-America.com","article_published_time":"2019-10-29T01:02:38+00:00","article_modified_time":"2019-10-29T01:04:27+00:00","og_image":[{"width":730,"height":487,"url":"https:\/\/noti-america.com\/site\/ecuador\/wp-content\/uploads\/sites\/18\/2019\/10\/Nidos-de-aves-repletos-de-basura-generada-por-el-ser-humano.jpg","type":"image\/jpeg"}],"author":"Gregory Quintana Montiel","twitter_card":"summary_large_image","twitter_creator":"@gdgregori1","twitter_site":"@notiamerica","twitter_misc":{"Escrito por":"Gregory Quintana Montiel","Tiempo estimado de lectura":"2 minutos"},"schema":{"@context":"https:\/\/schema.org","@graph":[{"@type":"Article","@id":"https:\/\/noti-america.com\/site\/ecuador\/2019\/10\/29\/nidos-de-aves-repletos-de-basura-generada-por-el-ser-humano\/#article","isPartOf":{"@id":"https:\/\/noti-america.com\/site\/ecuador\/2019\/10\/29\/nidos-de-aves-repletos-de-basura-generada-por-el-ser-humano\/"},"author":{"name":"Gregory Quintana Montiel","@id":"https:\/\/noti-america.com\/site\/ecuador\/#\/schema\/person\/3b975e42f15abfe64bfe3abdd916efda"},"headline":"Nidos de aves repletos de basura generada por el ser humano","datePublished":"2019-10-29T01:02:38+00:00","dateModified":"2019-10-29T01:04:27+00:00","mainEntityOfPage":{"@id":"https:\/\/noti-america.com\/site\/ecuador\/2019\/10\/29\/nidos-de-aves-repletos-de-basura-generada-por-el-ser-humano\/"},"wordCount":494,"commentCount":0,"publisher":{"@id":"https:\/\/noti-america.com\/site\/ecuador\/#organization"},"image":{"@id":"https:\/\/noti-america.com\/site\/ecuador\/2019\/10\/29\/nidos-de-aves-repletos-de-basura-generada-por-el-ser-humano\/#primaryimage"},"thumbnailUrl":"https:\/\/noti-america.com\/site\/ecuador\/wp-content\/uploads\/sites\/18\/2019\/10\/Nidos-de-aves-repletos-de-basura-generada-por-el-ser-humano.jpg","articleSection":["Ambiental"],"inLanguage":"es","potentialAction":[{"@type":"CommentAction","name":"Comment","target":["https:\/\/noti-america.com\/site\/ecuador\/2019\/10\/29\/nidos-de-aves-repletos-de-basura-generada-por-el-ser-humano\/#respond"]}]},{"@type":"WebPage","@id":"https:\/\/noti-america.com\/site\/ecuador\/2019\/10\/29\/nidos-de-aves-repletos-de-basura-generada-por-el-ser-humano\/","url":"https:\/\/noti-america.com\/site\/ecuador\/2019\/10\/29\/nidos-de-aves-repletos-de-basura-generada-por-el-ser-humano\/","name":"Nidos de aves repletos de basura generada por el ser humano - Ecuador | Noti-America.com","isPartOf":{"@id":"https:\/\/noti-america.com\/site\/ecuador\/#website"},"primaryImageOfPage":{"@id":"https:\/\/noti-america.com\/site\/ecuador\/2019\/10\/29\/nidos-de-aves-repletos-de-basura-generada-por-el-ser-humano\/#primaryimage"},"image":{"@id":"https:\/\/noti-america.com\/site\/ecuador\/2019\/10\/29\/nidos-de-aves-repletos-de-basura-generada-por-el-ser-humano\/#primaryimage"},"thumbnailUrl":"https:\/\/noti-america.com\/site\/ecuador\/wp-content\/uploads\/sites\/18\/2019\/10\/Nidos-de-aves-repletos-de-basura-generada-por-el-ser-humano.jpg","datePublished":"2019-10-29T01:02:38+00:00","dateModified":"2019-10-29T01:04:27+00:00","breadcrumb":{"@id":"https:\/\/noti-america.com\/site\/ecuador\/2019\/10\/29\/nidos-de-aves-repletos-de-basura-generada-por-el-ser-humano\/#breadcrumb"},"inLanguage":"es","potentialAction":[{"@type":"ReadAction","target":["https:\/\/noti-america.com\/site\/ecuador\/2019\/10\/29\/nidos-de-aves-repletos-de-basura-generada-por-el-ser-humano\/"]}]},{"@type":"ImageObject","inLanguage":"es","@id":"https:\/\/noti-america.com\/site\/ecuador\/2019\/10\/29\/nidos-de-aves-repletos-de-basura-generada-por-el-ser-humano\/#primaryimage","url":"https:\/\/noti-america.com\/site\/ecuador\/wp-content\/uploads\/sites\/18\/2019\/10\/Nidos-de-aves-repletos-de-basura-generada-por-el-ser-humano.jpg","contentUrl":"https:\/\/noti-america.com\/site\/ecuador\/wp-content\/uploads\/sites\/18\/2019\/10\/Nidos-de-aves-repletos-de-basura-generada-por-el-ser-humano.jpg","width":730,"height":487},{"@type":"BreadcrumbList","@id":"https:\/\/noti-america.com\/site\/ecuador\/2019\/10\/29\/nidos-de-aves-repletos-de-basura-generada-por-el-ser-humano\/#breadcrumb","itemListElement":[{"@type":"ListItem","position":1,"name":"Portada","item":"https:\/\/noti-america.com\/site\/ecuador\/"},{"@type":"ListItem","position":2,"name":"Nidos de aves repletos de basura generada por el ser humano"}]},{"@type":"WebSite","@id":"https:\/\/noti-america.com\/site\/ecuador\/#website","url":"https:\/\/noti-america.com\/site\/ecuador\/","name":"Ecuador | Noti-America.com","description":"","publisher":{"@id":"https:\/\/noti-america.com\/site\/ecuador\/#organization"},"potentialAction":[{"@type":"SearchAction","target":{"@type":"EntryPoint","urlTemplate":"https:\/\/noti-america.com\/site\/ecuador\/?s={search_term_string}"},"query-input":{"@type":"PropertyValueSpecification","valueRequired":true,"valueName":"search_term_string"}}],"inLanguage":"es"},{"@type":"Organization","@id":"https:\/\/noti-america.com\/site\/ecuador\/#organization","name":"Noti-America LLC | Ecuador","url":"https:\/\/noti-america.com\/site\/ecuador\/","logo":{"@type":"ImageObject","inLanguage":"es","@id":"https:\/\/noti-america.com\/site\/ecuador\/#\/schema\/logo\/image\/","url":"https:\/\/noti-america.com\/site\/ecuador\/wp-content\/uploads\/sites\/18\/2020\/07\/LogoNA-4x3-1.jpg","contentUrl":"https:\/\/noti-america.com\/site\/ecuador\/wp-content\/uploads\/sites\/18\/2020\/07\/LogoNA-4x3-1.jpg","width":1236,"height":1080,"caption":"Noti-America LLC | Ecuador"},"image":{"@id":"https:\/\/noti-america.com\/site\/ecuador\/#\/schema\/logo\/image\/"},"sameAs":["https:\/\/x.com\/notiamerica"]},{"@type":"Person","@id":"https:\/\/noti-america.com\/site\/ecuador\/#\/schema\/person\/3b975e42f15abfe64bfe3abdd916efda","name":"Gregory Quintana Montiel","image":{"@type":"ImageObject","inLanguage":"es","@id":"https:\/\/secure.gravatar.com\/avatar\/2d6b802f7720c2ec7744dcbe608cc2f3417aeb964d58b443c6d612b77531de1d?s=96&d=mm&r=g","url":"https:\/\/secure.gravatar.com\/avatar\/2d6b802f7720c2ec7744dcbe608cc2f3417aeb964d58b443c6d612b77531de1d?s=96&d=mm&r=g","contentUrl":"https:\/\/secure.gravatar.com\/avatar\/2d6b802f7720c2ec7744dcbe608cc2f3417aeb964d58b443c6d612b77531de1d?s=96&d=mm&r=g","caption":"Gregory Quintana Montiel"},"description":"Licenciatura en Ciencias de la Comunicaci\u00f3n Social, egresado en la Especializaci\u00f3n Derecho Ambiental Desarrollo Sostenible y Sustentable, Miembro de la Comunidad de profesionales y experto para Latinoam\u00e9rica y el Caribe en Gesti\u00f3n por Resultado en el Desarrollo (COPLAC - GpRD) del Banco Interamericano de Desarrollo, experiencia en medios radiales y escritos.","sameAs":["https:\/\/x.com\/gdgregori1","gquintana"],"url":"https:\/\/noti-america.com\/site\/ecuador\/author\/gquintana\/"}]}},"_links":{"self":[{"href":"https:\/\/noti-america.com\/site\/ecuador\/wp-json\/wp\/v2\/posts\/6286","targetHints":{"allow":["GET"]}}],"collection":[{"href":"https:\/\/noti-america.com\/site\/ecuador\/wp-json\/wp\/v2\/posts"}],"about":[{"href":"https:\/\/noti-america.com\/site\/ecuador\/wp-json\/wp\/v2\/types\/post"}],"author":[{"embeddable":true,"href":"https:\/\/noti-america.com\/site\/ecuador\/wp-json\/wp\/v2\/users\/17"}],"replies":[{"embeddable":true,"href":"https:\/\/noti-america.com\/site\/ecuador\/wp-json\/wp\/v2\/comments?post=6286"}],"version-history":[{"count":3,"href":"https:\/\/noti-america.com\/site\/ecuador\/wp-json\/wp\/v2\/posts\/6286\/revisions"}],"predecessor-version":[{"id":6290,"href":"https:\/\/noti-america.com\/site\/ecuador\/wp-json\/wp\/v2\/posts\/6286\/revisions\/6290"}],"wp:featuredmedia":[{"embeddable":true,"href":"https:\/\/noti-america.com\/site\/ecuador\/wp-json\/wp\/v2\/media\/6287"}],"wp:attachment":[{"href":"https:\/\/noti-america.com\/site\/ecuador\/wp-json\/wp\/v2\/media?parent=6286"}],"wp:term":[{"taxonomy":"category","embeddable":true,"href":"https:\/\/noti-america.com\/site\/ecuador\/wp-json\/wp\/v2\/categories?post=6286"},{"taxonomy":"post_tag","embeddable":true,"href":"https:\/\/noti-america.com\/site\/ecuador\/wp-json\/wp\/v2\/tags?post=6286"}],"curies":[{"name":"wp","href":"https:\/\/api.w.org\/{rel}","templated":true}]}}