{"id":6198,"date":"2019-10-23T03:50:32","date_gmt":"2019-10-23T03:50:32","guid":{"rendered":"http:\/\/noti-america.com\/site\/ecuador\/?p=6198"},"modified":"2019-10-23T03:52:15","modified_gmt":"2019-10-23T03:52:15","slug":"inversion-extranjera-por-11-millones-de-dolares-para-el-sector-turistico","status":"publish","type":"post","link":"https:\/\/noti-america.com\/site\/ecuador\/2019\/10\/23\/inversion-extranjera-por-11-millones-de-dolares-para-el-sector-turistico\/","title":{"rendered":"Inversi\u00f3n extranjera por 11 millones de d\u00f3lares para el sector tur\u00edstico"},"content":{"rendered":"<p>REDACCI\u00d3N NOTI AM\u00c9RICA (ECUADOR)<\/p>\n<p style=\"text-align: justify\">Ecuador se consolida como un pa\u00eds competitivo para la inversi\u00f3n tur\u00edstica con la suscripci\u00f3n de un contrato entre el Ministerio de Turismo y la compa\u00f1\u00eda ARCGOLD S.A, representante de una franquicia internacional de comida r\u00e1pida, que invertir\u00e1 cerca de 11 millones de d\u00f3lares.<\/p>\n<p style=\"text-align: justify\">El evento se desarroll\u00f3 la noche del lunes 21, en Guayaquil. All\u00ed la ministra de Turismo, Rosi Prado de Holgu\u00edn, destac\u00f3 que estas acciones son posibles gracias a \u201cla confianza que genera nuestro pa\u00eds en mercados internacionales, para incentivar y atraer inversiones que promueven el desarrollo local\u201d.<\/p>\n<div class=\"pull-right col-md-5 \" style=\"text-align: justify\">\n<blockquote><p><em>\u00abEn 2018 y en lo que va de 2019, el Ministerio de Turismo registra inversiones por m\u00e1s de 133 millones de d\u00f3lares en proyectos tur\u00edsticos de alojamiento. Una cifra que consolida la imagen del \u00a0Ecuador en el mundo como un destino de inversi\u00f3n\u00bb.<\/em><\/p><\/blockquote>\n<\/div>\n<p style=\"text-align: justify\">ARCGOLD del Ecuador invertir\u00e1 sus recursos en la apertura de dos restaurantes y trece (13) centros de postres que estar\u00e1n ubicados en Guayaquil, Quito, Machala y Manta.<\/p>\n<p style=\"text-align: justify\">\u201cEs gratificante saber que esta inversi\u00f3n abrir\u00e1 las puertas al empleo joven, un sector de la poblaci\u00f3n que no solo aportar\u00e1 a sus familias, sino que adem\u00e1s fortalecer\u00e1 la cadena productiva del pa\u00eds y dinamizar\u00e1 la econom\u00eda\u201d, resalt\u00f3 la titular de esta Cartera de Estado ya que se prev\u00e9 que la compa\u00f1\u00eda abra cerca de 200 plazas laborales.<\/p>\n<p style=\"text-align: justify\">Francisco Bolo\u00f1a, presidente del Consejo de Directores de ARCGOLD de Ecuador, destac\u00f3 que la inversi\u00f3n se concret\u00f3 por una cifra r\u00e9cord y fue posible gracias a que el pa\u00eds tiene reglas claras. \u201cLa compa\u00f1\u00eda cree en el mercado ecuatoriano, en el potencial que tiene la marca y en los j\u00f3venes del Ecuador\u201d, sostuvo el directivo y anunci\u00f3 que el 31 de octubre y el 15 de diciembre se abrir\u00e1n dos nuevos locales en Quito.<\/p>\n<p style=\"text-align: justify\">En 2018 y en lo que va de 2019, el Ministerio de Turismo registra inversiones por m\u00e1s de 133 millones de d\u00f3lares en proyectos tur\u00edsticos de alojamiento. Una cifra que consolida la imagen del Ecuador en el mundo como un destino de inversi\u00f3n.<\/p>\n<p style=\"text-align: justify\"><strong>ARCGOLD. <\/strong>Es una empresa l\u00edder a escala mundial en el sector de alimentos. Representa a la marca McDonald\u2019s que, desde hace 60 a\u00f1os, es un \u00edcono que est\u00e1 presente en m\u00e1s de 120 pa\u00edses, en 35.000 restaurantes y tiene 1,9 millones de empleados.<\/p>\n","protected":false},"excerpt":{"rendered":"<p>REDACCI\u00d3N NOTI AM\u00c9RICA (ECUADOR) Ecuador se consolida como un pa\u00eds competitivo para la inversi\u00f3n tur\u00edstica con la suscripci\u00f3n de un contrato entre el Ministerio de Turismo y la compa\u00f1\u00eda ARCGOLD S.A, representante de una&#46;&#46;&#46;<\/p>\n","protected":false},"author":17,"featured_media":6199,"comment_status":"open","ping_status":"open","sticky":false,"template":"","format":"standard","meta":{"_acf_changed":false,"om_disable_all_campaigns":false,"rop_custom_images_group":[],"rop_custom_messages_group":[],"rop_publish_now":"initial","rop_publish_now_accounts":{"twitter_242054905_242054905":""},"rop_publish_now_history":[],"rop_publish_now_status":"pending","_uf_show_specific_survey":0,"_uf_disable_surveys":false,"footnotes":""},"categories":[36],"tags":[],"class_list":["post-6198","post","type-post","status-publish","format-standard","has-post-thumbnail","hentry","category-turismo"],"acf":[],"aioseo_notices":[],"yoast_head":"<!-- This site is optimized with the Yoast SEO Premium plugin v24.9 (Yoast SEO v27.2) - https:\/\/yoast.com\/product\/yoast-seo-premium-wordpress\/ -->\n<title>Inversi\u00f3n extranjera por 11 millones de d\u00f3lares para el sector tur\u00edstico - Ecuador | Noti-America.com<\/title>\n<meta name=\"robots\" content=\"index, follow, max-snippet:-1, max-image-preview:large, max-video-preview:-1\" \/>\n<link rel=\"canonical\" href=\"https:\/\/noti-america.com\/site\/ecuador\/2019\/10\/23\/inversion-extranjera-por-11-millones-de-dolares-para-el-sector-turistico\/\" \/>\n<meta property=\"og:locale\" content=\"es_ES\" \/>\n<meta property=\"og:type\" content=\"article\" \/>\n<meta property=\"og:title\" content=\"Inversi\u00f3n extranjera por 11 millones de d\u00f3lares para el sector tur\u00edstico\" \/>\n<meta property=\"og:description\" content=\"REDACCI\u00d3N NOTI AM\u00c9RICA (ECUADOR) Ecuador se consolida como un pa\u00eds competitivo para la inversi\u00f3n tur\u00edstica con la suscripci\u00f3n de un contrato entre el Ministerio de Turismo y la compa\u00f1\u00eda ARCGOLD S.A, representante de una&#046;&#046;&#046;\" \/>\n<meta property=\"og:url\" content=\"https:\/\/noti-america.com\/site\/ecuador\/2019\/10\/23\/inversion-extranjera-por-11-millones-de-dolares-para-el-sector-turistico\/\" \/>\n<meta property=\"og:site_name\" content=\"Ecuador | Noti-America.com\" \/>\n<meta property=\"article:published_time\" content=\"2019-10-23T03:50:32+00:00\" \/>\n<meta property=\"article:modified_time\" content=\"2019-10-23T03:52:15+00:00\" \/>\n<meta property=\"og:image\" content=\"https:\/\/noti-america.com\/site\/ecuador\/wp-content\/uploads\/sites\/18\/2019\/10\/Firma-de-convenio-de-inversi\u00f3n.jpeg\" \/>\n\t<meta property=\"og:image:width\" content=\"1280\" \/>\n\t<meta property=\"og:image:height\" content=\"720\" \/>\n\t<meta property=\"og:image:type\" content=\"image\/jpeg\" \/>\n<meta name=\"author\" content=\"Gregory Quintana Montiel\" \/>\n<meta name=\"twitter:card\" content=\"summary_large_image\" \/>\n<meta name=\"twitter:creator\" content=\"@gdgregori1\" \/>\n<meta name=\"twitter:site\" content=\"@notiamerica\" \/>\n<meta name=\"twitter:label1\" content=\"Escrito por\" \/>\n\t<meta name=\"twitter:data1\" content=\"Gregory Quintana Montiel\" \/>\n\t<meta name=\"twitter:label2\" content=\"Tiempo estimado de lectura\" \/>\n\t<meta name=\"twitter:data2\" content=\"2 minutos\" \/>\n<script type=\"application\/ld+json\" class=\"yoast-schema-graph\">{\"@context\":\"https:\/\/schema.org\",\"@graph\":[{\"@type\":\"Article\",\"@id\":\"https:\/\/noti-america.com\/site\/ecuador\/2019\/10\/23\/inversion-extranjera-por-11-millones-de-dolares-para-el-sector-turistico\/#article\",\"isPartOf\":{\"@id\":\"https:\/\/noti-america.com\/site\/ecuador\/2019\/10\/23\/inversion-extranjera-por-11-millones-de-dolares-para-el-sector-turistico\/\"},\"author\":{\"name\":\"Gregory Quintana Montiel\",\"@id\":\"https:\/\/noti-america.com\/site\/ecuador\/#\/schema\/person\/3b975e42f15abfe64bfe3abdd916efda\"},\"headline\":\"Inversi\u00f3n extranjera por 11 millones de d\u00f3lares para el sector tur\u00edstico\",\"datePublished\":\"2019-10-23T03:50:32+00:00\",\"dateModified\":\"2019-10-23T03:52:15+00:00\",\"mainEntityOfPage\":{\"@id\":\"https:\/\/noti-america.com\/site\/ecuador\/2019\/10\/23\/inversion-extranjera-por-11-millones-de-dolares-para-el-sector-turistico\/\"},\"wordCount\":418,\"commentCount\":0,\"publisher\":{\"@id\":\"https:\/\/noti-america.com\/site\/ecuador\/#organization\"},\"image\":{\"@id\":\"https:\/\/noti-america.com\/site\/ecuador\/2019\/10\/23\/inversion-extranjera-por-11-millones-de-dolares-para-el-sector-turistico\/#primaryimage\"},\"thumbnailUrl\":\"https:\/\/noti-america.com\/site\/ecuador\/wp-content\/uploads\/sites\/18\/2019\/10\/Firma-de-convenio-de-inversi\u00f3n.jpeg\",\"articleSection\":[\"Turismo\"],\"inLanguage\":\"es\",\"potentialAction\":[{\"@type\":\"CommentAction\",\"name\":\"Comment\",\"target\":[\"https:\/\/noti-america.com\/site\/ecuador\/2019\/10\/23\/inversion-extranjera-por-11-millones-de-dolares-para-el-sector-turistico\/#respond\"]}]},{\"@type\":\"WebPage\",\"@id\":\"https:\/\/noti-america.com\/site\/ecuador\/2019\/10\/23\/inversion-extranjera-por-11-millones-de-dolares-para-el-sector-turistico\/\",\"url\":\"https:\/\/noti-america.com\/site\/ecuador\/2019\/10\/23\/inversion-extranjera-por-11-millones-de-dolares-para-el-sector-turistico\/\",\"name\":\"Inversi\u00f3n extranjera por 11 millones de d\u00f3lares para el sector tur\u00edstico - Ecuador | Noti-America.com\",\"isPartOf\":{\"@id\":\"https:\/\/noti-america.com\/site\/ecuador\/#website\"},\"primaryImageOfPage\":{\"@id\":\"https:\/\/noti-america.com\/site\/ecuador\/2019\/10\/23\/inversion-extranjera-por-11-millones-de-dolares-para-el-sector-turistico\/#primaryimage\"},\"image\":{\"@id\":\"https:\/\/noti-america.com\/site\/ecuador\/2019\/10\/23\/inversion-extranjera-por-11-millones-de-dolares-para-el-sector-turistico\/#primaryimage\"},\"thumbnailUrl\":\"https:\/\/noti-america.com\/site\/ecuador\/wp-content\/uploads\/sites\/18\/2019\/10\/Firma-de-convenio-de-inversi\u00f3n.jpeg\",\"datePublished\":\"2019-10-23T03:50:32+00:00\",\"dateModified\":\"2019-10-23T03:52:15+00:00\",\"breadcrumb\":{\"@id\":\"https:\/\/noti-america.com\/site\/ecuador\/2019\/10\/23\/inversion-extranjera-por-11-millones-de-dolares-para-el-sector-turistico\/#breadcrumb\"},\"inLanguage\":\"es\",\"potentialAction\":[{\"@type\":\"ReadAction\",\"target\":[\"https:\/\/noti-america.com\/site\/ecuador\/2019\/10\/23\/inversion-extranjera-por-11-millones-de-dolares-para-el-sector-turistico\/\"]}]},{\"@type\":\"ImageObject\",\"inLanguage\":\"es\",\"@id\":\"https:\/\/noti-america.com\/site\/ecuador\/2019\/10\/23\/inversion-extranjera-por-11-millones-de-dolares-para-el-sector-turistico\/#primaryimage\",\"url\":\"https:\/\/noti-america.com\/site\/ecuador\/wp-content\/uploads\/sites\/18\/2019\/10\/Firma-de-convenio-de-inversi\u00f3n.jpeg\",\"contentUrl\":\"https:\/\/noti-america.com\/site\/ecuador\/wp-content\/uploads\/sites\/18\/2019\/10\/Firma-de-convenio-de-inversi\u00f3n.jpeg\",\"width\":1280,\"height\":720},{\"@type\":\"BreadcrumbList\",\"@id\":\"https:\/\/noti-america.com\/site\/ecuador\/2019\/10\/23\/inversion-extranjera-por-11-millones-de-dolares-para-el-sector-turistico\/#breadcrumb\",\"itemListElement\":[{\"@type\":\"ListItem\",\"position\":1,\"name\":\"Portada\",\"item\":\"https:\/\/noti-america.com\/site\/ecuador\/\"},{\"@type\":\"ListItem\",\"position\":2,\"name\":\"Inversi\u00f3n extranjera por 11 millones de d\u00f3lares para el sector tur\u00edstico\"}]},{\"@type\":\"WebSite\",\"@id\":\"https:\/\/noti-america.com\/site\/ecuador\/#website\",\"url\":\"https:\/\/noti-america.com\/site\/ecuador\/\",\"name\":\"Ecuador | Noti-America.com\",\"description\":\"\",\"publisher\":{\"@id\":\"https:\/\/noti-america.com\/site\/ecuador\/#organization\"},\"potentialAction\":[{\"@type\":\"SearchAction\",\"target\":{\"@type\":\"EntryPoint\",\"urlTemplate\":\"https:\/\/noti-america.com\/site\/ecuador\/?s={search_term_string}\"},\"query-input\":{\"@type\":\"PropertyValueSpecification\",\"valueRequired\":true,\"valueName\":\"search_term_string\"}}],\"inLanguage\":\"es\"},{\"@type\":\"Organization\",\"@id\":\"https:\/\/noti-america.com\/site\/ecuador\/#organization\",\"name\":\"Noti-America LLC | Ecuador\",\"url\":\"https:\/\/noti-america.com\/site\/ecuador\/\",\"logo\":{\"@type\":\"ImageObject\",\"inLanguage\":\"es\",\"@id\":\"https:\/\/noti-america.com\/site\/ecuador\/#\/schema\/logo\/image\/\",\"url\":\"https:\/\/noti-america.com\/site\/ecuador\/wp-content\/uploads\/sites\/18\/2020\/07\/LogoNA-4x3-1.jpg\",\"contentUrl\":\"https:\/\/noti-america.com\/site\/ecuador\/wp-content\/uploads\/sites\/18\/2020\/07\/LogoNA-4x3-1.jpg\",\"width\":1236,\"height\":1080,\"caption\":\"Noti-America LLC | Ecuador\"},\"image\":{\"@id\":\"https:\/\/noti-america.com\/site\/ecuador\/#\/schema\/logo\/image\/\"},\"sameAs\":[\"https:\/\/x.com\/notiamerica\"]},{\"@type\":\"Person\",\"@id\":\"https:\/\/noti-america.com\/site\/ecuador\/#\/schema\/person\/3b975e42f15abfe64bfe3abdd916efda\",\"name\":\"Gregory Quintana Montiel\",\"image\":{\"@type\":\"ImageObject\",\"inLanguage\":\"es\",\"@id\":\"https:\/\/secure.gravatar.com\/avatar\/2d6b802f7720c2ec7744dcbe608cc2f3417aeb964d58b443c6d612b77531de1d?s=96&d=mm&r=g\",\"url\":\"https:\/\/secure.gravatar.com\/avatar\/2d6b802f7720c2ec7744dcbe608cc2f3417aeb964d58b443c6d612b77531de1d?s=96&d=mm&r=g\",\"contentUrl\":\"https:\/\/secure.gravatar.com\/avatar\/2d6b802f7720c2ec7744dcbe608cc2f3417aeb964d58b443c6d612b77531de1d?s=96&d=mm&r=g\",\"caption\":\"Gregory Quintana Montiel\"},\"description\":\"Licenciatura en Ciencias de la Comunicaci\u00f3n Social, egresado en la Especializaci\u00f3n Derecho Ambiental Desarrollo Sostenible y Sustentable, Miembro de la Comunidad de profesionales y experto para Latinoam\u00e9rica y el Caribe en Gesti\u00f3n por Resultado en el Desarrollo (COPLAC - GpRD) del Banco Interamericano de Desarrollo, experiencia en medios radiales y escritos.\",\"sameAs\":[\"https:\/\/x.com\/gdgregori1\",\"gquintana\"],\"url\":\"https:\/\/noti-america.com\/site\/ecuador\/author\/gquintana\/\"}]}<\/script>\n<!-- \/ Yoast SEO Premium plugin. -->","yoast_head_json":{"title":"Inversi\u00f3n extranjera por 11 millones de d\u00f3lares para el sector tur\u00edstico - Ecuador | Noti-America.com","robots":{"index":"index","follow":"follow","max-snippet":"max-snippet:-1","max-image-preview":"max-image-preview:large","max-video-preview":"max-video-preview:-1"},"canonical":"https:\/\/noti-america.com\/site\/ecuador\/2019\/10\/23\/inversion-extranjera-por-11-millones-de-dolares-para-el-sector-turistico\/","og_locale":"es_ES","og_type":"article","og_title":"Inversi\u00f3n extranjera por 11 millones de d\u00f3lares para el sector tur\u00edstico","og_description":"REDACCI\u00d3N NOTI AM\u00c9RICA (ECUADOR) Ecuador se consolida como un pa\u00eds competitivo para la inversi\u00f3n tur\u00edstica con la suscripci\u00f3n de un contrato entre el Ministerio de Turismo y la compa\u00f1\u00eda ARCGOLD S.A, representante de una&#46;&#46;&#46;","og_url":"https:\/\/noti-america.com\/site\/ecuador\/2019\/10\/23\/inversion-extranjera-por-11-millones-de-dolares-para-el-sector-turistico\/","og_site_name":"Ecuador | Noti-America.com","article_published_time":"2019-10-23T03:50:32+00:00","article_modified_time":"2019-10-23T03:52:15+00:00","og_image":[{"width":1280,"height":720,"url":"https:\/\/noti-america.com\/site\/ecuador\/wp-content\/uploads\/sites\/18\/2019\/10\/Firma-de-convenio-de-inversi\u00f3n.jpeg","type":"image\/jpeg"}],"author":"Gregory Quintana Montiel","twitter_card":"summary_large_image","twitter_creator":"@gdgregori1","twitter_site":"@notiamerica","twitter_misc":{"Escrito por":"Gregory Quintana Montiel","Tiempo estimado de lectura":"2 minutos"},"schema":{"@context":"https:\/\/schema.org","@graph":[{"@type":"Article","@id":"https:\/\/noti-america.com\/site\/ecuador\/2019\/10\/23\/inversion-extranjera-por-11-millones-de-dolares-para-el-sector-turistico\/#article","isPartOf":{"@id":"https:\/\/noti-america.com\/site\/ecuador\/2019\/10\/23\/inversion-extranjera-por-11-millones-de-dolares-para-el-sector-turistico\/"},"author":{"name":"Gregory Quintana Montiel","@id":"https:\/\/noti-america.com\/site\/ecuador\/#\/schema\/person\/3b975e42f15abfe64bfe3abdd916efda"},"headline":"Inversi\u00f3n extranjera por 11 millones de d\u00f3lares para el sector tur\u00edstico","datePublished":"2019-10-23T03:50:32+00:00","dateModified":"2019-10-23T03:52:15+00:00","mainEntityOfPage":{"@id":"https:\/\/noti-america.com\/site\/ecuador\/2019\/10\/23\/inversion-extranjera-por-11-millones-de-dolares-para-el-sector-turistico\/"},"wordCount":418,"commentCount":0,"publisher":{"@id":"https:\/\/noti-america.com\/site\/ecuador\/#organization"},"image":{"@id":"https:\/\/noti-america.com\/site\/ecuador\/2019\/10\/23\/inversion-extranjera-por-11-millones-de-dolares-para-el-sector-turistico\/#primaryimage"},"thumbnailUrl":"https:\/\/noti-america.com\/site\/ecuador\/wp-content\/uploads\/sites\/18\/2019\/10\/Firma-de-convenio-de-inversi\u00f3n.jpeg","articleSection":["Turismo"],"inLanguage":"es","potentialAction":[{"@type":"CommentAction","name":"Comment","target":["https:\/\/noti-america.com\/site\/ecuador\/2019\/10\/23\/inversion-extranjera-por-11-millones-de-dolares-para-el-sector-turistico\/#respond"]}]},{"@type":"WebPage","@id":"https:\/\/noti-america.com\/site\/ecuador\/2019\/10\/23\/inversion-extranjera-por-11-millones-de-dolares-para-el-sector-turistico\/","url":"https:\/\/noti-america.com\/site\/ecuador\/2019\/10\/23\/inversion-extranjera-por-11-millones-de-dolares-para-el-sector-turistico\/","name":"Inversi\u00f3n extranjera por 11 millones de d\u00f3lares para el sector tur\u00edstico - Ecuador | Noti-America.com","isPartOf":{"@id":"https:\/\/noti-america.com\/site\/ecuador\/#website"},"primaryImageOfPage":{"@id":"https:\/\/noti-america.com\/site\/ecuador\/2019\/10\/23\/inversion-extranjera-por-11-millones-de-dolares-para-el-sector-turistico\/#primaryimage"},"image":{"@id":"https:\/\/noti-america.com\/site\/ecuador\/2019\/10\/23\/inversion-extranjera-por-11-millones-de-dolares-para-el-sector-turistico\/#primaryimage"},"thumbnailUrl":"https:\/\/noti-america.com\/site\/ecuador\/wp-content\/uploads\/sites\/18\/2019\/10\/Firma-de-convenio-de-inversi\u00f3n.jpeg","datePublished":"2019-10-23T03:50:32+00:00","dateModified":"2019-10-23T03:52:15+00:00","breadcrumb":{"@id":"https:\/\/noti-america.com\/site\/ecuador\/2019\/10\/23\/inversion-extranjera-por-11-millones-de-dolares-para-el-sector-turistico\/#breadcrumb"},"inLanguage":"es","potentialAction":[{"@type":"ReadAction","target":["https:\/\/noti-america.com\/site\/ecuador\/2019\/10\/23\/inversion-extranjera-por-11-millones-de-dolares-para-el-sector-turistico\/"]}]},{"@type":"ImageObject","inLanguage":"es","@id":"https:\/\/noti-america.com\/site\/ecuador\/2019\/10\/23\/inversion-extranjera-por-11-millones-de-dolares-para-el-sector-turistico\/#primaryimage","url":"https:\/\/noti-america.com\/site\/ecuador\/wp-content\/uploads\/sites\/18\/2019\/10\/Firma-de-convenio-de-inversi\u00f3n.jpeg","contentUrl":"https:\/\/noti-america.com\/site\/ecuador\/wp-content\/uploads\/sites\/18\/2019\/10\/Firma-de-convenio-de-inversi\u00f3n.jpeg","width":1280,"height":720},{"@type":"BreadcrumbList","@id":"https:\/\/noti-america.com\/site\/ecuador\/2019\/10\/23\/inversion-extranjera-por-11-millones-de-dolares-para-el-sector-turistico\/#breadcrumb","itemListElement":[{"@type":"ListItem","position":1,"name":"Portada","item":"https:\/\/noti-america.com\/site\/ecuador\/"},{"@type":"ListItem","position":2,"name":"Inversi\u00f3n extranjera por 11 millones de d\u00f3lares para el sector tur\u00edstico"}]},{"@type":"WebSite","@id":"https:\/\/noti-america.com\/site\/ecuador\/#website","url":"https:\/\/noti-america.com\/site\/ecuador\/","name":"Ecuador | Noti-America.com","description":"","publisher":{"@id":"https:\/\/noti-america.com\/site\/ecuador\/#organization"},"potentialAction":[{"@type":"SearchAction","target":{"@type":"EntryPoint","urlTemplate":"https:\/\/noti-america.com\/site\/ecuador\/?s={search_term_string}"},"query-input":{"@type":"PropertyValueSpecification","valueRequired":true,"valueName":"search_term_string"}}],"inLanguage":"es"},{"@type":"Organization","@id":"https:\/\/noti-america.com\/site\/ecuador\/#organization","name":"Noti-America LLC | Ecuador","url":"https:\/\/noti-america.com\/site\/ecuador\/","logo":{"@type":"ImageObject","inLanguage":"es","@id":"https:\/\/noti-america.com\/site\/ecuador\/#\/schema\/logo\/image\/","url":"https:\/\/noti-america.com\/site\/ecuador\/wp-content\/uploads\/sites\/18\/2020\/07\/LogoNA-4x3-1.jpg","contentUrl":"https:\/\/noti-america.com\/site\/ecuador\/wp-content\/uploads\/sites\/18\/2020\/07\/LogoNA-4x3-1.jpg","width":1236,"height":1080,"caption":"Noti-America LLC | Ecuador"},"image":{"@id":"https:\/\/noti-america.com\/site\/ecuador\/#\/schema\/logo\/image\/"},"sameAs":["https:\/\/x.com\/notiamerica"]},{"@type":"Person","@id":"https:\/\/noti-america.com\/site\/ecuador\/#\/schema\/person\/3b975e42f15abfe64bfe3abdd916efda","name":"Gregory Quintana Montiel","image":{"@type":"ImageObject","inLanguage":"es","@id":"https:\/\/secure.gravatar.com\/avatar\/2d6b802f7720c2ec7744dcbe608cc2f3417aeb964d58b443c6d612b77531de1d?s=96&d=mm&r=g","url":"https:\/\/secure.gravatar.com\/avatar\/2d6b802f7720c2ec7744dcbe608cc2f3417aeb964d58b443c6d612b77531de1d?s=96&d=mm&r=g","contentUrl":"https:\/\/secure.gravatar.com\/avatar\/2d6b802f7720c2ec7744dcbe608cc2f3417aeb964d58b443c6d612b77531de1d?s=96&d=mm&r=g","caption":"Gregory Quintana Montiel"},"description":"Licenciatura en Ciencias de la Comunicaci\u00f3n Social, egresado en la Especializaci\u00f3n Derecho Ambiental Desarrollo Sostenible y Sustentable, Miembro de la Comunidad de profesionales y experto para Latinoam\u00e9rica y el Caribe en Gesti\u00f3n por Resultado en el Desarrollo (COPLAC - GpRD) del Banco Interamericano de Desarrollo, experiencia en medios radiales y escritos.","sameAs":["https:\/\/x.com\/gdgregori1","gquintana"],"url":"https:\/\/noti-america.com\/site\/ecuador\/author\/gquintana\/"}]}},"_links":{"self":[{"href":"https:\/\/noti-america.com\/site\/ecuador\/wp-json\/wp\/v2\/posts\/6198","targetHints":{"allow":["GET"]}}],"collection":[{"href":"https:\/\/noti-america.com\/site\/ecuador\/wp-json\/wp\/v2\/posts"}],"about":[{"href":"https:\/\/noti-america.com\/site\/ecuador\/wp-json\/wp\/v2\/types\/post"}],"author":[{"embeddable":true,"href":"https:\/\/noti-america.com\/site\/ecuador\/wp-json\/wp\/v2\/users\/17"}],"replies":[{"embeddable":true,"href":"https:\/\/noti-america.com\/site\/ecuador\/wp-json\/wp\/v2\/comments?post=6198"}],"version-history":[{"count":2,"href":"https:\/\/noti-america.com\/site\/ecuador\/wp-json\/wp\/v2\/posts\/6198\/revisions"}],"predecessor-version":[{"id":6201,"href":"https:\/\/noti-america.com\/site\/ecuador\/wp-json\/wp\/v2\/posts\/6198\/revisions\/6201"}],"wp:featuredmedia":[{"embeddable":true,"href":"https:\/\/noti-america.com\/site\/ecuador\/wp-json\/wp\/v2\/media\/6199"}],"wp:attachment":[{"href":"https:\/\/noti-america.com\/site\/ecuador\/wp-json\/wp\/v2\/media?parent=6198"}],"wp:term":[{"taxonomy":"category","embeddable":true,"href":"https:\/\/noti-america.com\/site\/ecuador\/wp-json\/wp\/v2\/categories?post=6198"},{"taxonomy":"post_tag","embeddable":true,"href":"https:\/\/noti-america.com\/site\/ecuador\/wp-json\/wp\/v2\/tags?post=6198"}],"curies":[{"name":"wp","href":"https:\/\/api.w.org\/{rel}","templated":true}]}}