{"id":6173,"date":"2019-10-21T18:18:57","date_gmt":"2019-10-21T18:18:57","guid":{"rendered":"http:\/\/noti-america.com\/site\/ecuador\/?p=6173"},"modified":"2019-10-21T18:57:36","modified_gmt":"2019-10-21T18:57:36","slug":"se-implementa-plan-piloto-de-digitalizacion-de-archivos-en-el-iess","status":"publish","type":"post","link":"https:\/\/noti-america.com\/site\/ecuador\/2019\/10\/21\/se-implementa-plan-piloto-de-digitalizacion-de-archivos-en-el-iess\/","title":{"rendered":"Se implementa plan piloto de digitalizaci\u00f3n de archivos en el IESS"},"content":{"rendered":"<div id=\"attachment_6174\" style=\"width: 542px\" class=\"wp-caption alignleft\"><img loading=\"lazy\" decoding=\"async\" aria-describedby=\"caption-attachment-6174\" class=\" wp-image-6174\" src=\"http:\/\/noti-america.com\/site\/ecuador\/wp-content\/uploads\/sites\/18\/2019\/10\/Digitaci\u00f3n_IESS-300x225.jpeg\" alt=\"\" width=\"532\" height=\"399\" srcset=\"https:\/\/noti-america.com\/site\/ecuador\/wp-content\/uploads\/sites\/18\/2019\/10\/Digitaci\u00f3n_IESS-300x225.jpeg 300w, https:\/\/noti-america.com\/site\/ecuador\/wp-content\/uploads\/sites\/18\/2019\/10\/Digitaci\u00f3n_IESS-768x576.jpeg 768w, https:\/\/noti-america.com\/site\/ecuador\/wp-content\/uploads\/sites\/18\/2019\/10\/Digitaci\u00f3n_IESS-1024x768.jpeg 1024w, https:\/\/noti-america.com\/site\/ecuador\/wp-content\/uploads\/sites\/18\/2019\/10\/Digitaci\u00f3n_IESS.jpeg 1280w\" sizes=\"auto, (max-width: 532px) 100vw, 532px\" \/><p id=\"caption-attachment-6174\" class=\"wp-caption-text\">Se busca optimizar el tiempo de respuesta a los requerimientos de cumplimiento.<\/p><\/div>\n<p><strong>REDACCI\u00d3N NOTI-AM\u00c9RICA (ECUADOR)<\/strong><\/p>\n<p style=\"text-align: justify\">Con el objetivo de mantener la informaci\u00f3n bajo est\u00e1ndares establecidos de cuidado y conservaci\u00f3n de archivos, en espacios adecuados, el Instituto Ecuatoriano de Seguridad Social (IESS) inici\u00f3 la primera fase del plan de organizaci\u00f3n y digitalizaci\u00f3n.<\/p>\n<p style=\"text-align: justify\">Para ello, se ejecutar\u00e1 el plan piloto a trav\u00e9s del \u00e1rea de Gesti\u00f3n Documental de la Direcci\u00f3n Provincial Guayas, con el fin de optimizar el tiempo de respuesta a los requerimientos de cumplimiento se\u00f1alados por la Ley Org\u00e1nica de Transparencia y Acceso a la Informaci\u00f3n (Lotaip) y los que realizan los usuarios.<\/p>\n<p style=\"text-align: justify\">Carmen Bayas, integrante de la coordinaci\u00f3n de Afiliaci\u00f3n y Cobertura en Guayas y veedora del proceso, indic\u00f3 que la informaci\u00f3n se encuentra dentro de un sistema debidamente clasificado y organizado, adem\u00e1s de evitar un mal manejo de registros.<\/p>\n<p style=\"text-align: justify\">\u201cEl sistema nos da tres opciones para la b\u00fasqueda del documento. La primera es a trav\u00e9s de nombres; la segunda, por medio del n\u00famero de c\u00e9dula y, la tercera por n\u00famero de afiliaci\u00f3n; una vez que ingresamos, podemos acceder a la informaci\u00f3n del afiliado dependiendo de su requerimiento\u201d, explic\u00f3.<\/p>\n<p style=\"text-align: justify\">Por su parte, Isabel Eg\u00fcez, responsable del \u00e1rea de Gesti\u00f3n Documental, mencion\u00f3 que coordinaciones como Afiliaci\u00f3n, Cartera y Coactiva, Comisi\u00f3n de Controversias y Administrativo Financiero, han sido parte de la primera fase de este plan piloto.<\/p>\n<p style=\"text-align: justify\">\u201cDecidimos empezar con las coordinaciones de mayor impacto, para que, al ser digitalizadas, ayuden a notificar y recuperar la cartera vencida. En otros casos se pueden hacer rectificaciones en el sistema, obtener un derecho de jubilaci\u00f3n o comprobar una afiliaci\u00f3n\u201d, mencion\u00f3.<\/p>\n<p style=\"text-align: justify\">En esta etapa se realizaron tres procesos: depuraci\u00f3n de archivos, organizaci\u00f3n y digitalizaci\u00f3n. La Direcci\u00f3n Provincial IESS Guayas recibe, alrededor de 3.000 visitas diarias por temas de consultas de archivos, recalc\u00f3 Eg\u00fcez.<\/p>\n","protected":false},"excerpt":{"rendered":"<p>REDACCI\u00d3N NOTI-AM\u00c9RICA (ECUADOR) Con el objetivo de mantener la informaci\u00f3n bajo est\u00e1ndares establecidos de cuidado y conservaci\u00f3n de archivos, en espacios adecuados, el Instituto Ecuatoriano de Seguridad Social (IESS) inici\u00f3 la primera fase del&#46;&#46;&#46;<\/p>\n","protected":false},"author":54,"featured_media":6178,"comment_status":"open","ping_status":"open","sticky":false,"template":"","format":"standard","meta":{"_acf_changed":false,"om_disable_all_campaigns":false,"rop_custom_images_group":[],"rop_custom_messages_group":[],"rop_publish_now":"initial","rop_publish_now_accounts":{"twitter_242054905_242054905":""},"rop_publish_now_history":[],"rop_publish_now_status":"pending","_uf_show_specific_survey":0,"_uf_disable_surveys":false,"footnotes":""},"categories":[42],"tags":[],"class_list":["post-6173","post","type-post","status-publish","format-standard","has-post-thumbnail","hentry","category-noticias"],"acf":[],"aioseo_notices":[],"yoast_head":"<!-- This site is optimized with the Yoast SEO Premium plugin v24.9 (Yoast SEO v27.2) - https:\/\/yoast.com\/product\/yoast-seo-premium-wordpress\/ -->\n<title>Se implementa plan piloto de digitalizaci\u00f3n de archivos en el IESS - Ecuador | Noti-America.com<\/title>\n<meta name=\"robots\" content=\"index, follow, max-snippet:-1, max-image-preview:large, max-video-preview:-1\" \/>\n<link rel=\"canonical\" href=\"https:\/\/noti-america.com\/site\/ecuador\/2019\/10\/21\/se-implementa-plan-piloto-de-digitalizacion-de-archivos-en-el-iess\/\" \/>\n<meta property=\"og:locale\" content=\"es_ES\" \/>\n<meta property=\"og:type\" content=\"article\" \/>\n<meta property=\"og:title\" content=\"Se implementa plan piloto de digitalizaci\u00f3n de archivos en el IESS\" \/>\n<meta property=\"og:description\" content=\"REDACCI\u00d3N NOTI-AM\u00c9RICA (ECUADOR) Con el objetivo de mantener la informaci\u00f3n bajo est\u00e1ndares establecidos de cuidado y conservaci\u00f3n de archivos, en espacios adecuados, el Instituto Ecuatoriano de Seguridad Social (IESS) inici\u00f3 la primera fase del&#046;&#046;&#046;\" \/>\n<meta property=\"og:url\" content=\"https:\/\/noti-america.com\/site\/ecuador\/2019\/10\/21\/se-implementa-plan-piloto-de-digitalizacion-de-archivos-en-el-iess\/\" \/>\n<meta property=\"og:site_name\" content=\"Ecuador | Noti-America.com\" \/>\n<meta property=\"article:author\" content=\"https:\/\/www.facebook.com\/geojuradopuente\" \/>\n<meta property=\"article:published_time\" content=\"2019-10-21T18:18:57+00:00\" \/>\n<meta property=\"article:modified_time\" content=\"2019-10-21T18:57:36+00:00\" \/>\n<meta property=\"og:image\" content=\"https:\/\/noti-america.com\/site\/ecuador\/wp-content\/uploads\/sites\/18\/2019\/10\/Digitaci\u00f3n_IESS-2.jpeg\" \/>\n\t<meta property=\"og:image:width\" content=\"1280\" \/>\n\t<meta property=\"og:image:height\" content=\"960\" \/>\n\t<meta property=\"og:image:type\" content=\"image\/jpeg\" \/>\n<meta name=\"author\" content=\"Mgtr. Geovanny Jurado Puente\" \/>\n<meta name=\"twitter:card\" content=\"summary_large_image\" \/>\n<meta name=\"twitter:creator\" content=\"@GeoJurado\" \/>\n<meta name=\"twitter:site\" content=\"@notiamerica\" \/>\n<meta name=\"twitter:label1\" content=\"Escrito por\" \/>\n\t<meta name=\"twitter:data1\" content=\"Mgtr. Geovanny Jurado Puente\" \/>\n\t<meta name=\"twitter:label2\" content=\"Tiempo estimado de lectura\" \/>\n\t<meta name=\"twitter:data2\" content=\"2 minutos\" \/>\n<script type=\"application\/ld+json\" class=\"yoast-schema-graph\">{\"@context\":\"https:\/\/schema.org\",\"@graph\":[{\"@type\":\"Article\",\"@id\":\"https:\/\/noti-america.com\/site\/ecuador\/2019\/10\/21\/se-implementa-plan-piloto-de-digitalizacion-de-archivos-en-el-iess\/#article\",\"isPartOf\":{\"@id\":\"https:\/\/noti-america.com\/site\/ecuador\/2019\/10\/21\/se-implementa-plan-piloto-de-digitalizacion-de-archivos-en-el-iess\/\"},\"author\":{\"name\":\"Mgtr. Geovanny Jurado Puente\",\"@id\":\"https:\/\/noti-america.com\/site\/ecuador\/#\/schema\/person\/eafaa0d78b886269707bbd67c79282d8\"},\"headline\":\"Se implementa plan piloto de digitalizaci\u00f3n de archivos en el IESS\",\"datePublished\":\"2019-10-21T18:18:57+00:00\",\"dateModified\":\"2019-10-21T18:57:36+00:00\",\"mainEntityOfPage\":{\"@id\":\"https:\/\/noti-america.com\/site\/ecuador\/2019\/10\/21\/se-implementa-plan-piloto-de-digitalizacion-de-archivos-en-el-iess\/\"},\"wordCount\":352,\"commentCount\":0,\"publisher\":{\"@id\":\"https:\/\/noti-america.com\/site\/ecuador\/#organization\"},\"image\":{\"@id\":\"https:\/\/noti-america.com\/site\/ecuador\/2019\/10\/21\/se-implementa-plan-piloto-de-digitalizacion-de-archivos-en-el-iess\/#primaryimage\"},\"thumbnailUrl\":\"https:\/\/noti-america.com\/site\/ecuador\/wp-content\/uploads\/sites\/18\/2019\/10\/Digitaci\u00f3n_IESS-2.jpeg\",\"articleSection\":[\"Noticias\"],\"inLanguage\":\"es\",\"potentialAction\":[{\"@type\":\"CommentAction\",\"name\":\"Comment\",\"target\":[\"https:\/\/noti-america.com\/site\/ecuador\/2019\/10\/21\/se-implementa-plan-piloto-de-digitalizacion-de-archivos-en-el-iess\/#respond\"]}]},{\"@type\":\"WebPage\",\"@id\":\"https:\/\/noti-america.com\/site\/ecuador\/2019\/10\/21\/se-implementa-plan-piloto-de-digitalizacion-de-archivos-en-el-iess\/\",\"url\":\"https:\/\/noti-america.com\/site\/ecuador\/2019\/10\/21\/se-implementa-plan-piloto-de-digitalizacion-de-archivos-en-el-iess\/\",\"name\":\"Se implementa plan piloto de digitalizaci\u00f3n de archivos en el IESS - Ecuador | Noti-America.com\",\"isPartOf\":{\"@id\":\"https:\/\/noti-america.com\/site\/ecuador\/#website\"},\"primaryImageOfPage\":{\"@id\":\"https:\/\/noti-america.com\/site\/ecuador\/2019\/10\/21\/se-implementa-plan-piloto-de-digitalizacion-de-archivos-en-el-iess\/#primaryimage\"},\"image\":{\"@id\":\"https:\/\/noti-america.com\/site\/ecuador\/2019\/10\/21\/se-implementa-plan-piloto-de-digitalizacion-de-archivos-en-el-iess\/#primaryimage\"},\"thumbnailUrl\":\"https:\/\/noti-america.com\/site\/ecuador\/wp-content\/uploads\/sites\/18\/2019\/10\/Digitaci\u00f3n_IESS-2.jpeg\",\"datePublished\":\"2019-10-21T18:18:57+00:00\",\"dateModified\":\"2019-10-21T18:57:36+00:00\",\"breadcrumb\":{\"@id\":\"https:\/\/noti-america.com\/site\/ecuador\/2019\/10\/21\/se-implementa-plan-piloto-de-digitalizacion-de-archivos-en-el-iess\/#breadcrumb\"},\"inLanguage\":\"es\",\"potentialAction\":[{\"@type\":\"ReadAction\",\"target\":[\"https:\/\/noti-america.com\/site\/ecuador\/2019\/10\/21\/se-implementa-plan-piloto-de-digitalizacion-de-archivos-en-el-iess\/\"]}]},{\"@type\":\"ImageObject\",\"inLanguage\":\"es\",\"@id\":\"https:\/\/noti-america.com\/site\/ecuador\/2019\/10\/21\/se-implementa-plan-piloto-de-digitalizacion-de-archivos-en-el-iess\/#primaryimage\",\"url\":\"https:\/\/noti-america.com\/site\/ecuador\/wp-content\/uploads\/sites\/18\/2019\/10\/Digitaci\u00f3n_IESS-2.jpeg\",\"contentUrl\":\"https:\/\/noti-america.com\/site\/ecuador\/wp-content\/uploads\/sites\/18\/2019\/10\/Digitaci\u00f3n_IESS-2.jpeg\",\"width\":1280,\"height\":960},{\"@type\":\"BreadcrumbList\",\"@id\":\"https:\/\/noti-america.com\/site\/ecuador\/2019\/10\/21\/se-implementa-plan-piloto-de-digitalizacion-de-archivos-en-el-iess\/#breadcrumb\",\"itemListElement\":[{\"@type\":\"ListItem\",\"position\":1,\"name\":\"Portada\",\"item\":\"https:\/\/noti-america.com\/site\/ecuador\/\"},{\"@type\":\"ListItem\",\"position\":2,\"name\":\"Se implementa plan piloto de digitalizaci\u00f3n de archivos en el IESS\"}]},{\"@type\":\"WebSite\",\"@id\":\"https:\/\/noti-america.com\/site\/ecuador\/#website\",\"url\":\"https:\/\/noti-america.com\/site\/ecuador\/\",\"name\":\"Ecuador | Noti-America.com\",\"description\":\"\",\"publisher\":{\"@id\":\"https:\/\/noti-america.com\/site\/ecuador\/#organization\"},\"potentialAction\":[{\"@type\":\"SearchAction\",\"target\":{\"@type\":\"EntryPoint\",\"urlTemplate\":\"https:\/\/noti-america.com\/site\/ecuador\/?s={search_term_string}\"},\"query-input\":{\"@type\":\"PropertyValueSpecification\",\"valueRequired\":true,\"valueName\":\"search_term_string\"}}],\"inLanguage\":\"es\"},{\"@type\":\"Organization\",\"@id\":\"https:\/\/noti-america.com\/site\/ecuador\/#organization\",\"name\":\"Noti-America LLC | Ecuador\",\"url\":\"https:\/\/noti-america.com\/site\/ecuador\/\",\"logo\":{\"@type\":\"ImageObject\",\"inLanguage\":\"es\",\"@id\":\"https:\/\/noti-america.com\/site\/ecuador\/#\/schema\/logo\/image\/\",\"url\":\"https:\/\/noti-america.com\/site\/ecuador\/wp-content\/uploads\/sites\/18\/2020\/07\/LogoNA-4x3-1.jpg\",\"contentUrl\":\"https:\/\/noti-america.com\/site\/ecuador\/wp-content\/uploads\/sites\/18\/2020\/07\/LogoNA-4x3-1.jpg\",\"width\":1236,\"height\":1080,\"caption\":\"Noti-America LLC | Ecuador\"},\"image\":{\"@id\":\"https:\/\/noti-america.com\/site\/ecuador\/#\/schema\/logo\/image\/\"},\"sameAs\":[\"https:\/\/x.com\/notiamerica\"]},{\"@type\":\"Person\",\"@id\":\"https:\/\/noti-america.com\/site\/ecuador\/#\/schema\/person\/eafaa0d78b886269707bbd67c79282d8\",\"name\":\"Mgtr. Geovanny Jurado Puente\",\"image\":{\"@type\":\"ImageObject\",\"inLanguage\":\"es\",\"@id\":\"https:\/\/secure.gravatar.com\/avatar\/f837d50a2ea0d7cba882939210fb03249c2d70cdea88235e685f1a91ced24905?s=96&d=mm&r=g\",\"url\":\"https:\/\/secure.gravatar.com\/avatar\/f837d50a2ea0d7cba882939210fb03249c2d70cdea88235e685f1a91ced24905?s=96&d=mm&r=g\",\"contentUrl\":\"https:\/\/secure.gravatar.com\/avatar\/f837d50a2ea0d7cba882939210fb03249c2d70cdea88235e685f1a91ced24905?s=96&d=mm&r=g\",\"caption\":\"Mgtr. Geovanny Jurado Puente\"},\"description\":\"Mag\u00edster en Comunicaci\u00f3n, Menci\u00f3n Pol\u00edticas de Desarrollo Social; Licenciado en Ciencias de la Comunicaci\u00f3n Social; Docente Universitario; Miembro de la Red de Investigadores en Comunicaci\u00f3n del Ecuador (RICE); Miembro Fundador de la Red de Editoriales Universitarias y Escuelas Polit\u00e9cnicas del Ecuador (Reupde); ecuatoriano de nacimiento, con residencia en Daule.\",\"sameAs\":[\"https:\/\/www.facebook.com\/geojuradopuente\",\"Geo Jurado\",\"https:\/\/x.com\/GeoJurado\"],\"url\":\"https:\/\/noti-america.com\/site\/ecuador\/author\/gjurado\/\"}]}<\/script>\n<!-- \/ Yoast SEO Premium plugin. -->","yoast_head_json":{"title":"Se implementa plan piloto de digitalizaci\u00f3n de archivos en el IESS - Ecuador | Noti-America.com","robots":{"index":"index","follow":"follow","max-snippet":"max-snippet:-1","max-image-preview":"max-image-preview:large","max-video-preview":"max-video-preview:-1"},"canonical":"https:\/\/noti-america.com\/site\/ecuador\/2019\/10\/21\/se-implementa-plan-piloto-de-digitalizacion-de-archivos-en-el-iess\/","og_locale":"es_ES","og_type":"article","og_title":"Se implementa plan piloto de digitalizaci\u00f3n de archivos en el IESS","og_description":"REDACCI\u00d3N NOTI-AM\u00c9RICA (ECUADOR) Con el objetivo de mantener la informaci\u00f3n bajo est\u00e1ndares establecidos de cuidado y conservaci\u00f3n de archivos, en espacios adecuados, el Instituto Ecuatoriano de Seguridad Social (IESS) inici\u00f3 la primera fase del&#46;&#46;&#46;","og_url":"https:\/\/noti-america.com\/site\/ecuador\/2019\/10\/21\/se-implementa-plan-piloto-de-digitalizacion-de-archivos-en-el-iess\/","og_site_name":"Ecuador | Noti-America.com","article_author":"https:\/\/www.facebook.com\/geojuradopuente","article_published_time":"2019-10-21T18:18:57+00:00","article_modified_time":"2019-10-21T18:57:36+00:00","og_image":[{"width":1280,"height":960,"url":"https:\/\/noti-america.com\/site\/ecuador\/wp-content\/uploads\/sites\/18\/2019\/10\/Digitaci\u00f3n_IESS-2.jpeg","type":"image\/jpeg"}],"author":"Mgtr. Geovanny Jurado Puente","twitter_card":"summary_large_image","twitter_creator":"@GeoJurado","twitter_site":"@notiamerica","twitter_misc":{"Escrito por":"Mgtr. Geovanny Jurado Puente","Tiempo estimado de lectura":"2 minutos"},"schema":{"@context":"https:\/\/schema.org","@graph":[{"@type":"Article","@id":"https:\/\/noti-america.com\/site\/ecuador\/2019\/10\/21\/se-implementa-plan-piloto-de-digitalizacion-de-archivos-en-el-iess\/#article","isPartOf":{"@id":"https:\/\/noti-america.com\/site\/ecuador\/2019\/10\/21\/se-implementa-plan-piloto-de-digitalizacion-de-archivos-en-el-iess\/"},"author":{"name":"Mgtr. Geovanny Jurado Puente","@id":"https:\/\/noti-america.com\/site\/ecuador\/#\/schema\/person\/eafaa0d78b886269707bbd67c79282d8"},"headline":"Se implementa plan piloto de digitalizaci\u00f3n de archivos en el IESS","datePublished":"2019-10-21T18:18:57+00:00","dateModified":"2019-10-21T18:57:36+00:00","mainEntityOfPage":{"@id":"https:\/\/noti-america.com\/site\/ecuador\/2019\/10\/21\/se-implementa-plan-piloto-de-digitalizacion-de-archivos-en-el-iess\/"},"wordCount":352,"commentCount":0,"publisher":{"@id":"https:\/\/noti-america.com\/site\/ecuador\/#organization"},"image":{"@id":"https:\/\/noti-america.com\/site\/ecuador\/2019\/10\/21\/se-implementa-plan-piloto-de-digitalizacion-de-archivos-en-el-iess\/#primaryimage"},"thumbnailUrl":"https:\/\/noti-america.com\/site\/ecuador\/wp-content\/uploads\/sites\/18\/2019\/10\/Digitaci\u00f3n_IESS-2.jpeg","articleSection":["Noticias"],"inLanguage":"es","potentialAction":[{"@type":"CommentAction","name":"Comment","target":["https:\/\/noti-america.com\/site\/ecuador\/2019\/10\/21\/se-implementa-plan-piloto-de-digitalizacion-de-archivos-en-el-iess\/#respond"]}]},{"@type":"WebPage","@id":"https:\/\/noti-america.com\/site\/ecuador\/2019\/10\/21\/se-implementa-plan-piloto-de-digitalizacion-de-archivos-en-el-iess\/","url":"https:\/\/noti-america.com\/site\/ecuador\/2019\/10\/21\/se-implementa-plan-piloto-de-digitalizacion-de-archivos-en-el-iess\/","name":"Se implementa plan piloto de digitalizaci\u00f3n de archivos en el IESS - Ecuador | Noti-America.com","isPartOf":{"@id":"https:\/\/noti-america.com\/site\/ecuador\/#website"},"primaryImageOfPage":{"@id":"https:\/\/noti-america.com\/site\/ecuador\/2019\/10\/21\/se-implementa-plan-piloto-de-digitalizacion-de-archivos-en-el-iess\/#primaryimage"},"image":{"@id":"https:\/\/noti-america.com\/site\/ecuador\/2019\/10\/21\/se-implementa-plan-piloto-de-digitalizacion-de-archivos-en-el-iess\/#primaryimage"},"thumbnailUrl":"https:\/\/noti-america.com\/site\/ecuador\/wp-content\/uploads\/sites\/18\/2019\/10\/Digitaci\u00f3n_IESS-2.jpeg","datePublished":"2019-10-21T18:18:57+00:00","dateModified":"2019-10-21T18:57:36+00:00","breadcrumb":{"@id":"https:\/\/noti-america.com\/site\/ecuador\/2019\/10\/21\/se-implementa-plan-piloto-de-digitalizacion-de-archivos-en-el-iess\/#breadcrumb"},"inLanguage":"es","potentialAction":[{"@type":"ReadAction","target":["https:\/\/noti-america.com\/site\/ecuador\/2019\/10\/21\/se-implementa-plan-piloto-de-digitalizacion-de-archivos-en-el-iess\/"]}]},{"@type":"ImageObject","inLanguage":"es","@id":"https:\/\/noti-america.com\/site\/ecuador\/2019\/10\/21\/se-implementa-plan-piloto-de-digitalizacion-de-archivos-en-el-iess\/#primaryimage","url":"https:\/\/noti-america.com\/site\/ecuador\/wp-content\/uploads\/sites\/18\/2019\/10\/Digitaci\u00f3n_IESS-2.jpeg","contentUrl":"https:\/\/noti-america.com\/site\/ecuador\/wp-content\/uploads\/sites\/18\/2019\/10\/Digitaci\u00f3n_IESS-2.jpeg","width":1280,"height":960},{"@type":"BreadcrumbList","@id":"https:\/\/noti-america.com\/site\/ecuador\/2019\/10\/21\/se-implementa-plan-piloto-de-digitalizacion-de-archivos-en-el-iess\/#breadcrumb","itemListElement":[{"@type":"ListItem","position":1,"name":"Portada","item":"https:\/\/noti-america.com\/site\/ecuador\/"},{"@type":"ListItem","position":2,"name":"Se implementa plan piloto de digitalizaci\u00f3n de archivos en el IESS"}]},{"@type":"WebSite","@id":"https:\/\/noti-america.com\/site\/ecuador\/#website","url":"https:\/\/noti-america.com\/site\/ecuador\/","name":"Ecuador | Noti-America.com","description":"","publisher":{"@id":"https:\/\/noti-america.com\/site\/ecuador\/#organization"},"potentialAction":[{"@type":"SearchAction","target":{"@type":"EntryPoint","urlTemplate":"https:\/\/noti-america.com\/site\/ecuador\/?s={search_term_string}"},"query-input":{"@type":"PropertyValueSpecification","valueRequired":true,"valueName":"search_term_string"}}],"inLanguage":"es"},{"@type":"Organization","@id":"https:\/\/noti-america.com\/site\/ecuador\/#organization","name":"Noti-America LLC | Ecuador","url":"https:\/\/noti-america.com\/site\/ecuador\/","logo":{"@type":"ImageObject","inLanguage":"es","@id":"https:\/\/noti-america.com\/site\/ecuador\/#\/schema\/logo\/image\/","url":"https:\/\/noti-america.com\/site\/ecuador\/wp-content\/uploads\/sites\/18\/2020\/07\/LogoNA-4x3-1.jpg","contentUrl":"https:\/\/noti-america.com\/site\/ecuador\/wp-content\/uploads\/sites\/18\/2020\/07\/LogoNA-4x3-1.jpg","width":1236,"height":1080,"caption":"Noti-America LLC | Ecuador"},"image":{"@id":"https:\/\/noti-america.com\/site\/ecuador\/#\/schema\/logo\/image\/"},"sameAs":["https:\/\/x.com\/notiamerica"]},{"@type":"Person","@id":"https:\/\/noti-america.com\/site\/ecuador\/#\/schema\/person\/eafaa0d78b886269707bbd67c79282d8","name":"Mgtr. Geovanny Jurado Puente","image":{"@type":"ImageObject","inLanguage":"es","@id":"https:\/\/secure.gravatar.com\/avatar\/f837d50a2ea0d7cba882939210fb03249c2d70cdea88235e685f1a91ced24905?s=96&d=mm&r=g","url":"https:\/\/secure.gravatar.com\/avatar\/f837d50a2ea0d7cba882939210fb03249c2d70cdea88235e685f1a91ced24905?s=96&d=mm&r=g","contentUrl":"https:\/\/secure.gravatar.com\/avatar\/f837d50a2ea0d7cba882939210fb03249c2d70cdea88235e685f1a91ced24905?s=96&d=mm&r=g","caption":"Mgtr. Geovanny Jurado Puente"},"description":"Mag\u00edster en Comunicaci\u00f3n, Menci\u00f3n Pol\u00edticas de Desarrollo Social; Licenciado en Ciencias de la Comunicaci\u00f3n Social; Docente Universitario; Miembro de la Red de Investigadores en Comunicaci\u00f3n del Ecuador (RICE); Miembro Fundador de la Red de Editoriales Universitarias y Escuelas Polit\u00e9cnicas del Ecuador (Reupde); ecuatoriano de nacimiento, con residencia en Daule.","sameAs":["https:\/\/www.facebook.com\/geojuradopuente","Geo Jurado","https:\/\/x.com\/GeoJurado"],"url":"https:\/\/noti-america.com\/site\/ecuador\/author\/gjurado\/"}]}},"_links":{"self":[{"href":"https:\/\/noti-america.com\/site\/ecuador\/wp-json\/wp\/v2\/posts\/6173","targetHints":{"allow":["GET"]}}],"collection":[{"href":"https:\/\/noti-america.com\/site\/ecuador\/wp-json\/wp\/v2\/posts"}],"about":[{"href":"https:\/\/noti-america.com\/site\/ecuador\/wp-json\/wp\/v2\/types\/post"}],"author":[{"embeddable":true,"href":"https:\/\/noti-america.com\/site\/ecuador\/wp-json\/wp\/v2\/users\/54"}],"replies":[{"embeddable":true,"href":"https:\/\/noti-america.com\/site\/ecuador\/wp-json\/wp\/v2\/comments?post=6173"}],"version-history":[{"count":2,"href":"https:\/\/noti-america.com\/site\/ecuador\/wp-json\/wp\/v2\/posts\/6173\/revisions"}],"predecessor-version":[{"id":6179,"href":"https:\/\/noti-america.com\/site\/ecuador\/wp-json\/wp\/v2\/posts\/6173\/revisions\/6179"}],"wp:featuredmedia":[{"embeddable":true,"href":"https:\/\/noti-america.com\/site\/ecuador\/wp-json\/wp\/v2\/media\/6178"}],"wp:attachment":[{"href":"https:\/\/noti-america.com\/site\/ecuador\/wp-json\/wp\/v2\/media?parent=6173"}],"wp:term":[{"taxonomy":"category","embeddable":true,"href":"https:\/\/noti-america.com\/site\/ecuador\/wp-json\/wp\/v2\/categories?post=6173"},{"taxonomy":"post_tag","embeddable":true,"href":"https:\/\/noti-america.com\/site\/ecuador\/wp-json\/wp\/v2\/tags?post=6173"}],"curies":[{"name":"wp","href":"https:\/\/api.w.org\/{rel}","templated":true}]}}