{"id":608,"date":"2018-01-19T03:17:00","date_gmt":"2018-01-19T03:17:00","guid":{"rendered":"http:\/\/noti-america.com\/site\/ecuador\/?p=608"},"modified":"2018-01-19T03:17:00","modified_gmt":"2018-01-19T03:17:00","slug":"familiares-de-los-56-mil-pesquero-artesanales-recibiran-seguro-social","status":"publish","type":"post","link":"https:\/\/noti-america.com\/site\/ecuador\/2018\/01\/19\/familiares-de-los-56-mil-pesquero-artesanales-recibiran-seguro-social\/","title":{"rendered":"FAMILIARES DE LOS 56 MIL PESQUERO ARTESANALES RECIBIR\u00c1N SEGURO SOCIAL"},"content":{"rendered":"<p>REDACCI\u00d3N NOTI. AM\u00c9RICA (ECUADOR)<\/p>\n<p>La Ministra de Acuacultura y Pesca Katuska Druet Salcedo, se reuni\u00f3n con funcionarios del Seguro Social Campesino para mejorar la atenci\u00f3n medica al pescador y se incluya a su familia en la atenci\u00f3n medica, otro tema que se trat\u00f3 es mejorar la normativa y todo lo que se respecta al control que anteriormente se aplicaba para atender a los pescadores, que era p\u00e9simo, por ello se trata de mejorar el servicio por el sinn\u00famero de quejas que se han presentado.<\/p>\n<p>Se ha dialogado con el director del Seguro Social Campesino Ing. Carlos Chilan, para que en la normativa se agregue la palabra Pescador y para dar cumplimiento a estas aspiraciones, hemos conformado\u00a0 una comisi\u00f3n\u00a0 para que se re\u00fana conjuntamente con los pescadores y delegados del seguro, esto con el fin de mejorar la atenci\u00f3n en las diferentes \u00e1reas. Cabe indicar que el aporte de los pescadores ser\u00e1 de 3 d\u00f3lares mensuales<\/p>\n<p>Drue,t indic\u00f3 que en el tema de seguridad para el sector se han mantenido permanentemente reuniones con los Ministros de seguridad,\u00a0 y\u00a0 del Interior y tambi\u00e9n con los Gobernadores del perfil costero, con el objetivo de analizar el brote delincuencial que se ha dado en los \u00faltimos meses de manera especial en el sector camaronero, aunque nos es responsabilidad de esta cartera, estamos articulando varias actividades institucionales para solucionar la afectaci\u00f3n que est\u00e1n sufriendo los camaroneros y pescadores<\/p>\n<p>En los pr\u00f3ximos d\u00edas este Ministerio conjuntamente con varias cooperativas har\u00e1 un levantamiento de informaci\u00f3n sobre la realidad del sector pesquero, esto nos ayudara a levantar la linea base para saber que hacer y a donde ir en el momento de tomar decisiones que afecten o beneficien al sector, podremos tener datos estad\u00edsticos para la elaboraci\u00f3n de proyectos que ayuden ha mejorar la calidad de vida de las familias y pescadores.<\/p>\n<p>&nbsp;<\/p>\n","protected":false},"excerpt":{"rendered":"<p>REDACCI\u00d3N NOTI. AM\u00c9RICA (ECUADOR) La Ministra de Acuacultura y Pesca Katuska Druet Salcedo, se reuni\u00f3n con funcionarios del Seguro Social Campesino para mejorar la atenci\u00f3n medica al pescador y se incluya a su familia&#46;&#46;&#46;<\/p>\n","protected":false},"author":17,"featured_media":610,"comment_status":"open","ping_status":"open","sticky":false,"template":"","format":"standard","meta":{"_acf_changed":false,"om_disable_all_campaigns":false,"rop_custom_images_group":[],"rop_custom_messages_group":[],"rop_publish_now":"initial","rop_publish_now_accounts":{"twitter_242054905_242054905":""},"rop_publish_now_history":[],"rop_publish_now_status":"pending","_uf_show_specific_survey":0,"_uf_disable_surveys":false,"footnotes":""},"categories":[1],"tags":[],"class_list":["post-608","post","type-post","status-publish","format-standard","has-post-thumbnail","hentry","category-uncategorized"],"acf":[],"aioseo_notices":[],"yoast_head":"<!-- This site is optimized with the Yoast SEO Premium plugin v24.9 (Yoast SEO v27.2) - https:\/\/yoast.com\/product\/yoast-seo-premium-wordpress\/ -->\n<title>FAMILIARES DE LOS 56 MIL PESQUERO ARTESANALES RECIBIR\u00c1N SEGURO SOCIAL - Ecuador | Noti-America.com<\/title>\n<meta name=\"robots\" content=\"index, follow, max-snippet:-1, max-image-preview:large, max-video-preview:-1\" \/>\n<link rel=\"canonical\" href=\"https:\/\/noti-america.com\/site\/ecuador\/2018\/01\/19\/familiares-de-los-56-mil-pesquero-artesanales-recibiran-seguro-social\/\" \/>\n<meta property=\"og:locale\" content=\"es_ES\" \/>\n<meta property=\"og:type\" content=\"article\" \/>\n<meta property=\"og:title\" content=\"FAMILIARES DE LOS 56 MIL PESQUERO ARTESANALES RECIBIR\u00c1N SEGURO SOCIAL\" \/>\n<meta property=\"og:description\" content=\"REDACCI\u00d3N NOTI. AM\u00c9RICA (ECUADOR) La Ministra de Acuacultura y Pesca Katuska Druet Salcedo, se reuni\u00f3n con funcionarios del Seguro Social Campesino para mejorar la atenci\u00f3n medica al pescador y se incluya a su familia&#046;&#046;&#046;\" \/>\n<meta property=\"og:url\" content=\"https:\/\/noti-america.com\/site\/ecuador\/2018\/01\/19\/familiares-de-los-56-mil-pesquero-artesanales-recibiran-seguro-social\/\" \/>\n<meta property=\"og:site_name\" content=\"Ecuador | Noti-America.com\" \/>\n<meta property=\"article:published_time\" content=\"2018-01-19T03:17:00+00:00\" \/>\n<meta property=\"og:image\" content=\"https:\/\/noti-america.com\/site\/ecuador\/wp-content\/uploads\/sites\/18\/2018\/01\/FOTO-MINISTRA-ACUACULTURA-Y-PESCA-KATUSCA-DRUET-1.jpg\" \/>\n\t<meta property=\"og:image:width\" content=\"2560\" \/>\n\t<meta property=\"og:image:height\" content=\"1440\" \/>\n\t<meta property=\"og:image:type\" content=\"image\/jpeg\" \/>\n<meta name=\"author\" content=\"Gregory Quintana Montiel\" \/>\n<meta name=\"twitter:card\" content=\"summary_large_image\" \/>\n<meta name=\"twitter:creator\" content=\"@gdgregori1\" \/>\n<meta name=\"twitter:site\" content=\"@notiamerica\" \/>\n<meta name=\"twitter:label1\" content=\"Escrito por\" \/>\n\t<meta name=\"twitter:data1\" content=\"Gregory Quintana Montiel\" \/>\n\t<meta name=\"twitter:label2\" content=\"Tiempo estimado de lectura\" \/>\n\t<meta name=\"twitter:data2\" content=\"2 minutos\" \/>\n<script type=\"application\/ld+json\" class=\"yoast-schema-graph\">{\"@context\":\"https:\/\/schema.org\",\"@graph\":[{\"@type\":\"Article\",\"@id\":\"https:\/\/noti-america.com\/site\/ecuador\/2018\/01\/19\/familiares-de-los-56-mil-pesquero-artesanales-recibiran-seguro-social\/#article\",\"isPartOf\":{\"@id\":\"https:\/\/noti-america.com\/site\/ecuador\/2018\/01\/19\/familiares-de-los-56-mil-pesquero-artesanales-recibiran-seguro-social\/\"},\"author\":{\"name\":\"Gregory Quintana Montiel\",\"@id\":\"https:\/\/noti-america.com\/site\/ecuador\/#\/schema\/person\/3b975e42f15abfe64bfe3abdd916efda\"},\"headline\":\"FAMILIARES DE LOS 56 MIL PESQUERO ARTESANALES RECIBIR\u00c1N SEGURO SOCIAL\",\"datePublished\":\"2018-01-19T03:17:00+00:00\",\"mainEntityOfPage\":{\"@id\":\"https:\/\/noti-america.com\/site\/ecuador\/2018\/01\/19\/familiares-de-los-56-mil-pesquero-artesanales-recibiran-seguro-social\/\"},\"wordCount\":334,\"commentCount\":0,\"publisher\":{\"@id\":\"https:\/\/noti-america.com\/site\/ecuador\/#organization\"},\"image\":{\"@id\":\"https:\/\/noti-america.com\/site\/ecuador\/2018\/01\/19\/familiares-de-los-56-mil-pesquero-artesanales-recibiran-seguro-social\/#primaryimage\"},\"thumbnailUrl\":\"https:\/\/noti-america.com\/site\/ecuador\/wp-content\/uploads\/sites\/18\/2018\/01\/FOTO-MINISTRA-ACUACULTURA-Y-PESCA-KATUSCA-DRUET-1.jpg\",\"articleSection\":[\"Uncategorized\"],\"inLanguage\":\"es\",\"potentialAction\":[{\"@type\":\"CommentAction\",\"name\":\"Comment\",\"target\":[\"https:\/\/noti-america.com\/site\/ecuador\/2018\/01\/19\/familiares-de-los-56-mil-pesquero-artesanales-recibiran-seguro-social\/#respond\"]}]},{\"@type\":\"WebPage\",\"@id\":\"https:\/\/noti-america.com\/site\/ecuador\/2018\/01\/19\/familiares-de-los-56-mil-pesquero-artesanales-recibiran-seguro-social\/\",\"url\":\"https:\/\/noti-america.com\/site\/ecuador\/2018\/01\/19\/familiares-de-los-56-mil-pesquero-artesanales-recibiran-seguro-social\/\",\"name\":\"FAMILIARES DE LOS 56 MIL PESQUERO ARTESANALES RECIBIR\u00c1N SEGURO SOCIAL - Ecuador | Noti-America.com\",\"isPartOf\":{\"@id\":\"https:\/\/noti-america.com\/site\/ecuador\/#website\"},\"primaryImageOfPage\":{\"@id\":\"https:\/\/noti-america.com\/site\/ecuador\/2018\/01\/19\/familiares-de-los-56-mil-pesquero-artesanales-recibiran-seguro-social\/#primaryimage\"},\"image\":{\"@id\":\"https:\/\/noti-america.com\/site\/ecuador\/2018\/01\/19\/familiares-de-los-56-mil-pesquero-artesanales-recibiran-seguro-social\/#primaryimage\"},\"thumbnailUrl\":\"https:\/\/noti-america.com\/site\/ecuador\/wp-content\/uploads\/sites\/18\/2018\/01\/FOTO-MINISTRA-ACUACULTURA-Y-PESCA-KATUSCA-DRUET-1.jpg\",\"datePublished\":\"2018-01-19T03:17:00+00:00\",\"breadcrumb\":{\"@id\":\"https:\/\/noti-america.com\/site\/ecuador\/2018\/01\/19\/familiares-de-los-56-mil-pesquero-artesanales-recibiran-seguro-social\/#breadcrumb\"},\"inLanguage\":\"es\",\"potentialAction\":[{\"@type\":\"ReadAction\",\"target\":[\"https:\/\/noti-america.com\/site\/ecuador\/2018\/01\/19\/familiares-de-los-56-mil-pesquero-artesanales-recibiran-seguro-social\/\"]}]},{\"@type\":\"ImageObject\",\"inLanguage\":\"es\",\"@id\":\"https:\/\/noti-america.com\/site\/ecuador\/2018\/01\/19\/familiares-de-los-56-mil-pesquero-artesanales-recibiran-seguro-social\/#primaryimage\",\"url\":\"https:\/\/noti-america.com\/site\/ecuador\/wp-content\/uploads\/sites\/18\/2018\/01\/FOTO-MINISTRA-ACUACULTURA-Y-PESCA-KATUSCA-DRUET-1.jpg\",\"contentUrl\":\"https:\/\/noti-america.com\/site\/ecuador\/wp-content\/uploads\/sites\/18\/2018\/01\/FOTO-MINISTRA-ACUACULTURA-Y-PESCA-KATUSCA-DRUET-1.jpg\",\"width\":2560,\"height\":1440},{\"@type\":\"BreadcrumbList\",\"@id\":\"https:\/\/noti-america.com\/site\/ecuador\/2018\/01\/19\/familiares-de-los-56-mil-pesquero-artesanales-recibiran-seguro-social\/#breadcrumb\",\"itemListElement\":[{\"@type\":\"ListItem\",\"position\":1,\"name\":\"Portada\",\"item\":\"https:\/\/noti-america.com\/site\/ecuador\/\"},{\"@type\":\"ListItem\",\"position\":2,\"name\":\"FAMILIARES DE LOS 56 MIL PESQUERO ARTESANALES RECIBIR\u00c1N SEGURO SOCIAL\"}]},{\"@type\":\"WebSite\",\"@id\":\"https:\/\/noti-america.com\/site\/ecuador\/#website\",\"url\":\"https:\/\/noti-america.com\/site\/ecuador\/\",\"name\":\"Ecuador | Noti-America.com\",\"description\":\"\",\"publisher\":{\"@id\":\"https:\/\/noti-america.com\/site\/ecuador\/#organization\"},\"potentialAction\":[{\"@type\":\"SearchAction\",\"target\":{\"@type\":\"EntryPoint\",\"urlTemplate\":\"https:\/\/noti-america.com\/site\/ecuador\/?s={search_term_string}\"},\"query-input\":{\"@type\":\"PropertyValueSpecification\",\"valueRequired\":true,\"valueName\":\"search_term_string\"}}],\"inLanguage\":\"es\"},{\"@type\":\"Organization\",\"@id\":\"https:\/\/noti-america.com\/site\/ecuador\/#organization\",\"name\":\"Noti-America LLC | Ecuador\",\"url\":\"https:\/\/noti-america.com\/site\/ecuador\/\",\"logo\":{\"@type\":\"ImageObject\",\"inLanguage\":\"es\",\"@id\":\"https:\/\/noti-america.com\/site\/ecuador\/#\/schema\/logo\/image\/\",\"url\":\"https:\/\/noti-america.com\/site\/ecuador\/wp-content\/uploads\/sites\/18\/2020\/07\/LogoNA-4x3-1.jpg\",\"contentUrl\":\"https:\/\/noti-america.com\/site\/ecuador\/wp-content\/uploads\/sites\/18\/2020\/07\/LogoNA-4x3-1.jpg\",\"width\":1236,\"height\":1080,\"caption\":\"Noti-America LLC | Ecuador\"},\"image\":{\"@id\":\"https:\/\/noti-america.com\/site\/ecuador\/#\/schema\/logo\/image\/\"},\"sameAs\":[\"https:\/\/x.com\/notiamerica\"]},{\"@type\":\"Person\",\"@id\":\"https:\/\/noti-america.com\/site\/ecuador\/#\/schema\/person\/3b975e42f15abfe64bfe3abdd916efda\",\"name\":\"Gregory Quintana Montiel\",\"image\":{\"@type\":\"ImageObject\",\"inLanguage\":\"es\",\"@id\":\"https:\/\/secure.gravatar.com\/avatar\/2d6b802f7720c2ec7744dcbe608cc2f3417aeb964d58b443c6d612b77531de1d?s=96&d=mm&r=g\",\"url\":\"https:\/\/secure.gravatar.com\/avatar\/2d6b802f7720c2ec7744dcbe608cc2f3417aeb964d58b443c6d612b77531de1d?s=96&d=mm&r=g\",\"contentUrl\":\"https:\/\/secure.gravatar.com\/avatar\/2d6b802f7720c2ec7744dcbe608cc2f3417aeb964d58b443c6d612b77531de1d?s=96&d=mm&r=g\",\"caption\":\"Gregory Quintana Montiel\"},\"description\":\"Licenciatura en Ciencias de la Comunicaci\u00f3n Social, egresado en la Especializaci\u00f3n Derecho Ambiental Desarrollo Sostenible y Sustentable, Miembro de la Comunidad de profesionales y experto para Latinoam\u00e9rica y el Caribe en Gesti\u00f3n por Resultado en el Desarrollo (COPLAC - GpRD) del Banco Interamericano de Desarrollo, experiencia en medios radiales y escritos.\",\"sameAs\":[\"https:\/\/x.com\/gdgregori1\",\"gquintana\"],\"url\":\"https:\/\/noti-america.com\/site\/ecuador\/author\/gquintana\/\"}]}<\/script>\n<!-- \/ Yoast SEO Premium plugin. -->","yoast_head_json":{"title":"FAMILIARES DE LOS 56 MIL PESQUERO ARTESANALES RECIBIR\u00c1N SEGURO SOCIAL - Ecuador | Noti-America.com","robots":{"index":"index","follow":"follow","max-snippet":"max-snippet:-1","max-image-preview":"max-image-preview:large","max-video-preview":"max-video-preview:-1"},"canonical":"https:\/\/noti-america.com\/site\/ecuador\/2018\/01\/19\/familiares-de-los-56-mil-pesquero-artesanales-recibiran-seguro-social\/","og_locale":"es_ES","og_type":"article","og_title":"FAMILIARES DE LOS 56 MIL PESQUERO ARTESANALES RECIBIR\u00c1N SEGURO SOCIAL","og_description":"REDACCI\u00d3N NOTI. AM\u00c9RICA (ECUADOR) La Ministra de Acuacultura y Pesca Katuska Druet Salcedo, se reuni\u00f3n con funcionarios del Seguro Social Campesino para mejorar la atenci\u00f3n medica al pescador y se incluya a su familia&#46;&#46;&#46;","og_url":"https:\/\/noti-america.com\/site\/ecuador\/2018\/01\/19\/familiares-de-los-56-mil-pesquero-artesanales-recibiran-seguro-social\/","og_site_name":"Ecuador | Noti-America.com","article_published_time":"2018-01-19T03:17:00+00:00","og_image":[{"width":2560,"height":1440,"url":"https:\/\/noti-america.com\/site\/ecuador\/wp-content\/uploads\/sites\/18\/2018\/01\/FOTO-MINISTRA-ACUACULTURA-Y-PESCA-KATUSCA-DRUET-1.jpg","type":"image\/jpeg"}],"author":"Gregory Quintana Montiel","twitter_card":"summary_large_image","twitter_creator":"@gdgregori1","twitter_site":"@notiamerica","twitter_misc":{"Escrito por":"Gregory Quintana Montiel","Tiempo estimado de lectura":"2 minutos"},"schema":{"@context":"https:\/\/schema.org","@graph":[{"@type":"Article","@id":"https:\/\/noti-america.com\/site\/ecuador\/2018\/01\/19\/familiares-de-los-56-mil-pesquero-artesanales-recibiran-seguro-social\/#article","isPartOf":{"@id":"https:\/\/noti-america.com\/site\/ecuador\/2018\/01\/19\/familiares-de-los-56-mil-pesquero-artesanales-recibiran-seguro-social\/"},"author":{"name":"Gregory Quintana Montiel","@id":"https:\/\/noti-america.com\/site\/ecuador\/#\/schema\/person\/3b975e42f15abfe64bfe3abdd916efda"},"headline":"FAMILIARES DE LOS 56 MIL PESQUERO ARTESANALES RECIBIR\u00c1N SEGURO SOCIAL","datePublished":"2018-01-19T03:17:00+00:00","mainEntityOfPage":{"@id":"https:\/\/noti-america.com\/site\/ecuador\/2018\/01\/19\/familiares-de-los-56-mil-pesquero-artesanales-recibiran-seguro-social\/"},"wordCount":334,"commentCount":0,"publisher":{"@id":"https:\/\/noti-america.com\/site\/ecuador\/#organization"},"image":{"@id":"https:\/\/noti-america.com\/site\/ecuador\/2018\/01\/19\/familiares-de-los-56-mil-pesquero-artesanales-recibiran-seguro-social\/#primaryimage"},"thumbnailUrl":"https:\/\/noti-america.com\/site\/ecuador\/wp-content\/uploads\/sites\/18\/2018\/01\/FOTO-MINISTRA-ACUACULTURA-Y-PESCA-KATUSCA-DRUET-1.jpg","articleSection":["Uncategorized"],"inLanguage":"es","potentialAction":[{"@type":"CommentAction","name":"Comment","target":["https:\/\/noti-america.com\/site\/ecuador\/2018\/01\/19\/familiares-de-los-56-mil-pesquero-artesanales-recibiran-seguro-social\/#respond"]}]},{"@type":"WebPage","@id":"https:\/\/noti-america.com\/site\/ecuador\/2018\/01\/19\/familiares-de-los-56-mil-pesquero-artesanales-recibiran-seguro-social\/","url":"https:\/\/noti-america.com\/site\/ecuador\/2018\/01\/19\/familiares-de-los-56-mil-pesquero-artesanales-recibiran-seguro-social\/","name":"FAMILIARES DE LOS 56 MIL PESQUERO ARTESANALES RECIBIR\u00c1N SEGURO SOCIAL - Ecuador | Noti-America.com","isPartOf":{"@id":"https:\/\/noti-america.com\/site\/ecuador\/#website"},"primaryImageOfPage":{"@id":"https:\/\/noti-america.com\/site\/ecuador\/2018\/01\/19\/familiares-de-los-56-mil-pesquero-artesanales-recibiran-seguro-social\/#primaryimage"},"image":{"@id":"https:\/\/noti-america.com\/site\/ecuador\/2018\/01\/19\/familiares-de-los-56-mil-pesquero-artesanales-recibiran-seguro-social\/#primaryimage"},"thumbnailUrl":"https:\/\/noti-america.com\/site\/ecuador\/wp-content\/uploads\/sites\/18\/2018\/01\/FOTO-MINISTRA-ACUACULTURA-Y-PESCA-KATUSCA-DRUET-1.jpg","datePublished":"2018-01-19T03:17:00+00:00","breadcrumb":{"@id":"https:\/\/noti-america.com\/site\/ecuador\/2018\/01\/19\/familiares-de-los-56-mil-pesquero-artesanales-recibiran-seguro-social\/#breadcrumb"},"inLanguage":"es","potentialAction":[{"@type":"ReadAction","target":["https:\/\/noti-america.com\/site\/ecuador\/2018\/01\/19\/familiares-de-los-56-mil-pesquero-artesanales-recibiran-seguro-social\/"]}]},{"@type":"ImageObject","inLanguage":"es","@id":"https:\/\/noti-america.com\/site\/ecuador\/2018\/01\/19\/familiares-de-los-56-mil-pesquero-artesanales-recibiran-seguro-social\/#primaryimage","url":"https:\/\/noti-america.com\/site\/ecuador\/wp-content\/uploads\/sites\/18\/2018\/01\/FOTO-MINISTRA-ACUACULTURA-Y-PESCA-KATUSCA-DRUET-1.jpg","contentUrl":"https:\/\/noti-america.com\/site\/ecuador\/wp-content\/uploads\/sites\/18\/2018\/01\/FOTO-MINISTRA-ACUACULTURA-Y-PESCA-KATUSCA-DRUET-1.jpg","width":2560,"height":1440},{"@type":"BreadcrumbList","@id":"https:\/\/noti-america.com\/site\/ecuador\/2018\/01\/19\/familiares-de-los-56-mil-pesquero-artesanales-recibiran-seguro-social\/#breadcrumb","itemListElement":[{"@type":"ListItem","position":1,"name":"Portada","item":"https:\/\/noti-america.com\/site\/ecuador\/"},{"@type":"ListItem","position":2,"name":"FAMILIARES DE LOS 56 MIL PESQUERO ARTESANALES RECIBIR\u00c1N SEGURO SOCIAL"}]},{"@type":"WebSite","@id":"https:\/\/noti-america.com\/site\/ecuador\/#website","url":"https:\/\/noti-america.com\/site\/ecuador\/","name":"Ecuador | Noti-America.com","description":"","publisher":{"@id":"https:\/\/noti-america.com\/site\/ecuador\/#organization"},"potentialAction":[{"@type":"SearchAction","target":{"@type":"EntryPoint","urlTemplate":"https:\/\/noti-america.com\/site\/ecuador\/?s={search_term_string}"},"query-input":{"@type":"PropertyValueSpecification","valueRequired":true,"valueName":"search_term_string"}}],"inLanguage":"es"},{"@type":"Organization","@id":"https:\/\/noti-america.com\/site\/ecuador\/#organization","name":"Noti-America LLC | Ecuador","url":"https:\/\/noti-america.com\/site\/ecuador\/","logo":{"@type":"ImageObject","inLanguage":"es","@id":"https:\/\/noti-america.com\/site\/ecuador\/#\/schema\/logo\/image\/","url":"https:\/\/noti-america.com\/site\/ecuador\/wp-content\/uploads\/sites\/18\/2020\/07\/LogoNA-4x3-1.jpg","contentUrl":"https:\/\/noti-america.com\/site\/ecuador\/wp-content\/uploads\/sites\/18\/2020\/07\/LogoNA-4x3-1.jpg","width":1236,"height":1080,"caption":"Noti-America LLC | Ecuador"},"image":{"@id":"https:\/\/noti-america.com\/site\/ecuador\/#\/schema\/logo\/image\/"},"sameAs":["https:\/\/x.com\/notiamerica"]},{"@type":"Person","@id":"https:\/\/noti-america.com\/site\/ecuador\/#\/schema\/person\/3b975e42f15abfe64bfe3abdd916efda","name":"Gregory Quintana Montiel","image":{"@type":"ImageObject","inLanguage":"es","@id":"https:\/\/secure.gravatar.com\/avatar\/2d6b802f7720c2ec7744dcbe608cc2f3417aeb964d58b443c6d612b77531de1d?s=96&d=mm&r=g","url":"https:\/\/secure.gravatar.com\/avatar\/2d6b802f7720c2ec7744dcbe608cc2f3417aeb964d58b443c6d612b77531de1d?s=96&d=mm&r=g","contentUrl":"https:\/\/secure.gravatar.com\/avatar\/2d6b802f7720c2ec7744dcbe608cc2f3417aeb964d58b443c6d612b77531de1d?s=96&d=mm&r=g","caption":"Gregory Quintana Montiel"},"description":"Licenciatura en Ciencias de la Comunicaci\u00f3n Social, egresado en la Especializaci\u00f3n Derecho Ambiental Desarrollo Sostenible y Sustentable, Miembro de la Comunidad de profesionales y experto para Latinoam\u00e9rica y el Caribe en Gesti\u00f3n por Resultado en el Desarrollo (COPLAC - GpRD) del Banco Interamericano de Desarrollo, experiencia en medios radiales y escritos.","sameAs":["https:\/\/x.com\/gdgregori1","gquintana"],"url":"https:\/\/noti-america.com\/site\/ecuador\/author\/gquintana\/"}]}},"_links":{"self":[{"href":"https:\/\/noti-america.com\/site\/ecuador\/wp-json\/wp\/v2\/posts\/608","targetHints":{"allow":["GET"]}}],"collection":[{"href":"https:\/\/noti-america.com\/site\/ecuador\/wp-json\/wp\/v2\/posts"}],"about":[{"href":"https:\/\/noti-america.com\/site\/ecuador\/wp-json\/wp\/v2\/types\/post"}],"author":[{"embeddable":true,"href":"https:\/\/noti-america.com\/site\/ecuador\/wp-json\/wp\/v2\/users\/17"}],"replies":[{"embeddable":true,"href":"https:\/\/noti-america.com\/site\/ecuador\/wp-json\/wp\/v2\/comments?post=608"}],"version-history":[{"count":1,"href":"https:\/\/noti-america.com\/site\/ecuador\/wp-json\/wp\/v2\/posts\/608\/revisions"}],"predecessor-version":[{"id":611,"href":"https:\/\/noti-america.com\/site\/ecuador\/wp-json\/wp\/v2\/posts\/608\/revisions\/611"}],"wp:featuredmedia":[{"embeddable":true,"href":"https:\/\/noti-america.com\/site\/ecuador\/wp-json\/wp\/v2\/media\/610"}],"wp:attachment":[{"href":"https:\/\/noti-america.com\/site\/ecuador\/wp-json\/wp\/v2\/media?parent=608"}],"wp:term":[{"taxonomy":"category","embeddable":true,"href":"https:\/\/noti-america.com\/site\/ecuador\/wp-json\/wp\/v2\/categories?post=608"},{"taxonomy":"post_tag","embeddable":true,"href":"https:\/\/noti-america.com\/site\/ecuador\/wp-json\/wp\/v2\/tags?post=608"}],"curies":[{"name":"wp","href":"https:\/\/api.w.org\/{rel}","templated":true}]}}