{"id":5992,"date":"2019-10-12T00:47:19","date_gmt":"2019-10-12T00:47:19","guid":{"rendered":"http:\/\/noti-america.com\/site\/ecuador\/?p=5992"},"modified":"2019-10-12T00:47:19","modified_gmt":"2019-10-12T00:47:19","slug":"gobierno-invita-a-los-indigenas-a-dialogo-directo","status":"publish","type":"post","link":"https:\/\/noti-america.com\/site\/ecuador\/2019\/10\/12\/gobierno-invita-a-los-indigenas-a-dialogo-directo\/","title":{"rendered":"Gobierno invita a los Ind\u00edgenas a dialogo directo"},"content":{"rendered":"<p>REDACCI\u00d3N NOTI-AM\u00c9RICA (ECUADOR)<\/p>\n<p style=\"text-align: justify\">El Gobierno de Len\u00edn Moreno ha convocado a la dirigencia Ind\u00edgena a un dialogo directo, esto lo ha hecho a trav\u00e9s de una cadena nacional, en la cual ha indicado que esta dispuesto a buscar los mecanismos que ayuden a terminar con con las movilizaciones que ya cumplen 9 d\u00edas.<\/p>\n<p style=\"text-align: justify\">\u201cHago un llamado a los dirigentes a dialogar directamente conmigo, sent\u00e9monos para conversar y dialogar sobre el decreto<b>\u00a0883<\/b>\u201d, se\u00f1al\u00f3 el mandatario. Adem\u00e1s, a\u00f1adi\u00f3 que los invita a discutir sobre el destino de los\u00a0<b>recursos\u00a0<\/b>que se conseguir\u00edan mediante la eliminaci\u00f3n del subsidio a los combustibles: \u201casegur\u00e9monos de que vayan a quienes m\u00e1s lo necesitan. Pongamos en nuestras manos la soluci\u00f3n de las diferencias. El pa\u00eds debe recuperar la calma. Que el pa\u00eds sepa que tenemos la voluntad del di\u00e1logo, pues aqu\u00ed est\u00e1 la m\u00eda\u201d, finaliz\u00f3.<\/p>\n<p style=\"text-align: justify\">Pasaron casi dos horas luego del mensaje de\u00a0<b>Moreno<\/b>, para que la\u00a0<b>Confederaci\u00f3n de Nacionalidades Ind\u00edgenas del Ecuador\u00a0<\/b>(Conaie), a las 17:49, emitiera una respuesta. \u201cDespu\u00e9s de 9 d\u00edas de exitosa movilizaci\u00f3n nacional y resistencia en todo el pa\u00eds, soportando la represi\u00f3n, con m\u00e1s de 554 heridos, 929 detenidos, 5 muertos y otros tantos desaparecidos,<b>\u00a0nos disponemos al di\u00e1logo con @Lenin cuando se derogue\u00a0<\/b>el\u00a0<b>decreto<\/b>\u00a0<b>883\u201d<\/b>, detallaron en su cuenta de Twitter.<\/p>\n<p style=\"text-align: justify\">Adem\u00e1s se\u00f1alaron que \u201cel di\u00e1logo que el\u00a0<b>Gobierno Nacional<\/b>\u00a0dice promulgar se ha sustentado durante este proceso de resistencia en una de la peores masacres en la historia del Ecuador\u201d, y responsabilizaron por la\u00a0<b>violencia<\/b>\u00a0a la ministra de Gobierno\u00a0<b>Mar\u00eda<\/b>\u00a0<b>Paula<\/b>\u00a0<b>Romo<\/b>\u00a0y al ministro de Defensa,\u00a0<b>Oswaldo<\/b>\u00a0<b>Jarr\u00edn<\/b>.<\/p>\n<p style=\"text-align: justify\">El 10 de octubre, como medida para radicalizar su pedido, el movimiento ind\u00edgena retuvo a 8 polic\u00edas y 27 trabajadores de medios de comunicaci\u00f3n en el \u00c1gora de la Casa de la Cultura. Estos fueron liberados luego de una horas.<\/p>\n","protected":false},"excerpt":{"rendered":"<p>REDACCI\u00d3N NOTI-AM\u00c9RICA (ECUADOR) El Gobierno de Len\u00edn Moreno ha convocado a la dirigencia Ind\u00edgena a un dialogo directo, esto lo ha hecho a trav\u00e9s de una cadena nacional, en la cual ha indicado que&#46;&#46;&#46;<\/p>\n","protected":false},"author":17,"featured_media":5993,"comment_status":"open","ping_status":"open","sticky":false,"template":"","format":"standard","meta":{"_acf_changed":false,"om_disable_all_campaigns":false,"rop_custom_images_group":[],"rop_custom_messages_group":[],"rop_publish_now":"initial","rop_publish_now_accounts":{"twitter_242054905_242054905":""},"rop_publish_now_history":[],"rop_publish_now_status":"pending","_uf_show_specific_survey":0,"_uf_disable_surveys":false,"footnotes":""},"categories":[34],"tags":[],"class_list":["post-5992","post","type-post","status-publish","format-standard","has-post-thumbnail","hentry","category-politica-opinion"],"acf":[],"aioseo_notices":[],"yoast_head":"<!-- This site is optimized with the Yoast SEO Premium plugin v24.9 (Yoast SEO v27.2) - https:\/\/yoast.com\/product\/yoast-seo-premium-wordpress\/ -->\n<title>Gobierno invita a los Ind\u00edgenas a dialogo directo - Ecuador | Noti-America.com<\/title>\n<meta name=\"robots\" content=\"index, follow, max-snippet:-1, max-image-preview:large, max-video-preview:-1\" \/>\n<link rel=\"canonical\" href=\"https:\/\/noti-america.com\/site\/ecuador\/2019\/10\/12\/gobierno-invita-a-los-indigenas-a-dialogo-directo\/\" \/>\n<meta property=\"og:locale\" content=\"es_ES\" \/>\n<meta property=\"og:type\" content=\"article\" \/>\n<meta property=\"og:title\" content=\"Gobierno invita a los Ind\u00edgenas a dialogo directo\" \/>\n<meta property=\"og:description\" content=\"REDACCI\u00d3N NOTI-AM\u00c9RICA (ECUADOR) El Gobierno de Len\u00edn Moreno ha convocado a la dirigencia Ind\u00edgena a un dialogo directo, esto lo ha hecho a trav\u00e9s de una cadena nacional, en la cual ha indicado que&#046;&#046;&#046;\" \/>\n<meta property=\"og:url\" content=\"https:\/\/noti-america.com\/site\/ecuador\/2019\/10\/12\/gobierno-invita-a-los-indigenas-a-dialogo-directo\/\" \/>\n<meta property=\"og:site_name\" content=\"Ecuador | Noti-America.com\" \/>\n<meta property=\"article:published_time\" content=\"2019-10-12T00:47:19+00:00\" \/>\n<meta property=\"og:image\" content=\"https:\/\/noti-america.com\/site\/ecuador\/wp-content\/uploads\/sites\/18\/2019\/10\/Mensaje-del-presidente-moreno-invintando-al-dialogo.jpg\" \/>\n\t<meta property=\"og:image:width\" content=\"762\" \/>\n\t<meta property=\"og:image:height\" content=\"428\" \/>\n\t<meta property=\"og:image:type\" content=\"image\/jpeg\" \/>\n<meta name=\"author\" content=\"Gregory Quintana Montiel\" \/>\n<meta name=\"twitter:card\" content=\"summary_large_image\" \/>\n<meta name=\"twitter:creator\" content=\"@gdgregori1\" \/>\n<meta name=\"twitter:site\" content=\"@notiamerica\" \/>\n<meta name=\"twitter:label1\" content=\"Escrito por\" \/>\n\t<meta name=\"twitter:data1\" content=\"Gregory Quintana Montiel\" \/>\n\t<meta name=\"twitter:label2\" content=\"Tiempo estimado de lectura\" \/>\n\t<meta name=\"twitter:data2\" content=\"2 minutos\" \/>\n<script type=\"application\/ld+json\" class=\"yoast-schema-graph\">{\"@context\":\"https:\/\/schema.org\",\"@graph\":[{\"@type\":\"Article\",\"@id\":\"https:\/\/noti-america.com\/site\/ecuador\/2019\/10\/12\/gobierno-invita-a-los-indigenas-a-dialogo-directo\/#article\",\"isPartOf\":{\"@id\":\"https:\/\/noti-america.com\/site\/ecuador\/2019\/10\/12\/gobierno-invita-a-los-indigenas-a-dialogo-directo\/\"},\"author\":{\"name\":\"Gregory Quintana Montiel\",\"@id\":\"https:\/\/noti-america.com\/site\/ecuador\/#\/schema\/person\/3b975e42f15abfe64bfe3abdd916efda\"},\"headline\":\"Gobierno invita a los Ind\u00edgenas a dialogo directo\",\"datePublished\":\"2019-10-12T00:47:19+00:00\",\"mainEntityOfPage\":{\"@id\":\"https:\/\/noti-america.com\/site\/ecuador\/2019\/10\/12\/gobierno-invita-a-los-indigenas-a-dialogo-directo\/\"},\"wordCount\":336,\"commentCount\":0,\"publisher\":{\"@id\":\"https:\/\/noti-america.com\/site\/ecuador\/#organization\"},\"image\":{\"@id\":\"https:\/\/noti-america.com\/site\/ecuador\/2019\/10\/12\/gobierno-invita-a-los-indigenas-a-dialogo-directo\/#primaryimage\"},\"thumbnailUrl\":\"https:\/\/noti-america.com\/site\/ecuador\/wp-content\/uploads\/sites\/18\/2019\/10\/Mensaje-del-presidente-moreno-invintando-al-dialogo.jpg\",\"articleSection\":[\"Pol\u00edtica\"],\"inLanguage\":\"es\",\"potentialAction\":[{\"@type\":\"CommentAction\",\"name\":\"Comment\",\"target\":[\"https:\/\/noti-america.com\/site\/ecuador\/2019\/10\/12\/gobierno-invita-a-los-indigenas-a-dialogo-directo\/#respond\"]}]},{\"@type\":\"WebPage\",\"@id\":\"https:\/\/noti-america.com\/site\/ecuador\/2019\/10\/12\/gobierno-invita-a-los-indigenas-a-dialogo-directo\/\",\"url\":\"https:\/\/noti-america.com\/site\/ecuador\/2019\/10\/12\/gobierno-invita-a-los-indigenas-a-dialogo-directo\/\",\"name\":\"Gobierno invita a los Ind\u00edgenas a dialogo directo - Ecuador | Noti-America.com\",\"isPartOf\":{\"@id\":\"https:\/\/noti-america.com\/site\/ecuador\/#website\"},\"primaryImageOfPage\":{\"@id\":\"https:\/\/noti-america.com\/site\/ecuador\/2019\/10\/12\/gobierno-invita-a-los-indigenas-a-dialogo-directo\/#primaryimage\"},\"image\":{\"@id\":\"https:\/\/noti-america.com\/site\/ecuador\/2019\/10\/12\/gobierno-invita-a-los-indigenas-a-dialogo-directo\/#primaryimage\"},\"thumbnailUrl\":\"https:\/\/noti-america.com\/site\/ecuador\/wp-content\/uploads\/sites\/18\/2019\/10\/Mensaje-del-presidente-moreno-invintando-al-dialogo.jpg\",\"datePublished\":\"2019-10-12T00:47:19+00:00\",\"breadcrumb\":{\"@id\":\"https:\/\/noti-america.com\/site\/ecuador\/2019\/10\/12\/gobierno-invita-a-los-indigenas-a-dialogo-directo\/#breadcrumb\"},\"inLanguage\":\"es\",\"potentialAction\":[{\"@type\":\"ReadAction\",\"target\":[\"https:\/\/noti-america.com\/site\/ecuador\/2019\/10\/12\/gobierno-invita-a-los-indigenas-a-dialogo-directo\/\"]}]},{\"@type\":\"ImageObject\",\"inLanguage\":\"es\",\"@id\":\"https:\/\/noti-america.com\/site\/ecuador\/2019\/10\/12\/gobierno-invita-a-los-indigenas-a-dialogo-directo\/#primaryimage\",\"url\":\"https:\/\/noti-america.com\/site\/ecuador\/wp-content\/uploads\/sites\/18\/2019\/10\/Mensaje-del-presidente-moreno-invintando-al-dialogo.jpg\",\"contentUrl\":\"https:\/\/noti-america.com\/site\/ecuador\/wp-content\/uploads\/sites\/18\/2019\/10\/Mensaje-del-presidente-moreno-invintando-al-dialogo.jpg\",\"width\":762,\"height\":428},{\"@type\":\"BreadcrumbList\",\"@id\":\"https:\/\/noti-america.com\/site\/ecuador\/2019\/10\/12\/gobierno-invita-a-los-indigenas-a-dialogo-directo\/#breadcrumb\",\"itemListElement\":[{\"@type\":\"ListItem\",\"position\":1,\"name\":\"Portada\",\"item\":\"https:\/\/noti-america.com\/site\/ecuador\/\"},{\"@type\":\"ListItem\",\"position\":2,\"name\":\"Gobierno invita a los Ind\u00edgenas a dialogo directo\"}]},{\"@type\":\"WebSite\",\"@id\":\"https:\/\/noti-america.com\/site\/ecuador\/#website\",\"url\":\"https:\/\/noti-america.com\/site\/ecuador\/\",\"name\":\"Ecuador | Noti-America.com\",\"description\":\"\",\"publisher\":{\"@id\":\"https:\/\/noti-america.com\/site\/ecuador\/#organization\"},\"potentialAction\":[{\"@type\":\"SearchAction\",\"target\":{\"@type\":\"EntryPoint\",\"urlTemplate\":\"https:\/\/noti-america.com\/site\/ecuador\/?s={search_term_string}\"},\"query-input\":{\"@type\":\"PropertyValueSpecification\",\"valueRequired\":true,\"valueName\":\"search_term_string\"}}],\"inLanguage\":\"es\"},{\"@type\":\"Organization\",\"@id\":\"https:\/\/noti-america.com\/site\/ecuador\/#organization\",\"name\":\"Noti-America LLC | Ecuador\",\"url\":\"https:\/\/noti-america.com\/site\/ecuador\/\",\"logo\":{\"@type\":\"ImageObject\",\"inLanguage\":\"es\",\"@id\":\"https:\/\/noti-america.com\/site\/ecuador\/#\/schema\/logo\/image\/\",\"url\":\"https:\/\/noti-america.com\/site\/ecuador\/wp-content\/uploads\/sites\/18\/2020\/07\/LogoNA-4x3-1.jpg\",\"contentUrl\":\"https:\/\/noti-america.com\/site\/ecuador\/wp-content\/uploads\/sites\/18\/2020\/07\/LogoNA-4x3-1.jpg\",\"width\":1236,\"height\":1080,\"caption\":\"Noti-America LLC | Ecuador\"},\"image\":{\"@id\":\"https:\/\/noti-america.com\/site\/ecuador\/#\/schema\/logo\/image\/\"},\"sameAs\":[\"https:\/\/x.com\/notiamerica\"]},{\"@type\":\"Person\",\"@id\":\"https:\/\/noti-america.com\/site\/ecuador\/#\/schema\/person\/3b975e42f15abfe64bfe3abdd916efda\",\"name\":\"Gregory Quintana Montiel\",\"image\":{\"@type\":\"ImageObject\",\"inLanguage\":\"es\",\"@id\":\"https:\/\/secure.gravatar.com\/avatar\/2d6b802f7720c2ec7744dcbe608cc2f3417aeb964d58b443c6d612b77531de1d?s=96&d=mm&r=g\",\"url\":\"https:\/\/secure.gravatar.com\/avatar\/2d6b802f7720c2ec7744dcbe608cc2f3417aeb964d58b443c6d612b77531de1d?s=96&d=mm&r=g\",\"contentUrl\":\"https:\/\/secure.gravatar.com\/avatar\/2d6b802f7720c2ec7744dcbe608cc2f3417aeb964d58b443c6d612b77531de1d?s=96&d=mm&r=g\",\"caption\":\"Gregory Quintana Montiel\"},\"description\":\"Licenciatura en Ciencias de la Comunicaci\u00f3n Social, egresado en la Especializaci\u00f3n Derecho Ambiental Desarrollo Sostenible y Sustentable, Miembro de la Comunidad de profesionales y experto para Latinoam\u00e9rica y el Caribe en Gesti\u00f3n por Resultado en el Desarrollo (COPLAC - GpRD) del Banco Interamericano de Desarrollo, experiencia en medios radiales y escritos.\",\"sameAs\":[\"https:\/\/x.com\/gdgregori1\",\"gquintana\"],\"url\":\"https:\/\/noti-america.com\/site\/ecuador\/author\/gquintana\/\"}]}<\/script>\n<!-- \/ Yoast SEO Premium plugin. -->","yoast_head_json":{"title":"Gobierno invita a los Ind\u00edgenas a dialogo directo - Ecuador | Noti-America.com","robots":{"index":"index","follow":"follow","max-snippet":"max-snippet:-1","max-image-preview":"max-image-preview:large","max-video-preview":"max-video-preview:-1"},"canonical":"https:\/\/noti-america.com\/site\/ecuador\/2019\/10\/12\/gobierno-invita-a-los-indigenas-a-dialogo-directo\/","og_locale":"es_ES","og_type":"article","og_title":"Gobierno invita a los Ind\u00edgenas a dialogo directo","og_description":"REDACCI\u00d3N NOTI-AM\u00c9RICA (ECUADOR) El Gobierno de Len\u00edn Moreno ha convocado a la dirigencia Ind\u00edgena a un dialogo directo, esto lo ha hecho a trav\u00e9s de una cadena nacional, en la cual ha indicado que&#46;&#46;&#46;","og_url":"https:\/\/noti-america.com\/site\/ecuador\/2019\/10\/12\/gobierno-invita-a-los-indigenas-a-dialogo-directo\/","og_site_name":"Ecuador | Noti-America.com","article_published_time":"2019-10-12T00:47:19+00:00","og_image":[{"width":762,"height":428,"url":"https:\/\/noti-america.com\/site\/ecuador\/wp-content\/uploads\/sites\/18\/2019\/10\/Mensaje-del-presidente-moreno-invintando-al-dialogo.jpg","type":"image\/jpeg"}],"author":"Gregory Quintana Montiel","twitter_card":"summary_large_image","twitter_creator":"@gdgregori1","twitter_site":"@notiamerica","twitter_misc":{"Escrito por":"Gregory Quintana Montiel","Tiempo estimado de lectura":"2 minutos"},"schema":{"@context":"https:\/\/schema.org","@graph":[{"@type":"Article","@id":"https:\/\/noti-america.com\/site\/ecuador\/2019\/10\/12\/gobierno-invita-a-los-indigenas-a-dialogo-directo\/#article","isPartOf":{"@id":"https:\/\/noti-america.com\/site\/ecuador\/2019\/10\/12\/gobierno-invita-a-los-indigenas-a-dialogo-directo\/"},"author":{"name":"Gregory Quintana Montiel","@id":"https:\/\/noti-america.com\/site\/ecuador\/#\/schema\/person\/3b975e42f15abfe64bfe3abdd916efda"},"headline":"Gobierno invita a los Ind\u00edgenas a dialogo directo","datePublished":"2019-10-12T00:47:19+00:00","mainEntityOfPage":{"@id":"https:\/\/noti-america.com\/site\/ecuador\/2019\/10\/12\/gobierno-invita-a-los-indigenas-a-dialogo-directo\/"},"wordCount":336,"commentCount":0,"publisher":{"@id":"https:\/\/noti-america.com\/site\/ecuador\/#organization"},"image":{"@id":"https:\/\/noti-america.com\/site\/ecuador\/2019\/10\/12\/gobierno-invita-a-los-indigenas-a-dialogo-directo\/#primaryimage"},"thumbnailUrl":"https:\/\/noti-america.com\/site\/ecuador\/wp-content\/uploads\/sites\/18\/2019\/10\/Mensaje-del-presidente-moreno-invintando-al-dialogo.jpg","articleSection":["Pol\u00edtica"],"inLanguage":"es","potentialAction":[{"@type":"CommentAction","name":"Comment","target":["https:\/\/noti-america.com\/site\/ecuador\/2019\/10\/12\/gobierno-invita-a-los-indigenas-a-dialogo-directo\/#respond"]}]},{"@type":"WebPage","@id":"https:\/\/noti-america.com\/site\/ecuador\/2019\/10\/12\/gobierno-invita-a-los-indigenas-a-dialogo-directo\/","url":"https:\/\/noti-america.com\/site\/ecuador\/2019\/10\/12\/gobierno-invita-a-los-indigenas-a-dialogo-directo\/","name":"Gobierno invita a los Ind\u00edgenas a dialogo directo - Ecuador | Noti-America.com","isPartOf":{"@id":"https:\/\/noti-america.com\/site\/ecuador\/#website"},"primaryImageOfPage":{"@id":"https:\/\/noti-america.com\/site\/ecuador\/2019\/10\/12\/gobierno-invita-a-los-indigenas-a-dialogo-directo\/#primaryimage"},"image":{"@id":"https:\/\/noti-america.com\/site\/ecuador\/2019\/10\/12\/gobierno-invita-a-los-indigenas-a-dialogo-directo\/#primaryimage"},"thumbnailUrl":"https:\/\/noti-america.com\/site\/ecuador\/wp-content\/uploads\/sites\/18\/2019\/10\/Mensaje-del-presidente-moreno-invintando-al-dialogo.jpg","datePublished":"2019-10-12T00:47:19+00:00","breadcrumb":{"@id":"https:\/\/noti-america.com\/site\/ecuador\/2019\/10\/12\/gobierno-invita-a-los-indigenas-a-dialogo-directo\/#breadcrumb"},"inLanguage":"es","potentialAction":[{"@type":"ReadAction","target":["https:\/\/noti-america.com\/site\/ecuador\/2019\/10\/12\/gobierno-invita-a-los-indigenas-a-dialogo-directo\/"]}]},{"@type":"ImageObject","inLanguage":"es","@id":"https:\/\/noti-america.com\/site\/ecuador\/2019\/10\/12\/gobierno-invita-a-los-indigenas-a-dialogo-directo\/#primaryimage","url":"https:\/\/noti-america.com\/site\/ecuador\/wp-content\/uploads\/sites\/18\/2019\/10\/Mensaje-del-presidente-moreno-invintando-al-dialogo.jpg","contentUrl":"https:\/\/noti-america.com\/site\/ecuador\/wp-content\/uploads\/sites\/18\/2019\/10\/Mensaje-del-presidente-moreno-invintando-al-dialogo.jpg","width":762,"height":428},{"@type":"BreadcrumbList","@id":"https:\/\/noti-america.com\/site\/ecuador\/2019\/10\/12\/gobierno-invita-a-los-indigenas-a-dialogo-directo\/#breadcrumb","itemListElement":[{"@type":"ListItem","position":1,"name":"Portada","item":"https:\/\/noti-america.com\/site\/ecuador\/"},{"@type":"ListItem","position":2,"name":"Gobierno invita a los Ind\u00edgenas a dialogo directo"}]},{"@type":"WebSite","@id":"https:\/\/noti-america.com\/site\/ecuador\/#website","url":"https:\/\/noti-america.com\/site\/ecuador\/","name":"Ecuador | Noti-America.com","description":"","publisher":{"@id":"https:\/\/noti-america.com\/site\/ecuador\/#organization"},"potentialAction":[{"@type":"SearchAction","target":{"@type":"EntryPoint","urlTemplate":"https:\/\/noti-america.com\/site\/ecuador\/?s={search_term_string}"},"query-input":{"@type":"PropertyValueSpecification","valueRequired":true,"valueName":"search_term_string"}}],"inLanguage":"es"},{"@type":"Organization","@id":"https:\/\/noti-america.com\/site\/ecuador\/#organization","name":"Noti-America LLC | Ecuador","url":"https:\/\/noti-america.com\/site\/ecuador\/","logo":{"@type":"ImageObject","inLanguage":"es","@id":"https:\/\/noti-america.com\/site\/ecuador\/#\/schema\/logo\/image\/","url":"https:\/\/noti-america.com\/site\/ecuador\/wp-content\/uploads\/sites\/18\/2020\/07\/LogoNA-4x3-1.jpg","contentUrl":"https:\/\/noti-america.com\/site\/ecuador\/wp-content\/uploads\/sites\/18\/2020\/07\/LogoNA-4x3-1.jpg","width":1236,"height":1080,"caption":"Noti-America LLC | Ecuador"},"image":{"@id":"https:\/\/noti-america.com\/site\/ecuador\/#\/schema\/logo\/image\/"},"sameAs":["https:\/\/x.com\/notiamerica"]},{"@type":"Person","@id":"https:\/\/noti-america.com\/site\/ecuador\/#\/schema\/person\/3b975e42f15abfe64bfe3abdd916efda","name":"Gregory Quintana Montiel","image":{"@type":"ImageObject","inLanguage":"es","@id":"https:\/\/secure.gravatar.com\/avatar\/2d6b802f7720c2ec7744dcbe608cc2f3417aeb964d58b443c6d612b77531de1d?s=96&d=mm&r=g","url":"https:\/\/secure.gravatar.com\/avatar\/2d6b802f7720c2ec7744dcbe608cc2f3417aeb964d58b443c6d612b77531de1d?s=96&d=mm&r=g","contentUrl":"https:\/\/secure.gravatar.com\/avatar\/2d6b802f7720c2ec7744dcbe608cc2f3417aeb964d58b443c6d612b77531de1d?s=96&d=mm&r=g","caption":"Gregory Quintana Montiel"},"description":"Licenciatura en Ciencias de la Comunicaci\u00f3n Social, egresado en la Especializaci\u00f3n Derecho Ambiental Desarrollo Sostenible y Sustentable, Miembro de la Comunidad de profesionales y experto para Latinoam\u00e9rica y el Caribe en Gesti\u00f3n por Resultado en el Desarrollo (COPLAC - GpRD) del Banco Interamericano de Desarrollo, experiencia en medios radiales y escritos.","sameAs":["https:\/\/x.com\/gdgregori1","gquintana"],"url":"https:\/\/noti-america.com\/site\/ecuador\/author\/gquintana\/"}]}},"_links":{"self":[{"href":"https:\/\/noti-america.com\/site\/ecuador\/wp-json\/wp\/v2\/posts\/5992","targetHints":{"allow":["GET"]}}],"collection":[{"href":"https:\/\/noti-america.com\/site\/ecuador\/wp-json\/wp\/v2\/posts"}],"about":[{"href":"https:\/\/noti-america.com\/site\/ecuador\/wp-json\/wp\/v2\/types\/post"}],"author":[{"embeddable":true,"href":"https:\/\/noti-america.com\/site\/ecuador\/wp-json\/wp\/v2\/users\/17"}],"replies":[{"embeddable":true,"href":"https:\/\/noti-america.com\/site\/ecuador\/wp-json\/wp\/v2\/comments?post=5992"}],"version-history":[{"count":1,"href":"https:\/\/noti-america.com\/site\/ecuador\/wp-json\/wp\/v2\/posts\/5992\/revisions"}],"predecessor-version":[{"id":5994,"href":"https:\/\/noti-america.com\/site\/ecuador\/wp-json\/wp\/v2\/posts\/5992\/revisions\/5994"}],"wp:featuredmedia":[{"embeddable":true,"href":"https:\/\/noti-america.com\/site\/ecuador\/wp-json\/wp\/v2\/media\/5993"}],"wp:attachment":[{"href":"https:\/\/noti-america.com\/site\/ecuador\/wp-json\/wp\/v2\/media?parent=5992"}],"wp:term":[{"taxonomy":"category","embeddable":true,"href":"https:\/\/noti-america.com\/site\/ecuador\/wp-json\/wp\/v2\/categories?post=5992"},{"taxonomy":"post_tag","embeddable":true,"href":"https:\/\/noti-america.com\/site\/ecuador\/wp-json\/wp\/v2\/tags?post=5992"}],"curies":[{"name":"wp","href":"https:\/\/api.w.org\/{rel}","templated":true}]}}