{"id":5983,"date":"2019-10-09T03:45:07","date_gmt":"2019-10-09T03:45:07","guid":{"rendered":"http:\/\/noti-america.com\/site\/ecuador\/?p=5983"},"modified":"2019-10-09T03:45:07","modified_gmt":"2019-10-09T03:45:07","slug":"9-de-octubre-gran-concentracion-en-guayaquil-para-defender-la-democracia","status":"publish","type":"post","link":"https:\/\/noti-america.com\/site\/ecuador\/2019\/10\/09\/9-de-octubre-gran-concentracion-en-guayaquil-para-defender-la-democracia\/","title":{"rendered":"9 de octubre Gran concentraci\u00f3n en Guayaquil para defender la Democracia"},"content":{"rendered":"<p>REDACCI\u00d3N NOTI AM\u00c9RICA (ECUADOR)<\/p>\n<p class=\"p1\" style=\"text-align: justify\"><span class=\"s1\">Con dos potentes discursos, donde se convoca a los guayaquile\u00f1os y ecuatorianos a participar el mi\u00e9rcoles 9 de Octubre, a las 15h00, en la concentraci\u00f3n pac\u00edfica a lo largo de la avenida 9 de Octubre, la alcaldesa de Guayaquil, Cynthia Viteri, y el ex alcalde Jaime Nebot se unieron una vez m\u00e1s para defender a Guayaquil como hace 200 a\u00f1os y con ello defender la paz, el progreso, la libertad, la independencia y la democracia.<\/span><\/p>\n<p class=\"p1\" style=\"text-align: justify\"><span class=\"s1\">La invitaci\u00f3n naci\u00f3 la tarde del martes 8 de octubre, en el Sal\u00f3n de la Ciudad del Municipio de Guayaquil, hasta donde llegaron autoridades provinciales, las fuerzas representativas y el tejido social que llenaron el sitio y se apostaron en los bajos del Palacio Municipal, para escuchar a los dos l\u00edderes pol\u00edticos de Guayaquil que hicieron un an\u00e1lisis de los hechos vand\u00e1licos que se han registrado en los \u00faltimos d\u00edas en el pa\u00eds, debido a las medidas econ\u00f3micas anunciadas el martes 1 de octubre por el Gobierno Nacional.<\/span><\/p>\n<p class=\"p1\" style=\"text-align: justify\"><span class=\"s1\"><strong>\u201cLa democracia no va a caer en Guayaquil\u201d.<\/strong><\/span><span class=\"s1\">\u00a0Cynthia Viteri record\u00f3 que hace 200 a\u00f1os vivimos las mismas experiencias cuando un grupo de ciudadanos se enfrent\u00f3 a la milicia pr\u00e1cticamente solos, \u201cellos con armas, nosotros con alma, ellos con odio, nosotros con convicci\u00f3n\u201d, donde intentaron quemar, destruir, robar y saquear la ciudad, pero los guayaquile\u00f1os con valor, fuerza y amor la defendieron y por ello \u201cdesde cada casa, tienda, barrio, hogar, bah\u00edas (negocio), centros comerciales nos unimos, porque somos un solo pueblo, un solo pu\u00f1o, y la democracia no va a caer en las calles de Guayaquil y muchos menos en el mes de octubre\u201d.<span class=\"Apple-converted-space\">\u00a0<\/span><\/span><\/p>\n<p class=\"p1\" style=\"text-align: justify\"><span class=\"s1\">La primera funcionaria municipal les dijo a los agitadores a sueldo o delincuentes que se aprovechan de momentos como estos, \u201cque escuchen bien, que se va a defender la casa, a Guayaquil, que nadie entrar\u00e1 a golpear, destruir y da\u00f1ar sus bienes p\u00fablicos y privados\u201d.<\/span><\/p>\n<p class=\"p1\" style=\"text-align: justify\"><span class=\"s1\">\u00a0<\/span><span class=\"s1\"><strong>Se defender\u00e1 la libertad de las 24 provincias y 221 cantones. <\/strong><\/span><span class=\"s1\">Mientras que el exalcalde Nebot, despu\u00e9s de se\u00f1alar que el Gobierno se equivoc\u00f3 con la medida de incrementar el precio de los combustibles por falta de compensaciones, invit\u00f3 a la ciudadan\u00eda a defender con civismo a la ciudad porque record\u00f3 que 27 a\u00f1os cost\u00f3 el rescate del abandono, de la miseria f\u00edsica y \u00e9tica y del caos que viv\u00eda el puerto principal hasta convertirla en una ciudad pr\u00f3spera, sin distingo de ideolog\u00edas pol\u00edticas, ni de raza, ni de credo, ni de nacionalidad.<\/span><\/p>\n<p class=\"p1\" style=\"text-align: justify\"><span class=\"s1\">El ex alcalde de Guayaquil cont\u00f3 que por la valent\u00eda del alcalde de Dur\u00e1n, Dalton Narv\u00e1ez, no cay\u00f3 la ciudad la noche del lunes 7 de octubre porque personalmente combati\u00f3 la delincuencia organizada por ecuatorianos y extranjeros \u201cque est\u00e1n financiados y quisieron tomarse la ciudad, ofender la dignidad, liquidar nuestros bienes, atentar contra la seguridad de nuestras familias y no lo vamos a permitir y escogieron octubre para ofendernos, es una ofensa a la libertad, ya no hay momento de fiestas porque la mancharon\u201d.<\/span><\/p>\n<p class=\"p1\" style=\"text-align: justify\"><span class=\"s1\">\u201cAqu\u00ed se inici\u00f3 la libertad del Ecuador el 9 de Octubre de 1820 y desde aqu\u00ed sali\u00f3 el contingente humano, econ\u00f3mico y de armamento para culminar la Batalla del 24 de Mayo de 1822. Ma\u00f1ana es 9 de Octubre, otro 9 de Octubre, si Guayaquil necesita otro 9 de Octubre y si Quito necesita otro 24 de Mayo que vengan, vamos afrontar esto, sin miedo, a defender desde aqu\u00ed, la libertad de las 24 provincias del Ecuador y de los 221 cantones del Ecuador, a ense\u00f1arles, con humildad, que no se logra la libertad someti\u00e9ndose al miedo, ni al odio. La libertad se logra y se mantiene luchando. Ma\u00f1ana iniciamos esa lucha con civismo y sin miedo para que termine pronto o empiece hasta que termine como tiene que terminar con la victoria de la democracia, la paz, el progreso y la prosperidad de todos los ecuatorianos\u201d, se\u00f1al\u00f3.<\/span><\/p>\n<p class=\"p1\" style=\"text-align: justify\"><span class=\"s1\">\u00a0<\/span><span class=\"s1\">Concluy\u00f3 diciendo que \u201cel esp\u00edritu de octubre vive en nosotros, pero tenemos que hacerlo caminar y no es la espada de Bol\u00edvar la que tiene que caminar, es el coraje del guayaquile\u00f1o que va a detener a quien quiere ofender la libertad y el progreso de la ciudad\u201d.<\/span><\/p>\n","protected":false},"excerpt":{"rendered":"<p>REDACCI\u00d3N NOTI AM\u00c9RICA (ECUADOR) Con dos potentes discursos, donde se convoca a los guayaquile\u00f1os y ecuatorianos a participar el mi\u00e9rcoles 9 de Octubre, a las 15h00, en la concentraci\u00f3n pac\u00edfica a lo largo de&#46;&#46;&#46;<\/p>\n","protected":false},"author":17,"featured_media":5984,"comment_status":"open","ping_status":"open","sticky":false,"template":"","format":"standard","meta":{"_acf_changed":false,"om_disable_all_campaigns":false,"rop_custom_images_group":[],"rop_custom_messages_group":[],"rop_publish_now":"initial","rop_publish_now_accounts":{"twitter_242054905_242054905":""},"rop_publish_now_history":[],"rop_publish_now_status":"pending","_uf_show_specific_survey":0,"_uf_disable_surveys":false,"footnotes":""},"categories":[34],"tags":[],"class_list":["post-5983","post","type-post","status-publish","format-standard","has-post-thumbnail","hentry","category-politica-opinion"],"acf":[],"aioseo_notices":[],"yoast_head":"<!-- This site is optimized with the Yoast SEO Premium plugin v24.9 (Yoast SEO v27.2) - https:\/\/yoast.com\/product\/yoast-seo-premium-wordpress\/ -->\n<title>9 de octubre Gran concentraci\u00f3n en Guayaquil para defender la Democracia - Ecuador | Noti-America.com<\/title>\n<meta name=\"robots\" content=\"index, follow, max-snippet:-1, max-image-preview:large, max-video-preview:-1\" \/>\n<link rel=\"canonical\" href=\"https:\/\/noti-america.com\/site\/ecuador\/2019\/10\/09\/9-de-octubre-gran-concentracion-en-guayaquil-para-defender-la-democracia\/\" \/>\n<meta property=\"og:locale\" content=\"es_ES\" \/>\n<meta property=\"og:type\" content=\"article\" \/>\n<meta property=\"og:title\" content=\"9 de octubre Gran concentraci\u00f3n en Guayaquil para defender la Democracia\" \/>\n<meta property=\"og:description\" content=\"REDACCI\u00d3N NOTI AM\u00c9RICA (ECUADOR) Con dos potentes discursos, donde se convoca a los guayaquile\u00f1os y ecuatorianos a participar el mi\u00e9rcoles 9 de Octubre, a las 15h00, en la concentraci\u00f3n pac\u00edfica a lo largo de&#046;&#046;&#046;\" \/>\n<meta property=\"og:url\" content=\"https:\/\/noti-america.com\/site\/ecuador\/2019\/10\/09\/9-de-octubre-gran-concentracion-en-guayaquil-para-defender-la-democracia\/\" \/>\n<meta property=\"og:site_name\" content=\"Ecuador | Noti-America.com\" \/>\n<meta property=\"article:published_time\" content=\"2019-10-09T03:45:07+00:00\" \/>\n<meta property=\"og:image\" content=\"https:\/\/noti-america.com\/site\/ecuador\/wp-content\/uploads\/sites\/18\/2019\/10\/Foto-20-1RUEDA-DE-PRENSA.jpg\" \/>\n\t<meta property=\"og:image:width\" content=\"850\" \/>\n\t<meta property=\"og:image:height\" content=\"567\" \/>\n\t<meta property=\"og:image:type\" content=\"image\/jpeg\" \/>\n<meta name=\"author\" content=\"Gregory Quintana Montiel\" \/>\n<meta name=\"twitter:card\" content=\"summary_large_image\" \/>\n<meta name=\"twitter:creator\" content=\"@gdgregori1\" \/>\n<meta name=\"twitter:site\" content=\"@notiamerica\" \/>\n<meta name=\"twitter:label1\" content=\"Escrito por\" \/>\n\t<meta name=\"twitter:data1\" content=\"Gregory Quintana Montiel\" \/>\n\t<meta name=\"twitter:label2\" content=\"Tiempo estimado de lectura\" \/>\n\t<meta name=\"twitter:data2\" content=\"4 minutos\" \/>\n<script type=\"application\/ld+json\" class=\"yoast-schema-graph\">{\"@context\":\"https:\/\/schema.org\",\"@graph\":[{\"@type\":\"Article\",\"@id\":\"https:\/\/noti-america.com\/site\/ecuador\/2019\/10\/09\/9-de-octubre-gran-concentracion-en-guayaquil-para-defender-la-democracia\/#article\",\"isPartOf\":{\"@id\":\"https:\/\/noti-america.com\/site\/ecuador\/2019\/10\/09\/9-de-octubre-gran-concentracion-en-guayaquil-para-defender-la-democracia\/\"},\"author\":{\"name\":\"Gregory Quintana Montiel\",\"@id\":\"https:\/\/noti-america.com\/site\/ecuador\/#\/schema\/person\/3b975e42f15abfe64bfe3abdd916efda\"},\"headline\":\"9 de octubre Gran concentraci\u00f3n en Guayaquil para defender la Democracia\",\"datePublished\":\"2019-10-09T03:45:07+00:00\",\"mainEntityOfPage\":{\"@id\":\"https:\/\/noti-america.com\/site\/ecuador\/2019\/10\/09\/9-de-octubre-gran-concentracion-en-guayaquil-para-defender-la-democracia\/\"},\"wordCount\":728,\"commentCount\":0,\"publisher\":{\"@id\":\"https:\/\/noti-america.com\/site\/ecuador\/#organization\"},\"image\":{\"@id\":\"https:\/\/noti-america.com\/site\/ecuador\/2019\/10\/09\/9-de-octubre-gran-concentracion-en-guayaquil-para-defender-la-democracia\/#primaryimage\"},\"thumbnailUrl\":\"https:\/\/noti-america.com\/site\/ecuador\/wp-content\/uploads\/sites\/18\/2019\/10\/Foto-20-1RUEDA-DE-PRENSA.jpg\",\"articleSection\":[\"Pol\u00edtica\"],\"inLanguage\":\"es\",\"potentialAction\":[{\"@type\":\"CommentAction\",\"name\":\"Comment\",\"target\":[\"https:\/\/noti-america.com\/site\/ecuador\/2019\/10\/09\/9-de-octubre-gran-concentracion-en-guayaquil-para-defender-la-democracia\/#respond\"]}]},{\"@type\":\"WebPage\",\"@id\":\"https:\/\/noti-america.com\/site\/ecuador\/2019\/10\/09\/9-de-octubre-gran-concentracion-en-guayaquil-para-defender-la-democracia\/\",\"url\":\"https:\/\/noti-america.com\/site\/ecuador\/2019\/10\/09\/9-de-octubre-gran-concentracion-en-guayaquil-para-defender-la-democracia\/\",\"name\":\"9 de octubre Gran concentraci\u00f3n en Guayaquil para defender la Democracia - Ecuador | Noti-America.com\",\"isPartOf\":{\"@id\":\"https:\/\/noti-america.com\/site\/ecuador\/#website\"},\"primaryImageOfPage\":{\"@id\":\"https:\/\/noti-america.com\/site\/ecuador\/2019\/10\/09\/9-de-octubre-gran-concentracion-en-guayaquil-para-defender-la-democracia\/#primaryimage\"},\"image\":{\"@id\":\"https:\/\/noti-america.com\/site\/ecuador\/2019\/10\/09\/9-de-octubre-gran-concentracion-en-guayaquil-para-defender-la-democracia\/#primaryimage\"},\"thumbnailUrl\":\"https:\/\/noti-america.com\/site\/ecuador\/wp-content\/uploads\/sites\/18\/2019\/10\/Foto-20-1RUEDA-DE-PRENSA.jpg\",\"datePublished\":\"2019-10-09T03:45:07+00:00\",\"breadcrumb\":{\"@id\":\"https:\/\/noti-america.com\/site\/ecuador\/2019\/10\/09\/9-de-octubre-gran-concentracion-en-guayaquil-para-defender-la-democracia\/#breadcrumb\"},\"inLanguage\":\"es\",\"potentialAction\":[{\"@type\":\"ReadAction\",\"target\":[\"https:\/\/noti-america.com\/site\/ecuador\/2019\/10\/09\/9-de-octubre-gran-concentracion-en-guayaquil-para-defender-la-democracia\/\"]}]},{\"@type\":\"ImageObject\",\"inLanguage\":\"es\",\"@id\":\"https:\/\/noti-america.com\/site\/ecuador\/2019\/10\/09\/9-de-octubre-gran-concentracion-en-guayaquil-para-defender-la-democracia\/#primaryimage\",\"url\":\"https:\/\/noti-america.com\/site\/ecuador\/wp-content\/uploads\/sites\/18\/2019\/10\/Foto-20-1RUEDA-DE-PRENSA.jpg\",\"contentUrl\":\"https:\/\/noti-america.com\/site\/ecuador\/wp-content\/uploads\/sites\/18\/2019\/10\/Foto-20-1RUEDA-DE-PRENSA.jpg\",\"width\":850,\"height\":567},{\"@type\":\"BreadcrumbList\",\"@id\":\"https:\/\/noti-america.com\/site\/ecuador\/2019\/10\/09\/9-de-octubre-gran-concentracion-en-guayaquil-para-defender-la-democracia\/#breadcrumb\",\"itemListElement\":[{\"@type\":\"ListItem\",\"position\":1,\"name\":\"Portada\",\"item\":\"https:\/\/noti-america.com\/site\/ecuador\/\"},{\"@type\":\"ListItem\",\"position\":2,\"name\":\"9 de octubre Gran concentraci\u00f3n en Guayaquil para defender la Democracia\"}]},{\"@type\":\"WebSite\",\"@id\":\"https:\/\/noti-america.com\/site\/ecuador\/#website\",\"url\":\"https:\/\/noti-america.com\/site\/ecuador\/\",\"name\":\"Ecuador | Noti-America.com\",\"description\":\"\",\"publisher\":{\"@id\":\"https:\/\/noti-america.com\/site\/ecuador\/#organization\"},\"potentialAction\":[{\"@type\":\"SearchAction\",\"target\":{\"@type\":\"EntryPoint\",\"urlTemplate\":\"https:\/\/noti-america.com\/site\/ecuador\/?s={search_term_string}\"},\"query-input\":{\"@type\":\"PropertyValueSpecification\",\"valueRequired\":true,\"valueName\":\"search_term_string\"}}],\"inLanguage\":\"es\"},{\"@type\":\"Organization\",\"@id\":\"https:\/\/noti-america.com\/site\/ecuador\/#organization\",\"name\":\"Noti-America LLC | Ecuador\",\"url\":\"https:\/\/noti-america.com\/site\/ecuador\/\",\"logo\":{\"@type\":\"ImageObject\",\"inLanguage\":\"es\",\"@id\":\"https:\/\/noti-america.com\/site\/ecuador\/#\/schema\/logo\/image\/\",\"url\":\"https:\/\/noti-america.com\/site\/ecuador\/wp-content\/uploads\/sites\/18\/2020\/07\/LogoNA-4x3-1.jpg\",\"contentUrl\":\"https:\/\/noti-america.com\/site\/ecuador\/wp-content\/uploads\/sites\/18\/2020\/07\/LogoNA-4x3-1.jpg\",\"width\":1236,\"height\":1080,\"caption\":\"Noti-America LLC | Ecuador\"},\"image\":{\"@id\":\"https:\/\/noti-america.com\/site\/ecuador\/#\/schema\/logo\/image\/\"},\"sameAs\":[\"https:\/\/x.com\/notiamerica\"]},{\"@type\":\"Person\",\"@id\":\"https:\/\/noti-america.com\/site\/ecuador\/#\/schema\/person\/3b975e42f15abfe64bfe3abdd916efda\",\"name\":\"Gregory Quintana Montiel\",\"image\":{\"@type\":\"ImageObject\",\"inLanguage\":\"es\",\"@id\":\"https:\/\/secure.gravatar.com\/avatar\/2d6b802f7720c2ec7744dcbe608cc2f3417aeb964d58b443c6d612b77531de1d?s=96&d=mm&r=g\",\"url\":\"https:\/\/secure.gravatar.com\/avatar\/2d6b802f7720c2ec7744dcbe608cc2f3417aeb964d58b443c6d612b77531de1d?s=96&d=mm&r=g\",\"contentUrl\":\"https:\/\/secure.gravatar.com\/avatar\/2d6b802f7720c2ec7744dcbe608cc2f3417aeb964d58b443c6d612b77531de1d?s=96&d=mm&r=g\",\"caption\":\"Gregory Quintana Montiel\"},\"description\":\"Licenciatura en Ciencias de la Comunicaci\u00f3n Social, egresado en la Especializaci\u00f3n Derecho Ambiental Desarrollo Sostenible y Sustentable, Miembro de la Comunidad de profesionales y experto para Latinoam\u00e9rica y el Caribe en Gesti\u00f3n por Resultado en el Desarrollo (COPLAC - GpRD) del Banco Interamericano de Desarrollo, experiencia en medios radiales y escritos.\",\"sameAs\":[\"https:\/\/x.com\/gdgregori1\",\"gquintana\"],\"url\":\"https:\/\/noti-america.com\/site\/ecuador\/author\/gquintana\/\"}]}<\/script>\n<!-- \/ Yoast SEO Premium plugin. -->","yoast_head_json":{"title":"9 de octubre Gran concentraci\u00f3n en Guayaquil para defender la Democracia - Ecuador | Noti-America.com","robots":{"index":"index","follow":"follow","max-snippet":"max-snippet:-1","max-image-preview":"max-image-preview:large","max-video-preview":"max-video-preview:-1"},"canonical":"https:\/\/noti-america.com\/site\/ecuador\/2019\/10\/09\/9-de-octubre-gran-concentracion-en-guayaquil-para-defender-la-democracia\/","og_locale":"es_ES","og_type":"article","og_title":"9 de octubre Gran concentraci\u00f3n en Guayaquil para defender la Democracia","og_description":"REDACCI\u00d3N NOTI AM\u00c9RICA (ECUADOR) Con dos potentes discursos, donde se convoca a los guayaquile\u00f1os y ecuatorianos a participar el mi\u00e9rcoles 9 de Octubre, a las 15h00, en la concentraci\u00f3n pac\u00edfica a lo largo de&#46;&#46;&#46;","og_url":"https:\/\/noti-america.com\/site\/ecuador\/2019\/10\/09\/9-de-octubre-gran-concentracion-en-guayaquil-para-defender-la-democracia\/","og_site_name":"Ecuador | Noti-America.com","article_published_time":"2019-10-09T03:45:07+00:00","og_image":[{"width":850,"height":567,"url":"https:\/\/noti-america.com\/site\/ecuador\/wp-content\/uploads\/sites\/18\/2019\/10\/Foto-20-1RUEDA-DE-PRENSA.jpg","type":"image\/jpeg"}],"author":"Gregory Quintana Montiel","twitter_card":"summary_large_image","twitter_creator":"@gdgregori1","twitter_site":"@notiamerica","twitter_misc":{"Escrito por":"Gregory Quintana Montiel","Tiempo estimado de lectura":"4 minutos"},"schema":{"@context":"https:\/\/schema.org","@graph":[{"@type":"Article","@id":"https:\/\/noti-america.com\/site\/ecuador\/2019\/10\/09\/9-de-octubre-gran-concentracion-en-guayaquil-para-defender-la-democracia\/#article","isPartOf":{"@id":"https:\/\/noti-america.com\/site\/ecuador\/2019\/10\/09\/9-de-octubre-gran-concentracion-en-guayaquil-para-defender-la-democracia\/"},"author":{"name":"Gregory Quintana Montiel","@id":"https:\/\/noti-america.com\/site\/ecuador\/#\/schema\/person\/3b975e42f15abfe64bfe3abdd916efda"},"headline":"9 de octubre Gran concentraci\u00f3n en Guayaquil para defender la Democracia","datePublished":"2019-10-09T03:45:07+00:00","mainEntityOfPage":{"@id":"https:\/\/noti-america.com\/site\/ecuador\/2019\/10\/09\/9-de-octubre-gran-concentracion-en-guayaquil-para-defender-la-democracia\/"},"wordCount":728,"commentCount":0,"publisher":{"@id":"https:\/\/noti-america.com\/site\/ecuador\/#organization"},"image":{"@id":"https:\/\/noti-america.com\/site\/ecuador\/2019\/10\/09\/9-de-octubre-gran-concentracion-en-guayaquil-para-defender-la-democracia\/#primaryimage"},"thumbnailUrl":"https:\/\/noti-america.com\/site\/ecuador\/wp-content\/uploads\/sites\/18\/2019\/10\/Foto-20-1RUEDA-DE-PRENSA.jpg","articleSection":["Pol\u00edtica"],"inLanguage":"es","potentialAction":[{"@type":"CommentAction","name":"Comment","target":["https:\/\/noti-america.com\/site\/ecuador\/2019\/10\/09\/9-de-octubre-gran-concentracion-en-guayaquil-para-defender-la-democracia\/#respond"]}]},{"@type":"WebPage","@id":"https:\/\/noti-america.com\/site\/ecuador\/2019\/10\/09\/9-de-octubre-gran-concentracion-en-guayaquil-para-defender-la-democracia\/","url":"https:\/\/noti-america.com\/site\/ecuador\/2019\/10\/09\/9-de-octubre-gran-concentracion-en-guayaquil-para-defender-la-democracia\/","name":"9 de octubre Gran concentraci\u00f3n en Guayaquil para defender la Democracia - Ecuador | Noti-America.com","isPartOf":{"@id":"https:\/\/noti-america.com\/site\/ecuador\/#website"},"primaryImageOfPage":{"@id":"https:\/\/noti-america.com\/site\/ecuador\/2019\/10\/09\/9-de-octubre-gran-concentracion-en-guayaquil-para-defender-la-democracia\/#primaryimage"},"image":{"@id":"https:\/\/noti-america.com\/site\/ecuador\/2019\/10\/09\/9-de-octubre-gran-concentracion-en-guayaquil-para-defender-la-democracia\/#primaryimage"},"thumbnailUrl":"https:\/\/noti-america.com\/site\/ecuador\/wp-content\/uploads\/sites\/18\/2019\/10\/Foto-20-1RUEDA-DE-PRENSA.jpg","datePublished":"2019-10-09T03:45:07+00:00","breadcrumb":{"@id":"https:\/\/noti-america.com\/site\/ecuador\/2019\/10\/09\/9-de-octubre-gran-concentracion-en-guayaquil-para-defender-la-democracia\/#breadcrumb"},"inLanguage":"es","potentialAction":[{"@type":"ReadAction","target":["https:\/\/noti-america.com\/site\/ecuador\/2019\/10\/09\/9-de-octubre-gran-concentracion-en-guayaquil-para-defender-la-democracia\/"]}]},{"@type":"ImageObject","inLanguage":"es","@id":"https:\/\/noti-america.com\/site\/ecuador\/2019\/10\/09\/9-de-octubre-gran-concentracion-en-guayaquil-para-defender-la-democracia\/#primaryimage","url":"https:\/\/noti-america.com\/site\/ecuador\/wp-content\/uploads\/sites\/18\/2019\/10\/Foto-20-1RUEDA-DE-PRENSA.jpg","contentUrl":"https:\/\/noti-america.com\/site\/ecuador\/wp-content\/uploads\/sites\/18\/2019\/10\/Foto-20-1RUEDA-DE-PRENSA.jpg","width":850,"height":567},{"@type":"BreadcrumbList","@id":"https:\/\/noti-america.com\/site\/ecuador\/2019\/10\/09\/9-de-octubre-gran-concentracion-en-guayaquil-para-defender-la-democracia\/#breadcrumb","itemListElement":[{"@type":"ListItem","position":1,"name":"Portada","item":"https:\/\/noti-america.com\/site\/ecuador\/"},{"@type":"ListItem","position":2,"name":"9 de octubre Gran concentraci\u00f3n en Guayaquil para defender la Democracia"}]},{"@type":"WebSite","@id":"https:\/\/noti-america.com\/site\/ecuador\/#website","url":"https:\/\/noti-america.com\/site\/ecuador\/","name":"Ecuador | Noti-America.com","description":"","publisher":{"@id":"https:\/\/noti-america.com\/site\/ecuador\/#organization"},"potentialAction":[{"@type":"SearchAction","target":{"@type":"EntryPoint","urlTemplate":"https:\/\/noti-america.com\/site\/ecuador\/?s={search_term_string}"},"query-input":{"@type":"PropertyValueSpecification","valueRequired":true,"valueName":"search_term_string"}}],"inLanguage":"es"},{"@type":"Organization","@id":"https:\/\/noti-america.com\/site\/ecuador\/#organization","name":"Noti-America LLC | Ecuador","url":"https:\/\/noti-america.com\/site\/ecuador\/","logo":{"@type":"ImageObject","inLanguage":"es","@id":"https:\/\/noti-america.com\/site\/ecuador\/#\/schema\/logo\/image\/","url":"https:\/\/noti-america.com\/site\/ecuador\/wp-content\/uploads\/sites\/18\/2020\/07\/LogoNA-4x3-1.jpg","contentUrl":"https:\/\/noti-america.com\/site\/ecuador\/wp-content\/uploads\/sites\/18\/2020\/07\/LogoNA-4x3-1.jpg","width":1236,"height":1080,"caption":"Noti-America LLC | Ecuador"},"image":{"@id":"https:\/\/noti-america.com\/site\/ecuador\/#\/schema\/logo\/image\/"},"sameAs":["https:\/\/x.com\/notiamerica"]},{"@type":"Person","@id":"https:\/\/noti-america.com\/site\/ecuador\/#\/schema\/person\/3b975e42f15abfe64bfe3abdd916efda","name":"Gregory Quintana Montiel","image":{"@type":"ImageObject","inLanguage":"es","@id":"https:\/\/secure.gravatar.com\/avatar\/2d6b802f7720c2ec7744dcbe608cc2f3417aeb964d58b443c6d612b77531de1d?s=96&d=mm&r=g","url":"https:\/\/secure.gravatar.com\/avatar\/2d6b802f7720c2ec7744dcbe608cc2f3417aeb964d58b443c6d612b77531de1d?s=96&d=mm&r=g","contentUrl":"https:\/\/secure.gravatar.com\/avatar\/2d6b802f7720c2ec7744dcbe608cc2f3417aeb964d58b443c6d612b77531de1d?s=96&d=mm&r=g","caption":"Gregory Quintana Montiel"},"description":"Licenciatura en Ciencias de la Comunicaci\u00f3n Social, egresado en la Especializaci\u00f3n Derecho Ambiental Desarrollo Sostenible y Sustentable, Miembro de la Comunidad de profesionales y experto para Latinoam\u00e9rica y el Caribe en Gesti\u00f3n por Resultado en el Desarrollo (COPLAC - GpRD) del Banco Interamericano de Desarrollo, experiencia en medios radiales y escritos.","sameAs":["https:\/\/x.com\/gdgregori1","gquintana"],"url":"https:\/\/noti-america.com\/site\/ecuador\/author\/gquintana\/"}]}},"_links":{"self":[{"href":"https:\/\/noti-america.com\/site\/ecuador\/wp-json\/wp\/v2\/posts\/5983","targetHints":{"allow":["GET"]}}],"collection":[{"href":"https:\/\/noti-america.com\/site\/ecuador\/wp-json\/wp\/v2\/posts"}],"about":[{"href":"https:\/\/noti-america.com\/site\/ecuador\/wp-json\/wp\/v2\/types\/post"}],"author":[{"embeddable":true,"href":"https:\/\/noti-america.com\/site\/ecuador\/wp-json\/wp\/v2\/users\/17"}],"replies":[{"embeddable":true,"href":"https:\/\/noti-america.com\/site\/ecuador\/wp-json\/wp\/v2\/comments?post=5983"}],"version-history":[{"count":1,"href":"https:\/\/noti-america.com\/site\/ecuador\/wp-json\/wp\/v2\/posts\/5983\/revisions"}],"predecessor-version":[{"id":5985,"href":"https:\/\/noti-america.com\/site\/ecuador\/wp-json\/wp\/v2\/posts\/5983\/revisions\/5985"}],"wp:featuredmedia":[{"embeddable":true,"href":"https:\/\/noti-america.com\/site\/ecuador\/wp-json\/wp\/v2\/media\/5984"}],"wp:attachment":[{"href":"https:\/\/noti-america.com\/site\/ecuador\/wp-json\/wp\/v2\/media?parent=5983"}],"wp:term":[{"taxonomy":"category","embeddable":true,"href":"https:\/\/noti-america.com\/site\/ecuador\/wp-json\/wp\/v2\/categories?post=5983"},{"taxonomy":"post_tag","embeddable":true,"href":"https:\/\/noti-america.com\/site\/ecuador\/wp-json\/wp\/v2\/tags?post=5983"}],"curies":[{"name":"wp","href":"https:\/\/api.w.org\/{rel}","templated":true}]}}