{"id":5971,"date":"2019-10-09T00:27:11","date_gmt":"2019-10-09T00:27:11","guid":{"rendered":"http:\/\/noti-america.com\/site\/ecuador\/?p=5971"},"modified":"2019-10-09T00:27:11","modified_gmt":"2019-10-09T00:27:11","slug":"la-crisis-social-obliga-al-gobierno-nacional-a-trasladar-la-sede-a-guayaquil","status":"publish","type":"post","link":"https:\/\/noti-america.com\/site\/ecuador\/2019\/10\/09\/la-crisis-social-obliga-al-gobierno-nacional-a-trasladar-la-sede-a-guayaquil\/","title":{"rendered":"La crisis social: obliga al gobierno nacional a trasladar la sede a Guayaquil"},"content":{"rendered":"<p>REDACCI\u00d3N NOTI AM\u00c9RICA (ECUADOR)<\/p>\n<p style=\"text-align: justify\">Guayaquil es la sede del Gobierno Nacional, por atribuciones de su cargo, Moreno anunci\u00f3 el cambio temporal de su despacho en cadena nacional. El presidente de la Rep\u00fablica, Len\u00edn Moreno, gobierna desde Guayaquil desde la noche del lunes 7 de octubre.<\/p>\n<div>Moreno decidi\u00f3 trasladar la sede de gobierno amparado en el estado de excepci\u00f3n que impuso el jueves 3 de octubre para intentar sofocar el estallido social.<\/div>\n<p style=\"text-align: justify\">El presidente de la Rep\u00fablica, Len\u00edn Moreno, se dirigi\u00f3 al pa\u00eds por medio de cadena nacional, estuvo acompa\u00f1ado por el vicepresidente <b>Otto Sonnenholzner, el ministro de Defensa, Oswaldo Jarr\u00edn y comandantes de las ramas\u00a0 de las Fuerzas Armadas y Polic\u00eda \u00a0Nacional.<\/b><\/p>\n<p style=\"text-align: justify\">El presidente acus\u00f3 al exgobierno de Rafael Correa en desestabilizar el Gobierno y dijo que la hu\u00edda del pa\u00eds de Ricardo Pati\u00f1o, entre otros exfuncionarios no se dio de manera casual porque seg\u00fan el presidente, ellos lo planearon. <strong>\u201c<\/strong>\u00bfCreen que es coincidencia que Correa, Pati\u00f1o, y dem\u00e1s hayan viajado a Venezuela? (\u2026) Desde all\u00e1 est\u00e1n planeando este golpe de Estado\u201d\u00a0dijo el presidente Len\u00edn Moreno y volvi\u00f3 a ser enf\u00e1tico en no dar marcha atr\u00e1s en eliminar el Decreto 883 que elimin\u00f3 los subsidios de los combustibles.<\/p>\n<p style=\"text-align: justify\">Con los recursos que se robaron est\u00e1n financiando las agresiones, son ellos los que no quieren la institucionalidad democr\u00e1tica. Rechazo como dem\u00f3crata este atentado contra la democracia. Ellos son los que est\u00e1n detr\u00e1s de este intento de golpe de estado e instrumentalizando a algunos sectores ind\u00edgenas aprovechando su movilizaci\u00f3n para saquear a su paso, dijo en su mensaje a la naci\u00f3n.<\/p>\n<p style=\"text-align: justify\">\u00abLo que ha sucedido en estos d\u00edas no es una manifestaci\u00f3n social de protesta frente a una decisi\u00f3n de mi gobierno\u00bb, agreg\u00f3. \u00abLos saqueos, el vandalismo, la violencia, demuestran que hay una acci\u00f3n concertada para desestabilizar el gobierno\u00bb. \u00abNo voy a dar marcha atr\u00e1s, porque lo correcto no tiene matices\u00bb, afirm\u00f3 en referencia a la eliminaci\u00f3n del subsidio a los combustibles.<\/p>\n","protected":false},"excerpt":{"rendered":"<p>REDACCI\u00d3N NOTI AM\u00c9RICA (ECUADOR) Guayaquil es la sede del Gobierno Nacional, por atribuciones de su cargo, Moreno anunci\u00f3 el cambio temporal de su despacho en cadena nacional. El presidente de la Rep\u00fablica, Len\u00edn Moreno,&#46;&#46;&#46;<\/p>\n","protected":false},"author":17,"featured_media":5972,"comment_status":"open","ping_status":"open","sticky":false,"template":"","format":"standard","meta":{"_acf_changed":false,"om_disable_all_campaigns":false,"rop_custom_images_group":[],"rop_custom_messages_group":[],"rop_publish_now":"initial","rop_publish_now_accounts":{"twitter_242054905_242054905":""},"rop_publish_now_history":[],"rop_publish_now_status":"pending","_uf_show_specific_survey":0,"_uf_disable_surveys":false,"footnotes":""},"categories":[34],"tags":[],"class_list":["post-5971","post","type-post","status-publish","format-standard","has-post-thumbnail","hentry","category-politica-opinion"],"acf":[],"aioseo_notices":[],"yoast_head":"<!-- This site is optimized with the Yoast SEO Premium plugin v24.9 (Yoast SEO v27.2) - https:\/\/yoast.com\/product\/yoast-seo-premium-wordpress\/ -->\n<title>La crisis social: obliga al gobierno nacional a trasladar la sede a Guayaquil - Ecuador | Noti-America.com<\/title>\n<meta name=\"robots\" content=\"index, follow, max-snippet:-1, max-image-preview:large, max-video-preview:-1\" \/>\n<link rel=\"canonical\" href=\"https:\/\/noti-america.com\/site\/ecuador\/2019\/10\/09\/la-crisis-social-obliga-al-gobierno-nacional-a-trasladar-la-sede-a-guayaquil\/\" \/>\n<meta property=\"og:locale\" content=\"es_ES\" \/>\n<meta property=\"og:type\" content=\"article\" \/>\n<meta property=\"og:title\" content=\"La crisis social: obliga al gobierno nacional a trasladar la sede a Guayaquil\" \/>\n<meta property=\"og:description\" content=\"REDACCI\u00d3N NOTI AM\u00c9RICA (ECUADOR) Guayaquil es la sede del Gobierno Nacional, por atribuciones de su cargo, Moreno anunci\u00f3 el cambio temporal de su despacho en cadena nacional. El presidente de la Rep\u00fablica, Len\u00edn Moreno,&#046;&#046;&#046;\" \/>\n<meta property=\"og:url\" content=\"https:\/\/noti-america.com\/site\/ecuador\/2019\/10\/09\/la-crisis-social-obliga-al-gobierno-nacional-a-trasladar-la-sede-a-guayaquil\/\" \/>\n<meta property=\"og:site_name\" content=\"Ecuador | Noti-America.com\" \/>\n<meta property=\"article:published_time\" content=\"2019-10-09T00:27:11+00:00\" \/>\n<meta property=\"og:image\" content=\"https:\/\/noti-america.com\/site\/ecuador\/wp-content\/uploads\/sites\/18\/2019\/10\/cadena-nacional-del-presidente-Moreno.jpg\" \/>\n\t<meta property=\"og:image:width\" content=\"800\" \/>\n\t<meta property=\"og:image:height\" content=\"400\" \/>\n\t<meta property=\"og:image:type\" content=\"image\/jpeg\" \/>\n<meta name=\"author\" content=\"Gregory Quintana Montiel\" \/>\n<meta name=\"twitter:card\" content=\"summary_large_image\" \/>\n<meta name=\"twitter:creator\" content=\"@gdgregori1\" \/>\n<meta name=\"twitter:site\" content=\"@notiamerica\" \/>\n<meta name=\"twitter:label1\" content=\"Escrito por\" \/>\n\t<meta name=\"twitter:data1\" content=\"Gregory Quintana Montiel\" \/>\n\t<meta name=\"twitter:label2\" content=\"Tiempo estimado de lectura\" \/>\n\t<meta name=\"twitter:data2\" content=\"2 minutos\" \/>\n<script type=\"application\/ld+json\" class=\"yoast-schema-graph\">{\"@context\":\"https:\/\/schema.org\",\"@graph\":[{\"@type\":\"Article\",\"@id\":\"https:\/\/noti-america.com\/site\/ecuador\/2019\/10\/09\/la-crisis-social-obliga-al-gobierno-nacional-a-trasladar-la-sede-a-guayaquil\/#article\",\"isPartOf\":{\"@id\":\"https:\/\/noti-america.com\/site\/ecuador\/2019\/10\/09\/la-crisis-social-obliga-al-gobierno-nacional-a-trasladar-la-sede-a-guayaquil\/\"},\"author\":{\"name\":\"Gregory Quintana Montiel\",\"@id\":\"https:\/\/noti-america.com\/site\/ecuador\/#\/schema\/person\/3b975e42f15abfe64bfe3abdd916efda\"},\"headline\":\"La crisis social: obliga al gobierno nacional a trasladar la sede a Guayaquil\",\"datePublished\":\"2019-10-09T00:27:11+00:00\",\"mainEntityOfPage\":{\"@id\":\"https:\/\/noti-america.com\/site\/ecuador\/2019\/10\/09\/la-crisis-social-obliga-al-gobierno-nacional-a-trasladar-la-sede-a-guayaquil\/\"},\"wordCount\":365,\"commentCount\":0,\"publisher\":{\"@id\":\"https:\/\/noti-america.com\/site\/ecuador\/#organization\"},\"image\":{\"@id\":\"https:\/\/noti-america.com\/site\/ecuador\/2019\/10\/09\/la-crisis-social-obliga-al-gobierno-nacional-a-trasladar-la-sede-a-guayaquil\/#primaryimage\"},\"thumbnailUrl\":\"https:\/\/noti-america.com\/site\/ecuador\/wp-content\/uploads\/sites\/18\/2019\/10\/cadena-nacional-del-presidente-Moreno.jpg\",\"articleSection\":[\"Pol\u00edtica\"],\"inLanguage\":\"es\",\"potentialAction\":[{\"@type\":\"CommentAction\",\"name\":\"Comment\",\"target\":[\"https:\/\/noti-america.com\/site\/ecuador\/2019\/10\/09\/la-crisis-social-obliga-al-gobierno-nacional-a-trasladar-la-sede-a-guayaquil\/#respond\"]}]},{\"@type\":\"WebPage\",\"@id\":\"https:\/\/noti-america.com\/site\/ecuador\/2019\/10\/09\/la-crisis-social-obliga-al-gobierno-nacional-a-trasladar-la-sede-a-guayaquil\/\",\"url\":\"https:\/\/noti-america.com\/site\/ecuador\/2019\/10\/09\/la-crisis-social-obliga-al-gobierno-nacional-a-trasladar-la-sede-a-guayaquil\/\",\"name\":\"La crisis social: obliga al gobierno nacional a trasladar la sede a Guayaquil - Ecuador | Noti-America.com\",\"isPartOf\":{\"@id\":\"https:\/\/noti-america.com\/site\/ecuador\/#website\"},\"primaryImageOfPage\":{\"@id\":\"https:\/\/noti-america.com\/site\/ecuador\/2019\/10\/09\/la-crisis-social-obliga-al-gobierno-nacional-a-trasladar-la-sede-a-guayaquil\/#primaryimage\"},\"image\":{\"@id\":\"https:\/\/noti-america.com\/site\/ecuador\/2019\/10\/09\/la-crisis-social-obliga-al-gobierno-nacional-a-trasladar-la-sede-a-guayaquil\/#primaryimage\"},\"thumbnailUrl\":\"https:\/\/noti-america.com\/site\/ecuador\/wp-content\/uploads\/sites\/18\/2019\/10\/cadena-nacional-del-presidente-Moreno.jpg\",\"datePublished\":\"2019-10-09T00:27:11+00:00\",\"breadcrumb\":{\"@id\":\"https:\/\/noti-america.com\/site\/ecuador\/2019\/10\/09\/la-crisis-social-obliga-al-gobierno-nacional-a-trasladar-la-sede-a-guayaquil\/#breadcrumb\"},\"inLanguage\":\"es\",\"potentialAction\":[{\"@type\":\"ReadAction\",\"target\":[\"https:\/\/noti-america.com\/site\/ecuador\/2019\/10\/09\/la-crisis-social-obliga-al-gobierno-nacional-a-trasladar-la-sede-a-guayaquil\/\"]}]},{\"@type\":\"ImageObject\",\"inLanguage\":\"es\",\"@id\":\"https:\/\/noti-america.com\/site\/ecuador\/2019\/10\/09\/la-crisis-social-obliga-al-gobierno-nacional-a-trasladar-la-sede-a-guayaquil\/#primaryimage\",\"url\":\"https:\/\/noti-america.com\/site\/ecuador\/wp-content\/uploads\/sites\/18\/2019\/10\/cadena-nacional-del-presidente-Moreno.jpg\",\"contentUrl\":\"https:\/\/noti-america.com\/site\/ecuador\/wp-content\/uploads\/sites\/18\/2019\/10\/cadena-nacional-del-presidente-Moreno.jpg\",\"width\":800,\"height\":400},{\"@type\":\"BreadcrumbList\",\"@id\":\"https:\/\/noti-america.com\/site\/ecuador\/2019\/10\/09\/la-crisis-social-obliga-al-gobierno-nacional-a-trasladar-la-sede-a-guayaquil\/#breadcrumb\",\"itemListElement\":[{\"@type\":\"ListItem\",\"position\":1,\"name\":\"Portada\",\"item\":\"https:\/\/noti-america.com\/site\/ecuador\/\"},{\"@type\":\"ListItem\",\"position\":2,\"name\":\"La crisis social: obliga al gobierno nacional a trasladar la sede a Guayaquil\"}]},{\"@type\":\"WebSite\",\"@id\":\"https:\/\/noti-america.com\/site\/ecuador\/#website\",\"url\":\"https:\/\/noti-america.com\/site\/ecuador\/\",\"name\":\"Ecuador | Noti-America.com\",\"description\":\"\",\"publisher\":{\"@id\":\"https:\/\/noti-america.com\/site\/ecuador\/#organization\"},\"potentialAction\":[{\"@type\":\"SearchAction\",\"target\":{\"@type\":\"EntryPoint\",\"urlTemplate\":\"https:\/\/noti-america.com\/site\/ecuador\/?s={search_term_string}\"},\"query-input\":{\"@type\":\"PropertyValueSpecification\",\"valueRequired\":true,\"valueName\":\"search_term_string\"}}],\"inLanguage\":\"es\"},{\"@type\":\"Organization\",\"@id\":\"https:\/\/noti-america.com\/site\/ecuador\/#organization\",\"name\":\"Noti-America LLC | Ecuador\",\"url\":\"https:\/\/noti-america.com\/site\/ecuador\/\",\"logo\":{\"@type\":\"ImageObject\",\"inLanguage\":\"es\",\"@id\":\"https:\/\/noti-america.com\/site\/ecuador\/#\/schema\/logo\/image\/\",\"url\":\"https:\/\/noti-america.com\/site\/ecuador\/wp-content\/uploads\/sites\/18\/2020\/07\/LogoNA-4x3-1.jpg\",\"contentUrl\":\"https:\/\/noti-america.com\/site\/ecuador\/wp-content\/uploads\/sites\/18\/2020\/07\/LogoNA-4x3-1.jpg\",\"width\":1236,\"height\":1080,\"caption\":\"Noti-America LLC | Ecuador\"},\"image\":{\"@id\":\"https:\/\/noti-america.com\/site\/ecuador\/#\/schema\/logo\/image\/\"},\"sameAs\":[\"https:\/\/x.com\/notiamerica\"]},{\"@type\":\"Person\",\"@id\":\"https:\/\/noti-america.com\/site\/ecuador\/#\/schema\/person\/3b975e42f15abfe64bfe3abdd916efda\",\"name\":\"Gregory Quintana Montiel\",\"image\":{\"@type\":\"ImageObject\",\"inLanguage\":\"es\",\"@id\":\"https:\/\/secure.gravatar.com\/avatar\/2d6b802f7720c2ec7744dcbe608cc2f3417aeb964d58b443c6d612b77531de1d?s=96&d=mm&r=g\",\"url\":\"https:\/\/secure.gravatar.com\/avatar\/2d6b802f7720c2ec7744dcbe608cc2f3417aeb964d58b443c6d612b77531de1d?s=96&d=mm&r=g\",\"contentUrl\":\"https:\/\/secure.gravatar.com\/avatar\/2d6b802f7720c2ec7744dcbe608cc2f3417aeb964d58b443c6d612b77531de1d?s=96&d=mm&r=g\",\"caption\":\"Gregory Quintana Montiel\"},\"description\":\"Licenciatura en Ciencias de la Comunicaci\u00f3n Social, egresado en la Especializaci\u00f3n Derecho Ambiental Desarrollo Sostenible y Sustentable, Miembro de la Comunidad de profesionales y experto para Latinoam\u00e9rica y el Caribe en Gesti\u00f3n por Resultado en el Desarrollo (COPLAC - GpRD) del Banco Interamericano de Desarrollo, experiencia en medios radiales y escritos.\",\"sameAs\":[\"https:\/\/x.com\/gdgregori1\",\"gquintana\"],\"url\":\"https:\/\/noti-america.com\/site\/ecuador\/author\/gquintana\/\"}]}<\/script>\n<!-- \/ Yoast SEO Premium plugin. -->","yoast_head_json":{"title":"La crisis social: obliga al gobierno nacional a trasladar la sede a Guayaquil - Ecuador | Noti-America.com","robots":{"index":"index","follow":"follow","max-snippet":"max-snippet:-1","max-image-preview":"max-image-preview:large","max-video-preview":"max-video-preview:-1"},"canonical":"https:\/\/noti-america.com\/site\/ecuador\/2019\/10\/09\/la-crisis-social-obliga-al-gobierno-nacional-a-trasladar-la-sede-a-guayaquil\/","og_locale":"es_ES","og_type":"article","og_title":"La crisis social: obliga al gobierno nacional a trasladar la sede a Guayaquil","og_description":"REDACCI\u00d3N NOTI AM\u00c9RICA (ECUADOR) Guayaquil es la sede del Gobierno Nacional, por atribuciones de su cargo, Moreno anunci\u00f3 el cambio temporal de su despacho en cadena nacional. El presidente de la Rep\u00fablica, Len\u00edn Moreno,&#46;&#46;&#46;","og_url":"https:\/\/noti-america.com\/site\/ecuador\/2019\/10\/09\/la-crisis-social-obliga-al-gobierno-nacional-a-trasladar-la-sede-a-guayaquil\/","og_site_name":"Ecuador | Noti-America.com","article_published_time":"2019-10-09T00:27:11+00:00","og_image":[{"width":800,"height":400,"url":"https:\/\/noti-america.com\/site\/ecuador\/wp-content\/uploads\/sites\/18\/2019\/10\/cadena-nacional-del-presidente-Moreno.jpg","type":"image\/jpeg"}],"author":"Gregory Quintana Montiel","twitter_card":"summary_large_image","twitter_creator":"@gdgregori1","twitter_site":"@notiamerica","twitter_misc":{"Escrito por":"Gregory Quintana Montiel","Tiempo estimado de lectura":"2 minutos"},"schema":{"@context":"https:\/\/schema.org","@graph":[{"@type":"Article","@id":"https:\/\/noti-america.com\/site\/ecuador\/2019\/10\/09\/la-crisis-social-obliga-al-gobierno-nacional-a-trasladar-la-sede-a-guayaquil\/#article","isPartOf":{"@id":"https:\/\/noti-america.com\/site\/ecuador\/2019\/10\/09\/la-crisis-social-obliga-al-gobierno-nacional-a-trasladar-la-sede-a-guayaquil\/"},"author":{"name":"Gregory Quintana Montiel","@id":"https:\/\/noti-america.com\/site\/ecuador\/#\/schema\/person\/3b975e42f15abfe64bfe3abdd916efda"},"headline":"La crisis social: obliga al gobierno nacional a trasladar la sede a Guayaquil","datePublished":"2019-10-09T00:27:11+00:00","mainEntityOfPage":{"@id":"https:\/\/noti-america.com\/site\/ecuador\/2019\/10\/09\/la-crisis-social-obliga-al-gobierno-nacional-a-trasladar-la-sede-a-guayaquil\/"},"wordCount":365,"commentCount":0,"publisher":{"@id":"https:\/\/noti-america.com\/site\/ecuador\/#organization"},"image":{"@id":"https:\/\/noti-america.com\/site\/ecuador\/2019\/10\/09\/la-crisis-social-obliga-al-gobierno-nacional-a-trasladar-la-sede-a-guayaquil\/#primaryimage"},"thumbnailUrl":"https:\/\/noti-america.com\/site\/ecuador\/wp-content\/uploads\/sites\/18\/2019\/10\/cadena-nacional-del-presidente-Moreno.jpg","articleSection":["Pol\u00edtica"],"inLanguage":"es","potentialAction":[{"@type":"CommentAction","name":"Comment","target":["https:\/\/noti-america.com\/site\/ecuador\/2019\/10\/09\/la-crisis-social-obliga-al-gobierno-nacional-a-trasladar-la-sede-a-guayaquil\/#respond"]}]},{"@type":"WebPage","@id":"https:\/\/noti-america.com\/site\/ecuador\/2019\/10\/09\/la-crisis-social-obliga-al-gobierno-nacional-a-trasladar-la-sede-a-guayaquil\/","url":"https:\/\/noti-america.com\/site\/ecuador\/2019\/10\/09\/la-crisis-social-obliga-al-gobierno-nacional-a-trasladar-la-sede-a-guayaquil\/","name":"La crisis social: obliga al gobierno nacional a trasladar la sede a Guayaquil - Ecuador | Noti-America.com","isPartOf":{"@id":"https:\/\/noti-america.com\/site\/ecuador\/#website"},"primaryImageOfPage":{"@id":"https:\/\/noti-america.com\/site\/ecuador\/2019\/10\/09\/la-crisis-social-obliga-al-gobierno-nacional-a-trasladar-la-sede-a-guayaquil\/#primaryimage"},"image":{"@id":"https:\/\/noti-america.com\/site\/ecuador\/2019\/10\/09\/la-crisis-social-obliga-al-gobierno-nacional-a-trasladar-la-sede-a-guayaquil\/#primaryimage"},"thumbnailUrl":"https:\/\/noti-america.com\/site\/ecuador\/wp-content\/uploads\/sites\/18\/2019\/10\/cadena-nacional-del-presidente-Moreno.jpg","datePublished":"2019-10-09T00:27:11+00:00","breadcrumb":{"@id":"https:\/\/noti-america.com\/site\/ecuador\/2019\/10\/09\/la-crisis-social-obliga-al-gobierno-nacional-a-trasladar-la-sede-a-guayaquil\/#breadcrumb"},"inLanguage":"es","potentialAction":[{"@type":"ReadAction","target":["https:\/\/noti-america.com\/site\/ecuador\/2019\/10\/09\/la-crisis-social-obliga-al-gobierno-nacional-a-trasladar-la-sede-a-guayaquil\/"]}]},{"@type":"ImageObject","inLanguage":"es","@id":"https:\/\/noti-america.com\/site\/ecuador\/2019\/10\/09\/la-crisis-social-obliga-al-gobierno-nacional-a-trasladar-la-sede-a-guayaquil\/#primaryimage","url":"https:\/\/noti-america.com\/site\/ecuador\/wp-content\/uploads\/sites\/18\/2019\/10\/cadena-nacional-del-presidente-Moreno.jpg","contentUrl":"https:\/\/noti-america.com\/site\/ecuador\/wp-content\/uploads\/sites\/18\/2019\/10\/cadena-nacional-del-presidente-Moreno.jpg","width":800,"height":400},{"@type":"BreadcrumbList","@id":"https:\/\/noti-america.com\/site\/ecuador\/2019\/10\/09\/la-crisis-social-obliga-al-gobierno-nacional-a-trasladar-la-sede-a-guayaquil\/#breadcrumb","itemListElement":[{"@type":"ListItem","position":1,"name":"Portada","item":"https:\/\/noti-america.com\/site\/ecuador\/"},{"@type":"ListItem","position":2,"name":"La crisis social: obliga al gobierno nacional a trasladar la sede a Guayaquil"}]},{"@type":"WebSite","@id":"https:\/\/noti-america.com\/site\/ecuador\/#website","url":"https:\/\/noti-america.com\/site\/ecuador\/","name":"Ecuador | Noti-America.com","description":"","publisher":{"@id":"https:\/\/noti-america.com\/site\/ecuador\/#organization"},"potentialAction":[{"@type":"SearchAction","target":{"@type":"EntryPoint","urlTemplate":"https:\/\/noti-america.com\/site\/ecuador\/?s={search_term_string}"},"query-input":{"@type":"PropertyValueSpecification","valueRequired":true,"valueName":"search_term_string"}}],"inLanguage":"es"},{"@type":"Organization","@id":"https:\/\/noti-america.com\/site\/ecuador\/#organization","name":"Noti-America LLC | Ecuador","url":"https:\/\/noti-america.com\/site\/ecuador\/","logo":{"@type":"ImageObject","inLanguage":"es","@id":"https:\/\/noti-america.com\/site\/ecuador\/#\/schema\/logo\/image\/","url":"https:\/\/noti-america.com\/site\/ecuador\/wp-content\/uploads\/sites\/18\/2020\/07\/LogoNA-4x3-1.jpg","contentUrl":"https:\/\/noti-america.com\/site\/ecuador\/wp-content\/uploads\/sites\/18\/2020\/07\/LogoNA-4x3-1.jpg","width":1236,"height":1080,"caption":"Noti-America LLC | Ecuador"},"image":{"@id":"https:\/\/noti-america.com\/site\/ecuador\/#\/schema\/logo\/image\/"},"sameAs":["https:\/\/x.com\/notiamerica"]},{"@type":"Person","@id":"https:\/\/noti-america.com\/site\/ecuador\/#\/schema\/person\/3b975e42f15abfe64bfe3abdd916efda","name":"Gregory Quintana Montiel","image":{"@type":"ImageObject","inLanguage":"es","@id":"https:\/\/secure.gravatar.com\/avatar\/2d6b802f7720c2ec7744dcbe608cc2f3417aeb964d58b443c6d612b77531de1d?s=96&d=mm&r=g","url":"https:\/\/secure.gravatar.com\/avatar\/2d6b802f7720c2ec7744dcbe608cc2f3417aeb964d58b443c6d612b77531de1d?s=96&d=mm&r=g","contentUrl":"https:\/\/secure.gravatar.com\/avatar\/2d6b802f7720c2ec7744dcbe608cc2f3417aeb964d58b443c6d612b77531de1d?s=96&d=mm&r=g","caption":"Gregory Quintana Montiel"},"description":"Licenciatura en Ciencias de la Comunicaci\u00f3n Social, egresado en la Especializaci\u00f3n Derecho Ambiental Desarrollo Sostenible y Sustentable, Miembro de la Comunidad de profesionales y experto para Latinoam\u00e9rica y el Caribe en Gesti\u00f3n por Resultado en el Desarrollo (COPLAC - GpRD) del Banco Interamericano de Desarrollo, experiencia en medios radiales y escritos.","sameAs":["https:\/\/x.com\/gdgregori1","gquintana"],"url":"https:\/\/noti-america.com\/site\/ecuador\/author\/gquintana\/"}]}},"_links":{"self":[{"href":"https:\/\/noti-america.com\/site\/ecuador\/wp-json\/wp\/v2\/posts\/5971","targetHints":{"allow":["GET"]}}],"collection":[{"href":"https:\/\/noti-america.com\/site\/ecuador\/wp-json\/wp\/v2\/posts"}],"about":[{"href":"https:\/\/noti-america.com\/site\/ecuador\/wp-json\/wp\/v2\/types\/post"}],"author":[{"embeddable":true,"href":"https:\/\/noti-america.com\/site\/ecuador\/wp-json\/wp\/v2\/users\/17"}],"replies":[{"embeddable":true,"href":"https:\/\/noti-america.com\/site\/ecuador\/wp-json\/wp\/v2\/comments?post=5971"}],"version-history":[{"count":1,"href":"https:\/\/noti-america.com\/site\/ecuador\/wp-json\/wp\/v2\/posts\/5971\/revisions"}],"predecessor-version":[{"id":5973,"href":"https:\/\/noti-america.com\/site\/ecuador\/wp-json\/wp\/v2\/posts\/5971\/revisions\/5973"}],"wp:featuredmedia":[{"embeddable":true,"href":"https:\/\/noti-america.com\/site\/ecuador\/wp-json\/wp\/v2\/media\/5972"}],"wp:attachment":[{"href":"https:\/\/noti-america.com\/site\/ecuador\/wp-json\/wp\/v2\/media?parent=5971"}],"wp:term":[{"taxonomy":"category","embeddable":true,"href":"https:\/\/noti-america.com\/site\/ecuador\/wp-json\/wp\/v2\/categories?post=5971"},{"taxonomy":"post_tag","embeddable":true,"href":"https:\/\/noti-america.com\/site\/ecuador\/wp-json\/wp\/v2\/tags?post=5971"}],"curies":[{"name":"wp","href":"https:\/\/api.w.org\/{rel}","templated":true}]}}