{"id":5877,"date":"2019-10-03T02:23:42","date_gmt":"2019-10-03T02:23:42","guid":{"rendered":"http:\/\/noti-america.com\/site\/ecuador\/?p=5877"},"modified":"2019-10-03T02:23:42","modified_gmt":"2019-10-03T02:23:42","slug":"en-las-medidas-economica-de-moreno-se-quita-el-subsidio-a-los-combustible-y-se-mantiene-el-i-v-a-en-12","status":"publish","type":"post","link":"https:\/\/noti-america.com\/site\/ecuador\/2019\/10\/03\/en-las-medidas-economica-de-moreno-se-quita-el-subsidio-a-los-combustible-y-se-mantiene-el-i-v-a-en-12\/","title":{"rendered":"En las Medidas econ\u00f3mica de Moreno: se quita el subsidio a los combustible y se mantiene el I.V.A en 12%"},"content":{"rendered":"<p>REDACCI\u00d3N NOTI-AM\u00c9RICA (ECUADOR)<\/p>\n<div style=\"text-align: justify\">Cuando fui elegido Presidente Constitucional del Ecuador, me hice una promesa: dejar un pa\u00eds mejor que el que yo recib\u00ed. Y para eso, siempre he tomado las decisiones que defienden el bien com\u00fan. En la primera etapa de mi Gobierno, nos concentramos en recuperar la democracia y la institucionalidad. En esta segunda etapa, como lo dije en mi Informe a la Naci\u00f3n, el objetivo es m\u00e1s trabajo, m\u00e1s emprendimientos y mejores oportunidades. Con esta introducci\u00f3n, inicio la cadena nacional el presidente de la Rep\u00fablica Lenin Moreno, para anunciar las siguientes medidas econ\u00f3micas, que seg\u00fan el gobierno est\u00e1n encaminadas\u00a0 \u00a0a mejorar la situaci\u00f3n econ\u00f3mica de los ecuatorianos:<\/div>\n<div><\/div>\n<div style=\"text-align: justify\">MEDIDAS ECON\u00d3MICAS.<\/div>\n<div>\n<p style=\"text-align: justify\"><b>Ingresos anuales mayores a $ 10 millones<\/b><\/p>\n<p style=\"text-align: justify\">\u201cLos que m\u00e1s tienen\u201d s\u00ed deber\u00e1n hacer un esfuerzo adicional, agreg\u00f3 Moreno. Las empresas con ingresos anuales mayores a $ 10 millones, pagar\u00e1n por tres a\u00f1os una contribuci\u00f3n especial que totaliza m\u00e1s de $ 300 millones, monto que ser\u00e1 destinado \u201cexclusivamente\u201d para seguridad, educaci\u00f3n y salud.<\/p>\n<p style=\"text-align: justify\"><b>&#8211; Se libera el precio del di\u00e9sel y la gasolina extra. <\/b>El mandatario\u00a0revel\u00f3 que el pa\u00eds otorga m\u00e1s de $ 1.300 millones al a\u00f1o en subsidios al di\u00e9sel y la gasolina extra, situaci\u00f3n que, en sus palabras, \u201cbeneficia a los que no lo necesitan y a los que viven del contrabando\u201d. Por esa raz\u00f3n, firm\u00f3 un decreto que libera el precio de ambos combustibles.<\/p>\n<p style=\"text-align: justify\">Como acci\u00f3n de compensaci\u00f3n que sirva para \u201cproteger\u201d a quienes pudieran verse afectados por lo anterior, Moreno asegur\u00f3 que a\u00f1adir\u00e1n a 300.000<b>\u00a0<\/b>familias al mill\u00f3n que ya percibe diversos tipos de bonos.<\/p>\n<p style=\"text-align: justify\"><b>&#8211; Aranceles en el campo agr\u00edcola e industrial. <\/b>La decisi\u00f3n de eliminar el subsidio a los combustibles f\u00f3siles permitir\u00e1 al Gobierno liberar recursos para \u201capoyar a emprendedores\u201d. Se eliminar\u00e1 o reducir\u00e1 los aranceles para maquinaria, para equipos y para la materia prima tanto agr\u00edcola como industrial.<\/p>\n<p style=\"text-align: justify\"><b>&#8211; Impuesto a la renta \u00fanico al banano. <\/b>El Gobierno opt\u00f3 por bajar y simplificar el impuesto \u00fanico al banano, con el objetivo de \u201cdinamizar el sector y generar empleo\u201d.<\/p>\n<p style=\"text-align: justify\"><b>&#8211; Importaci\u00f3n de bienes de tecnolog\u00eda. <\/b>El presidente de la Rep\u00fablica incluy\u00f3 entre sus medidas, en el camino a construir un \u201cEcuador Digital\u201d, suprimir los impuestos a la importaci\u00f3n de bienes de tecnolog\u00eda (tel\u00e9fonos celular, computadoras, tabletas) que sirvan para emprender, educarse e informarse<\/p>\n<p style=\"text-align: justify\"><b>&#8211; Impuesto de salida de divisas. <\/b>Para que se genere m\u00e1s empleo y el sector productivo crezca, seg\u00fan detall\u00f3 el mandatario en su pronunciamiento, es necesario \u201creducir sus costos\u201d. Bajo esa consigna se decidi\u00f3 bajar a la mitad el impuesto de salida de divisas para materias primas, para insumos y para bienes de capital que constan en el Listado del Comit\u00e9 de Pol\u00edtica Tributaria.<\/p>\n<p style=\"text-align: justify\"><b>&#8211; Ampliaci\u00f3n programa Casa Para Todos. <\/b>La construcci\u00f3n ser\u00eda el sector que genera m\u00e1s plazas de trabajo. Debido a eso, desde noviembre, se a\u00f1adir\u00e1n mil millones de d\u00f3lares en cr\u00e9ditos hipotecarios, a una tasa de 4.99 %, para ampliar el programa Casa Para Todos.<\/p>\n<p style=\"text-align: justify\"><b>&#8211; Impuesto veh\u00edculos menores a $ 32.000. <\/b>Moreno continu\u00f3 resaltando la importancia de los emprendedores y, en ese sentido, decidi\u00f3 bajar el impuesto a los veh\u00edculos de menos de $ 32.000.<\/p>\n<\/div>\n<div>MEDIDAS LABORALES:<\/div>\n<div style=\"text-align: justify\">Para continuar con la reducci\u00f3n de la masa salarial del sector p\u00fablico, los contratos ocasionales se renovar\u00e1n con el 20% menos de salario. Los empleados p\u00fablicos, con excepci\u00f3n de la fuerza p\u00fablica y los prestadores de servicios sociales, tendr\u00e1n 15 d\u00edas de vacaciones en lugar de 30.<\/div>\n<div><\/div>\n<div style=\"text-align: justify\">Asimismo, los trabajadores de las empresas p\u00fablicas tendr\u00e1n que aportar con un d\u00eda de su salario. En cuanto a las reformas laborales, el presidente Moreno asegur\u00f3 que quienes tienen hoy una relaci\u00f3n de trabajo mantendr\u00e1n los beneficios y resguardos de la ley actual. La nueva ley regir\u00e1 para nuevos contratos.<\/div>\n<div><\/div>\n<div style=\"text-align: justify\">Esta normativa establecer\u00e1 nuevas modalidades de contrataci\u00f3n para quienes inician un emprendimiento, contrato de reemplazo en caso de licencia de maternidad y paternidad o por enfermedades catastr\u00f3ficas. Tambi\u00e9n se otorgar\u00e1n facilidades para la aplicaci\u00f3n del teletrabajo y se establecen contratos con per\u00edodo determinado.<\/div>\n<p style=\"text-align: justify\">De esta forma el gal\u00f3n de gasolina extra costar\u00e1 $2,30 debido a que ese es el precio en el mercado internacional. Ante se lo comercializaba a $1,85.\u00a0 La Gasolina Extra con Etanol ahora costar\u00e1 $2.40.<\/p>\n<p class=\"selectionShareable\" style=\"text-align: justify\">\u00abEl precio de venta en terminal para la Gasolina S\u00faper, Extra, Extra con Etanol, Di\u00e9sel Premium y Di\u00e9sel 2 para el sector automotriz, ser\u00e1 determinado en forma mensual por lo Agencia de Regulaci\u00f3n y Control Hidrocarbur\u00edfero, con base al costo promedio ponderado m\u00e1s los costos de transporte, almacenamiento, comercializaci\u00f3n de la EP PETROECUADOR y los tributos que fueren aplicables.<\/p>\n<p class=\"selectionShareable\" style=\"text-align: justify\">Los costos de las Gasolinas Extra y Extra con Etanol para el sector automotriz, ser\u00e1 el resultado de la ponderaci\u00f3n de los costos de EP PETROECUADOR de los dos productos. Los costos de Di\u00e9sel Premium y Di\u00e9sel 2 para el sector automotriz, ser\u00e1 el resultado de la ponderaci\u00f3n de los costos de EP PETROECUADOR de los dos productos.\u00bb<\/p>\n<p class=\"selectionShareable\" style=\"text-align: justify\">Se sumar\u00e1 un margen de comercializaci\u00f3n, que es la utilidad que reciben las empresas que distribuyen estos productos a los consumidores finales. Este ser\u00e1 de USD 0,23 por gal\u00f3n para extra, 0,23 para la ecopa\u00eds y USD 0,19 para el di\u00e9sel premium y di\u00e9sel 2.<\/p>\n<p style=\"text-align: justify\">Con estas medidas, el gobierno pretende recaudar unos 1.500 millones al a\u00f1o, a Moreno le queda pr\u00e1cticamente 2 a\u00f1os que sumados dan 3000 millones de d\u00f3lares, pero la iron\u00eda es que condon\u00f3 4,300 millones a los empresarios y a la banca privada. De que forma podemos interpretar las decisiones que se tomadas?. Estas medidas realmente servir\u00e1n para mejorar la econom\u00eda de los ecuatorianos?, el tiempo ser\u00e1 el mejor juez que juzgue, aunque algunos expertos dicen que no tendr\u00e1 resultado positivo.<\/p>\n","protected":false},"excerpt":{"rendered":"<p>REDACCI\u00d3N NOTI-AM\u00c9RICA (ECUADOR) Cuando fui elegido Presidente Constitucional del Ecuador, me hice una promesa: dejar un pa\u00eds mejor que el que yo recib\u00ed. Y para eso, siempre he tomado las decisiones que defienden el&#46;&#46;&#46;<\/p>\n","protected":false},"author":17,"featured_media":5878,"comment_status":"open","ping_status":"open","sticky":false,"template":"","format":"standard","meta":{"_acf_changed":false,"om_disable_all_campaigns":false,"rop_custom_images_group":[],"rop_custom_messages_group":[],"rop_publish_now":"initial","rop_publish_now_accounts":{"twitter_242054905_242054905":""},"rop_publish_now_history":[],"rop_publish_now_status":"pending","_uf_show_specific_survey":0,"_uf_disable_surveys":false,"footnotes":""},"categories":[34],"tags":[],"class_list":["post-5877","post","type-post","status-publish","format-standard","has-post-thumbnail","hentry","category-politica-opinion"],"acf":[],"aioseo_notices":[],"yoast_head":"<!-- This site is optimized with the Yoast SEO Premium plugin v24.9 (Yoast SEO v27.2) - https:\/\/yoast.com\/product\/yoast-seo-premium-wordpress\/ -->\n<title>En las Medidas econ\u00f3mica de Moreno: se quita el subsidio a los combustible y se mantiene el I.V.A en 12% - Ecuador | Noti-America.com<\/title>\n<meta name=\"robots\" content=\"index, follow, max-snippet:-1, max-image-preview:large, max-video-preview:-1\" \/>\n<link rel=\"canonical\" href=\"https:\/\/noti-america.com\/site\/ecuador\/2019\/10\/03\/en-las-medidas-economica-de-moreno-se-quita-el-subsidio-a-los-combustible-y-se-mantiene-el-i-v-a-en-12\/\" \/>\n<meta property=\"og:locale\" content=\"es_ES\" \/>\n<meta property=\"og:type\" content=\"article\" \/>\n<meta property=\"og:title\" content=\"En las Medidas econ\u00f3mica de Moreno: se quita el subsidio a los combustible y se mantiene el I.V.A en 12%\" \/>\n<meta property=\"og:description\" content=\"REDACCI\u00d3N NOTI-AM\u00c9RICA (ECUADOR) Cuando fui elegido Presidente Constitucional del Ecuador, me hice una promesa: dejar un pa\u00eds mejor que el que yo recib\u00ed. Y para eso, siempre he tomado las decisiones que defienden el&#046;&#046;&#046;\" \/>\n<meta property=\"og:url\" content=\"https:\/\/noti-america.com\/site\/ecuador\/2019\/10\/03\/en-las-medidas-economica-de-moreno-se-quita-el-subsidio-a-los-combustible-y-se-mantiene-el-i-v-a-en-12\/\" \/>\n<meta property=\"og:site_name\" content=\"Ecuador | Noti-America.com\" \/>\n<meta property=\"article:published_time\" content=\"2019-10-03T02:23:42+00:00\" \/>\n<meta property=\"og:image\" content=\"https:\/\/noti-america.com\/site\/ecuador\/wp-content\/uploads\/sites\/18\/2019\/10\/carondelet.jpg\" \/>\n\t<meta property=\"og:image:width\" content=\"500\" \/>\n\t<meta property=\"og:image:height\" content=\"328\" \/>\n\t<meta property=\"og:image:type\" content=\"image\/jpeg\" \/>\n<meta name=\"author\" content=\"Gregory Quintana Montiel\" \/>\n<meta name=\"twitter:card\" content=\"summary_large_image\" \/>\n<meta name=\"twitter:creator\" content=\"@gdgregori1\" \/>\n<meta name=\"twitter:site\" content=\"@notiamerica\" \/>\n<meta name=\"twitter:label1\" content=\"Escrito por\" \/>\n\t<meta name=\"twitter:data1\" content=\"Gregory Quintana Montiel\" \/>\n\t<meta name=\"twitter:label2\" content=\"Tiempo estimado de lectura\" \/>\n\t<meta name=\"twitter:data2\" content=\"5 minutos\" \/>\n<script type=\"application\/ld+json\" class=\"yoast-schema-graph\">{\"@context\":\"https:\/\/schema.org\",\"@graph\":[{\"@type\":\"Article\",\"@id\":\"https:\/\/noti-america.com\/site\/ecuador\/2019\/10\/03\/en-las-medidas-economica-de-moreno-se-quita-el-subsidio-a-los-combustible-y-se-mantiene-el-i-v-a-en-12\/#article\",\"isPartOf\":{\"@id\":\"https:\/\/noti-america.com\/site\/ecuador\/2019\/10\/03\/en-las-medidas-economica-de-moreno-se-quita-el-subsidio-a-los-combustible-y-se-mantiene-el-i-v-a-en-12\/\"},\"author\":{\"name\":\"Gregory Quintana Montiel\",\"@id\":\"https:\/\/noti-america.com\/site\/ecuador\/#\/schema\/person\/3b975e42f15abfe64bfe3abdd916efda\"},\"headline\":\"En las Medidas econ\u00f3mica de Moreno: se quita el subsidio a los combustible y se mantiene el I.V.A en 12%\",\"datePublished\":\"2019-10-03T02:23:42+00:00\",\"mainEntityOfPage\":{\"@id\":\"https:\/\/noti-america.com\/site\/ecuador\/2019\/10\/03\/en-las-medidas-economica-de-moreno-se-quita-el-subsidio-a-los-combustible-y-se-mantiene-el-i-v-a-en-12\/\"},\"wordCount\":1030,\"commentCount\":0,\"publisher\":{\"@id\":\"https:\/\/noti-america.com\/site\/ecuador\/#organization\"},\"image\":{\"@id\":\"https:\/\/noti-america.com\/site\/ecuador\/2019\/10\/03\/en-las-medidas-economica-de-moreno-se-quita-el-subsidio-a-los-combustible-y-se-mantiene-el-i-v-a-en-12\/#primaryimage\"},\"thumbnailUrl\":\"https:\/\/noti-america.com\/site\/ecuador\/wp-content\/uploads\/sites\/18\/2019\/10\/carondelet.jpg\",\"articleSection\":[\"Pol\u00edtica\"],\"inLanguage\":\"es\",\"potentialAction\":[{\"@type\":\"CommentAction\",\"name\":\"Comment\",\"target\":[\"https:\/\/noti-america.com\/site\/ecuador\/2019\/10\/03\/en-las-medidas-economica-de-moreno-se-quita-el-subsidio-a-los-combustible-y-se-mantiene-el-i-v-a-en-12\/#respond\"]}]},{\"@type\":\"WebPage\",\"@id\":\"https:\/\/noti-america.com\/site\/ecuador\/2019\/10\/03\/en-las-medidas-economica-de-moreno-se-quita-el-subsidio-a-los-combustible-y-se-mantiene-el-i-v-a-en-12\/\",\"url\":\"https:\/\/noti-america.com\/site\/ecuador\/2019\/10\/03\/en-las-medidas-economica-de-moreno-se-quita-el-subsidio-a-los-combustible-y-se-mantiene-el-i-v-a-en-12\/\",\"name\":\"En las Medidas econ\u00f3mica de Moreno: se quita el subsidio a los combustible y se mantiene el I.V.A en 12% - Ecuador | Noti-America.com\",\"isPartOf\":{\"@id\":\"https:\/\/noti-america.com\/site\/ecuador\/#website\"},\"primaryImageOfPage\":{\"@id\":\"https:\/\/noti-america.com\/site\/ecuador\/2019\/10\/03\/en-las-medidas-economica-de-moreno-se-quita-el-subsidio-a-los-combustible-y-se-mantiene-el-i-v-a-en-12\/#primaryimage\"},\"image\":{\"@id\":\"https:\/\/noti-america.com\/site\/ecuador\/2019\/10\/03\/en-las-medidas-economica-de-moreno-se-quita-el-subsidio-a-los-combustible-y-se-mantiene-el-i-v-a-en-12\/#primaryimage\"},\"thumbnailUrl\":\"https:\/\/noti-america.com\/site\/ecuador\/wp-content\/uploads\/sites\/18\/2019\/10\/carondelet.jpg\",\"datePublished\":\"2019-10-03T02:23:42+00:00\",\"breadcrumb\":{\"@id\":\"https:\/\/noti-america.com\/site\/ecuador\/2019\/10\/03\/en-las-medidas-economica-de-moreno-se-quita-el-subsidio-a-los-combustible-y-se-mantiene-el-i-v-a-en-12\/#breadcrumb\"},\"inLanguage\":\"es\",\"potentialAction\":[{\"@type\":\"ReadAction\",\"target\":[\"https:\/\/noti-america.com\/site\/ecuador\/2019\/10\/03\/en-las-medidas-economica-de-moreno-se-quita-el-subsidio-a-los-combustible-y-se-mantiene-el-i-v-a-en-12\/\"]}]},{\"@type\":\"ImageObject\",\"inLanguage\":\"es\",\"@id\":\"https:\/\/noti-america.com\/site\/ecuador\/2019\/10\/03\/en-las-medidas-economica-de-moreno-se-quita-el-subsidio-a-los-combustible-y-se-mantiene-el-i-v-a-en-12\/#primaryimage\",\"url\":\"https:\/\/noti-america.com\/site\/ecuador\/wp-content\/uploads\/sites\/18\/2019\/10\/carondelet.jpg\",\"contentUrl\":\"https:\/\/noti-america.com\/site\/ecuador\/wp-content\/uploads\/sites\/18\/2019\/10\/carondelet.jpg\",\"width\":500,\"height\":328},{\"@type\":\"BreadcrumbList\",\"@id\":\"https:\/\/noti-america.com\/site\/ecuador\/2019\/10\/03\/en-las-medidas-economica-de-moreno-se-quita-el-subsidio-a-los-combustible-y-se-mantiene-el-i-v-a-en-12\/#breadcrumb\",\"itemListElement\":[{\"@type\":\"ListItem\",\"position\":1,\"name\":\"Portada\",\"item\":\"https:\/\/noti-america.com\/site\/ecuador\/\"},{\"@type\":\"ListItem\",\"position\":2,\"name\":\"En las Medidas econ\u00f3mica de Moreno: se quita el subsidio a los combustible y se mantiene el I.V.A en 12%\"}]},{\"@type\":\"WebSite\",\"@id\":\"https:\/\/noti-america.com\/site\/ecuador\/#website\",\"url\":\"https:\/\/noti-america.com\/site\/ecuador\/\",\"name\":\"Ecuador | Noti-America.com\",\"description\":\"\",\"publisher\":{\"@id\":\"https:\/\/noti-america.com\/site\/ecuador\/#organization\"},\"potentialAction\":[{\"@type\":\"SearchAction\",\"target\":{\"@type\":\"EntryPoint\",\"urlTemplate\":\"https:\/\/noti-america.com\/site\/ecuador\/?s={search_term_string}\"},\"query-input\":{\"@type\":\"PropertyValueSpecification\",\"valueRequired\":true,\"valueName\":\"search_term_string\"}}],\"inLanguage\":\"es\"},{\"@type\":\"Organization\",\"@id\":\"https:\/\/noti-america.com\/site\/ecuador\/#organization\",\"name\":\"Noti-America LLC | Ecuador\",\"url\":\"https:\/\/noti-america.com\/site\/ecuador\/\",\"logo\":{\"@type\":\"ImageObject\",\"inLanguage\":\"es\",\"@id\":\"https:\/\/noti-america.com\/site\/ecuador\/#\/schema\/logo\/image\/\",\"url\":\"https:\/\/noti-america.com\/site\/ecuador\/wp-content\/uploads\/sites\/18\/2020\/07\/LogoNA-4x3-1.jpg\",\"contentUrl\":\"https:\/\/noti-america.com\/site\/ecuador\/wp-content\/uploads\/sites\/18\/2020\/07\/LogoNA-4x3-1.jpg\",\"width\":1236,\"height\":1080,\"caption\":\"Noti-America LLC | Ecuador\"},\"image\":{\"@id\":\"https:\/\/noti-america.com\/site\/ecuador\/#\/schema\/logo\/image\/\"},\"sameAs\":[\"https:\/\/x.com\/notiamerica\"]},{\"@type\":\"Person\",\"@id\":\"https:\/\/noti-america.com\/site\/ecuador\/#\/schema\/person\/3b975e42f15abfe64bfe3abdd916efda\",\"name\":\"Gregory Quintana Montiel\",\"image\":{\"@type\":\"ImageObject\",\"inLanguage\":\"es\",\"@id\":\"https:\/\/secure.gravatar.com\/avatar\/2d6b802f7720c2ec7744dcbe608cc2f3417aeb964d58b443c6d612b77531de1d?s=96&d=mm&r=g\",\"url\":\"https:\/\/secure.gravatar.com\/avatar\/2d6b802f7720c2ec7744dcbe608cc2f3417aeb964d58b443c6d612b77531de1d?s=96&d=mm&r=g\",\"contentUrl\":\"https:\/\/secure.gravatar.com\/avatar\/2d6b802f7720c2ec7744dcbe608cc2f3417aeb964d58b443c6d612b77531de1d?s=96&d=mm&r=g\",\"caption\":\"Gregory Quintana Montiel\"},\"description\":\"Licenciatura en Ciencias de la Comunicaci\u00f3n Social, egresado en la Especializaci\u00f3n Derecho Ambiental Desarrollo Sostenible y Sustentable, Miembro de la Comunidad de profesionales y experto para Latinoam\u00e9rica y el Caribe en Gesti\u00f3n por Resultado en el Desarrollo (COPLAC - GpRD) del Banco Interamericano de Desarrollo, experiencia en medios radiales y escritos.\",\"sameAs\":[\"https:\/\/x.com\/gdgregori1\",\"gquintana\"],\"url\":\"https:\/\/noti-america.com\/site\/ecuador\/author\/gquintana\/\"}]}<\/script>\n<!-- \/ Yoast SEO Premium plugin. -->","yoast_head_json":{"title":"En las Medidas econ\u00f3mica de Moreno: se quita el subsidio a los combustible y se mantiene el I.V.A en 12% - Ecuador | Noti-America.com","robots":{"index":"index","follow":"follow","max-snippet":"max-snippet:-1","max-image-preview":"max-image-preview:large","max-video-preview":"max-video-preview:-1"},"canonical":"https:\/\/noti-america.com\/site\/ecuador\/2019\/10\/03\/en-las-medidas-economica-de-moreno-se-quita-el-subsidio-a-los-combustible-y-se-mantiene-el-i-v-a-en-12\/","og_locale":"es_ES","og_type":"article","og_title":"En las Medidas econ\u00f3mica de Moreno: se quita el subsidio a los combustible y se mantiene el I.V.A en 12%","og_description":"REDACCI\u00d3N NOTI-AM\u00c9RICA (ECUADOR) Cuando fui elegido Presidente Constitucional del Ecuador, me hice una promesa: dejar un pa\u00eds mejor que el que yo recib\u00ed. Y para eso, siempre he tomado las decisiones que defienden el&#46;&#46;&#46;","og_url":"https:\/\/noti-america.com\/site\/ecuador\/2019\/10\/03\/en-las-medidas-economica-de-moreno-se-quita-el-subsidio-a-los-combustible-y-se-mantiene-el-i-v-a-en-12\/","og_site_name":"Ecuador | Noti-America.com","article_published_time":"2019-10-03T02:23:42+00:00","og_image":[{"width":500,"height":328,"url":"https:\/\/noti-america.com\/site\/ecuador\/wp-content\/uploads\/sites\/18\/2019\/10\/carondelet.jpg","type":"image\/jpeg"}],"author":"Gregory Quintana Montiel","twitter_card":"summary_large_image","twitter_creator":"@gdgregori1","twitter_site":"@notiamerica","twitter_misc":{"Escrito por":"Gregory Quintana Montiel","Tiempo estimado de lectura":"5 minutos"},"schema":{"@context":"https:\/\/schema.org","@graph":[{"@type":"Article","@id":"https:\/\/noti-america.com\/site\/ecuador\/2019\/10\/03\/en-las-medidas-economica-de-moreno-se-quita-el-subsidio-a-los-combustible-y-se-mantiene-el-i-v-a-en-12\/#article","isPartOf":{"@id":"https:\/\/noti-america.com\/site\/ecuador\/2019\/10\/03\/en-las-medidas-economica-de-moreno-se-quita-el-subsidio-a-los-combustible-y-se-mantiene-el-i-v-a-en-12\/"},"author":{"name":"Gregory Quintana Montiel","@id":"https:\/\/noti-america.com\/site\/ecuador\/#\/schema\/person\/3b975e42f15abfe64bfe3abdd916efda"},"headline":"En las Medidas econ\u00f3mica de Moreno: se quita el subsidio a los combustible y se mantiene el I.V.A en 12%","datePublished":"2019-10-03T02:23:42+00:00","mainEntityOfPage":{"@id":"https:\/\/noti-america.com\/site\/ecuador\/2019\/10\/03\/en-las-medidas-economica-de-moreno-se-quita-el-subsidio-a-los-combustible-y-se-mantiene-el-i-v-a-en-12\/"},"wordCount":1030,"commentCount":0,"publisher":{"@id":"https:\/\/noti-america.com\/site\/ecuador\/#organization"},"image":{"@id":"https:\/\/noti-america.com\/site\/ecuador\/2019\/10\/03\/en-las-medidas-economica-de-moreno-se-quita-el-subsidio-a-los-combustible-y-se-mantiene-el-i-v-a-en-12\/#primaryimage"},"thumbnailUrl":"https:\/\/noti-america.com\/site\/ecuador\/wp-content\/uploads\/sites\/18\/2019\/10\/carondelet.jpg","articleSection":["Pol\u00edtica"],"inLanguage":"es","potentialAction":[{"@type":"CommentAction","name":"Comment","target":["https:\/\/noti-america.com\/site\/ecuador\/2019\/10\/03\/en-las-medidas-economica-de-moreno-se-quita-el-subsidio-a-los-combustible-y-se-mantiene-el-i-v-a-en-12\/#respond"]}]},{"@type":"WebPage","@id":"https:\/\/noti-america.com\/site\/ecuador\/2019\/10\/03\/en-las-medidas-economica-de-moreno-se-quita-el-subsidio-a-los-combustible-y-se-mantiene-el-i-v-a-en-12\/","url":"https:\/\/noti-america.com\/site\/ecuador\/2019\/10\/03\/en-las-medidas-economica-de-moreno-se-quita-el-subsidio-a-los-combustible-y-se-mantiene-el-i-v-a-en-12\/","name":"En las Medidas econ\u00f3mica de Moreno: se quita el subsidio a los combustible y se mantiene el I.V.A en 12% - Ecuador | Noti-America.com","isPartOf":{"@id":"https:\/\/noti-america.com\/site\/ecuador\/#website"},"primaryImageOfPage":{"@id":"https:\/\/noti-america.com\/site\/ecuador\/2019\/10\/03\/en-las-medidas-economica-de-moreno-se-quita-el-subsidio-a-los-combustible-y-se-mantiene-el-i-v-a-en-12\/#primaryimage"},"image":{"@id":"https:\/\/noti-america.com\/site\/ecuador\/2019\/10\/03\/en-las-medidas-economica-de-moreno-se-quita-el-subsidio-a-los-combustible-y-se-mantiene-el-i-v-a-en-12\/#primaryimage"},"thumbnailUrl":"https:\/\/noti-america.com\/site\/ecuador\/wp-content\/uploads\/sites\/18\/2019\/10\/carondelet.jpg","datePublished":"2019-10-03T02:23:42+00:00","breadcrumb":{"@id":"https:\/\/noti-america.com\/site\/ecuador\/2019\/10\/03\/en-las-medidas-economica-de-moreno-se-quita-el-subsidio-a-los-combustible-y-se-mantiene-el-i-v-a-en-12\/#breadcrumb"},"inLanguage":"es","potentialAction":[{"@type":"ReadAction","target":["https:\/\/noti-america.com\/site\/ecuador\/2019\/10\/03\/en-las-medidas-economica-de-moreno-se-quita-el-subsidio-a-los-combustible-y-se-mantiene-el-i-v-a-en-12\/"]}]},{"@type":"ImageObject","inLanguage":"es","@id":"https:\/\/noti-america.com\/site\/ecuador\/2019\/10\/03\/en-las-medidas-economica-de-moreno-se-quita-el-subsidio-a-los-combustible-y-se-mantiene-el-i-v-a-en-12\/#primaryimage","url":"https:\/\/noti-america.com\/site\/ecuador\/wp-content\/uploads\/sites\/18\/2019\/10\/carondelet.jpg","contentUrl":"https:\/\/noti-america.com\/site\/ecuador\/wp-content\/uploads\/sites\/18\/2019\/10\/carondelet.jpg","width":500,"height":328},{"@type":"BreadcrumbList","@id":"https:\/\/noti-america.com\/site\/ecuador\/2019\/10\/03\/en-las-medidas-economica-de-moreno-se-quita-el-subsidio-a-los-combustible-y-se-mantiene-el-i-v-a-en-12\/#breadcrumb","itemListElement":[{"@type":"ListItem","position":1,"name":"Portada","item":"https:\/\/noti-america.com\/site\/ecuador\/"},{"@type":"ListItem","position":2,"name":"En las Medidas econ\u00f3mica de Moreno: se quita el subsidio a los combustible y se mantiene el I.V.A en 12%"}]},{"@type":"WebSite","@id":"https:\/\/noti-america.com\/site\/ecuador\/#website","url":"https:\/\/noti-america.com\/site\/ecuador\/","name":"Ecuador | Noti-America.com","description":"","publisher":{"@id":"https:\/\/noti-america.com\/site\/ecuador\/#organization"},"potentialAction":[{"@type":"SearchAction","target":{"@type":"EntryPoint","urlTemplate":"https:\/\/noti-america.com\/site\/ecuador\/?s={search_term_string}"},"query-input":{"@type":"PropertyValueSpecification","valueRequired":true,"valueName":"search_term_string"}}],"inLanguage":"es"},{"@type":"Organization","@id":"https:\/\/noti-america.com\/site\/ecuador\/#organization","name":"Noti-America LLC | Ecuador","url":"https:\/\/noti-america.com\/site\/ecuador\/","logo":{"@type":"ImageObject","inLanguage":"es","@id":"https:\/\/noti-america.com\/site\/ecuador\/#\/schema\/logo\/image\/","url":"https:\/\/noti-america.com\/site\/ecuador\/wp-content\/uploads\/sites\/18\/2020\/07\/LogoNA-4x3-1.jpg","contentUrl":"https:\/\/noti-america.com\/site\/ecuador\/wp-content\/uploads\/sites\/18\/2020\/07\/LogoNA-4x3-1.jpg","width":1236,"height":1080,"caption":"Noti-America LLC | Ecuador"},"image":{"@id":"https:\/\/noti-america.com\/site\/ecuador\/#\/schema\/logo\/image\/"},"sameAs":["https:\/\/x.com\/notiamerica"]},{"@type":"Person","@id":"https:\/\/noti-america.com\/site\/ecuador\/#\/schema\/person\/3b975e42f15abfe64bfe3abdd916efda","name":"Gregory Quintana Montiel","image":{"@type":"ImageObject","inLanguage":"es","@id":"https:\/\/secure.gravatar.com\/avatar\/2d6b802f7720c2ec7744dcbe608cc2f3417aeb964d58b443c6d612b77531de1d?s=96&d=mm&r=g","url":"https:\/\/secure.gravatar.com\/avatar\/2d6b802f7720c2ec7744dcbe608cc2f3417aeb964d58b443c6d612b77531de1d?s=96&d=mm&r=g","contentUrl":"https:\/\/secure.gravatar.com\/avatar\/2d6b802f7720c2ec7744dcbe608cc2f3417aeb964d58b443c6d612b77531de1d?s=96&d=mm&r=g","caption":"Gregory Quintana Montiel"},"description":"Licenciatura en Ciencias de la Comunicaci\u00f3n Social, egresado en la Especializaci\u00f3n Derecho Ambiental Desarrollo Sostenible y Sustentable, Miembro de la Comunidad de profesionales y experto para Latinoam\u00e9rica y el Caribe en Gesti\u00f3n por Resultado en el Desarrollo (COPLAC - GpRD) del Banco Interamericano de Desarrollo, experiencia en medios radiales y escritos.","sameAs":["https:\/\/x.com\/gdgregori1","gquintana"],"url":"https:\/\/noti-america.com\/site\/ecuador\/author\/gquintana\/"}]}},"_links":{"self":[{"href":"https:\/\/noti-america.com\/site\/ecuador\/wp-json\/wp\/v2\/posts\/5877","targetHints":{"allow":["GET"]}}],"collection":[{"href":"https:\/\/noti-america.com\/site\/ecuador\/wp-json\/wp\/v2\/posts"}],"about":[{"href":"https:\/\/noti-america.com\/site\/ecuador\/wp-json\/wp\/v2\/types\/post"}],"author":[{"embeddable":true,"href":"https:\/\/noti-america.com\/site\/ecuador\/wp-json\/wp\/v2\/users\/17"}],"replies":[{"embeddable":true,"href":"https:\/\/noti-america.com\/site\/ecuador\/wp-json\/wp\/v2\/comments?post=5877"}],"version-history":[{"count":1,"href":"https:\/\/noti-america.com\/site\/ecuador\/wp-json\/wp\/v2\/posts\/5877\/revisions"}],"predecessor-version":[{"id":5879,"href":"https:\/\/noti-america.com\/site\/ecuador\/wp-json\/wp\/v2\/posts\/5877\/revisions\/5879"}],"wp:featuredmedia":[{"embeddable":true,"href":"https:\/\/noti-america.com\/site\/ecuador\/wp-json\/wp\/v2\/media\/5878"}],"wp:attachment":[{"href":"https:\/\/noti-america.com\/site\/ecuador\/wp-json\/wp\/v2\/media?parent=5877"}],"wp:term":[{"taxonomy":"category","embeddable":true,"href":"https:\/\/noti-america.com\/site\/ecuador\/wp-json\/wp\/v2\/categories?post=5877"},{"taxonomy":"post_tag","embeddable":true,"href":"https:\/\/noti-america.com\/site\/ecuador\/wp-json\/wp\/v2\/tags?post=5877"}],"curies":[{"name":"wp","href":"https:\/\/api.w.org\/{rel}","templated":true}]}}