{"id":5805,"date":"2019-10-01T00:27:10","date_gmt":"2019-10-01T00:27:10","guid":{"rendered":"http:\/\/noti-america.com\/site\/ecuador\/?p=5805"},"modified":"2019-10-01T00:27:10","modified_gmt":"2019-10-01T00:27:10","slug":"cobros-indebidos-de-las-instituciones-del-sistema-financiero-nacional-sera-debatido-en-la-asamblea","status":"publish","type":"post","link":"https:\/\/noti-america.com\/site\/ecuador\/2019\/10\/01\/cobros-indebidos-de-las-instituciones-del-sistema-financiero-nacional-sera-debatido-en-la-asamblea\/","title":{"rendered":"Cobros indebidos de las instituciones del sistema financiero nacional ser\u00e1 debatido en la Asamblea"},"content":{"rendered":"<p>REDACCI\u00d3N NOTI-AM\u00c9RICA (ECUADOR)<\/p>\n<p style=\"text-align: justify\">El Pleno de la Asamblea Nacional analizar\u00e1 el proyecto que busca frenar las pr\u00e1cticas que mantiene el sistema financiero nacional, en lo que respecta al d\u00e9bito o cobro de valores a sus clientes por servicios que no han sido previamente aceptados ni puestos en su conocimiento, sobre la base del informe preparado por la Comisi\u00f3n de R\u00e9gimen Econ\u00f3mico.<\/p>\n<p style=\"text-align: justify\">Cinco proyectos de iniciativa de los asamble\u00edstas Esteban Albornoz, Henry Cucal\u00f3n, Juan Crist\u00f3bal Lloret, Pabel Mu\u00f1oz y del exlegislador Esteban Bernal, fueron unificados en el informe para primer debate de las reformas a diversas Leyes para evitar abusos de las entidades del sistema financiero nacional.<\/p>\n<p style=\"text-align: justify\">A trav\u00e9s del cuerpo legal se propone reformas al C\u00f3digo Org\u00e1nico Monetario y Financiero, a la Ley Org\u00e1nica de Defensa del Consumidor, y a la Ley Org\u00e1nica de Telecomunicaciones, en busca de dar soluciones expeditas a los clientes que han realizado reclamos ante la identificaci\u00f3n de cobros no autorizados, que constituyen una falta grave.<\/p>\n<p style=\"text-align: justify\">En el proyecto se establece que la Superintendencia de Bancos efect\u00fae la vigilancia, auditor\u00edas, intervenci\u00f3n, control y supervisi\u00f3n de actividades financieras que ejercen la entidades p\u00fablicas y privadas del sistema financiero nacional, con el prop\u00f3sito de que estas actividades atiendan al inter\u00e9s general, se sujeten al ordenamiento jur\u00eddico, y permitan evitar, prevenir o desincentivar pr\u00e1cticas fraudulentas, prohibidas y\/o abusivas, tendientes a menoscabar o violentar los derechos de los usuarios del sistema financiero nacional.<\/p>\n<p style=\"text-align: justify\">Esta entidad de control deber\u00e1 proteger los derechos de los clientes y usuarios, as\u00ed como, resolver las controversias en el \u00e1mbito administrativo que se generen con las entidades bajo su control, para lo cual deber\u00e1 solicitar o practicar de oficio, seg\u00fan el caso, las acciones de control necesarias para su esclarecimiento. Para el efecto deber\u00e1 emitir disposiciones reglamentarias de protecci\u00f3n para los usuarios o clientes financieros.<\/p>\n<p style=\"text-align: justify\">Adem\u00e1s, propondr\u00e1 pol\u00edticas de seguridad y regulaciones de protecci\u00f3n, control y vigilancia financiera a la Junta de Pol\u00edtica y Regulaci\u00f3n Monetaria y Financiera, a fin de proteger los derechos de los clientes y usuarios financieros. Tambi\u00e9n, informar\u00e1 sobre los resultados del control, incluyendo aquellas actividades realizadas respecto de la defensa y protecci\u00f3n de los derechos de los usuarios del sistema financiero, as\u00ed como de la expedici\u00f3n de normativa que mejore su capacidad de control y la protecci\u00f3n de los derechos de los usuarios, en el marco de sus competencias<\/p>\n<p style=\"text-align: justify\">Prev\u00e9 que la Superintendencia de Compa\u00f1\u00edas, entre otras atribuciones en materia societaria, ejerza vigilancia, auditor\u00eda, intervenci\u00f3n, control y supervisi\u00f3n del mercado de valores. Este se debe ejercer en el r\u00e9gimen de seguros y de las personas jur\u00eddicas de derecho privado no financieras, con el prop\u00f3sito de que las actividades de estas se desprendan, atiendan al inter\u00e9s general, se sujeten al ordenamiento jur\u00eddico y eviten, prevengan y desincentiven pr\u00e1cticas fraudulentas, prohibidas o abusivas tendientes a menoscabar o violentar los derechos de los usuarios, socios o clientes.<\/p>\n","protected":false},"excerpt":{"rendered":"<p>REDACCI\u00d3N NOTI-AM\u00c9RICA (ECUADOR) El Pleno de la Asamblea Nacional analizar\u00e1 el proyecto que busca frenar las pr\u00e1cticas que mantiene el sistema financiero nacional, en lo que respecta al d\u00e9bito o cobro de valores a&#46;&#46;&#46;<\/p>\n","protected":false},"author":17,"featured_media":5806,"comment_status":"open","ping_status":"open","sticky":false,"template":"","format":"standard","meta":{"_acf_changed":false,"om_disable_all_campaigns":false,"rop_custom_images_group":[],"rop_custom_messages_group":[],"rop_publish_now":"initial","rop_publish_now_accounts":{"twitter_242054905_242054905":""},"rop_publish_now_history":[],"rop_publish_now_status":"pending","_uf_show_specific_survey":0,"_uf_disable_surveys":false,"footnotes":""},"categories":[1],"tags":[],"class_list":["post-5805","post","type-post","status-publish","format-standard","has-post-thumbnail","hentry","category-uncategorized"],"acf":[],"aioseo_notices":[],"yoast_head":"<!-- This site is optimized with the Yoast SEO Premium plugin v24.9 (Yoast SEO v27.2) - https:\/\/yoast.com\/product\/yoast-seo-premium-wordpress\/ -->\n<title>Cobros indebidos de las instituciones del sistema financiero nacional ser\u00e1 debatido en la Asamblea - Ecuador | Noti-America.com<\/title>\n<meta name=\"robots\" content=\"index, follow, max-snippet:-1, max-image-preview:large, max-video-preview:-1\" \/>\n<link rel=\"canonical\" href=\"https:\/\/noti-america.com\/site\/ecuador\/2019\/10\/01\/cobros-indebidos-de-las-instituciones-del-sistema-financiero-nacional-sera-debatido-en-la-asamblea\/\" \/>\n<meta property=\"og:locale\" content=\"es_ES\" \/>\n<meta property=\"og:type\" content=\"article\" \/>\n<meta property=\"og:title\" content=\"Cobros indebidos de las instituciones del sistema financiero nacional ser\u00e1 debatido en la Asamblea\" \/>\n<meta property=\"og:description\" content=\"REDACCI\u00d3N NOTI-AM\u00c9RICA (ECUADOR) El Pleno de la Asamblea Nacional analizar\u00e1 el proyecto que busca frenar las pr\u00e1cticas que mantiene el sistema financiero nacional, en lo que respecta al d\u00e9bito o cobro de valores a&#046;&#046;&#046;\" \/>\n<meta property=\"og:url\" content=\"https:\/\/noti-america.com\/site\/ecuador\/2019\/10\/01\/cobros-indebidos-de-las-instituciones-del-sistema-financiero-nacional-sera-debatido-en-la-asamblea\/\" \/>\n<meta property=\"og:site_name\" content=\"Ecuador | Noti-America.com\" \/>\n<meta property=\"article:published_time\" content=\"2019-10-01T00:27:10+00:00\" \/>\n<meta property=\"og:image\" content=\"https:\/\/noti-america.com\/site\/ecuador\/wp-content\/uploads\/sites\/18\/2019\/10\/Pleno-de-la-asamblea.jpg\" \/>\n\t<meta property=\"og:image:width\" content=\"420\" \/>\n\t<meta property=\"og:image:height\" content=\"280\" \/>\n\t<meta property=\"og:image:type\" content=\"image\/jpeg\" \/>\n<meta name=\"author\" content=\"Gregory Quintana Montiel\" \/>\n<meta name=\"twitter:card\" content=\"summary_large_image\" \/>\n<meta name=\"twitter:creator\" content=\"@gdgregori1\" \/>\n<meta name=\"twitter:site\" content=\"@notiamerica\" \/>\n<meta name=\"twitter:label1\" content=\"Escrito por\" \/>\n\t<meta name=\"twitter:data1\" content=\"Gregory Quintana Montiel\" \/>\n\t<meta name=\"twitter:label2\" content=\"Tiempo estimado de lectura\" \/>\n\t<meta name=\"twitter:data2\" content=\"3 minutos\" \/>\n<script type=\"application\/ld+json\" class=\"yoast-schema-graph\">{\"@context\":\"https:\/\/schema.org\",\"@graph\":[{\"@type\":\"Article\",\"@id\":\"https:\/\/noti-america.com\/site\/ecuador\/2019\/10\/01\/cobros-indebidos-de-las-instituciones-del-sistema-financiero-nacional-sera-debatido-en-la-asamblea\/#article\",\"isPartOf\":{\"@id\":\"https:\/\/noti-america.com\/site\/ecuador\/2019\/10\/01\/cobros-indebidos-de-las-instituciones-del-sistema-financiero-nacional-sera-debatido-en-la-asamblea\/\"},\"author\":{\"name\":\"Gregory Quintana Montiel\",\"@id\":\"https:\/\/noti-america.com\/site\/ecuador\/#\/schema\/person\/3b975e42f15abfe64bfe3abdd916efda\"},\"headline\":\"Cobros indebidos de las instituciones del sistema financiero nacional ser\u00e1 debatido en la Asamblea\",\"datePublished\":\"2019-10-01T00:27:10+00:00\",\"mainEntityOfPage\":{\"@id\":\"https:\/\/noti-america.com\/site\/ecuador\/2019\/10\/01\/cobros-indebidos-de-las-instituciones-del-sistema-financiero-nacional-sera-debatido-en-la-asamblea\/\"},\"wordCount\":535,\"commentCount\":0,\"publisher\":{\"@id\":\"https:\/\/noti-america.com\/site\/ecuador\/#organization\"},\"image\":{\"@id\":\"https:\/\/noti-america.com\/site\/ecuador\/2019\/10\/01\/cobros-indebidos-de-las-instituciones-del-sistema-financiero-nacional-sera-debatido-en-la-asamblea\/#primaryimage\"},\"thumbnailUrl\":\"https:\/\/noti-america.com\/site\/ecuador\/wp-content\/uploads\/sites\/18\/2019\/10\/Pleno-de-la-asamblea.jpg\",\"articleSection\":[\"Uncategorized\"],\"inLanguage\":\"es\",\"potentialAction\":[{\"@type\":\"CommentAction\",\"name\":\"Comment\",\"target\":[\"https:\/\/noti-america.com\/site\/ecuador\/2019\/10\/01\/cobros-indebidos-de-las-instituciones-del-sistema-financiero-nacional-sera-debatido-en-la-asamblea\/#respond\"]}]},{\"@type\":\"WebPage\",\"@id\":\"https:\/\/noti-america.com\/site\/ecuador\/2019\/10\/01\/cobros-indebidos-de-las-instituciones-del-sistema-financiero-nacional-sera-debatido-en-la-asamblea\/\",\"url\":\"https:\/\/noti-america.com\/site\/ecuador\/2019\/10\/01\/cobros-indebidos-de-las-instituciones-del-sistema-financiero-nacional-sera-debatido-en-la-asamblea\/\",\"name\":\"Cobros indebidos de las instituciones del sistema financiero nacional ser\u00e1 debatido en la Asamblea - Ecuador | Noti-America.com\",\"isPartOf\":{\"@id\":\"https:\/\/noti-america.com\/site\/ecuador\/#website\"},\"primaryImageOfPage\":{\"@id\":\"https:\/\/noti-america.com\/site\/ecuador\/2019\/10\/01\/cobros-indebidos-de-las-instituciones-del-sistema-financiero-nacional-sera-debatido-en-la-asamblea\/#primaryimage\"},\"image\":{\"@id\":\"https:\/\/noti-america.com\/site\/ecuador\/2019\/10\/01\/cobros-indebidos-de-las-instituciones-del-sistema-financiero-nacional-sera-debatido-en-la-asamblea\/#primaryimage\"},\"thumbnailUrl\":\"https:\/\/noti-america.com\/site\/ecuador\/wp-content\/uploads\/sites\/18\/2019\/10\/Pleno-de-la-asamblea.jpg\",\"datePublished\":\"2019-10-01T00:27:10+00:00\",\"breadcrumb\":{\"@id\":\"https:\/\/noti-america.com\/site\/ecuador\/2019\/10\/01\/cobros-indebidos-de-las-instituciones-del-sistema-financiero-nacional-sera-debatido-en-la-asamblea\/#breadcrumb\"},\"inLanguage\":\"es\",\"potentialAction\":[{\"@type\":\"ReadAction\",\"target\":[\"https:\/\/noti-america.com\/site\/ecuador\/2019\/10\/01\/cobros-indebidos-de-las-instituciones-del-sistema-financiero-nacional-sera-debatido-en-la-asamblea\/\"]}]},{\"@type\":\"ImageObject\",\"inLanguage\":\"es\",\"@id\":\"https:\/\/noti-america.com\/site\/ecuador\/2019\/10\/01\/cobros-indebidos-de-las-instituciones-del-sistema-financiero-nacional-sera-debatido-en-la-asamblea\/#primaryimage\",\"url\":\"https:\/\/noti-america.com\/site\/ecuador\/wp-content\/uploads\/sites\/18\/2019\/10\/Pleno-de-la-asamblea.jpg\",\"contentUrl\":\"https:\/\/noti-america.com\/site\/ecuador\/wp-content\/uploads\/sites\/18\/2019\/10\/Pleno-de-la-asamblea.jpg\",\"width\":420,\"height\":280},{\"@type\":\"BreadcrumbList\",\"@id\":\"https:\/\/noti-america.com\/site\/ecuador\/2019\/10\/01\/cobros-indebidos-de-las-instituciones-del-sistema-financiero-nacional-sera-debatido-en-la-asamblea\/#breadcrumb\",\"itemListElement\":[{\"@type\":\"ListItem\",\"position\":1,\"name\":\"Portada\",\"item\":\"https:\/\/noti-america.com\/site\/ecuador\/\"},{\"@type\":\"ListItem\",\"position\":2,\"name\":\"Cobros indebidos de las instituciones del sistema financiero nacional ser\u00e1 debatido en la Asamblea\"}]},{\"@type\":\"WebSite\",\"@id\":\"https:\/\/noti-america.com\/site\/ecuador\/#website\",\"url\":\"https:\/\/noti-america.com\/site\/ecuador\/\",\"name\":\"Ecuador | Noti-America.com\",\"description\":\"\",\"publisher\":{\"@id\":\"https:\/\/noti-america.com\/site\/ecuador\/#organization\"},\"potentialAction\":[{\"@type\":\"SearchAction\",\"target\":{\"@type\":\"EntryPoint\",\"urlTemplate\":\"https:\/\/noti-america.com\/site\/ecuador\/?s={search_term_string}\"},\"query-input\":{\"@type\":\"PropertyValueSpecification\",\"valueRequired\":true,\"valueName\":\"search_term_string\"}}],\"inLanguage\":\"es\"},{\"@type\":\"Organization\",\"@id\":\"https:\/\/noti-america.com\/site\/ecuador\/#organization\",\"name\":\"Noti-America LLC | Ecuador\",\"url\":\"https:\/\/noti-america.com\/site\/ecuador\/\",\"logo\":{\"@type\":\"ImageObject\",\"inLanguage\":\"es\",\"@id\":\"https:\/\/noti-america.com\/site\/ecuador\/#\/schema\/logo\/image\/\",\"url\":\"https:\/\/noti-america.com\/site\/ecuador\/wp-content\/uploads\/sites\/18\/2020\/07\/LogoNA-4x3-1.jpg\",\"contentUrl\":\"https:\/\/noti-america.com\/site\/ecuador\/wp-content\/uploads\/sites\/18\/2020\/07\/LogoNA-4x3-1.jpg\",\"width\":1236,\"height\":1080,\"caption\":\"Noti-America LLC | Ecuador\"},\"image\":{\"@id\":\"https:\/\/noti-america.com\/site\/ecuador\/#\/schema\/logo\/image\/\"},\"sameAs\":[\"https:\/\/x.com\/notiamerica\"]},{\"@type\":\"Person\",\"@id\":\"https:\/\/noti-america.com\/site\/ecuador\/#\/schema\/person\/3b975e42f15abfe64bfe3abdd916efda\",\"name\":\"Gregory Quintana Montiel\",\"image\":{\"@type\":\"ImageObject\",\"inLanguage\":\"es\",\"@id\":\"https:\/\/secure.gravatar.com\/avatar\/2d6b802f7720c2ec7744dcbe608cc2f3417aeb964d58b443c6d612b77531de1d?s=96&d=mm&r=g\",\"url\":\"https:\/\/secure.gravatar.com\/avatar\/2d6b802f7720c2ec7744dcbe608cc2f3417aeb964d58b443c6d612b77531de1d?s=96&d=mm&r=g\",\"contentUrl\":\"https:\/\/secure.gravatar.com\/avatar\/2d6b802f7720c2ec7744dcbe608cc2f3417aeb964d58b443c6d612b77531de1d?s=96&d=mm&r=g\",\"caption\":\"Gregory Quintana Montiel\"},\"description\":\"Licenciatura en Ciencias de la Comunicaci\u00f3n Social, egresado en la Especializaci\u00f3n Derecho Ambiental Desarrollo Sostenible y Sustentable, Miembro de la Comunidad de profesionales y experto para Latinoam\u00e9rica y el Caribe en Gesti\u00f3n por Resultado en el Desarrollo (COPLAC - GpRD) del Banco Interamericano de Desarrollo, experiencia en medios radiales y escritos.\",\"sameAs\":[\"https:\/\/x.com\/gdgregori1\",\"gquintana\"],\"url\":\"https:\/\/noti-america.com\/site\/ecuador\/author\/gquintana\/\"}]}<\/script>\n<!-- \/ Yoast SEO Premium plugin. -->","yoast_head_json":{"title":"Cobros indebidos de las instituciones del sistema financiero nacional ser\u00e1 debatido en la Asamblea - Ecuador | Noti-America.com","robots":{"index":"index","follow":"follow","max-snippet":"max-snippet:-1","max-image-preview":"max-image-preview:large","max-video-preview":"max-video-preview:-1"},"canonical":"https:\/\/noti-america.com\/site\/ecuador\/2019\/10\/01\/cobros-indebidos-de-las-instituciones-del-sistema-financiero-nacional-sera-debatido-en-la-asamblea\/","og_locale":"es_ES","og_type":"article","og_title":"Cobros indebidos de las instituciones del sistema financiero nacional ser\u00e1 debatido en la Asamblea","og_description":"REDACCI\u00d3N NOTI-AM\u00c9RICA (ECUADOR) El Pleno de la Asamblea Nacional analizar\u00e1 el proyecto que busca frenar las pr\u00e1cticas que mantiene el sistema financiero nacional, en lo que respecta al d\u00e9bito o cobro de valores a&#46;&#46;&#46;","og_url":"https:\/\/noti-america.com\/site\/ecuador\/2019\/10\/01\/cobros-indebidos-de-las-instituciones-del-sistema-financiero-nacional-sera-debatido-en-la-asamblea\/","og_site_name":"Ecuador | Noti-America.com","article_published_time":"2019-10-01T00:27:10+00:00","og_image":[{"width":420,"height":280,"url":"https:\/\/noti-america.com\/site\/ecuador\/wp-content\/uploads\/sites\/18\/2019\/10\/Pleno-de-la-asamblea.jpg","type":"image\/jpeg"}],"author":"Gregory Quintana Montiel","twitter_card":"summary_large_image","twitter_creator":"@gdgregori1","twitter_site":"@notiamerica","twitter_misc":{"Escrito por":"Gregory Quintana Montiel","Tiempo estimado de lectura":"3 minutos"},"schema":{"@context":"https:\/\/schema.org","@graph":[{"@type":"Article","@id":"https:\/\/noti-america.com\/site\/ecuador\/2019\/10\/01\/cobros-indebidos-de-las-instituciones-del-sistema-financiero-nacional-sera-debatido-en-la-asamblea\/#article","isPartOf":{"@id":"https:\/\/noti-america.com\/site\/ecuador\/2019\/10\/01\/cobros-indebidos-de-las-instituciones-del-sistema-financiero-nacional-sera-debatido-en-la-asamblea\/"},"author":{"name":"Gregory Quintana Montiel","@id":"https:\/\/noti-america.com\/site\/ecuador\/#\/schema\/person\/3b975e42f15abfe64bfe3abdd916efda"},"headline":"Cobros indebidos de las instituciones del sistema financiero nacional ser\u00e1 debatido en la Asamblea","datePublished":"2019-10-01T00:27:10+00:00","mainEntityOfPage":{"@id":"https:\/\/noti-america.com\/site\/ecuador\/2019\/10\/01\/cobros-indebidos-de-las-instituciones-del-sistema-financiero-nacional-sera-debatido-en-la-asamblea\/"},"wordCount":535,"commentCount":0,"publisher":{"@id":"https:\/\/noti-america.com\/site\/ecuador\/#organization"},"image":{"@id":"https:\/\/noti-america.com\/site\/ecuador\/2019\/10\/01\/cobros-indebidos-de-las-instituciones-del-sistema-financiero-nacional-sera-debatido-en-la-asamblea\/#primaryimage"},"thumbnailUrl":"https:\/\/noti-america.com\/site\/ecuador\/wp-content\/uploads\/sites\/18\/2019\/10\/Pleno-de-la-asamblea.jpg","articleSection":["Uncategorized"],"inLanguage":"es","potentialAction":[{"@type":"CommentAction","name":"Comment","target":["https:\/\/noti-america.com\/site\/ecuador\/2019\/10\/01\/cobros-indebidos-de-las-instituciones-del-sistema-financiero-nacional-sera-debatido-en-la-asamblea\/#respond"]}]},{"@type":"WebPage","@id":"https:\/\/noti-america.com\/site\/ecuador\/2019\/10\/01\/cobros-indebidos-de-las-instituciones-del-sistema-financiero-nacional-sera-debatido-en-la-asamblea\/","url":"https:\/\/noti-america.com\/site\/ecuador\/2019\/10\/01\/cobros-indebidos-de-las-instituciones-del-sistema-financiero-nacional-sera-debatido-en-la-asamblea\/","name":"Cobros indebidos de las instituciones del sistema financiero nacional ser\u00e1 debatido en la Asamblea - Ecuador | Noti-America.com","isPartOf":{"@id":"https:\/\/noti-america.com\/site\/ecuador\/#website"},"primaryImageOfPage":{"@id":"https:\/\/noti-america.com\/site\/ecuador\/2019\/10\/01\/cobros-indebidos-de-las-instituciones-del-sistema-financiero-nacional-sera-debatido-en-la-asamblea\/#primaryimage"},"image":{"@id":"https:\/\/noti-america.com\/site\/ecuador\/2019\/10\/01\/cobros-indebidos-de-las-instituciones-del-sistema-financiero-nacional-sera-debatido-en-la-asamblea\/#primaryimage"},"thumbnailUrl":"https:\/\/noti-america.com\/site\/ecuador\/wp-content\/uploads\/sites\/18\/2019\/10\/Pleno-de-la-asamblea.jpg","datePublished":"2019-10-01T00:27:10+00:00","breadcrumb":{"@id":"https:\/\/noti-america.com\/site\/ecuador\/2019\/10\/01\/cobros-indebidos-de-las-instituciones-del-sistema-financiero-nacional-sera-debatido-en-la-asamblea\/#breadcrumb"},"inLanguage":"es","potentialAction":[{"@type":"ReadAction","target":["https:\/\/noti-america.com\/site\/ecuador\/2019\/10\/01\/cobros-indebidos-de-las-instituciones-del-sistema-financiero-nacional-sera-debatido-en-la-asamblea\/"]}]},{"@type":"ImageObject","inLanguage":"es","@id":"https:\/\/noti-america.com\/site\/ecuador\/2019\/10\/01\/cobros-indebidos-de-las-instituciones-del-sistema-financiero-nacional-sera-debatido-en-la-asamblea\/#primaryimage","url":"https:\/\/noti-america.com\/site\/ecuador\/wp-content\/uploads\/sites\/18\/2019\/10\/Pleno-de-la-asamblea.jpg","contentUrl":"https:\/\/noti-america.com\/site\/ecuador\/wp-content\/uploads\/sites\/18\/2019\/10\/Pleno-de-la-asamblea.jpg","width":420,"height":280},{"@type":"BreadcrumbList","@id":"https:\/\/noti-america.com\/site\/ecuador\/2019\/10\/01\/cobros-indebidos-de-las-instituciones-del-sistema-financiero-nacional-sera-debatido-en-la-asamblea\/#breadcrumb","itemListElement":[{"@type":"ListItem","position":1,"name":"Portada","item":"https:\/\/noti-america.com\/site\/ecuador\/"},{"@type":"ListItem","position":2,"name":"Cobros indebidos de las instituciones del sistema financiero nacional ser\u00e1 debatido en la Asamblea"}]},{"@type":"WebSite","@id":"https:\/\/noti-america.com\/site\/ecuador\/#website","url":"https:\/\/noti-america.com\/site\/ecuador\/","name":"Ecuador | Noti-America.com","description":"","publisher":{"@id":"https:\/\/noti-america.com\/site\/ecuador\/#organization"},"potentialAction":[{"@type":"SearchAction","target":{"@type":"EntryPoint","urlTemplate":"https:\/\/noti-america.com\/site\/ecuador\/?s={search_term_string}"},"query-input":{"@type":"PropertyValueSpecification","valueRequired":true,"valueName":"search_term_string"}}],"inLanguage":"es"},{"@type":"Organization","@id":"https:\/\/noti-america.com\/site\/ecuador\/#organization","name":"Noti-America LLC | Ecuador","url":"https:\/\/noti-america.com\/site\/ecuador\/","logo":{"@type":"ImageObject","inLanguage":"es","@id":"https:\/\/noti-america.com\/site\/ecuador\/#\/schema\/logo\/image\/","url":"https:\/\/noti-america.com\/site\/ecuador\/wp-content\/uploads\/sites\/18\/2020\/07\/LogoNA-4x3-1.jpg","contentUrl":"https:\/\/noti-america.com\/site\/ecuador\/wp-content\/uploads\/sites\/18\/2020\/07\/LogoNA-4x3-1.jpg","width":1236,"height":1080,"caption":"Noti-America LLC | Ecuador"},"image":{"@id":"https:\/\/noti-america.com\/site\/ecuador\/#\/schema\/logo\/image\/"},"sameAs":["https:\/\/x.com\/notiamerica"]},{"@type":"Person","@id":"https:\/\/noti-america.com\/site\/ecuador\/#\/schema\/person\/3b975e42f15abfe64bfe3abdd916efda","name":"Gregory Quintana Montiel","image":{"@type":"ImageObject","inLanguage":"es","@id":"https:\/\/secure.gravatar.com\/avatar\/2d6b802f7720c2ec7744dcbe608cc2f3417aeb964d58b443c6d612b77531de1d?s=96&d=mm&r=g","url":"https:\/\/secure.gravatar.com\/avatar\/2d6b802f7720c2ec7744dcbe608cc2f3417aeb964d58b443c6d612b77531de1d?s=96&d=mm&r=g","contentUrl":"https:\/\/secure.gravatar.com\/avatar\/2d6b802f7720c2ec7744dcbe608cc2f3417aeb964d58b443c6d612b77531de1d?s=96&d=mm&r=g","caption":"Gregory Quintana Montiel"},"description":"Licenciatura en Ciencias de la Comunicaci\u00f3n Social, egresado en la Especializaci\u00f3n Derecho Ambiental Desarrollo Sostenible y Sustentable, Miembro de la Comunidad de profesionales y experto para Latinoam\u00e9rica y el Caribe en Gesti\u00f3n por Resultado en el Desarrollo (COPLAC - GpRD) del Banco Interamericano de Desarrollo, experiencia en medios radiales y escritos.","sameAs":["https:\/\/x.com\/gdgregori1","gquintana"],"url":"https:\/\/noti-america.com\/site\/ecuador\/author\/gquintana\/"}]}},"_links":{"self":[{"href":"https:\/\/noti-america.com\/site\/ecuador\/wp-json\/wp\/v2\/posts\/5805","targetHints":{"allow":["GET"]}}],"collection":[{"href":"https:\/\/noti-america.com\/site\/ecuador\/wp-json\/wp\/v2\/posts"}],"about":[{"href":"https:\/\/noti-america.com\/site\/ecuador\/wp-json\/wp\/v2\/types\/post"}],"author":[{"embeddable":true,"href":"https:\/\/noti-america.com\/site\/ecuador\/wp-json\/wp\/v2\/users\/17"}],"replies":[{"embeddable":true,"href":"https:\/\/noti-america.com\/site\/ecuador\/wp-json\/wp\/v2\/comments?post=5805"}],"version-history":[{"count":1,"href":"https:\/\/noti-america.com\/site\/ecuador\/wp-json\/wp\/v2\/posts\/5805\/revisions"}],"predecessor-version":[{"id":5807,"href":"https:\/\/noti-america.com\/site\/ecuador\/wp-json\/wp\/v2\/posts\/5805\/revisions\/5807"}],"wp:featuredmedia":[{"embeddable":true,"href":"https:\/\/noti-america.com\/site\/ecuador\/wp-json\/wp\/v2\/media\/5806"}],"wp:attachment":[{"href":"https:\/\/noti-america.com\/site\/ecuador\/wp-json\/wp\/v2\/media?parent=5805"}],"wp:term":[{"taxonomy":"category","embeddable":true,"href":"https:\/\/noti-america.com\/site\/ecuador\/wp-json\/wp\/v2\/categories?post=5805"},{"taxonomy":"post_tag","embeddable":true,"href":"https:\/\/noti-america.com\/site\/ecuador\/wp-json\/wp\/v2\/tags?post=5805"}],"curies":[{"name":"wp","href":"https:\/\/api.w.org\/{rel}","templated":true}]}}