{"id":5780,"date":"2019-09-27T02:55:53","date_gmt":"2019-09-27T02:55:53","guid":{"rendered":"http:\/\/noti-america.com\/site\/ecuador\/?p=5780"},"modified":"2019-09-27T02:55:53","modified_gmt":"2019-09-27T02:55:53","slug":"acuerdo-bilateral-de-inversiones-entre-brasil-y-ecuador","status":"publish","type":"post","link":"https:\/\/noti-america.com\/site\/ecuador\/2019\/09\/27\/acuerdo-bilateral-de-inversiones-entre-brasil-y-ecuador\/","title":{"rendered":"Acuerdo Bilateral de Inversiones entre Brasil y Ecuador"},"content":{"rendered":"<p>REDACCI\u00d3N NOTI-AM\u00c9RICA (ECUADOR)<\/p>\n<p style=\"text-align: justify\">En el marco de la 74\u00ba Asamblea General de Naciones Unidas que se realiza en Nueva York, los cancilleres de Ecuador, Jos\u00e9 Valencia, y de Brasil, Ernesto Ara\u00fajo, suscribieron el \u2018Acuerdo de Cooperaci\u00f3n y de Facilitaci\u00f3n de Inversiones\u201d entre los dos pa\u00edses.<\/p>\n<p style=\"text-align: justify\">El Acuerdo busca promover y facilitar los flujos de inversi\u00f3n entre Brasil y Ecuador, reconociendo el papel fundamental de la inversi\u00f3n en la promoci\u00f3n del desarrollo sostenible. Al efecto, el convenio establece un marco institucional a favor de las inversiones, la prevenci\u00f3n de conflictos y la generaci\u00f3n de una agenda para mejorar la cooperaci\u00f3n e inversi\u00f3n bilateral.<\/p>\n<p style=\"text-align: justify\">A trav\u00e9s de una asociaci\u00f3n estrat\u00e9gica entre ambos pa\u00edses, el Acuerdo trabajar\u00e1 por la promoci\u00f3n de la inversi\u00f3n, la generaci\u00f3n de un ambiente amigable para esta, y el establecimiento de mecanismos para solucionar posibles diferencias que pudieran generarse entre las partes, siempre en el marco del respeto de los derechos humanos y tomando en consideraci\u00f3n la responsabilidad corporativa de los inversionistas.<\/p>\n<p style=\"text-align: justify\">Con ocasi\u00f3n de la suscripci\u00f3n del instrumento, los cancilleres de Brasil y Ecuador coincidieron en apreciar la creciente mejora de las relaciones comerciales entre los dos pa\u00edses. En meses recientes, el mercado brasile\u00f1o ha abierto sus puertas a las exportaciones de camar\u00f3n procedentes del Ecuador y al flujo de productos de pesca hacia ese pa\u00eds.<\/p>\n<p style=\"text-align: justify\">Los ministros aprovecharon la ocasi\u00f3n para respaldar el avance de los preparativos de la VI Reuni\u00f3n del Grupo de Trabajo de Cooperaci\u00f3n T\u00e9cnica Ecuador-Brasil, que se realizar\u00e1 a finales de 2019, en Quito. En esa reuni\u00f3n se abordar\u00e1 la concreci\u00f3n de tres proyectos relativos a la lucha contra la corrupci\u00f3n, el manejo y producci\u00f3n integrada de frutas tropicales y sobre mejores pr\u00e1cticas en laboratorios farmac\u00e9uticos.<\/p>\n","protected":false},"excerpt":{"rendered":"<p>REDACCI\u00d3N NOTI-AM\u00c9RICA (ECUADOR) En el marco de la 74\u00ba Asamblea General de Naciones Unidas que se realiza en Nueva York, los cancilleres de Ecuador, Jos\u00e9 Valencia, y de Brasil, Ernesto Ara\u00fajo, suscribieron el \u2018Acuerdo&#46;&#46;&#46;<\/p>\n","protected":false},"author":17,"featured_media":5781,"comment_status":"open","ping_status":"open","sticky":false,"template":"","format":"standard","meta":{"_acf_changed":false,"om_disable_all_campaigns":false,"rop_custom_images_group":[],"rop_custom_messages_group":[],"rop_publish_now":"initial","rop_publish_now_accounts":{"twitter_242054905_242054905":""},"rop_publish_now_history":[],"rop_publish_now_status":"pending","_uf_show_specific_survey":0,"_uf_disable_surveys":false,"footnotes":""},"categories":[34],"tags":[],"class_list":["post-5780","post","type-post","status-publish","format-standard","has-post-thumbnail","hentry","category-politica-opinion"],"acf":[],"aioseo_notices":[],"yoast_head":"<!-- This site is optimized with the Yoast SEO Premium plugin v24.9 (Yoast SEO v27.2) - https:\/\/yoast.com\/product\/yoast-seo-premium-wordpress\/ -->\n<title>Acuerdo Bilateral de Inversiones entre Brasil y Ecuador - Ecuador | Noti-America.com<\/title>\n<meta name=\"robots\" content=\"index, follow, max-snippet:-1, max-image-preview:large, max-video-preview:-1\" \/>\n<link rel=\"canonical\" href=\"https:\/\/noti-america.com\/site\/ecuador\/2019\/09\/27\/acuerdo-bilateral-de-inversiones-entre-brasil-y-ecuador\/\" \/>\n<meta property=\"og:locale\" content=\"es_ES\" \/>\n<meta property=\"og:type\" content=\"article\" \/>\n<meta property=\"og:title\" content=\"Acuerdo Bilateral de Inversiones entre Brasil y Ecuador\" \/>\n<meta property=\"og:description\" content=\"REDACCI\u00d3N NOTI-AM\u00c9RICA (ECUADOR) En el marco de la 74\u00ba Asamblea General de Naciones Unidas que se realiza en Nueva York, los cancilleres de Ecuador, Jos\u00e9 Valencia, y de Brasil, Ernesto Ara\u00fajo, suscribieron el \u2018Acuerdo&#046;&#046;&#046;\" \/>\n<meta property=\"og:url\" content=\"https:\/\/noti-america.com\/site\/ecuador\/2019\/09\/27\/acuerdo-bilateral-de-inversiones-entre-brasil-y-ecuador\/\" \/>\n<meta property=\"og:site_name\" content=\"Ecuador | Noti-America.com\" \/>\n<meta property=\"article:published_time\" content=\"2019-09-27T02:55:53+00:00\" \/>\n<meta property=\"og:image\" content=\"https:\/\/noti-america.com\/site\/ecuador\/wp-content\/uploads\/sites\/18\/2019\/09\/Cancilleres-de-Ecuador-y-Brasil-en-firma-de-acuerdo-de-inversi\u00f3nes.jpg\" \/>\n\t<meta property=\"og:image:width\" content=\"680\" \/>\n\t<meta property=\"og:image:height\" content=\"534\" \/>\n\t<meta property=\"og:image:type\" content=\"image\/jpeg\" \/>\n<meta name=\"author\" content=\"Gregory Quintana Montiel\" \/>\n<meta name=\"twitter:card\" content=\"summary_large_image\" \/>\n<meta name=\"twitter:creator\" content=\"@gdgregori1\" \/>\n<meta name=\"twitter:site\" content=\"@notiamerica\" \/>\n<meta name=\"twitter:label1\" content=\"Escrito por\" \/>\n\t<meta name=\"twitter:data1\" content=\"Gregory Quintana Montiel\" \/>\n\t<meta name=\"twitter:label2\" content=\"Tiempo estimado de lectura\" \/>\n\t<meta name=\"twitter:data2\" content=\"2 minutos\" \/>\n<script type=\"application\/ld+json\" class=\"yoast-schema-graph\">{\"@context\":\"https:\/\/schema.org\",\"@graph\":[{\"@type\":\"Article\",\"@id\":\"https:\/\/noti-america.com\/site\/ecuador\/2019\/09\/27\/acuerdo-bilateral-de-inversiones-entre-brasil-y-ecuador\/#article\",\"isPartOf\":{\"@id\":\"https:\/\/noti-america.com\/site\/ecuador\/2019\/09\/27\/acuerdo-bilateral-de-inversiones-entre-brasil-y-ecuador\/\"},\"author\":{\"name\":\"Gregory Quintana Montiel\",\"@id\":\"https:\/\/noti-america.com\/site\/ecuador\/#\/schema\/person\/3b975e42f15abfe64bfe3abdd916efda\"},\"headline\":\"Acuerdo Bilateral de Inversiones entre Brasil y Ecuador\",\"datePublished\":\"2019-09-27T02:55:53+00:00\",\"mainEntityOfPage\":{\"@id\":\"https:\/\/noti-america.com\/site\/ecuador\/2019\/09\/27\/acuerdo-bilateral-de-inversiones-entre-brasil-y-ecuador\/\"},\"wordCount\":326,\"commentCount\":0,\"publisher\":{\"@id\":\"https:\/\/noti-america.com\/site\/ecuador\/#organization\"},\"image\":{\"@id\":\"https:\/\/noti-america.com\/site\/ecuador\/2019\/09\/27\/acuerdo-bilateral-de-inversiones-entre-brasil-y-ecuador\/#primaryimage\"},\"thumbnailUrl\":\"https:\/\/noti-america.com\/site\/ecuador\/wp-content\/uploads\/sites\/18\/2019\/09\/Cancilleres-de-Ecuador-y-Brasil-en-firma-de-acuerdo-de-inversi\u00f3nes.jpg\",\"articleSection\":[\"Pol\u00edtica\"],\"inLanguage\":\"es\",\"potentialAction\":[{\"@type\":\"CommentAction\",\"name\":\"Comment\",\"target\":[\"https:\/\/noti-america.com\/site\/ecuador\/2019\/09\/27\/acuerdo-bilateral-de-inversiones-entre-brasil-y-ecuador\/#respond\"]}]},{\"@type\":\"WebPage\",\"@id\":\"https:\/\/noti-america.com\/site\/ecuador\/2019\/09\/27\/acuerdo-bilateral-de-inversiones-entre-brasil-y-ecuador\/\",\"url\":\"https:\/\/noti-america.com\/site\/ecuador\/2019\/09\/27\/acuerdo-bilateral-de-inversiones-entre-brasil-y-ecuador\/\",\"name\":\"Acuerdo Bilateral de Inversiones entre Brasil y Ecuador - Ecuador | Noti-America.com\",\"isPartOf\":{\"@id\":\"https:\/\/noti-america.com\/site\/ecuador\/#website\"},\"primaryImageOfPage\":{\"@id\":\"https:\/\/noti-america.com\/site\/ecuador\/2019\/09\/27\/acuerdo-bilateral-de-inversiones-entre-brasil-y-ecuador\/#primaryimage\"},\"image\":{\"@id\":\"https:\/\/noti-america.com\/site\/ecuador\/2019\/09\/27\/acuerdo-bilateral-de-inversiones-entre-brasil-y-ecuador\/#primaryimage\"},\"thumbnailUrl\":\"https:\/\/noti-america.com\/site\/ecuador\/wp-content\/uploads\/sites\/18\/2019\/09\/Cancilleres-de-Ecuador-y-Brasil-en-firma-de-acuerdo-de-inversi\u00f3nes.jpg\",\"datePublished\":\"2019-09-27T02:55:53+00:00\",\"breadcrumb\":{\"@id\":\"https:\/\/noti-america.com\/site\/ecuador\/2019\/09\/27\/acuerdo-bilateral-de-inversiones-entre-brasil-y-ecuador\/#breadcrumb\"},\"inLanguage\":\"es\",\"potentialAction\":[{\"@type\":\"ReadAction\",\"target\":[\"https:\/\/noti-america.com\/site\/ecuador\/2019\/09\/27\/acuerdo-bilateral-de-inversiones-entre-brasil-y-ecuador\/\"]}]},{\"@type\":\"ImageObject\",\"inLanguage\":\"es\",\"@id\":\"https:\/\/noti-america.com\/site\/ecuador\/2019\/09\/27\/acuerdo-bilateral-de-inversiones-entre-brasil-y-ecuador\/#primaryimage\",\"url\":\"https:\/\/noti-america.com\/site\/ecuador\/wp-content\/uploads\/sites\/18\/2019\/09\/Cancilleres-de-Ecuador-y-Brasil-en-firma-de-acuerdo-de-inversi\u00f3nes.jpg\",\"contentUrl\":\"https:\/\/noti-america.com\/site\/ecuador\/wp-content\/uploads\/sites\/18\/2019\/09\/Cancilleres-de-Ecuador-y-Brasil-en-firma-de-acuerdo-de-inversi\u00f3nes.jpg\",\"width\":680,\"height\":534},{\"@type\":\"BreadcrumbList\",\"@id\":\"https:\/\/noti-america.com\/site\/ecuador\/2019\/09\/27\/acuerdo-bilateral-de-inversiones-entre-brasil-y-ecuador\/#breadcrumb\",\"itemListElement\":[{\"@type\":\"ListItem\",\"position\":1,\"name\":\"Portada\",\"item\":\"https:\/\/noti-america.com\/site\/ecuador\/\"},{\"@type\":\"ListItem\",\"position\":2,\"name\":\"Acuerdo Bilateral de Inversiones entre Brasil y Ecuador\"}]},{\"@type\":\"WebSite\",\"@id\":\"https:\/\/noti-america.com\/site\/ecuador\/#website\",\"url\":\"https:\/\/noti-america.com\/site\/ecuador\/\",\"name\":\"Ecuador | Noti-America.com\",\"description\":\"\",\"publisher\":{\"@id\":\"https:\/\/noti-america.com\/site\/ecuador\/#organization\"},\"potentialAction\":[{\"@type\":\"SearchAction\",\"target\":{\"@type\":\"EntryPoint\",\"urlTemplate\":\"https:\/\/noti-america.com\/site\/ecuador\/?s={search_term_string}\"},\"query-input\":{\"@type\":\"PropertyValueSpecification\",\"valueRequired\":true,\"valueName\":\"search_term_string\"}}],\"inLanguage\":\"es\"},{\"@type\":\"Organization\",\"@id\":\"https:\/\/noti-america.com\/site\/ecuador\/#organization\",\"name\":\"Noti-America LLC | Ecuador\",\"url\":\"https:\/\/noti-america.com\/site\/ecuador\/\",\"logo\":{\"@type\":\"ImageObject\",\"inLanguage\":\"es\",\"@id\":\"https:\/\/noti-america.com\/site\/ecuador\/#\/schema\/logo\/image\/\",\"url\":\"https:\/\/noti-america.com\/site\/ecuador\/wp-content\/uploads\/sites\/18\/2020\/07\/LogoNA-4x3-1.jpg\",\"contentUrl\":\"https:\/\/noti-america.com\/site\/ecuador\/wp-content\/uploads\/sites\/18\/2020\/07\/LogoNA-4x3-1.jpg\",\"width\":1236,\"height\":1080,\"caption\":\"Noti-America LLC | Ecuador\"},\"image\":{\"@id\":\"https:\/\/noti-america.com\/site\/ecuador\/#\/schema\/logo\/image\/\"},\"sameAs\":[\"https:\/\/x.com\/notiamerica\"]},{\"@type\":\"Person\",\"@id\":\"https:\/\/noti-america.com\/site\/ecuador\/#\/schema\/person\/3b975e42f15abfe64bfe3abdd916efda\",\"name\":\"Gregory Quintana Montiel\",\"image\":{\"@type\":\"ImageObject\",\"inLanguage\":\"es\",\"@id\":\"https:\/\/secure.gravatar.com\/avatar\/2d6b802f7720c2ec7744dcbe608cc2f3417aeb964d58b443c6d612b77531de1d?s=96&d=mm&r=g\",\"url\":\"https:\/\/secure.gravatar.com\/avatar\/2d6b802f7720c2ec7744dcbe608cc2f3417aeb964d58b443c6d612b77531de1d?s=96&d=mm&r=g\",\"contentUrl\":\"https:\/\/secure.gravatar.com\/avatar\/2d6b802f7720c2ec7744dcbe608cc2f3417aeb964d58b443c6d612b77531de1d?s=96&d=mm&r=g\",\"caption\":\"Gregory Quintana Montiel\"},\"description\":\"Licenciatura en Ciencias de la Comunicaci\u00f3n Social, egresado en la Especializaci\u00f3n Derecho Ambiental Desarrollo Sostenible y Sustentable, Miembro de la Comunidad de profesionales y experto para Latinoam\u00e9rica y el Caribe en Gesti\u00f3n por Resultado en el Desarrollo (COPLAC - GpRD) del Banco Interamericano de Desarrollo, experiencia en medios radiales y escritos.\",\"sameAs\":[\"https:\/\/x.com\/gdgregori1\",\"gquintana\"],\"url\":\"https:\/\/noti-america.com\/site\/ecuador\/author\/gquintana\/\"}]}<\/script>\n<!-- \/ Yoast SEO Premium plugin. -->","yoast_head_json":{"title":"Acuerdo Bilateral de Inversiones entre Brasil y Ecuador - Ecuador | Noti-America.com","robots":{"index":"index","follow":"follow","max-snippet":"max-snippet:-1","max-image-preview":"max-image-preview:large","max-video-preview":"max-video-preview:-1"},"canonical":"https:\/\/noti-america.com\/site\/ecuador\/2019\/09\/27\/acuerdo-bilateral-de-inversiones-entre-brasil-y-ecuador\/","og_locale":"es_ES","og_type":"article","og_title":"Acuerdo Bilateral de Inversiones entre Brasil y Ecuador","og_description":"REDACCI\u00d3N NOTI-AM\u00c9RICA (ECUADOR) En el marco de la 74\u00ba Asamblea General de Naciones Unidas que se realiza en Nueva York, los cancilleres de Ecuador, Jos\u00e9 Valencia, y de Brasil, Ernesto Ara\u00fajo, suscribieron el \u2018Acuerdo&#46;&#46;&#46;","og_url":"https:\/\/noti-america.com\/site\/ecuador\/2019\/09\/27\/acuerdo-bilateral-de-inversiones-entre-brasil-y-ecuador\/","og_site_name":"Ecuador | Noti-America.com","article_published_time":"2019-09-27T02:55:53+00:00","og_image":[{"width":680,"height":534,"url":"https:\/\/noti-america.com\/site\/ecuador\/wp-content\/uploads\/sites\/18\/2019\/09\/Cancilleres-de-Ecuador-y-Brasil-en-firma-de-acuerdo-de-inversi\u00f3nes.jpg","type":"image\/jpeg"}],"author":"Gregory Quintana Montiel","twitter_card":"summary_large_image","twitter_creator":"@gdgregori1","twitter_site":"@notiamerica","twitter_misc":{"Escrito por":"Gregory Quintana Montiel","Tiempo estimado de lectura":"2 minutos"},"schema":{"@context":"https:\/\/schema.org","@graph":[{"@type":"Article","@id":"https:\/\/noti-america.com\/site\/ecuador\/2019\/09\/27\/acuerdo-bilateral-de-inversiones-entre-brasil-y-ecuador\/#article","isPartOf":{"@id":"https:\/\/noti-america.com\/site\/ecuador\/2019\/09\/27\/acuerdo-bilateral-de-inversiones-entre-brasil-y-ecuador\/"},"author":{"name":"Gregory Quintana Montiel","@id":"https:\/\/noti-america.com\/site\/ecuador\/#\/schema\/person\/3b975e42f15abfe64bfe3abdd916efda"},"headline":"Acuerdo Bilateral de Inversiones entre Brasil y Ecuador","datePublished":"2019-09-27T02:55:53+00:00","mainEntityOfPage":{"@id":"https:\/\/noti-america.com\/site\/ecuador\/2019\/09\/27\/acuerdo-bilateral-de-inversiones-entre-brasil-y-ecuador\/"},"wordCount":326,"commentCount":0,"publisher":{"@id":"https:\/\/noti-america.com\/site\/ecuador\/#organization"},"image":{"@id":"https:\/\/noti-america.com\/site\/ecuador\/2019\/09\/27\/acuerdo-bilateral-de-inversiones-entre-brasil-y-ecuador\/#primaryimage"},"thumbnailUrl":"https:\/\/noti-america.com\/site\/ecuador\/wp-content\/uploads\/sites\/18\/2019\/09\/Cancilleres-de-Ecuador-y-Brasil-en-firma-de-acuerdo-de-inversi\u00f3nes.jpg","articleSection":["Pol\u00edtica"],"inLanguage":"es","potentialAction":[{"@type":"CommentAction","name":"Comment","target":["https:\/\/noti-america.com\/site\/ecuador\/2019\/09\/27\/acuerdo-bilateral-de-inversiones-entre-brasil-y-ecuador\/#respond"]}]},{"@type":"WebPage","@id":"https:\/\/noti-america.com\/site\/ecuador\/2019\/09\/27\/acuerdo-bilateral-de-inversiones-entre-brasil-y-ecuador\/","url":"https:\/\/noti-america.com\/site\/ecuador\/2019\/09\/27\/acuerdo-bilateral-de-inversiones-entre-brasil-y-ecuador\/","name":"Acuerdo Bilateral de Inversiones entre Brasil y Ecuador - Ecuador | Noti-America.com","isPartOf":{"@id":"https:\/\/noti-america.com\/site\/ecuador\/#website"},"primaryImageOfPage":{"@id":"https:\/\/noti-america.com\/site\/ecuador\/2019\/09\/27\/acuerdo-bilateral-de-inversiones-entre-brasil-y-ecuador\/#primaryimage"},"image":{"@id":"https:\/\/noti-america.com\/site\/ecuador\/2019\/09\/27\/acuerdo-bilateral-de-inversiones-entre-brasil-y-ecuador\/#primaryimage"},"thumbnailUrl":"https:\/\/noti-america.com\/site\/ecuador\/wp-content\/uploads\/sites\/18\/2019\/09\/Cancilleres-de-Ecuador-y-Brasil-en-firma-de-acuerdo-de-inversi\u00f3nes.jpg","datePublished":"2019-09-27T02:55:53+00:00","breadcrumb":{"@id":"https:\/\/noti-america.com\/site\/ecuador\/2019\/09\/27\/acuerdo-bilateral-de-inversiones-entre-brasil-y-ecuador\/#breadcrumb"},"inLanguage":"es","potentialAction":[{"@type":"ReadAction","target":["https:\/\/noti-america.com\/site\/ecuador\/2019\/09\/27\/acuerdo-bilateral-de-inversiones-entre-brasil-y-ecuador\/"]}]},{"@type":"ImageObject","inLanguage":"es","@id":"https:\/\/noti-america.com\/site\/ecuador\/2019\/09\/27\/acuerdo-bilateral-de-inversiones-entre-brasil-y-ecuador\/#primaryimage","url":"https:\/\/noti-america.com\/site\/ecuador\/wp-content\/uploads\/sites\/18\/2019\/09\/Cancilleres-de-Ecuador-y-Brasil-en-firma-de-acuerdo-de-inversi\u00f3nes.jpg","contentUrl":"https:\/\/noti-america.com\/site\/ecuador\/wp-content\/uploads\/sites\/18\/2019\/09\/Cancilleres-de-Ecuador-y-Brasil-en-firma-de-acuerdo-de-inversi\u00f3nes.jpg","width":680,"height":534},{"@type":"BreadcrumbList","@id":"https:\/\/noti-america.com\/site\/ecuador\/2019\/09\/27\/acuerdo-bilateral-de-inversiones-entre-brasil-y-ecuador\/#breadcrumb","itemListElement":[{"@type":"ListItem","position":1,"name":"Portada","item":"https:\/\/noti-america.com\/site\/ecuador\/"},{"@type":"ListItem","position":2,"name":"Acuerdo Bilateral de Inversiones entre Brasil y Ecuador"}]},{"@type":"WebSite","@id":"https:\/\/noti-america.com\/site\/ecuador\/#website","url":"https:\/\/noti-america.com\/site\/ecuador\/","name":"Ecuador | Noti-America.com","description":"","publisher":{"@id":"https:\/\/noti-america.com\/site\/ecuador\/#organization"},"potentialAction":[{"@type":"SearchAction","target":{"@type":"EntryPoint","urlTemplate":"https:\/\/noti-america.com\/site\/ecuador\/?s={search_term_string}"},"query-input":{"@type":"PropertyValueSpecification","valueRequired":true,"valueName":"search_term_string"}}],"inLanguage":"es"},{"@type":"Organization","@id":"https:\/\/noti-america.com\/site\/ecuador\/#organization","name":"Noti-America LLC | Ecuador","url":"https:\/\/noti-america.com\/site\/ecuador\/","logo":{"@type":"ImageObject","inLanguage":"es","@id":"https:\/\/noti-america.com\/site\/ecuador\/#\/schema\/logo\/image\/","url":"https:\/\/noti-america.com\/site\/ecuador\/wp-content\/uploads\/sites\/18\/2020\/07\/LogoNA-4x3-1.jpg","contentUrl":"https:\/\/noti-america.com\/site\/ecuador\/wp-content\/uploads\/sites\/18\/2020\/07\/LogoNA-4x3-1.jpg","width":1236,"height":1080,"caption":"Noti-America LLC | Ecuador"},"image":{"@id":"https:\/\/noti-america.com\/site\/ecuador\/#\/schema\/logo\/image\/"},"sameAs":["https:\/\/x.com\/notiamerica"]},{"@type":"Person","@id":"https:\/\/noti-america.com\/site\/ecuador\/#\/schema\/person\/3b975e42f15abfe64bfe3abdd916efda","name":"Gregory Quintana Montiel","image":{"@type":"ImageObject","inLanguage":"es","@id":"https:\/\/secure.gravatar.com\/avatar\/2d6b802f7720c2ec7744dcbe608cc2f3417aeb964d58b443c6d612b77531de1d?s=96&d=mm&r=g","url":"https:\/\/secure.gravatar.com\/avatar\/2d6b802f7720c2ec7744dcbe608cc2f3417aeb964d58b443c6d612b77531de1d?s=96&d=mm&r=g","contentUrl":"https:\/\/secure.gravatar.com\/avatar\/2d6b802f7720c2ec7744dcbe608cc2f3417aeb964d58b443c6d612b77531de1d?s=96&d=mm&r=g","caption":"Gregory Quintana Montiel"},"description":"Licenciatura en Ciencias de la Comunicaci\u00f3n Social, egresado en la Especializaci\u00f3n Derecho Ambiental Desarrollo Sostenible y Sustentable, Miembro de la Comunidad de profesionales y experto para Latinoam\u00e9rica y el Caribe en Gesti\u00f3n por Resultado en el Desarrollo (COPLAC - GpRD) del Banco Interamericano de Desarrollo, experiencia en medios radiales y escritos.","sameAs":["https:\/\/x.com\/gdgregori1","gquintana"],"url":"https:\/\/noti-america.com\/site\/ecuador\/author\/gquintana\/"}]}},"_links":{"self":[{"href":"https:\/\/noti-america.com\/site\/ecuador\/wp-json\/wp\/v2\/posts\/5780","targetHints":{"allow":["GET"]}}],"collection":[{"href":"https:\/\/noti-america.com\/site\/ecuador\/wp-json\/wp\/v2\/posts"}],"about":[{"href":"https:\/\/noti-america.com\/site\/ecuador\/wp-json\/wp\/v2\/types\/post"}],"author":[{"embeddable":true,"href":"https:\/\/noti-america.com\/site\/ecuador\/wp-json\/wp\/v2\/users\/17"}],"replies":[{"embeddable":true,"href":"https:\/\/noti-america.com\/site\/ecuador\/wp-json\/wp\/v2\/comments?post=5780"}],"version-history":[{"count":1,"href":"https:\/\/noti-america.com\/site\/ecuador\/wp-json\/wp\/v2\/posts\/5780\/revisions"}],"predecessor-version":[{"id":5782,"href":"https:\/\/noti-america.com\/site\/ecuador\/wp-json\/wp\/v2\/posts\/5780\/revisions\/5782"}],"wp:featuredmedia":[{"embeddable":true,"href":"https:\/\/noti-america.com\/site\/ecuador\/wp-json\/wp\/v2\/media\/5781"}],"wp:attachment":[{"href":"https:\/\/noti-america.com\/site\/ecuador\/wp-json\/wp\/v2\/media?parent=5780"}],"wp:term":[{"taxonomy":"category","embeddable":true,"href":"https:\/\/noti-america.com\/site\/ecuador\/wp-json\/wp\/v2\/categories?post=5780"},{"taxonomy":"post_tag","embeddable":true,"href":"https:\/\/noti-america.com\/site\/ecuador\/wp-json\/wp\/v2\/tags?post=5780"}],"curies":[{"name":"wp","href":"https:\/\/api.w.org\/{rel}","templated":true}]}}