{"id":5743,"date":"2019-09-25T00:42:52","date_gmt":"2019-09-25T00:42:52","guid":{"rendered":"http:\/\/noti-america.com\/site\/ecuador\/?p=5743"},"modified":"2019-09-25T00:42:52","modified_gmt":"2019-09-25T00:42:52","slug":"moreno-insta-a-los-paises-del-mundo-a-una-mayor-responsabilidad-en-la-lucha-contra-el-cambio-climatico","status":"publish","type":"post","link":"https:\/\/noti-america.com\/site\/ecuador\/2019\/09\/25\/moreno-insta-a-los-paises-del-mundo-a-una-mayor-responsabilidad-en-la-lucha-contra-el-cambio-climatico\/","title":{"rendered":"Moreno insta a los pa\u00edses del mundo a una mayor responsabilidad en la lucha contra el cambio clim\u00e1tico"},"content":{"rendered":"<p>REDACCI\u00d3N NOTI-AM\u00c9RICA (ECUADOR)<\/p>\n<p style=\"text-align: justify\">El incremento de la temperatura de la atm\u00f3sfera terrestre, el deterioro de los glaciares, la afectaci\u00f3n a la Amazon\u00eda, el aumento de fen\u00f3menos agresivos como El Ni\u00f1o y el peligro a las actividades agr\u00edcolas y pesqueras, son algunos de los problemas que el presidente de la Rep\u00fablica, Len\u00edn Moreno, expuso como efectos del cambio clim\u00e1tico durante su intervenci\u00f3n en la \u2018<em>Cumbre sobre Acci\u00f3n Clim\u00e1tica<\/em>\u2019 que se efectu\u00f3 la tarde de este lunes, en el marco de la 74\u00aa Asamblea General de las Naciones Unidas.<\/p>\n<p style=\"text-align: justify\">El Jefe de Estado destac\u00f3 que Ecuador, aunque es un pa\u00eds peque\u00f1o, ha tomado con seriedad la problem\u00e1tica mundial y ha implementado acciones concretas como la ratificaci\u00f3n del Acuerdo de Par\u00eds en 2017. Adem\u00e1s, Ecuador fue la primera naci\u00f3n en utilizar las gu\u00edas acordadas en las negociaciones de la conferencia de las partes realizada en Polonia, en el a\u00f1o 2018, para la presentaci\u00f3n 2020-2025.<\/p>\n<p style=\"text-align: justify\">\u201c<em>Avanzamos a paso firme en la reducci\u00f3n de emisiones por deforestaci\u00f3n y degradaci\u00f3n de bosques. En nuestro Gobierno, hemos reducido la tasa de deforestaci\u00f3n en el 24 % (\u2026) En Ecuador buscamos alcanzar un desarrollo sostenible, absolutamente reducido en emisiones y resiliente al clima (\u2026) Lo hacemos por el mundo, por todos los pueblos hermanos, por esas islas o nevados que pueden desaparecer para siempre y, por supuesto, lo hacemos por nuestros hijos y por nuestros nietos\u201d,\u00a0<\/em>acot\u00f3.<\/p>\n<p style=\"text-align: justify\">El Mandatario puntualiz\u00f3 que el compromiso clim\u00e1tico de Ecuador est\u00e1 alineado con la Agenda de Desarrollo Sostenible de la Organizaci\u00f3n de las Naciones Unidas (ONU); adem\u00e1s, la iniciativa emblem\u00e1tica de Gobierno \u2018Plan Toda Una Vida\u2019 prioriza su accionar en esta materia. Record\u00f3 que la propia Constituci\u00f3n ecuatoriana reconoce a la naturaleza como sujeto de derechos, lo que significa respetarla de manera integral y restaurarla, en caso de degradaci\u00f3n o contaminaci\u00f3n.<\/p>\n<p style=\"text-align: justify\">El Presidente resalt\u00f3 los 5 mil eventos efectuados por j\u00f3venes con el objetivo de alertar sobre los riesgos del cambio clim\u00e1tico, realizados esta semana en 160 pa\u00edses. En este contexto el Mandatario solicit\u00f3 a todas las naciones, principalmente a las m\u00e1s desarrolladas, a tener una mayor responsabilidad en la lucha mundial contra el cambio clim\u00e1tico.<\/p>\n<p style=\"text-align: justify\">\u201c<em>Hermanos del mundo, en esta incansable tarea de luchar contra el cambio clim\u00e1tico, es hora de aportar todos, sin excepciones. Hacemos un llamado a los pa\u00edses a elevar sus compromisos con el Fondo llamado Verde para el clima, durante ese proceso de recapitalizaci\u00f3n (\u2026) Siempre hemos dicho que hay que preservar el planeta que dejaremos a nuestros hijos\u201d,<\/em>\u00a0concluy\u00f3.<\/p>\n","protected":false},"excerpt":{"rendered":"<p>REDACCI\u00d3N NOTI-AM\u00c9RICA (ECUADOR) El incremento de la temperatura de la atm\u00f3sfera terrestre, el deterioro de los glaciares, la afectaci\u00f3n a la Amazon\u00eda, el aumento de fen\u00f3menos agresivos como El Ni\u00f1o y el peligro a&#46;&#46;&#46;<\/p>\n","protected":false},"author":17,"featured_media":5744,"comment_status":"open","ping_status":"open","sticky":false,"template":"","format":"standard","meta":{"_acf_changed":false,"om_disable_all_campaigns":false,"rop_custom_images_group":[],"rop_custom_messages_group":[],"rop_publish_now":"initial","rop_publish_now_accounts":{"twitter_242054905_242054905":""},"rop_publish_now_history":[],"rop_publish_now_status":"pending","_uf_show_specific_survey":0,"_uf_disable_surveys":false,"footnotes":""},"categories":[79],"tags":[],"class_list":["post-5743","post","type-post","status-publish","format-standard","has-post-thumbnail","hentry","category-ambiental"],"acf":[],"aioseo_notices":[],"yoast_head":"<!-- This site is optimized with the Yoast SEO Premium plugin v24.9 (Yoast SEO v27.2) - https:\/\/yoast.com\/product\/yoast-seo-premium-wordpress\/ -->\n<title>Moreno insta a los pa\u00edses del mundo a una mayor responsabilidad en la lucha contra el cambio clim\u00e1tico - Ecuador | Noti-America.com<\/title>\n<meta name=\"robots\" content=\"index, follow, max-snippet:-1, max-image-preview:large, max-video-preview:-1\" \/>\n<link rel=\"canonical\" href=\"https:\/\/noti-america.com\/site\/ecuador\/2019\/09\/25\/moreno-insta-a-los-paises-del-mundo-a-una-mayor-responsabilidad-en-la-lucha-contra-el-cambio-climatico\/\" \/>\n<meta property=\"og:locale\" content=\"es_ES\" \/>\n<meta property=\"og:type\" content=\"article\" \/>\n<meta property=\"og:title\" content=\"Moreno insta a los pa\u00edses del mundo a una mayor responsabilidad en la lucha contra el cambio clim\u00e1tico\" \/>\n<meta property=\"og:description\" content=\"REDACCI\u00d3N NOTI-AM\u00c9RICA (ECUADOR) El incremento de la temperatura de la atm\u00f3sfera terrestre, el deterioro de los glaciares, la afectaci\u00f3n a la Amazon\u00eda, el aumento de fen\u00f3menos agresivos como El Ni\u00f1o y el peligro a&#046;&#046;&#046;\" \/>\n<meta property=\"og:url\" content=\"https:\/\/noti-america.com\/site\/ecuador\/2019\/09\/25\/moreno-insta-a-los-paises-del-mundo-a-una-mayor-responsabilidad-en-la-lucha-contra-el-cambio-climatico\/\" \/>\n<meta property=\"og:site_name\" content=\"Ecuador | Noti-America.com\" \/>\n<meta property=\"article:published_time\" content=\"2019-09-25T00:42:52+00:00\" \/>\n<meta property=\"og:image\" content=\"https:\/\/noti-america.com\/site\/ecuador\/wp-content\/uploads\/sites\/18\/2019\/09\/Presidente-Moreno-en-la-asamblea-de-la-ONU.png\" \/>\n\t<meta property=\"og:image:width\" content=\"1039\" \/>\n\t<meta property=\"og:image:height\" content=\"684\" \/>\n\t<meta property=\"og:image:type\" content=\"image\/png\" \/>\n<meta name=\"author\" content=\"Gregory Quintana Montiel\" \/>\n<meta name=\"twitter:card\" content=\"summary_large_image\" \/>\n<meta name=\"twitter:creator\" content=\"@gdgregori1\" \/>\n<meta name=\"twitter:site\" content=\"@notiamerica\" \/>\n<meta name=\"twitter:label1\" content=\"Escrito por\" \/>\n\t<meta name=\"twitter:data1\" content=\"Gregory Quintana Montiel\" \/>\n\t<meta name=\"twitter:label2\" content=\"Tiempo estimado de lectura\" \/>\n\t<meta name=\"twitter:data2\" content=\"2 minutos\" \/>\n<script type=\"application\/ld+json\" class=\"yoast-schema-graph\">{\"@context\":\"https:\/\/schema.org\",\"@graph\":[{\"@type\":\"Article\",\"@id\":\"https:\/\/noti-america.com\/site\/ecuador\/2019\/09\/25\/moreno-insta-a-los-paises-del-mundo-a-una-mayor-responsabilidad-en-la-lucha-contra-el-cambio-climatico\/#article\",\"isPartOf\":{\"@id\":\"https:\/\/noti-america.com\/site\/ecuador\/2019\/09\/25\/moreno-insta-a-los-paises-del-mundo-a-una-mayor-responsabilidad-en-la-lucha-contra-el-cambio-climatico\/\"},\"author\":{\"name\":\"Gregory Quintana Montiel\",\"@id\":\"https:\/\/noti-america.com\/site\/ecuador\/#\/schema\/person\/3b975e42f15abfe64bfe3abdd916efda\"},\"headline\":\"Moreno insta a los pa\u00edses del mundo a una mayor responsabilidad en la lucha contra el cambio clim\u00e1tico\",\"datePublished\":\"2019-09-25T00:42:52+00:00\",\"mainEntityOfPage\":{\"@id\":\"https:\/\/noti-america.com\/site\/ecuador\/2019\/09\/25\/moreno-insta-a-los-paises-del-mundo-a-una-mayor-responsabilidad-en-la-lucha-contra-el-cambio-climatico\/\"},\"wordCount\":466,\"commentCount\":0,\"publisher\":{\"@id\":\"https:\/\/noti-america.com\/site\/ecuador\/#organization\"},\"image\":{\"@id\":\"https:\/\/noti-america.com\/site\/ecuador\/2019\/09\/25\/moreno-insta-a-los-paises-del-mundo-a-una-mayor-responsabilidad-en-la-lucha-contra-el-cambio-climatico\/#primaryimage\"},\"thumbnailUrl\":\"https:\/\/noti-america.com\/site\/ecuador\/wp-content\/uploads\/sites\/18\/2019\/09\/Presidente-Moreno-en-la-asamblea-de-la-ONU.png\",\"articleSection\":[\"Ambiental\"],\"inLanguage\":\"es\",\"potentialAction\":[{\"@type\":\"CommentAction\",\"name\":\"Comment\",\"target\":[\"https:\/\/noti-america.com\/site\/ecuador\/2019\/09\/25\/moreno-insta-a-los-paises-del-mundo-a-una-mayor-responsabilidad-en-la-lucha-contra-el-cambio-climatico\/#respond\"]}]},{\"@type\":\"WebPage\",\"@id\":\"https:\/\/noti-america.com\/site\/ecuador\/2019\/09\/25\/moreno-insta-a-los-paises-del-mundo-a-una-mayor-responsabilidad-en-la-lucha-contra-el-cambio-climatico\/\",\"url\":\"https:\/\/noti-america.com\/site\/ecuador\/2019\/09\/25\/moreno-insta-a-los-paises-del-mundo-a-una-mayor-responsabilidad-en-la-lucha-contra-el-cambio-climatico\/\",\"name\":\"Moreno insta a los pa\u00edses del mundo a una mayor responsabilidad en la lucha contra el cambio clim\u00e1tico - Ecuador | Noti-America.com\",\"isPartOf\":{\"@id\":\"https:\/\/noti-america.com\/site\/ecuador\/#website\"},\"primaryImageOfPage\":{\"@id\":\"https:\/\/noti-america.com\/site\/ecuador\/2019\/09\/25\/moreno-insta-a-los-paises-del-mundo-a-una-mayor-responsabilidad-en-la-lucha-contra-el-cambio-climatico\/#primaryimage\"},\"image\":{\"@id\":\"https:\/\/noti-america.com\/site\/ecuador\/2019\/09\/25\/moreno-insta-a-los-paises-del-mundo-a-una-mayor-responsabilidad-en-la-lucha-contra-el-cambio-climatico\/#primaryimage\"},\"thumbnailUrl\":\"https:\/\/noti-america.com\/site\/ecuador\/wp-content\/uploads\/sites\/18\/2019\/09\/Presidente-Moreno-en-la-asamblea-de-la-ONU.png\",\"datePublished\":\"2019-09-25T00:42:52+00:00\",\"breadcrumb\":{\"@id\":\"https:\/\/noti-america.com\/site\/ecuador\/2019\/09\/25\/moreno-insta-a-los-paises-del-mundo-a-una-mayor-responsabilidad-en-la-lucha-contra-el-cambio-climatico\/#breadcrumb\"},\"inLanguage\":\"es\",\"potentialAction\":[{\"@type\":\"ReadAction\",\"target\":[\"https:\/\/noti-america.com\/site\/ecuador\/2019\/09\/25\/moreno-insta-a-los-paises-del-mundo-a-una-mayor-responsabilidad-en-la-lucha-contra-el-cambio-climatico\/\"]}]},{\"@type\":\"ImageObject\",\"inLanguage\":\"es\",\"@id\":\"https:\/\/noti-america.com\/site\/ecuador\/2019\/09\/25\/moreno-insta-a-los-paises-del-mundo-a-una-mayor-responsabilidad-en-la-lucha-contra-el-cambio-climatico\/#primaryimage\",\"url\":\"https:\/\/noti-america.com\/site\/ecuador\/wp-content\/uploads\/sites\/18\/2019\/09\/Presidente-Moreno-en-la-asamblea-de-la-ONU.png\",\"contentUrl\":\"https:\/\/noti-america.com\/site\/ecuador\/wp-content\/uploads\/sites\/18\/2019\/09\/Presidente-Moreno-en-la-asamblea-de-la-ONU.png\",\"width\":1039,\"height\":684},{\"@type\":\"BreadcrumbList\",\"@id\":\"https:\/\/noti-america.com\/site\/ecuador\/2019\/09\/25\/moreno-insta-a-los-paises-del-mundo-a-una-mayor-responsabilidad-en-la-lucha-contra-el-cambio-climatico\/#breadcrumb\",\"itemListElement\":[{\"@type\":\"ListItem\",\"position\":1,\"name\":\"Portada\",\"item\":\"https:\/\/noti-america.com\/site\/ecuador\/\"},{\"@type\":\"ListItem\",\"position\":2,\"name\":\"Moreno insta a los pa\u00edses del mundo a una mayor responsabilidad en la lucha contra el cambio clim\u00e1tico\"}]},{\"@type\":\"WebSite\",\"@id\":\"https:\/\/noti-america.com\/site\/ecuador\/#website\",\"url\":\"https:\/\/noti-america.com\/site\/ecuador\/\",\"name\":\"Ecuador | Noti-America.com\",\"description\":\"\",\"publisher\":{\"@id\":\"https:\/\/noti-america.com\/site\/ecuador\/#organization\"},\"potentialAction\":[{\"@type\":\"SearchAction\",\"target\":{\"@type\":\"EntryPoint\",\"urlTemplate\":\"https:\/\/noti-america.com\/site\/ecuador\/?s={search_term_string}\"},\"query-input\":{\"@type\":\"PropertyValueSpecification\",\"valueRequired\":true,\"valueName\":\"search_term_string\"}}],\"inLanguage\":\"es\"},{\"@type\":\"Organization\",\"@id\":\"https:\/\/noti-america.com\/site\/ecuador\/#organization\",\"name\":\"Noti-America LLC | Ecuador\",\"url\":\"https:\/\/noti-america.com\/site\/ecuador\/\",\"logo\":{\"@type\":\"ImageObject\",\"inLanguage\":\"es\",\"@id\":\"https:\/\/noti-america.com\/site\/ecuador\/#\/schema\/logo\/image\/\",\"url\":\"https:\/\/noti-america.com\/site\/ecuador\/wp-content\/uploads\/sites\/18\/2020\/07\/LogoNA-4x3-1.jpg\",\"contentUrl\":\"https:\/\/noti-america.com\/site\/ecuador\/wp-content\/uploads\/sites\/18\/2020\/07\/LogoNA-4x3-1.jpg\",\"width\":1236,\"height\":1080,\"caption\":\"Noti-America LLC | Ecuador\"},\"image\":{\"@id\":\"https:\/\/noti-america.com\/site\/ecuador\/#\/schema\/logo\/image\/\"},\"sameAs\":[\"https:\/\/x.com\/notiamerica\"]},{\"@type\":\"Person\",\"@id\":\"https:\/\/noti-america.com\/site\/ecuador\/#\/schema\/person\/3b975e42f15abfe64bfe3abdd916efda\",\"name\":\"Gregory Quintana Montiel\",\"image\":{\"@type\":\"ImageObject\",\"inLanguage\":\"es\",\"@id\":\"https:\/\/secure.gravatar.com\/avatar\/2d6b802f7720c2ec7744dcbe608cc2f3417aeb964d58b443c6d612b77531de1d?s=96&d=mm&r=g\",\"url\":\"https:\/\/secure.gravatar.com\/avatar\/2d6b802f7720c2ec7744dcbe608cc2f3417aeb964d58b443c6d612b77531de1d?s=96&d=mm&r=g\",\"contentUrl\":\"https:\/\/secure.gravatar.com\/avatar\/2d6b802f7720c2ec7744dcbe608cc2f3417aeb964d58b443c6d612b77531de1d?s=96&d=mm&r=g\",\"caption\":\"Gregory Quintana Montiel\"},\"description\":\"Licenciatura en Ciencias de la Comunicaci\u00f3n Social, egresado en la Especializaci\u00f3n Derecho Ambiental Desarrollo Sostenible y Sustentable, Miembro de la Comunidad de profesionales y experto para Latinoam\u00e9rica y el Caribe en Gesti\u00f3n por Resultado en el Desarrollo (COPLAC - GpRD) del Banco Interamericano de Desarrollo, experiencia en medios radiales y escritos.\",\"sameAs\":[\"https:\/\/x.com\/gdgregori1\",\"gquintana\"],\"url\":\"https:\/\/noti-america.com\/site\/ecuador\/author\/gquintana\/\"}]}<\/script>\n<!-- \/ Yoast SEO Premium plugin. -->","yoast_head_json":{"title":"Moreno insta a los pa\u00edses del mundo a una mayor responsabilidad en la lucha contra el cambio clim\u00e1tico - Ecuador | Noti-America.com","robots":{"index":"index","follow":"follow","max-snippet":"max-snippet:-1","max-image-preview":"max-image-preview:large","max-video-preview":"max-video-preview:-1"},"canonical":"https:\/\/noti-america.com\/site\/ecuador\/2019\/09\/25\/moreno-insta-a-los-paises-del-mundo-a-una-mayor-responsabilidad-en-la-lucha-contra-el-cambio-climatico\/","og_locale":"es_ES","og_type":"article","og_title":"Moreno insta a los pa\u00edses del mundo a una mayor responsabilidad en la lucha contra el cambio clim\u00e1tico","og_description":"REDACCI\u00d3N NOTI-AM\u00c9RICA (ECUADOR) El incremento de la temperatura de la atm\u00f3sfera terrestre, el deterioro de los glaciares, la afectaci\u00f3n a la Amazon\u00eda, el aumento de fen\u00f3menos agresivos como El Ni\u00f1o y el peligro a&#46;&#46;&#46;","og_url":"https:\/\/noti-america.com\/site\/ecuador\/2019\/09\/25\/moreno-insta-a-los-paises-del-mundo-a-una-mayor-responsabilidad-en-la-lucha-contra-el-cambio-climatico\/","og_site_name":"Ecuador | Noti-America.com","article_published_time":"2019-09-25T00:42:52+00:00","og_image":[{"width":1039,"height":684,"url":"https:\/\/noti-america.com\/site\/ecuador\/wp-content\/uploads\/sites\/18\/2019\/09\/Presidente-Moreno-en-la-asamblea-de-la-ONU.png","type":"image\/png"}],"author":"Gregory Quintana Montiel","twitter_card":"summary_large_image","twitter_creator":"@gdgregori1","twitter_site":"@notiamerica","twitter_misc":{"Escrito por":"Gregory Quintana Montiel","Tiempo estimado de lectura":"2 minutos"},"schema":{"@context":"https:\/\/schema.org","@graph":[{"@type":"Article","@id":"https:\/\/noti-america.com\/site\/ecuador\/2019\/09\/25\/moreno-insta-a-los-paises-del-mundo-a-una-mayor-responsabilidad-en-la-lucha-contra-el-cambio-climatico\/#article","isPartOf":{"@id":"https:\/\/noti-america.com\/site\/ecuador\/2019\/09\/25\/moreno-insta-a-los-paises-del-mundo-a-una-mayor-responsabilidad-en-la-lucha-contra-el-cambio-climatico\/"},"author":{"name":"Gregory Quintana Montiel","@id":"https:\/\/noti-america.com\/site\/ecuador\/#\/schema\/person\/3b975e42f15abfe64bfe3abdd916efda"},"headline":"Moreno insta a los pa\u00edses del mundo a una mayor responsabilidad en la lucha contra el cambio clim\u00e1tico","datePublished":"2019-09-25T00:42:52+00:00","mainEntityOfPage":{"@id":"https:\/\/noti-america.com\/site\/ecuador\/2019\/09\/25\/moreno-insta-a-los-paises-del-mundo-a-una-mayor-responsabilidad-en-la-lucha-contra-el-cambio-climatico\/"},"wordCount":466,"commentCount":0,"publisher":{"@id":"https:\/\/noti-america.com\/site\/ecuador\/#organization"},"image":{"@id":"https:\/\/noti-america.com\/site\/ecuador\/2019\/09\/25\/moreno-insta-a-los-paises-del-mundo-a-una-mayor-responsabilidad-en-la-lucha-contra-el-cambio-climatico\/#primaryimage"},"thumbnailUrl":"https:\/\/noti-america.com\/site\/ecuador\/wp-content\/uploads\/sites\/18\/2019\/09\/Presidente-Moreno-en-la-asamblea-de-la-ONU.png","articleSection":["Ambiental"],"inLanguage":"es","potentialAction":[{"@type":"CommentAction","name":"Comment","target":["https:\/\/noti-america.com\/site\/ecuador\/2019\/09\/25\/moreno-insta-a-los-paises-del-mundo-a-una-mayor-responsabilidad-en-la-lucha-contra-el-cambio-climatico\/#respond"]}]},{"@type":"WebPage","@id":"https:\/\/noti-america.com\/site\/ecuador\/2019\/09\/25\/moreno-insta-a-los-paises-del-mundo-a-una-mayor-responsabilidad-en-la-lucha-contra-el-cambio-climatico\/","url":"https:\/\/noti-america.com\/site\/ecuador\/2019\/09\/25\/moreno-insta-a-los-paises-del-mundo-a-una-mayor-responsabilidad-en-la-lucha-contra-el-cambio-climatico\/","name":"Moreno insta a los pa\u00edses del mundo a una mayor responsabilidad en la lucha contra el cambio clim\u00e1tico - Ecuador | Noti-America.com","isPartOf":{"@id":"https:\/\/noti-america.com\/site\/ecuador\/#website"},"primaryImageOfPage":{"@id":"https:\/\/noti-america.com\/site\/ecuador\/2019\/09\/25\/moreno-insta-a-los-paises-del-mundo-a-una-mayor-responsabilidad-en-la-lucha-contra-el-cambio-climatico\/#primaryimage"},"image":{"@id":"https:\/\/noti-america.com\/site\/ecuador\/2019\/09\/25\/moreno-insta-a-los-paises-del-mundo-a-una-mayor-responsabilidad-en-la-lucha-contra-el-cambio-climatico\/#primaryimage"},"thumbnailUrl":"https:\/\/noti-america.com\/site\/ecuador\/wp-content\/uploads\/sites\/18\/2019\/09\/Presidente-Moreno-en-la-asamblea-de-la-ONU.png","datePublished":"2019-09-25T00:42:52+00:00","breadcrumb":{"@id":"https:\/\/noti-america.com\/site\/ecuador\/2019\/09\/25\/moreno-insta-a-los-paises-del-mundo-a-una-mayor-responsabilidad-en-la-lucha-contra-el-cambio-climatico\/#breadcrumb"},"inLanguage":"es","potentialAction":[{"@type":"ReadAction","target":["https:\/\/noti-america.com\/site\/ecuador\/2019\/09\/25\/moreno-insta-a-los-paises-del-mundo-a-una-mayor-responsabilidad-en-la-lucha-contra-el-cambio-climatico\/"]}]},{"@type":"ImageObject","inLanguage":"es","@id":"https:\/\/noti-america.com\/site\/ecuador\/2019\/09\/25\/moreno-insta-a-los-paises-del-mundo-a-una-mayor-responsabilidad-en-la-lucha-contra-el-cambio-climatico\/#primaryimage","url":"https:\/\/noti-america.com\/site\/ecuador\/wp-content\/uploads\/sites\/18\/2019\/09\/Presidente-Moreno-en-la-asamblea-de-la-ONU.png","contentUrl":"https:\/\/noti-america.com\/site\/ecuador\/wp-content\/uploads\/sites\/18\/2019\/09\/Presidente-Moreno-en-la-asamblea-de-la-ONU.png","width":1039,"height":684},{"@type":"BreadcrumbList","@id":"https:\/\/noti-america.com\/site\/ecuador\/2019\/09\/25\/moreno-insta-a-los-paises-del-mundo-a-una-mayor-responsabilidad-en-la-lucha-contra-el-cambio-climatico\/#breadcrumb","itemListElement":[{"@type":"ListItem","position":1,"name":"Portada","item":"https:\/\/noti-america.com\/site\/ecuador\/"},{"@type":"ListItem","position":2,"name":"Moreno insta a los pa\u00edses del mundo a una mayor responsabilidad en la lucha contra el cambio clim\u00e1tico"}]},{"@type":"WebSite","@id":"https:\/\/noti-america.com\/site\/ecuador\/#website","url":"https:\/\/noti-america.com\/site\/ecuador\/","name":"Ecuador | Noti-America.com","description":"","publisher":{"@id":"https:\/\/noti-america.com\/site\/ecuador\/#organization"},"potentialAction":[{"@type":"SearchAction","target":{"@type":"EntryPoint","urlTemplate":"https:\/\/noti-america.com\/site\/ecuador\/?s={search_term_string}"},"query-input":{"@type":"PropertyValueSpecification","valueRequired":true,"valueName":"search_term_string"}}],"inLanguage":"es"},{"@type":"Organization","@id":"https:\/\/noti-america.com\/site\/ecuador\/#organization","name":"Noti-America LLC | Ecuador","url":"https:\/\/noti-america.com\/site\/ecuador\/","logo":{"@type":"ImageObject","inLanguage":"es","@id":"https:\/\/noti-america.com\/site\/ecuador\/#\/schema\/logo\/image\/","url":"https:\/\/noti-america.com\/site\/ecuador\/wp-content\/uploads\/sites\/18\/2020\/07\/LogoNA-4x3-1.jpg","contentUrl":"https:\/\/noti-america.com\/site\/ecuador\/wp-content\/uploads\/sites\/18\/2020\/07\/LogoNA-4x3-1.jpg","width":1236,"height":1080,"caption":"Noti-America LLC | Ecuador"},"image":{"@id":"https:\/\/noti-america.com\/site\/ecuador\/#\/schema\/logo\/image\/"},"sameAs":["https:\/\/x.com\/notiamerica"]},{"@type":"Person","@id":"https:\/\/noti-america.com\/site\/ecuador\/#\/schema\/person\/3b975e42f15abfe64bfe3abdd916efda","name":"Gregory Quintana Montiel","image":{"@type":"ImageObject","inLanguage":"es","@id":"https:\/\/secure.gravatar.com\/avatar\/2d6b802f7720c2ec7744dcbe608cc2f3417aeb964d58b443c6d612b77531de1d?s=96&d=mm&r=g","url":"https:\/\/secure.gravatar.com\/avatar\/2d6b802f7720c2ec7744dcbe608cc2f3417aeb964d58b443c6d612b77531de1d?s=96&d=mm&r=g","contentUrl":"https:\/\/secure.gravatar.com\/avatar\/2d6b802f7720c2ec7744dcbe608cc2f3417aeb964d58b443c6d612b77531de1d?s=96&d=mm&r=g","caption":"Gregory Quintana Montiel"},"description":"Licenciatura en Ciencias de la Comunicaci\u00f3n Social, egresado en la Especializaci\u00f3n Derecho Ambiental Desarrollo Sostenible y Sustentable, Miembro de la Comunidad de profesionales y experto para Latinoam\u00e9rica y el Caribe en Gesti\u00f3n por Resultado en el Desarrollo (COPLAC - GpRD) del Banco Interamericano de Desarrollo, experiencia en medios radiales y escritos.","sameAs":["https:\/\/x.com\/gdgregori1","gquintana"],"url":"https:\/\/noti-america.com\/site\/ecuador\/author\/gquintana\/"}]}},"_links":{"self":[{"href":"https:\/\/noti-america.com\/site\/ecuador\/wp-json\/wp\/v2\/posts\/5743","targetHints":{"allow":["GET"]}}],"collection":[{"href":"https:\/\/noti-america.com\/site\/ecuador\/wp-json\/wp\/v2\/posts"}],"about":[{"href":"https:\/\/noti-america.com\/site\/ecuador\/wp-json\/wp\/v2\/types\/post"}],"author":[{"embeddable":true,"href":"https:\/\/noti-america.com\/site\/ecuador\/wp-json\/wp\/v2\/users\/17"}],"replies":[{"embeddable":true,"href":"https:\/\/noti-america.com\/site\/ecuador\/wp-json\/wp\/v2\/comments?post=5743"}],"version-history":[{"count":1,"href":"https:\/\/noti-america.com\/site\/ecuador\/wp-json\/wp\/v2\/posts\/5743\/revisions"}],"predecessor-version":[{"id":5745,"href":"https:\/\/noti-america.com\/site\/ecuador\/wp-json\/wp\/v2\/posts\/5743\/revisions\/5745"}],"wp:featuredmedia":[{"embeddable":true,"href":"https:\/\/noti-america.com\/site\/ecuador\/wp-json\/wp\/v2\/media\/5744"}],"wp:attachment":[{"href":"https:\/\/noti-america.com\/site\/ecuador\/wp-json\/wp\/v2\/media?parent=5743"}],"wp:term":[{"taxonomy":"category","embeddable":true,"href":"https:\/\/noti-america.com\/site\/ecuador\/wp-json\/wp\/v2\/categories?post=5743"},{"taxonomy":"post_tag","embeddable":true,"href":"https:\/\/noti-america.com\/site\/ecuador\/wp-json\/wp\/v2\/tags?post=5743"}],"curies":[{"name":"wp","href":"https:\/\/api.w.org\/{rel}","templated":true}]}}