{"id":5732,"date":"2019-09-24T05:13:27","date_gmt":"2019-09-24T05:13:27","guid":{"rendered":"http:\/\/noti-america.com\/site\/ecuador\/?p=5732"},"modified":"2019-09-24T05:13:27","modified_gmt":"2019-09-24T05:13:27","slug":"pescadores-artesanales-se-capacitan-en-temas-de-seguridad-maritima","status":"publish","type":"post","link":"https:\/\/noti-america.com\/site\/ecuador\/2019\/09\/24\/pescadores-artesanales-se-capacitan-en-temas-de-seguridad-maritima\/","title":{"rendered":"Pescadores artesanales se capacitan en temas de seguridad mar\u00edtima"},"content":{"rendered":"<p><img loading=\"lazy\" decoding=\"async\" class=\" wp-image-5733 alignleft\" src=\"http:\/\/noti-america.com\/site\/ecuador\/wp-content\/uploads\/sites\/18\/2019\/09\/Capacitaci\u00f3n_Pescadores_02-e1569301857620-300x194.jpeg\" alt=\"\" width=\"430\" height=\"278\" srcset=\"https:\/\/noti-america.com\/site\/ecuador\/wp-content\/uploads\/sites\/18\/2019\/09\/Capacitaci\u00f3n_Pescadores_02-e1569301857620-300x194.jpeg 300w, https:\/\/noti-america.com\/site\/ecuador\/wp-content\/uploads\/sites\/18\/2019\/09\/Capacitaci\u00f3n_Pescadores_02-e1569301857620-768x497.jpeg 768w, https:\/\/noti-america.com\/site\/ecuador\/wp-content\/uploads\/sites\/18\/2019\/09\/Capacitaci\u00f3n_Pescadores_02-e1569301857620-1024x663.jpeg 1024w, https:\/\/noti-america.com\/site\/ecuador\/wp-content\/uploads\/sites\/18\/2019\/09\/Capacitaci\u00f3n_Pescadores_02-e1569301857620.jpeg 1072w\" sizes=\"auto, (max-width: 430px) 100vw, 430px\" \/><\/p>\n<p style=\"text-align: justify\">Cuarenta y cuatro pescadores artesanales fueron capacitados mediante el curso \u2018B\u00e1sico de seguridad a bordo y supervivencia en la mar\u2019, en la parroquia Santa Rosa, provincia de Santa Elena.<\/p>\n<p style=\"text-align: justify\">La instrucci\u00f3n, que estuvo a cargo de la Armada del Ecuador a trav\u00e9s de la Direcci\u00f3n Regional de los Espacios Acu\u00e1ticos de Santa Elena y la Escuela de la Marina Mercante Nacional (Esmena).<\/p>\n<p style=\"text-align: justify\">El taller se lo desarroll\u00f3 los pasados d\u00edas 21 y 22 de septiembre en el local de la Cooperativa de Producci\u00f3n Pesquera Artesanal \u2018Santa Rosa de Salinas\u2019.<\/p>\n<p style=\"text-align: justify\">Los artesanos del mar prendieron sobre t\u00e9cnicas de supervivencia mar\u00edtima, control de la contaminaci\u00f3n, principios b\u00e1sicos de navegaci\u00f3n, primeros auxilios; y, prevenci\u00f3n y lucha contra incendios.<\/p>\n<p style=\"text-align: justify\">Cicer\u00f3n Guill\u00e9n Baus, instructor de la Esmena, manifest\u00f3 que, de esta manera, la Armada cumple con su funci\u00f3n de salvaguardar la vida humana en el mar, preparando y regularizando a los pescadores para que obtengan sus matr\u00edculas y puedan ejercer sus actividades con total normalidad.<\/p>\n","protected":false},"excerpt":{"rendered":"<p>Cuarenta y cuatro pescadores artesanales fueron capacitados mediante el curso \u2018B\u00e1sico de seguridad a bordo y supervivencia en la mar\u2019, en la parroquia Santa Rosa, provincia de Santa Elena. La instrucci\u00f3n, que estuvo a&#46;&#46;&#46;<\/p>\n","protected":false},"author":54,"featured_media":5734,"comment_status":"open","ping_status":"open","sticky":false,"template":"","format":"standard","meta":{"_acf_changed":false,"om_disable_all_campaigns":false,"rop_custom_images_group":[],"rop_custom_messages_group":[],"rop_publish_now":"initial","rop_publish_now_accounts":{"twitter_242054905_242054905":""},"rop_publish_now_history":[],"rop_publish_now_status":"pending","_uf_show_specific_survey":0,"_uf_disable_surveys":false,"footnotes":""},"categories":[109],"tags":[],"class_list":["post-5732","post","type-post","status-publish","format-standard","has-post-thumbnail","hentry","category-seguridad"],"acf":[],"aioseo_notices":[],"yoast_head":"<!-- This site is optimized with the Yoast SEO Premium plugin v24.9 (Yoast SEO v27.2) - https:\/\/yoast.com\/product\/yoast-seo-premium-wordpress\/ -->\n<title>Pescadores artesanales se capacitan en temas de seguridad mar\u00edtima - Ecuador | Noti-America.com<\/title>\n<meta name=\"robots\" content=\"index, follow, max-snippet:-1, max-image-preview:large, max-video-preview:-1\" \/>\n<link rel=\"canonical\" href=\"https:\/\/noti-america.com\/site\/ecuador\/2019\/09\/24\/pescadores-artesanales-se-capacitan-en-temas-de-seguridad-maritima\/\" \/>\n<meta property=\"og:locale\" content=\"es_ES\" \/>\n<meta property=\"og:type\" content=\"article\" \/>\n<meta property=\"og:title\" content=\"Pescadores artesanales se capacitan en temas de seguridad mar\u00edtima\" \/>\n<meta property=\"og:description\" content=\"Cuarenta y cuatro pescadores artesanales fueron capacitados mediante el curso \u2018B\u00e1sico de seguridad a bordo y supervivencia en la mar\u2019, en la parroquia Santa Rosa, provincia de Santa Elena. La instrucci\u00f3n, que estuvo a&#046;&#046;&#046;\" \/>\n<meta property=\"og:url\" content=\"https:\/\/noti-america.com\/site\/ecuador\/2019\/09\/24\/pescadores-artesanales-se-capacitan-en-temas-de-seguridad-maritima\/\" \/>\n<meta property=\"og:site_name\" content=\"Ecuador | Noti-America.com\" \/>\n<meta property=\"article:author\" content=\"https:\/\/www.facebook.com\/geojuradopuente\" \/>\n<meta property=\"article:published_time\" content=\"2019-09-24T05:13:27+00:00\" \/>\n<meta property=\"og:image\" content=\"https:\/\/noti-america.com\/site\/ecuador\/wp-content\/uploads\/sites\/18\/2019\/09\/Capacitaci\u00f3n_Pescadores_02-1-e1569301984874.jpeg\" \/>\n\t<meta property=\"og:image:width\" content=\"979\" \/>\n\t<meta property=\"og:image:height\" content=\"675\" \/>\n\t<meta property=\"og:image:type\" content=\"image\/jpeg\" \/>\n<meta name=\"author\" content=\"Mgtr. Geovanny Jurado Puente\" \/>\n<meta name=\"twitter:card\" content=\"summary_large_image\" \/>\n<meta name=\"twitter:creator\" content=\"@GeoJurado\" \/>\n<meta name=\"twitter:site\" content=\"@notiamerica\" \/>\n<meta name=\"twitter:label1\" content=\"Escrito por\" \/>\n\t<meta name=\"twitter:data1\" content=\"Mgtr. Geovanny Jurado Puente\" \/>\n\t<meta name=\"twitter:label2\" content=\"Tiempo estimado de lectura\" \/>\n\t<meta name=\"twitter:data2\" content=\"1 minuto\" \/>\n<script type=\"application\/ld+json\" class=\"yoast-schema-graph\">{\"@context\":\"https:\/\/schema.org\",\"@graph\":[{\"@type\":\"Article\",\"@id\":\"https:\/\/noti-america.com\/site\/ecuador\/2019\/09\/24\/pescadores-artesanales-se-capacitan-en-temas-de-seguridad-maritima\/#article\",\"isPartOf\":{\"@id\":\"https:\/\/noti-america.com\/site\/ecuador\/2019\/09\/24\/pescadores-artesanales-se-capacitan-en-temas-de-seguridad-maritima\/\"},\"author\":{\"name\":\"Mgtr. Geovanny Jurado Puente\",\"@id\":\"https:\/\/noti-america.com\/site\/ecuador\/#\/schema\/person\/eafaa0d78b886269707bbd67c79282d8\"},\"headline\":\"Pescadores artesanales se capacitan en temas de seguridad mar\u00edtima\",\"datePublished\":\"2019-09-24T05:13:27+00:00\",\"mainEntityOfPage\":{\"@id\":\"https:\/\/noti-america.com\/site\/ecuador\/2019\/09\/24\/pescadores-artesanales-se-capacitan-en-temas-de-seguridad-maritima\/\"},\"wordCount\":185,\"commentCount\":0,\"publisher\":{\"@id\":\"https:\/\/noti-america.com\/site\/ecuador\/#organization\"},\"image\":{\"@id\":\"https:\/\/noti-america.com\/site\/ecuador\/2019\/09\/24\/pescadores-artesanales-se-capacitan-en-temas-de-seguridad-maritima\/#primaryimage\"},\"thumbnailUrl\":\"https:\/\/noti-america.com\/site\/ecuador\/wp-content\/uploads\/sites\/18\/2019\/09\/Capacitaci\u00f3n_Pescadores_02-1-e1569301984874.jpeg\",\"articleSection\":[\"Seguridad\"],\"inLanguage\":\"es\",\"potentialAction\":[{\"@type\":\"CommentAction\",\"name\":\"Comment\",\"target\":[\"https:\/\/noti-america.com\/site\/ecuador\/2019\/09\/24\/pescadores-artesanales-se-capacitan-en-temas-de-seguridad-maritima\/#respond\"]}]},{\"@type\":\"WebPage\",\"@id\":\"https:\/\/noti-america.com\/site\/ecuador\/2019\/09\/24\/pescadores-artesanales-se-capacitan-en-temas-de-seguridad-maritima\/\",\"url\":\"https:\/\/noti-america.com\/site\/ecuador\/2019\/09\/24\/pescadores-artesanales-se-capacitan-en-temas-de-seguridad-maritima\/\",\"name\":\"Pescadores artesanales se capacitan en temas de seguridad mar\u00edtima - Ecuador | Noti-America.com\",\"isPartOf\":{\"@id\":\"https:\/\/noti-america.com\/site\/ecuador\/#website\"},\"primaryImageOfPage\":{\"@id\":\"https:\/\/noti-america.com\/site\/ecuador\/2019\/09\/24\/pescadores-artesanales-se-capacitan-en-temas-de-seguridad-maritima\/#primaryimage\"},\"image\":{\"@id\":\"https:\/\/noti-america.com\/site\/ecuador\/2019\/09\/24\/pescadores-artesanales-se-capacitan-en-temas-de-seguridad-maritima\/#primaryimage\"},\"thumbnailUrl\":\"https:\/\/noti-america.com\/site\/ecuador\/wp-content\/uploads\/sites\/18\/2019\/09\/Capacitaci\u00f3n_Pescadores_02-1-e1569301984874.jpeg\",\"datePublished\":\"2019-09-24T05:13:27+00:00\",\"breadcrumb\":{\"@id\":\"https:\/\/noti-america.com\/site\/ecuador\/2019\/09\/24\/pescadores-artesanales-se-capacitan-en-temas-de-seguridad-maritima\/#breadcrumb\"},\"inLanguage\":\"es\",\"potentialAction\":[{\"@type\":\"ReadAction\",\"target\":[\"https:\/\/noti-america.com\/site\/ecuador\/2019\/09\/24\/pescadores-artesanales-se-capacitan-en-temas-de-seguridad-maritima\/\"]}]},{\"@type\":\"ImageObject\",\"inLanguage\":\"es\",\"@id\":\"https:\/\/noti-america.com\/site\/ecuador\/2019\/09\/24\/pescadores-artesanales-se-capacitan-en-temas-de-seguridad-maritima\/#primaryimage\",\"url\":\"https:\/\/noti-america.com\/site\/ecuador\/wp-content\/uploads\/sites\/18\/2019\/09\/Capacitaci\u00f3n_Pescadores_02-1-e1569301984874.jpeg\",\"contentUrl\":\"https:\/\/noti-america.com\/site\/ecuador\/wp-content\/uploads\/sites\/18\/2019\/09\/Capacitaci\u00f3n_Pescadores_02-1-e1569301984874.jpeg\",\"width\":979,\"height\":675},{\"@type\":\"BreadcrumbList\",\"@id\":\"https:\/\/noti-america.com\/site\/ecuador\/2019\/09\/24\/pescadores-artesanales-se-capacitan-en-temas-de-seguridad-maritima\/#breadcrumb\",\"itemListElement\":[{\"@type\":\"ListItem\",\"position\":1,\"name\":\"Portada\",\"item\":\"https:\/\/noti-america.com\/site\/ecuador\/\"},{\"@type\":\"ListItem\",\"position\":2,\"name\":\"Pescadores artesanales se capacitan en temas de seguridad mar\u00edtima\"}]},{\"@type\":\"WebSite\",\"@id\":\"https:\/\/noti-america.com\/site\/ecuador\/#website\",\"url\":\"https:\/\/noti-america.com\/site\/ecuador\/\",\"name\":\"Ecuador | Noti-America.com\",\"description\":\"\",\"publisher\":{\"@id\":\"https:\/\/noti-america.com\/site\/ecuador\/#organization\"},\"potentialAction\":[{\"@type\":\"SearchAction\",\"target\":{\"@type\":\"EntryPoint\",\"urlTemplate\":\"https:\/\/noti-america.com\/site\/ecuador\/?s={search_term_string}\"},\"query-input\":{\"@type\":\"PropertyValueSpecification\",\"valueRequired\":true,\"valueName\":\"search_term_string\"}}],\"inLanguage\":\"es\"},{\"@type\":\"Organization\",\"@id\":\"https:\/\/noti-america.com\/site\/ecuador\/#organization\",\"name\":\"Noti-America LLC | Ecuador\",\"url\":\"https:\/\/noti-america.com\/site\/ecuador\/\",\"logo\":{\"@type\":\"ImageObject\",\"inLanguage\":\"es\",\"@id\":\"https:\/\/noti-america.com\/site\/ecuador\/#\/schema\/logo\/image\/\",\"url\":\"https:\/\/noti-america.com\/site\/ecuador\/wp-content\/uploads\/sites\/18\/2020\/07\/LogoNA-4x3-1.jpg\",\"contentUrl\":\"https:\/\/noti-america.com\/site\/ecuador\/wp-content\/uploads\/sites\/18\/2020\/07\/LogoNA-4x3-1.jpg\",\"width\":1236,\"height\":1080,\"caption\":\"Noti-America LLC | Ecuador\"},\"image\":{\"@id\":\"https:\/\/noti-america.com\/site\/ecuador\/#\/schema\/logo\/image\/\"},\"sameAs\":[\"https:\/\/x.com\/notiamerica\"]},{\"@type\":\"Person\",\"@id\":\"https:\/\/noti-america.com\/site\/ecuador\/#\/schema\/person\/eafaa0d78b886269707bbd67c79282d8\",\"name\":\"Mgtr. Geovanny Jurado Puente\",\"image\":{\"@type\":\"ImageObject\",\"inLanguage\":\"es\",\"@id\":\"https:\/\/secure.gravatar.com\/avatar\/f837d50a2ea0d7cba882939210fb03249c2d70cdea88235e685f1a91ced24905?s=96&d=mm&r=g\",\"url\":\"https:\/\/secure.gravatar.com\/avatar\/f837d50a2ea0d7cba882939210fb03249c2d70cdea88235e685f1a91ced24905?s=96&d=mm&r=g\",\"contentUrl\":\"https:\/\/secure.gravatar.com\/avatar\/f837d50a2ea0d7cba882939210fb03249c2d70cdea88235e685f1a91ced24905?s=96&d=mm&r=g\",\"caption\":\"Mgtr. Geovanny Jurado Puente\"},\"description\":\"Mag\u00edster en Comunicaci\u00f3n, Menci\u00f3n Pol\u00edticas de Desarrollo Social; Licenciado en Ciencias de la Comunicaci\u00f3n Social; Docente Universitario; Miembro de la Red de Investigadores en Comunicaci\u00f3n del Ecuador (RICE); Miembro Fundador de la Red de Editoriales Universitarias y Escuelas Polit\u00e9cnicas del Ecuador (Reupde); ecuatoriano de nacimiento, con residencia en Daule.\",\"sameAs\":[\"https:\/\/www.facebook.com\/geojuradopuente\",\"Geo Jurado\",\"https:\/\/x.com\/GeoJurado\"],\"url\":\"https:\/\/noti-america.com\/site\/ecuador\/author\/gjurado\/\"}]}<\/script>\n<!-- \/ Yoast SEO Premium plugin. -->","yoast_head_json":{"title":"Pescadores artesanales se capacitan en temas de seguridad mar\u00edtima - Ecuador | Noti-America.com","robots":{"index":"index","follow":"follow","max-snippet":"max-snippet:-1","max-image-preview":"max-image-preview:large","max-video-preview":"max-video-preview:-1"},"canonical":"https:\/\/noti-america.com\/site\/ecuador\/2019\/09\/24\/pescadores-artesanales-se-capacitan-en-temas-de-seguridad-maritima\/","og_locale":"es_ES","og_type":"article","og_title":"Pescadores artesanales se capacitan en temas de seguridad mar\u00edtima","og_description":"Cuarenta y cuatro pescadores artesanales fueron capacitados mediante el curso \u2018B\u00e1sico de seguridad a bordo y supervivencia en la mar\u2019, en la parroquia Santa Rosa, provincia de Santa Elena. La instrucci\u00f3n, que estuvo a&#46;&#46;&#46;","og_url":"https:\/\/noti-america.com\/site\/ecuador\/2019\/09\/24\/pescadores-artesanales-se-capacitan-en-temas-de-seguridad-maritima\/","og_site_name":"Ecuador | Noti-America.com","article_author":"https:\/\/www.facebook.com\/geojuradopuente","article_published_time":"2019-09-24T05:13:27+00:00","og_image":[{"width":979,"height":675,"url":"https:\/\/noti-america.com\/site\/ecuador\/wp-content\/uploads\/sites\/18\/2019\/09\/Capacitaci\u00f3n_Pescadores_02-1-e1569301984874.jpeg","type":"image\/jpeg"}],"author":"Mgtr. Geovanny Jurado Puente","twitter_card":"summary_large_image","twitter_creator":"@GeoJurado","twitter_site":"@notiamerica","twitter_misc":{"Escrito por":"Mgtr. Geovanny Jurado Puente","Tiempo estimado de lectura":"1 minuto"},"schema":{"@context":"https:\/\/schema.org","@graph":[{"@type":"Article","@id":"https:\/\/noti-america.com\/site\/ecuador\/2019\/09\/24\/pescadores-artesanales-se-capacitan-en-temas-de-seguridad-maritima\/#article","isPartOf":{"@id":"https:\/\/noti-america.com\/site\/ecuador\/2019\/09\/24\/pescadores-artesanales-se-capacitan-en-temas-de-seguridad-maritima\/"},"author":{"name":"Mgtr. Geovanny Jurado Puente","@id":"https:\/\/noti-america.com\/site\/ecuador\/#\/schema\/person\/eafaa0d78b886269707bbd67c79282d8"},"headline":"Pescadores artesanales se capacitan en temas de seguridad mar\u00edtima","datePublished":"2019-09-24T05:13:27+00:00","mainEntityOfPage":{"@id":"https:\/\/noti-america.com\/site\/ecuador\/2019\/09\/24\/pescadores-artesanales-se-capacitan-en-temas-de-seguridad-maritima\/"},"wordCount":185,"commentCount":0,"publisher":{"@id":"https:\/\/noti-america.com\/site\/ecuador\/#organization"},"image":{"@id":"https:\/\/noti-america.com\/site\/ecuador\/2019\/09\/24\/pescadores-artesanales-se-capacitan-en-temas-de-seguridad-maritima\/#primaryimage"},"thumbnailUrl":"https:\/\/noti-america.com\/site\/ecuador\/wp-content\/uploads\/sites\/18\/2019\/09\/Capacitaci\u00f3n_Pescadores_02-1-e1569301984874.jpeg","articleSection":["Seguridad"],"inLanguage":"es","potentialAction":[{"@type":"CommentAction","name":"Comment","target":["https:\/\/noti-america.com\/site\/ecuador\/2019\/09\/24\/pescadores-artesanales-se-capacitan-en-temas-de-seguridad-maritima\/#respond"]}]},{"@type":"WebPage","@id":"https:\/\/noti-america.com\/site\/ecuador\/2019\/09\/24\/pescadores-artesanales-se-capacitan-en-temas-de-seguridad-maritima\/","url":"https:\/\/noti-america.com\/site\/ecuador\/2019\/09\/24\/pescadores-artesanales-se-capacitan-en-temas-de-seguridad-maritima\/","name":"Pescadores artesanales se capacitan en temas de seguridad mar\u00edtima - Ecuador | Noti-America.com","isPartOf":{"@id":"https:\/\/noti-america.com\/site\/ecuador\/#website"},"primaryImageOfPage":{"@id":"https:\/\/noti-america.com\/site\/ecuador\/2019\/09\/24\/pescadores-artesanales-se-capacitan-en-temas-de-seguridad-maritima\/#primaryimage"},"image":{"@id":"https:\/\/noti-america.com\/site\/ecuador\/2019\/09\/24\/pescadores-artesanales-se-capacitan-en-temas-de-seguridad-maritima\/#primaryimage"},"thumbnailUrl":"https:\/\/noti-america.com\/site\/ecuador\/wp-content\/uploads\/sites\/18\/2019\/09\/Capacitaci\u00f3n_Pescadores_02-1-e1569301984874.jpeg","datePublished":"2019-09-24T05:13:27+00:00","breadcrumb":{"@id":"https:\/\/noti-america.com\/site\/ecuador\/2019\/09\/24\/pescadores-artesanales-se-capacitan-en-temas-de-seguridad-maritima\/#breadcrumb"},"inLanguage":"es","potentialAction":[{"@type":"ReadAction","target":["https:\/\/noti-america.com\/site\/ecuador\/2019\/09\/24\/pescadores-artesanales-se-capacitan-en-temas-de-seguridad-maritima\/"]}]},{"@type":"ImageObject","inLanguage":"es","@id":"https:\/\/noti-america.com\/site\/ecuador\/2019\/09\/24\/pescadores-artesanales-se-capacitan-en-temas-de-seguridad-maritima\/#primaryimage","url":"https:\/\/noti-america.com\/site\/ecuador\/wp-content\/uploads\/sites\/18\/2019\/09\/Capacitaci\u00f3n_Pescadores_02-1-e1569301984874.jpeg","contentUrl":"https:\/\/noti-america.com\/site\/ecuador\/wp-content\/uploads\/sites\/18\/2019\/09\/Capacitaci\u00f3n_Pescadores_02-1-e1569301984874.jpeg","width":979,"height":675},{"@type":"BreadcrumbList","@id":"https:\/\/noti-america.com\/site\/ecuador\/2019\/09\/24\/pescadores-artesanales-se-capacitan-en-temas-de-seguridad-maritima\/#breadcrumb","itemListElement":[{"@type":"ListItem","position":1,"name":"Portada","item":"https:\/\/noti-america.com\/site\/ecuador\/"},{"@type":"ListItem","position":2,"name":"Pescadores artesanales se capacitan en temas de seguridad mar\u00edtima"}]},{"@type":"WebSite","@id":"https:\/\/noti-america.com\/site\/ecuador\/#website","url":"https:\/\/noti-america.com\/site\/ecuador\/","name":"Ecuador | Noti-America.com","description":"","publisher":{"@id":"https:\/\/noti-america.com\/site\/ecuador\/#organization"},"potentialAction":[{"@type":"SearchAction","target":{"@type":"EntryPoint","urlTemplate":"https:\/\/noti-america.com\/site\/ecuador\/?s={search_term_string}"},"query-input":{"@type":"PropertyValueSpecification","valueRequired":true,"valueName":"search_term_string"}}],"inLanguage":"es"},{"@type":"Organization","@id":"https:\/\/noti-america.com\/site\/ecuador\/#organization","name":"Noti-America LLC | Ecuador","url":"https:\/\/noti-america.com\/site\/ecuador\/","logo":{"@type":"ImageObject","inLanguage":"es","@id":"https:\/\/noti-america.com\/site\/ecuador\/#\/schema\/logo\/image\/","url":"https:\/\/noti-america.com\/site\/ecuador\/wp-content\/uploads\/sites\/18\/2020\/07\/LogoNA-4x3-1.jpg","contentUrl":"https:\/\/noti-america.com\/site\/ecuador\/wp-content\/uploads\/sites\/18\/2020\/07\/LogoNA-4x3-1.jpg","width":1236,"height":1080,"caption":"Noti-America LLC | Ecuador"},"image":{"@id":"https:\/\/noti-america.com\/site\/ecuador\/#\/schema\/logo\/image\/"},"sameAs":["https:\/\/x.com\/notiamerica"]},{"@type":"Person","@id":"https:\/\/noti-america.com\/site\/ecuador\/#\/schema\/person\/eafaa0d78b886269707bbd67c79282d8","name":"Mgtr. Geovanny Jurado Puente","image":{"@type":"ImageObject","inLanguage":"es","@id":"https:\/\/secure.gravatar.com\/avatar\/f837d50a2ea0d7cba882939210fb03249c2d70cdea88235e685f1a91ced24905?s=96&d=mm&r=g","url":"https:\/\/secure.gravatar.com\/avatar\/f837d50a2ea0d7cba882939210fb03249c2d70cdea88235e685f1a91ced24905?s=96&d=mm&r=g","contentUrl":"https:\/\/secure.gravatar.com\/avatar\/f837d50a2ea0d7cba882939210fb03249c2d70cdea88235e685f1a91ced24905?s=96&d=mm&r=g","caption":"Mgtr. Geovanny Jurado Puente"},"description":"Mag\u00edster en Comunicaci\u00f3n, Menci\u00f3n Pol\u00edticas de Desarrollo Social; Licenciado en Ciencias de la Comunicaci\u00f3n Social; Docente Universitario; Miembro de la Red de Investigadores en Comunicaci\u00f3n del Ecuador (RICE); Miembro Fundador de la Red de Editoriales Universitarias y Escuelas Polit\u00e9cnicas del Ecuador (Reupde); ecuatoriano de nacimiento, con residencia en Daule.","sameAs":["https:\/\/www.facebook.com\/geojuradopuente","Geo Jurado","https:\/\/x.com\/GeoJurado"],"url":"https:\/\/noti-america.com\/site\/ecuador\/author\/gjurado\/"}]}},"_links":{"self":[{"href":"https:\/\/noti-america.com\/site\/ecuador\/wp-json\/wp\/v2\/posts\/5732","targetHints":{"allow":["GET"]}}],"collection":[{"href":"https:\/\/noti-america.com\/site\/ecuador\/wp-json\/wp\/v2\/posts"}],"about":[{"href":"https:\/\/noti-america.com\/site\/ecuador\/wp-json\/wp\/v2\/types\/post"}],"author":[{"embeddable":true,"href":"https:\/\/noti-america.com\/site\/ecuador\/wp-json\/wp\/v2\/users\/54"}],"replies":[{"embeddable":true,"href":"https:\/\/noti-america.com\/site\/ecuador\/wp-json\/wp\/v2\/comments?post=5732"}],"version-history":[{"count":1,"href":"https:\/\/noti-america.com\/site\/ecuador\/wp-json\/wp\/v2\/posts\/5732\/revisions"}],"predecessor-version":[{"id":5735,"href":"https:\/\/noti-america.com\/site\/ecuador\/wp-json\/wp\/v2\/posts\/5732\/revisions\/5735"}],"wp:featuredmedia":[{"embeddable":true,"href":"https:\/\/noti-america.com\/site\/ecuador\/wp-json\/wp\/v2\/media\/5734"}],"wp:attachment":[{"href":"https:\/\/noti-america.com\/site\/ecuador\/wp-json\/wp\/v2\/media?parent=5732"}],"wp:term":[{"taxonomy":"category","embeddable":true,"href":"https:\/\/noti-america.com\/site\/ecuador\/wp-json\/wp\/v2\/categories?post=5732"},{"taxonomy":"post_tag","embeddable":true,"href":"https:\/\/noti-america.com\/site\/ecuador\/wp-json\/wp\/v2\/tags?post=5732"}],"curies":[{"name":"wp","href":"https:\/\/api.w.org\/{rel}","templated":true}]}}