{"id":5617,"date":"2019-09-18T03:11:55","date_gmt":"2019-09-18T03:11:55","guid":{"rendered":"http:\/\/noti-america.com\/site\/ecuador\/?p=5617"},"modified":"2019-09-18T03:11:55","modified_gmt":"2019-09-18T03:11:55","slug":"despenalizacion-al-aborto-no-paso-en-las-reformas-al-codigo-organico-integral-penal-coip","status":"publish","type":"post","link":"https:\/\/noti-america.com\/site\/ecuador\/2019\/09\/18\/despenalizacion-al-aborto-no-paso-en-las-reformas-al-codigo-organico-integral-penal-coip\/","title":{"rendered":"Despenalizaci\u00f3n al aborto no pas\u00f3 en las reformas al C\u00f3digo Org\u00e1nico Integral Penal (COIP)"},"content":{"rendered":"<p>REDACCI\u00d3N NOTI-AM\u00c9RICA (ECUADOR)<\/p>\n<p style=\"text-align: justify\">Luego de cinco jornadas, el Parlamento ecuatoriano aprob\u00f3 el proyecto de reformas al C\u00f3digo Org\u00e1nico Integral Penal (COIP). De esta forma, se pone en marcha otra normativa.<\/p>\n<p style=\"text-align: justify\">La propuesta se enfoca en generar una cultura de transparencia en la funci\u00f3n p\u00fablica, contribuir en la lucha contra la corrupci\u00f3n y la inseguridad, y, lo que es m\u00e1s, fortalecer la seguridad ciudadana.<\/p>\n<p style=\"text-align: justify\"><strong>Seguridad.<\/strong><\/p>\n<p style=\"text-align: justify\">Los polic\u00edas tendr\u00e1n garant\u00edas para el cumplimiento de su deber. Al hacer uso progresivo de la fuerza, en acto de combate a la delincuencia, acceder\u00e1n a un juicio justo y no ser\u00e1n privados de su libertad durante un proceso investigativo, lo que les permitir\u00e1 defenderse y aclarar los hechos imputados. Se define cu\u00e1ndo, c\u00f3mo y en qu\u00e9 circunstancias los uniformados deben usar sus armas de dotaci\u00f3n frente la gravedad de las amenazas.<\/p>\n<p style=\"text-align: justify\">La persona que ingrese a los centros de privaci\u00f3n de libertad con sustancias sujetas a fiscalizaci\u00f3n, armas, partes de tel\u00e9fonos celulares o equipos de comunicaci\u00f3n adheridos al cuerpo o a sus prendas de vestir, ser\u00e1 sancionada con pena privativa de libertad de uno a tres a\u00f1os. Si los gu\u00edas penitenciarios son c\u00f3mplices de permitir el ingreso de objetos prohibidos recibir\u00e1n fuertes sanciones.<\/p>\n<p style=\"text-align: justify\">Adem\u00e1s, se incorporan agravantes en el juzgamiento de los delitos sexuales, secuestro, lesiones, entre otros, que se cometan en transportes p\u00fablicos, escuelas, gimnasios, iglesias, escuelas, centros vacacionales, guarder\u00edas y otros espacios.<\/p>\n<p style=\"text-align: justify\">Los ciudadanos que incurran en delitos execrables (violaci\u00f3n, tortura, secuestro, asesinato) no podr\u00e1n acceder a medidas alternativas por parte de los administradores de justicia.<\/p>\n<p style=\"text-align: justify\"><strong>Transparencia.<\/strong><\/p>\n<p style=\"text-align: justify\">La reforma establece mecanismos espec\u00edficos para la recuperaci\u00f3n de dineros mal habidos producto de la corrupci\u00f3n. Para tal efecto, se crean las figuras del comiso sin sentencia, ampliado y a terceros, que permitir\u00e1n la incautaci\u00f3n de bienes de il\u00edcita procedencia a los funcionarios o servidores que hayan atracado fondos p\u00fablicos, as\u00ed como a los de su entorno familiar y posibles testaferros, evitando que este tipo de actos queden en la impunidad.<\/p>\n<p style=\"text-align: justify\"><strong>Protecci\u00f3n del denunciante.<\/strong><\/p>\n<p style=\"text-align: justify\">El servidor p\u00fablico que denuncie actos de corrupci\u00f3n tendr\u00e1 derecho a la protecci\u00f3n de su identidad, posibilidad de cambio administrativo o licencia con sueldo y estabilidad laboral. Por otro lado, las personas que, estando involucradas en un acto de corrupci\u00f3n, denuncien el hecho y contribuyan en la recuperaci\u00f3n de lo robado se incorporan como beneficiarios de la cooperaci\u00f3n eficaz, lo que les dar\u00e1 opci\u00f3n de reducir su pena.<\/p>\n<p style=\"text-align: justify\"><strong>Afianzar derechos de menores.<\/strong><\/p>\n<p style=\"text-align: justify\">El proyecto determina que la persona que es sentenciada de violaci\u00f3n de ni\u00f1os, ni\u00f1as o adolescentes, no podr\u00e1 ocupar cargos p\u00fablicos y privados donde se trabaje directamente con menores de edad.<\/p>\n<p style=\"text-align: justify\">Los juicios por abuso sexual a menores no podr\u00e1n terminar sin que haya una sentencia. De esta forma, se refuerza la imprescriptibilidad de delitos contra la ni\u00f1ez, recogiendo el mandato de la consulta popular.<\/p>\n<p style=\"text-align: justify\">El Pleno aprob\u00f3 las reformas al COIP en seis votaciones. Un bloque general aprobado con 87 votos; lo referente al aborto no punible no obtuvo los votos necesarios para su aprobaci\u00f3n (65); lo atinente a sustancias sujetas a fiscalizaci\u00f3n obtuvo 85 votos, por tanto, fue aprobado.<\/p>\n<p style=\"text-align: justify\">El art\u00edculo 20 relativo a la figura del comiso sin condena tuvo 118 votos, mientras que la figura de incautaci\u00f3n que consta en los art\u00edculos 96, 97 y 98, no fue aprobado (59 votos). Lo referente a las circunstancias agravantes de la infracci\u00f3n, la reincidencia y la identificaci\u00f3n en caso de delito flagrante, que consta en los art\u00edculos 12, 14 y 91 del proyecto, fue aprobado con 97 votos.<\/p>\n","protected":false},"excerpt":{"rendered":"<p>REDACCI\u00d3N NOTI-AM\u00c9RICA (ECUADOR) Luego de cinco jornadas, el Parlamento ecuatoriano aprob\u00f3 el proyecto de reformas al C\u00f3digo Org\u00e1nico Integral Penal (COIP). De esta forma, se pone en marcha otra normativa. La propuesta se enfoca&#46;&#46;&#46;<\/p>\n","protected":false},"author":17,"featured_media":5618,"comment_status":"open","ping_status":"open","sticky":false,"template":"","format":"standard","meta":{"_acf_changed":false,"om_disable_all_campaigns":false,"rop_custom_images_group":[],"rop_custom_messages_group":[],"rop_publish_now":"initial","rop_publish_now_accounts":{"twitter_242054905_242054905":""},"rop_publish_now_history":[],"rop_publish_now_status":"pending","_uf_show_specific_survey":0,"_uf_disable_surveys":false,"footnotes":""},"categories":[34],"tags":[],"class_list":["post-5617","post","type-post","status-publish","format-standard","has-post-thumbnail","hentry","category-politica-opinion"],"acf":[],"aioseo_notices":[],"yoast_head":"<!-- This site is optimized with the Yoast SEO Premium plugin v24.9 (Yoast SEO v27.2) - https:\/\/yoast.com\/product\/yoast-seo-premium-wordpress\/ -->\n<title>Despenalizaci\u00f3n al aborto no pas\u00f3 en las reformas al C\u00f3digo Org\u00e1nico Integral Penal (COIP) - Ecuador | Noti-America.com<\/title>\n<meta name=\"robots\" content=\"index, follow, max-snippet:-1, max-image-preview:large, max-video-preview:-1\" \/>\n<link rel=\"canonical\" href=\"https:\/\/noti-america.com\/site\/ecuador\/2019\/09\/18\/despenalizacion-al-aborto-no-paso-en-las-reformas-al-codigo-organico-integral-penal-coip\/\" \/>\n<meta property=\"og:locale\" content=\"es_ES\" \/>\n<meta property=\"og:type\" content=\"article\" \/>\n<meta property=\"og:title\" content=\"Despenalizaci\u00f3n al aborto no pas\u00f3 en las reformas al C\u00f3digo Org\u00e1nico Integral Penal (COIP)\" \/>\n<meta property=\"og:description\" content=\"REDACCI\u00d3N NOTI-AM\u00c9RICA (ECUADOR) Luego de cinco jornadas, el Parlamento ecuatoriano aprob\u00f3 el proyecto de reformas al C\u00f3digo Org\u00e1nico Integral Penal (COIP). De esta forma, se pone en marcha otra normativa. La propuesta se enfoca&#046;&#046;&#046;\" \/>\n<meta property=\"og:url\" content=\"https:\/\/noti-america.com\/site\/ecuador\/2019\/09\/18\/despenalizacion-al-aborto-no-paso-en-las-reformas-al-codigo-organico-integral-penal-coip\/\" \/>\n<meta property=\"og:site_name\" content=\"Ecuador | Noti-America.com\" \/>\n<meta property=\"article:published_time\" content=\"2019-09-18T03:11:55+00:00\" \/>\n<meta property=\"og:image\" content=\"https:\/\/noti-america.com\/site\/ecuador\/wp-content\/uploads\/sites\/18\/2019\/09\/pleno-en-reforma-al-coip.jpg\" \/>\n\t<meta property=\"og:image:width\" content=\"420\" \/>\n\t<meta property=\"og:image:height\" content=\"280\" \/>\n\t<meta property=\"og:image:type\" content=\"image\/jpeg\" \/>\n<meta name=\"author\" content=\"Gregory Quintana Montiel\" \/>\n<meta name=\"twitter:card\" content=\"summary_large_image\" \/>\n<meta name=\"twitter:creator\" content=\"@gdgregori1\" \/>\n<meta name=\"twitter:site\" content=\"@notiamerica\" \/>\n<meta name=\"twitter:label1\" content=\"Escrito por\" \/>\n\t<meta name=\"twitter:data1\" content=\"Gregory Quintana Montiel\" \/>\n\t<meta name=\"twitter:label2\" content=\"Tiempo estimado de lectura\" \/>\n\t<meta name=\"twitter:data2\" content=\"3 minutos\" \/>\n<script type=\"application\/ld+json\" class=\"yoast-schema-graph\">{\"@context\":\"https:\/\/schema.org\",\"@graph\":[{\"@type\":\"Article\",\"@id\":\"https:\/\/noti-america.com\/site\/ecuador\/2019\/09\/18\/despenalizacion-al-aborto-no-paso-en-las-reformas-al-codigo-organico-integral-penal-coip\/#article\",\"isPartOf\":{\"@id\":\"https:\/\/noti-america.com\/site\/ecuador\/2019\/09\/18\/despenalizacion-al-aborto-no-paso-en-las-reformas-al-codigo-organico-integral-penal-coip\/\"},\"author\":{\"name\":\"Gregory Quintana Montiel\",\"@id\":\"https:\/\/noti-america.com\/site\/ecuador\/#\/schema\/person\/3b975e42f15abfe64bfe3abdd916efda\"},\"headline\":\"Despenalizaci\u00f3n al aborto no pas\u00f3 en las reformas al C\u00f3digo Org\u00e1nico Integral Penal (COIP)\",\"datePublished\":\"2019-09-18T03:11:55+00:00\",\"mainEntityOfPage\":{\"@id\":\"https:\/\/noti-america.com\/site\/ecuador\/2019\/09\/18\/despenalizacion-al-aborto-no-paso-en-las-reformas-al-codigo-organico-integral-penal-coip\/\"},\"wordCount\":642,\"commentCount\":0,\"publisher\":{\"@id\":\"https:\/\/noti-america.com\/site\/ecuador\/#organization\"},\"image\":{\"@id\":\"https:\/\/noti-america.com\/site\/ecuador\/2019\/09\/18\/despenalizacion-al-aborto-no-paso-en-las-reformas-al-codigo-organico-integral-penal-coip\/#primaryimage\"},\"thumbnailUrl\":\"https:\/\/noti-america.com\/site\/ecuador\/wp-content\/uploads\/sites\/18\/2019\/09\/pleno-en-reforma-al-coip.jpg\",\"articleSection\":[\"Pol\u00edtica\"],\"inLanguage\":\"es\",\"potentialAction\":[{\"@type\":\"CommentAction\",\"name\":\"Comment\",\"target\":[\"https:\/\/noti-america.com\/site\/ecuador\/2019\/09\/18\/despenalizacion-al-aborto-no-paso-en-las-reformas-al-codigo-organico-integral-penal-coip\/#respond\"]}]},{\"@type\":\"WebPage\",\"@id\":\"https:\/\/noti-america.com\/site\/ecuador\/2019\/09\/18\/despenalizacion-al-aborto-no-paso-en-las-reformas-al-codigo-organico-integral-penal-coip\/\",\"url\":\"https:\/\/noti-america.com\/site\/ecuador\/2019\/09\/18\/despenalizacion-al-aborto-no-paso-en-las-reformas-al-codigo-organico-integral-penal-coip\/\",\"name\":\"Despenalizaci\u00f3n al aborto no pas\u00f3 en las reformas al C\u00f3digo Org\u00e1nico Integral Penal (COIP) - Ecuador | Noti-America.com\",\"isPartOf\":{\"@id\":\"https:\/\/noti-america.com\/site\/ecuador\/#website\"},\"primaryImageOfPage\":{\"@id\":\"https:\/\/noti-america.com\/site\/ecuador\/2019\/09\/18\/despenalizacion-al-aborto-no-paso-en-las-reformas-al-codigo-organico-integral-penal-coip\/#primaryimage\"},\"image\":{\"@id\":\"https:\/\/noti-america.com\/site\/ecuador\/2019\/09\/18\/despenalizacion-al-aborto-no-paso-en-las-reformas-al-codigo-organico-integral-penal-coip\/#primaryimage\"},\"thumbnailUrl\":\"https:\/\/noti-america.com\/site\/ecuador\/wp-content\/uploads\/sites\/18\/2019\/09\/pleno-en-reforma-al-coip.jpg\",\"datePublished\":\"2019-09-18T03:11:55+00:00\",\"breadcrumb\":{\"@id\":\"https:\/\/noti-america.com\/site\/ecuador\/2019\/09\/18\/despenalizacion-al-aborto-no-paso-en-las-reformas-al-codigo-organico-integral-penal-coip\/#breadcrumb\"},\"inLanguage\":\"es\",\"potentialAction\":[{\"@type\":\"ReadAction\",\"target\":[\"https:\/\/noti-america.com\/site\/ecuador\/2019\/09\/18\/despenalizacion-al-aborto-no-paso-en-las-reformas-al-codigo-organico-integral-penal-coip\/\"]}]},{\"@type\":\"ImageObject\",\"inLanguage\":\"es\",\"@id\":\"https:\/\/noti-america.com\/site\/ecuador\/2019\/09\/18\/despenalizacion-al-aborto-no-paso-en-las-reformas-al-codigo-organico-integral-penal-coip\/#primaryimage\",\"url\":\"https:\/\/noti-america.com\/site\/ecuador\/wp-content\/uploads\/sites\/18\/2019\/09\/pleno-en-reforma-al-coip.jpg\",\"contentUrl\":\"https:\/\/noti-america.com\/site\/ecuador\/wp-content\/uploads\/sites\/18\/2019\/09\/pleno-en-reforma-al-coip.jpg\",\"width\":420,\"height\":280},{\"@type\":\"BreadcrumbList\",\"@id\":\"https:\/\/noti-america.com\/site\/ecuador\/2019\/09\/18\/despenalizacion-al-aborto-no-paso-en-las-reformas-al-codigo-organico-integral-penal-coip\/#breadcrumb\",\"itemListElement\":[{\"@type\":\"ListItem\",\"position\":1,\"name\":\"Portada\",\"item\":\"https:\/\/noti-america.com\/site\/ecuador\/\"},{\"@type\":\"ListItem\",\"position\":2,\"name\":\"Despenalizaci\u00f3n al aborto no pas\u00f3 en las reformas al C\u00f3digo Org\u00e1nico Integral Penal (COIP)\"}]},{\"@type\":\"WebSite\",\"@id\":\"https:\/\/noti-america.com\/site\/ecuador\/#website\",\"url\":\"https:\/\/noti-america.com\/site\/ecuador\/\",\"name\":\"Ecuador | Noti-America.com\",\"description\":\"\",\"publisher\":{\"@id\":\"https:\/\/noti-america.com\/site\/ecuador\/#organization\"},\"potentialAction\":[{\"@type\":\"SearchAction\",\"target\":{\"@type\":\"EntryPoint\",\"urlTemplate\":\"https:\/\/noti-america.com\/site\/ecuador\/?s={search_term_string}\"},\"query-input\":{\"@type\":\"PropertyValueSpecification\",\"valueRequired\":true,\"valueName\":\"search_term_string\"}}],\"inLanguage\":\"es\"},{\"@type\":\"Organization\",\"@id\":\"https:\/\/noti-america.com\/site\/ecuador\/#organization\",\"name\":\"Noti-America LLC | Ecuador\",\"url\":\"https:\/\/noti-america.com\/site\/ecuador\/\",\"logo\":{\"@type\":\"ImageObject\",\"inLanguage\":\"es\",\"@id\":\"https:\/\/noti-america.com\/site\/ecuador\/#\/schema\/logo\/image\/\",\"url\":\"https:\/\/noti-america.com\/site\/ecuador\/wp-content\/uploads\/sites\/18\/2020\/07\/LogoNA-4x3-1.jpg\",\"contentUrl\":\"https:\/\/noti-america.com\/site\/ecuador\/wp-content\/uploads\/sites\/18\/2020\/07\/LogoNA-4x3-1.jpg\",\"width\":1236,\"height\":1080,\"caption\":\"Noti-America LLC | Ecuador\"},\"image\":{\"@id\":\"https:\/\/noti-america.com\/site\/ecuador\/#\/schema\/logo\/image\/\"},\"sameAs\":[\"https:\/\/x.com\/notiamerica\"]},{\"@type\":\"Person\",\"@id\":\"https:\/\/noti-america.com\/site\/ecuador\/#\/schema\/person\/3b975e42f15abfe64bfe3abdd916efda\",\"name\":\"Gregory Quintana Montiel\",\"image\":{\"@type\":\"ImageObject\",\"inLanguage\":\"es\",\"@id\":\"https:\/\/secure.gravatar.com\/avatar\/2d6b802f7720c2ec7744dcbe608cc2f3417aeb964d58b443c6d612b77531de1d?s=96&d=mm&r=g\",\"url\":\"https:\/\/secure.gravatar.com\/avatar\/2d6b802f7720c2ec7744dcbe608cc2f3417aeb964d58b443c6d612b77531de1d?s=96&d=mm&r=g\",\"contentUrl\":\"https:\/\/secure.gravatar.com\/avatar\/2d6b802f7720c2ec7744dcbe608cc2f3417aeb964d58b443c6d612b77531de1d?s=96&d=mm&r=g\",\"caption\":\"Gregory Quintana Montiel\"},\"description\":\"Licenciatura en Ciencias de la Comunicaci\u00f3n Social, egresado en la Especializaci\u00f3n Derecho Ambiental Desarrollo Sostenible y Sustentable, Miembro de la Comunidad de profesionales y experto para Latinoam\u00e9rica y el Caribe en Gesti\u00f3n por Resultado en el Desarrollo (COPLAC - GpRD) del Banco Interamericano de Desarrollo, experiencia en medios radiales y escritos.\",\"sameAs\":[\"https:\/\/x.com\/gdgregori1\",\"gquintana\"],\"url\":\"https:\/\/noti-america.com\/site\/ecuador\/author\/gquintana\/\"}]}<\/script>\n<!-- \/ Yoast SEO Premium plugin. -->","yoast_head_json":{"title":"Despenalizaci\u00f3n al aborto no pas\u00f3 en las reformas al C\u00f3digo Org\u00e1nico Integral Penal (COIP) - Ecuador | Noti-America.com","robots":{"index":"index","follow":"follow","max-snippet":"max-snippet:-1","max-image-preview":"max-image-preview:large","max-video-preview":"max-video-preview:-1"},"canonical":"https:\/\/noti-america.com\/site\/ecuador\/2019\/09\/18\/despenalizacion-al-aborto-no-paso-en-las-reformas-al-codigo-organico-integral-penal-coip\/","og_locale":"es_ES","og_type":"article","og_title":"Despenalizaci\u00f3n al aborto no pas\u00f3 en las reformas al C\u00f3digo Org\u00e1nico Integral Penal (COIP)","og_description":"REDACCI\u00d3N NOTI-AM\u00c9RICA (ECUADOR) Luego de cinco jornadas, el Parlamento ecuatoriano aprob\u00f3 el proyecto de reformas al C\u00f3digo Org\u00e1nico Integral Penal (COIP). De esta forma, se pone en marcha otra normativa. La propuesta se enfoca&#46;&#46;&#46;","og_url":"https:\/\/noti-america.com\/site\/ecuador\/2019\/09\/18\/despenalizacion-al-aborto-no-paso-en-las-reformas-al-codigo-organico-integral-penal-coip\/","og_site_name":"Ecuador | Noti-America.com","article_published_time":"2019-09-18T03:11:55+00:00","og_image":[{"width":420,"height":280,"url":"https:\/\/noti-america.com\/site\/ecuador\/wp-content\/uploads\/sites\/18\/2019\/09\/pleno-en-reforma-al-coip.jpg","type":"image\/jpeg"}],"author":"Gregory Quintana Montiel","twitter_card":"summary_large_image","twitter_creator":"@gdgregori1","twitter_site":"@notiamerica","twitter_misc":{"Escrito por":"Gregory Quintana Montiel","Tiempo estimado de lectura":"3 minutos"},"schema":{"@context":"https:\/\/schema.org","@graph":[{"@type":"Article","@id":"https:\/\/noti-america.com\/site\/ecuador\/2019\/09\/18\/despenalizacion-al-aborto-no-paso-en-las-reformas-al-codigo-organico-integral-penal-coip\/#article","isPartOf":{"@id":"https:\/\/noti-america.com\/site\/ecuador\/2019\/09\/18\/despenalizacion-al-aborto-no-paso-en-las-reformas-al-codigo-organico-integral-penal-coip\/"},"author":{"name":"Gregory Quintana Montiel","@id":"https:\/\/noti-america.com\/site\/ecuador\/#\/schema\/person\/3b975e42f15abfe64bfe3abdd916efda"},"headline":"Despenalizaci\u00f3n al aborto no pas\u00f3 en las reformas al C\u00f3digo Org\u00e1nico Integral Penal (COIP)","datePublished":"2019-09-18T03:11:55+00:00","mainEntityOfPage":{"@id":"https:\/\/noti-america.com\/site\/ecuador\/2019\/09\/18\/despenalizacion-al-aborto-no-paso-en-las-reformas-al-codigo-organico-integral-penal-coip\/"},"wordCount":642,"commentCount":0,"publisher":{"@id":"https:\/\/noti-america.com\/site\/ecuador\/#organization"},"image":{"@id":"https:\/\/noti-america.com\/site\/ecuador\/2019\/09\/18\/despenalizacion-al-aborto-no-paso-en-las-reformas-al-codigo-organico-integral-penal-coip\/#primaryimage"},"thumbnailUrl":"https:\/\/noti-america.com\/site\/ecuador\/wp-content\/uploads\/sites\/18\/2019\/09\/pleno-en-reforma-al-coip.jpg","articleSection":["Pol\u00edtica"],"inLanguage":"es","potentialAction":[{"@type":"CommentAction","name":"Comment","target":["https:\/\/noti-america.com\/site\/ecuador\/2019\/09\/18\/despenalizacion-al-aborto-no-paso-en-las-reformas-al-codigo-organico-integral-penal-coip\/#respond"]}]},{"@type":"WebPage","@id":"https:\/\/noti-america.com\/site\/ecuador\/2019\/09\/18\/despenalizacion-al-aborto-no-paso-en-las-reformas-al-codigo-organico-integral-penal-coip\/","url":"https:\/\/noti-america.com\/site\/ecuador\/2019\/09\/18\/despenalizacion-al-aborto-no-paso-en-las-reformas-al-codigo-organico-integral-penal-coip\/","name":"Despenalizaci\u00f3n al aborto no pas\u00f3 en las reformas al C\u00f3digo Org\u00e1nico Integral Penal (COIP) - Ecuador | Noti-America.com","isPartOf":{"@id":"https:\/\/noti-america.com\/site\/ecuador\/#website"},"primaryImageOfPage":{"@id":"https:\/\/noti-america.com\/site\/ecuador\/2019\/09\/18\/despenalizacion-al-aborto-no-paso-en-las-reformas-al-codigo-organico-integral-penal-coip\/#primaryimage"},"image":{"@id":"https:\/\/noti-america.com\/site\/ecuador\/2019\/09\/18\/despenalizacion-al-aborto-no-paso-en-las-reformas-al-codigo-organico-integral-penal-coip\/#primaryimage"},"thumbnailUrl":"https:\/\/noti-america.com\/site\/ecuador\/wp-content\/uploads\/sites\/18\/2019\/09\/pleno-en-reforma-al-coip.jpg","datePublished":"2019-09-18T03:11:55+00:00","breadcrumb":{"@id":"https:\/\/noti-america.com\/site\/ecuador\/2019\/09\/18\/despenalizacion-al-aborto-no-paso-en-las-reformas-al-codigo-organico-integral-penal-coip\/#breadcrumb"},"inLanguage":"es","potentialAction":[{"@type":"ReadAction","target":["https:\/\/noti-america.com\/site\/ecuador\/2019\/09\/18\/despenalizacion-al-aborto-no-paso-en-las-reformas-al-codigo-organico-integral-penal-coip\/"]}]},{"@type":"ImageObject","inLanguage":"es","@id":"https:\/\/noti-america.com\/site\/ecuador\/2019\/09\/18\/despenalizacion-al-aborto-no-paso-en-las-reformas-al-codigo-organico-integral-penal-coip\/#primaryimage","url":"https:\/\/noti-america.com\/site\/ecuador\/wp-content\/uploads\/sites\/18\/2019\/09\/pleno-en-reforma-al-coip.jpg","contentUrl":"https:\/\/noti-america.com\/site\/ecuador\/wp-content\/uploads\/sites\/18\/2019\/09\/pleno-en-reforma-al-coip.jpg","width":420,"height":280},{"@type":"BreadcrumbList","@id":"https:\/\/noti-america.com\/site\/ecuador\/2019\/09\/18\/despenalizacion-al-aborto-no-paso-en-las-reformas-al-codigo-organico-integral-penal-coip\/#breadcrumb","itemListElement":[{"@type":"ListItem","position":1,"name":"Portada","item":"https:\/\/noti-america.com\/site\/ecuador\/"},{"@type":"ListItem","position":2,"name":"Despenalizaci\u00f3n al aborto no pas\u00f3 en las reformas al C\u00f3digo Org\u00e1nico Integral Penal (COIP)"}]},{"@type":"WebSite","@id":"https:\/\/noti-america.com\/site\/ecuador\/#website","url":"https:\/\/noti-america.com\/site\/ecuador\/","name":"Ecuador | Noti-America.com","description":"","publisher":{"@id":"https:\/\/noti-america.com\/site\/ecuador\/#organization"},"potentialAction":[{"@type":"SearchAction","target":{"@type":"EntryPoint","urlTemplate":"https:\/\/noti-america.com\/site\/ecuador\/?s={search_term_string}"},"query-input":{"@type":"PropertyValueSpecification","valueRequired":true,"valueName":"search_term_string"}}],"inLanguage":"es"},{"@type":"Organization","@id":"https:\/\/noti-america.com\/site\/ecuador\/#organization","name":"Noti-America LLC | Ecuador","url":"https:\/\/noti-america.com\/site\/ecuador\/","logo":{"@type":"ImageObject","inLanguage":"es","@id":"https:\/\/noti-america.com\/site\/ecuador\/#\/schema\/logo\/image\/","url":"https:\/\/noti-america.com\/site\/ecuador\/wp-content\/uploads\/sites\/18\/2020\/07\/LogoNA-4x3-1.jpg","contentUrl":"https:\/\/noti-america.com\/site\/ecuador\/wp-content\/uploads\/sites\/18\/2020\/07\/LogoNA-4x3-1.jpg","width":1236,"height":1080,"caption":"Noti-America LLC | Ecuador"},"image":{"@id":"https:\/\/noti-america.com\/site\/ecuador\/#\/schema\/logo\/image\/"},"sameAs":["https:\/\/x.com\/notiamerica"]},{"@type":"Person","@id":"https:\/\/noti-america.com\/site\/ecuador\/#\/schema\/person\/3b975e42f15abfe64bfe3abdd916efda","name":"Gregory Quintana Montiel","image":{"@type":"ImageObject","inLanguage":"es","@id":"https:\/\/secure.gravatar.com\/avatar\/2d6b802f7720c2ec7744dcbe608cc2f3417aeb964d58b443c6d612b77531de1d?s=96&d=mm&r=g","url":"https:\/\/secure.gravatar.com\/avatar\/2d6b802f7720c2ec7744dcbe608cc2f3417aeb964d58b443c6d612b77531de1d?s=96&d=mm&r=g","contentUrl":"https:\/\/secure.gravatar.com\/avatar\/2d6b802f7720c2ec7744dcbe608cc2f3417aeb964d58b443c6d612b77531de1d?s=96&d=mm&r=g","caption":"Gregory Quintana Montiel"},"description":"Licenciatura en Ciencias de la Comunicaci\u00f3n Social, egresado en la Especializaci\u00f3n Derecho Ambiental Desarrollo Sostenible y Sustentable, Miembro de la Comunidad de profesionales y experto para Latinoam\u00e9rica y el Caribe en Gesti\u00f3n por Resultado en el Desarrollo (COPLAC - GpRD) del Banco Interamericano de Desarrollo, experiencia en medios radiales y escritos.","sameAs":["https:\/\/x.com\/gdgregori1","gquintana"],"url":"https:\/\/noti-america.com\/site\/ecuador\/author\/gquintana\/"}]}},"_links":{"self":[{"href":"https:\/\/noti-america.com\/site\/ecuador\/wp-json\/wp\/v2\/posts\/5617","targetHints":{"allow":["GET"]}}],"collection":[{"href":"https:\/\/noti-america.com\/site\/ecuador\/wp-json\/wp\/v2\/posts"}],"about":[{"href":"https:\/\/noti-america.com\/site\/ecuador\/wp-json\/wp\/v2\/types\/post"}],"author":[{"embeddable":true,"href":"https:\/\/noti-america.com\/site\/ecuador\/wp-json\/wp\/v2\/users\/17"}],"replies":[{"embeddable":true,"href":"https:\/\/noti-america.com\/site\/ecuador\/wp-json\/wp\/v2\/comments?post=5617"}],"version-history":[{"count":1,"href":"https:\/\/noti-america.com\/site\/ecuador\/wp-json\/wp\/v2\/posts\/5617\/revisions"}],"predecessor-version":[{"id":5619,"href":"https:\/\/noti-america.com\/site\/ecuador\/wp-json\/wp\/v2\/posts\/5617\/revisions\/5619"}],"wp:featuredmedia":[{"embeddable":true,"href":"https:\/\/noti-america.com\/site\/ecuador\/wp-json\/wp\/v2\/media\/5618"}],"wp:attachment":[{"href":"https:\/\/noti-america.com\/site\/ecuador\/wp-json\/wp\/v2\/media?parent=5617"}],"wp:term":[{"taxonomy":"category","embeddable":true,"href":"https:\/\/noti-america.com\/site\/ecuador\/wp-json\/wp\/v2\/categories?post=5617"},{"taxonomy":"post_tag","embeddable":true,"href":"https:\/\/noti-america.com\/site\/ecuador\/wp-json\/wp\/v2\/tags?post=5617"}],"curies":[{"name":"wp","href":"https:\/\/api.w.org\/{rel}","templated":true}]}}