{"id":5565,"date":"2019-09-12T19:11:33","date_gmt":"2019-09-12T19:11:33","guid":{"rendered":"http:\/\/noti-america.com\/site\/ecuador\/?p=5565"},"modified":"2019-09-12T19:11:33","modified_gmt":"2019-09-12T19:11:33","slug":"retuvieron-embarcacion-por-navegar-con-documentacion-desactualizada-en-santa-elena","status":"publish","type":"post","link":"https:\/\/noti-america.com\/site\/ecuador\/2019\/09\/12\/retuvieron-embarcacion-por-navegar-con-documentacion-desactualizada-en-santa-elena\/","title":{"rendered":"Retuvieron embarcaci\u00f3n por navegar con documentaci\u00f3n desactualizada en Santa Elena"},"content":{"rendered":"<p><img loading=\"lazy\" decoding=\"async\" class=\"wp-image-5566 aligncenter\" src=\"http:\/\/noti-america.com\/site\/ecuador\/wp-content\/uploads\/sites\/18\/2019\/09\/Embarcaci\u00f3n_Retenida1-300x194.jpeg\" alt=\"\" width=\"408\" height=\"264\" srcset=\"https:\/\/noti-america.com\/site\/ecuador\/wp-content\/uploads\/sites\/18\/2019\/09\/Embarcaci\u00f3n_Retenida1-300x194.jpeg 300w, https:\/\/noti-america.com\/site\/ecuador\/wp-content\/uploads\/sites\/18\/2019\/09\/Embarcaci\u00f3n_Retenida1-768x495.jpeg 768w, https:\/\/noti-america.com\/site\/ecuador\/wp-content\/uploads\/sites\/18\/2019\/09\/Embarcaci\u00f3n_Retenida1.jpeg 865w\" sizes=\"auto, (max-width: 408px) 100vw, 408px\" \/><\/p>\n<p style=\"text-align: justify\">Una lancha guardacosta retuvo al barco pesquero \u2018Rosa M\u00edstica\u2019, que se encontraba navegando a nueve millas de la puntilla de Santa Elena con documentaci\u00f3n desactualizada y sin dispositivo de monitoreo satelital.<\/p>\n<p><img loading=\"lazy\" decoding=\"async\" class=\"size-medium wp-image-5567 alignleft\" src=\"http:\/\/noti-america.com\/site\/ecuador\/wp-content\/uploads\/sites\/18\/2019\/09\/Embarcaci\u00f3n_Retenida-300x263.jpeg\" alt=\"\" width=\"300\" height=\"263\" srcset=\"https:\/\/noti-america.com\/site\/ecuador\/wp-content\/uploads\/sites\/18\/2019\/09\/Embarcaci\u00f3n_Retenida-300x263.jpeg 300w, https:\/\/noti-america.com\/site\/ecuador\/wp-content\/uploads\/sites\/18\/2019\/09\/Embarcaci\u00f3n_Retenida-768x674.jpeg 768w, https:\/\/noti-america.com\/site\/ecuador\/wp-content\/uploads\/sites\/18\/2019\/09\/Embarcaci\u00f3n_Retenida-1024x899.jpeg 1024w, https:\/\/noti-america.com\/site\/ecuador\/wp-content\/uploads\/sites\/18\/2019\/09\/Embarcaci\u00f3n_Retenida.jpeg 1280w\" sizes=\"auto, (max-width: 300px) 100vw, 300px\" \/><\/p>\n<p style=\"text-align: justify\">La retenci\u00f3n se la produjo la noche del pasado martes 10 de septiembre durante las operaciones de control y vigilancia que, constantemente, la Armada Nacional ejecuta en los espacios mar\u00edtimos de dicha provincia.<\/p>\n<p style=\"text-align: justify\">El personal naval abord\u00f3 la embarcaci\u00f3n realizando la inspecci\u00f3n f\u00edsica de la nave y del personal a bordo, percat\u00e1ndose que no pose\u00edan esos importantes requisitos para las embarcaciones de mayores 20 Tonelaje de Registro Bruto (TRB).<\/p>\n<p style=\"text-align: justify\">Los guardacostas escoltaron al bote y realizaron las coordinaciones con la Capitan\u00eda del Puerto de Salinas para su custodia y comparecencia ante la autoridad mar\u00edtima.<\/p>\n","protected":false},"excerpt":{"rendered":"<p>Una lancha guardacosta retuvo al barco pesquero \u2018Rosa M\u00edstica\u2019, que se encontraba navegando a nueve millas de la puntilla de Santa Elena con documentaci\u00f3n desactualizada y sin dispositivo de monitoreo satelital. La retenci\u00f3n se&#46;&#46;&#46;<\/p>\n","protected":false},"author":54,"featured_media":5568,"comment_status":"open","ping_status":"open","sticky":false,"template":"","format":"standard","meta":{"_acf_changed":false,"om_disable_all_campaigns":false,"rop_custom_images_group":[],"rop_custom_messages_group":[],"rop_publish_now":"initial","rop_publish_now_accounts":{"twitter_242054905_242054905":""},"rop_publish_now_history":[],"rop_publish_now_status":"pending","_uf_show_specific_survey":0,"_uf_disable_surveys":false,"footnotes":""},"categories":[109],"tags":[],"class_list":["post-5565","post","type-post","status-publish","format-standard","has-post-thumbnail","hentry","category-seguridad"],"acf":[],"aioseo_notices":[],"yoast_head":"<!-- This site is optimized with the Yoast SEO Premium plugin v24.9 (Yoast SEO v27.2) - https:\/\/yoast.com\/product\/yoast-seo-premium-wordpress\/ -->\n<title>Retuvieron embarcaci\u00f3n por navegar con documentaci\u00f3n desactualizada en Santa Elena - Ecuador | Noti-America.com<\/title>\n<meta name=\"robots\" content=\"index, follow, max-snippet:-1, max-image-preview:large, max-video-preview:-1\" \/>\n<link rel=\"canonical\" href=\"https:\/\/noti-america.com\/site\/ecuador\/2019\/09\/12\/retuvieron-embarcacion-por-navegar-con-documentacion-desactualizada-en-santa-elena\/\" \/>\n<meta property=\"og:locale\" content=\"es_ES\" \/>\n<meta property=\"og:type\" content=\"article\" \/>\n<meta property=\"og:title\" content=\"Retuvieron embarcaci\u00f3n por navegar con documentaci\u00f3n desactualizada en Santa Elena\" \/>\n<meta property=\"og:description\" content=\"Una lancha guardacosta retuvo al barco pesquero \u2018Rosa M\u00edstica\u2019, que se encontraba navegando a nueve millas de la puntilla de Santa Elena con documentaci\u00f3n desactualizada y sin dispositivo de monitoreo satelital. La retenci\u00f3n se&#046;&#046;&#046;\" \/>\n<meta property=\"og:url\" content=\"https:\/\/noti-america.com\/site\/ecuador\/2019\/09\/12\/retuvieron-embarcacion-por-navegar-con-documentacion-desactualizada-en-santa-elena\/\" \/>\n<meta property=\"og:site_name\" content=\"Ecuador | Noti-America.com\" \/>\n<meta property=\"article:author\" content=\"https:\/\/www.facebook.com\/geojuradopuente\" \/>\n<meta property=\"article:published_time\" content=\"2019-09-12T19:11:33+00:00\" \/>\n<meta property=\"og:image\" content=\"https:\/\/noti-america.com\/site\/ecuador\/wp-content\/uploads\/sites\/18\/2019\/09\/Embarcaci\u00f3n_Retenida1-1.jpeg\" \/>\n\t<meta property=\"og:image:width\" content=\"865\" \/>\n\t<meta property=\"og:image:height\" content=\"558\" \/>\n\t<meta property=\"og:image:type\" content=\"image\/jpeg\" \/>\n<meta name=\"author\" content=\"Mgtr. Geovanny Jurado Puente\" \/>\n<meta name=\"twitter:card\" content=\"summary_large_image\" \/>\n<meta name=\"twitter:creator\" content=\"@GeoJurado\" \/>\n<meta name=\"twitter:site\" content=\"@notiamerica\" \/>\n<meta name=\"twitter:label1\" content=\"Escrito por\" \/>\n\t<meta name=\"twitter:data1\" content=\"Mgtr. Geovanny Jurado Puente\" \/>\n\t<meta name=\"twitter:label2\" content=\"Tiempo estimado de lectura\" \/>\n\t<meta name=\"twitter:data2\" content=\"1 minuto\" \/>\n<script type=\"application\/ld+json\" class=\"yoast-schema-graph\">{\"@context\":\"https:\/\/schema.org\",\"@graph\":[{\"@type\":\"Article\",\"@id\":\"https:\/\/noti-america.com\/site\/ecuador\/2019\/09\/12\/retuvieron-embarcacion-por-navegar-con-documentacion-desactualizada-en-santa-elena\/#article\",\"isPartOf\":{\"@id\":\"https:\/\/noti-america.com\/site\/ecuador\/2019\/09\/12\/retuvieron-embarcacion-por-navegar-con-documentacion-desactualizada-en-santa-elena\/\"},\"author\":{\"name\":\"Mgtr. Geovanny Jurado Puente\",\"@id\":\"https:\/\/noti-america.com\/site\/ecuador\/#\/schema\/person\/eafaa0d78b886269707bbd67c79282d8\"},\"headline\":\"Retuvieron embarcaci\u00f3n por navegar con documentaci\u00f3n desactualizada en Santa Elena\",\"datePublished\":\"2019-09-12T19:11:33+00:00\",\"mainEntityOfPage\":{\"@id\":\"https:\/\/noti-america.com\/site\/ecuador\/2019\/09\/12\/retuvieron-embarcacion-por-navegar-con-documentacion-desactualizada-en-santa-elena\/\"},\"wordCount\":146,\"commentCount\":0,\"publisher\":{\"@id\":\"https:\/\/noti-america.com\/site\/ecuador\/#organization\"},\"image\":{\"@id\":\"https:\/\/noti-america.com\/site\/ecuador\/2019\/09\/12\/retuvieron-embarcacion-por-navegar-con-documentacion-desactualizada-en-santa-elena\/#primaryimage\"},\"thumbnailUrl\":\"https:\/\/noti-america.com\/site\/ecuador\/wp-content\/uploads\/sites\/18\/2019\/09\/Embarcaci\u00f3n_Retenida1-1.jpeg\",\"articleSection\":[\"Seguridad\"],\"inLanguage\":\"es\",\"potentialAction\":[{\"@type\":\"CommentAction\",\"name\":\"Comment\",\"target\":[\"https:\/\/noti-america.com\/site\/ecuador\/2019\/09\/12\/retuvieron-embarcacion-por-navegar-con-documentacion-desactualizada-en-santa-elena\/#respond\"]}]},{\"@type\":\"WebPage\",\"@id\":\"https:\/\/noti-america.com\/site\/ecuador\/2019\/09\/12\/retuvieron-embarcacion-por-navegar-con-documentacion-desactualizada-en-santa-elena\/\",\"url\":\"https:\/\/noti-america.com\/site\/ecuador\/2019\/09\/12\/retuvieron-embarcacion-por-navegar-con-documentacion-desactualizada-en-santa-elena\/\",\"name\":\"Retuvieron embarcaci\u00f3n por navegar con documentaci\u00f3n desactualizada en Santa Elena - Ecuador | Noti-America.com\",\"isPartOf\":{\"@id\":\"https:\/\/noti-america.com\/site\/ecuador\/#website\"},\"primaryImageOfPage\":{\"@id\":\"https:\/\/noti-america.com\/site\/ecuador\/2019\/09\/12\/retuvieron-embarcacion-por-navegar-con-documentacion-desactualizada-en-santa-elena\/#primaryimage\"},\"image\":{\"@id\":\"https:\/\/noti-america.com\/site\/ecuador\/2019\/09\/12\/retuvieron-embarcacion-por-navegar-con-documentacion-desactualizada-en-santa-elena\/#primaryimage\"},\"thumbnailUrl\":\"https:\/\/noti-america.com\/site\/ecuador\/wp-content\/uploads\/sites\/18\/2019\/09\/Embarcaci\u00f3n_Retenida1-1.jpeg\",\"datePublished\":\"2019-09-12T19:11:33+00:00\",\"breadcrumb\":{\"@id\":\"https:\/\/noti-america.com\/site\/ecuador\/2019\/09\/12\/retuvieron-embarcacion-por-navegar-con-documentacion-desactualizada-en-santa-elena\/#breadcrumb\"},\"inLanguage\":\"es\",\"potentialAction\":[{\"@type\":\"ReadAction\",\"target\":[\"https:\/\/noti-america.com\/site\/ecuador\/2019\/09\/12\/retuvieron-embarcacion-por-navegar-con-documentacion-desactualizada-en-santa-elena\/\"]}]},{\"@type\":\"ImageObject\",\"inLanguage\":\"es\",\"@id\":\"https:\/\/noti-america.com\/site\/ecuador\/2019\/09\/12\/retuvieron-embarcacion-por-navegar-con-documentacion-desactualizada-en-santa-elena\/#primaryimage\",\"url\":\"https:\/\/noti-america.com\/site\/ecuador\/wp-content\/uploads\/sites\/18\/2019\/09\/Embarcaci\u00f3n_Retenida1-1.jpeg\",\"contentUrl\":\"https:\/\/noti-america.com\/site\/ecuador\/wp-content\/uploads\/sites\/18\/2019\/09\/Embarcaci\u00f3n_Retenida1-1.jpeg\",\"width\":865,\"height\":558},{\"@type\":\"BreadcrumbList\",\"@id\":\"https:\/\/noti-america.com\/site\/ecuador\/2019\/09\/12\/retuvieron-embarcacion-por-navegar-con-documentacion-desactualizada-en-santa-elena\/#breadcrumb\",\"itemListElement\":[{\"@type\":\"ListItem\",\"position\":1,\"name\":\"Portada\",\"item\":\"https:\/\/noti-america.com\/site\/ecuador\/\"},{\"@type\":\"ListItem\",\"position\":2,\"name\":\"Retuvieron embarcaci\u00f3n por navegar con documentaci\u00f3n desactualizada en Santa Elena\"}]},{\"@type\":\"WebSite\",\"@id\":\"https:\/\/noti-america.com\/site\/ecuador\/#website\",\"url\":\"https:\/\/noti-america.com\/site\/ecuador\/\",\"name\":\"Ecuador | Noti-America.com\",\"description\":\"\",\"publisher\":{\"@id\":\"https:\/\/noti-america.com\/site\/ecuador\/#organization\"},\"potentialAction\":[{\"@type\":\"SearchAction\",\"target\":{\"@type\":\"EntryPoint\",\"urlTemplate\":\"https:\/\/noti-america.com\/site\/ecuador\/?s={search_term_string}\"},\"query-input\":{\"@type\":\"PropertyValueSpecification\",\"valueRequired\":true,\"valueName\":\"search_term_string\"}}],\"inLanguage\":\"es\"},{\"@type\":\"Organization\",\"@id\":\"https:\/\/noti-america.com\/site\/ecuador\/#organization\",\"name\":\"Noti-America LLC | Ecuador\",\"url\":\"https:\/\/noti-america.com\/site\/ecuador\/\",\"logo\":{\"@type\":\"ImageObject\",\"inLanguage\":\"es\",\"@id\":\"https:\/\/noti-america.com\/site\/ecuador\/#\/schema\/logo\/image\/\",\"url\":\"https:\/\/noti-america.com\/site\/ecuador\/wp-content\/uploads\/sites\/18\/2020\/07\/LogoNA-4x3-1.jpg\",\"contentUrl\":\"https:\/\/noti-america.com\/site\/ecuador\/wp-content\/uploads\/sites\/18\/2020\/07\/LogoNA-4x3-1.jpg\",\"width\":1236,\"height\":1080,\"caption\":\"Noti-America LLC | Ecuador\"},\"image\":{\"@id\":\"https:\/\/noti-america.com\/site\/ecuador\/#\/schema\/logo\/image\/\"},\"sameAs\":[\"https:\/\/x.com\/notiamerica\"]},{\"@type\":\"Person\",\"@id\":\"https:\/\/noti-america.com\/site\/ecuador\/#\/schema\/person\/eafaa0d78b886269707bbd67c79282d8\",\"name\":\"Mgtr. Geovanny Jurado Puente\",\"image\":{\"@type\":\"ImageObject\",\"inLanguage\":\"es\",\"@id\":\"https:\/\/secure.gravatar.com\/avatar\/f837d50a2ea0d7cba882939210fb03249c2d70cdea88235e685f1a91ced24905?s=96&d=mm&r=g\",\"url\":\"https:\/\/secure.gravatar.com\/avatar\/f837d50a2ea0d7cba882939210fb03249c2d70cdea88235e685f1a91ced24905?s=96&d=mm&r=g\",\"contentUrl\":\"https:\/\/secure.gravatar.com\/avatar\/f837d50a2ea0d7cba882939210fb03249c2d70cdea88235e685f1a91ced24905?s=96&d=mm&r=g\",\"caption\":\"Mgtr. Geovanny Jurado Puente\"},\"description\":\"Mag\u00edster en Comunicaci\u00f3n, Menci\u00f3n Pol\u00edticas de Desarrollo Social; Licenciado en Ciencias de la Comunicaci\u00f3n Social; Docente Universitario; Miembro de la Red de Investigadores en Comunicaci\u00f3n del Ecuador (RICE); Miembro Fundador de la Red de Editoriales Universitarias y Escuelas Polit\u00e9cnicas del Ecuador (Reupde); ecuatoriano de nacimiento, con residencia en Daule.\",\"sameAs\":[\"https:\/\/www.facebook.com\/geojuradopuente\",\"Geo Jurado\",\"https:\/\/x.com\/GeoJurado\"],\"url\":\"https:\/\/noti-america.com\/site\/ecuador\/author\/gjurado\/\"}]}<\/script>\n<!-- \/ Yoast SEO Premium plugin. -->","yoast_head_json":{"title":"Retuvieron embarcaci\u00f3n por navegar con documentaci\u00f3n desactualizada en Santa Elena - Ecuador | Noti-America.com","robots":{"index":"index","follow":"follow","max-snippet":"max-snippet:-1","max-image-preview":"max-image-preview:large","max-video-preview":"max-video-preview:-1"},"canonical":"https:\/\/noti-america.com\/site\/ecuador\/2019\/09\/12\/retuvieron-embarcacion-por-navegar-con-documentacion-desactualizada-en-santa-elena\/","og_locale":"es_ES","og_type":"article","og_title":"Retuvieron embarcaci\u00f3n por navegar con documentaci\u00f3n desactualizada en Santa Elena","og_description":"Una lancha guardacosta retuvo al barco pesquero \u2018Rosa M\u00edstica\u2019, que se encontraba navegando a nueve millas de la puntilla de Santa Elena con documentaci\u00f3n desactualizada y sin dispositivo de monitoreo satelital. La retenci\u00f3n se&#46;&#46;&#46;","og_url":"https:\/\/noti-america.com\/site\/ecuador\/2019\/09\/12\/retuvieron-embarcacion-por-navegar-con-documentacion-desactualizada-en-santa-elena\/","og_site_name":"Ecuador | Noti-America.com","article_author":"https:\/\/www.facebook.com\/geojuradopuente","article_published_time":"2019-09-12T19:11:33+00:00","og_image":[{"width":865,"height":558,"url":"https:\/\/noti-america.com\/site\/ecuador\/wp-content\/uploads\/sites\/18\/2019\/09\/Embarcaci\u00f3n_Retenida1-1.jpeg","type":"image\/jpeg"}],"author":"Mgtr. Geovanny Jurado Puente","twitter_card":"summary_large_image","twitter_creator":"@GeoJurado","twitter_site":"@notiamerica","twitter_misc":{"Escrito por":"Mgtr. Geovanny Jurado Puente","Tiempo estimado de lectura":"1 minuto"},"schema":{"@context":"https:\/\/schema.org","@graph":[{"@type":"Article","@id":"https:\/\/noti-america.com\/site\/ecuador\/2019\/09\/12\/retuvieron-embarcacion-por-navegar-con-documentacion-desactualizada-en-santa-elena\/#article","isPartOf":{"@id":"https:\/\/noti-america.com\/site\/ecuador\/2019\/09\/12\/retuvieron-embarcacion-por-navegar-con-documentacion-desactualizada-en-santa-elena\/"},"author":{"name":"Mgtr. Geovanny Jurado Puente","@id":"https:\/\/noti-america.com\/site\/ecuador\/#\/schema\/person\/eafaa0d78b886269707bbd67c79282d8"},"headline":"Retuvieron embarcaci\u00f3n por navegar con documentaci\u00f3n desactualizada en Santa Elena","datePublished":"2019-09-12T19:11:33+00:00","mainEntityOfPage":{"@id":"https:\/\/noti-america.com\/site\/ecuador\/2019\/09\/12\/retuvieron-embarcacion-por-navegar-con-documentacion-desactualizada-en-santa-elena\/"},"wordCount":146,"commentCount":0,"publisher":{"@id":"https:\/\/noti-america.com\/site\/ecuador\/#organization"},"image":{"@id":"https:\/\/noti-america.com\/site\/ecuador\/2019\/09\/12\/retuvieron-embarcacion-por-navegar-con-documentacion-desactualizada-en-santa-elena\/#primaryimage"},"thumbnailUrl":"https:\/\/noti-america.com\/site\/ecuador\/wp-content\/uploads\/sites\/18\/2019\/09\/Embarcaci\u00f3n_Retenida1-1.jpeg","articleSection":["Seguridad"],"inLanguage":"es","potentialAction":[{"@type":"CommentAction","name":"Comment","target":["https:\/\/noti-america.com\/site\/ecuador\/2019\/09\/12\/retuvieron-embarcacion-por-navegar-con-documentacion-desactualizada-en-santa-elena\/#respond"]}]},{"@type":"WebPage","@id":"https:\/\/noti-america.com\/site\/ecuador\/2019\/09\/12\/retuvieron-embarcacion-por-navegar-con-documentacion-desactualizada-en-santa-elena\/","url":"https:\/\/noti-america.com\/site\/ecuador\/2019\/09\/12\/retuvieron-embarcacion-por-navegar-con-documentacion-desactualizada-en-santa-elena\/","name":"Retuvieron embarcaci\u00f3n por navegar con documentaci\u00f3n desactualizada en Santa Elena - Ecuador | Noti-America.com","isPartOf":{"@id":"https:\/\/noti-america.com\/site\/ecuador\/#website"},"primaryImageOfPage":{"@id":"https:\/\/noti-america.com\/site\/ecuador\/2019\/09\/12\/retuvieron-embarcacion-por-navegar-con-documentacion-desactualizada-en-santa-elena\/#primaryimage"},"image":{"@id":"https:\/\/noti-america.com\/site\/ecuador\/2019\/09\/12\/retuvieron-embarcacion-por-navegar-con-documentacion-desactualizada-en-santa-elena\/#primaryimage"},"thumbnailUrl":"https:\/\/noti-america.com\/site\/ecuador\/wp-content\/uploads\/sites\/18\/2019\/09\/Embarcaci\u00f3n_Retenida1-1.jpeg","datePublished":"2019-09-12T19:11:33+00:00","breadcrumb":{"@id":"https:\/\/noti-america.com\/site\/ecuador\/2019\/09\/12\/retuvieron-embarcacion-por-navegar-con-documentacion-desactualizada-en-santa-elena\/#breadcrumb"},"inLanguage":"es","potentialAction":[{"@type":"ReadAction","target":["https:\/\/noti-america.com\/site\/ecuador\/2019\/09\/12\/retuvieron-embarcacion-por-navegar-con-documentacion-desactualizada-en-santa-elena\/"]}]},{"@type":"ImageObject","inLanguage":"es","@id":"https:\/\/noti-america.com\/site\/ecuador\/2019\/09\/12\/retuvieron-embarcacion-por-navegar-con-documentacion-desactualizada-en-santa-elena\/#primaryimage","url":"https:\/\/noti-america.com\/site\/ecuador\/wp-content\/uploads\/sites\/18\/2019\/09\/Embarcaci\u00f3n_Retenida1-1.jpeg","contentUrl":"https:\/\/noti-america.com\/site\/ecuador\/wp-content\/uploads\/sites\/18\/2019\/09\/Embarcaci\u00f3n_Retenida1-1.jpeg","width":865,"height":558},{"@type":"BreadcrumbList","@id":"https:\/\/noti-america.com\/site\/ecuador\/2019\/09\/12\/retuvieron-embarcacion-por-navegar-con-documentacion-desactualizada-en-santa-elena\/#breadcrumb","itemListElement":[{"@type":"ListItem","position":1,"name":"Portada","item":"https:\/\/noti-america.com\/site\/ecuador\/"},{"@type":"ListItem","position":2,"name":"Retuvieron embarcaci\u00f3n por navegar con documentaci\u00f3n desactualizada en Santa Elena"}]},{"@type":"WebSite","@id":"https:\/\/noti-america.com\/site\/ecuador\/#website","url":"https:\/\/noti-america.com\/site\/ecuador\/","name":"Ecuador | Noti-America.com","description":"","publisher":{"@id":"https:\/\/noti-america.com\/site\/ecuador\/#organization"},"potentialAction":[{"@type":"SearchAction","target":{"@type":"EntryPoint","urlTemplate":"https:\/\/noti-america.com\/site\/ecuador\/?s={search_term_string}"},"query-input":{"@type":"PropertyValueSpecification","valueRequired":true,"valueName":"search_term_string"}}],"inLanguage":"es"},{"@type":"Organization","@id":"https:\/\/noti-america.com\/site\/ecuador\/#organization","name":"Noti-America LLC | Ecuador","url":"https:\/\/noti-america.com\/site\/ecuador\/","logo":{"@type":"ImageObject","inLanguage":"es","@id":"https:\/\/noti-america.com\/site\/ecuador\/#\/schema\/logo\/image\/","url":"https:\/\/noti-america.com\/site\/ecuador\/wp-content\/uploads\/sites\/18\/2020\/07\/LogoNA-4x3-1.jpg","contentUrl":"https:\/\/noti-america.com\/site\/ecuador\/wp-content\/uploads\/sites\/18\/2020\/07\/LogoNA-4x3-1.jpg","width":1236,"height":1080,"caption":"Noti-America LLC | Ecuador"},"image":{"@id":"https:\/\/noti-america.com\/site\/ecuador\/#\/schema\/logo\/image\/"},"sameAs":["https:\/\/x.com\/notiamerica"]},{"@type":"Person","@id":"https:\/\/noti-america.com\/site\/ecuador\/#\/schema\/person\/eafaa0d78b886269707bbd67c79282d8","name":"Mgtr. Geovanny Jurado Puente","image":{"@type":"ImageObject","inLanguage":"es","@id":"https:\/\/secure.gravatar.com\/avatar\/f837d50a2ea0d7cba882939210fb03249c2d70cdea88235e685f1a91ced24905?s=96&d=mm&r=g","url":"https:\/\/secure.gravatar.com\/avatar\/f837d50a2ea0d7cba882939210fb03249c2d70cdea88235e685f1a91ced24905?s=96&d=mm&r=g","contentUrl":"https:\/\/secure.gravatar.com\/avatar\/f837d50a2ea0d7cba882939210fb03249c2d70cdea88235e685f1a91ced24905?s=96&d=mm&r=g","caption":"Mgtr. Geovanny Jurado Puente"},"description":"Mag\u00edster en Comunicaci\u00f3n, Menci\u00f3n Pol\u00edticas de Desarrollo Social; Licenciado en Ciencias de la Comunicaci\u00f3n Social; Docente Universitario; Miembro de la Red de Investigadores en Comunicaci\u00f3n del Ecuador (RICE); Miembro Fundador de la Red de Editoriales Universitarias y Escuelas Polit\u00e9cnicas del Ecuador (Reupde); ecuatoriano de nacimiento, con residencia en Daule.","sameAs":["https:\/\/www.facebook.com\/geojuradopuente","Geo Jurado","https:\/\/x.com\/GeoJurado"],"url":"https:\/\/noti-america.com\/site\/ecuador\/author\/gjurado\/"}]}},"_links":{"self":[{"href":"https:\/\/noti-america.com\/site\/ecuador\/wp-json\/wp\/v2\/posts\/5565","targetHints":{"allow":["GET"]}}],"collection":[{"href":"https:\/\/noti-america.com\/site\/ecuador\/wp-json\/wp\/v2\/posts"}],"about":[{"href":"https:\/\/noti-america.com\/site\/ecuador\/wp-json\/wp\/v2\/types\/post"}],"author":[{"embeddable":true,"href":"https:\/\/noti-america.com\/site\/ecuador\/wp-json\/wp\/v2\/users\/54"}],"replies":[{"embeddable":true,"href":"https:\/\/noti-america.com\/site\/ecuador\/wp-json\/wp\/v2\/comments?post=5565"}],"version-history":[{"count":1,"href":"https:\/\/noti-america.com\/site\/ecuador\/wp-json\/wp\/v2\/posts\/5565\/revisions"}],"predecessor-version":[{"id":5569,"href":"https:\/\/noti-america.com\/site\/ecuador\/wp-json\/wp\/v2\/posts\/5565\/revisions\/5569"}],"wp:featuredmedia":[{"embeddable":true,"href":"https:\/\/noti-america.com\/site\/ecuador\/wp-json\/wp\/v2\/media\/5568"}],"wp:attachment":[{"href":"https:\/\/noti-america.com\/site\/ecuador\/wp-json\/wp\/v2\/media?parent=5565"}],"wp:term":[{"taxonomy":"category","embeddable":true,"href":"https:\/\/noti-america.com\/site\/ecuador\/wp-json\/wp\/v2\/categories?post=5565"},{"taxonomy":"post_tag","embeddable":true,"href":"https:\/\/noti-america.com\/site\/ecuador\/wp-json\/wp\/v2\/tags?post=5565"}],"curies":[{"name":"wp","href":"https:\/\/api.w.org\/{rel}","templated":true}]}}