{"id":5547,"date":"2019-09-12T17:53:54","date_gmt":"2019-09-12T17:53:54","guid":{"rendered":"http:\/\/noti-america.com\/site\/ecuador\/?p=5547"},"modified":"2019-09-12T17:53:54","modified_gmt":"2019-09-12T17:53:54","slug":"constantes-operativos-de-control-vehicular-se-realizan-en-guayaquil","status":"publish","type":"post","link":"https:\/\/noti-america.com\/site\/ecuador\/2019\/09\/12\/constantes-operativos-de-control-vehicular-se-realizan-en-guayaquil\/","title":{"rendered":"Constantes operativos de control vehicular se realizan en Guayaquil"},"content":{"rendered":"<p><img loading=\"lazy\" decoding=\"async\" class=\"wp-image-5548 aligncenter\" src=\"http:\/\/noti-america.com\/site\/ecuador\/wp-content\/uploads\/sites\/18\/2019\/09\/Operativos_ATM1-300x167.jpeg\" alt=\"\" width=\"627\" height=\"349\" srcset=\"https:\/\/noti-america.com\/site\/ecuador\/wp-content\/uploads\/sites\/18\/2019\/09\/Operativos_ATM1-300x167.jpeg 300w, https:\/\/noti-america.com\/site\/ecuador\/wp-content\/uploads\/sites\/18\/2019\/09\/Operativos_ATM1-768x427.jpeg 768w, https:\/\/noti-america.com\/site\/ecuador\/wp-content\/uploads\/sites\/18\/2019\/09\/Operativos_ATM1-1024x569.jpeg 1024w, https:\/\/noti-america.com\/site\/ecuador\/wp-content\/uploads\/sites\/18\/2019\/09\/Operativos_ATM1.jpeg 1080w\" sizes=\"auto, (max-width: 627px) 100vw, 627px\" \/><\/p>\n<p style=\"text-align: justify\">La Autoridad de Tr\u00e1nsito Municipal (ATM) mantiene los operativos de control vehicular en la ciudad de Guayaquil.<\/p>\n<p style=\"text-align: justify\">Esta medida se la desarrolla para garantizar la seguridad vial y el buen funcionamiento del veh\u00edculo. Para ello, se verifica el cumplimiento de las normas t\u00e9cnicas y la vigencia de la documentaci\u00f3n.<\/p>\n<p><img loading=\"lazy\" decoding=\"async\" class=\" wp-image-5549 alignleft\" src=\"http:\/\/noti-america.com\/site\/ecuador\/wp-content\/uploads\/sites\/18\/2019\/09\/Operativos_ATM-300x203.jpeg\" alt=\"\" width=\"322\" height=\"218\" srcset=\"https:\/\/noti-america.com\/site\/ecuador\/wp-content\/uploads\/sites\/18\/2019\/09\/Operativos_ATM-300x203.jpeg 300w, https:\/\/noti-america.com\/site\/ecuador\/wp-content\/uploads\/sites\/18\/2019\/09\/Operativos_ATM-768x520.jpeg 768w, https:\/\/noti-america.com\/site\/ecuador\/wp-content\/uploads\/sites\/18\/2019\/09\/Operativos_ATM.jpeg 887w\" sizes=\"auto, (max-width: 322px) 100vw, 322px\" \/><\/p>\n<p style=\"text-align: justify\">Luis Lalama, director de control de la ATM, inform\u00f3 que estas inspecciones se las realiza con un equipo t\u00e9cnico especializado del grupo SGS, quienes se encargan de las mediciones mecatr\u00f3nicas de las unidades, mientras que los agentes civiles de tr\u00e1nsito revisan la documentaci\u00f3n y el estado del automotor.<\/p>\n<p style=\"text-align: justify\">\u201cLa finalidad de estos controles es para cumplir un orden en el tr\u00e1nsito de la ciudad. Los conductores deben contar con la documentaci\u00f3n vigente. Vamos a retener a todos los que no cumplen con los par\u00e1metros de la ley\u201d, resalt\u00f3.<\/p>\n<p><img loading=\"lazy\" decoding=\"async\" class=\" wp-image-5550 alignright\" src=\"http:\/\/noti-america.com\/site\/ecuador\/wp-content\/uploads\/sites\/18\/2019\/09\/Operativos_ATM2-300x167.jpeg\" alt=\"\" width=\"478\" height=\"266\" srcset=\"https:\/\/noti-america.com\/site\/ecuador\/wp-content\/uploads\/sites\/18\/2019\/09\/Operativos_ATM2-300x167.jpeg 300w, https:\/\/noti-america.com\/site\/ecuador\/wp-content\/uploads\/sites\/18\/2019\/09\/Operativos_ATM2-768x427.jpeg 768w, https:\/\/noti-america.com\/site\/ecuador\/wp-content\/uploads\/sites\/18\/2019\/09\/Operativos_ATM2-1024x569.jpeg 1024w, https:\/\/noti-america.com\/site\/ecuador\/wp-content\/uploads\/sites\/18\/2019\/09\/Operativos_ATM2.jpeg 1080w\" sizes=\"auto, (max-width: 478px) 100vw, 478px\" \/><\/p>\n<p style=\"text-align: justify\">En los operativos, es recurrente encontrar una alta incidencia de veh\u00edculos con llantas lisas y parabrisas rotos, as\u00ed lo se\u00f1al\u00f3 Luis Torres, gerente de gesti\u00f3n vehicular de SGS.<\/p>\n<p style=\"text-align: justify\">\u201cHay veh\u00edculos que realizaron la revisi\u00f3n en cantones cercanos por evadir la revisi\u00f3n t\u00e9cnica vehicular. No cumplen las medidas de seguridad\u201d, a\u00f1adi\u00f3.<\/p>\n<p style=\"text-align: justify\">Durante el trabajo efectuado en la v\u00eda Perimetral, a la altura del Trinipuerto, se retuvieron 2 furgonetas, 3 autos y 6 buses de transporte p\u00fablico, por no cumplir con las normas t\u00e9cnicas.<\/p>\n<p style=\"text-align: justify\">Para mitigar los accidentes de tr\u00e1nsito, la ATM informa que se mantienen los controles permanentes en distintos puntos de la ciudad.<\/p>\n","protected":false},"excerpt":{"rendered":"<p>La Autoridad de Tr\u00e1nsito Municipal (ATM) mantiene los operativos de control vehicular en la ciudad de Guayaquil. Esta medida se la desarrolla para garantizar la seguridad vial y el buen funcionamiento del veh\u00edculo. Para&#46;&#46;&#46;<\/p>\n","protected":false},"author":54,"featured_media":5552,"comment_status":"open","ping_status":"open","sticky":false,"template":"","format":"standard","meta":{"_acf_changed":false,"om_disable_all_campaigns":false,"rop_custom_images_group":[],"rop_custom_messages_group":[],"rop_publish_now":"initial","rop_publish_now_accounts":{"twitter_242054905_242054905":""},"rop_publish_now_history":[],"rop_publish_now_status":"pending","_uf_show_specific_survey":0,"_uf_disable_surveys":false,"footnotes":""},"categories":[109],"tags":[],"class_list":["post-5547","post","type-post","status-publish","format-standard","has-post-thumbnail","hentry","category-seguridad"],"acf":[],"aioseo_notices":[],"yoast_head":"<!-- This site is optimized with the Yoast SEO Premium plugin v24.9 (Yoast SEO v27.2) - https:\/\/yoast.com\/product\/yoast-seo-premium-wordpress\/ -->\n<title>Constantes operativos de control vehicular se realizan en Guayaquil - Ecuador | Noti-America.com<\/title>\n<meta name=\"robots\" content=\"index, follow, max-snippet:-1, max-image-preview:large, max-video-preview:-1\" \/>\n<link rel=\"canonical\" href=\"https:\/\/noti-america.com\/site\/ecuador\/2019\/09\/12\/constantes-operativos-de-control-vehicular-se-realizan-en-guayaquil\/\" \/>\n<meta property=\"og:locale\" content=\"es_ES\" \/>\n<meta property=\"og:type\" content=\"article\" \/>\n<meta property=\"og:title\" content=\"Constantes operativos de control vehicular se realizan en Guayaquil\" \/>\n<meta property=\"og:description\" content=\"La Autoridad de Tr\u00e1nsito Municipal (ATM) mantiene los operativos de control vehicular en la ciudad de Guayaquil. Esta medida se la desarrolla para garantizar la seguridad vial y el buen funcionamiento del veh\u00edculo. Para&#046;&#046;&#046;\" \/>\n<meta property=\"og:url\" content=\"https:\/\/noti-america.com\/site\/ecuador\/2019\/09\/12\/constantes-operativos-de-control-vehicular-se-realizan-en-guayaquil\/\" \/>\n<meta property=\"og:site_name\" content=\"Ecuador | Noti-America.com\" \/>\n<meta property=\"article:author\" content=\"https:\/\/www.facebook.com\/geojuradopuente\" \/>\n<meta property=\"article:published_time\" content=\"2019-09-12T17:53:54+00:00\" \/>\n<meta property=\"og:image\" content=\"https:\/\/noti-america.com\/site\/ecuador\/wp-content\/uploads\/sites\/18\/2019\/09\/Operativos_ATM1-2.jpeg\" \/>\n\t<meta property=\"og:image:width\" content=\"1080\" \/>\n\t<meta property=\"og:image:height\" content=\"600\" \/>\n\t<meta property=\"og:image:type\" content=\"image\/jpeg\" \/>\n<meta name=\"author\" content=\"Mgtr. Geovanny Jurado Puente\" \/>\n<meta name=\"twitter:card\" content=\"summary_large_image\" \/>\n<meta name=\"twitter:creator\" content=\"@GeoJurado\" \/>\n<meta name=\"twitter:site\" content=\"@notiamerica\" \/>\n<meta name=\"twitter:label1\" content=\"Escrito por\" \/>\n\t<meta name=\"twitter:data1\" content=\"Mgtr. Geovanny Jurado Puente\" \/>\n\t<meta name=\"twitter:label2\" content=\"Tiempo estimado de lectura\" \/>\n\t<meta name=\"twitter:data2\" content=\"1 minuto\" \/>\n<script type=\"application\/ld+json\" class=\"yoast-schema-graph\">{\"@context\":\"https:\/\/schema.org\",\"@graph\":[{\"@type\":\"Article\",\"@id\":\"https:\/\/noti-america.com\/site\/ecuador\/2019\/09\/12\/constantes-operativos-de-control-vehicular-se-realizan-en-guayaquil\/#article\",\"isPartOf\":{\"@id\":\"https:\/\/noti-america.com\/site\/ecuador\/2019\/09\/12\/constantes-operativos-de-control-vehicular-se-realizan-en-guayaquil\/\"},\"author\":{\"name\":\"Mgtr. Geovanny Jurado Puente\",\"@id\":\"https:\/\/noti-america.com\/site\/ecuador\/#\/schema\/person\/eafaa0d78b886269707bbd67c79282d8\"},\"headline\":\"Constantes operativos de control vehicular se realizan en Guayaquil\",\"datePublished\":\"2019-09-12T17:53:54+00:00\",\"mainEntityOfPage\":{\"@id\":\"https:\/\/noti-america.com\/site\/ecuador\/2019\/09\/12\/constantes-operativos-de-control-vehicular-se-realizan-en-guayaquil\/\"},\"wordCount\":269,\"commentCount\":0,\"publisher\":{\"@id\":\"https:\/\/noti-america.com\/site\/ecuador\/#organization\"},\"image\":{\"@id\":\"https:\/\/noti-america.com\/site\/ecuador\/2019\/09\/12\/constantes-operativos-de-control-vehicular-se-realizan-en-guayaquil\/#primaryimage\"},\"thumbnailUrl\":\"https:\/\/noti-america.com\/site\/ecuador\/wp-content\/uploads\/sites\/18\/2019\/09\/Operativos_ATM1-2.jpeg\",\"articleSection\":[\"Seguridad\"],\"inLanguage\":\"es\",\"potentialAction\":[{\"@type\":\"CommentAction\",\"name\":\"Comment\",\"target\":[\"https:\/\/noti-america.com\/site\/ecuador\/2019\/09\/12\/constantes-operativos-de-control-vehicular-se-realizan-en-guayaquil\/#respond\"]}]},{\"@type\":\"WebPage\",\"@id\":\"https:\/\/noti-america.com\/site\/ecuador\/2019\/09\/12\/constantes-operativos-de-control-vehicular-se-realizan-en-guayaquil\/\",\"url\":\"https:\/\/noti-america.com\/site\/ecuador\/2019\/09\/12\/constantes-operativos-de-control-vehicular-se-realizan-en-guayaquil\/\",\"name\":\"Constantes operativos de control vehicular se realizan en Guayaquil - Ecuador | Noti-America.com\",\"isPartOf\":{\"@id\":\"https:\/\/noti-america.com\/site\/ecuador\/#website\"},\"primaryImageOfPage\":{\"@id\":\"https:\/\/noti-america.com\/site\/ecuador\/2019\/09\/12\/constantes-operativos-de-control-vehicular-se-realizan-en-guayaquil\/#primaryimage\"},\"image\":{\"@id\":\"https:\/\/noti-america.com\/site\/ecuador\/2019\/09\/12\/constantes-operativos-de-control-vehicular-se-realizan-en-guayaquil\/#primaryimage\"},\"thumbnailUrl\":\"https:\/\/noti-america.com\/site\/ecuador\/wp-content\/uploads\/sites\/18\/2019\/09\/Operativos_ATM1-2.jpeg\",\"datePublished\":\"2019-09-12T17:53:54+00:00\",\"breadcrumb\":{\"@id\":\"https:\/\/noti-america.com\/site\/ecuador\/2019\/09\/12\/constantes-operativos-de-control-vehicular-se-realizan-en-guayaquil\/#breadcrumb\"},\"inLanguage\":\"es\",\"potentialAction\":[{\"@type\":\"ReadAction\",\"target\":[\"https:\/\/noti-america.com\/site\/ecuador\/2019\/09\/12\/constantes-operativos-de-control-vehicular-se-realizan-en-guayaquil\/\"]}]},{\"@type\":\"ImageObject\",\"inLanguage\":\"es\",\"@id\":\"https:\/\/noti-america.com\/site\/ecuador\/2019\/09\/12\/constantes-operativos-de-control-vehicular-se-realizan-en-guayaquil\/#primaryimage\",\"url\":\"https:\/\/noti-america.com\/site\/ecuador\/wp-content\/uploads\/sites\/18\/2019\/09\/Operativos_ATM1-2.jpeg\",\"contentUrl\":\"https:\/\/noti-america.com\/site\/ecuador\/wp-content\/uploads\/sites\/18\/2019\/09\/Operativos_ATM1-2.jpeg\",\"width\":1080,\"height\":600},{\"@type\":\"BreadcrumbList\",\"@id\":\"https:\/\/noti-america.com\/site\/ecuador\/2019\/09\/12\/constantes-operativos-de-control-vehicular-se-realizan-en-guayaquil\/#breadcrumb\",\"itemListElement\":[{\"@type\":\"ListItem\",\"position\":1,\"name\":\"Portada\",\"item\":\"https:\/\/noti-america.com\/site\/ecuador\/\"},{\"@type\":\"ListItem\",\"position\":2,\"name\":\"Constantes operativos de control vehicular se realizan en Guayaquil\"}]},{\"@type\":\"WebSite\",\"@id\":\"https:\/\/noti-america.com\/site\/ecuador\/#website\",\"url\":\"https:\/\/noti-america.com\/site\/ecuador\/\",\"name\":\"Ecuador | Noti-America.com\",\"description\":\"\",\"publisher\":{\"@id\":\"https:\/\/noti-america.com\/site\/ecuador\/#organization\"},\"potentialAction\":[{\"@type\":\"SearchAction\",\"target\":{\"@type\":\"EntryPoint\",\"urlTemplate\":\"https:\/\/noti-america.com\/site\/ecuador\/?s={search_term_string}\"},\"query-input\":{\"@type\":\"PropertyValueSpecification\",\"valueRequired\":true,\"valueName\":\"search_term_string\"}}],\"inLanguage\":\"es\"},{\"@type\":\"Organization\",\"@id\":\"https:\/\/noti-america.com\/site\/ecuador\/#organization\",\"name\":\"Noti-America LLC | Ecuador\",\"url\":\"https:\/\/noti-america.com\/site\/ecuador\/\",\"logo\":{\"@type\":\"ImageObject\",\"inLanguage\":\"es\",\"@id\":\"https:\/\/noti-america.com\/site\/ecuador\/#\/schema\/logo\/image\/\",\"url\":\"https:\/\/noti-america.com\/site\/ecuador\/wp-content\/uploads\/sites\/18\/2020\/07\/LogoNA-4x3-1.jpg\",\"contentUrl\":\"https:\/\/noti-america.com\/site\/ecuador\/wp-content\/uploads\/sites\/18\/2020\/07\/LogoNA-4x3-1.jpg\",\"width\":1236,\"height\":1080,\"caption\":\"Noti-America LLC | Ecuador\"},\"image\":{\"@id\":\"https:\/\/noti-america.com\/site\/ecuador\/#\/schema\/logo\/image\/\"},\"sameAs\":[\"https:\/\/x.com\/notiamerica\"]},{\"@type\":\"Person\",\"@id\":\"https:\/\/noti-america.com\/site\/ecuador\/#\/schema\/person\/eafaa0d78b886269707bbd67c79282d8\",\"name\":\"Mgtr. Geovanny Jurado Puente\",\"image\":{\"@type\":\"ImageObject\",\"inLanguage\":\"es\",\"@id\":\"https:\/\/secure.gravatar.com\/avatar\/f837d50a2ea0d7cba882939210fb03249c2d70cdea88235e685f1a91ced24905?s=96&d=mm&r=g\",\"url\":\"https:\/\/secure.gravatar.com\/avatar\/f837d50a2ea0d7cba882939210fb03249c2d70cdea88235e685f1a91ced24905?s=96&d=mm&r=g\",\"contentUrl\":\"https:\/\/secure.gravatar.com\/avatar\/f837d50a2ea0d7cba882939210fb03249c2d70cdea88235e685f1a91ced24905?s=96&d=mm&r=g\",\"caption\":\"Mgtr. Geovanny Jurado Puente\"},\"description\":\"Mag\u00edster en Comunicaci\u00f3n, Menci\u00f3n Pol\u00edticas de Desarrollo Social; Licenciado en Ciencias de la Comunicaci\u00f3n Social; Docente Universitario; Miembro de la Red de Investigadores en Comunicaci\u00f3n del Ecuador (RICE); Miembro Fundador de la Red de Editoriales Universitarias y Escuelas Polit\u00e9cnicas del Ecuador (Reupde); ecuatoriano de nacimiento, con residencia en Daule.\",\"sameAs\":[\"https:\/\/www.facebook.com\/geojuradopuente\",\"Geo Jurado\",\"https:\/\/x.com\/GeoJurado\"],\"url\":\"https:\/\/noti-america.com\/site\/ecuador\/author\/gjurado\/\"}]}<\/script>\n<!-- \/ Yoast SEO Premium plugin. -->","yoast_head_json":{"title":"Constantes operativos de control vehicular se realizan en Guayaquil - Ecuador | Noti-America.com","robots":{"index":"index","follow":"follow","max-snippet":"max-snippet:-1","max-image-preview":"max-image-preview:large","max-video-preview":"max-video-preview:-1"},"canonical":"https:\/\/noti-america.com\/site\/ecuador\/2019\/09\/12\/constantes-operativos-de-control-vehicular-se-realizan-en-guayaquil\/","og_locale":"es_ES","og_type":"article","og_title":"Constantes operativos de control vehicular se realizan en Guayaquil","og_description":"La Autoridad de Tr\u00e1nsito Municipal (ATM) mantiene los operativos de control vehicular en la ciudad de Guayaquil. Esta medida se la desarrolla para garantizar la seguridad vial y el buen funcionamiento del veh\u00edculo. Para&#46;&#46;&#46;","og_url":"https:\/\/noti-america.com\/site\/ecuador\/2019\/09\/12\/constantes-operativos-de-control-vehicular-se-realizan-en-guayaquil\/","og_site_name":"Ecuador | Noti-America.com","article_author":"https:\/\/www.facebook.com\/geojuradopuente","article_published_time":"2019-09-12T17:53:54+00:00","og_image":[{"width":1080,"height":600,"url":"https:\/\/noti-america.com\/site\/ecuador\/wp-content\/uploads\/sites\/18\/2019\/09\/Operativos_ATM1-2.jpeg","type":"image\/jpeg"}],"author":"Mgtr. Geovanny Jurado Puente","twitter_card":"summary_large_image","twitter_creator":"@GeoJurado","twitter_site":"@notiamerica","twitter_misc":{"Escrito por":"Mgtr. Geovanny Jurado Puente","Tiempo estimado de lectura":"1 minuto"},"schema":{"@context":"https:\/\/schema.org","@graph":[{"@type":"Article","@id":"https:\/\/noti-america.com\/site\/ecuador\/2019\/09\/12\/constantes-operativos-de-control-vehicular-se-realizan-en-guayaquil\/#article","isPartOf":{"@id":"https:\/\/noti-america.com\/site\/ecuador\/2019\/09\/12\/constantes-operativos-de-control-vehicular-se-realizan-en-guayaquil\/"},"author":{"name":"Mgtr. Geovanny Jurado Puente","@id":"https:\/\/noti-america.com\/site\/ecuador\/#\/schema\/person\/eafaa0d78b886269707bbd67c79282d8"},"headline":"Constantes operativos de control vehicular se realizan en Guayaquil","datePublished":"2019-09-12T17:53:54+00:00","mainEntityOfPage":{"@id":"https:\/\/noti-america.com\/site\/ecuador\/2019\/09\/12\/constantes-operativos-de-control-vehicular-se-realizan-en-guayaquil\/"},"wordCount":269,"commentCount":0,"publisher":{"@id":"https:\/\/noti-america.com\/site\/ecuador\/#organization"},"image":{"@id":"https:\/\/noti-america.com\/site\/ecuador\/2019\/09\/12\/constantes-operativos-de-control-vehicular-se-realizan-en-guayaquil\/#primaryimage"},"thumbnailUrl":"https:\/\/noti-america.com\/site\/ecuador\/wp-content\/uploads\/sites\/18\/2019\/09\/Operativos_ATM1-2.jpeg","articleSection":["Seguridad"],"inLanguage":"es","potentialAction":[{"@type":"CommentAction","name":"Comment","target":["https:\/\/noti-america.com\/site\/ecuador\/2019\/09\/12\/constantes-operativos-de-control-vehicular-se-realizan-en-guayaquil\/#respond"]}]},{"@type":"WebPage","@id":"https:\/\/noti-america.com\/site\/ecuador\/2019\/09\/12\/constantes-operativos-de-control-vehicular-se-realizan-en-guayaquil\/","url":"https:\/\/noti-america.com\/site\/ecuador\/2019\/09\/12\/constantes-operativos-de-control-vehicular-se-realizan-en-guayaquil\/","name":"Constantes operativos de control vehicular se realizan en Guayaquil - Ecuador | Noti-America.com","isPartOf":{"@id":"https:\/\/noti-america.com\/site\/ecuador\/#website"},"primaryImageOfPage":{"@id":"https:\/\/noti-america.com\/site\/ecuador\/2019\/09\/12\/constantes-operativos-de-control-vehicular-se-realizan-en-guayaquil\/#primaryimage"},"image":{"@id":"https:\/\/noti-america.com\/site\/ecuador\/2019\/09\/12\/constantes-operativos-de-control-vehicular-se-realizan-en-guayaquil\/#primaryimage"},"thumbnailUrl":"https:\/\/noti-america.com\/site\/ecuador\/wp-content\/uploads\/sites\/18\/2019\/09\/Operativos_ATM1-2.jpeg","datePublished":"2019-09-12T17:53:54+00:00","breadcrumb":{"@id":"https:\/\/noti-america.com\/site\/ecuador\/2019\/09\/12\/constantes-operativos-de-control-vehicular-se-realizan-en-guayaquil\/#breadcrumb"},"inLanguage":"es","potentialAction":[{"@type":"ReadAction","target":["https:\/\/noti-america.com\/site\/ecuador\/2019\/09\/12\/constantes-operativos-de-control-vehicular-se-realizan-en-guayaquil\/"]}]},{"@type":"ImageObject","inLanguage":"es","@id":"https:\/\/noti-america.com\/site\/ecuador\/2019\/09\/12\/constantes-operativos-de-control-vehicular-se-realizan-en-guayaquil\/#primaryimage","url":"https:\/\/noti-america.com\/site\/ecuador\/wp-content\/uploads\/sites\/18\/2019\/09\/Operativos_ATM1-2.jpeg","contentUrl":"https:\/\/noti-america.com\/site\/ecuador\/wp-content\/uploads\/sites\/18\/2019\/09\/Operativos_ATM1-2.jpeg","width":1080,"height":600},{"@type":"BreadcrumbList","@id":"https:\/\/noti-america.com\/site\/ecuador\/2019\/09\/12\/constantes-operativos-de-control-vehicular-se-realizan-en-guayaquil\/#breadcrumb","itemListElement":[{"@type":"ListItem","position":1,"name":"Portada","item":"https:\/\/noti-america.com\/site\/ecuador\/"},{"@type":"ListItem","position":2,"name":"Constantes operativos de control vehicular se realizan en Guayaquil"}]},{"@type":"WebSite","@id":"https:\/\/noti-america.com\/site\/ecuador\/#website","url":"https:\/\/noti-america.com\/site\/ecuador\/","name":"Ecuador | Noti-America.com","description":"","publisher":{"@id":"https:\/\/noti-america.com\/site\/ecuador\/#organization"},"potentialAction":[{"@type":"SearchAction","target":{"@type":"EntryPoint","urlTemplate":"https:\/\/noti-america.com\/site\/ecuador\/?s={search_term_string}"},"query-input":{"@type":"PropertyValueSpecification","valueRequired":true,"valueName":"search_term_string"}}],"inLanguage":"es"},{"@type":"Organization","@id":"https:\/\/noti-america.com\/site\/ecuador\/#organization","name":"Noti-America LLC | Ecuador","url":"https:\/\/noti-america.com\/site\/ecuador\/","logo":{"@type":"ImageObject","inLanguage":"es","@id":"https:\/\/noti-america.com\/site\/ecuador\/#\/schema\/logo\/image\/","url":"https:\/\/noti-america.com\/site\/ecuador\/wp-content\/uploads\/sites\/18\/2020\/07\/LogoNA-4x3-1.jpg","contentUrl":"https:\/\/noti-america.com\/site\/ecuador\/wp-content\/uploads\/sites\/18\/2020\/07\/LogoNA-4x3-1.jpg","width":1236,"height":1080,"caption":"Noti-America LLC | Ecuador"},"image":{"@id":"https:\/\/noti-america.com\/site\/ecuador\/#\/schema\/logo\/image\/"},"sameAs":["https:\/\/x.com\/notiamerica"]},{"@type":"Person","@id":"https:\/\/noti-america.com\/site\/ecuador\/#\/schema\/person\/eafaa0d78b886269707bbd67c79282d8","name":"Mgtr. Geovanny Jurado Puente","image":{"@type":"ImageObject","inLanguage":"es","@id":"https:\/\/secure.gravatar.com\/avatar\/f837d50a2ea0d7cba882939210fb03249c2d70cdea88235e685f1a91ced24905?s=96&d=mm&r=g","url":"https:\/\/secure.gravatar.com\/avatar\/f837d50a2ea0d7cba882939210fb03249c2d70cdea88235e685f1a91ced24905?s=96&d=mm&r=g","contentUrl":"https:\/\/secure.gravatar.com\/avatar\/f837d50a2ea0d7cba882939210fb03249c2d70cdea88235e685f1a91ced24905?s=96&d=mm&r=g","caption":"Mgtr. Geovanny Jurado Puente"},"description":"Mag\u00edster en Comunicaci\u00f3n, Menci\u00f3n Pol\u00edticas de Desarrollo Social; Licenciado en Ciencias de la Comunicaci\u00f3n Social; Docente Universitario; Miembro de la Red de Investigadores en Comunicaci\u00f3n del Ecuador (RICE); Miembro Fundador de la Red de Editoriales Universitarias y Escuelas Polit\u00e9cnicas del Ecuador (Reupde); ecuatoriano de nacimiento, con residencia en Daule.","sameAs":["https:\/\/www.facebook.com\/geojuradopuente","Geo Jurado","https:\/\/x.com\/GeoJurado"],"url":"https:\/\/noti-america.com\/site\/ecuador\/author\/gjurado\/"}]}},"_links":{"self":[{"href":"https:\/\/noti-america.com\/site\/ecuador\/wp-json\/wp\/v2\/posts\/5547","targetHints":{"allow":["GET"]}}],"collection":[{"href":"https:\/\/noti-america.com\/site\/ecuador\/wp-json\/wp\/v2\/posts"}],"about":[{"href":"https:\/\/noti-america.com\/site\/ecuador\/wp-json\/wp\/v2\/types\/post"}],"author":[{"embeddable":true,"href":"https:\/\/noti-america.com\/site\/ecuador\/wp-json\/wp\/v2\/users\/54"}],"replies":[{"embeddable":true,"href":"https:\/\/noti-america.com\/site\/ecuador\/wp-json\/wp\/v2\/comments?post=5547"}],"version-history":[{"count":1,"href":"https:\/\/noti-america.com\/site\/ecuador\/wp-json\/wp\/v2\/posts\/5547\/revisions"}],"predecessor-version":[{"id":5553,"href":"https:\/\/noti-america.com\/site\/ecuador\/wp-json\/wp\/v2\/posts\/5547\/revisions\/5553"}],"wp:featuredmedia":[{"embeddable":true,"href":"https:\/\/noti-america.com\/site\/ecuador\/wp-json\/wp\/v2\/media\/5552"}],"wp:attachment":[{"href":"https:\/\/noti-america.com\/site\/ecuador\/wp-json\/wp\/v2\/media?parent=5547"}],"wp:term":[{"taxonomy":"category","embeddable":true,"href":"https:\/\/noti-america.com\/site\/ecuador\/wp-json\/wp\/v2\/categories?post=5547"},{"taxonomy":"post_tag","embeddable":true,"href":"https:\/\/noti-america.com\/site\/ecuador\/wp-json\/wp\/v2\/tags?post=5547"}],"curies":[{"name":"wp","href":"https:\/\/api.w.org\/{rel}","templated":true}]}}