{"id":5360,"date":"2019-09-02T20:43:40","date_gmt":"2019-09-02T20:43:40","guid":{"rendered":"http:\/\/noti-america.com\/site\/ecuador\/?p=5360"},"modified":"2019-09-02T20:43:40","modified_gmt":"2019-09-02T20:43:40","slug":"sistema-de-emergencias-de-republica-dominicana-interesado-en-replicar-megafonia-ip-del-ecu-911","status":"publish","type":"post","link":"https:\/\/noti-america.com\/site\/ecuador\/2019\/09\/02\/sistema-de-emergencias-de-republica-dominicana-interesado-en-replicar-megafonia-ip-del-ecu-911\/","title":{"rendered":"Sistema de emergencias de Rep\u00fablica Dominicana interesado en replicar Megafon\u00eda IP del ECU 911"},"content":{"rendered":"<div id=\"attachment_5361\" style=\"width: 496px\" class=\"wp-caption alignleft\"><img loading=\"lazy\" decoding=\"async\" aria-describedby=\"caption-attachment-5361\" class=\" wp-image-5361\" src=\"http:\/\/noti-america.com\/site\/ecuador\/wp-content\/uploads\/sites\/18\/2019\/09\/ECU911_Rep\u00fablica_Dominicana-1-300x200.jpeg\" alt=\"\" width=\"486\" height=\"324\" srcset=\"https:\/\/noti-america.com\/site\/ecuador\/wp-content\/uploads\/sites\/18\/2019\/09\/ECU911_Rep\u00fablica_Dominicana-1-300x200.jpeg 300w, https:\/\/noti-america.com\/site\/ecuador\/wp-content\/uploads\/sites\/18\/2019\/09\/ECU911_Rep\u00fablica_Dominicana-1-768x512.jpeg 768w, https:\/\/noti-america.com\/site\/ecuador\/wp-content\/uploads\/sites\/18\/2019\/09\/ECU911_Rep\u00fablica_Dominicana-1-1024x682.jpeg 1024w, https:\/\/noti-america.com\/site\/ecuador\/wp-content\/uploads\/sites\/18\/2019\/09\/ECU911_Rep\u00fablica_Dominicana-1-272x182.jpeg 272w, https:\/\/noti-america.com\/site\/ecuador\/wp-content\/uploads\/sites\/18\/2019\/09\/ECU911_Rep\u00fablica_Dominicana-1.jpeg 1280w\" sizes=\"auto, (max-width: 486px) 100vw, 486px\" \/><p id=\"caption-attachment-5361\" class=\"wp-caption-text\">Los expertos internacionales recorrieron las salas del ECU 911 y mantuvieron reuniones de trabajo con distintas \u00e1reas del sistema de emergencias ecuatoriano.<\/p><\/div>\n<p style=\"text-align: justify\">Una delegaci\u00f3n del Sistema Nacional de Atenci\u00f3n a Emergencias y Seguridad 9-1-1 de Rep\u00fablica Dominicana visit\u00f3 Ecuador para fortalecer el intercambio de informaci\u00f3n y experiencias, la asesor\u00eda operativa y tecnol\u00f3gica, la capacitaci\u00f3n mutua en gesti\u00f3n de incidentes y replicar aspectos relacionados con la tecnolog\u00eda ecuatoriana, implementada por el Servicio Integrado de Seguridad ECU 911.<\/p>\n<p style=\"text-align: justify\">Los representantes de la instituci\u00f3n centroamericana estuvieron en el pa\u00eds entre el 28 y 30 de agosto y pudieron conocer funcionamiento el sistema de Megafon\u00eda IP que se implement\u00f3 desde 2015. Mostraron especial inter\u00e9s por emular esta plataforma tecnol\u00f3gica en su pa\u00eds.<\/p>\n<p style=\"text-align: justify\">En Ecuador, hay 177 puntos que cuentan con estos dispositivos sonoros. Esta es una tecnolog\u00eda con altoparlantes que se usa principalmente para difundir mensajes preventivos e informativos en una situaci\u00f3n de emergencia.<\/p>\n<p style=\"text-align: justify\">Su objetivo era conocer de cerca el funcionamiento tecnol\u00f3gico y operativo de esta herramienta auditiva que se usa como apoyo a las labores de seguridad, videovigilancia y atenci\u00f3n de incidentes.<\/p>\n<div id=\"attachment_5362\" style=\"width: 407px\" class=\"wp-caption alignright\"><img loading=\"lazy\" decoding=\"async\" aria-describedby=\"caption-attachment-5362\" class=\" wp-image-5362\" src=\"http:\/\/noti-america.com\/site\/ecuador\/wp-content\/uploads\/sites\/18\/2019\/09\/ECU911_Rep\u00fablica_Dominicana3-1-300x200.jpeg\" alt=\"\" width=\"397\" height=\"264\" srcset=\"https:\/\/noti-america.com\/site\/ecuador\/wp-content\/uploads\/sites\/18\/2019\/09\/ECU911_Rep\u00fablica_Dominicana3-1-300x200.jpeg 300w, https:\/\/noti-america.com\/site\/ecuador\/wp-content\/uploads\/sites\/18\/2019\/09\/ECU911_Rep\u00fablica_Dominicana3-1-768x512.jpeg 768w, https:\/\/noti-america.com\/site\/ecuador\/wp-content\/uploads\/sites\/18\/2019\/09\/ECU911_Rep\u00fablica_Dominicana3-1-1024x682.jpeg 1024w, https:\/\/noti-america.com\/site\/ecuador\/wp-content\/uploads\/sites\/18\/2019\/09\/ECU911_Rep\u00fablica_Dominicana3-1-272x182.jpeg 272w, https:\/\/noti-america.com\/site\/ecuador\/wp-content\/uploads\/sites\/18\/2019\/09\/ECU911_Rep\u00fablica_Dominicana3-1.jpeg 1280w\" sizes=\"auto, (max-width: 397px) 100vw, 397px\" \/><p id=\"caption-attachment-5362\" class=\"wp-caption-text\">Los dominicanos conocieron c\u00f3mo es el proceso para atender una emergencia y realizaron una evaluaci\u00f3n en sitio del funcionamiento de la videovigilancia y Megafon\u00eda IP.<\/p><\/div>\n<p style=\"text-align: justify\">El director general del ECU 911, Juan Zapata, explic\u00f3 que para instalar esta plataforma sonora se debe ejecutar un an\u00e1lisis t\u00e9cnico operativo en conjunto con los Gobiernos Aut\u00f3nomos Descentralizados con base en los estudios de variables de incidencia delictiva, sitios de concentraci\u00f3n de personas, control de espacios p\u00fablicos, plazas, parques, control de salubridad e higiene con enfoque preventivo, control de grafitis y aporte a la construcci\u00f3n de espacios urbanos seguros en general.<\/p>\n<p style=\"text-align: justify\">\u201cQue a los dos pa\u00edses nos juntan objetivos similares, que se cumplen cuando se salvan vidas, por eso son importantes est\u00e1n actividades que fortalecen la gesti\u00f3n institucional y reafirman la pol\u00edtica de puertas abiertas del ECU 911\u201d, expres\u00f3.<\/p>\n<div id=\"attachment_5363\" style=\"width: 530px\" class=\"wp-caption alignleft\"><img loading=\"lazy\" decoding=\"async\" aria-describedby=\"caption-attachment-5363\" class=\" wp-image-5363\" src=\"http:\/\/noti-america.com\/site\/ecuador\/wp-content\/uploads\/sites\/18\/2019\/09\/ECU911_Rep\u00fablica_Dominicana1-2-300x200.jpeg\" alt=\"\" width=\"520\" height=\"346\" srcset=\"https:\/\/noti-america.com\/site\/ecuador\/wp-content\/uploads\/sites\/18\/2019\/09\/ECU911_Rep\u00fablica_Dominicana1-2-300x200.jpeg 300w, https:\/\/noti-america.com\/site\/ecuador\/wp-content\/uploads\/sites\/18\/2019\/09\/ECU911_Rep\u00fablica_Dominicana1-2-768x512.jpeg 768w, https:\/\/noti-america.com\/site\/ecuador\/wp-content\/uploads\/sites\/18\/2019\/09\/ECU911_Rep\u00fablica_Dominicana1-2-1024x682.jpeg 1024w, https:\/\/noti-america.com\/site\/ecuador\/wp-content\/uploads\/sites\/18\/2019\/09\/ECU911_Rep\u00fablica_Dominicana1-2-272x182.jpeg 272w, https:\/\/noti-america.com\/site\/ecuador\/wp-content\/uploads\/sites\/18\/2019\/09\/ECU911_Rep\u00fablica_Dominicana1-2.jpeg 1280w\" sizes=\"auto, (max-width: 520px) 100vw, 520px\" \/><p id=\"caption-attachment-5363\" class=\"wp-caption-text\">El objetivo de estas visitas de delegaciones internacionales es que las buenas pr\u00e1cticas y la plataforma tecnol\u00f3gica de Ecuador se repliquen con el intercambio de experiencias para generar procesos de retroalimentaci\u00f3n mutua y aplicarlos en los pa\u00edses hermanos.<\/p><\/div>\n<p style=\"text-align: justify\">Adem\u00e1s, los expertos internacionales recorrieron las salas del ECU 911, mantuvieron reuniones de trabajo con distintas \u00e1reas del sistema de emergencias ecuatoriano, conocieron c\u00f3mo es el proceso para atender una emergencia y realizaron una evaluaci\u00f3n en sitio del funcionamiento de la videovigilancia y Megafon\u00eda IP.<\/p>\n<p style=\"text-align: justify\">La visita se desarroll\u00f3 en el marco del convenio firmado por ambas instituciones en septiembre de 2018, donde se establece el intercambio de buenas pr\u00e1cticas entre ambas instituciones, la posibilidad de la cooperaci\u00f3n a trav\u00e9s de informaci\u00f3n, an\u00e1lisis y experiencias en la realizaci\u00f3n de actividades conjuntas, elaboraci\u00f3n de publicaciones, investigaci\u00f3n, levantamiento de necesidades de asesor\u00eda t\u00e9cnica y capacitaci\u00f3n.<\/p>\n<p style=\"text-align: justify\">Hasta el momento, alrededor de 30 pa\u00edses han visitado y mostrado inter\u00e9s por replicar el modelo ecuatoriano para la asistencia de emergencias, ya que cumple est\u00e1ndares internacionales en el servicio ciudadano.<\/p>\n","protected":false},"excerpt":{"rendered":"<p>Una delegaci\u00f3n del Sistema Nacional de Atenci\u00f3n a Emergencias y Seguridad 9-1-1 de Rep\u00fablica Dominicana visit\u00f3 Ecuador para fortalecer el intercambio de informaci\u00f3n y experiencias, la asesor\u00eda operativa y tecnol\u00f3gica, la capacitaci\u00f3n mutua en&#46;&#46;&#46;<\/p>\n","protected":false},"author":54,"featured_media":5364,"comment_status":"open","ping_status":"open","sticky":false,"template":"","format":"standard","meta":{"_acf_changed":false,"om_disable_all_campaigns":false,"rop_custom_images_group":[],"rop_custom_messages_group":[],"rop_publish_now":"initial","rop_publish_now_accounts":{"twitter_242054905_242054905":""},"rop_publish_now_history":[],"rop_publish_now_status":"pending","_uf_show_specific_survey":0,"_uf_disable_surveys":false,"footnotes":""},"categories":[109],"tags":[],"class_list":["post-5360","post","type-post","status-publish","format-standard","has-post-thumbnail","hentry","category-seguridad"],"acf":[],"aioseo_notices":[],"yoast_head":"<!-- This site is optimized with the Yoast SEO Premium plugin v24.9 (Yoast SEO v27.2) - https:\/\/yoast.com\/product\/yoast-seo-premium-wordpress\/ -->\n<title>Sistema de emergencias de Rep\u00fablica Dominicana interesado en replicar Megafon\u00eda IP del ECU 911 - Ecuador | Noti-America.com<\/title>\n<meta name=\"robots\" content=\"index, follow, max-snippet:-1, max-image-preview:large, max-video-preview:-1\" \/>\n<link rel=\"canonical\" href=\"https:\/\/noti-america.com\/site\/ecuador\/2019\/09\/02\/sistema-de-emergencias-de-republica-dominicana-interesado-en-replicar-megafonia-ip-del-ecu-911\/\" \/>\n<meta property=\"og:locale\" content=\"es_ES\" \/>\n<meta property=\"og:type\" content=\"article\" \/>\n<meta property=\"og:title\" content=\"Sistema de emergencias de Rep\u00fablica Dominicana interesado en replicar Megafon\u00eda IP del ECU 911\" \/>\n<meta property=\"og:description\" content=\"Una delegaci\u00f3n del Sistema Nacional de Atenci\u00f3n a Emergencias y Seguridad 9-1-1 de Rep\u00fablica Dominicana visit\u00f3 Ecuador para fortalecer el intercambio de informaci\u00f3n y experiencias, la asesor\u00eda operativa y tecnol\u00f3gica, la capacitaci\u00f3n mutua en&#046;&#046;&#046;\" \/>\n<meta property=\"og:url\" content=\"https:\/\/noti-america.com\/site\/ecuador\/2019\/09\/02\/sistema-de-emergencias-de-republica-dominicana-interesado-en-replicar-megafonia-ip-del-ecu-911\/\" \/>\n<meta property=\"og:site_name\" content=\"Ecuador | Noti-America.com\" \/>\n<meta property=\"article:author\" content=\"https:\/\/www.facebook.com\/geojuradopuente\" \/>\n<meta property=\"article:published_time\" content=\"2019-09-02T20:43:40+00:00\" \/>\n<meta property=\"og:image\" content=\"https:\/\/noti-america.com\/site\/ecuador\/wp-content\/uploads\/sites\/18\/2019\/09\/ECU911_Rep\u00fablica_Dominicana-2.jpeg\" \/>\n\t<meta property=\"og:image:width\" content=\"1280\" \/>\n\t<meta property=\"og:image:height\" content=\"853\" \/>\n\t<meta property=\"og:image:type\" content=\"image\/jpeg\" \/>\n<meta name=\"author\" content=\"Mgtr. Geovanny Jurado Puente\" \/>\n<meta name=\"twitter:card\" content=\"summary_large_image\" \/>\n<meta name=\"twitter:creator\" content=\"@GeoJurado\" \/>\n<meta name=\"twitter:site\" content=\"@notiamerica\" \/>\n<meta name=\"twitter:label1\" content=\"Escrito por\" \/>\n\t<meta name=\"twitter:data1\" content=\"Mgtr. Geovanny Jurado Puente\" \/>\n\t<meta name=\"twitter:label2\" content=\"Tiempo estimado de lectura\" \/>\n\t<meta name=\"twitter:data2\" content=\"3 minutos\" \/>\n<script type=\"application\/ld+json\" class=\"yoast-schema-graph\">{\"@context\":\"https:\/\/schema.org\",\"@graph\":[{\"@type\":\"Article\",\"@id\":\"https:\/\/noti-america.com\/site\/ecuador\/2019\/09\/02\/sistema-de-emergencias-de-republica-dominicana-interesado-en-replicar-megafonia-ip-del-ecu-911\/#article\",\"isPartOf\":{\"@id\":\"https:\/\/noti-america.com\/site\/ecuador\/2019\/09\/02\/sistema-de-emergencias-de-republica-dominicana-interesado-en-replicar-megafonia-ip-del-ecu-911\/\"},\"author\":{\"name\":\"Mgtr. Geovanny Jurado Puente\",\"@id\":\"https:\/\/noti-america.com\/site\/ecuador\/#\/schema\/person\/eafaa0d78b886269707bbd67c79282d8\"},\"headline\":\"Sistema de emergencias de Rep\u00fablica Dominicana interesado en replicar Megafon\u00eda IP del ECU 911\",\"datePublished\":\"2019-09-02T20:43:40+00:00\",\"mainEntityOfPage\":{\"@id\":\"https:\/\/noti-america.com\/site\/ecuador\/2019\/09\/02\/sistema-de-emergencias-de-republica-dominicana-interesado-en-replicar-megafonia-ip-del-ecu-911\/\"},\"wordCount\":567,\"commentCount\":0,\"publisher\":{\"@id\":\"https:\/\/noti-america.com\/site\/ecuador\/#organization\"},\"image\":{\"@id\":\"https:\/\/noti-america.com\/site\/ecuador\/2019\/09\/02\/sistema-de-emergencias-de-republica-dominicana-interesado-en-replicar-megafonia-ip-del-ecu-911\/#primaryimage\"},\"thumbnailUrl\":\"https:\/\/noti-america.com\/site\/ecuador\/wp-content\/uploads\/sites\/18\/2019\/09\/ECU911_Rep\u00fablica_Dominicana-2.jpeg\",\"articleSection\":[\"Seguridad\"],\"inLanguage\":\"es\",\"potentialAction\":[{\"@type\":\"CommentAction\",\"name\":\"Comment\",\"target\":[\"https:\/\/noti-america.com\/site\/ecuador\/2019\/09\/02\/sistema-de-emergencias-de-republica-dominicana-interesado-en-replicar-megafonia-ip-del-ecu-911\/#respond\"]}]},{\"@type\":\"WebPage\",\"@id\":\"https:\/\/noti-america.com\/site\/ecuador\/2019\/09\/02\/sistema-de-emergencias-de-republica-dominicana-interesado-en-replicar-megafonia-ip-del-ecu-911\/\",\"url\":\"https:\/\/noti-america.com\/site\/ecuador\/2019\/09\/02\/sistema-de-emergencias-de-republica-dominicana-interesado-en-replicar-megafonia-ip-del-ecu-911\/\",\"name\":\"Sistema de emergencias de Rep\u00fablica Dominicana interesado en replicar Megafon\u00eda IP del ECU 911 - Ecuador | Noti-America.com\",\"isPartOf\":{\"@id\":\"https:\/\/noti-america.com\/site\/ecuador\/#website\"},\"primaryImageOfPage\":{\"@id\":\"https:\/\/noti-america.com\/site\/ecuador\/2019\/09\/02\/sistema-de-emergencias-de-republica-dominicana-interesado-en-replicar-megafonia-ip-del-ecu-911\/#primaryimage\"},\"image\":{\"@id\":\"https:\/\/noti-america.com\/site\/ecuador\/2019\/09\/02\/sistema-de-emergencias-de-republica-dominicana-interesado-en-replicar-megafonia-ip-del-ecu-911\/#primaryimage\"},\"thumbnailUrl\":\"https:\/\/noti-america.com\/site\/ecuador\/wp-content\/uploads\/sites\/18\/2019\/09\/ECU911_Rep\u00fablica_Dominicana-2.jpeg\",\"datePublished\":\"2019-09-02T20:43:40+00:00\",\"breadcrumb\":{\"@id\":\"https:\/\/noti-america.com\/site\/ecuador\/2019\/09\/02\/sistema-de-emergencias-de-republica-dominicana-interesado-en-replicar-megafonia-ip-del-ecu-911\/#breadcrumb\"},\"inLanguage\":\"es\",\"potentialAction\":[{\"@type\":\"ReadAction\",\"target\":[\"https:\/\/noti-america.com\/site\/ecuador\/2019\/09\/02\/sistema-de-emergencias-de-republica-dominicana-interesado-en-replicar-megafonia-ip-del-ecu-911\/\"]}]},{\"@type\":\"ImageObject\",\"inLanguage\":\"es\",\"@id\":\"https:\/\/noti-america.com\/site\/ecuador\/2019\/09\/02\/sistema-de-emergencias-de-republica-dominicana-interesado-en-replicar-megafonia-ip-del-ecu-911\/#primaryimage\",\"url\":\"https:\/\/noti-america.com\/site\/ecuador\/wp-content\/uploads\/sites\/18\/2019\/09\/ECU911_Rep\u00fablica_Dominicana-2.jpeg\",\"contentUrl\":\"https:\/\/noti-america.com\/site\/ecuador\/wp-content\/uploads\/sites\/18\/2019\/09\/ECU911_Rep\u00fablica_Dominicana-2.jpeg\",\"width\":1280,\"height\":853},{\"@type\":\"BreadcrumbList\",\"@id\":\"https:\/\/noti-america.com\/site\/ecuador\/2019\/09\/02\/sistema-de-emergencias-de-republica-dominicana-interesado-en-replicar-megafonia-ip-del-ecu-911\/#breadcrumb\",\"itemListElement\":[{\"@type\":\"ListItem\",\"position\":1,\"name\":\"Portada\",\"item\":\"https:\/\/noti-america.com\/site\/ecuador\/\"},{\"@type\":\"ListItem\",\"position\":2,\"name\":\"Sistema de emergencias de Rep\u00fablica Dominicana interesado en replicar Megafon\u00eda IP del ECU 911\"}]},{\"@type\":\"WebSite\",\"@id\":\"https:\/\/noti-america.com\/site\/ecuador\/#website\",\"url\":\"https:\/\/noti-america.com\/site\/ecuador\/\",\"name\":\"Ecuador | Noti-America.com\",\"description\":\"\",\"publisher\":{\"@id\":\"https:\/\/noti-america.com\/site\/ecuador\/#organization\"},\"potentialAction\":[{\"@type\":\"SearchAction\",\"target\":{\"@type\":\"EntryPoint\",\"urlTemplate\":\"https:\/\/noti-america.com\/site\/ecuador\/?s={search_term_string}\"},\"query-input\":{\"@type\":\"PropertyValueSpecification\",\"valueRequired\":true,\"valueName\":\"search_term_string\"}}],\"inLanguage\":\"es\"},{\"@type\":\"Organization\",\"@id\":\"https:\/\/noti-america.com\/site\/ecuador\/#organization\",\"name\":\"Noti-America LLC | Ecuador\",\"url\":\"https:\/\/noti-america.com\/site\/ecuador\/\",\"logo\":{\"@type\":\"ImageObject\",\"inLanguage\":\"es\",\"@id\":\"https:\/\/noti-america.com\/site\/ecuador\/#\/schema\/logo\/image\/\",\"url\":\"https:\/\/noti-america.com\/site\/ecuador\/wp-content\/uploads\/sites\/18\/2020\/07\/LogoNA-4x3-1.jpg\",\"contentUrl\":\"https:\/\/noti-america.com\/site\/ecuador\/wp-content\/uploads\/sites\/18\/2020\/07\/LogoNA-4x3-1.jpg\",\"width\":1236,\"height\":1080,\"caption\":\"Noti-America LLC | Ecuador\"},\"image\":{\"@id\":\"https:\/\/noti-america.com\/site\/ecuador\/#\/schema\/logo\/image\/\"},\"sameAs\":[\"https:\/\/x.com\/notiamerica\"]},{\"@type\":\"Person\",\"@id\":\"https:\/\/noti-america.com\/site\/ecuador\/#\/schema\/person\/eafaa0d78b886269707bbd67c79282d8\",\"name\":\"Mgtr. Geovanny Jurado Puente\",\"image\":{\"@type\":\"ImageObject\",\"inLanguage\":\"es\",\"@id\":\"https:\/\/secure.gravatar.com\/avatar\/f837d50a2ea0d7cba882939210fb03249c2d70cdea88235e685f1a91ced24905?s=96&d=mm&r=g\",\"url\":\"https:\/\/secure.gravatar.com\/avatar\/f837d50a2ea0d7cba882939210fb03249c2d70cdea88235e685f1a91ced24905?s=96&d=mm&r=g\",\"contentUrl\":\"https:\/\/secure.gravatar.com\/avatar\/f837d50a2ea0d7cba882939210fb03249c2d70cdea88235e685f1a91ced24905?s=96&d=mm&r=g\",\"caption\":\"Mgtr. Geovanny Jurado Puente\"},\"description\":\"Mag\u00edster en Comunicaci\u00f3n, Menci\u00f3n Pol\u00edticas de Desarrollo Social; Licenciado en Ciencias de la Comunicaci\u00f3n Social; Docente Universitario; Miembro de la Red de Investigadores en Comunicaci\u00f3n del Ecuador (RICE); Miembro Fundador de la Red de Editoriales Universitarias y Escuelas Polit\u00e9cnicas del Ecuador (Reupde); ecuatoriano de nacimiento, con residencia en Daule.\",\"sameAs\":[\"https:\/\/www.facebook.com\/geojuradopuente\",\"Geo Jurado\",\"https:\/\/x.com\/GeoJurado\"],\"url\":\"https:\/\/noti-america.com\/site\/ecuador\/author\/gjurado\/\"}]}<\/script>\n<!-- \/ Yoast SEO Premium plugin. -->","yoast_head_json":{"title":"Sistema de emergencias de Rep\u00fablica Dominicana interesado en replicar Megafon\u00eda IP del ECU 911 - Ecuador | Noti-America.com","robots":{"index":"index","follow":"follow","max-snippet":"max-snippet:-1","max-image-preview":"max-image-preview:large","max-video-preview":"max-video-preview:-1"},"canonical":"https:\/\/noti-america.com\/site\/ecuador\/2019\/09\/02\/sistema-de-emergencias-de-republica-dominicana-interesado-en-replicar-megafonia-ip-del-ecu-911\/","og_locale":"es_ES","og_type":"article","og_title":"Sistema de emergencias de Rep\u00fablica Dominicana interesado en replicar Megafon\u00eda IP del ECU 911","og_description":"Una delegaci\u00f3n del Sistema Nacional de Atenci\u00f3n a Emergencias y Seguridad 9-1-1 de Rep\u00fablica Dominicana visit\u00f3 Ecuador para fortalecer el intercambio de informaci\u00f3n y experiencias, la asesor\u00eda operativa y tecnol\u00f3gica, la capacitaci\u00f3n mutua en&#46;&#46;&#46;","og_url":"https:\/\/noti-america.com\/site\/ecuador\/2019\/09\/02\/sistema-de-emergencias-de-republica-dominicana-interesado-en-replicar-megafonia-ip-del-ecu-911\/","og_site_name":"Ecuador | Noti-America.com","article_author":"https:\/\/www.facebook.com\/geojuradopuente","article_published_time":"2019-09-02T20:43:40+00:00","og_image":[{"width":1280,"height":853,"url":"https:\/\/noti-america.com\/site\/ecuador\/wp-content\/uploads\/sites\/18\/2019\/09\/ECU911_Rep\u00fablica_Dominicana-2.jpeg","type":"image\/jpeg"}],"author":"Mgtr. Geovanny Jurado Puente","twitter_card":"summary_large_image","twitter_creator":"@GeoJurado","twitter_site":"@notiamerica","twitter_misc":{"Escrito por":"Mgtr. Geovanny Jurado Puente","Tiempo estimado de lectura":"3 minutos"},"schema":{"@context":"https:\/\/schema.org","@graph":[{"@type":"Article","@id":"https:\/\/noti-america.com\/site\/ecuador\/2019\/09\/02\/sistema-de-emergencias-de-republica-dominicana-interesado-en-replicar-megafonia-ip-del-ecu-911\/#article","isPartOf":{"@id":"https:\/\/noti-america.com\/site\/ecuador\/2019\/09\/02\/sistema-de-emergencias-de-republica-dominicana-interesado-en-replicar-megafonia-ip-del-ecu-911\/"},"author":{"name":"Mgtr. Geovanny Jurado Puente","@id":"https:\/\/noti-america.com\/site\/ecuador\/#\/schema\/person\/eafaa0d78b886269707bbd67c79282d8"},"headline":"Sistema de emergencias de Rep\u00fablica Dominicana interesado en replicar Megafon\u00eda IP del ECU 911","datePublished":"2019-09-02T20:43:40+00:00","mainEntityOfPage":{"@id":"https:\/\/noti-america.com\/site\/ecuador\/2019\/09\/02\/sistema-de-emergencias-de-republica-dominicana-interesado-en-replicar-megafonia-ip-del-ecu-911\/"},"wordCount":567,"commentCount":0,"publisher":{"@id":"https:\/\/noti-america.com\/site\/ecuador\/#organization"},"image":{"@id":"https:\/\/noti-america.com\/site\/ecuador\/2019\/09\/02\/sistema-de-emergencias-de-republica-dominicana-interesado-en-replicar-megafonia-ip-del-ecu-911\/#primaryimage"},"thumbnailUrl":"https:\/\/noti-america.com\/site\/ecuador\/wp-content\/uploads\/sites\/18\/2019\/09\/ECU911_Rep\u00fablica_Dominicana-2.jpeg","articleSection":["Seguridad"],"inLanguage":"es","potentialAction":[{"@type":"CommentAction","name":"Comment","target":["https:\/\/noti-america.com\/site\/ecuador\/2019\/09\/02\/sistema-de-emergencias-de-republica-dominicana-interesado-en-replicar-megafonia-ip-del-ecu-911\/#respond"]}]},{"@type":"WebPage","@id":"https:\/\/noti-america.com\/site\/ecuador\/2019\/09\/02\/sistema-de-emergencias-de-republica-dominicana-interesado-en-replicar-megafonia-ip-del-ecu-911\/","url":"https:\/\/noti-america.com\/site\/ecuador\/2019\/09\/02\/sistema-de-emergencias-de-republica-dominicana-interesado-en-replicar-megafonia-ip-del-ecu-911\/","name":"Sistema de emergencias de Rep\u00fablica Dominicana interesado en replicar Megafon\u00eda IP del ECU 911 - Ecuador | Noti-America.com","isPartOf":{"@id":"https:\/\/noti-america.com\/site\/ecuador\/#website"},"primaryImageOfPage":{"@id":"https:\/\/noti-america.com\/site\/ecuador\/2019\/09\/02\/sistema-de-emergencias-de-republica-dominicana-interesado-en-replicar-megafonia-ip-del-ecu-911\/#primaryimage"},"image":{"@id":"https:\/\/noti-america.com\/site\/ecuador\/2019\/09\/02\/sistema-de-emergencias-de-republica-dominicana-interesado-en-replicar-megafonia-ip-del-ecu-911\/#primaryimage"},"thumbnailUrl":"https:\/\/noti-america.com\/site\/ecuador\/wp-content\/uploads\/sites\/18\/2019\/09\/ECU911_Rep\u00fablica_Dominicana-2.jpeg","datePublished":"2019-09-02T20:43:40+00:00","breadcrumb":{"@id":"https:\/\/noti-america.com\/site\/ecuador\/2019\/09\/02\/sistema-de-emergencias-de-republica-dominicana-interesado-en-replicar-megafonia-ip-del-ecu-911\/#breadcrumb"},"inLanguage":"es","potentialAction":[{"@type":"ReadAction","target":["https:\/\/noti-america.com\/site\/ecuador\/2019\/09\/02\/sistema-de-emergencias-de-republica-dominicana-interesado-en-replicar-megafonia-ip-del-ecu-911\/"]}]},{"@type":"ImageObject","inLanguage":"es","@id":"https:\/\/noti-america.com\/site\/ecuador\/2019\/09\/02\/sistema-de-emergencias-de-republica-dominicana-interesado-en-replicar-megafonia-ip-del-ecu-911\/#primaryimage","url":"https:\/\/noti-america.com\/site\/ecuador\/wp-content\/uploads\/sites\/18\/2019\/09\/ECU911_Rep\u00fablica_Dominicana-2.jpeg","contentUrl":"https:\/\/noti-america.com\/site\/ecuador\/wp-content\/uploads\/sites\/18\/2019\/09\/ECU911_Rep\u00fablica_Dominicana-2.jpeg","width":1280,"height":853},{"@type":"BreadcrumbList","@id":"https:\/\/noti-america.com\/site\/ecuador\/2019\/09\/02\/sistema-de-emergencias-de-republica-dominicana-interesado-en-replicar-megafonia-ip-del-ecu-911\/#breadcrumb","itemListElement":[{"@type":"ListItem","position":1,"name":"Portada","item":"https:\/\/noti-america.com\/site\/ecuador\/"},{"@type":"ListItem","position":2,"name":"Sistema de emergencias de Rep\u00fablica Dominicana interesado en replicar Megafon\u00eda IP del ECU 911"}]},{"@type":"WebSite","@id":"https:\/\/noti-america.com\/site\/ecuador\/#website","url":"https:\/\/noti-america.com\/site\/ecuador\/","name":"Ecuador | Noti-America.com","description":"","publisher":{"@id":"https:\/\/noti-america.com\/site\/ecuador\/#organization"},"potentialAction":[{"@type":"SearchAction","target":{"@type":"EntryPoint","urlTemplate":"https:\/\/noti-america.com\/site\/ecuador\/?s={search_term_string}"},"query-input":{"@type":"PropertyValueSpecification","valueRequired":true,"valueName":"search_term_string"}}],"inLanguage":"es"},{"@type":"Organization","@id":"https:\/\/noti-america.com\/site\/ecuador\/#organization","name":"Noti-America LLC | Ecuador","url":"https:\/\/noti-america.com\/site\/ecuador\/","logo":{"@type":"ImageObject","inLanguage":"es","@id":"https:\/\/noti-america.com\/site\/ecuador\/#\/schema\/logo\/image\/","url":"https:\/\/noti-america.com\/site\/ecuador\/wp-content\/uploads\/sites\/18\/2020\/07\/LogoNA-4x3-1.jpg","contentUrl":"https:\/\/noti-america.com\/site\/ecuador\/wp-content\/uploads\/sites\/18\/2020\/07\/LogoNA-4x3-1.jpg","width":1236,"height":1080,"caption":"Noti-America LLC | Ecuador"},"image":{"@id":"https:\/\/noti-america.com\/site\/ecuador\/#\/schema\/logo\/image\/"},"sameAs":["https:\/\/x.com\/notiamerica"]},{"@type":"Person","@id":"https:\/\/noti-america.com\/site\/ecuador\/#\/schema\/person\/eafaa0d78b886269707bbd67c79282d8","name":"Mgtr. Geovanny Jurado Puente","image":{"@type":"ImageObject","inLanguage":"es","@id":"https:\/\/secure.gravatar.com\/avatar\/f837d50a2ea0d7cba882939210fb03249c2d70cdea88235e685f1a91ced24905?s=96&d=mm&r=g","url":"https:\/\/secure.gravatar.com\/avatar\/f837d50a2ea0d7cba882939210fb03249c2d70cdea88235e685f1a91ced24905?s=96&d=mm&r=g","contentUrl":"https:\/\/secure.gravatar.com\/avatar\/f837d50a2ea0d7cba882939210fb03249c2d70cdea88235e685f1a91ced24905?s=96&d=mm&r=g","caption":"Mgtr. Geovanny Jurado Puente"},"description":"Mag\u00edster en Comunicaci\u00f3n, Menci\u00f3n Pol\u00edticas de Desarrollo Social; Licenciado en Ciencias de la Comunicaci\u00f3n Social; Docente Universitario; Miembro de la Red de Investigadores en Comunicaci\u00f3n del Ecuador (RICE); Miembro Fundador de la Red de Editoriales Universitarias y Escuelas Polit\u00e9cnicas del Ecuador (Reupde); ecuatoriano de nacimiento, con residencia en Daule.","sameAs":["https:\/\/www.facebook.com\/geojuradopuente","Geo Jurado","https:\/\/x.com\/GeoJurado"],"url":"https:\/\/noti-america.com\/site\/ecuador\/author\/gjurado\/"}]}},"_links":{"self":[{"href":"https:\/\/noti-america.com\/site\/ecuador\/wp-json\/wp\/v2\/posts\/5360","targetHints":{"allow":["GET"]}}],"collection":[{"href":"https:\/\/noti-america.com\/site\/ecuador\/wp-json\/wp\/v2\/posts"}],"about":[{"href":"https:\/\/noti-america.com\/site\/ecuador\/wp-json\/wp\/v2\/types\/post"}],"author":[{"embeddable":true,"href":"https:\/\/noti-america.com\/site\/ecuador\/wp-json\/wp\/v2\/users\/54"}],"replies":[{"embeddable":true,"href":"https:\/\/noti-america.com\/site\/ecuador\/wp-json\/wp\/v2\/comments?post=5360"}],"version-history":[{"count":1,"href":"https:\/\/noti-america.com\/site\/ecuador\/wp-json\/wp\/v2\/posts\/5360\/revisions"}],"predecessor-version":[{"id":5365,"href":"https:\/\/noti-america.com\/site\/ecuador\/wp-json\/wp\/v2\/posts\/5360\/revisions\/5365"}],"wp:featuredmedia":[{"embeddable":true,"href":"https:\/\/noti-america.com\/site\/ecuador\/wp-json\/wp\/v2\/media\/5364"}],"wp:attachment":[{"href":"https:\/\/noti-america.com\/site\/ecuador\/wp-json\/wp\/v2\/media?parent=5360"}],"wp:term":[{"taxonomy":"category","embeddable":true,"href":"https:\/\/noti-america.com\/site\/ecuador\/wp-json\/wp\/v2\/categories?post=5360"},{"taxonomy":"post_tag","embeddable":true,"href":"https:\/\/noti-america.com\/site\/ecuador\/wp-json\/wp\/v2\/tags?post=5360"}],"curies":[{"name":"wp","href":"https:\/\/api.w.org\/{rel}","templated":true}]}}