{"id":532,"date":"2017-11-23T03:14:18","date_gmt":"2017-11-23T03:14:18","guid":{"rendered":"http:\/\/noti-america.com\/site\/ecuador\/?p=532"},"modified":"2017-11-23T03:16:44","modified_gmt":"2017-11-23T03:16:44","slug":"gobiernos-parroquiales-rurales-de-la-provincia-de-canar-cierran-vias-solicitan-al-gobierno-mejorar-sus-presupuestos","status":"publish","type":"post","link":"https:\/\/noti-america.com\/site\/ecuador\/2017\/11\/23\/gobiernos-parroquiales-rurales-de-la-provincia-de-canar-cierran-vias-solicitan-al-gobierno-mejorar-sus-presupuestos\/","title":{"rendered":"GOBIERNOS PARROQUIALES RURALES DE LA PROVINCIA DE CA\u00d1AR CIERRAN V\u00cdAS, SOLICITAN AL GOBIERNO MEJORAR SUS PRESUPUESTOS"},"content":{"rendered":"<p>REDACCI\u00d3N NOTI . AM\u00c9RICA (ECUADOR)<\/p>\n<p>Desde hace algunos a\u00f1os los Gobiernos parroquiales del ecuador vienen solicitando que se mejore el presupuesto que vienen recibiendo por parte del estado, los 822 Gads en el a\u00f1o 2016,\u00a0 recibieron m\u00e1s de $151 millones, pero el sector rural argument\u00f3 que requiere un incremento de $300 millones m\u00e1s de lo asignado.<\/p>\n<p>Las precarias condiciones\u00a0 que vive el sector rural\u00a0 nos obliga a exigir en las calles los derecho que por ley nos corresponde, en este sector vive aproximadamente el 37% de la poblaci\u00f3n ecuatoriana, salen los productos que las grandes ciudades consumen pero vivimos y a penas recibimos el 6% del presupuesto total del estado, esto solo nos permite hacer cosas de forma y no de fondo ni para contratar profesionales que nos ayuden a realizar proyectos que ayuden a mejorar la calidad de vida para nuestros compa\u00f1eros-<\/p>\n<p>Las prefecturas tienen un 27% del estado pero cada una de ellas incumplen la competencia 2 que es; Planificar, construir y mantener el sistema vial de \u00e1mbito provincial,\u00a0que no incluya las zonas urbanas y a lo que mas se dedica es a realizar obras en los sectores urbanos y descuidan lo mas preciado el Agro, lo \u00fanico que quieren es ganar votos en los sectores que no les competen.<\/p>\n<p>Por todo esto y por que\u00a0queremos mejorar nuestras condiciones de vida, los 26 Gobiernos Parroquiales Rurales de la provincia del Ca\u00f1ar, nos hemos visto en la obligaci\u00f3n de manifestar nuestro rechazo absoluto en las calles y lo hacemos en el cant\u00f3 Zhud que divide las provincias del Guayas, Pichincha y Azuay, de esta forma queremos exigir a las autoridades que\u00a0 pongan mas atenci\u00f3n a nuestras exigencias los campesinos necesitamos que se nos respeten y desde ahora Ca\u00f1ar esta en pie de lucha, esto manifest\u00f3 Luis Flores presidente provincial de los Gobiernos Parroquiales Rurales de la Provincia del Ca\u00f1ar<\/p>\n","protected":false},"excerpt":{"rendered":"<p>REDACCI\u00d3N NOTI . AM\u00c9RICA (ECUADOR) Desde hace algunos a\u00f1os los Gobiernos parroquiales del ecuador vienen solicitando que se mejore el presupuesto que vienen recibiendo por parte del estado, los 822 Gads en el a\u00f1o&#46;&#46;&#46;<\/p>\n","protected":false},"author":17,"featured_media":533,"comment_status":"open","ping_status":"open","sticky":false,"template":"","format":"standard","meta":{"_acf_changed":false,"om_disable_all_campaigns":false,"rop_custom_images_group":[],"rop_custom_messages_group":[],"rop_publish_now":"initial","rop_publish_now_accounts":{"twitter_242054905_242054905":""},"rop_publish_now_history":[],"rop_publish_now_status":"pending","_uf_show_specific_survey":0,"_uf_disable_surveys":false,"footnotes":""},"categories":[1],"tags":[],"class_list":["post-532","post","type-post","status-publish","format-standard","has-post-thumbnail","hentry","category-uncategorized"],"acf":[],"aioseo_notices":[],"yoast_head":"<!-- This site is optimized with the Yoast SEO Premium plugin v24.9 (Yoast SEO v27.2) - https:\/\/yoast.com\/product\/yoast-seo-premium-wordpress\/ -->\n<title>GOBIERNOS PARROQUIALES RURALES DE LA PROVINCIA DE CA\u00d1AR CIERRAN V\u00cdAS, SOLICITAN AL GOBIERNO MEJORAR SUS PRESUPUESTOS - Ecuador | Noti-America.com<\/title>\n<meta name=\"robots\" content=\"index, follow, max-snippet:-1, max-image-preview:large, max-video-preview:-1\" \/>\n<link rel=\"canonical\" href=\"https:\/\/noti-america.com\/site\/ecuador\/2017\/11\/23\/gobiernos-parroquiales-rurales-de-la-provincia-de-canar-cierran-vias-solicitan-al-gobierno-mejorar-sus-presupuestos\/\" \/>\n<meta property=\"og:locale\" content=\"es_ES\" \/>\n<meta property=\"og:type\" content=\"article\" \/>\n<meta property=\"og:title\" content=\"GOBIERNOS PARROQUIALES RURALES DE LA PROVINCIA DE CA\u00d1AR CIERRAN V\u00cdAS, SOLICITAN AL GOBIERNO MEJORAR SUS PRESUPUESTOS\" \/>\n<meta property=\"og:description\" content=\"REDACCI\u00d3N NOTI . AM\u00c9RICA (ECUADOR) Desde hace algunos a\u00f1os los Gobiernos parroquiales del ecuador vienen solicitando que se mejore el presupuesto que vienen recibiendo por parte del estado, los 822 Gads en el a\u00f1o&#046;&#046;&#046;\" \/>\n<meta property=\"og:url\" content=\"https:\/\/noti-america.com\/site\/ecuador\/2017\/11\/23\/gobiernos-parroquiales-rurales-de-la-provincia-de-canar-cierran-vias-solicitan-al-gobierno-mejorar-sus-presupuestos\/\" \/>\n<meta property=\"og:site_name\" content=\"Ecuador | Noti-America.com\" \/>\n<meta property=\"article:published_time\" content=\"2017-11-23T03:14:18+00:00\" \/>\n<meta property=\"article:modified_time\" content=\"2017-11-23T03:16:44+00:00\" \/>\n<meta property=\"og:image\" content=\"https:\/\/noti-america.com\/site\/ecuador\/wp-content\/uploads\/sites\/18\/2017\/11\/FOTO-LUIS-FLORES.jpg\" \/>\n\t<meta property=\"og:image:width\" content=\"1280\" \/>\n\t<meta property=\"og:image:height\" content=\"960\" \/>\n\t<meta property=\"og:image:type\" content=\"image\/jpeg\" \/>\n<meta name=\"author\" content=\"Gregory Quintana Montiel\" \/>\n<meta name=\"twitter:card\" content=\"summary_large_image\" \/>\n<meta name=\"twitter:creator\" content=\"@gdgregori1\" \/>\n<meta name=\"twitter:site\" content=\"@notiamerica\" \/>\n<meta name=\"twitter:label1\" content=\"Escrito por\" \/>\n\t<meta name=\"twitter:data1\" content=\"Gregory Quintana Montiel\" \/>\n\t<meta name=\"twitter:label2\" content=\"Tiempo estimado de lectura\" \/>\n\t<meta name=\"twitter:data2\" content=\"2 minutos\" \/>\n<script type=\"application\/ld+json\" class=\"yoast-schema-graph\">{\"@context\":\"https:\/\/schema.org\",\"@graph\":[{\"@type\":\"Article\",\"@id\":\"https:\/\/noti-america.com\/site\/ecuador\/2017\/11\/23\/gobiernos-parroquiales-rurales-de-la-provincia-de-canar-cierran-vias-solicitan-al-gobierno-mejorar-sus-presupuestos\/#article\",\"isPartOf\":{\"@id\":\"https:\/\/noti-america.com\/site\/ecuador\/2017\/11\/23\/gobiernos-parroquiales-rurales-de-la-provincia-de-canar-cierran-vias-solicitan-al-gobierno-mejorar-sus-presupuestos\/\"},\"author\":{\"name\":\"Gregory Quintana Montiel\",\"@id\":\"https:\/\/noti-america.com\/site\/ecuador\/#\/schema\/person\/3b975e42f15abfe64bfe3abdd916efda\"},\"headline\":\"GOBIERNOS PARROQUIALES RURALES DE LA PROVINCIA DE CA\u00d1AR CIERRAN V\u00cdAS, SOLICITAN AL GOBIERNO MEJORAR SUS PRESUPUESTOS\",\"datePublished\":\"2017-11-23T03:14:18+00:00\",\"dateModified\":\"2017-11-23T03:16:44+00:00\",\"mainEntityOfPage\":{\"@id\":\"https:\/\/noti-america.com\/site\/ecuador\/2017\/11\/23\/gobiernos-parroquiales-rurales-de-la-provincia-de-canar-cierran-vias-solicitan-al-gobierno-mejorar-sus-presupuestos\/\"},\"wordCount\":333,\"commentCount\":0,\"publisher\":{\"@id\":\"https:\/\/noti-america.com\/site\/ecuador\/#organization\"},\"image\":{\"@id\":\"https:\/\/noti-america.com\/site\/ecuador\/2017\/11\/23\/gobiernos-parroquiales-rurales-de-la-provincia-de-canar-cierran-vias-solicitan-al-gobierno-mejorar-sus-presupuestos\/#primaryimage\"},\"thumbnailUrl\":\"https:\/\/noti-america.com\/site\/ecuador\/wp-content\/uploads\/sites\/18\/2017\/11\/FOTO-LUIS-FLORES.jpg\",\"articleSection\":[\"Uncategorized\"],\"inLanguage\":\"es\",\"potentialAction\":[{\"@type\":\"CommentAction\",\"name\":\"Comment\",\"target\":[\"https:\/\/noti-america.com\/site\/ecuador\/2017\/11\/23\/gobiernos-parroquiales-rurales-de-la-provincia-de-canar-cierran-vias-solicitan-al-gobierno-mejorar-sus-presupuestos\/#respond\"]}]},{\"@type\":\"WebPage\",\"@id\":\"https:\/\/noti-america.com\/site\/ecuador\/2017\/11\/23\/gobiernos-parroquiales-rurales-de-la-provincia-de-canar-cierran-vias-solicitan-al-gobierno-mejorar-sus-presupuestos\/\",\"url\":\"https:\/\/noti-america.com\/site\/ecuador\/2017\/11\/23\/gobiernos-parroquiales-rurales-de-la-provincia-de-canar-cierran-vias-solicitan-al-gobierno-mejorar-sus-presupuestos\/\",\"name\":\"GOBIERNOS PARROQUIALES RURALES DE LA PROVINCIA DE CA\u00d1AR CIERRAN V\u00cdAS, SOLICITAN AL GOBIERNO MEJORAR SUS PRESUPUESTOS - Ecuador | Noti-America.com\",\"isPartOf\":{\"@id\":\"https:\/\/noti-america.com\/site\/ecuador\/#website\"},\"primaryImageOfPage\":{\"@id\":\"https:\/\/noti-america.com\/site\/ecuador\/2017\/11\/23\/gobiernos-parroquiales-rurales-de-la-provincia-de-canar-cierran-vias-solicitan-al-gobierno-mejorar-sus-presupuestos\/#primaryimage\"},\"image\":{\"@id\":\"https:\/\/noti-america.com\/site\/ecuador\/2017\/11\/23\/gobiernos-parroquiales-rurales-de-la-provincia-de-canar-cierran-vias-solicitan-al-gobierno-mejorar-sus-presupuestos\/#primaryimage\"},\"thumbnailUrl\":\"https:\/\/noti-america.com\/site\/ecuador\/wp-content\/uploads\/sites\/18\/2017\/11\/FOTO-LUIS-FLORES.jpg\",\"datePublished\":\"2017-11-23T03:14:18+00:00\",\"dateModified\":\"2017-11-23T03:16:44+00:00\",\"breadcrumb\":{\"@id\":\"https:\/\/noti-america.com\/site\/ecuador\/2017\/11\/23\/gobiernos-parroquiales-rurales-de-la-provincia-de-canar-cierran-vias-solicitan-al-gobierno-mejorar-sus-presupuestos\/#breadcrumb\"},\"inLanguage\":\"es\",\"potentialAction\":[{\"@type\":\"ReadAction\",\"target\":[\"https:\/\/noti-america.com\/site\/ecuador\/2017\/11\/23\/gobiernos-parroquiales-rurales-de-la-provincia-de-canar-cierran-vias-solicitan-al-gobierno-mejorar-sus-presupuestos\/\"]}]},{\"@type\":\"ImageObject\",\"inLanguage\":\"es\",\"@id\":\"https:\/\/noti-america.com\/site\/ecuador\/2017\/11\/23\/gobiernos-parroquiales-rurales-de-la-provincia-de-canar-cierran-vias-solicitan-al-gobierno-mejorar-sus-presupuestos\/#primaryimage\",\"url\":\"https:\/\/noti-america.com\/site\/ecuador\/wp-content\/uploads\/sites\/18\/2017\/11\/FOTO-LUIS-FLORES.jpg\",\"contentUrl\":\"https:\/\/noti-america.com\/site\/ecuador\/wp-content\/uploads\/sites\/18\/2017\/11\/FOTO-LUIS-FLORES.jpg\",\"width\":1280,\"height\":960},{\"@type\":\"BreadcrumbList\",\"@id\":\"https:\/\/noti-america.com\/site\/ecuador\/2017\/11\/23\/gobiernos-parroquiales-rurales-de-la-provincia-de-canar-cierran-vias-solicitan-al-gobierno-mejorar-sus-presupuestos\/#breadcrumb\",\"itemListElement\":[{\"@type\":\"ListItem\",\"position\":1,\"name\":\"Portada\",\"item\":\"https:\/\/noti-america.com\/site\/ecuador\/\"},{\"@type\":\"ListItem\",\"position\":2,\"name\":\"GOBIERNOS PARROQUIALES RURALES DE LA PROVINCIA DE CA\u00d1AR CIERRAN V\u00cdAS, SOLICITAN AL GOBIERNO MEJORAR SUS PRESUPUESTOS\"}]},{\"@type\":\"WebSite\",\"@id\":\"https:\/\/noti-america.com\/site\/ecuador\/#website\",\"url\":\"https:\/\/noti-america.com\/site\/ecuador\/\",\"name\":\"Ecuador | Noti-America.com\",\"description\":\"\",\"publisher\":{\"@id\":\"https:\/\/noti-america.com\/site\/ecuador\/#organization\"},\"potentialAction\":[{\"@type\":\"SearchAction\",\"target\":{\"@type\":\"EntryPoint\",\"urlTemplate\":\"https:\/\/noti-america.com\/site\/ecuador\/?s={search_term_string}\"},\"query-input\":{\"@type\":\"PropertyValueSpecification\",\"valueRequired\":true,\"valueName\":\"search_term_string\"}}],\"inLanguage\":\"es\"},{\"@type\":\"Organization\",\"@id\":\"https:\/\/noti-america.com\/site\/ecuador\/#organization\",\"name\":\"Noti-America LLC | Ecuador\",\"url\":\"https:\/\/noti-america.com\/site\/ecuador\/\",\"logo\":{\"@type\":\"ImageObject\",\"inLanguage\":\"es\",\"@id\":\"https:\/\/noti-america.com\/site\/ecuador\/#\/schema\/logo\/image\/\",\"url\":\"https:\/\/noti-america.com\/site\/ecuador\/wp-content\/uploads\/sites\/18\/2020\/07\/LogoNA-4x3-1.jpg\",\"contentUrl\":\"https:\/\/noti-america.com\/site\/ecuador\/wp-content\/uploads\/sites\/18\/2020\/07\/LogoNA-4x3-1.jpg\",\"width\":1236,\"height\":1080,\"caption\":\"Noti-America LLC | Ecuador\"},\"image\":{\"@id\":\"https:\/\/noti-america.com\/site\/ecuador\/#\/schema\/logo\/image\/\"},\"sameAs\":[\"https:\/\/x.com\/notiamerica\"]},{\"@type\":\"Person\",\"@id\":\"https:\/\/noti-america.com\/site\/ecuador\/#\/schema\/person\/3b975e42f15abfe64bfe3abdd916efda\",\"name\":\"Gregory Quintana Montiel\",\"image\":{\"@type\":\"ImageObject\",\"inLanguage\":\"es\",\"@id\":\"https:\/\/secure.gravatar.com\/avatar\/2d6b802f7720c2ec7744dcbe608cc2f3417aeb964d58b443c6d612b77531de1d?s=96&d=mm&r=g\",\"url\":\"https:\/\/secure.gravatar.com\/avatar\/2d6b802f7720c2ec7744dcbe608cc2f3417aeb964d58b443c6d612b77531de1d?s=96&d=mm&r=g\",\"contentUrl\":\"https:\/\/secure.gravatar.com\/avatar\/2d6b802f7720c2ec7744dcbe608cc2f3417aeb964d58b443c6d612b77531de1d?s=96&d=mm&r=g\",\"caption\":\"Gregory Quintana Montiel\"},\"description\":\"Licenciatura en Ciencias de la Comunicaci\u00f3n Social, egresado en la Especializaci\u00f3n Derecho Ambiental Desarrollo Sostenible y Sustentable, Miembro de la Comunidad de profesionales y experto para Latinoam\u00e9rica y el Caribe en Gesti\u00f3n por Resultado en el Desarrollo (COPLAC - GpRD) del Banco Interamericano de Desarrollo, experiencia en medios radiales y escritos.\",\"sameAs\":[\"https:\/\/x.com\/gdgregori1\",\"gquintana\"],\"url\":\"https:\/\/noti-america.com\/site\/ecuador\/author\/gquintana\/\"}]}<\/script>\n<!-- \/ Yoast SEO Premium plugin. -->","yoast_head_json":{"title":"GOBIERNOS PARROQUIALES RURALES DE LA PROVINCIA DE CA\u00d1AR CIERRAN V\u00cdAS, SOLICITAN AL GOBIERNO MEJORAR SUS PRESUPUESTOS - Ecuador | Noti-America.com","robots":{"index":"index","follow":"follow","max-snippet":"max-snippet:-1","max-image-preview":"max-image-preview:large","max-video-preview":"max-video-preview:-1"},"canonical":"https:\/\/noti-america.com\/site\/ecuador\/2017\/11\/23\/gobiernos-parroquiales-rurales-de-la-provincia-de-canar-cierran-vias-solicitan-al-gobierno-mejorar-sus-presupuestos\/","og_locale":"es_ES","og_type":"article","og_title":"GOBIERNOS PARROQUIALES RURALES DE LA PROVINCIA DE CA\u00d1AR CIERRAN V\u00cdAS, SOLICITAN AL GOBIERNO MEJORAR SUS PRESUPUESTOS","og_description":"REDACCI\u00d3N NOTI . AM\u00c9RICA (ECUADOR) Desde hace algunos a\u00f1os los Gobiernos parroquiales del ecuador vienen solicitando que se mejore el presupuesto que vienen recibiendo por parte del estado, los 822 Gads en el a\u00f1o&#46;&#46;&#46;","og_url":"https:\/\/noti-america.com\/site\/ecuador\/2017\/11\/23\/gobiernos-parroquiales-rurales-de-la-provincia-de-canar-cierran-vias-solicitan-al-gobierno-mejorar-sus-presupuestos\/","og_site_name":"Ecuador | Noti-America.com","article_published_time":"2017-11-23T03:14:18+00:00","article_modified_time":"2017-11-23T03:16:44+00:00","og_image":[{"width":1280,"height":960,"url":"https:\/\/noti-america.com\/site\/ecuador\/wp-content\/uploads\/sites\/18\/2017\/11\/FOTO-LUIS-FLORES.jpg","type":"image\/jpeg"}],"author":"Gregory Quintana Montiel","twitter_card":"summary_large_image","twitter_creator":"@gdgregori1","twitter_site":"@notiamerica","twitter_misc":{"Escrito por":"Gregory Quintana Montiel","Tiempo estimado de lectura":"2 minutos"},"schema":{"@context":"https:\/\/schema.org","@graph":[{"@type":"Article","@id":"https:\/\/noti-america.com\/site\/ecuador\/2017\/11\/23\/gobiernos-parroquiales-rurales-de-la-provincia-de-canar-cierran-vias-solicitan-al-gobierno-mejorar-sus-presupuestos\/#article","isPartOf":{"@id":"https:\/\/noti-america.com\/site\/ecuador\/2017\/11\/23\/gobiernos-parroquiales-rurales-de-la-provincia-de-canar-cierran-vias-solicitan-al-gobierno-mejorar-sus-presupuestos\/"},"author":{"name":"Gregory Quintana Montiel","@id":"https:\/\/noti-america.com\/site\/ecuador\/#\/schema\/person\/3b975e42f15abfe64bfe3abdd916efda"},"headline":"GOBIERNOS PARROQUIALES RURALES DE LA PROVINCIA DE CA\u00d1AR CIERRAN V\u00cdAS, SOLICITAN AL GOBIERNO MEJORAR SUS PRESUPUESTOS","datePublished":"2017-11-23T03:14:18+00:00","dateModified":"2017-11-23T03:16:44+00:00","mainEntityOfPage":{"@id":"https:\/\/noti-america.com\/site\/ecuador\/2017\/11\/23\/gobiernos-parroquiales-rurales-de-la-provincia-de-canar-cierran-vias-solicitan-al-gobierno-mejorar-sus-presupuestos\/"},"wordCount":333,"commentCount":0,"publisher":{"@id":"https:\/\/noti-america.com\/site\/ecuador\/#organization"},"image":{"@id":"https:\/\/noti-america.com\/site\/ecuador\/2017\/11\/23\/gobiernos-parroquiales-rurales-de-la-provincia-de-canar-cierran-vias-solicitan-al-gobierno-mejorar-sus-presupuestos\/#primaryimage"},"thumbnailUrl":"https:\/\/noti-america.com\/site\/ecuador\/wp-content\/uploads\/sites\/18\/2017\/11\/FOTO-LUIS-FLORES.jpg","articleSection":["Uncategorized"],"inLanguage":"es","potentialAction":[{"@type":"CommentAction","name":"Comment","target":["https:\/\/noti-america.com\/site\/ecuador\/2017\/11\/23\/gobiernos-parroquiales-rurales-de-la-provincia-de-canar-cierran-vias-solicitan-al-gobierno-mejorar-sus-presupuestos\/#respond"]}]},{"@type":"WebPage","@id":"https:\/\/noti-america.com\/site\/ecuador\/2017\/11\/23\/gobiernos-parroquiales-rurales-de-la-provincia-de-canar-cierran-vias-solicitan-al-gobierno-mejorar-sus-presupuestos\/","url":"https:\/\/noti-america.com\/site\/ecuador\/2017\/11\/23\/gobiernos-parroquiales-rurales-de-la-provincia-de-canar-cierran-vias-solicitan-al-gobierno-mejorar-sus-presupuestos\/","name":"GOBIERNOS PARROQUIALES RURALES DE LA PROVINCIA DE CA\u00d1AR CIERRAN V\u00cdAS, SOLICITAN AL GOBIERNO MEJORAR SUS PRESUPUESTOS - Ecuador | Noti-America.com","isPartOf":{"@id":"https:\/\/noti-america.com\/site\/ecuador\/#website"},"primaryImageOfPage":{"@id":"https:\/\/noti-america.com\/site\/ecuador\/2017\/11\/23\/gobiernos-parroquiales-rurales-de-la-provincia-de-canar-cierran-vias-solicitan-al-gobierno-mejorar-sus-presupuestos\/#primaryimage"},"image":{"@id":"https:\/\/noti-america.com\/site\/ecuador\/2017\/11\/23\/gobiernos-parroquiales-rurales-de-la-provincia-de-canar-cierran-vias-solicitan-al-gobierno-mejorar-sus-presupuestos\/#primaryimage"},"thumbnailUrl":"https:\/\/noti-america.com\/site\/ecuador\/wp-content\/uploads\/sites\/18\/2017\/11\/FOTO-LUIS-FLORES.jpg","datePublished":"2017-11-23T03:14:18+00:00","dateModified":"2017-11-23T03:16:44+00:00","breadcrumb":{"@id":"https:\/\/noti-america.com\/site\/ecuador\/2017\/11\/23\/gobiernos-parroquiales-rurales-de-la-provincia-de-canar-cierran-vias-solicitan-al-gobierno-mejorar-sus-presupuestos\/#breadcrumb"},"inLanguage":"es","potentialAction":[{"@type":"ReadAction","target":["https:\/\/noti-america.com\/site\/ecuador\/2017\/11\/23\/gobiernos-parroquiales-rurales-de-la-provincia-de-canar-cierran-vias-solicitan-al-gobierno-mejorar-sus-presupuestos\/"]}]},{"@type":"ImageObject","inLanguage":"es","@id":"https:\/\/noti-america.com\/site\/ecuador\/2017\/11\/23\/gobiernos-parroquiales-rurales-de-la-provincia-de-canar-cierran-vias-solicitan-al-gobierno-mejorar-sus-presupuestos\/#primaryimage","url":"https:\/\/noti-america.com\/site\/ecuador\/wp-content\/uploads\/sites\/18\/2017\/11\/FOTO-LUIS-FLORES.jpg","contentUrl":"https:\/\/noti-america.com\/site\/ecuador\/wp-content\/uploads\/sites\/18\/2017\/11\/FOTO-LUIS-FLORES.jpg","width":1280,"height":960},{"@type":"BreadcrumbList","@id":"https:\/\/noti-america.com\/site\/ecuador\/2017\/11\/23\/gobiernos-parroquiales-rurales-de-la-provincia-de-canar-cierran-vias-solicitan-al-gobierno-mejorar-sus-presupuestos\/#breadcrumb","itemListElement":[{"@type":"ListItem","position":1,"name":"Portada","item":"https:\/\/noti-america.com\/site\/ecuador\/"},{"@type":"ListItem","position":2,"name":"GOBIERNOS PARROQUIALES RURALES DE LA PROVINCIA DE CA\u00d1AR CIERRAN V\u00cdAS, SOLICITAN AL GOBIERNO MEJORAR SUS PRESUPUESTOS"}]},{"@type":"WebSite","@id":"https:\/\/noti-america.com\/site\/ecuador\/#website","url":"https:\/\/noti-america.com\/site\/ecuador\/","name":"Ecuador | Noti-America.com","description":"","publisher":{"@id":"https:\/\/noti-america.com\/site\/ecuador\/#organization"},"potentialAction":[{"@type":"SearchAction","target":{"@type":"EntryPoint","urlTemplate":"https:\/\/noti-america.com\/site\/ecuador\/?s={search_term_string}"},"query-input":{"@type":"PropertyValueSpecification","valueRequired":true,"valueName":"search_term_string"}}],"inLanguage":"es"},{"@type":"Organization","@id":"https:\/\/noti-america.com\/site\/ecuador\/#organization","name":"Noti-America LLC | Ecuador","url":"https:\/\/noti-america.com\/site\/ecuador\/","logo":{"@type":"ImageObject","inLanguage":"es","@id":"https:\/\/noti-america.com\/site\/ecuador\/#\/schema\/logo\/image\/","url":"https:\/\/noti-america.com\/site\/ecuador\/wp-content\/uploads\/sites\/18\/2020\/07\/LogoNA-4x3-1.jpg","contentUrl":"https:\/\/noti-america.com\/site\/ecuador\/wp-content\/uploads\/sites\/18\/2020\/07\/LogoNA-4x3-1.jpg","width":1236,"height":1080,"caption":"Noti-America LLC | Ecuador"},"image":{"@id":"https:\/\/noti-america.com\/site\/ecuador\/#\/schema\/logo\/image\/"},"sameAs":["https:\/\/x.com\/notiamerica"]},{"@type":"Person","@id":"https:\/\/noti-america.com\/site\/ecuador\/#\/schema\/person\/3b975e42f15abfe64bfe3abdd916efda","name":"Gregory Quintana Montiel","image":{"@type":"ImageObject","inLanguage":"es","@id":"https:\/\/secure.gravatar.com\/avatar\/2d6b802f7720c2ec7744dcbe608cc2f3417aeb964d58b443c6d612b77531de1d?s=96&d=mm&r=g","url":"https:\/\/secure.gravatar.com\/avatar\/2d6b802f7720c2ec7744dcbe608cc2f3417aeb964d58b443c6d612b77531de1d?s=96&d=mm&r=g","contentUrl":"https:\/\/secure.gravatar.com\/avatar\/2d6b802f7720c2ec7744dcbe608cc2f3417aeb964d58b443c6d612b77531de1d?s=96&d=mm&r=g","caption":"Gregory Quintana Montiel"},"description":"Licenciatura en Ciencias de la Comunicaci\u00f3n Social, egresado en la Especializaci\u00f3n Derecho Ambiental Desarrollo Sostenible y Sustentable, Miembro de la Comunidad de profesionales y experto para Latinoam\u00e9rica y el Caribe en Gesti\u00f3n por Resultado en el Desarrollo (COPLAC - GpRD) del Banco Interamericano de Desarrollo, experiencia en medios radiales y escritos.","sameAs":["https:\/\/x.com\/gdgregori1","gquintana"],"url":"https:\/\/noti-america.com\/site\/ecuador\/author\/gquintana\/"}]}},"_links":{"self":[{"href":"https:\/\/noti-america.com\/site\/ecuador\/wp-json\/wp\/v2\/posts\/532","targetHints":{"allow":["GET"]}}],"collection":[{"href":"https:\/\/noti-america.com\/site\/ecuador\/wp-json\/wp\/v2\/posts"}],"about":[{"href":"https:\/\/noti-america.com\/site\/ecuador\/wp-json\/wp\/v2\/types\/post"}],"author":[{"embeddable":true,"href":"https:\/\/noti-america.com\/site\/ecuador\/wp-json\/wp\/v2\/users\/17"}],"replies":[{"embeddable":true,"href":"https:\/\/noti-america.com\/site\/ecuador\/wp-json\/wp\/v2\/comments?post=532"}],"version-history":[{"count":3,"href":"https:\/\/noti-america.com\/site\/ecuador\/wp-json\/wp\/v2\/posts\/532\/revisions"}],"predecessor-version":[{"id":536,"href":"https:\/\/noti-america.com\/site\/ecuador\/wp-json\/wp\/v2\/posts\/532\/revisions\/536"}],"wp:featuredmedia":[{"embeddable":true,"href":"https:\/\/noti-america.com\/site\/ecuador\/wp-json\/wp\/v2\/media\/533"}],"wp:attachment":[{"href":"https:\/\/noti-america.com\/site\/ecuador\/wp-json\/wp\/v2\/media?parent=532"}],"wp:term":[{"taxonomy":"category","embeddable":true,"href":"https:\/\/noti-america.com\/site\/ecuador\/wp-json\/wp\/v2\/categories?post=532"},{"taxonomy":"post_tag","embeddable":true,"href":"https:\/\/noti-america.com\/site\/ecuador\/wp-json\/wp\/v2\/tags?post=532"}],"curies":[{"name":"wp","href":"https:\/\/api.w.org\/{rel}","templated":true}]}}