{"id":5302,"date":"2019-08-28T19:34:18","date_gmt":"2019-08-28T19:34:18","guid":{"rendered":"http:\/\/noti-america.com\/site\/ecuador\/?p=5302"},"modified":"2019-08-28T19:34:18","modified_gmt":"2019-08-28T19:34:18","slug":"servidores-judiciales-seran-investigados-por-caso-monte-sinai","status":"publish","type":"post","link":"https:\/\/noti-america.com\/site\/ecuador\/2019\/08\/28\/servidores-judiciales-seran-investigados-por-caso-monte-sinai\/","title":{"rendered":"Servidores judiciales ser\u00e1n investigados por caso \u2018Monte Sina\u00ed\u2019"},"content":{"rendered":"<div id=\"attachment_5303\" style=\"width: 658px\" class=\"wp-caption aligncenter\"><img loading=\"lazy\" decoding=\"async\" aria-describedby=\"caption-attachment-5303\" class=\" wp-image-5303\" src=\"http:\/\/noti-america.com\/site\/ecuador\/wp-content\/uploads\/sites\/18\/2019\/08\/CJ_Monte_Sina\u00ed-300x171.jpg\" alt=\"\" width=\"648\" height=\"369\" srcset=\"https:\/\/noti-america.com\/site\/ecuador\/wp-content\/uploads\/sites\/18\/2019\/08\/CJ_Monte_Sina\u00ed-300x171.jpg 300w, https:\/\/noti-america.com\/site\/ecuador\/wp-content\/uploads\/sites\/18\/2019\/08\/CJ_Monte_Sina\u00ed.jpg 659w\" sizes=\"auto, (max-width: 648px) 100vw, 648px\" \/><p id=\"caption-attachment-5303\" class=\"wp-caption-text\">Ocho personas vinculadas con una banda delictiva, que hab\u00edan sido detenidas un d\u00eda antes, fueron libertadas. Foto: Vistazo.<\/p><\/div>\n<p style=\"text-align: justify\">A trav\u00e9s de un comunicado de prensa, el Consejo de la Judicatura (CJ) se refiri\u00f3 a los hechos ocurridos en la ciudad de Guayaquil el 21 de agosto de 2019, dentro del proceso \u2018Monte Sina\u00ed\u2019, en el cual se dej\u00f3 en libertad a ocho detenidos por el presunto delito de asociaci\u00f3n il\u00edcita.<\/p>\n<p style=\"text-align: justify\">Ante ello comunica lo siguiente:<\/p>\n<p style=\"text-align: justify\">El d\u00eda 23 de agosto de 2019, la Presidenta del CJ dispuso a la Direcci\u00f3n Nacional de Transparencia, realizar la investigaci\u00f3n correspondiente a todos los servidores judiciales involucrados en el caso, para determinar posibles infracciones disciplinarias.<\/p>\n<p style=\"text-align: justify\">Control Disciplinario del Guayas tambi\u00e9n ha procedido a la apertura de un expediente.<\/p>\n<p style=\"text-align: justify\">De igual manera, mientras duren las investigaciones y, conforme lo dispuesto en el art\u00edculo 101 del C\u00f3digo Org\u00e1nico de la Funci\u00f3n Judicial, la Direcci\u00f3n Provincial del Guayas del CJ realiz\u00f3 el traslado administrativo de la jueza, quien actu\u00f3 en este proceso, a otra unidad judicial, en la que adem\u00e1s dejar\u00e1 de conocer causas de tipo penal.<\/p>\n<p style=\"text-align: justify\">Estas acciones se realizan sin perjuicio de las denuncias que han sido presentadas por las autoridades correspondientes, las mismas que se encuentran en tr\u00e1mite.<\/p>\n<p style=\"text-align: justify\">El reporte culmina subrayando que el CJ continuar\u00e1 trabajando en la lucha contra la corrupci\u00f3n e impunidad, como primer eje de acci\u00f3n de la actual administraci\u00f3n.<\/p>\n<p>&nbsp;<\/p>\n","protected":false},"excerpt":{"rendered":"<p>A trav\u00e9s de un comunicado de prensa, el Consejo de la Judicatura (CJ) se refiri\u00f3 a los hechos ocurridos en la ciudad de Guayaquil el 21 de agosto de 2019, dentro del proceso \u2018Monte&#46;&#46;&#46;<\/p>\n","protected":false},"author":54,"featured_media":5304,"comment_status":"open","ping_status":"open","sticky":false,"template":"","format":"standard","meta":{"_acf_changed":false,"om_disable_all_campaigns":false,"rop_custom_images_group":[],"rop_custom_messages_group":[],"rop_publish_now":"initial","rop_publish_now_accounts":{"twitter_242054905_242054905":""},"rop_publish_now_history":[],"rop_publish_now_status":"pending","_uf_show_specific_survey":0,"_uf_disable_surveys":false,"footnotes":""},"categories":[94],"tags":[],"class_list":["post-5302","post","type-post","status-publish","format-standard","has-post-thumbnail","hentry","category-judicial"],"acf":[],"aioseo_notices":[],"yoast_head":"<!-- This site is optimized with the Yoast SEO Premium plugin v24.9 (Yoast SEO v27.2) - https:\/\/yoast.com\/product\/yoast-seo-premium-wordpress\/ -->\n<title>Servidores judiciales ser\u00e1n investigados por caso \u2018Monte Sina\u00ed\u2019 - Ecuador | Noti-America.com<\/title>\n<meta name=\"robots\" content=\"index, follow, max-snippet:-1, max-image-preview:large, max-video-preview:-1\" \/>\n<link rel=\"canonical\" href=\"https:\/\/noti-america.com\/site\/ecuador\/2019\/08\/28\/servidores-judiciales-seran-investigados-por-caso-monte-sinai\/\" \/>\n<meta property=\"og:locale\" content=\"es_ES\" \/>\n<meta property=\"og:type\" content=\"article\" \/>\n<meta property=\"og:title\" content=\"Servidores judiciales ser\u00e1n investigados por caso \u2018Monte Sina\u00ed\u2019\" \/>\n<meta property=\"og:description\" content=\"A trav\u00e9s de un comunicado de prensa, el Consejo de la Judicatura (CJ) se refiri\u00f3 a los hechos ocurridos en la ciudad de Guayaquil el 21 de agosto de 2019, dentro del proceso \u2018Monte&#046;&#046;&#046;\" \/>\n<meta property=\"og:url\" content=\"https:\/\/noti-america.com\/site\/ecuador\/2019\/08\/28\/servidores-judiciales-seran-investigados-por-caso-monte-sinai\/\" \/>\n<meta property=\"og:site_name\" content=\"Ecuador | Noti-America.com\" \/>\n<meta property=\"article:author\" content=\"https:\/\/www.facebook.com\/geojuradopuente\" \/>\n<meta property=\"article:published_time\" content=\"2019-08-28T19:34:18+00:00\" \/>\n<meta property=\"og:image\" content=\"https:\/\/noti-america.com\/site\/ecuador\/wp-content\/uploads\/sites\/18\/2019\/08\/CJ_Monte_Sina\u00ed-1.jpg\" \/>\n\t<meta property=\"og:image:width\" content=\"659\" \/>\n\t<meta property=\"og:image:height\" content=\"376\" \/>\n\t<meta property=\"og:image:type\" content=\"image\/jpeg\" \/>\n<meta name=\"author\" content=\"Mgtr. Geovanny Jurado Puente\" \/>\n<meta name=\"twitter:card\" content=\"summary_large_image\" \/>\n<meta name=\"twitter:creator\" content=\"@GeoJurado\" \/>\n<meta name=\"twitter:site\" content=\"@notiamerica\" \/>\n<meta name=\"twitter:label1\" content=\"Escrito por\" \/>\n\t<meta name=\"twitter:data1\" content=\"Mgtr. Geovanny Jurado Puente\" \/>\n\t<meta name=\"twitter:label2\" content=\"Tiempo estimado de lectura\" \/>\n\t<meta name=\"twitter:data2\" content=\"1 minuto\" \/>\n<script type=\"application\/ld+json\" class=\"yoast-schema-graph\">{\"@context\":\"https:\/\/schema.org\",\"@graph\":[{\"@type\":\"Article\",\"@id\":\"https:\/\/noti-america.com\/site\/ecuador\/2019\/08\/28\/servidores-judiciales-seran-investigados-por-caso-monte-sinai\/#article\",\"isPartOf\":{\"@id\":\"https:\/\/noti-america.com\/site\/ecuador\/2019\/08\/28\/servidores-judiciales-seran-investigados-por-caso-monte-sinai\/\"},\"author\":{\"name\":\"Mgtr. Geovanny Jurado Puente\",\"@id\":\"https:\/\/noti-america.com\/site\/ecuador\/#\/schema\/person\/eafaa0d78b886269707bbd67c79282d8\"},\"headline\":\"Servidores judiciales ser\u00e1n investigados por caso \u2018Monte Sina\u00ed\u2019\",\"datePublished\":\"2019-08-28T19:34:18+00:00\",\"mainEntityOfPage\":{\"@id\":\"https:\/\/noti-america.com\/site\/ecuador\/2019\/08\/28\/servidores-judiciales-seran-investigados-por-caso-monte-sinai\/\"},\"wordCount\":261,\"commentCount\":0,\"publisher\":{\"@id\":\"https:\/\/noti-america.com\/site\/ecuador\/#organization\"},\"image\":{\"@id\":\"https:\/\/noti-america.com\/site\/ecuador\/2019\/08\/28\/servidores-judiciales-seran-investigados-por-caso-monte-sinai\/#primaryimage\"},\"thumbnailUrl\":\"https:\/\/noti-america.com\/site\/ecuador\/wp-content\/uploads\/sites\/18\/2019\/08\/CJ_Monte_Sina\u00ed-1.jpg\",\"articleSection\":[\"Judicial\"],\"inLanguage\":\"es\",\"potentialAction\":[{\"@type\":\"CommentAction\",\"name\":\"Comment\",\"target\":[\"https:\/\/noti-america.com\/site\/ecuador\/2019\/08\/28\/servidores-judiciales-seran-investigados-por-caso-monte-sinai\/#respond\"]}]},{\"@type\":\"WebPage\",\"@id\":\"https:\/\/noti-america.com\/site\/ecuador\/2019\/08\/28\/servidores-judiciales-seran-investigados-por-caso-monte-sinai\/\",\"url\":\"https:\/\/noti-america.com\/site\/ecuador\/2019\/08\/28\/servidores-judiciales-seran-investigados-por-caso-monte-sinai\/\",\"name\":\"Servidores judiciales ser\u00e1n investigados por caso \u2018Monte Sina\u00ed\u2019 - Ecuador | Noti-America.com\",\"isPartOf\":{\"@id\":\"https:\/\/noti-america.com\/site\/ecuador\/#website\"},\"primaryImageOfPage\":{\"@id\":\"https:\/\/noti-america.com\/site\/ecuador\/2019\/08\/28\/servidores-judiciales-seran-investigados-por-caso-monte-sinai\/#primaryimage\"},\"image\":{\"@id\":\"https:\/\/noti-america.com\/site\/ecuador\/2019\/08\/28\/servidores-judiciales-seran-investigados-por-caso-monte-sinai\/#primaryimage\"},\"thumbnailUrl\":\"https:\/\/noti-america.com\/site\/ecuador\/wp-content\/uploads\/sites\/18\/2019\/08\/CJ_Monte_Sina\u00ed-1.jpg\",\"datePublished\":\"2019-08-28T19:34:18+00:00\",\"breadcrumb\":{\"@id\":\"https:\/\/noti-america.com\/site\/ecuador\/2019\/08\/28\/servidores-judiciales-seran-investigados-por-caso-monte-sinai\/#breadcrumb\"},\"inLanguage\":\"es\",\"potentialAction\":[{\"@type\":\"ReadAction\",\"target\":[\"https:\/\/noti-america.com\/site\/ecuador\/2019\/08\/28\/servidores-judiciales-seran-investigados-por-caso-monte-sinai\/\"]}]},{\"@type\":\"ImageObject\",\"inLanguage\":\"es\",\"@id\":\"https:\/\/noti-america.com\/site\/ecuador\/2019\/08\/28\/servidores-judiciales-seran-investigados-por-caso-monte-sinai\/#primaryimage\",\"url\":\"https:\/\/noti-america.com\/site\/ecuador\/wp-content\/uploads\/sites\/18\/2019\/08\/CJ_Monte_Sina\u00ed-1.jpg\",\"contentUrl\":\"https:\/\/noti-america.com\/site\/ecuador\/wp-content\/uploads\/sites\/18\/2019\/08\/CJ_Monte_Sina\u00ed-1.jpg\",\"width\":659,\"height\":376},{\"@type\":\"BreadcrumbList\",\"@id\":\"https:\/\/noti-america.com\/site\/ecuador\/2019\/08\/28\/servidores-judiciales-seran-investigados-por-caso-monte-sinai\/#breadcrumb\",\"itemListElement\":[{\"@type\":\"ListItem\",\"position\":1,\"name\":\"Portada\",\"item\":\"https:\/\/noti-america.com\/site\/ecuador\/\"},{\"@type\":\"ListItem\",\"position\":2,\"name\":\"Servidores judiciales ser\u00e1n investigados por caso \u2018Monte Sina\u00ed\u2019\"}]},{\"@type\":\"WebSite\",\"@id\":\"https:\/\/noti-america.com\/site\/ecuador\/#website\",\"url\":\"https:\/\/noti-america.com\/site\/ecuador\/\",\"name\":\"Ecuador | Noti-America.com\",\"description\":\"\",\"publisher\":{\"@id\":\"https:\/\/noti-america.com\/site\/ecuador\/#organization\"},\"potentialAction\":[{\"@type\":\"SearchAction\",\"target\":{\"@type\":\"EntryPoint\",\"urlTemplate\":\"https:\/\/noti-america.com\/site\/ecuador\/?s={search_term_string}\"},\"query-input\":{\"@type\":\"PropertyValueSpecification\",\"valueRequired\":true,\"valueName\":\"search_term_string\"}}],\"inLanguage\":\"es\"},{\"@type\":\"Organization\",\"@id\":\"https:\/\/noti-america.com\/site\/ecuador\/#organization\",\"name\":\"Noti-America LLC | Ecuador\",\"url\":\"https:\/\/noti-america.com\/site\/ecuador\/\",\"logo\":{\"@type\":\"ImageObject\",\"inLanguage\":\"es\",\"@id\":\"https:\/\/noti-america.com\/site\/ecuador\/#\/schema\/logo\/image\/\",\"url\":\"https:\/\/noti-america.com\/site\/ecuador\/wp-content\/uploads\/sites\/18\/2020\/07\/LogoNA-4x3-1.jpg\",\"contentUrl\":\"https:\/\/noti-america.com\/site\/ecuador\/wp-content\/uploads\/sites\/18\/2020\/07\/LogoNA-4x3-1.jpg\",\"width\":1236,\"height\":1080,\"caption\":\"Noti-America LLC | Ecuador\"},\"image\":{\"@id\":\"https:\/\/noti-america.com\/site\/ecuador\/#\/schema\/logo\/image\/\"},\"sameAs\":[\"https:\/\/x.com\/notiamerica\"]},{\"@type\":\"Person\",\"@id\":\"https:\/\/noti-america.com\/site\/ecuador\/#\/schema\/person\/eafaa0d78b886269707bbd67c79282d8\",\"name\":\"Mgtr. Geovanny Jurado Puente\",\"image\":{\"@type\":\"ImageObject\",\"inLanguage\":\"es\",\"@id\":\"https:\/\/secure.gravatar.com\/avatar\/f837d50a2ea0d7cba882939210fb03249c2d70cdea88235e685f1a91ced24905?s=96&d=mm&r=g\",\"url\":\"https:\/\/secure.gravatar.com\/avatar\/f837d50a2ea0d7cba882939210fb03249c2d70cdea88235e685f1a91ced24905?s=96&d=mm&r=g\",\"contentUrl\":\"https:\/\/secure.gravatar.com\/avatar\/f837d50a2ea0d7cba882939210fb03249c2d70cdea88235e685f1a91ced24905?s=96&d=mm&r=g\",\"caption\":\"Mgtr. Geovanny Jurado Puente\"},\"description\":\"Mag\u00edster en Comunicaci\u00f3n, Menci\u00f3n Pol\u00edticas de Desarrollo Social; Licenciado en Ciencias de la Comunicaci\u00f3n Social; Docente Universitario; Miembro de la Red de Investigadores en Comunicaci\u00f3n del Ecuador (RICE); Miembro Fundador de la Red de Editoriales Universitarias y Escuelas Polit\u00e9cnicas del Ecuador (Reupde); ecuatoriano de nacimiento, con residencia en Daule.\",\"sameAs\":[\"https:\/\/www.facebook.com\/geojuradopuente\",\"Geo Jurado\",\"https:\/\/x.com\/GeoJurado\"],\"url\":\"https:\/\/noti-america.com\/site\/ecuador\/author\/gjurado\/\"}]}<\/script>\n<!-- \/ Yoast SEO Premium plugin. -->","yoast_head_json":{"title":"Servidores judiciales ser\u00e1n investigados por caso \u2018Monte Sina\u00ed\u2019 - Ecuador | Noti-America.com","robots":{"index":"index","follow":"follow","max-snippet":"max-snippet:-1","max-image-preview":"max-image-preview:large","max-video-preview":"max-video-preview:-1"},"canonical":"https:\/\/noti-america.com\/site\/ecuador\/2019\/08\/28\/servidores-judiciales-seran-investigados-por-caso-monte-sinai\/","og_locale":"es_ES","og_type":"article","og_title":"Servidores judiciales ser\u00e1n investigados por caso \u2018Monte Sina\u00ed\u2019","og_description":"A trav\u00e9s de un comunicado de prensa, el Consejo de la Judicatura (CJ) se refiri\u00f3 a los hechos ocurridos en la ciudad de Guayaquil el 21 de agosto de 2019, dentro del proceso \u2018Monte&#46;&#46;&#46;","og_url":"https:\/\/noti-america.com\/site\/ecuador\/2019\/08\/28\/servidores-judiciales-seran-investigados-por-caso-monte-sinai\/","og_site_name":"Ecuador | Noti-America.com","article_author":"https:\/\/www.facebook.com\/geojuradopuente","article_published_time":"2019-08-28T19:34:18+00:00","og_image":[{"width":659,"height":376,"url":"https:\/\/noti-america.com\/site\/ecuador\/wp-content\/uploads\/sites\/18\/2019\/08\/CJ_Monte_Sina\u00ed-1.jpg","type":"image\/jpeg"}],"author":"Mgtr. Geovanny Jurado Puente","twitter_card":"summary_large_image","twitter_creator":"@GeoJurado","twitter_site":"@notiamerica","twitter_misc":{"Escrito por":"Mgtr. Geovanny Jurado Puente","Tiempo estimado de lectura":"1 minuto"},"schema":{"@context":"https:\/\/schema.org","@graph":[{"@type":"Article","@id":"https:\/\/noti-america.com\/site\/ecuador\/2019\/08\/28\/servidores-judiciales-seran-investigados-por-caso-monte-sinai\/#article","isPartOf":{"@id":"https:\/\/noti-america.com\/site\/ecuador\/2019\/08\/28\/servidores-judiciales-seran-investigados-por-caso-monte-sinai\/"},"author":{"name":"Mgtr. Geovanny Jurado Puente","@id":"https:\/\/noti-america.com\/site\/ecuador\/#\/schema\/person\/eafaa0d78b886269707bbd67c79282d8"},"headline":"Servidores judiciales ser\u00e1n investigados por caso \u2018Monte Sina\u00ed\u2019","datePublished":"2019-08-28T19:34:18+00:00","mainEntityOfPage":{"@id":"https:\/\/noti-america.com\/site\/ecuador\/2019\/08\/28\/servidores-judiciales-seran-investigados-por-caso-monte-sinai\/"},"wordCount":261,"commentCount":0,"publisher":{"@id":"https:\/\/noti-america.com\/site\/ecuador\/#organization"},"image":{"@id":"https:\/\/noti-america.com\/site\/ecuador\/2019\/08\/28\/servidores-judiciales-seran-investigados-por-caso-monte-sinai\/#primaryimage"},"thumbnailUrl":"https:\/\/noti-america.com\/site\/ecuador\/wp-content\/uploads\/sites\/18\/2019\/08\/CJ_Monte_Sina\u00ed-1.jpg","articleSection":["Judicial"],"inLanguage":"es","potentialAction":[{"@type":"CommentAction","name":"Comment","target":["https:\/\/noti-america.com\/site\/ecuador\/2019\/08\/28\/servidores-judiciales-seran-investigados-por-caso-monte-sinai\/#respond"]}]},{"@type":"WebPage","@id":"https:\/\/noti-america.com\/site\/ecuador\/2019\/08\/28\/servidores-judiciales-seran-investigados-por-caso-monte-sinai\/","url":"https:\/\/noti-america.com\/site\/ecuador\/2019\/08\/28\/servidores-judiciales-seran-investigados-por-caso-monte-sinai\/","name":"Servidores judiciales ser\u00e1n investigados por caso \u2018Monte Sina\u00ed\u2019 - Ecuador | Noti-America.com","isPartOf":{"@id":"https:\/\/noti-america.com\/site\/ecuador\/#website"},"primaryImageOfPage":{"@id":"https:\/\/noti-america.com\/site\/ecuador\/2019\/08\/28\/servidores-judiciales-seran-investigados-por-caso-monte-sinai\/#primaryimage"},"image":{"@id":"https:\/\/noti-america.com\/site\/ecuador\/2019\/08\/28\/servidores-judiciales-seran-investigados-por-caso-monte-sinai\/#primaryimage"},"thumbnailUrl":"https:\/\/noti-america.com\/site\/ecuador\/wp-content\/uploads\/sites\/18\/2019\/08\/CJ_Monte_Sina\u00ed-1.jpg","datePublished":"2019-08-28T19:34:18+00:00","breadcrumb":{"@id":"https:\/\/noti-america.com\/site\/ecuador\/2019\/08\/28\/servidores-judiciales-seran-investigados-por-caso-monte-sinai\/#breadcrumb"},"inLanguage":"es","potentialAction":[{"@type":"ReadAction","target":["https:\/\/noti-america.com\/site\/ecuador\/2019\/08\/28\/servidores-judiciales-seran-investigados-por-caso-monte-sinai\/"]}]},{"@type":"ImageObject","inLanguage":"es","@id":"https:\/\/noti-america.com\/site\/ecuador\/2019\/08\/28\/servidores-judiciales-seran-investigados-por-caso-monte-sinai\/#primaryimage","url":"https:\/\/noti-america.com\/site\/ecuador\/wp-content\/uploads\/sites\/18\/2019\/08\/CJ_Monte_Sina\u00ed-1.jpg","contentUrl":"https:\/\/noti-america.com\/site\/ecuador\/wp-content\/uploads\/sites\/18\/2019\/08\/CJ_Monte_Sina\u00ed-1.jpg","width":659,"height":376},{"@type":"BreadcrumbList","@id":"https:\/\/noti-america.com\/site\/ecuador\/2019\/08\/28\/servidores-judiciales-seran-investigados-por-caso-monte-sinai\/#breadcrumb","itemListElement":[{"@type":"ListItem","position":1,"name":"Portada","item":"https:\/\/noti-america.com\/site\/ecuador\/"},{"@type":"ListItem","position":2,"name":"Servidores judiciales ser\u00e1n investigados por caso \u2018Monte Sina\u00ed\u2019"}]},{"@type":"WebSite","@id":"https:\/\/noti-america.com\/site\/ecuador\/#website","url":"https:\/\/noti-america.com\/site\/ecuador\/","name":"Ecuador | Noti-America.com","description":"","publisher":{"@id":"https:\/\/noti-america.com\/site\/ecuador\/#organization"},"potentialAction":[{"@type":"SearchAction","target":{"@type":"EntryPoint","urlTemplate":"https:\/\/noti-america.com\/site\/ecuador\/?s={search_term_string}"},"query-input":{"@type":"PropertyValueSpecification","valueRequired":true,"valueName":"search_term_string"}}],"inLanguage":"es"},{"@type":"Organization","@id":"https:\/\/noti-america.com\/site\/ecuador\/#organization","name":"Noti-America LLC | Ecuador","url":"https:\/\/noti-america.com\/site\/ecuador\/","logo":{"@type":"ImageObject","inLanguage":"es","@id":"https:\/\/noti-america.com\/site\/ecuador\/#\/schema\/logo\/image\/","url":"https:\/\/noti-america.com\/site\/ecuador\/wp-content\/uploads\/sites\/18\/2020\/07\/LogoNA-4x3-1.jpg","contentUrl":"https:\/\/noti-america.com\/site\/ecuador\/wp-content\/uploads\/sites\/18\/2020\/07\/LogoNA-4x3-1.jpg","width":1236,"height":1080,"caption":"Noti-America LLC | Ecuador"},"image":{"@id":"https:\/\/noti-america.com\/site\/ecuador\/#\/schema\/logo\/image\/"},"sameAs":["https:\/\/x.com\/notiamerica"]},{"@type":"Person","@id":"https:\/\/noti-america.com\/site\/ecuador\/#\/schema\/person\/eafaa0d78b886269707bbd67c79282d8","name":"Mgtr. Geovanny Jurado Puente","image":{"@type":"ImageObject","inLanguage":"es","@id":"https:\/\/secure.gravatar.com\/avatar\/f837d50a2ea0d7cba882939210fb03249c2d70cdea88235e685f1a91ced24905?s=96&d=mm&r=g","url":"https:\/\/secure.gravatar.com\/avatar\/f837d50a2ea0d7cba882939210fb03249c2d70cdea88235e685f1a91ced24905?s=96&d=mm&r=g","contentUrl":"https:\/\/secure.gravatar.com\/avatar\/f837d50a2ea0d7cba882939210fb03249c2d70cdea88235e685f1a91ced24905?s=96&d=mm&r=g","caption":"Mgtr. Geovanny Jurado Puente"},"description":"Mag\u00edster en Comunicaci\u00f3n, Menci\u00f3n Pol\u00edticas de Desarrollo Social; Licenciado en Ciencias de la Comunicaci\u00f3n Social; Docente Universitario; Miembro de la Red de Investigadores en Comunicaci\u00f3n del Ecuador (RICE); Miembro Fundador de la Red de Editoriales Universitarias y Escuelas Polit\u00e9cnicas del Ecuador (Reupde); ecuatoriano de nacimiento, con residencia en Daule.","sameAs":["https:\/\/www.facebook.com\/geojuradopuente","Geo Jurado","https:\/\/x.com\/GeoJurado"],"url":"https:\/\/noti-america.com\/site\/ecuador\/author\/gjurado\/"}]}},"_links":{"self":[{"href":"https:\/\/noti-america.com\/site\/ecuador\/wp-json\/wp\/v2\/posts\/5302","targetHints":{"allow":["GET"]}}],"collection":[{"href":"https:\/\/noti-america.com\/site\/ecuador\/wp-json\/wp\/v2\/posts"}],"about":[{"href":"https:\/\/noti-america.com\/site\/ecuador\/wp-json\/wp\/v2\/types\/post"}],"author":[{"embeddable":true,"href":"https:\/\/noti-america.com\/site\/ecuador\/wp-json\/wp\/v2\/users\/54"}],"replies":[{"embeddable":true,"href":"https:\/\/noti-america.com\/site\/ecuador\/wp-json\/wp\/v2\/comments?post=5302"}],"version-history":[{"count":1,"href":"https:\/\/noti-america.com\/site\/ecuador\/wp-json\/wp\/v2\/posts\/5302\/revisions"}],"predecessor-version":[{"id":5305,"href":"https:\/\/noti-america.com\/site\/ecuador\/wp-json\/wp\/v2\/posts\/5302\/revisions\/5305"}],"wp:featuredmedia":[{"embeddable":true,"href":"https:\/\/noti-america.com\/site\/ecuador\/wp-json\/wp\/v2\/media\/5304"}],"wp:attachment":[{"href":"https:\/\/noti-america.com\/site\/ecuador\/wp-json\/wp\/v2\/media?parent=5302"}],"wp:term":[{"taxonomy":"category","embeddable":true,"href":"https:\/\/noti-america.com\/site\/ecuador\/wp-json\/wp\/v2\/categories?post=5302"},{"taxonomy":"post_tag","embeddable":true,"href":"https:\/\/noti-america.com\/site\/ecuador\/wp-json\/wp\/v2\/tags?post=5302"}],"curies":[{"name":"wp","href":"https:\/\/api.w.org\/{rel}","templated":true}]}}