{"id":5259,"date":"2019-08-27T03:03:54","date_gmt":"2019-08-27T03:03:54","guid":{"rendered":"http:\/\/noti-america.com\/site\/ecuador\/?p=5259"},"modified":"2019-08-27T03:03:54","modified_gmt":"2019-08-27T03:03:54","slug":"alcaldesa-de-guayaquil-hizo-un-llamado-de-auxilio-mundial-ante-el-desastre-ambiental-de-la-amazonia","status":"publish","type":"post","link":"https:\/\/noti-america.com\/site\/ecuador\/2019\/08\/27\/alcaldesa-de-guayaquil-hizo-un-llamado-de-auxilio-mundial-ante-el-desastre-ambiental-de-la-amazonia\/","title":{"rendered":"Alcaldesa de Guayaquil hizo un llamado de auxilio mundial ante el desastre ambiental de la Amazon\u00eda"},"content":{"rendered":"<p>REDACCI\u00d3N NOTI-AM\u00c9RICA (ECUADOR)<\/p>\n<p class=\"p1\" style=\"text-align: justify\"><span class=\"s1\">La alcaldesa de Guayaquil, Cynthia Viteri, hizo un llamado de auxilio mundial ante el desastre ambiental de la Amazon\u00eda donde el fuego amenaza arrasar un mill\u00f3n de especies. Lo hizo durante la noche de gala de premiaci\u00f3n de los Premios Latinoam\u00e9rica Verde, que por sexto a\u00f1o consecutivo se realiza en la ciudad portuaria ecuatoriana.<\/span><\/p>\n<p class=\"p1\" style=\"text-align: justify\"><span class=\"s1\">La noche del s\u00e1bado 24 de agosto, al pie del r\u00edo Guayas y de espalda al Palacio de Cristal, en un colorido escenario montado para el efecto, la alcaldesa porte\u00f1a record\u00f3 que existieron especies en el pasado y que hoy est\u00e1n extintas y dio la voz de alarma porque en el futuro, \u201cnosotros, la especie humana, tambi\u00e9n puede estar extinta, ante el mal manejo ambiental, la verdadera depredaci\u00f3n que estamos haciendo de nuestro planeta\u201d.<\/span><\/p>\n<p class=\"p1\" style=\"text-align: justify\"><span class=\"s1\">\u201cEstamos \u2018cazando\u2019 nuestro planeta y, cuando t\u00fa cazas, t\u00fa matas y estamos cazando nuestro planeta y esto debe parar. Alguien dijo alguna vez que no se debe perseguir a las mariposas, sino mejorar nuestro jard\u00edn, cuidar nuestro jard\u00edn, para atraer las mariposas y eso es lo que hace los Premios Latinoam\u00e9rica Verde. Gracias a todos ustedes por cuidar el jard\u00edn de esta tierra, gracias por hacer de Guayaquil la sede, gracias por ser todos partes del cambio. Much\u00edsimas gracias\u201d, exhort\u00f3 la primera autoridad de la ciudad.<\/span><\/p>\n<p class=\"p1\" style=\"text-align: justify\"><span class=\"s1\">Al acto asistieron el vicepresidente de la Rep\u00fablica, Otto Sonnenholzner; el ministro de Ambiente, Ra\u00fal Ledesma; gobernadores y autoridades municipales. Ecuador gan\u00f3 en la categor\u00eda de Manejo de Residuos S\u00f3lidos, por el programa Huella Verde, de vajillas reutilizables en los patios de comida que evita toneladas de basura diarias. Este a\u00f1o, los Premios Latinoam\u00e9rica Verde recibieron 2.332 proyectos inscritos de 603 ciudades participantes y de 35 pa\u00edses.<span class=\"Apple-converted-space\">\u00a0<\/span><\/span><\/p>\n<p>MG<\/p>\n","protected":false},"excerpt":{"rendered":"<p>REDACCI\u00d3N NOTI-AM\u00c9RICA (ECUADOR) La alcaldesa de Guayaquil, Cynthia Viteri, hizo un llamado de auxilio mundial ante el desastre ambiental de la Amazon\u00eda donde el fuego amenaza arrasar un mill\u00f3n de especies. Lo hizo durante&#46;&#46;&#46;<\/p>\n","protected":false},"author":17,"featured_media":5260,"comment_status":"open","ping_status":"open","sticky":false,"template":"","format":"standard","meta":{"_acf_changed":false,"om_disable_all_campaigns":false,"rop_custom_images_group":[],"rop_custom_messages_group":[],"rop_publish_now":"initial","rop_publish_now_accounts":{"twitter_242054905_242054905":""},"rop_publish_now_history":[],"rop_publish_now_status":"pending","_uf_show_specific_survey":0,"_uf_disable_surveys":false,"footnotes":""},"categories":[79],"tags":[],"class_list":["post-5259","post","type-post","status-publish","format-standard","has-post-thumbnail","hentry","category-ambiental"],"acf":[],"aioseo_notices":[],"yoast_head":"<!-- This site is optimized with the Yoast SEO Premium plugin v24.9 (Yoast SEO v27.2) - https:\/\/yoast.com\/product\/yoast-seo-premium-wordpress\/ -->\n<title>Alcaldesa de Guayaquil hizo un llamado de auxilio mundial ante el desastre ambiental de la Amazon\u00eda - Ecuador | Noti-America.com<\/title>\n<meta name=\"robots\" content=\"index, follow, max-snippet:-1, max-image-preview:large, max-video-preview:-1\" \/>\n<link rel=\"canonical\" href=\"https:\/\/noti-america.com\/site\/ecuador\/2019\/08\/27\/alcaldesa-de-guayaquil-hizo-un-llamado-de-auxilio-mundial-ante-el-desastre-ambiental-de-la-amazonia\/\" \/>\n<meta property=\"og:locale\" content=\"es_ES\" \/>\n<meta property=\"og:type\" content=\"article\" \/>\n<meta property=\"og:title\" content=\"Alcaldesa de Guayaquil hizo un llamado de auxilio mundial ante el desastre ambiental de la Amazon\u00eda\" \/>\n<meta property=\"og:description\" content=\"REDACCI\u00d3N NOTI-AM\u00c9RICA (ECUADOR) La alcaldesa de Guayaquil, Cynthia Viteri, hizo un llamado de auxilio mundial ante el desastre ambiental de la Amazon\u00eda donde el fuego amenaza arrasar un mill\u00f3n de especies. Lo hizo durante&#046;&#046;&#046;\" \/>\n<meta property=\"og:url\" content=\"https:\/\/noti-america.com\/site\/ecuador\/2019\/08\/27\/alcaldesa-de-guayaquil-hizo-un-llamado-de-auxilio-mundial-ante-el-desastre-ambiental-de-la-amazonia\/\" \/>\n<meta property=\"og:site_name\" content=\"Ecuador | Noti-America.com\" \/>\n<meta property=\"article:published_time\" content=\"2019-08-27T03:03:54+00:00\" \/>\n<meta property=\"og:image\" content=\"https:\/\/noti-america.com\/site\/ecuador\/wp-content\/uploads\/sites\/18\/2019\/08\/Premios-verdes-Latinoam\u00e9ricanos-en-Guayaquil.jpg\" \/>\n\t<meta property=\"og:image:width\" content=\"850\" \/>\n\t<meta property=\"og:image:height\" content=\"567\" \/>\n\t<meta property=\"og:image:type\" content=\"image\/jpeg\" \/>\n<meta name=\"author\" content=\"Gregory Quintana Montiel\" \/>\n<meta name=\"twitter:card\" content=\"summary_large_image\" \/>\n<meta name=\"twitter:creator\" content=\"@gdgregori1\" \/>\n<meta name=\"twitter:site\" content=\"@notiamerica\" \/>\n<meta name=\"twitter:label1\" content=\"Escrito por\" \/>\n\t<meta name=\"twitter:data1\" content=\"Gregory Quintana Montiel\" \/>\n\t<meta name=\"twitter:label2\" content=\"Tiempo estimado de lectura\" \/>\n\t<meta name=\"twitter:data2\" content=\"2 minutos\" \/>\n<script type=\"application\/ld+json\" class=\"yoast-schema-graph\">{\"@context\":\"https:\/\/schema.org\",\"@graph\":[{\"@type\":\"Article\",\"@id\":\"https:\/\/noti-america.com\/site\/ecuador\/2019\/08\/27\/alcaldesa-de-guayaquil-hizo-un-llamado-de-auxilio-mundial-ante-el-desastre-ambiental-de-la-amazonia\/#article\",\"isPartOf\":{\"@id\":\"https:\/\/noti-america.com\/site\/ecuador\/2019\/08\/27\/alcaldesa-de-guayaquil-hizo-un-llamado-de-auxilio-mundial-ante-el-desastre-ambiental-de-la-amazonia\/\"},\"author\":{\"name\":\"Gregory Quintana Montiel\",\"@id\":\"https:\/\/noti-america.com\/site\/ecuador\/#\/schema\/person\/3b975e42f15abfe64bfe3abdd916efda\"},\"headline\":\"Alcaldesa de Guayaquil hizo un llamado de auxilio mundial ante el desastre ambiental de la Amazon\u00eda\",\"datePublished\":\"2019-08-27T03:03:54+00:00\",\"mainEntityOfPage\":{\"@id\":\"https:\/\/noti-america.com\/site\/ecuador\/2019\/08\/27\/alcaldesa-de-guayaquil-hizo-un-llamado-de-auxilio-mundial-ante-el-desastre-ambiental-de-la-amazonia\/\"},\"wordCount\":323,\"commentCount\":0,\"publisher\":{\"@id\":\"https:\/\/noti-america.com\/site\/ecuador\/#organization\"},\"image\":{\"@id\":\"https:\/\/noti-america.com\/site\/ecuador\/2019\/08\/27\/alcaldesa-de-guayaquil-hizo-un-llamado-de-auxilio-mundial-ante-el-desastre-ambiental-de-la-amazonia\/#primaryimage\"},\"thumbnailUrl\":\"https:\/\/noti-america.com\/site\/ecuador\/wp-content\/uploads\/sites\/18\/2019\/08\/Premios-verdes-Latinoam\u00e9ricanos-en-Guayaquil.jpg\",\"articleSection\":[\"Ambiental\"],\"inLanguage\":\"es\",\"potentialAction\":[{\"@type\":\"CommentAction\",\"name\":\"Comment\",\"target\":[\"https:\/\/noti-america.com\/site\/ecuador\/2019\/08\/27\/alcaldesa-de-guayaquil-hizo-un-llamado-de-auxilio-mundial-ante-el-desastre-ambiental-de-la-amazonia\/#respond\"]}]},{\"@type\":\"WebPage\",\"@id\":\"https:\/\/noti-america.com\/site\/ecuador\/2019\/08\/27\/alcaldesa-de-guayaquil-hizo-un-llamado-de-auxilio-mundial-ante-el-desastre-ambiental-de-la-amazonia\/\",\"url\":\"https:\/\/noti-america.com\/site\/ecuador\/2019\/08\/27\/alcaldesa-de-guayaquil-hizo-un-llamado-de-auxilio-mundial-ante-el-desastre-ambiental-de-la-amazonia\/\",\"name\":\"Alcaldesa de Guayaquil hizo un llamado de auxilio mundial ante el desastre ambiental de la Amazon\u00eda - Ecuador | Noti-America.com\",\"isPartOf\":{\"@id\":\"https:\/\/noti-america.com\/site\/ecuador\/#website\"},\"primaryImageOfPage\":{\"@id\":\"https:\/\/noti-america.com\/site\/ecuador\/2019\/08\/27\/alcaldesa-de-guayaquil-hizo-un-llamado-de-auxilio-mundial-ante-el-desastre-ambiental-de-la-amazonia\/#primaryimage\"},\"image\":{\"@id\":\"https:\/\/noti-america.com\/site\/ecuador\/2019\/08\/27\/alcaldesa-de-guayaquil-hizo-un-llamado-de-auxilio-mundial-ante-el-desastre-ambiental-de-la-amazonia\/#primaryimage\"},\"thumbnailUrl\":\"https:\/\/noti-america.com\/site\/ecuador\/wp-content\/uploads\/sites\/18\/2019\/08\/Premios-verdes-Latinoam\u00e9ricanos-en-Guayaquil.jpg\",\"datePublished\":\"2019-08-27T03:03:54+00:00\",\"breadcrumb\":{\"@id\":\"https:\/\/noti-america.com\/site\/ecuador\/2019\/08\/27\/alcaldesa-de-guayaquil-hizo-un-llamado-de-auxilio-mundial-ante-el-desastre-ambiental-de-la-amazonia\/#breadcrumb\"},\"inLanguage\":\"es\",\"potentialAction\":[{\"@type\":\"ReadAction\",\"target\":[\"https:\/\/noti-america.com\/site\/ecuador\/2019\/08\/27\/alcaldesa-de-guayaquil-hizo-un-llamado-de-auxilio-mundial-ante-el-desastre-ambiental-de-la-amazonia\/\"]}]},{\"@type\":\"ImageObject\",\"inLanguage\":\"es\",\"@id\":\"https:\/\/noti-america.com\/site\/ecuador\/2019\/08\/27\/alcaldesa-de-guayaquil-hizo-un-llamado-de-auxilio-mundial-ante-el-desastre-ambiental-de-la-amazonia\/#primaryimage\",\"url\":\"https:\/\/noti-america.com\/site\/ecuador\/wp-content\/uploads\/sites\/18\/2019\/08\/Premios-verdes-Latinoam\u00e9ricanos-en-Guayaquil.jpg\",\"contentUrl\":\"https:\/\/noti-america.com\/site\/ecuador\/wp-content\/uploads\/sites\/18\/2019\/08\/Premios-verdes-Latinoam\u00e9ricanos-en-Guayaquil.jpg\",\"width\":850,\"height\":567,\"caption\":\"Alcaldesa en premiaci\u00f3n a ganadores\"},{\"@type\":\"BreadcrumbList\",\"@id\":\"https:\/\/noti-america.com\/site\/ecuador\/2019\/08\/27\/alcaldesa-de-guayaquil-hizo-un-llamado-de-auxilio-mundial-ante-el-desastre-ambiental-de-la-amazonia\/#breadcrumb\",\"itemListElement\":[{\"@type\":\"ListItem\",\"position\":1,\"name\":\"Portada\",\"item\":\"https:\/\/noti-america.com\/site\/ecuador\/\"},{\"@type\":\"ListItem\",\"position\":2,\"name\":\"Alcaldesa de Guayaquil hizo un llamado de auxilio mundial ante el desastre ambiental de la Amazon\u00eda\"}]},{\"@type\":\"WebSite\",\"@id\":\"https:\/\/noti-america.com\/site\/ecuador\/#website\",\"url\":\"https:\/\/noti-america.com\/site\/ecuador\/\",\"name\":\"Ecuador | Noti-America.com\",\"description\":\"\",\"publisher\":{\"@id\":\"https:\/\/noti-america.com\/site\/ecuador\/#organization\"},\"potentialAction\":[{\"@type\":\"SearchAction\",\"target\":{\"@type\":\"EntryPoint\",\"urlTemplate\":\"https:\/\/noti-america.com\/site\/ecuador\/?s={search_term_string}\"},\"query-input\":{\"@type\":\"PropertyValueSpecification\",\"valueRequired\":true,\"valueName\":\"search_term_string\"}}],\"inLanguage\":\"es\"},{\"@type\":\"Organization\",\"@id\":\"https:\/\/noti-america.com\/site\/ecuador\/#organization\",\"name\":\"Noti-America LLC | Ecuador\",\"url\":\"https:\/\/noti-america.com\/site\/ecuador\/\",\"logo\":{\"@type\":\"ImageObject\",\"inLanguage\":\"es\",\"@id\":\"https:\/\/noti-america.com\/site\/ecuador\/#\/schema\/logo\/image\/\",\"url\":\"https:\/\/noti-america.com\/site\/ecuador\/wp-content\/uploads\/sites\/18\/2020\/07\/LogoNA-4x3-1.jpg\",\"contentUrl\":\"https:\/\/noti-america.com\/site\/ecuador\/wp-content\/uploads\/sites\/18\/2020\/07\/LogoNA-4x3-1.jpg\",\"width\":1236,\"height\":1080,\"caption\":\"Noti-America LLC | Ecuador\"},\"image\":{\"@id\":\"https:\/\/noti-america.com\/site\/ecuador\/#\/schema\/logo\/image\/\"},\"sameAs\":[\"https:\/\/x.com\/notiamerica\"]},{\"@type\":\"Person\",\"@id\":\"https:\/\/noti-america.com\/site\/ecuador\/#\/schema\/person\/3b975e42f15abfe64bfe3abdd916efda\",\"name\":\"Gregory Quintana Montiel\",\"image\":{\"@type\":\"ImageObject\",\"inLanguage\":\"es\",\"@id\":\"https:\/\/secure.gravatar.com\/avatar\/2d6b802f7720c2ec7744dcbe608cc2f3417aeb964d58b443c6d612b77531de1d?s=96&d=mm&r=g\",\"url\":\"https:\/\/secure.gravatar.com\/avatar\/2d6b802f7720c2ec7744dcbe608cc2f3417aeb964d58b443c6d612b77531de1d?s=96&d=mm&r=g\",\"contentUrl\":\"https:\/\/secure.gravatar.com\/avatar\/2d6b802f7720c2ec7744dcbe608cc2f3417aeb964d58b443c6d612b77531de1d?s=96&d=mm&r=g\",\"caption\":\"Gregory Quintana Montiel\"},\"description\":\"Licenciatura en Ciencias de la Comunicaci\u00f3n Social, egresado en la Especializaci\u00f3n Derecho Ambiental Desarrollo Sostenible y Sustentable, Miembro de la Comunidad de profesionales y experto para Latinoam\u00e9rica y el Caribe en Gesti\u00f3n por Resultado en el Desarrollo (COPLAC - GpRD) del Banco Interamericano de Desarrollo, experiencia en medios radiales y escritos.\",\"sameAs\":[\"https:\/\/x.com\/gdgregori1\",\"gquintana\"],\"url\":\"https:\/\/noti-america.com\/site\/ecuador\/author\/gquintana\/\"}]}<\/script>\n<!-- \/ Yoast SEO Premium plugin. -->","yoast_head_json":{"title":"Alcaldesa de Guayaquil hizo un llamado de auxilio mundial ante el desastre ambiental de la Amazon\u00eda - Ecuador | Noti-America.com","robots":{"index":"index","follow":"follow","max-snippet":"max-snippet:-1","max-image-preview":"max-image-preview:large","max-video-preview":"max-video-preview:-1"},"canonical":"https:\/\/noti-america.com\/site\/ecuador\/2019\/08\/27\/alcaldesa-de-guayaquil-hizo-un-llamado-de-auxilio-mundial-ante-el-desastre-ambiental-de-la-amazonia\/","og_locale":"es_ES","og_type":"article","og_title":"Alcaldesa de Guayaquil hizo un llamado de auxilio mundial ante el desastre ambiental de la Amazon\u00eda","og_description":"REDACCI\u00d3N NOTI-AM\u00c9RICA (ECUADOR) La alcaldesa de Guayaquil, Cynthia Viteri, hizo un llamado de auxilio mundial ante el desastre ambiental de la Amazon\u00eda donde el fuego amenaza arrasar un mill\u00f3n de especies. Lo hizo durante&#46;&#46;&#46;","og_url":"https:\/\/noti-america.com\/site\/ecuador\/2019\/08\/27\/alcaldesa-de-guayaquil-hizo-un-llamado-de-auxilio-mundial-ante-el-desastre-ambiental-de-la-amazonia\/","og_site_name":"Ecuador | Noti-America.com","article_published_time":"2019-08-27T03:03:54+00:00","og_image":[{"width":850,"height":567,"url":"https:\/\/noti-america.com\/site\/ecuador\/wp-content\/uploads\/sites\/18\/2019\/08\/Premios-verdes-Latinoam\u00e9ricanos-en-Guayaquil.jpg","type":"image\/jpeg"}],"author":"Gregory Quintana Montiel","twitter_card":"summary_large_image","twitter_creator":"@gdgregori1","twitter_site":"@notiamerica","twitter_misc":{"Escrito por":"Gregory Quintana Montiel","Tiempo estimado de lectura":"2 minutos"},"schema":{"@context":"https:\/\/schema.org","@graph":[{"@type":"Article","@id":"https:\/\/noti-america.com\/site\/ecuador\/2019\/08\/27\/alcaldesa-de-guayaquil-hizo-un-llamado-de-auxilio-mundial-ante-el-desastre-ambiental-de-la-amazonia\/#article","isPartOf":{"@id":"https:\/\/noti-america.com\/site\/ecuador\/2019\/08\/27\/alcaldesa-de-guayaquil-hizo-un-llamado-de-auxilio-mundial-ante-el-desastre-ambiental-de-la-amazonia\/"},"author":{"name":"Gregory Quintana Montiel","@id":"https:\/\/noti-america.com\/site\/ecuador\/#\/schema\/person\/3b975e42f15abfe64bfe3abdd916efda"},"headline":"Alcaldesa de Guayaquil hizo un llamado de auxilio mundial ante el desastre ambiental de la Amazon\u00eda","datePublished":"2019-08-27T03:03:54+00:00","mainEntityOfPage":{"@id":"https:\/\/noti-america.com\/site\/ecuador\/2019\/08\/27\/alcaldesa-de-guayaquil-hizo-un-llamado-de-auxilio-mundial-ante-el-desastre-ambiental-de-la-amazonia\/"},"wordCount":323,"commentCount":0,"publisher":{"@id":"https:\/\/noti-america.com\/site\/ecuador\/#organization"},"image":{"@id":"https:\/\/noti-america.com\/site\/ecuador\/2019\/08\/27\/alcaldesa-de-guayaquil-hizo-un-llamado-de-auxilio-mundial-ante-el-desastre-ambiental-de-la-amazonia\/#primaryimage"},"thumbnailUrl":"https:\/\/noti-america.com\/site\/ecuador\/wp-content\/uploads\/sites\/18\/2019\/08\/Premios-verdes-Latinoam\u00e9ricanos-en-Guayaquil.jpg","articleSection":["Ambiental"],"inLanguage":"es","potentialAction":[{"@type":"CommentAction","name":"Comment","target":["https:\/\/noti-america.com\/site\/ecuador\/2019\/08\/27\/alcaldesa-de-guayaquil-hizo-un-llamado-de-auxilio-mundial-ante-el-desastre-ambiental-de-la-amazonia\/#respond"]}]},{"@type":"WebPage","@id":"https:\/\/noti-america.com\/site\/ecuador\/2019\/08\/27\/alcaldesa-de-guayaquil-hizo-un-llamado-de-auxilio-mundial-ante-el-desastre-ambiental-de-la-amazonia\/","url":"https:\/\/noti-america.com\/site\/ecuador\/2019\/08\/27\/alcaldesa-de-guayaquil-hizo-un-llamado-de-auxilio-mundial-ante-el-desastre-ambiental-de-la-amazonia\/","name":"Alcaldesa de Guayaquil hizo un llamado de auxilio mundial ante el desastre ambiental de la Amazon\u00eda - Ecuador | Noti-America.com","isPartOf":{"@id":"https:\/\/noti-america.com\/site\/ecuador\/#website"},"primaryImageOfPage":{"@id":"https:\/\/noti-america.com\/site\/ecuador\/2019\/08\/27\/alcaldesa-de-guayaquil-hizo-un-llamado-de-auxilio-mundial-ante-el-desastre-ambiental-de-la-amazonia\/#primaryimage"},"image":{"@id":"https:\/\/noti-america.com\/site\/ecuador\/2019\/08\/27\/alcaldesa-de-guayaquil-hizo-un-llamado-de-auxilio-mundial-ante-el-desastre-ambiental-de-la-amazonia\/#primaryimage"},"thumbnailUrl":"https:\/\/noti-america.com\/site\/ecuador\/wp-content\/uploads\/sites\/18\/2019\/08\/Premios-verdes-Latinoam\u00e9ricanos-en-Guayaquil.jpg","datePublished":"2019-08-27T03:03:54+00:00","breadcrumb":{"@id":"https:\/\/noti-america.com\/site\/ecuador\/2019\/08\/27\/alcaldesa-de-guayaquil-hizo-un-llamado-de-auxilio-mundial-ante-el-desastre-ambiental-de-la-amazonia\/#breadcrumb"},"inLanguage":"es","potentialAction":[{"@type":"ReadAction","target":["https:\/\/noti-america.com\/site\/ecuador\/2019\/08\/27\/alcaldesa-de-guayaquil-hizo-un-llamado-de-auxilio-mundial-ante-el-desastre-ambiental-de-la-amazonia\/"]}]},{"@type":"ImageObject","inLanguage":"es","@id":"https:\/\/noti-america.com\/site\/ecuador\/2019\/08\/27\/alcaldesa-de-guayaquil-hizo-un-llamado-de-auxilio-mundial-ante-el-desastre-ambiental-de-la-amazonia\/#primaryimage","url":"https:\/\/noti-america.com\/site\/ecuador\/wp-content\/uploads\/sites\/18\/2019\/08\/Premios-verdes-Latinoam\u00e9ricanos-en-Guayaquil.jpg","contentUrl":"https:\/\/noti-america.com\/site\/ecuador\/wp-content\/uploads\/sites\/18\/2019\/08\/Premios-verdes-Latinoam\u00e9ricanos-en-Guayaquil.jpg","width":850,"height":567,"caption":"Alcaldesa en premiaci\u00f3n a ganadores"},{"@type":"BreadcrumbList","@id":"https:\/\/noti-america.com\/site\/ecuador\/2019\/08\/27\/alcaldesa-de-guayaquil-hizo-un-llamado-de-auxilio-mundial-ante-el-desastre-ambiental-de-la-amazonia\/#breadcrumb","itemListElement":[{"@type":"ListItem","position":1,"name":"Portada","item":"https:\/\/noti-america.com\/site\/ecuador\/"},{"@type":"ListItem","position":2,"name":"Alcaldesa de Guayaquil hizo un llamado de auxilio mundial ante el desastre ambiental de la Amazon\u00eda"}]},{"@type":"WebSite","@id":"https:\/\/noti-america.com\/site\/ecuador\/#website","url":"https:\/\/noti-america.com\/site\/ecuador\/","name":"Ecuador | Noti-America.com","description":"","publisher":{"@id":"https:\/\/noti-america.com\/site\/ecuador\/#organization"},"potentialAction":[{"@type":"SearchAction","target":{"@type":"EntryPoint","urlTemplate":"https:\/\/noti-america.com\/site\/ecuador\/?s={search_term_string}"},"query-input":{"@type":"PropertyValueSpecification","valueRequired":true,"valueName":"search_term_string"}}],"inLanguage":"es"},{"@type":"Organization","@id":"https:\/\/noti-america.com\/site\/ecuador\/#organization","name":"Noti-America LLC | Ecuador","url":"https:\/\/noti-america.com\/site\/ecuador\/","logo":{"@type":"ImageObject","inLanguage":"es","@id":"https:\/\/noti-america.com\/site\/ecuador\/#\/schema\/logo\/image\/","url":"https:\/\/noti-america.com\/site\/ecuador\/wp-content\/uploads\/sites\/18\/2020\/07\/LogoNA-4x3-1.jpg","contentUrl":"https:\/\/noti-america.com\/site\/ecuador\/wp-content\/uploads\/sites\/18\/2020\/07\/LogoNA-4x3-1.jpg","width":1236,"height":1080,"caption":"Noti-America LLC | Ecuador"},"image":{"@id":"https:\/\/noti-america.com\/site\/ecuador\/#\/schema\/logo\/image\/"},"sameAs":["https:\/\/x.com\/notiamerica"]},{"@type":"Person","@id":"https:\/\/noti-america.com\/site\/ecuador\/#\/schema\/person\/3b975e42f15abfe64bfe3abdd916efda","name":"Gregory Quintana Montiel","image":{"@type":"ImageObject","inLanguage":"es","@id":"https:\/\/secure.gravatar.com\/avatar\/2d6b802f7720c2ec7744dcbe608cc2f3417aeb964d58b443c6d612b77531de1d?s=96&d=mm&r=g","url":"https:\/\/secure.gravatar.com\/avatar\/2d6b802f7720c2ec7744dcbe608cc2f3417aeb964d58b443c6d612b77531de1d?s=96&d=mm&r=g","contentUrl":"https:\/\/secure.gravatar.com\/avatar\/2d6b802f7720c2ec7744dcbe608cc2f3417aeb964d58b443c6d612b77531de1d?s=96&d=mm&r=g","caption":"Gregory Quintana Montiel"},"description":"Licenciatura en Ciencias de la Comunicaci\u00f3n Social, egresado en la Especializaci\u00f3n Derecho Ambiental Desarrollo Sostenible y Sustentable, Miembro de la Comunidad de profesionales y experto para Latinoam\u00e9rica y el Caribe en Gesti\u00f3n por Resultado en el Desarrollo (COPLAC - GpRD) del Banco Interamericano de Desarrollo, experiencia en medios radiales y escritos.","sameAs":["https:\/\/x.com\/gdgregori1","gquintana"],"url":"https:\/\/noti-america.com\/site\/ecuador\/author\/gquintana\/"}]}},"_links":{"self":[{"href":"https:\/\/noti-america.com\/site\/ecuador\/wp-json\/wp\/v2\/posts\/5259","targetHints":{"allow":["GET"]}}],"collection":[{"href":"https:\/\/noti-america.com\/site\/ecuador\/wp-json\/wp\/v2\/posts"}],"about":[{"href":"https:\/\/noti-america.com\/site\/ecuador\/wp-json\/wp\/v2\/types\/post"}],"author":[{"embeddable":true,"href":"https:\/\/noti-america.com\/site\/ecuador\/wp-json\/wp\/v2\/users\/17"}],"replies":[{"embeddable":true,"href":"https:\/\/noti-america.com\/site\/ecuador\/wp-json\/wp\/v2\/comments?post=5259"}],"version-history":[{"count":1,"href":"https:\/\/noti-america.com\/site\/ecuador\/wp-json\/wp\/v2\/posts\/5259\/revisions"}],"predecessor-version":[{"id":5261,"href":"https:\/\/noti-america.com\/site\/ecuador\/wp-json\/wp\/v2\/posts\/5259\/revisions\/5261"}],"wp:featuredmedia":[{"embeddable":true,"href":"https:\/\/noti-america.com\/site\/ecuador\/wp-json\/wp\/v2\/media\/5260"}],"wp:attachment":[{"href":"https:\/\/noti-america.com\/site\/ecuador\/wp-json\/wp\/v2\/media?parent=5259"}],"wp:term":[{"taxonomy":"category","embeddable":true,"href":"https:\/\/noti-america.com\/site\/ecuador\/wp-json\/wp\/v2\/categories?post=5259"},{"taxonomy":"post_tag","embeddable":true,"href":"https:\/\/noti-america.com\/site\/ecuador\/wp-json\/wp\/v2\/tags?post=5259"}],"curies":[{"name":"wp","href":"https:\/\/api.w.org\/{rel}","templated":true}]}}