{"id":5158,"date":"2019-08-21T05:20:35","date_gmt":"2019-08-21T05:20:35","guid":{"rendered":"http:\/\/noti-america.com\/site\/ecuador\/?p=5158"},"modified":"2019-08-21T05:20:35","modified_gmt":"2019-08-21T05:20:35","slug":"la-atm-sanciona-el-uso-de-bocinas-de-los-buses-de-transporte-publico","status":"publish","type":"post","link":"https:\/\/noti-america.com\/site\/ecuador\/2019\/08\/21\/la-atm-sanciona-el-uso-de-bocinas-de-los-buses-de-transporte-publico\/","title":{"rendered":"La ATM sanciona el uso de bocinas de los buses de transporte p\u00fablico"},"content":{"rendered":"<p><img loading=\"lazy\" decoding=\"async\" class=\"wp-image-5159 aligncenter\" src=\"http:\/\/noti-america.com\/site\/ecuador\/wp-content\/uploads\/sites\/18\/2019\/08\/Bocina_Buses1-300x199.jpeg\" alt=\"\" width=\"532\" height=\"353\" srcset=\"https:\/\/noti-america.com\/site\/ecuador\/wp-content\/uploads\/sites\/18\/2019\/08\/Bocina_Buses1-300x199.jpeg 300w, https:\/\/noti-america.com\/site\/ecuador\/wp-content\/uploads\/sites\/18\/2019\/08\/Bocina_Buses1-768x509.jpeg 768w, https:\/\/noti-america.com\/site\/ecuador\/wp-content\/uploads\/sites\/18\/2019\/08\/Bocina_Buses1-1024x678.jpeg 1024w, https:\/\/noti-america.com\/site\/ecuador\/wp-content\/uploads\/sites\/18\/2019\/08\/Bocina_Buses1.jpeg 1280w\" sizes=\"auto, (max-width: 532px) 100vw, 532px\" \/><\/p>\n<p style=\"text-align: justify\">Durante la ma\u00f1ana de este martes 20 de agosto, la Autoridad de Tr\u00e1nsito Municipal (ATM) retir\u00f3 40 cornetas de las unidades de transporte p\u00fablico, que causan afectaciones al o\u00eddo de los conductores y transe\u00fantes.<\/p>\n<p style=\"text-align: justify\">El operativo se efectu\u00f3 en la Av. Jos\u00e9 de Antepara, entre las calles Alejo Lascano y Padre Solano, centro de Guayaquil.<\/p>\n<p><img loading=\"lazy\" decoding=\"async\" class=\" wp-image-5161 alignright\" src=\"http:\/\/noti-america.com\/site\/ecuador\/wp-content\/uploads\/sites\/18\/2019\/08\/Bocina_Buses2-300x199.jpeg\" alt=\"\" width=\"433\" height=\"287\" srcset=\"https:\/\/noti-america.com\/site\/ecuador\/wp-content\/uploads\/sites\/18\/2019\/08\/Bocina_Buses2-300x199.jpeg 300w, https:\/\/noti-america.com\/site\/ecuador\/wp-content\/uploads\/sites\/18\/2019\/08\/Bocina_Buses2-768x509.jpeg 768w, https:\/\/noti-america.com\/site\/ecuador\/wp-content\/uploads\/sites\/18\/2019\/08\/Bocina_Buses2-1024x678.jpeg 1024w, https:\/\/noti-america.com\/site\/ecuador\/wp-content\/uploads\/sites\/18\/2019\/08\/Bocina_Buses2.jpeg 1280w\" sizes=\"auto, (max-width: 433px) 100vw, 433px\" \/><\/p>\n<p style=\"text-align: justify\">La sanci\u00f3n por usar dispositivos sonoros que no son autorizados corresponde a la reducci\u00f3n de 1,5 puntos de la licencia de conducir y 5% del salario b\u00e1sico, es decir, 19,7 d\u00f3lares.<\/p>\n<p style=\"text-align: justify\">\u201cNo me parece justo pagar los platos rotos por los propietarios de los buses que colocan esos dispositivos\u201d, argument\u00f3 el transportista Jos\u00e9 Ved\u00f3n, quien fue multado por circular con una bocina.<\/p>\n<p style=\"text-align: justify\">Por su parte, Luis Lalama, director de Control de la ATM, indic\u00f3 que este trabajo lo hacen de manera peri\u00f3tica y que muchos de los conductores son reincidentes. Adem\u00e1s, inform\u00f3 sobre el cambio en el recorrido de varias unidades.<\/p>\n<p style=\"text-align: justify\">\u201cLa Av. Antepara tiene un problema de congestionamiento vehicular, desde Miguel Galecio hasta Luis Urdaneta, porque circulaban 31 l\u00edneas de Guayaquil y Dur\u00e1n. En el sitio, 8 cooperativas fueron retiradas de la calle Antepara, cambiando su ruta hacia la Av. Del Ej\u00e9rcito\u201d, explic\u00f3.<\/p>\n<p><img loading=\"lazy\" decoding=\"async\" class=\" wp-image-5160 alignleft\" src=\"http:\/\/noti-america.com\/site\/ecuador\/wp-content\/uploads\/sites\/18\/2019\/08\/Bocina_Buses-300x199.jpeg\" alt=\"\" width=\"336\" height=\"223\" srcset=\"https:\/\/noti-america.com\/site\/ecuador\/wp-content\/uploads\/sites\/18\/2019\/08\/Bocina_Buses-300x199.jpeg 300w, https:\/\/noti-america.com\/site\/ecuador\/wp-content\/uploads\/sites\/18\/2019\/08\/Bocina_Buses-768x509.jpeg 768w, https:\/\/noti-america.com\/site\/ecuador\/wp-content\/uploads\/sites\/18\/2019\/08\/Bocina_Buses-1024x678.jpeg 1024w, https:\/\/noti-america.com\/site\/ecuador\/wp-content\/uploads\/sites\/18\/2019\/08\/Bocina_Buses-272x182.jpeg 272w, https:\/\/noti-america.com\/site\/ecuador\/wp-content\/uploads\/sites\/18\/2019\/08\/Bocina_Buses.jpeg 1280w\" sizes=\"auto, (max-width: 336px) 100vw, 336px\" \/><\/p>\n<p style=\"text-align: justify\">Otro operativo de control se desarroll\u00f3 en la Av. Francisco de Orellana, a la altura de la \u2018Peripascuales\u2019, donde el equipo t\u00e9cnico de SGS efectu\u00f3 las mediciones de la combusti\u00f3n de los autos y la transportaci\u00f3n p\u00fablica,<\/p>\n<p style=\"text-align: justify\">Paralelamente, los agentes de tr\u00e1nsito revisaban la documentaci\u00f3n y el estado de los automotores. Como resultado, 11 veh\u00edculos se retuvieron por matr\u00edcula vencida y no cumplir las normas t\u00e9cnicas.<\/p>\n<p style=\"text-align: justify\">Para promover la movilidad y seguridad vial de la ciudadan\u00eda, la ATM mantiene constantes operativos en diversos puntos de la ciudad.<\/p>\n<p>&nbsp;<\/p>\n<p>&nbsp;<\/p>\n","protected":false},"excerpt":{"rendered":"<p>Durante la ma\u00f1ana de este martes 20 de agosto, la Autoridad de Tr\u00e1nsito Municipal (ATM) retir\u00f3 40 cornetas de las unidades de transporte p\u00fablico, que causan afectaciones al o\u00eddo de los conductores y transe\u00fantes.&#46;&#46;&#46;<\/p>\n","protected":false},"author":54,"featured_media":5162,"comment_status":"open","ping_status":"open","sticky":false,"template":"","format":"standard","meta":{"_acf_changed":false,"om_disable_all_campaigns":false,"rop_custom_images_group":[],"rop_custom_messages_group":[],"rop_publish_now":"initial","rop_publish_now_accounts":{"twitter_242054905_242054905":""},"rop_publish_now_history":[],"rop_publish_now_status":"pending","_uf_show_specific_survey":0,"_uf_disable_surveys":false,"footnotes":""},"categories":[42],"tags":[],"class_list":["post-5158","post","type-post","status-publish","format-standard","has-post-thumbnail","hentry","category-noticias"],"acf":[],"aioseo_notices":[],"yoast_head":"<!-- This site is optimized with the Yoast SEO Premium plugin v24.9 (Yoast SEO v27.2) - https:\/\/yoast.com\/product\/yoast-seo-premium-wordpress\/ -->\n<title>La ATM sanciona el uso de bocinas de los buses de transporte p\u00fablico - Ecuador | Noti-America.com<\/title>\n<meta name=\"robots\" content=\"index, follow, max-snippet:-1, max-image-preview:large, max-video-preview:-1\" \/>\n<link rel=\"canonical\" href=\"https:\/\/noti-america.com\/site\/ecuador\/2019\/08\/21\/la-atm-sanciona-el-uso-de-bocinas-de-los-buses-de-transporte-publico\/\" \/>\n<meta property=\"og:locale\" content=\"es_ES\" \/>\n<meta property=\"og:type\" content=\"article\" \/>\n<meta property=\"og:title\" content=\"La ATM sanciona el uso de bocinas de los buses de transporte p\u00fablico\" \/>\n<meta property=\"og:description\" content=\"Durante la ma\u00f1ana de este martes 20 de agosto, la Autoridad de Tr\u00e1nsito Municipal (ATM) retir\u00f3 40 cornetas de las unidades de transporte p\u00fablico, que causan afectaciones al o\u00eddo de los conductores y transe\u00fantes.&#046;&#046;&#046;\" \/>\n<meta property=\"og:url\" content=\"https:\/\/noti-america.com\/site\/ecuador\/2019\/08\/21\/la-atm-sanciona-el-uso-de-bocinas-de-los-buses-de-transporte-publico\/\" \/>\n<meta property=\"og:site_name\" content=\"Ecuador | Noti-America.com\" \/>\n<meta property=\"article:author\" content=\"https:\/\/www.facebook.com\/geojuradopuente\" \/>\n<meta property=\"article:published_time\" content=\"2019-08-21T05:20:35+00:00\" \/>\n<meta property=\"og:image\" content=\"https:\/\/noti-america.com\/site\/ecuador\/wp-content\/uploads\/sites\/18\/2019\/08\/Bocina_Buses1-1.jpeg\" \/>\n\t<meta property=\"og:image:width\" content=\"1280\" \/>\n\t<meta property=\"og:image:height\" content=\"848\" \/>\n\t<meta property=\"og:image:type\" content=\"image\/jpeg\" \/>\n<meta name=\"author\" content=\"Mgtr. Geovanny Jurado Puente\" \/>\n<meta name=\"twitter:card\" content=\"summary_large_image\" \/>\n<meta name=\"twitter:creator\" content=\"@GeoJurado\" \/>\n<meta name=\"twitter:site\" content=\"@notiamerica\" \/>\n<meta name=\"twitter:label1\" content=\"Escrito por\" \/>\n\t<meta name=\"twitter:data1\" content=\"Mgtr. Geovanny Jurado Puente\" \/>\n\t<meta name=\"twitter:label2\" content=\"Tiempo estimado de lectura\" \/>\n\t<meta name=\"twitter:data2\" content=\"2 minutos\" \/>\n<script type=\"application\/ld+json\" class=\"yoast-schema-graph\">{\"@context\":\"https:\/\/schema.org\",\"@graph\":[{\"@type\":\"Article\",\"@id\":\"https:\/\/noti-america.com\/site\/ecuador\/2019\/08\/21\/la-atm-sanciona-el-uso-de-bocinas-de-los-buses-de-transporte-publico\/#article\",\"isPartOf\":{\"@id\":\"https:\/\/noti-america.com\/site\/ecuador\/2019\/08\/21\/la-atm-sanciona-el-uso-de-bocinas-de-los-buses-de-transporte-publico\/\"},\"author\":{\"name\":\"Mgtr. Geovanny Jurado Puente\",\"@id\":\"https:\/\/noti-america.com\/site\/ecuador\/#\/schema\/person\/eafaa0d78b886269707bbd67c79282d8\"},\"headline\":\"La ATM sanciona el uso de bocinas de los buses de transporte p\u00fablico\",\"datePublished\":\"2019-08-21T05:20:35+00:00\",\"mainEntityOfPage\":{\"@id\":\"https:\/\/noti-america.com\/site\/ecuador\/2019\/08\/21\/la-atm-sanciona-el-uso-de-bocinas-de-los-buses-de-transporte-publico\/\"},\"wordCount\":319,\"commentCount\":0,\"publisher\":{\"@id\":\"https:\/\/noti-america.com\/site\/ecuador\/#organization\"},\"image\":{\"@id\":\"https:\/\/noti-america.com\/site\/ecuador\/2019\/08\/21\/la-atm-sanciona-el-uso-de-bocinas-de-los-buses-de-transporte-publico\/#primaryimage\"},\"thumbnailUrl\":\"https:\/\/noti-america.com\/site\/ecuador\/wp-content\/uploads\/sites\/18\/2019\/08\/Bocina_Buses1-1.jpeg\",\"articleSection\":[\"Noticias\"],\"inLanguage\":\"es\",\"potentialAction\":[{\"@type\":\"CommentAction\",\"name\":\"Comment\",\"target\":[\"https:\/\/noti-america.com\/site\/ecuador\/2019\/08\/21\/la-atm-sanciona-el-uso-de-bocinas-de-los-buses-de-transporte-publico\/#respond\"]}]},{\"@type\":\"WebPage\",\"@id\":\"https:\/\/noti-america.com\/site\/ecuador\/2019\/08\/21\/la-atm-sanciona-el-uso-de-bocinas-de-los-buses-de-transporte-publico\/\",\"url\":\"https:\/\/noti-america.com\/site\/ecuador\/2019\/08\/21\/la-atm-sanciona-el-uso-de-bocinas-de-los-buses-de-transporte-publico\/\",\"name\":\"La ATM sanciona el uso de bocinas de los buses de transporte p\u00fablico - Ecuador | Noti-America.com\",\"isPartOf\":{\"@id\":\"https:\/\/noti-america.com\/site\/ecuador\/#website\"},\"primaryImageOfPage\":{\"@id\":\"https:\/\/noti-america.com\/site\/ecuador\/2019\/08\/21\/la-atm-sanciona-el-uso-de-bocinas-de-los-buses-de-transporte-publico\/#primaryimage\"},\"image\":{\"@id\":\"https:\/\/noti-america.com\/site\/ecuador\/2019\/08\/21\/la-atm-sanciona-el-uso-de-bocinas-de-los-buses-de-transporte-publico\/#primaryimage\"},\"thumbnailUrl\":\"https:\/\/noti-america.com\/site\/ecuador\/wp-content\/uploads\/sites\/18\/2019\/08\/Bocina_Buses1-1.jpeg\",\"datePublished\":\"2019-08-21T05:20:35+00:00\",\"breadcrumb\":{\"@id\":\"https:\/\/noti-america.com\/site\/ecuador\/2019\/08\/21\/la-atm-sanciona-el-uso-de-bocinas-de-los-buses-de-transporte-publico\/#breadcrumb\"},\"inLanguage\":\"es\",\"potentialAction\":[{\"@type\":\"ReadAction\",\"target\":[\"https:\/\/noti-america.com\/site\/ecuador\/2019\/08\/21\/la-atm-sanciona-el-uso-de-bocinas-de-los-buses-de-transporte-publico\/\"]}]},{\"@type\":\"ImageObject\",\"inLanguage\":\"es\",\"@id\":\"https:\/\/noti-america.com\/site\/ecuador\/2019\/08\/21\/la-atm-sanciona-el-uso-de-bocinas-de-los-buses-de-transporte-publico\/#primaryimage\",\"url\":\"https:\/\/noti-america.com\/site\/ecuador\/wp-content\/uploads\/sites\/18\/2019\/08\/Bocina_Buses1-1.jpeg\",\"contentUrl\":\"https:\/\/noti-america.com\/site\/ecuador\/wp-content\/uploads\/sites\/18\/2019\/08\/Bocina_Buses1-1.jpeg\",\"width\":1280,\"height\":848},{\"@type\":\"BreadcrumbList\",\"@id\":\"https:\/\/noti-america.com\/site\/ecuador\/2019\/08\/21\/la-atm-sanciona-el-uso-de-bocinas-de-los-buses-de-transporte-publico\/#breadcrumb\",\"itemListElement\":[{\"@type\":\"ListItem\",\"position\":1,\"name\":\"Portada\",\"item\":\"https:\/\/noti-america.com\/site\/ecuador\/\"},{\"@type\":\"ListItem\",\"position\":2,\"name\":\"La ATM sanciona el uso de bocinas de los buses de transporte p\u00fablico\"}]},{\"@type\":\"WebSite\",\"@id\":\"https:\/\/noti-america.com\/site\/ecuador\/#website\",\"url\":\"https:\/\/noti-america.com\/site\/ecuador\/\",\"name\":\"Ecuador | Noti-America.com\",\"description\":\"\",\"publisher\":{\"@id\":\"https:\/\/noti-america.com\/site\/ecuador\/#organization\"},\"potentialAction\":[{\"@type\":\"SearchAction\",\"target\":{\"@type\":\"EntryPoint\",\"urlTemplate\":\"https:\/\/noti-america.com\/site\/ecuador\/?s={search_term_string}\"},\"query-input\":{\"@type\":\"PropertyValueSpecification\",\"valueRequired\":true,\"valueName\":\"search_term_string\"}}],\"inLanguage\":\"es\"},{\"@type\":\"Organization\",\"@id\":\"https:\/\/noti-america.com\/site\/ecuador\/#organization\",\"name\":\"Noti-America LLC | Ecuador\",\"url\":\"https:\/\/noti-america.com\/site\/ecuador\/\",\"logo\":{\"@type\":\"ImageObject\",\"inLanguage\":\"es\",\"@id\":\"https:\/\/noti-america.com\/site\/ecuador\/#\/schema\/logo\/image\/\",\"url\":\"https:\/\/noti-america.com\/site\/ecuador\/wp-content\/uploads\/sites\/18\/2020\/07\/LogoNA-4x3-1.jpg\",\"contentUrl\":\"https:\/\/noti-america.com\/site\/ecuador\/wp-content\/uploads\/sites\/18\/2020\/07\/LogoNA-4x3-1.jpg\",\"width\":1236,\"height\":1080,\"caption\":\"Noti-America LLC | Ecuador\"},\"image\":{\"@id\":\"https:\/\/noti-america.com\/site\/ecuador\/#\/schema\/logo\/image\/\"},\"sameAs\":[\"https:\/\/x.com\/notiamerica\"]},{\"@type\":\"Person\",\"@id\":\"https:\/\/noti-america.com\/site\/ecuador\/#\/schema\/person\/eafaa0d78b886269707bbd67c79282d8\",\"name\":\"Mgtr. Geovanny Jurado Puente\",\"image\":{\"@type\":\"ImageObject\",\"inLanguage\":\"es\",\"@id\":\"https:\/\/secure.gravatar.com\/avatar\/f837d50a2ea0d7cba882939210fb03249c2d70cdea88235e685f1a91ced24905?s=96&d=mm&r=g\",\"url\":\"https:\/\/secure.gravatar.com\/avatar\/f837d50a2ea0d7cba882939210fb03249c2d70cdea88235e685f1a91ced24905?s=96&d=mm&r=g\",\"contentUrl\":\"https:\/\/secure.gravatar.com\/avatar\/f837d50a2ea0d7cba882939210fb03249c2d70cdea88235e685f1a91ced24905?s=96&d=mm&r=g\",\"caption\":\"Mgtr. Geovanny Jurado Puente\"},\"description\":\"Mag\u00edster en Comunicaci\u00f3n, Menci\u00f3n Pol\u00edticas de Desarrollo Social; Licenciado en Ciencias de la Comunicaci\u00f3n Social; Docente Universitario; Miembro de la Red de Investigadores en Comunicaci\u00f3n del Ecuador (RICE); Miembro Fundador de la Red de Editoriales Universitarias y Escuelas Polit\u00e9cnicas del Ecuador (Reupde); ecuatoriano de nacimiento, con residencia en Daule.\",\"sameAs\":[\"https:\/\/www.facebook.com\/geojuradopuente\",\"Geo Jurado\",\"https:\/\/x.com\/GeoJurado\"],\"url\":\"https:\/\/noti-america.com\/site\/ecuador\/author\/gjurado\/\"}]}<\/script>\n<!-- \/ Yoast SEO Premium plugin. -->","yoast_head_json":{"title":"La ATM sanciona el uso de bocinas de los buses de transporte p\u00fablico - Ecuador | Noti-America.com","robots":{"index":"index","follow":"follow","max-snippet":"max-snippet:-1","max-image-preview":"max-image-preview:large","max-video-preview":"max-video-preview:-1"},"canonical":"https:\/\/noti-america.com\/site\/ecuador\/2019\/08\/21\/la-atm-sanciona-el-uso-de-bocinas-de-los-buses-de-transporte-publico\/","og_locale":"es_ES","og_type":"article","og_title":"La ATM sanciona el uso de bocinas de los buses de transporte p\u00fablico","og_description":"Durante la ma\u00f1ana de este martes 20 de agosto, la Autoridad de Tr\u00e1nsito Municipal (ATM) retir\u00f3 40 cornetas de las unidades de transporte p\u00fablico, que causan afectaciones al o\u00eddo de los conductores y transe\u00fantes.&#46;&#46;&#46;","og_url":"https:\/\/noti-america.com\/site\/ecuador\/2019\/08\/21\/la-atm-sanciona-el-uso-de-bocinas-de-los-buses-de-transporte-publico\/","og_site_name":"Ecuador | Noti-America.com","article_author":"https:\/\/www.facebook.com\/geojuradopuente","article_published_time":"2019-08-21T05:20:35+00:00","og_image":[{"width":1280,"height":848,"url":"https:\/\/noti-america.com\/site\/ecuador\/wp-content\/uploads\/sites\/18\/2019\/08\/Bocina_Buses1-1.jpeg","type":"image\/jpeg"}],"author":"Mgtr. Geovanny Jurado Puente","twitter_card":"summary_large_image","twitter_creator":"@GeoJurado","twitter_site":"@notiamerica","twitter_misc":{"Escrito por":"Mgtr. Geovanny Jurado Puente","Tiempo estimado de lectura":"2 minutos"},"schema":{"@context":"https:\/\/schema.org","@graph":[{"@type":"Article","@id":"https:\/\/noti-america.com\/site\/ecuador\/2019\/08\/21\/la-atm-sanciona-el-uso-de-bocinas-de-los-buses-de-transporte-publico\/#article","isPartOf":{"@id":"https:\/\/noti-america.com\/site\/ecuador\/2019\/08\/21\/la-atm-sanciona-el-uso-de-bocinas-de-los-buses-de-transporte-publico\/"},"author":{"name":"Mgtr. Geovanny Jurado Puente","@id":"https:\/\/noti-america.com\/site\/ecuador\/#\/schema\/person\/eafaa0d78b886269707bbd67c79282d8"},"headline":"La ATM sanciona el uso de bocinas de los buses de transporte p\u00fablico","datePublished":"2019-08-21T05:20:35+00:00","mainEntityOfPage":{"@id":"https:\/\/noti-america.com\/site\/ecuador\/2019\/08\/21\/la-atm-sanciona-el-uso-de-bocinas-de-los-buses-de-transporte-publico\/"},"wordCount":319,"commentCount":0,"publisher":{"@id":"https:\/\/noti-america.com\/site\/ecuador\/#organization"},"image":{"@id":"https:\/\/noti-america.com\/site\/ecuador\/2019\/08\/21\/la-atm-sanciona-el-uso-de-bocinas-de-los-buses-de-transporte-publico\/#primaryimage"},"thumbnailUrl":"https:\/\/noti-america.com\/site\/ecuador\/wp-content\/uploads\/sites\/18\/2019\/08\/Bocina_Buses1-1.jpeg","articleSection":["Noticias"],"inLanguage":"es","potentialAction":[{"@type":"CommentAction","name":"Comment","target":["https:\/\/noti-america.com\/site\/ecuador\/2019\/08\/21\/la-atm-sanciona-el-uso-de-bocinas-de-los-buses-de-transporte-publico\/#respond"]}]},{"@type":"WebPage","@id":"https:\/\/noti-america.com\/site\/ecuador\/2019\/08\/21\/la-atm-sanciona-el-uso-de-bocinas-de-los-buses-de-transporte-publico\/","url":"https:\/\/noti-america.com\/site\/ecuador\/2019\/08\/21\/la-atm-sanciona-el-uso-de-bocinas-de-los-buses-de-transporte-publico\/","name":"La ATM sanciona el uso de bocinas de los buses de transporte p\u00fablico - Ecuador | Noti-America.com","isPartOf":{"@id":"https:\/\/noti-america.com\/site\/ecuador\/#website"},"primaryImageOfPage":{"@id":"https:\/\/noti-america.com\/site\/ecuador\/2019\/08\/21\/la-atm-sanciona-el-uso-de-bocinas-de-los-buses-de-transporte-publico\/#primaryimage"},"image":{"@id":"https:\/\/noti-america.com\/site\/ecuador\/2019\/08\/21\/la-atm-sanciona-el-uso-de-bocinas-de-los-buses-de-transporte-publico\/#primaryimage"},"thumbnailUrl":"https:\/\/noti-america.com\/site\/ecuador\/wp-content\/uploads\/sites\/18\/2019\/08\/Bocina_Buses1-1.jpeg","datePublished":"2019-08-21T05:20:35+00:00","breadcrumb":{"@id":"https:\/\/noti-america.com\/site\/ecuador\/2019\/08\/21\/la-atm-sanciona-el-uso-de-bocinas-de-los-buses-de-transporte-publico\/#breadcrumb"},"inLanguage":"es","potentialAction":[{"@type":"ReadAction","target":["https:\/\/noti-america.com\/site\/ecuador\/2019\/08\/21\/la-atm-sanciona-el-uso-de-bocinas-de-los-buses-de-transporte-publico\/"]}]},{"@type":"ImageObject","inLanguage":"es","@id":"https:\/\/noti-america.com\/site\/ecuador\/2019\/08\/21\/la-atm-sanciona-el-uso-de-bocinas-de-los-buses-de-transporte-publico\/#primaryimage","url":"https:\/\/noti-america.com\/site\/ecuador\/wp-content\/uploads\/sites\/18\/2019\/08\/Bocina_Buses1-1.jpeg","contentUrl":"https:\/\/noti-america.com\/site\/ecuador\/wp-content\/uploads\/sites\/18\/2019\/08\/Bocina_Buses1-1.jpeg","width":1280,"height":848},{"@type":"BreadcrumbList","@id":"https:\/\/noti-america.com\/site\/ecuador\/2019\/08\/21\/la-atm-sanciona-el-uso-de-bocinas-de-los-buses-de-transporte-publico\/#breadcrumb","itemListElement":[{"@type":"ListItem","position":1,"name":"Portada","item":"https:\/\/noti-america.com\/site\/ecuador\/"},{"@type":"ListItem","position":2,"name":"La ATM sanciona el uso de bocinas de los buses de transporte p\u00fablico"}]},{"@type":"WebSite","@id":"https:\/\/noti-america.com\/site\/ecuador\/#website","url":"https:\/\/noti-america.com\/site\/ecuador\/","name":"Ecuador | Noti-America.com","description":"","publisher":{"@id":"https:\/\/noti-america.com\/site\/ecuador\/#organization"},"potentialAction":[{"@type":"SearchAction","target":{"@type":"EntryPoint","urlTemplate":"https:\/\/noti-america.com\/site\/ecuador\/?s={search_term_string}"},"query-input":{"@type":"PropertyValueSpecification","valueRequired":true,"valueName":"search_term_string"}}],"inLanguage":"es"},{"@type":"Organization","@id":"https:\/\/noti-america.com\/site\/ecuador\/#organization","name":"Noti-America LLC | Ecuador","url":"https:\/\/noti-america.com\/site\/ecuador\/","logo":{"@type":"ImageObject","inLanguage":"es","@id":"https:\/\/noti-america.com\/site\/ecuador\/#\/schema\/logo\/image\/","url":"https:\/\/noti-america.com\/site\/ecuador\/wp-content\/uploads\/sites\/18\/2020\/07\/LogoNA-4x3-1.jpg","contentUrl":"https:\/\/noti-america.com\/site\/ecuador\/wp-content\/uploads\/sites\/18\/2020\/07\/LogoNA-4x3-1.jpg","width":1236,"height":1080,"caption":"Noti-America LLC | Ecuador"},"image":{"@id":"https:\/\/noti-america.com\/site\/ecuador\/#\/schema\/logo\/image\/"},"sameAs":["https:\/\/x.com\/notiamerica"]},{"@type":"Person","@id":"https:\/\/noti-america.com\/site\/ecuador\/#\/schema\/person\/eafaa0d78b886269707bbd67c79282d8","name":"Mgtr. Geovanny Jurado Puente","image":{"@type":"ImageObject","inLanguage":"es","@id":"https:\/\/secure.gravatar.com\/avatar\/f837d50a2ea0d7cba882939210fb03249c2d70cdea88235e685f1a91ced24905?s=96&d=mm&r=g","url":"https:\/\/secure.gravatar.com\/avatar\/f837d50a2ea0d7cba882939210fb03249c2d70cdea88235e685f1a91ced24905?s=96&d=mm&r=g","contentUrl":"https:\/\/secure.gravatar.com\/avatar\/f837d50a2ea0d7cba882939210fb03249c2d70cdea88235e685f1a91ced24905?s=96&d=mm&r=g","caption":"Mgtr. Geovanny Jurado Puente"},"description":"Mag\u00edster en Comunicaci\u00f3n, Menci\u00f3n Pol\u00edticas de Desarrollo Social; Licenciado en Ciencias de la Comunicaci\u00f3n Social; Docente Universitario; Miembro de la Red de Investigadores en Comunicaci\u00f3n del Ecuador (RICE); Miembro Fundador de la Red de Editoriales Universitarias y Escuelas Polit\u00e9cnicas del Ecuador (Reupde); ecuatoriano de nacimiento, con residencia en Daule.","sameAs":["https:\/\/www.facebook.com\/geojuradopuente","Geo Jurado","https:\/\/x.com\/GeoJurado"],"url":"https:\/\/noti-america.com\/site\/ecuador\/author\/gjurado\/"}]}},"_links":{"self":[{"href":"https:\/\/noti-america.com\/site\/ecuador\/wp-json\/wp\/v2\/posts\/5158","targetHints":{"allow":["GET"]}}],"collection":[{"href":"https:\/\/noti-america.com\/site\/ecuador\/wp-json\/wp\/v2\/posts"}],"about":[{"href":"https:\/\/noti-america.com\/site\/ecuador\/wp-json\/wp\/v2\/types\/post"}],"author":[{"embeddable":true,"href":"https:\/\/noti-america.com\/site\/ecuador\/wp-json\/wp\/v2\/users\/54"}],"replies":[{"embeddable":true,"href":"https:\/\/noti-america.com\/site\/ecuador\/wp-json\/wp\/v2\/comments?post=5158"}],"version-history":[{"count":1,"href":"https:\/\/noti-america.com\/site\/ecuador\/wp-json\/wp\/v2\/posts\/5158\/revisions"}],"predecessor-version":[{"id":5163,"href":"https:\/\/noti-america.com\/site\/ecuador\/wp-json\/wp\/v2\/posts\/5158\/revisions\/5163"}],"wp:featuredmedia":[{"embeddable":true,"href":"https:\/\/noti-america.com\/site\/ecuador\/wp-json\/wp\/v2\/media\/5162"}],"wp:attachment":[{"href":"https:\/\/noti-america.com\/site\/ecuador\/wp-json\/wp\/v2\/media?parent=5158"}],"wp:term":[{"taxonomy":"category","embeddable":true,"href":"https:\/\/noti-america.com\/site\/ecuador\/wp-json\/wp\/v2\/categories?post=5158"},{"taxonomy":"post_tag","embeddable":true,"href":"https:\/\/noti-america.com\/site\/ecuador\/wp-json\/wp\/v2\/tags?post=5158"}],"curies":[{"name":"wp","href":"https:\/\/api.w.org\/{rel}","templated":true}]}}