{"id":4980,"date":"2019-08-12T23:25:53","date_gmt":"2019-08-12T23:25:53","guid":{"rendered":"http:\/\/noti-america.com\/site\/ecuador\/?p=4980"},"modified":"2019-08-12T23:25:53","modified_gmt":"2019-08-12T23:25:53","slug":"asamblea-comienza-juicio-politico-en-contra-de-veronica-espinosa-por-incumplimiento-de-funciones","status":"publish","type":"post","link":"https:\/\/noti-america.com\/site\/ecuador\/2019\/08\/12\/asamblea-comienza-juicio-politico-en-contra-de-veronica-espinosa-por-incumplimiento-de-funciones\/","title":{"rendered":"Asamblea comienza juicio pol\u00edtico en contra de Ver\u00f3nica Espinosa por incumplimiento de funciones."},"content":{"rendered":"<p>REDACCI\u00d3N NOTI AM\u00c9RICA (ECUADOR)<\/p>\n<p style=\"text-align: justify\">Este martes 13 de agosto, el Pleno de la Asamblea Nacional desarrollar\u00e1 el juicio pol\u00edtico planteado por la legisladora Mae Monta\u00f1o en contra de la exministra de Salud P\u00fablica, Ver\u00f3nica Espinosa, por incumplimiento de funciones.<\/p>\n<p style=\"text-align: justify\">La sesi\u00f3n 616 se instalar\u00e1, a partir de las 12h00, para conocer el informe de la Comisi\u00f3n de Fiscalizaci\u00f3n y Control Pol\u00edtico, que preside Johanna Cede\u00f1o Zambrano, sobre la sustanciaci\u00f3n de la solicitud de juicio pol\u00edtico en contra de la exministra de Salud, por el cual recomienda se proceda con la interpelaci\u00f3n, considerando que existen causales pol\u00edticas para proceder, de conformidad con lo previsto en la Constituci\u00f3n y la Ley Org\u00e1nica de la Funci\u00f3n Legislativa.<\/p>\n<p style=\"text-align: justify\">Seg\u00fan la mesa, la exministra de Salud, Ver\u00f3nica Espinosa, es responsable de la gesti\u00f3n, regulaci\u00f3n y control del Sistema Nacional de Salud, incluida la Agencia de Regulaci\u00f3n y Control (ARCSA); se demuestra que hubo un impacto negativo de las pruebas r\u00e1pidas para la detecci\u00f3n del virus del VIH, por cuanto los informes no concluyentes y contradictorios de la ARCSA crearon un estado de alarma y de afectaci\u00f3n en la sociedad.<\/p>\n","protected":false},"excerpt":{"rendered":"<p>REDACCI\u00d3N NOTI AM\u00c9RICA (ECUADOR) Este martes 13 de agosto, el Pleno de la Asamblea Nacional desarrollar\u00e1 el juicio pol\u00edtico planteado por la legisladora Mae Monta\u00f1o en contra de la exministra de Salud P\u00fablica, Ver\u00f3nica&#46;&#46;&#46;<\/p>\n","protected":false},"author":17,"featured_media":4981,"comment_status":"open","ping_status":"open","sticky":false,"template":"","format":"standard","meta":{"_acf_changed":false,"om_disable_all_campaigns":false,"rop_custom_images_group":[],"rop_custom_messages_group":[],"rop_publish_now":"initial","rop_publish_now_accounts":{"twitter_242054905_242054905":""},"rop_publish_now_history":[],"rop_publish_now_status":"pending","_uf_show_specific_survey":0,"_uf_disable_surveys":false,"footnotes":""},"categories":[34],"tags":[],"class_list":["post-4980","post","type-post","status-publish","format-standard","has-post-thumbnail","hentry","category-politica-opinion"],"acf":[],"aioseo_notices":[],"yoast_head":"<!-- This site is optimized with the Yoast SEO Premium plugin v24.9 (Yoast SEO v27.2) - https:\/\/yoast.com\/product\/yoast-seo-premium-wordpress\/ -->\n<title>Asamblea comienza juicio pol\u00edtico en contra de Ver\u00f3nica Espinosa por incumplimiento de funciones. - Ecuador | Noti-America.com<\/title>\n<meta name=\"robots\" content=\"index, follow, max-snippet:-1, max-image-preview:large, max-video-preview:-1\" \/>\n<link rel=\"canonical\" href=\"https:\/\/noti-america.com\/site\/ecuador\/2019\/08\/12\/asamblea-comienza-juicio-politico-en-contra-de-veronica-espinosa-por-incumplimiento-de-funciones\/\" \/>\n<meta property=\"og:locale\" content=\"es_ES\" \/>\n<meta property=\"og:type\" content=\"article\" \/>\n<meta property=\"og:title\" content=\"Asamblea comienza juicio pol\u00edtico en contra de Ver\u00f3nica Espinosa por incumplimiento de funciones.\" \/>\n<meta property=\"og:description\" content=\"REDACCI\u00d3N NOTI AM\u00c9RICA (ECUADOR) Este martes 13 de agosto, el Pleno de la Asamblea Nacional desarrollar\u00e1 el juicio pol\u00edtico planteado por la legisladora Mae Monta\u00f1o en contra de la exministra de Salud P\u00fablica, Ver\u00f3nica&#046;&#046;&#046;\" \/>\n<meta property=\"og:url\" content=\"https:\/\/noti-america.com\/site\/ecuador\/2019\/08\/12\/asamblea-comienza-juicio-politico-en-contra-de-veronica-espinosa-por-incumplimiento-de-funciones\/\" \/>\n<meta property=\"og:site_name\" content=\"Ecuador | Noti-America.com\" \/>\n<meta property=\"article:published_time\" content=\"2019-08-12T23:25:53+00:00\" \/>\n<meta property=\"og:image\" content=\"https:\/\/noti-america.com\/site\/ecuador\/wp-content\/uploads\/sites\/18\/2019\/08\/Veronica-Espinosa-exministra-de-salud.jpg\" \/>\n\t<meta property=\"og:image:width\" content=\"610\" \/>\n\t<meta property=\"og:image:height\" content=\"380\" \/>\n\t<meta property=\"og:image:type\" content=\"image\/jpeg\" \/>\n<meta name=\"author\" content=\"Gregory Quintana Montiel\" \/>\n<meta name=\"twitter:card\" content=\"summary_large_image\" \/>\n<meta name=\"twitter:creator\" content=\"@gdgregori1\" \/>\n<meta name=\"twitter:site\" content=\"@notiamerica\" \/>\n<meta name=\"twitter:label1\" content=\"Escrito por\" \/>\n\t<meta name=\"twitter:data1\" content=\"Gregory Quintana Montiel\" \/>\n\t<meta name=\"twitter:label2\" content=\"Tiempo estimado de lectura\" \/>\n\t<meta name=\"twitter:data2\" content=\"1 minuto\" \/>\n<script type=\"application\/ld+json\" class=\"yoast-schema-graph\">{\"@context\":\"https:\/\/schema.org\",\"@graph\":[{\"@type\":\"Article\",\"@id\":\"https:\/\/noti-america.com\/site\/ecuador\/2019\/08\/12\/asamblea-comienza-juicio-politico-en-contra-de-veronica-espinosa-por-incumplimiento-de-funciones\/#article\",\"isPartOf\":{\"@id\":\"https:\/\/noti-america.com\/site\/ecuador\/2019\/08\/12\/asamblea-comienza-juicio-politico-en-contra-de-veronica-espinosa-por-incumplimiento-de-funciones\/\"},\"author\":{\"name\":\"Gregory Quintana Montiel\",\"@id\":\"https:\/\/noti-america.com\/site\/ecuador\/#\/schema\/person\/3b975e42f15abfe64bfe3abdd916efda\"},\"headline\":\"Asamblea comienza juicio pol\u00edtico en contra de Ver\u00f3nica Espinosa por incumplimiento de funciones.\",\"datePublished\":\"2019-08-12T23:25:53+00:00\",\"mainEntityOfPage\":{\"@id\":\"https:\/\/noti-america.com\/site\/ecuador\/2019\/08\/12\/asamblea-comienza-juicio-politico-en-contra-de-veronica-espinosa-por-incumplimiento-de-funciones\/\"},\"wordCount\":223,\"commentCount\":0,\"publisher\":{\"@id\":\"https:\/\/noti-america.com\/site\/ecuador\/#organization\"},\"image\":{\"@id\":\"https:\/\/noti-america.com\/site\/ecuador\/2019\/08\/12\/asamblea-comienza-juicio-politico-en-contra-de-veronica-espinosa-por-incumplimiento-de-funciones\/#primaryimage\"},\"thumbnailUrl\":\"https:\/\/noti-america.com\/site\/ecuador\/wp-content\/uploads\/sites\/18\/2019\/08\/Veronica-Espinosa-exministra-de-salud.jpg\",\"articleSection\":[\"Pol\u00edtica\"],\"inLanguage\":\"es\",\"potentialAction\":[{\"@type\":\"CommentAction\",\"name\":\"Comment\",\"target\":[\"https:\/\/noti-america.com\/site\/ecuador\/2019\/08\/12\/asamblea-comienza-juicio-politico-en-contra-de-veronica-espinosa-por-incumplimiento-de-funciones\/#respond\"]}]},{\"@type\":\"WebPage\",\"@id\":\"https:\/\/noti-america.com\/site\/ecuador\/2019\/08\/12\/asamblea-comienza-juicio-politico-en-contra-de-veronica-espinosa-por-incumplimiento-de-funciones\/\",\"url\":\"https:\/\/noti-america.com\/site\/ecuador\/2019\/08\/12\/asamblea-comienza-juicio-politico-en-contra-de-veronica-espinosa-por-incumplimiento-de-funciones\/\",\"name\":\"Asamblea comienza juicio pol\u00edtico en contra de Ver\u00f3nica Espinosa por incumplimiento de funciones. - Ecuador | Noti-America.com\",\"isPartOf\":{\"@id\":\"https:\/\/noti-america.com\/site\/ecuador\/#website\"},\"primaryImageOfPage\":{\"@id\":\"https:\/\/noti-america.com\/site\/ecuador\/2019\/08\/12\/asamblea-comienza-juicio-politico-en-contra-de-veronica-espinosa-por-incumplimiento-de-funciones\/#primaryimage\"},\"image\":{\"@id\":\"https:\/\/noti-america.com\/site\/ecuador\/2019\/08\/12\/asamblea-comienza-juicio-politico-en-contra-de-veronica-espinosa-por-incumplimiento-de-funciones\/#primaryimage\"},\"thumbnailUrl\":\"https:\/\/noti-america.com\/site\/ecuador\/wp-content\/uploads\/sites\/18\/2019\/08\/Veronica-Espinosa-exministra-de-salud.jpg\",\"datePublished\":\"2019-08-12T23:25:53+00:00\",\"breadcrumb\":{\"@id\":\"https:\/\/noti-america.com\/site\/ecuador\/2019\/08\/12\/asamblea-comienza-juicio-politico-en-contra-de-veronica-espinosa-por-incumplimiento-de-funciones\/#breadcrumb\"},\"inLanguage\":\"es\",\"potentialAction\":[{\"@type\":\"ReadAction\",\"target\":[\"https:\/\/noti-america.com\/site\/ecuador\/2019\/08\/12\/asamblea-comienza-juicio-politico-en-contra-de-veronica-espinosa-por-incumplimiento-de-funciones\/\"]}]},{\"@type\":\"ImageObject\",\"inLanguage\":\"es\",\"@id\":\"https:\/\/noti-america.com\/site\/ecuador\/2019\/08\/12\/asamblea-comienza-juicio-politico-en-contra-de-veronica-espinosa-por-incumplimiento-de-funciones\/#primaryimage\",\"url\":\"https:\/\/noti-america.com\/site\/ecuador\/wp-content\/uploads\/sites\/18\/2019\/08\/Veronica-Espinosa-exministra-de-salud.jpg\",\"contentUrl\":\"https:\/\/noti-america.com\/site\/ecuador\/wp-content\/uploads\/sites\/18\/2019\/08\/Veronica-Espinosa-exministra-de-salud.jpg\",\"width\":610,\"height\":380},{\"@type\":\"BreadcrumbList\",\"@id\":\"https:\/\/noti-america.com\/site\/ecuador\/2019\/08\/12\/asamblea-comienza-juicio-politico-en-contra-de-veronica-espinosa-por-incumplimiento-de-funciones\/#breadcrumb\",\"itemListElement\":[{\"@type\":\"ListItem\",\"position\":1,\"name\":\"Portada\",\"item\":\"https:\/\/noti-america.com\/site\/ecuador\/\"},{\"@type\":\"ListItem\",\"position\":2,\"name\":\"Asamblea comienza juicio pol\u00edtico en contra de Ver\u00f3nica Espinosa por incumplimiento de funciones.\"}]},{\"@type\":\"WebSite\",\"@id\":\"https:\/\/noti-america.com\/site\/ecuador\/#website\",\"url\":\"https:\/\/noti-america.com\/site\/ecuador\/\",\"name\":\"Ecuador | Noti-America.com\",\"description\":\"\",\"publisher\":{\"@id\":\"https:\/\/noti-america.com\/site\/ecuador\/#organization\"},\"potentialAction\":[{\"@type\":\"SearchAction\",\"target\":{\"@type\":\"EntryPoint\",\"urlTemplate\":\"https:\/\/noti-america.com\/site\/ecuador\/?s={search_term_string}\"},\"query-input\":{\"@type\":\"PropertyValueSpecification\",\"valueRequired\":true,\"valueName\":\"search_term_string\"}}],\"inLanguage\":\"es\"},{\"@type\":\"Organization\",\"@id\":\"https:\/\/noti-america.com\/site\/ecuador\/#organization\",\"name\":\"Noti-America LLC | Ecuador\",\"url\":\"https:\/\/noti-america.com\/site\/ecuador\/\",\"logo\":{\"@type\":\"ImageObject\",\"inLanguage\":\"es\",\"@id\":\"https:\/\/noti-america.com\/site\/ecuador\/#\/schema\/logo\/image\/\",\"url\":\"https:\/\/noti-america.com\/site\/ecuador\/wp-content\/uploads\/sites\/18\/2020\/07\/LogoNA-4x3-1.jpg\",\"contentUrl\":\"https:\/\/noti-america.com\/site\/ecuador\/wp-content\/uploads\/sites\/18\/2020\/07\/LogoNA-4x3-1.jpg\",\"width\":1236,\"height\":1080,\"caption\":\"Noti-America LLC | Ecuador\"},\"image\":{\"@id\":\"https:\/\/noti-america.com\/site\/ecuador\/#\/schema\/logo\/image\/\"},\"sameAs\":[\"https:\/\/x.com\/notiamerica\"]},{\"@type\":\"Person\",\"@id\":\"https:\/\/noti-america.com\/site\/ecuador\/#\/schema\/person\/3b975e42f15abfe64bfe3abdd916efda\",\"name\":\"Gregory Quintana Montiel\",\"image\":{\"@type\":\"ImageObject\",\"inLanguage\":\"es\",\"@id\":\"https:\/\/secure.gravatar.com\/avatar\/2d6b802f7720c2ec7744dcbe608cc2f3417aeb964d58b443c6d612b77531de1d?s=96&d=mm&r=g\",\"url\":\"https:\/\/secure.gravatar.com\/avatar\/2d6b802f7720c2ec7744dcbe608cc2f3417aeb964d58b443c6d612b77531de1d?s=96&d=mm&r=g\",\"contentUrl\":\"https:\/\/secure.gravatar.com\/avatar\/2d6b802f7720c2ec7744dcbe608cc2f3417aeb964d58b443c6d612b77531de1d?s=96&d=mm&r=g\",\"caption\":\"Gregory Quintana Montiel\"},\"description\":\"Licenciatura en Ciencias de la Comunicaci\u00f3n Social, egresado en la Especializaci\u00f3n Derecho Ambiental Desarrollo Sostenible y Sustentable, Miembro de la Comunidad de profesionales y experto para Latinoam\u00e9rica y el Caribe en Gesti\u00f3n por Resultado en el Desarrollo (COPLAC - GpRD) del Banco Interamericano de Desarrollo, experiencia en medios radiales y escritos.\",\"sameAs\":[\"https:\/\/x.com\/gdgregori1\",\"gquintana\"],\"url\":\"https:\/\/noti-america.com\/site\/ecuador\/author\/gquintana\/\"}]}<\/script>\n<!-- \/ Yoast SEO Premium plugin. -->","yoast_head_json":{"title":"Asamblea comienza juicio pol\u00edtico en contra de Ver\u00f3nica Espinosa por incumplimiento de funciones. - Ecuador | Noti-America.com","robots":{"index":"index","follow":"follow","max-snippet":"max-snippet:-1","max-image-preview":"max-image-preview:large","max-video-preview":"max-video-preview:-1"},"canonical":"https:\/\/noti-america.com\/site\/ecuador\/2019\/08\/12\/asamblea-comienza-juicio-politico-en-contra-de-veronica-espinosa-por-incumplimiento-de-funciones\/","og_locale":"es_ES","og_type":"article","og_title":"Asamblea comienza juicio pol\u00edtico en contra de Ver\u00f3nica Espinosa por incumplimiento de funciones.","og_description":"REDACCI\u00d3N NOTI AM\u00c9RICA (ECUADOR) Este martes 13 de agosto, el Pleno de la Asamblea Nacional desarrollar\u00e1 el juicio pol\u00edtico planteado por la legisladora Mae Monta\u00f1o en contra de la exministra de Salud P\u00fablica, Ver\u00f3nica&#46;&#46;&#46;","og_url":"https:\/\/noti-america.com\/site\/ecuador\/2019\/08\/12\/asamblea-comienza-juicio-politico-en-contra-de-veronica-espinosa-por-incumplimiento-de-funciones\/","og_site_name":"Ecuador | Noti-America.com","article_published_time":"2019-08-12T23:25:53+00:00","og_image":[{"width":610,"height":380,"url":"https:\/\/noti-america.com\/site\/ecuador\/wp-content\/uploads\/sites\/18\/2019\/08\/Veronica-Espinosa-exministra-de-salud.jpg","type":"image\/jpeg"}],"author":"Gregory Quintana Montiel","twitter_card":"summary_large_image","twitter_creator":"@gdgregori1","twitter_site":"@notiamerica","twitter_misc":{"Escrito por":"Gregory Quintana Montiel","Tiempo estimado de lectura":"1 minuto"},"schema":{"@context":"https:\/\/schema.org","@graph":[{"@type":"Article","@id":"https:\/\/noti-america.com\/site\/ecuador\/2019\/08\/12\/asamblea-comienza-juicio-politico-en-contra-de-veronica-espinosa-por-incumplimiento-de-funciones\/#article","isPartOf":{"@id":"https:\/\/noti-america.com\/site\/ecuador\/2019\/08\/12\/asamblea-comienza-juicio-politico-en-contra-de-veronica-espinosa-por-incumplimiento-de-funciones\/"},"author":{"name":"Gregory Quintana Montiel","@id":"https:\/\/noti-america.com\/site\/ecuador\/#\/schema\/person\/3b975e42f15abfe64bfe3abdd916efda"},"headline":"Asamblea comienza juicio pol\u00edtico en contra de Ver\u00f3nica Espinosa por incumplimiento de funciones.","datePublished":"2019-08-12T23:25:53+00:00","mainEntityOfPage":{"@id":"https:\/\/noti-america.com\/site\/ecuador\/2019\/08\/12\/asamblea-comienza-juicio-politico-en-contra-de-veronica-espinosa-por-incumplimiento-de-funciones\/"},"wordCount":223,"commentCount":0,"publisher":{"@id":"https:\/\/noti-america.com\/site\/ecuador\/#organization"},"image":{"@id":"https:\/\/noti-america.com\/site\/ecuador\/2019\/08\/12\/asamblea-comienza-juicio-politico-en-contra-de-veronica-espinosa-por-incumplimiento-de-funciones\/#primaryimage"},"thumbnailUrl":"https:\/\/noti-america.com\/site\/ecuador\/wp-content\/uploads\/sites\/18\/2019\/08\/Veronica-Espinosa-exministra-de-salud.jpg","articleSection":["Pol\u00edtica"],"inLanguage":"es","potentialAction":[{"@type":"CommentAction","name":"Comment","target":["https:\/\/noti-america.com\/site\/ecuador\/2019\/08\/12\/asamblea-comienza-juicio-politico-en-contra-de-veronica-espinosa-por-incumplimiento-de-funciones\/#respond"]}]},{"@type":"WebPage","@id":"https:\/\/noti-america.com\/site\/ecuador\/2019\/08\/12\/asamblea-comienza-juicio-politico-en-contra-de-veronica-espinosa-por-incumplimiento-de-funciones\/","url":"https:\/\/noti-america.com\/site\/ecuador\/2019\/08\/12\/asamblea-comienza-juicio-politico-en-contra-de-veronica-espinosa-por-incumplimiento-de-funciones\/","name":"Asamblea comienza juicio pol\u00edtico en contra de Ver\u00f3nica Espinosa por incumplimiento de funciones. - Ecuador | Noti-America.com","isPartOf":{"@id":"https:\/\/noti-america.com\/site\/ecuador\/#website"},"primaryImageOfPage":{"@id":"https:\/\/noti-america.com\/site\/ecuador\/2019\/08\/12\/asamblea-comienza-juicio-politico-en-contra-de-veronica-espinosa-por-incumplimiento-de-funciones\/#primaryimage"},"image":{"@id":"https:\/\/noti-america.com\/site\/ecuador\/2019\/08\/12\/asamblea-comienza-juicio-politico-en-contra-de-veronica-espinosa-por-incumplimiento-de-funciones\/#primaryimage"},"thumbnailUrl":"https:\/\/noti-america.com\/site\/ecuador\/wp-content\/uploads\/sites\/18\/2019\/08\/Veronica-Espinosa-exministra-de-salud.jpg","datePublished":"2019-08-12T23:25:53+00:00","breadcrumb":{"@id":"https:\/\/noti-america.com\/site\/ecuador\/2019\/08\/12\/asamblea-comienza-juicio-politico-en-contra-de-veronica-espinosa-por-incumplimiento-de-funciones\/#breadcrumb"},"inLanguage":"es","potentialAction":[{"@type":"ReadAction","target":["https:\/\/noti-america.com\/site\/ecuador\/2019\/08\/12\/asamblea-comienza-juicio-politico-en-contra-de-veronica-espinosa-por-incumplimiento-de-funciones\/"]}]},{"@type":"ImageObject","inLanguage":"es","@id":"https:\/\/noti-america.com\/site\/ecuador\/2019\/08\/12\/asamblea-comienza-juicio-politico-en-contra-de-veronica-espinosa-por-incumplimiento-de-funciones\/#primaryimage","url":"https:\/\/noti-america.com\/site\/ecuador\/wp-content\/uploads\/sites\/18\/2019\/08\/Veronica-Espinosa-exministra-de-salud.jpg","contentUrl":"https:\/\/noti-america.com\/site\/ecuador\/wp-content\/uploads\/sites\/18\/2019\/08\/Veronica-Espinosa-exministra-de-salud.jpg","width":610,"height":380},{"@type":"BreadcrumbList","@id":"https:\/\/noti-america.com\/site\/ecuador\/2019\/08\/12\/asamblea-comienza-juicio-politico-en-contra-de-veronica-espinosa-por-incumplimiento-de-funciones\/#breadcrumb","itemListElement":[{"@type":"ListItem","position":1,"name":"Portada","item":"https:\/\/noti-america.com\/site\/ecuador\/"},{"@type":"ListItem","position":2,"name":"Asamblea comienza juicio pol\u00edtico en contra de Ver\u00f3nica Espinosa por incumplimiento de funciones."}]},{"@type":"WebSite","@id":"https:\/\/noti-america.com\/site\/ecuador\/#website","url":"https:\/\/noti-america.com\/site\/ecuador\/","name":"Ecuador | Noti-America.com","description":"","publisher":{"@id":"https:\/\/noti-america.com\/site\/ecuador\/#organization"},"potentialAction":[{"@type":"SearchAction","target":{"@type":"EntryPoint","urlTemplate":"https:\/\/noti-america.com\/site\/ecuador\/?s={search_term_string}"},"query-input":{"@type":"PropertyValueSpecification","valueRequired":true,"valueName":"search_term_string"}}],"inLanguage":"es"},{"@type":"Organization","@id":"https:\/\/noti-america.com\/site\/ecuador\/#organization","name":"Noti-America LLC | Ecuador","url":"https:\/\/noti-america.com\/site\/ecuador\/","logo":{"@type":"ImageObject","inLanguage":"es","@id":"https:\/\/noti-america.com\/site\/ecuador\/#\/schema\/logo\/image\/","url":"https:\/\/noti-america.com\/site\/ecuador\/wp-content\/uploads\/sites\/18\/2020\/07\/LogoNA-4x3-1.jpg","contentUrl":"https:\/\/noti-america.com\/site\/ecuador\/wp-content\/uploads\/sites\/18\/2020\/07\/LogoNA-4x3-1.jpg","width":1236,"height":1080,"caption":"Noti-America LLC | Ecuador"},"image":{"@id":"https:\/\/noti-america.com\/site\/ecuador\/#\/schema\/logo\/image\/"},"sameAs":["https:\/\/x.com\/notiamerica"]},{"@type":"Person","@id":"https:\/\/noti-america.com\/site\/ecuador\/#\/schema\/person\/3b975e42f15abfe64bfe3abdd916efda","name":"Gregory Quintana Montiel","image":{"@type":"ImageObject","inLanguage":"es","@id":"https:\/\/secure.gravatar.com\/avatar\/2d6b802f7720c2ec7744dcbe608cc2f3417aeb964d58b443c6d612b77531de1d?s=96&d=mm&r=g","url":"https:\/\/secure.gravatar.com\/avatar\/2d6b802f7720c2ec7744dcbe608cc2f3417aeb964d58b443c6d612b77531de1d?s=96&d=mm&r=g","contentUrl":"https:\/\/secure.gravatar.com\/avatar\/2d6b802f7720c2ec7744dcbe608cc2f3417aeb964d58b443c6d612b77531de1d?s=96&d=mm&r=g","caption":"Gregory Quintana Montiel"},"description":"Licenciatura en Ciencias de la Comunicaci\u00f3n Social, egresado en la Especializaci\u00f3n Derecho Ambiental Desarrollo Sostenible y Sustentable, Miembro de la Comunidad de profesionales y experto para Latinoam\u00e9rica y el Caribe en Gesti\u00f3n por Resultado en el Desarrollo (COPLAC - GpRD) del Banco Interamericano de Desarrollo, experiencia en medios radiales y escritos.","sameAs":["https:\/\/x.com\/gdgregori1","gquintana"],"url":"https:\/\/noti-america.com\/site\/ecuador\/author\/gquintana\/"}]}},"_links":{"self":[{"href":"https:\/\/noti-america.com\/site\/ecuador\/wp-json\/wp\/v2\/posts\/4980","targetHints":{"allow":["GET"]}}],"collection":[{"href":"https:\/\/noti-america.com\/site\/ecuador\/wp-json\/wp\/v2\/posts"}],"about":[{"href":"https:\/\/noti-america.com\/site\/ecuador\/wp-json\/wp\/v2\/types\/post"}],"author":[{"embeddable":true,"href":"https:\/\/noti-america.com\/site\/ecuador\/wp-json\/wp\/v2\/users\/17"}],"replies":[{"embeddable":true,"href":"https:\/\/noti-america.com\/site\/ecuador\/wp-json\/wp\/v2\/comments?post=4980"}],"version-history":[{"count":1,"href":"https:\/\/noti-america.com\/site\/ecuador\/wp-json\/wp\/v2\/posts\/4980\/revisions"}],"predecessor-version":[{"id":4982,"href":"https:\/\/noti-america.com\/site\/ecuador\/wp-json\/wp\/v2\/posts\/4980\/revisions\/4982"}],"wp:featuredmedia":[{"embeddable":true,"href":"https:\/\/noti-america.com\/site\/ecuador\/wp-json\/wp\/v2\/media\/4981"}],"wp:attachment":[{"href":"https:\/\/noti-america.com\/site\/ecuador\/wp-json\/wp\/v2\/media?parent=4980"}],"wp:term":[{"taxonomy":"category","embeddable":true,"href":"https:\/\/noti-america.com\/site\/ecuador\/wp-json\/wp\/v2\/categories?post=4980"},{"taxonomy":"post_tag","embeddable":true,"href":"https:\/\/noti-america.com\/site\/ecuador\/wp-json\/wp\/v2\/tags?post=4980"}],"curies":[{"name":"wp","href":"https:\/\/api.w.org\/{rel}","templated":true}]}}