{"id":4913,"date":"2019-08-07T05:35:18","date_gmt":"2019-08-07T05:35:18","guid":{"rendered":"http:\/\/noti-america.com\/site\/ecuador\/?p=4913"},"modified":"2019-08-07T05:35:18","modified_gmt":"2019-08-07T05:35:18","slug":"se-implementara-red-de-normalizacion-con-proyeccion-continental-para-asistencia-de-emergencias","status":"publish","type":"post","link":"https:\/\/noti-america.com\/site\/ecuador\/2019\/08\/07\/se-implementara-red-de-normalizacion-con-proyeccion-continental-para-asistencia-de-emergencias\/","title":{"rendered":"Se implementar\u00e1 Red de Normalizaci\u00f3n con proyecci\u00f3n continental para asistencia de emergencias"},"content":{"rendered":"<div id=\"attachment_4915\" style=\"width: 566px\" class=\"wp-caption alignright\"><img loading=\"lazy\" decoding=\"async\" aria-describedby=\"caption-attachment-4915\" class=\" wp-image-4915\" src=\"http:\/\/noti-america.com\/site\/ecuador\/wp-content\/uploads\/sites\/18\/2019\/08\/Convenio_ECU911_INEC1-300x200.jpeg\" alt=\"\" width=\"556\" height=\"371\" srcset=\"https:\/\/noti-america.com\/site\/ecuador\/wp-content\/uploads\/sites\/18\/2019\/08\/Convenio_ECU911_INEC1-300x200.jpeg 300w, https:\/\/noti-america.com\/site\/ecuador\/wp-content\/uploads\/sites\/18\/2019\/08\/Convenio_ECU911_INEC1-768x512.jpeg 768w, https:\/\/noti-america.com\/site\/ecuador\/wp-content\/uploads\/sites\/18\/2019\/08\/Convenio_ECU911_INEC1-1024x682.jpeg 1024w, https:\/\/noti-america.com\/site\/ecuador\/wp-content\/uploads\/sites\/18\/2019\/08\/Convenio_ECU911_INEC1-272x182.jpeg 272w, https:\/\/noti-america.com\/site\/ecuador\/wp-content\/uploads\/sites\/18\/2019\/08\/Convenio_ECU911_INEC1.jpeg 1280w\" sizes=\"auto, (max-width: 556px) 100vw, 556px\" \/><p id=\"caption-attachment-4915\" class=\"wp-caption-text\">El INEN evaluar\u00e1 las competencias de los delegados del ECU 911 para estos procesos e instruir\u00e1 al personal en el desarrollo del protocolo, que permitir\u00e1 emular la experiencia ecuatoriana.<\/p><\/div>\n<p style=\"text-align: justify\">El Servicio Integrado de Seguridad ECU 911 y el Servicio Ecuatoriano de Normalizaci\u00f3n (INEN) firmaron, este martes 6 de agosto, un convenio para dise\u00f1ar e implementar una Red de Normalizaci\u00f3n, con est\u00e1ndares internacionales, que contribuir\u00e1 a optimizar la seguridad y la respuesta ante incidentes.<\/p>\n<p style=\"text-align: justify\">Esta acci\u00f3n tiene la finalidad de fortalecer los lazos interinstitucionales que consolidan al sistema de emergencias ecuatoriano, el mismo que ya es un referente para los pa\u00edses del continente.<\/p>\n<p style=\"text-align: justify\">El acuerdo fue firmado por C\u00e9sar D\u00edaz, director ejecutivo del INEN y Juan Zapata, director general del ECU 911; ambas instituciones levantar\u00e1n insumos enfocados en el estudio y revisi\u00f3n de instrumentos normativos.<\/p>\n<p style=\"text-align: justify\">Este incluir\u00e1 jornadas de capacitaci\u00f3n, talleres te\u00f3ricos y pr\u00e1cticos, formaci\u00f3n profesional, procesos de asesor\u00eda t\u00e9cnica, comit\u00e9s espejo, reuniones internacionales y grupos de trabajo con la participaci\u00f3n activa de expertos y funcionarios de las dos instituciones.<\/p>\n<p style=\"text-align: justify\">D\u00edaz manifest\u00f3 que \u201ccon este convenio se promover\u00e1 la calidad en los centros de emergencia, es decir, una vez determinada la normativa se generan esquemas que se conocen como evaluaci\u00f3n de la conformidad para certificar a los centros de emergencia y difundir la normativa a nivel de Am\u00e9rica y del mundo\u201d.<\/p>\n<div id=\"attachment_4916\" style=\"width: 378px\" class=\"wp-caption alignleft\"><img loading=\"lazy\" decoding=\"async\" aria-describedby=\"caption-attachment-4916\" class=\" wp-image-4916\" src=\"http:\/\/noti-america.com\/site\/ecuador\/wp-content\/uploads\/sites\/18\/2019\/08\/Convenio_ECU911_INEC2-300x200.jpeg\" alt=\"\" width=\"368\" height=\"245\" srcset=\"https:\/\/noti-america.com\/site\/ecuador\/wp-content\/uploads\/sites\/18\/2019\/08\/Convenio_ECU911_INEC2-300x200.jpeg 300w, https:\/\/noti-america.com\/site\/ecuador\/wp-content\/uploads\/sites\/18\/2019\/08\/Convenio_ECU911_INEC2-768x512.jpeg 768w, https:\/\/noti-america.com\/site\/ecuador\/wp-content\/uploads\/sites\/18\/2019\/08\/Convenio_ECU911_INEC2-1024x682.jpeg 1024w, https:\/\/noti-america.com\/site\/ecuador\/wp-content\/uploads\/sites\/18\/2019\/08\/Convenio_ECU911_INEC2-272x182.jpeg 272w, https:\/\/noti-america.com\/site\/ecuador\/wp-content\/uploads\/sites\/18\/2019\/08\/Convenio_ECU911_INEC2.jpeg 1280w\" sizes=\"auto, (max-width: 368px) 100vw, 368px\" \/><p id=\"caption-attachment-4916\" class=\"wp-caption-text\">C\u00e9sar D\u00edaz, director ejecutivo del Servicio Ecuatoriano de Normalizaci\u00f3n (INEN) y Juan Zapata, director general del Servicio Integrado de Seguridad ECU 911 firmaron el convenio.<\/p><\/div>\n<p style=\"text-align: justify\">El ECU 911 elaborar\u00e1 el plan de trabajo, con base en los requerimientos de proyectos de documentos, que ser\u00e1 revisado por el INEN para verificar si cumplen con los procedimientos, instructivos y registros para su implementaci\u00f3n.<\/p>\n<p style=\"text-align: justify\">Para la construcci\u00f3n de esta norma con proyecci\u00f3n regional habr\u00e1 asesor\u00eda metodol\u00f3gica y especializada en todas sus etapas.<\/p>\n<p style=\"text-align: justify\">Por su parte, Zapata afirm\u00f3 que \u201cel ECU 911, por ser un referente a escala regional y una instituci\u00f3n t\u00e9cnica, debe contar con el sello de la estandarizaci\u00f3n y normalizaci\u00f3n que aporte a la optimizaci\u00f3n de sus procesos operativos. Esto se aplicar\u00e1 primero con los centros del pa\u00eds y luego se generar\u00e1n intercambios internacionales\u201d.<\/p>\n<p style=\"text-align: justify\">De forma planificada, en estas actividades participar\u00e1n expertos de ambas instituciones, quienes ejecutar\u00e1n an\u00e1lisis espec\u00edficos y presentar\u00e1n informes para formular la normativa de acuerdo con los procedimientos de Redes de Normalizaci\u00f3n del INEN.<\/p>\n<p style=\"text-align: justify\">Este convenio tiene un per\u00edodo de vigencia de dos a\u00f1os y permitir\u00e1 intercambiar informaci\u00f3n, conocimientos y experiencias -sobre el manejo de emergencias- con los dem\u00e1s pa\u00edses del continente.<\/p>\n","protected":false},"excerpt":{"rendered":"<p>El Servicio Integrado de Seguridad ECU 911 y el Servicio Ecuatoriano de Normalizaci\u00f3n (INEN) firmaron, este martes 6 de agosto, un convenio para dise\u00f1ar e implementar una Red de Normalizaci\u00f3n, con est\u00e1ndares internacionales, que&#46;&#46;&#46;<\/p>\n","protected":false},"author":54,"featured_media":4914,"comment_status":"open","ping_status":"open","sticky":false,"template":"","format":"standard","meta":{"_acf_changed":false,"om_disable_all_campaigns":false,"rop_custom_images_group":[],"rop_custom_messages_group":[],"rop_publish_now":"initial","rop_publish_now_accounts":{"twitter_242054905_242054905":""},"rop_publish_now_history":[],"rop_publish_now_status":"pending","_uf_show_specific_survey":0,"_uf_disable_surveys":false,"footnotes":""},"categories":[109],"tags":[],"class_list":["post-4913","post","type-post","status-publish","format-standard","has-post-thumbnail","hentry","category-seguridad"],"acf":[],"aioseo_notices":[],"yoast_head":"<!-- This site is optimized with the Yoast SEO Premium plugin v24.9 (Yoast SEO v27.2) - https:\/\/yoast.com\/product\/yoast-seo-premium-wordpress\/ -->\n<title>Se implementar\u00e1 Red de Normalizaci\u00f3n con proyecci\u00f3n continental para asistencia de emergencias - Ecuador | Noti-America.com<\/title>\n<meta name=\"robots\" content=\"index, follow, max-snippet:-1, max-image-preview:large, max-video-preview:-1\" \/>\n<link rel=\"canonical\" href=\"https:\/\/noti-america.com\/site\/ecuador\/2019\/08\/07\/se-implementara-red-de-normalizacion-con-proyeccion-continental-para-asistencia-de-emergencias\/\" \/>\n<meta property=\"og:locale\" content=\"es_ES\" \/>\n<meta property=\"og:type\" content=\"article\" \/>\n<meta property=\"og:title\" content=\"Se implementar\u00e1 Red de Normalizaci\u00f3n con proyecci\u00f3n continental para asistencia de emergencias\" \/>\n<meta property=\"og:description\" content=\"El Servicio Integrado de Seguridad ECU 911 y el Servicio Ecuatoriano de Normalizaci\u00f3n (INEN) firmaron, este martes 6 de agosto, un convenio para dise\u00f1ar e implementar una Red de Normalizaci\u00f3n, con est\u00e1ndares internacionales, que&#046;&#046;&#046;\" \/>\n<meta property=\"og:url\" content=\"https:\/\/noti-america.com\/site\/ecuador\/2019\/08\/07\/se-implementara-red-de-normalizacion-con-proyeccion-continental-para-asistencia-de-emergencias\/\" \/>\n<meta property=\"og:site_name\" content=\"Ecuador | Noti-America.com\" \/>\n<meta property=\"article:author\" content=\"https:\/\/www.facebook.com\/geojuradopuente\" \/>\n<meta property=\"article:published_time\" content=\"2019-08-07T05:35:18+00:00\" \/>\n<meta property=\"og:image\" content=\"https:\/\/noti-america.com\/site\/ecuador\/wp-content\/uploads\/sites\/18\/2019\/08\/Convenio_ECU911_INEC.jpeg\" \/>\n\t<meta property=\"og:image:width\" content=\"1280\" \/>\n\t<meta property=\"og:image:height\" content=\"853\" \/>\n\t<meta property=\"og:image:type\" content=\"image\/jpeg\" \/>\n<meta name=\"author\" content=\"Mgtr. Geovanny Jurado Puente\" \/>\n<meta name=\"twitter:card\" content=\"summary_large_image\" \/>\n<meta name=\"twitter:creator\" content=\"@GeoJurado\" \/>\n<meta name=\"twitter:site\" content=\"@notiamerica\" \/>\n<meta name=\"twitter:label1\" content=\"Escrito por\" \/>\n\t<meta name=\"twitter:data1\" content=\"Mgtr. Geovanny Jurado Puente\" \/>\n\t<meta name=\"twitter:label2\" content=\"Tiempo estimado de lectura\" \/>\n\t<meta name=\"twitter:data2\" content=\"2 minutos\" \/>\n<script type=\"application\/ld+json\" class=\"yoast-schema-graph\">{\"@context\":\"https:\/\/schema.org\",\"@graph\":[{\"@type\":\"Article\",\"@id\":\"https:\/\/noti-america.com\/site\/ecuador\/2019\/08\/07\/se-implementara-red-de-normalizacion-con-proyeccion-continental-para-asistencia-de-emergencias\/#article\",\"isPartOf\":{\"@id\":\"https:\/\/noti-america.com\/site\/ecuador\/2019\/08\/07\/se-implementara-red-de-normalizacion-con-proyeccion-continental-para-asistencia-de-emergencias\/\"},\"author\":{\"name\":\"Mgtr. Geovanny Jurado Puente\",\"@id\":\"https:\/\/noti-america.com\/site\/ecuador\/#\/schema\/person\/eafaa0d78b886269707bbd67c79282d8\"},\"headline\":\"Se implementar\u00e1 Red de Normalizaci\u00f3n con proyecci\u00f3n continental para asistencia de emergencias\",\"datePublished\":\"2019-08-07T05:35:18+00:00\",\"mainEntityOfPage\":{\"@id\":\"https:\/\/noti-america.com\/site\/ecuador\/2019\/08\/07\/se-implementara-red-de-normalizacion-con-proyeccion-continental-para-asistencia-de-emergencias\/\"},\"wordCount\":482,\"commentCount\":0,\"publisher\":{\"@id\":\"https:\/\/noti-america.com\/site\/ecuador\/#organization\"},\"image\":{\"@id\":\"https:\/\/noti-america.com\/site\/ecuador\/2019\/08\/07\/se-implementara-red-de-normalizacion-con-proyeccion-continental-para-asistencia-de-emergencias\/#primaryimage\"},\"thumbnailUrl\":\"https:\/\/noti-america.com\/site\/ecuador\/wp-content\/uploads\/sites\/18\/2019\/08\/Convenio_ECU911_INEC.jpeg\",\"articleSection\":[\"Seguridad\"],\"inLanguage\":\"es\",\"potentialAction\":[{\"@type\":\"CommentAction\",\"name\":\"Comment\",\"target\":[\"https:\/\/noti-america.com\/site\/ecuador\/2019\/08\/07\/se-implementara-red-de-normalizacion-con-proyeccion-continental-para-asistencia-de-emergencias\/#respond\"]}]},{\"@type\":\"WebPage\",\"@id\":\"https:\/\/noti-america.com\/site\/ecuador\/2019\/08\/07\/se-implementara-red-de-normalizacion-con-proyeccion-continental-para-asistencia-de-emergencias\/\",\"url\":\"https:\/\/noti-america.com\/site\/ecuador\/2019\/08\/07\/se-implementara-red-de-normalizacion-con-proyeccion-continental-para-asistencia-de-emergencias\/\",\"name\":\"Se implementar\u00e1 Red de Normalizaci\u00f3n con proyecci\u00f3n continental para asistencia de emergencias - Ecuador | Noti-America.com\",\"isPartOf\":{\"@id\":\"https:\/\/noti-america.com\/site\/ecuador\/#website\"},\"primaryImageOfPage\":{\"@id\":\"https:\/\/noti-america.com\/site\/ecuador\/2019\/08\/07\/se-implementara-red-de-normalizacion-con-proyeccion-continental-para-asistencia-de-emergencias\/#primaryimage\"},\"image\":{\"@id\":\"https:\/\/noti-america.com\/site\/ecuador\/2019\/08\/07\/se-implementara-red-de-normalizacion-con-proyeccion-continental-para-asistencia-de-emergencias\/#primaryimage\"},\"thumbnailUrl\":\"https:\/\/noti-america.com\/site\/ecuador\/wp-content\/uploads\/sites\/18\/2019\/08\/Convenio_ECU911_INEC.jpeg\",\"datePublished\":\"2019-08-07T05:35:18+00:00\",\"breadcrumb\":{\"@id\":\"https:\/\/noti-america.com\/site\/ecuador\/2019\/08\/07\/se-implementara-red-de-normalizacion-con-proyeccion-continental-para-asistencia-de-emergencias\/#breadcrumb\"},\"inLanguage\":\"es\",\"potentialAction\":[{\"@type\":\"ReadAction\",\"target\":[\"https:\/\/noti-america.com\/site\/ecuador\/2019\/08\/07\/se-implementara-red-de-normalizacion-con-proyeccion-continental-para-asistencia-de-emergencias\/\"]}]},{\"@type\":\"ImageObject\",\"inLanguage\":\"es\",\"@id\":\"https:\/\/noti-america.com\/site\/ecuador\/2019\/08\/07\/se-implementara-red-de-normalizacion-con-proyeccion-continental-para-asistencia-de-emergencias\/#primaryimage\",\"url\":\"https:\/\/noti-america.com\/site\/ecuador\/wp-content\/uploads\/sites\/18\/2019\/08\/Convenio_ECU911_INEC.jpeg\",\"contentUrl\":\"https:\/\/noti-america.com\/site\/ecuador\/wp-content\/uploads\/sites\/18\/2019\/08\/Convenio_ECU911_INEC.jpeg\",\"width\":1280,\"height\":853},{\"@type\":\"BreadcrumbList\",\"@id\":\"https:\/\/noti-america.com\/site\/ecuador\/2019\/08\/07\/se-implementara-red-de-normalizacion-con-proyeccion-continental-para-asistencia-de-emergencias\/#breadcrumb\",\"itemListElement\":[{\"@type\":\"ListItem\",\"position\":1,\"name\":\"Portada\",\"item\":\"https:\/\/noti-america.com\/site\/ecuador\/\"},{\"@type\":\"ListItem\",\"position\":2,\"name\":\"Se implementar\u00e1 Red de Normalizaci\u00f3n con proyecci\u00f3n continental para asistencia de emergencias\"}]},{\"@type\":\"WebSite\",\"@id\":\"https:\/\/noti-america.com\/site\/ecuador\/#website\",\"url\":\"https:\/\/noti-america.com\/site\/ecuador\/\",\"name\":\"Ecuador | Noti-America.com\",\"description\":\"\",\"publisher\":{\"@id\":\"https:\/\/noti-america.com\/site\/ecuador\/#organization\"},\"potentialAction\":[{\"@type\":\"SearchAction\",\"target\":{\"@type\":\"EntryPoint\",\"urlTemplate\":\"https:\/\/noti-america.com\/site\/ecuador\/?s={search_term_string}\"},\"query-input\":{\"@type\":\"PropertyValueSpecification\",\"valueRequired\":true,\"valueName\":\"search_term_string\"}}],\"inLanguage\":\"es\"},{\"@type\":\"Organization\",\"@id\":\"https:\/\/noti-america.com\/site\/ecuador\/#organization\",\"name\":\"Noti-America LLC | Ecuador\",\"url\":\"https:\/\/noti-america.com\/site\/ecuador\/\",\"logo\":{\"@type\":\"ImageObject\",\"inLanguage\":\"es\",\"@id\":\"https:\/\/noti-america.com\/site\/ecuador\/#\/schema\/logo\/image\/\",\"url\":\"https:\/\/noti-america.com\/site\/ecuador\/wp-content\/uploads\/sites\/18\/2020\/07\/LogoNA-4x3-1.jpg\",\"contentUrl\":\"https:\/\/noti-america.com\/site\/ecuador\/wp-content\/uploads\/sites\/18\/2020\/07\/LogoNA-4x3-1.jpg\",\"width\":1236,\"height\":1080,\"caption\":\"Noti-America LLC | Ecuador\"},\"image\":{\"@id\":\"https:\/\/noti-america.com\/site\/ecuador\/#\/schema\/logo\/image\/\"},\"sameAs\":[\"https:\/\/x.com\/notiamerica\"]},{\"@type\":\"Person\",\"@id\":\"https:\/\/noti-america.com\/site\/ecuador\/#\/schema\/person\/eafaa0d78b886269707bbd67c79282d8\",\"name\":\"Mgtr. Geovanny Jurado Puente\",\"image\":{\"@type\":\"ImageObject\",\"inLanguage\":\"es\",\"@id\":\"https:\/\/secure.gravatar.com\/avatar\/f837d50a2ea0d7cba882939210fb03249c2d70cdea88235e685f1a91ced24905?s=96&d=mm&r=g\",\"url\":\"https:\/\/secure.gravatar.com\/avatar\/f837d50a2ea0d7cba882939210fb03249c2d70cdea88235e685f1a91ced24905?s=96&d=mm&r=g\",\"contentUrl\":\"https:\/\/secure.gravatar.com\/avatar\/f837d50a2ea0d7cba882939210fb03249c2d70cdea88235e685f1a91ced24905?s=96&d=mm&r=g\",\"caption\":\"Mgtr. Geovanny Jurado Puente\"},\"description\":\"Mag\u00edster en Comunicaci\u00f3n, Menci\u00f3n Pol\u00edticas de Desarrollo Social; Licenciado en Ciencias de la Comunicaci\u00f3n Social; Docente Universitario; Miembro de la Red de Investigadores en Comunicaci\u00f3n del Ecuador (RICE); Miembro Fundador de la Red de Editoriales Universitarias y Escuelas Polit\u00e9cnicas del Ecuador (Reupde); ecuatoriano de nacimiento, con residencia en Daule.\",\"sameAs\":[\"https:\/\/www.facebook.com\/geojuradopuente\",\"Geo Jurado\",\"https:\/\/x.com\/GeoJurado\"],\"url\":\"https:\/\/noti-america.com\/site\/ecuador\/author\/gjurado\/\"}]}<\/script>\n<!-- \/ Yoast SEO Premium plugin. -->","yoast_head_json":{"title":"Se implementar\u00e1 Red de Normalizaci\u00f3n con proyecci\u00f3n continental para asistencia de emergencias - Ecuador | Noti-America.com","robots":{"index":"index","follow":"follow","max-snippet":"max-snippet:-1","max-image-preview":"max-image-preview:large","max-video-preview":"max-video-preview:-1"},"canonical":"https:\/\/noti-america.com\/site\/ecuador\/2019\/08\/07\/se-implementara-red-de-normalizacion-con-proyeccion-continental-para-asistencia-de-emergencias\/","og_locale":"es_ES","og_type":"article","og_title":"Se implementar\u00e1 Red de Normalizaci\u00f3n con proyecci\u00f3n continental para asistencia de emergencias","og_description":"El Servicio Integrado de Seguridad ECU 911 y el Servicio Ecuatoriano de Normalizaci\u00f3n (INEN) firmaron, este martes 6 de agosto, un convenio para dise\u00f1ar e implementar una Red de Normalizaci\u00f3n, con est\u00e1ndares internacionales, que&#46;&#46;&#46;","og_url":"https:\/\/noti-america.com\/site\/ecuador\/2019\/08\/07\/se-implementara-red-de-normalizacion-con-proyeccion-continental-para-asistencia-de-emergencias\/","og_site_name":"Ecuador | Noti-America.com","article_author":"https:\/\/www.facebook.com\/geojuradopuente","article_published_time":"2019-08-07T05:35:18+00:00","og_image":[{"width":1280,"height":853,"url":"https:\/\/noti-america.com\/site\/ecuador\/wp-content\/uploads\/sites\/18\/2019\/08\/Convenio_ECU911_INEC.jpeg","type":"image\/jpeg"}],"author":"Mgtr. Geovanny Jurado Puente","twitter_card":"summary_large_image","twitter_creator":"@GeoJurado","twitter_site":"@notiamerica","twitter_misc":{"Escrito por":"Mgtr. Geovanny Jurado Puente","Tiempo estimado de lectura":"2 minutos"},"schema":{"@context":"https:\/\/schema.org","@graph":[{"@type":"Article","@id":"https:\/\/noti-america.com\/site\/ecuador\/2019\/08\/07\/se-implementara-red-de-normalizacion-con-proyeccion-continental-para-asistencia-de-emergencias\/#article","isPartOf":{"@id":"https:\/\/noti-america.com\/site\/ecuador\/2019\/08\/07\/se-implementara-red-de-normalizacion-con-proyeccion-continental-para-asistencia-de-emergencias\/"},"author":{"name":"Mgtr. Geovanny Jurado Puente","@id":"https:\/\/noti-america.com\/site\/ecuador\/#\/schema\/person\/eafaa0d78b886269707bbd67c79282d8"},"headline":"Se implementar\u00e1 Red de Normalizaci\u00f3n con proyecci\u00f3n continental para asistencia de emergencias","datePublished":"2019-08-07T05:35:18+00:00","mainEntityOfPage":{"@id":"https:\/\/noti-america.com\/site\/ecuador\/2019\/08\/07\/se-implementara-red-de-normalizacion-con-proyeccion-continental-para-asistencia-de-emergencias\/"},"wordCount":482,"commentCount":0,"publisher":{"@id":"https:\/\/noti-america.com\/site\/ecuador\/#organization"},"image":{"@id":"https:\/\/noti-america.com\/site\/ecuador\/2019\/08\/07\/se-implementara-red-de-normalizacion-con-proyeccion-continental-para-asistencia-de-emergencias\/#primaryimage"},"thumbnailUrl":"https:\/\/noti-america.com\/site\/ecuador\/wp-content\/uploads\/sites\/18\/2019\/08\/Convenio_ECU911_INEC.jpeg","articleSection":["Seguridad"],"inLanguage":"es","potentialAction":[{"@type":"CommentAction","name":"Comment","target":["https:\/\/noti-america.com\/site\/ecuador\/2019\/08\/07\/se-implementara-red-de-normalizacion-con-proyeccion-continental-para-asistencia-de-emergencias\/#respond"]}]},{"@type":"WebPage","@id":"https:\/\/noti-america.com\/site\/ecuador\/2019\/08\/07\/se-implementara-red-de-normalizacion-con-proyeccion-continental-para-asistencia-de-emergencias\/","url":"https:\/\/noti-america.com\/site\/ecuador\/2019\/08\/07\/se-implementara-red-de-normalizacion-con-proyeccion-continental-para-asistencia-de-emergencias\/","name":"Se implementar\u00e1 Red de Normalizaci\u00f3n con proyecci\u00f3n continental para asistencia de emergencias - Ecuador | Noti-America.com","isPartOf":{"@id":"https:\/\/noti-america.com\/site\/ecuador\/#website"},"primaryImageOfPage":{"@id":"https:\/\/noti-america.com\/site\/ecuador\/2019\/08\/07\/se-implementara-red-de-normalizacion-con-proyeccion-continental-para-asistencia-de-emergencias\/#primaryimage"},"image":{"@id":"https:\/\/noti-america.com\/site\/ecuador\/2019\/08\/07\/se-implementara-red-de-normalizacion-con-proyeccion-continental-para-asistencia-de-emergencias\/#primaryimage"},"thumbnailUrl":"https:\/\/noti-america.com\/site\/ecuador\/wp-content\/uploads\/sites\/18\/2019\/08\/Convenio_ECU911_INEC.jpeg","datePublished":"2019-08-07T05:35:18+00:00","breadcrumb":{"@id":"https:\/\/noti-america.com\/site\/ecuador\/2019\/08\/07\/se-implementara-red-de-normalizacion-con-proyeccion-continental-para-asistencia-de-emergencias\/#breadcrumb"},"inLanguage":"es","potentialAction":[{"@type":"ReadAction","target":["https:\/\/noti-america.com\/site\/ecuador\/2019\/08\/07\/se-implementara-red-de-normalizacion-con-proyeccion-continental-para-asistencia-de-emergencias\/"]}]},{"@type":"ImageObject","inLanguage":"es","@id":"https:\/\/noti-america.com\/site\/ecuador\/2019\/08\/07\/se-implementara-red-de-normalizacion-con-proyeccion-continental-para-asistencia-de-emergencias\/#primaryimage","url":"https:\/\/noti-america.com\/site\/ecuador\/wp-content\/uploads\/sites\/18\/2019\/08\/Convenio_ECU911_INEC.jpeg","contentUrl":"https:\/\/noti-america.com\/site\/ecuador\/wp-content\/uploads\/sites\/18\/2019\/08\/Convenio_ECU911_INEC.jpeg","width":1280,"height":853},{"@type":"BreadcrumbList","@id":"https:\/\/noti-america.com\/site\/ecuador\/2019\/08\/07\/se-implementara-red-de-normalizacion-con-proyeccion-continental-para-asistencia-de-emergencias\/#breadcrumb","itemListElement":[{"@type":"ListItem","position":1,"name":"Portada","item":"https:\/\/noti-america.com\/site\/ecuador\/"},{"@type":"ListItem","position":2,"name":"Se implementar\u00e1 Red de Normalizaci\u00f3n con proyecci\u00f3n continental para asistencia de emergencias"}]},{"@type":"WebSite","@id":"https:\/\/noti-america.com\/site\/ecuador\/#website","url":"https:\/\/noti-america.com\/site\/ecuador\/","name":"Ecuador | Noti-America.com","description":"","publisher":{"@id":"https:\/\/noti-america.com\/site\/ecuador\/#organization"},"potentialAction":[{"@type":"SearchAction","target":{"@type":"EntryPoint","urlTemplate":"https:\/\/noti-america.com\/site\/ecuador\/?s={search_term_string}"},"query-input":{"@type":"PropertyValueSpecification","valueRequired":true,"valueName":"search_term_string"}}],"inLanguage":"es"},{"@type":"Organization","@id":"https:\/\/noti-america.com\/site\/ecuador\/#organization","name":"Noti-America LLC | Ecuador","url":"https:\/\/noti-america.com\/site\/ecuador\/","logo":{"@type":"ImageObject","inLanguage":"es","@id":"https:\/\/noti-america.com\/site\/ecuador\/#\/schema\/logo\/image\/","url":"https:\/\/noti-america.com\/site\/ecuador\/wp-content\/uploads\/sites\/18\/2020\/07\/LogoNA-4x3-1.jpg","contentUrl":"https:\/\/noti-america.com\/site\/ecuador\/wp-content\/uploads\/sites\/18\/2020\/07\/LogoNA-4x3-1.jpg","width":1236,"height":1080,"caption":"Noti-America LLC | Ecuador"},"image":{"@id":"https:\/\/noti-america.com\/site\/ecuador\/#\/schema\/logo\/image\/"},"sameAs":["https:\/\/x.com\/notiamerica"]},{"@type":"Person","@id":"https:\/\/noti-america.com\/site\/ecuador\/#\/schema\/person\/eafaa0d78b886269707bbd67c79282d8","name":"Mgtr. Geovanny Jurado Puente","image":{"@type":"ImageObject","inLanguage":"es","@id":"https:\/\/secure.gravatar.com\/avatar\/f837d50a2ea0d7cba882939210fb03249c2d70cdea88235e685f1a91ced24905?s=96&d=mm&r=g","url":"https:\/\/secure.gravatar.com\/avatar\/f837d50a2ea0d7cba882939210fb03249c2d70cdea88235e685f1a91ced24905?s=96&d=mm&r=g","contentUrl":"https:\/\/secure.gravatar.com\/avatar\/f837d50a2ea0d7cba882939210fb03249c2d70cdea88235e685f1a91ced24905?s=96&d=mm&r=g","caption":"Mgtr. Geovanny Jurado Puente"},"description":"Mag\u00edster en Comunicaci\u00f3n, Menci\u00f3n Pol\u00edticas de Desarrollo Social; Licenciado en Ciencias de la Comunicaci\u00f3n Social; Docente Universitario; Miembro de la Red de Investigadores en Comunicaci\u00f3n del Ecuador (RICE); Miembro Fundador de la Red de Editoriales Universitarias y Escuelas Polit\u00e9cnicas del Ecuador (Reupde); ecuatoriano de nacimiento, con residencia en Daule.","sameAs":["https:\/\/www.facebook.com\/geojuradopuente","Geo Jurado","https:\/\/x.com\/GeoJurado"],"url":"https:\/\/noti-america.com\/site\/ecuador\/author\/gjurado\/"}]}},"_links":{"self":[{"href":"https:\/\/noti-america.com\/site\/ecuador\/wp-json\/wp\/v2\/posts\/4913","targetHints":{"allow":["GET"]}}],"collection":[{"href":"https:\/\/noti-america.com\/site\/ecuador\/wp-json\/wp\/v2\/posts"}],"about":[{"href":"https:\/\/noti-america.com\/site\/ecuador\/wp-json\/wp\/v2\/types\/post"}],"author":[{"embeddable":true,"href":"https:\/\/noti-america.com\/site\/ecuador\/wp-json\/wp\/v2\/users\/54"}],"replies":[{"embeddable":true,"href":"https:\/\/noti-america.com\/site\/ecuador\/wp-json\/wp\/v2\/comments?post=4913"}],"version-history":[{"count":1,"href":"https:\/\/noti-america.com\/site\/ecuador\/wp-json\/wp\/v2\/posts\/4913\/revisions"}],"predecessor-version":[{"id":4917,"href":"https:\/\/noti-america.com\/site\/ecuador\/wp-json\/wp\/v2\/posts\/4913\/revisions\/4917"}],"wp:featuredmedia":[{"embeddable":true,"href":"https:\/\/noti-america.com\/site\/ecuador\/wp-json\/wp\/v2\/media\/4914"}],"wp:attachment":[{"href":"https:\/\/noti-america.com\/site\/ecuador\/wp-json\/wp\/v2\/media?parent=4913"}],"wp:term":[{"taxonomy":"category","embeddable":true,"href":"https:\/\/noti-america.com\/site\/ecuador\/wp-json\/wp\/v2\/categories?post=4913"},{"taxonomy":"post_tag","embeddable":true,"href":"https:\/\/noti-america.com\/site\/ecuador\/wp-json\/wp\/v2\/tags?post=4913"}],"curies":[{"name":"wp","href":"https:\/\/api.w.org\/{rel}","templated":true}]}}