{"id":4778,"date":"2019-08-02T01:13:50","date_gmt":"2019-08-02T01:13:50","guid":{"rendered":"http:\/\/noti-america.com\/site\/ecuador\/?p=4778"},"modified":"2019-08-02T01:13:50","modified_gmt":"2019-08-02T01:13:50","slug":"ante-la-negativa-del-ministerio-del-interior-alcaldesa-implementara-plan-de-seguridad","status":"publish","type":"post","link":"https:\/\/noti-america.com\/site\/ecuador\/2019\/08\/02\/ante-la-negativa-del-ministerio-del-interior-alcaldesa-implementara-plan-de-seguridad\/","title":{"rendered":"Ante la negativa del Ministerio del Interior, alcaldesa implementar\u00e1 plan de seguridad"},"content":{"rendered":"<p>REDACCI\u00d3N\u00a0 NOTI-AM\u00c9RICA (ECUADOR)<\/p>\n<p class=\"p1\" style=\"text-align: justify\"><span class=\"s1\">Ante la negativa de la ministra del Interior, Mar\u00eda Paula Romo, a suscribir el convenio con el Municipio que daba paso al Plan M\u00e1s Seguridad, la alcaldesa de Guayaquil, Cynthia Viteri, anunci\u00f3 este jueves 1 de agosto, que la ciudad ha decidido implementar su propio plan para precautelar la seguridad de todos sus habitantes, con propios recursos, t\u00e9cnicos y humanos.<\/span><\/p>\n<p class=\"p2\" style=\"text-align: justify\"><span class=\"s1\">\u00a0<\/span><span class=\"s1\">En el Sal\u00f3n de la Ciudad, donde convoc\u00f3 a personal de la Corporaci\u00f3n para la Seguridad Ciudadana de Guayaquil, CSCG, Cuerpo de Bomberos, Polic\u00eda Metropolitana, agentes de la Autoridad de Tr\u00e1nsito Municipal, de la Direcci\u00f3n de Justicia y Vigilancia, la alcaldesa Viteri, exteriorizando coraje y convicci\u00f3n, anunci\u00f3 la implementaci\u00f3n inmediata del plan.<\/span><\/p>\n<p class=\"p2\" style=\"text-align: justify\"><span class=\"s1\">\u00a0<\/span><span class=\"s1\">Record\u00f3 que el Concejo Municipal en su sesi\u00f3n correspondiente a la aprobaci\u00f3n del presupuesto anual, tambi\u00e9n aprob\u00f3 la asignaci\u00f3n de 8 millones de d\u00f3lares para aportar al convenio m\u00e1s el personal y tecnolog\u00eda que posee el Cabildo. Relat\u00f3 que las conversaciones con el Gobierno avanzaron hasta el d\u00eda anterior cuando se deb\u00eda firmar el convenio, el 25 de julio, y fue el momento en que el Ministerio del Interior, obligado por la Constituci\u00f3n a velar por la seguridad de la ciudadan\u00eda, dio marcha atr\u00e1s evitando su suscripci\u00f3n, y con ello, desguarneciendo a la ciudad y sus habitantes ante la escalada delictiva.<\/span><\/p>\n<p class=\"p2\" style=\"text-align: justify\"><span class=\"s1\">\u00a0<\/span><span class=\"s1\">\u201cEl d\u00eda anterior al 25 de julio, el Ministerio del Interior mand\u00f3 un nuevo convenio desconociendo todo lo acordado por todas las autoridades de esta mesa; jugando con Guayaquil y jugando con la seguridad de cada uno de los ciudadanos en esta ciudad. Esa es la verdad de porqu\u00e9 no se firm\u00f3 el convenio el 25 de julio\u201d, ha revelado.<\/span><\/p>\n<p class=\"p2\" style=\"text-align: justify\"><span class=\"s1\">Tambi\u00e9n mencion\u00f3 que las conversaciones se retomaron hace 24 horas diciendo que (el gobierno) estaban de acuerdo con el convenio inicial, \u2018pero, \u00a1Oh sorpresa! Con mala fe, con absoluta mala fe y queriendo que Guayaquil caiga en una trampa, con un mensaje escrito de la Ministra del Interior, nos dec\u00eda que estaba lista para firmar para que Guayaquil, el Municipio se haga cargo de la seguridad integral de la ciudad, competencia que es constitucionalmente exclusiva del Estado y, adicionalmente, se\u00f1al\u00f3, que iba a evaluar cada tres meses el resultado de ese convenio\u2019.<\/span><\/p>\n<p class=\"p2\" style=\"text-align: justify\"><span class=\"s1\">\u00a0<\/span><span class=\"s1\">Acot\u00f3 que el control delictivo que contemplaba el convenio se deb\u00eda desarrollar por fases, pues en la funci\u00f3n p\u00fablica no se puede comprar ocho millones de d\u00f3lares en equipamiento de un d\u00eda para otro. \u201cAhora somos nosotros, los guayaquile\u00f1os, los que le ponemos tiempo a ella. Con Guayaquil no se juega. En Guayaquil siempre estamos juntos, sobre todo, en momentos como estos. Guayaquil es una ciudad fuerte, pero cuando se le pone una trampa sabe reconocerla. No vamos a caer en la trampa de la Ministra del Interior\u201d.<\/span><\/p>\n<p class=\"p1\" style=\"text-align: justify\"><span class=\"s1\">Denominado como Plan de Urgencia y Disuasi\u00f3n, la respuesta municipal contempla la participaci\u00f3n de todos los recursos t\u00e9cnicos, tecnol\u00f3gicos, humanos y de equipos que dispone. Esto incluye al Cuerpo de Bomberos, Agentes Metropolitanos de \u00c9lite, Agentes de la Autoridad de Tr\u00e1nsito Municipal, de la Direcci\u00f3n de Justicia y Vigilancia, de la Corporaci\u00f3n de Seguridad Ciudadana de Guayaquil, CSCG.<\/span><\/p>\n<p class=\"p2\" style=\"text-align: justify\"><span class=\"s1\">Esto significa 47 cuarteles, 120 unidades, 25 ambulancias, 1.350 personas, dentro del Cuerpo de Bomberos, todos ellos comunicados permanentemente v\u00eda radio y todas las unidades con GPS. En agentes Metropolitanos\u00a0existen 583 personas, todas las cuales tendr\u00e1n c\u00e1maras personales, una vez que ya se ha dispuesto su compra, para estar monitoreados por la CSCG, cuentan adem\u00e1s con 34 camionetas y 20 motos, todos con GPS. La ATM, 800 agentes, todos con c\u00e1maras personales y con GPS, 72 patrullas, 95 motos y 40 motonetas. Aseo Cantonal, con 35 camionetas, 100 personas y con GPS. Justicia y Vigilancia, 15 camionetas con GPS y 80 delegados.<\/span><\/p>\n<p class=\"p2\" style=\"text-align: justify\"><span class=\"s1\">\u00a0<\/span><span class=\"s1\">\u201cTodos, ahora, vamos a estar conectados con la Corporaci\u00f3n de Seguridad Ciudadana a trav\u00e9s del monitoreo, eficiente y permanente, que sea hecho constantemente. Como ciudad, no solamente nos vamos a integrar para poder responder urgencias que se den en todo sentido, sino que todos, como ciudadanos, tenemos la facultad para aprehender en delito fragrante, retener a una persona hasta llamar a la Polic\u00eda Nacional para que suba el proceso respectivo\u201d, ha exhortado.<\/span><\/p>\n<p class=\"p2\" style=\"text-align: justify\"><span class=\"s1\">\u00a0<\/span><span class=\"s1\">A esto, anunci\u00f3, se sumar\u00e1n 80 nuevas camionetas que se adquirir\u00e1n y que van a recorrer, con sirena y con todo el aparataje de comunicaci\u00f3n, la ciudad de Guayaquil. Se van a sumar a las que se tienen para que la delincuencia sepa que la ciudad cuenta con un sistema permanente de vigilancia y se disuada del cometimiento criminal.<\/span><\/p>\n<p class=\"p2\" style=\"text-align: justify\"><span class=\"s1\">\u00a0<\/span><span class=\"s1\">\u201cEso disuade, eso hace que los delincuentes no asalten locales comerciales, que los delincuentes se vayan a otro lado y, ojal\u00e1, fuera del Ecuador. Nuestro contingente \u00edntegro, en tecnolog\u00eda, veh\u00edculos y personas estar\u00e1 para disuadir y atender a los llamados de urgencias, que pronto aumentar\u00e1n\u201d, ha apuntado.<\/span><\/p>\n<p class=\"p2\" style=\"text-align: justify\"><span class=\"s1\">\u00a0<\/span><span class=\"s1\">Reiter\u00f3 que el plan se implementar\u00e1 por fases, las cuales se ir\u00e1n informando en su momento, as\u00ed como la asignaci\u00f3n de un n\u00famero telef\u00f3nico m\u00e1s sencillo para llamar a urgencias; tambi\u00e9n inform\u00f3 que los 8 millones de d\u00f3lares se utilizar\u00e1n en la adquisici\u00f3n de equipos y material de seguridad, como la central telef\u00f3nica, c\u00e1maras con parlantes, para colocarlas fuera de las instituciones educativas. Se adquirir\u00e1n tambi\u00e9n 25 ambulancias m\u00e1s para los bomberos.<\/span><span class=\"s1\">\u00a0<\/span><\/p>\n<p class=\"p1\" style=\"text-align: justify\"><span class=\"s1\">\u201cTodo este equipo del Municipio de Guayaquil va a ser respaldado por esta mesa de concejales y por la Alcaldesa de la ciudad\u201d, areng\u00f3, antes de anunciar una nueva aplicaci\u00f3n para los m\u00f3viles que permitir\u00e1 una comunicaci\u00f3n directa con la CSCG con un GPS referencial que permitir\u00e1 su ubicaci\u00f3n inmediata para el auxilio respectivo.<\/span><\/p>\n<p class=\"p1\" style=\"text-align: justify\"><span class=\"s1\">Finalmente hizo un llamado a la empresa privada para recuperar la seguridad en los parques de la ciudad. \u201cEspero que la empresa privada, a quien tambi\u00e9n demando su parte, con equipos y recursos, pueda coordinar con nosotros la seguridad y el mantenimiento de los parques de nuestra ciudad\u201d.<\/span><\/p>\n<p class=\"p1\" style=\"text-align: justify\"><span class=\"s1\">\u201cEl Ecuador exige seguridad y se lo exige directamente a la Ministra del Interior\u201d, ha sentenciado.<\/span><\/p>\n","protected":false},"excerpt":{"rendered":"<p>REDACCI\u00d3N\u00a0 NOTI-AM\u00c9RICA (ECUADOR) Ante la negativa de la ministra del Interior, Mar\u00eda Paula Romo, a suscribir el convenio con el Municipio que daba paso al Plan M\u00e1s Seguridad, la alcaldesa de Guayaquil, Cynthia Viteri,&#46;&#46;&#46;<\/p>\n","protected":false},"author":17,"featured_media":4779,"comment_status":"open","ping_status":"open","sticky":false,"template":"","format":"standard","meta":{"_acf_changed":false,"om_disable_all_campaigns":false,"rop_custom_images_group":[],"rop_custom_messages_group":[],"rop_publish_now":"initial","rop_publish_now_accounts":{"twitter_242054905_242054905":""},"rop_publish_now_history":[],"rop_publish_now_status":"pending","_uf_show_specific_survey":0,"_uf_disable_surveys":false,"footnotes":""},"categories":[34],"tags":[],"class_list":["post-4778","post","type-post","status-publish","format-standard","has-post-thumbnail","hentry","category-politica-opinion"],"acf":[],"aioseo_notices":[],"yoast_head":"<!-- This site is optimized with the Yoast SEO Premium plugin v24.9 (Yoast SEO v27.2) - https:\/\/yoast.com\/product\/yoast-seo-premium-wordpress\/ -->\n<title>Ante la negativa del Ministerio del Interior, alcaldesa implementar\u00e1 plan de seguridad - Ecuador | Noti-America.com<\/title>\n<meta name=\"robots\" content=\"index, follow, max-snippet:-1, max-image-preview:large, max-video-preview:-1\" \/>\n<link rel=\"canonical\" href=\"https:\/\/noti-america.com\/site\/ecuador\/2019\/08\/02\/ante-la-negativa-del-ministerio-del-interior-alcaldesa-implementara-plan-de-seguridad\/\" \/>\n<meta property=\"og:locale\" content=\"es_ES\" \/>\n<meta property=\"og:type\" content=\"article\" \/>\n<meta property=\"og:title\" content=\"Ante la negativa del Ministerio del Interior, alcaldesa implementar\u00e1 plan de seguridad\" \/>\n<meta property=\"og:description\" content=\"REDACCI\u00d3N\u00a0 NOTI-AM\u00c9RICA (ECUADOR) Ante la negativa de la ministra del Interior, Mar\u00eda Paula Romo, a suscribir el convenio con el Municipio que daba paso al Plan M\u00e1s Seguridad, la alcaldesa de Guayaquil, Cynthia Viteri,&#046;&#046;&#046;\" \/>\n<meta property=\"og:url\" content=\"https:\/\/noti-america.com\/site\/ecuador\/2019\/08\/02\/ante-la-negativa-del-ministerio-del-interior-alcaldesa-implementara-plan-de-seguridad\/\" \/>\n<meta property=\"og:site_name\" content=\"Ecuador | Noti-America.com\" \/>\n<meta property=\"article:published_time\" content=\"2019-08-02T01:13:50+00:00\" \/>\n<meta property=\"og:image\" content=\"https:\/\/noti-america.com\/site\/ecuador\/wp-content\/uploads\/sites\/18\/2019\/08\/SESION-DE-CONSEJO-6.jpg\" \/>\n\t<meta property=\"og:image:width\" content=\"850\" \/>\n\t<meta property=\"og:image:height\" content=\"567\" \/>\n\t<meta property=\"og:image:type\" content=\"image\/jpeg\" \/>\n<meta name=\"author\" content=\"Gregory Quintana Montiel\" \/>\n<meta name=\"twitter:card\" content=\"summary_large_image\" \/>\n<meta name=\"twitter:creator\" content=\"@gdgregori1\" \/>\n<meta name=\"twitter:site\" content=\"@notiamerica\" \/>\n<meta name=\"twitter:label1\" content=\"Escrito por\" \/>\n\t<meta name=\"twitter:data1\" content=\"Gregory Quintana Montiel\" \/>\n\t<meta name=\"twitter:label2\" content=\"Tiempo estimado de lectura\" \/>\n\t<meta name=\"twitter:data2\" content=\"5 minutos\" \/>\n<script type=\"application\/ld+json\" class=\"yoast-schema-graph\">{\"@context\":\"https:\/\/schema.org\",\"@graph\":[{\"@type\":\"Article\",\"@id\":\"https:\/\/noti-america.com\/site\/ecuador\/2019\/08\/02\/ante-la-negativa-del-ministerio-del-interior-alcaldesa-implementara-plan-de-seguridad\/#article\",\"isPartOf\":{\"@id\":\"https:\/\/noti-america.com\/site\/ecuador\/2019\/08\/02\/ante-la-negativa-del-ministerio-del-interior-alcaldesa-implementara-plan-de-seguridad\/\"},\"author\":{\"name\":\"Gregory Quintana Montiel\",\"@id\":\"https:\/\/noti-america.com\/site\/ecuador\/#\/schema\/person\/3b975e42f15abfe64bfe3abdd916efda\"},\"headline\":\"Ante la negativa del Ministerio del Interior, alcaldesa implementar\u00e1 plan de seguridad\",\"datePublished\":\"2019-08-02T01:13:50+00:00\",\"mainEntityOfPage\":{\"@id\":\"https:\/\/noti-america.com\/site\/ecuador\/2019\/08\/02\/ante-la-negativa-del-ministerio-del-interior-alcaldesa-implementara-plan-de-seguridad\/\"},\"wordCount\":1048,\"commentCount\":0,\"publisher\":{\"@id\":\"https:\/\/noti-america.com\/site\/ecuador\/#organization\"},\"image\":{\"@id\":\"https:\/\/noti-america.com\/site\/ecuador\/2019\/08\/02\/ante-la-negativa-del-ministerio-del-interior-alcaldesa-implementara-plan-de-seguridad\/#primaryimage\"},\"thumbnailUrl\":\"https:\/\/noti-america.com\/site\/ecuador\/wp-content\/uploads\/sites\/18\/2019\/08\/SESION-DE-CONSEJO-6.jpg\",\"articleSection\":[\"Pol\u00edtica\"],\"inLanguage\":\"es\",\"potentialAction\":[{\"@type\":\"CommentAction\",\"name\":\"Comment\",\"target\":[\"https:\/\/noti-america.com\/site\/ecuador\/2019\/08\/02\/ante-la-negativa-del-ministerio-del-interior-alcaldesa-implementara-plan-de-seguridad\/#respond\"]}]},{\"@type\":\"WebPage\",\"@id\":\"https:\/\/noti-america.com\/site\/ecuador\/2019\/08\/02\/ante-la-negativa-del-ministerio-del-interior-alcaldesa-implementara-plan-de-seguridad\/\",\"url\":\"https:\/\/noti-america.com\/site\/ecuador\/2019\/08\/02\/ante-la-negativa-del-ministerio-del-interior-alcaldesa-implementara-plan-de-seguridad\/\",\"name\":\"Ante la negativa del Ministerio del Interior, alcaldesa implementar\u00e1 plan de seguridad - Ecuador | Noti-America.com\",\"isPartOf\":{\"@id\":\"https:\/\/noti-america.com\/site\/ecuador\/#website\"},\"primaryImageOfPage\":{\"@id\":\"https:\/\/noti-america.com\/site\/ecuador\/2019\/08\/02\/ante-la-negativa-del-ministerio-del-interior-alcaldesa-implementara-plan-de-seguridad\/#primaryimage\"},\"image\":{\"@id\":\"https:\/\/noti-america.com\/site\/ecuador\/2019\/08\/02\/ante-la-negativa-del-ministerio-del-interior-alcaldesa-implementara-plan-de-seguridad\/#primaryimage\"},\"thumbnailUrl\":\"https:\/\/noti-america.com\/site\/ecuador\/wp-content\/uploads\/sites\/18\/2019\/08\/SESION-DE-CONSEJO-6.jpg\",\"datePublished\":\"2019-08-02T01:13:50+00:00\",\"breadcrumb\":{\"@id\":\"https:\/\/noti-america.com\/site\/ecuador\/2019\/08\/02\/ante-la-negativa-del-ministerio-del-interior-alcaldesa-implementara-plan-de-seguridad\/#breadcrumb\"},\"inLanguage\":\"es\",\"potentialAction\":[{\"@type\":\"ReadAction\",\"target\":[\"https:\/\/noti-america.com\/site\/ecuador\/2019\/08\/02\/ante-la-negativa-del-ministerio-del-interior-alcaldesa-implementara-plan-de-seguridad\/\"]}]},{\"@type\":\"ImageObject\",\"inLanguage\":\"es\",\"@id\":\"https:\/\/noti-america.com\/site\/ecuador\/2019\/08\/02\/ante-la-negativa-del-ministerio-del-interior-alcaldesa-implementara-plan-de-seguridad\/#primaryimage\",\"url\":\"https:\/\/noti-america.com\/site\/ecuador\/wp-content\/uploads\/sites\/18\/2019\/08\/SESION-DE-CONSEJO-6.jpg\",\"contentUrl\":\"https:\/\/noti-america.com\/site\/ecuador\/wp-content\/uploads\/sites\/18\/2019\/08\/SESION-DE-CONSEJO-6.jpg\",\"width\":850,\"height\":567},{\"@type\":\"BreadcrumbList\",\"@id\":\"https:\/\/noti-america.com\/site\/ecuador\/2019\/08\/02\/ante-la-negativa-del-ministerio-del-interior-alcaldesa-implementara-plan-de-seguridad\/#breadcrumb\",\"itemListElement\":[{\"@type\":\"ListItem\",\"position\":1,\"name\":\"Portada\",\"item\":\"https:\/\/noti-america.com\/site\/ecuador\/\"},{\"@type\":\"ListItem\",\"position\":2,\"name\":\"Ante la negativa del Ministerio del Interior, alcaldesa implementar\u00e1 plan de seguridad\"}]},{\"@type\":\"WebSite\",\"@id\":\"https:\/\/noti-america.com\/site\/ecuador\/#website\",\"url\":\"https:\/\/noti-america.com\/site\/ecuador\/\",\"name\":\"Ecuador | Noti-America.com\",\"description\":\"\",\"publisher\":{\"@id\":\"https:\/\/noti-america.com\/site\/ecuador\/#organization\"},\"potentialAction\":[{\"@type\":\"SearchAction\",\"target\":{\"@type\":\"EntryPoint\",\"urlTemplate\":\"https:\/\/noti-america.com\/site\/ecuador\/?s={search_term_string}\"},\"query-input\":{\"@type\":\"PropertyValueSpecification\",\"valueRequired\":true,\"valueName\":\"search_term_string\"}}],\"inLanguage\":\"es\"},{\"@type\":\"Organization\",\"@id\":\"https:\/\/noti-america.com\/site\/ecuador\/#organization\",\"name\":\"Noti-America LLC | Ecuador\",\"url\":\"https:\/\/noti-america.com\/site\/ecuador\/\",\"logo\":{\"@type\":\"ImageObject\",\"inLanguage\":\"es\",\"@id\":\"https:\/\/noti-america.com\/site\/ecuador\/#\/schema\/logo\/image\/\",\"url\":\"https:\/\/noti-america.com\/site\/ecuador\/wp-content\/uploads\/sites\/18\/2020\/07\/LogoNA-4x3-1.jpg\",\"contentUrl\":\"https:\/\/noti-america.com\/site\/ecuador\/wp-content\/uploads\/sites\/18\/2020\/07\/LogoNA-4x3-1.jpg\",\"width\":1236,\"height\":1080,\"caption\":\"Noti-America LLC | Ecuador\"},\"image\":{\"@id\":\"https:\/\/noti-america.com\/site\/ecuador\/#\/schema\/logo\/image\/\"},\"sameAs\":[\"https:\/\/x.com\/notiamerica\"]},{\"@type\":\"Person\",\"@id\":\"https:\/\/noti-america.com\/site\/ecuador\/#\/schema\/person\/3b975e42f15abfe64bfe3abdd916efda\",\"name\":\"Gregory Quintana Montiel\",\"image\":{\"@type\":\"ImageObject\",\"inLanguage\":\"es\",\"@id\":\"https:\/\/secure.gravatar.com\/avatar\/2d6b802f7720c2ec7744dcbe608cc2f3417aeb964d58b443c6d612b77531de1d?s=96&d=mm&r=g\",\"url\":\"https:\/\/secure.gravatar.com\/avatar\/2d6b802f7720c2ec7744dcbe608cc2f3417aeb964d58b443c6d612b77531de1d?s=96&d=mm&r=g\",\"contentUrl\":\"https:\/\/secure.gravatar.com\/avatar\/2d6b802f7720c2ec7744dcbe608cc2f3417aeb964d58b443c6d612b77531de1d?s=96&d=mm&r=g\",\"caption\":\"Gregory Quintana Montiel\"},\"description\":\"Licenciatura en Ciencias de la Comunicaci\u00f3n Social, egresado en la Especializaci\u00f3n Derecho Ambiental Desarrollo Sostenible y Sustentable, Miembro de la Comunidad de profesionales y experto para Latinoam\u00e9rica y el Caribe en Gesti\u00f3n por Resultado en el Desarrollo (COPLAC - GpRD) del Banco Interamericano de Desarrollo, experiencia en medios radiales y escritos.\",\"sameAs\":[\"https:\/\/x.com\/gdgregori1\",\"gquintana\"],\"url\":\"https:\/\/noti-america.com\/site\/ecuador\/author\/gquintana\/\"}]}<\/script>\n<!-- \/ Yoast SEO Premium plugin. -->","yoast_head_json":{"title":"Ante la negativa del Ministerio del Interior, alcaldesa implementar\u00e1 plan de seguridad - Ecuador | Noti-America.com","robots":{"index":"index","follow":"follow","max-snippet":"max-snippet:-1","max-image-preview":"max-image-preview:large","max-video-preview":"max-video-preview:-1"},"canonical":"https:\/\/noti-america.com\/site\/ecuador\/2019\/08\/02\/ante-la-negativa-del-ministerio-del-interior-alcaldesa-implementara-plan-de-seguridad\/","og_locale":"es_ES","og_type":"article","og_title":"Ante la negativa del Ministerio del Interior, alcaldesa implementar\u00e1 plan de seguridad","og_description":"REDACCI\u00d3N\u00a0 NOTI-AM\u00c9RICA (ECUADOR) Ante la negativa de la ministra del Interior, Mar\u00eda Paula Romo, a suscribir el convenio con el Municipio que daba paso al Plan M\u00e1s Seguridad, la alcaldesa de Guayaquil, Cynthia Viteri,&#46;&#46;&#46;","og_url":"https:\/\/noti-america.com\/site\/ecuador\/2019\/08\/02\/ante-la-negativa-del-ministerio-del-interior-alcaldesa-implementara-plan-de-seguridad\/","og_site_name":"Ecuador | Noti-America.com","article_published_time":"2019-08-02T01:13:50+00:00","og_image":[{"width":850,"height":567,"url":"https:\/\/noti-america.com\/site\/ecuador\/wp-content\/uploads\/sites\/18\/2019\/08\/SESION-DE-CONSEJO-6.jpg","type":"image\/jpeg"}],"author":"Gregory Quintana Montiel","twitter_card":"summary_large_image","twitter_creator":"@gdgregori1","twitter_site":"@notiamerica","twitter_misc":{"Escrito por":"Gregory Quintana Montiel","Tiempo estimado de lectura":"5 minutos"},"schema":{"@context":"https:\/\/schema.org","@graph":[{"@type":"Article","@id":"https:\/\/noti-america.com\/site\/ecuador\/2019\/08\/02\/ante-la-negativa-del-ministerio-del-interior-alcaldesa-implementara-plan-de-seguridad\/#article","isPartOf":{"@id":"https:\/\/noti-america.com\/site\/ecuador\/2019\/08\/02\/ante-la-negativa-del-ministerio-del-interior-alcaldesa-implementara-plan-de-seguridad\/"},"author":{"name":"Gregory Quintana Montiel","@id":"https:\/\/noti-america.com\/site\/ecuador\/#\/schema\/person\/3b975e42f15abfe64bfe3abdd916efda"},"headline":"Ante la negativa del Ministerio del Interior, alcaldesa implementar\u00e1 plan de seguridad","datePublished":"2019-08-02T01:13:50+00:00","mainEntityOfPage":{"@id":"https:\/\/noti-america.com\/site\/ecuador\/2019\/08\/02\/ante-la-negativa-del-ministerio-del-interior-alcaldesa-implementara-plan-de-seguridad\/"},"wordCount":1048,"commentCount":0,"publisher":{"@id":"https:\/\/noti-america.com\/site\/ecuador\/#organization"},"image":{"@id":"https:\/\/noti-america.com\/site\/ecuador\/2019\/08\/02\/ante-la-negativa-del-ministerio-del-interior-alcaldesa-implementara-plan-de-seguridad\/#primaryimage"},"thumbnailUrl":"https:\/\/noti-america.com\/site\/ecuador\/wp-content\/uploads\/sites\/18\/2019\/08\/SESION-DE-CONSEJO-6.jpg","articleSection":["Pol\u00edtica"],"inLanguage":"es","potentialAction":[{"@type":"CommentAction","name":"Comment","target":["https:\/\/noti-america.com\/site\/ecuador\/2019\/08\/02\/ante-la-negativa-del-ministerio-del-interior-alcaldesa-implementara-plan-de-seguridad\/#respond"]}]},{"@type":"WebPage","@id":"https:\/\/noti-america.com\/site\/ecuador\/2019\/08\/02\/ante-la-negativa-del-ministerio-del-interior-alcaldesa-implementara-plan-de-seguridad\/","url":"https:\/\/noti-america.com\/site\/ecuador\/2019\/08\/02\/ante-la-negativa-del-ministerio-del-interior-alcaldesa-implementara-plan-de-seguridad\/","name":"Ante la negativa del Ministerio del Interior, alcaldesa implementar\u00e1 plan de seguridad - Ecuador | Noti-America.com","isPartOf":{"@id":"https:\/\/noti-america.com\/site\/ecuador\/#website"},"primaryImageOfPage":{"@id":"https:\/\/noti-america.com\/site\/ecuador\/2019\/08\/02\/ante-la-negativa-del-ministerio-del-interior-alcaldesa-implementara-plan-de-seguridad\/#primaryimage"},"image":{"@id":"https:\/\/noti-america.com\/site\/ecuador\/2019\/08\/02\/ante-la-negativa-del-ministerio-del-interior-alcaldesa-implementara-plan-de-seguridad\/#primaryimage"},"thumbnailUrl":"https:\/\/noti-america.com\/site\/ecuador\/wp-content\/uploads\/sites\/18\/2019\/08\/SESION-DE-CONSEJO-6.jpg","datePublished":"2019-08-02T01:13:50+00:00","breadcrumb":{"@id":"https:\/\/noti-america.com\/site\/ecuador\/2019\/08\/02\/ante-la-negativa-del-ministerio-del-interior-alcaldesa-implementara-plan-de-seguridad\/#breadcrumb"},"inLanguage":"es","potentialAction":[{"@type":"ReadAction","target":["https:\/\/noti-america.com\/site\/ecuador\/2019\/08\/02\/ante-la-negativa-del-ministerio-del-interior-alcaldesa-implementara-plan-de-seguridad\/"]}]},{"@type":"ImageObject","inLanguage":"es","@id":"https:\/\/noti-america.com\/site\/ecuador\/2019\/08\/02\/ante-la-negativa-del-ministerio-del-interior-alcaldesa-implementara-plan-de-seguridad\/#primaryimage","url":"https:\/\/noti-america.com\/site\/ecuador\/wp-content\/uploads\/sites\/18\/2019\/08\/SESION-DE-CONSEJO-6.jpg","contentUrl":"https:\/\/noti-america.com\/site\/ecuador\/wp-content\/uploads\/sites\/18\/2019\/08\/SESION-DE-CONSEJO-6.jpg","width":850,"height":567},{"@type":"BreadcrumbList","@id":"https:\/\/noti-america.com\/site\/ecuador\/2019\/08\/02\/ante-la-negativa-del-ministerio-del-interior-alcaldesa-implementara-plan-de-seguridad\/#breadcrumb","itemListElement":[{"@type":"ListItem","position":1,"name":"Portada","item":"https:\/\/noti-america.com\/site\/ecuador\/"},{"@type":"ListItem","position":2,"name":"Ante la negativa del Ministerio del Interior, alcaldesa implementar\u00e1 plan de seguridad"}]},{"@type":"WebSite","@id":"https:\/\/noti-america.com\/site\/ecuador\/#website","url":"https:\/\/noti-america.com\/site\/ecuador\/","name":"Ecuador | Noti-America.com","description":"","publisher":{"@id":"https:\/\/noti-america.com\/site\/ecuador\/#organization"},"potentialAction":[{"@type":"SearchAction","target":{"@type":"EntryPoint","urlTemplate":"https:\/\/noti-america.com\/site\/ecuador\/?s={search_term_string}"},"query-input":{"@type":"PropertyValueSpecification","valueRequired":true,"valueName":"search_term_string"}}],"inLanguage":"es"},{"@type":"Organization","@id":"https:\/\/noti-america.com\/site\/ecuador\/#organization","name":"Noti-America LLC | Ecuador","url":"https:\/\/noti-america.com\/site\/ecuador\/","logo":{"@type":"ImageObject","inLanguage":"es","@id":"https:\/\/noti-america.com\/site\/ecuador\/#\/schema\/logo\/image\/","url":"https:\/\/noti-america.com\/site\/ecuador\/wp-content\/uploads\/sites\/18\/2020\/07\/LogoNA-4x3-1.jpg","contentUrl":"https:\/\/noti-america.com\/site\/ecuador\/wp-content\/uploads\/sites\/18\/2020\/07\/LogoNA-4x3-1.jpg","width":1236,"height":1080,"caption":"Noti-America LLC | Ecuador"},"image":{"@id":"https:\/\/noti-america.com\/site\/ecuador\/#\/schema\/logo\/image\/"},"sameAs":["https:\/\/x.com\/notiamerica"]},{"@type":"Person","@id":"https:\/\/noti-america.com\/site\/ecuador\/#\/schema\/person\/3b975e42f15abfe64bfe3abdd916efda","name":"Gregory Quintana Montiel","image":{"@type":"ImageObject","inLanguage":"es","@id":"https:\/\/secure.gravatar.com\/avatar\/2d6b802f7720c2ec7744dcbe608cc2f3417aeb964d58b443c6d612b77531de1d?s=96&d=mm&r=g","url":"https:\/\/secure.gravatar.com\/avatar\/2d6b802f7720c2ec7744dcbe608cc2f3417aeb964d58b443c6d612b77531de1d?s=96&d=mm&r=g","contentUrl":"https:\/\/secure.gravatar.com\/avatar\/2d6b802f7720c2ec7744dcbe608cc2f3417aeb964d58b443c6d612b77531de1d?s=96&d=mm&r=g","caption":"Gregory Quintana Montiel"},"description":"Licenciatura en Ciencias de la Comunicaci\u00f3n Social, egresado en la Especializaci\u00f3n Derecho Ambiental Desarrollo Sostenible y Sustentable, Miembro de la Comunidad de profesionales y experto para Latinoam\u00e9rica y el Caribe en Gesti\u00f3n por Resultado en el Desarrollo (COPLAC - GpRD) del Banco Interamericano de Desarrollo, experiencia en medios radiales y escritos.","sameAs":["https:\/\/x.com\/gdgregori1","gquintana"],"url":"https:\/\/noti-america.com\/site\/ecuador\/author\/gquintana\/"}]}},"_links":{"self":[{"href":"https:\/\/noti-america.com\/site\/ecuador\/wp-json\/wp\/v2\/posts\/4778","targetHints":{"allow":["GET"]}}],"collection":[{"href":"https:\/\/noti-america.com\/site\/ecuador\/wp-json\/wp\/v2\/posts"}],"about":[{"href":"https:\/\/noti-america.com\/site\/ecuador\/wp-json\/wp\/v2\/types\/post"}],"author":[{"embeddable":true,"href":"https:\/\/noti-america.com\/site\/ecuador\/wp-json\/wp\/v2\/users\/17"}],"replies":[{"embeddable":true,"href":"https:\/\/noti-america.com\/site\/ecuador\/wp-json\/wp\/v2\/comments?post=4778"}],"version-history":[{"count":1,"href":"https:\/\/noti-america.com\/site\/ecuador\/wp-json\/wp\/v2\/posts\/4778\/revisions"}],"predecessor-version":[{"id":4780,"href":"https:\/\/noti-america.com\/site\/ecuador\/wp-json\/wp\/v2\/posts\/4778\/revisions\/4780"}],"wp:featuredmedia":[{"embeddable":true,"href":"https:\/\/noti-america.com\/site\/ecuador\/wp-json\/wp\/v2\/media\/4779"}],"wp:attachment":[{"href":"https:\/\/noti-america.com\/site\/ecuador\/wp-json\/wp\/v2\/media?parent=4778"}],"wp:term":[{"taxonomy":"category","embeddable":true,"href":"https:\/\/noti-america.com\/site\/ecuador\/wp-json\/wp\/v2\/categories?post=4778"},{"taxonomy":"post_tag","embeddable":true,"href":"https:\/\/noti-america.com\/site\/ecuador\/wp-json\/wp\/v2\/tags?post=4778"}],"curies":[{"name":"wp","href":"https:\/\/api.w.org\/{rel}","templated":true}]}}