{"id":4746,"date":"2019-07-31T01:16:11","date_gmt":"2019-07-31T01:16:11","guid":{"rendered":"http:\/\/noti-america.com\/site\/ecuador\/?p=4746"},"modified":"2019-07-31T01:16:11","modified_gmt":"2019-07-31T01:16:11","slug":"prominente-inversionista-catari-jeque-faisal-bin-qassim-al-thani-tiene-en-la-mira-a-ecuador","status":"publish","type":"post","link":"https:\/\/noti-america.com\/site\/ecuador\/2019\/07\/31\/prominente-inversionista-catari-jeque-faisal-bin-qassim-al-thani-tiene-en-la-mira-a-ecuador\/","title":{"rendered":"Prominente inversionista catar\u00ed, Jeque Faisal Bin Qassim Al-Thani tiene en la mira a Ecuador"},"content":{"rendered":"<p>REDACCI\u00d3N NOTI-AM\u00c9RICA (ECUADOR)<\/p>\n<p style=\"text-align: justify\">El presidente de la Rep\u00fablica, Len\u00edn Moreno, recibi\u00f3 en audiencia al presidente de la Asociaci\u00f3n de hombres de negocios de Catar, Faisal Bin Qassim Al-Thani, quien tambi\u00e9n es fundador y presidente de \u201cHolding Faisal\u201d, la tarde de este viernes 26 de julio en el Palacio de Gobierno. El encuentro tuvo como objetivo concretar nuevas relaciones comerciales y atraer inversiones.<\/p>\n<p style=\"text-align: justify\">El Primer Mandatario mencion\u00f3 que las relaciones de negocios con Catar se mantienen equilibradas, debido al intercambio comercial (exportaci\u00f3n-importaci\u00f3n) que mantiene Ecuador con este pa\u00eds. \u201cSin duda somos pa\u00edses complementarios, nosotros tenemos lo que ustedes no tienen y ustedes tienen lo que nosotros no tenemos\u201d, dijo.<\/p>\n<p style=\"text-align: justify\">En esta cita se abordaron aspectos medulares tendientes a consolidar nuevas inversiones en Ecuador y se definieron mecanismos de cooperaci\u00f3n comercial mutua. El Jefe de Estado recalc\u00f3 las condiciones favorables e incentivos que brinda nuestro pa\u00eds a los empresarios a trav\u00e9s de la Ley de Fomento Productivo.<\/p>\n<p style=\"text-align: justify\">Adem\u00e1s, se inform\u00f3 de la decisi\u00f3n pol\u00edtica de Ecuador para negociar un Tratado Binacional de Inversi\u00f3n con Catar para mejorar las condiciones de acceso de la inversi\u00f3n catar\u00ed, y de impulsar la inversi\u00f3n en proyectos como \u201cRiviera del Pac\u00edfico y Pueblos M\u00e1gicos\u201d y construcci\u00f3n de hoteles. As\u00ed tambi\u00e9n, se trat\u00f3 la firma del Protocolo de Cooperaci\u00f3n entre el Comit\u00e9 Empresarial Ecuatoriano y la Asociaci\u00f3n de Hombres de Negocios de Catar, que se suscribir\u00e1 el d\u00eda de ma\u00f1ana.<\/p>\n<p style=\"text-align: justify\">Roc\u00edo de Moreno, presidenta ad hon\u00f3rem del Comit\u00e9 Interinstitucional del Plan Toda una Vida, mantuvo una reuni\u00f3n bilateral con Sheikha Maha Al-Thani, esposa del Jeque Faisal Bin Qassim Al -Thani, de Qatar, a quien expuso los avances del Plan Toda Una Vida. Posteriormente, recorrieron la muestra \u201cSalve Regina, Advocaciones Marianas en la Real Audiencia de Quito\u201d, donde se exhiben piezas art\u00edsticas del per\u00edodo colonial, como parte del proyecto \u201cArte en Palacio\u201d, iniciativa del presidente Len\u00edn Moreno y su esposa Roc\u00edo Gonz\u00e1lez.<\/p>\n<p style=\"text-align: justify\">Por su parte Faisal Bin Qassin Al-Thani, expres\u00f3 sus felicitaciones por los avances que ha tenido Ecuador desde que el presidente Moreno asumi\u00f3 la Presidencia. \u201cNos gustar\u00eda mucho hacer algunos negocios con ustedes (\u2026) mi visita es corta, pero estamos aqu\u00ed para conocer m\u00e1s el pa\u00eds y tambi\u00e9n para hacer relaciones aqu\u00ed; y encontrarnos con algunos negociantes en la ciudad de Guayaquil\u201d, indic\u00f3.<\/p>\n<p style=\"text-align: justify\">Faisal Bin Qassim Al-Thani es uno de los empresarios m\u00e1s exitosos de Catar. Su negocio de hospitalidad y ocio, a trav\u00e9s de su subsidiaria \u201cAl Rayan Tourism &amp; Investment Company\u201d, se enfoca en la construcci\u00f3n de hoteles de alta calidad, al momento cuenta con m\u00e1s de 25 hoteles distribuidos en Medio Oriente, \u00c1frica del Norte, Europa y Am\u00e9rica. Adem\u00e1s, est\u00e1 relacionado con los sectores de bienes ra\u00edces, hoteler\u00eda, fabricaci\u00f3n industrial, comercio, servicios, transporte, entretenimiento y educaci\u00f3n.<\/p>\n<p style=\"text-align: justify\">Ecuador busca incrementar el comercio bilateral y la apertura de Catar para ampliar el portafolio de productos ecuatorianos que ingresan a ese mercado. Se contempla la exportaci\u00f3n de cacao, caf\u00e9 y sus suced\u00e1neos, frutas en conserva con a\u00f1adidos de az\u00facar, productos del mar en conserva, entre otros.<\/p>\n","protected":false},"excerpt":{"rendered":"<p>REDACCI\u00d3N NOTI-AM\u00c9RICA (ECUADOR) El presidente de la Rep\u00fablica, Len\u00edn Moreno, recibi\u00f3 en audiencia al presidente de la Asociaci\u00f3n de hombres de negocios de Catar, Faisal Bin Qassim Al-Thani, quien tambi\u00e9n es fundador y presidente&#46;&#46;&#46;<\/p>\n","protected":false},"author":17,"featured_media":4747,"comment_status":"open","ping_status":"open","sticky":false,"template":"","format":"standard","meta":{"_acf_changed":false,"om_disable_all_campaigns":false,"rop_custom_images_group":[],"rop_custom_messages_group":[],"rop_publish_now":"initial","rop_publish_now_accounts":{"twitter_242054905_242054905":""},"rop_publish_now_history":[],"rop_publish_now_status":"pending","_uf_show_specific_survey":0,"_uf_disable_surveys":false,"footnotes":""},"categories":[5],"tags":[],"class_list":["post-4746","post","type-post","status-publish","format-standard","has-post-thumbnail","hentry","category-economia"],"acf":[],"aioseo_notices":[],"yoast_head":"<!-- This site is optimized with the Yoast SEO Premium plugin v24.9 (Yoast SEO v27.2) - https:\/\/yoast.com\/product\/yoast-seo-premium-wordpress\/ -->\n<title>Prominente inversionista catar\u00ed, Jeque Faisal Bin Qassim Al-Thani tiene en la mira a Ecuador - Ecuador | Noti-America.com<\/title>\n<meta name=\"robots\" content=\"index, follow, max-snippet:-1, max-image-preview:large, max-video-preview:-1\" \/>\n<link rel=\"canonical\" href=\"https:\/\/noti-america.com\/site\/ecuador\/2019\/07\/31\/prominente-inversionista-catari-jeque-faisal-bin-qassim-al-thani-tiene-en-la-mira-a-ecuador\/\" \/>\n<meta property=\"og:locale\" content=\"es_ES\" \/>\n<meta property=\"og:type\" content=\"article\" \/>\n<meta property=\"og:title\" content=\"Prominente inversionista catar\u00ed, Jeque Faisal Bin Qassim Al-Thani tiene en la mira a Ecuador\" \/>\n<meta property=\"og:description\" content=\"REDACCI\u00d3N NOTI-AM\u00c9RICA (ECUADOR) El presidente de la Rep\u00fablica, Len\u00edn Moreno, recibi\u00f3 en audiencia al presidente de la Asociaci\u00f3n de hombres de negocios de Catar, Faisal Bin Qassim Al-Thani, quien tambi\u00e9n es fundador y presidente&#046;&#046;&#046;\" \/>\n<meta property=\"og:url\" content=\"https:\/\/noti-america.com\/site\/ecuador\/2019\/07\/31\/prominente-inversionista-catari-jeque-faisal-bin-qassim-al-thani-tiene-en-la-mira-a-ecuador\/\" \/>\n<meta property=\"og:site_name\" content=\"Ecuador | Noti-America.com\" \/>\n<meta property=\"article:published_time\" content=\"2019-07-31T01:16:11+00:00\" \/>\n<meta property=\"og:image\" content=\"https:\/\/noti-america.com\/site\/ecuador\/wp-content\/uploads\/sites\/18\/2019\/07\/Presidente-Moreno-en-reuni\u00f3n-con-inversionista.png\" \/>\n\t<meta property=\"og:image:width\" content=\"453\" \/>\n\t<meta property=\"og:image:height\" content=\"272\" \/>\n\t<meta property=\"og:image:type\" content=\"image\/png\" \/>\n<meta name=\"author\" content=\"Gregory Quintana Montiel\" \/>\n<meta name=\"twitter:card\" content=\"summary_large_image\" \/>\n<meta name=\"twitter:creator\" content=\"@gdgregori1\" \/>\n<meta name=\"twitter:site\" content=\"@notiamerica\" \/>\n<meta name=\"twitter:label1\" content=\"Escrito por\" \/>\n\t<meta name=\"twitter:data1\" content=\"Gregory Quintana Montiel\" \/>\n\t<meta name=\"twitter:label2\" content=\"Tiempo estimado de lectura\" \/>\n\t<meta name=\"twitter:data2\" content=\"3 minutos\" \/>\n<script type=\"application\/ld+json\" class=\"yoast-schema-graph\">{\"@context\":\"https:\/\/schema.org\",\"@graph\":[{\"@type\":\"Article\",\"@id\":\"https:\/\/noti-america.com\/site\/ecuador\/2019\/07\/31\/prominente-inversionista-catari-jeque-faisal-bin-qassim-al-thani-tiene-en-la-mira-a-ecuador\/#article\",\"isPartOf\":{\"@id\":\"https:\/\/noti-america.com\/site\/ecuador\/2019\/07\/31\/prominente-inversionista-catari-jeque-faisal-bin-qassim-al-thani-tiene-en-la-mira-a-ecuador\/\"},\"author\":{\"name\":\"Gregory Quintana Montiel\",\"@id\":\"https:\/\/noti-america.com\/site\/ecuador\/#\/schema\/person\/3b975e42f15abfe64bfe3abdd916efda\"},\"headline\":\"Prominente inversionista catar\u00ed, Jeque Faisal Bin Qassim Al-Thani tiene en la mira a Ecuador\",\"datePublished\":\"2019-07-31T01:16:11+00:00\",\"mainEntityOfPage\":{\"@id\":\"https:\/\/noti-america.com\/site\/ecuador\/2019\/07\/31\/prominente-inversionista-catari-jeque-faisal-bin-qassim-al-thani-tiene-en-la-mira-a-ecuador\/\"},\"wordCount\":563,\"commentCount\":0,\"publisher\":{\"@id\":\"https:\/\/noti-america.com\/site\/ecuador\/#organization\"},\"image\":{\"@id\":\"https:\/\/noti-america.com\/site\/ecuador\/2019\/07\/31\/prominente-inversionista-catari-jeque-faisal-bin-qassim-al-thani-tiene-en-la-mira-a-ecuador\/#primaryimage\"},\"thumbnailUrl\":\"https:\/\/noti-america.com\/site\/ecuador\/wp-content\/uploads\/sites\/18\/2019\/07\/Presidente-Moreno-en-reuni\u00f3n-con-inversionista.png\",\"articleSection\":[\"Econom\u00eda\"],\"inLanguage\":\"es\",\"potentialAction\":[{\"@type\":\"CommentAction\",\"name\":\"Comment\",\"target\":[\"https:\/\/noti-america.com\/site\/ecuador\/2019\/07\/31\/prominente-inversionista-catari-jeque-faisal-bin-qassim-al-thani-tiene-en-la-mira-a-ecuador\/#respond\"]}]},{\"@type\":\"WebPage\",\"@id\":\"https:\/\/noti-america.com\/site\/ecuador\/2019\/07\/31\/prominente-inversionista-catari-jeque-faisal-bin-qassim-al-thani-tiene-en-la-mira-a-ecuador\/\",\"url\":\"https:\/\/noti-america.com\/site\/ecuador\/2019\/07\/31\/prominente-inversionista-catari-jeque-faisal-bin-qassim-al-thani-tiene-en-la-mira-a-ecuador\/\",\"name\":\"Prominente inversionista catar\u00ed, Jeque Faisal Bin Qassim Al-Thani tiene en la mira a Ecuador - Ecuador | Noti-America.com\",\"isPartOf\":{\"@id\":\"https:\/\/noti-america.com\/site\/ecuador\/#website\"},\"primaryImageOfPage\":{\"@id\":\"https:\/\/noti-america.com\/site\/ecuador\/2019\/07\/31\/prominente-inversionista-catari-jeque-faisal-bin-qassim-al-thani-tiene-en-la-mira-a-ecuador\/#primaryimage\"},\"image\":{\"@id\":\"https:\/\/noti-america.com\/site\/ecuador\/2019\/07\/31\/prominente-inversionista-catari-jeque-faisal-bin-qassim-al-thani-tiene-en-la-mira-a-ecuador\/#primaryimage\"},\"thumbnailUrl\":\"https:\/\/noti-america.com\/site\/ecuador\/wp-content\/uploads\/sites\/18\/2019\/07\/Presidente-Moreno-en-reuni\u00f3n-con-inversionista.png\",\"datePublished\":\"2019-07-31T01:16:11+00:00\",\"breadcrumb\":{\"@id\":\"https:\/\/noti-america.com\/site\/ecuador\/2019\/07\/31\/prominente-inversionista-catari-jeque-faisal-bin-qassim-al-thani-tiene-en-la-mira-a-ecuador\/#breadcrumb\"},\"inLanguage\":\"es\",\"potentialAction\":[{\"@type\":\"ReadAction\",\"target\":[\"https:\/\/noti-america.com\/site\/ecuador\/2019\/07\/31\/prominente-inversionista-catari-jeque-faisal-bin-qassim-al-thani-tiene-en-la-mira-a-ecuador\/\"]}]},{\"@type\":\"ImageObject\",\"inLanguage\":\"es\",\"@id\":\"https:\/\/noti-america.com\/site\/ecuador\/2019\/07\/31\/prominente-inversionista-catari-jeque-faisal-bin-qassim-al-thani-tiene-en-la-mira-a-ecuador\/#primaryimage\",\"url\":\"https:\/\/noti-america.com\/site\/ecuador\/wp-content\/uploads\/sites\/18\/2019\/07\/Presidente-Moreno-en-reuni\u00f3n-con-inversionista.png\",\"contentUrl\":\"https:\/\/noti-america.com\/site\/ecuador\/wp-content\/uploads\/sites\/18\/2019\/07\/Presidente-Moreno-en-reuni\u00f3n-con-inversionista.png\",\"width\":453,\"height\":272},{\"@type\":\"BreadcrumbList\",\"@id\":\"https:\/\/noti-america.com\/site\/ecuador\/2019\/07\/31\/prominente-inversionista-catari-jeque-faisal-bin-qassim-al-thani-tiene-en-la-mira-a-ecuador\/#breadcrumb\",\"itemListElement\":[{\"@type\":\"ListItem\",\"position\":1,\"name\":\"Portada\",\"item\":\"https:\/\/noti-america.com\/site\/ecuador\/\"},{\"@type\":\"ListItem\",\"position\":2,\"name\":\"Prominente inversionista catar\u00ed, Jeque Faisal Bin Qassim Al-Thani tiene en la mira a Ecuador\"}]},{\"@type\":\"WebSite\",\"@id\":\"https:\/\/noti-america.com\/site\/ecuador\/#website\",\"url\":\"https:\/\/noti-america.com\/site\/ecuador\/\",\"name\":\"Ecuador | Noti-America.com\",\"description\":\"\",\"publisher\":{\"@id\":\"https:\/\/noti-america.com\/site\/ecuador\/#organization\"},\"potentialAction\":[{\"@type\":\"SearchAction\",\"target\":{\"@type\":\"EntryPoint\",\"urlTemplate\":\"https:\/\/noti-america.com\/site\/ecuador\/?s={search_term_string}\"},\"query-input\":{\"@type\":\"PropertyValueSpecification\",\"valueRequired\":true,\"valueName\":\"search_term_string\"}}],\"inLanguage\":\"es\"},{\"@type\":\"Organization\",\"@id\":\"https:\/\/noti-america.com\/site\/ecuador\/#organization\",\"name\":\"Noti-America LLC | Ecuador\",\"url\":\"https:\/\/noti-america.com\/site\/ecuador\/\",\"logo\":{\"@type\":\"ImageObject\",\"inLanguage\":\"es\",\"@id\":\"https:\/\/noti-america.com\/site\/ecuador\/#\/schema\/logo\/image\/\",\"url\":\"https:\/\/noti-america.com\/site\/ecuador\/wp-content\/uploads\/sites\/18\/2020\/07\/LogoNA-4x3-1.jpg\",\"contentUrl\":\"https:\/\/noti-america.com\/site\/ecuador\/wp-content\/uploads\/sites\/18\/2020\/07\/LogoNA-4x3-1.jpg\",\"width\":1236,\"height\":1080,\"caption\":\"Noti-America LLC | Ecuador\"},\"image\":{\"@id\":\"https:\/\/noti-america.com\/site\/ecuador\/#\/schema\/logo\/image\/\"},\"sameAs\":[\"https:\/\/x.com\/notiamerica\"]},{\"@type\":\"Person\",\"@id\":\"https:\/\/noti-america.com\/site\/ecuador\/#\/schema\/person\/3b975e42f15abfe64bfe3abdd916efda\",\"name\":\"Gregory Quintana Montiel\",\"image\":{\"@type\":\"ImageObject\",\"inLanguage\":\"es\",\"@id\":\"https:\/\/secure.gravatar.com\/avatar\/2d6b802f7720c2ec7744dcbe608cc2f3417aeb964d58b443c6d612b77531de1d?s=96&d=mm&r=g\",\"url\":\"https:\/\/secure.gravatar.com\/avatar\/2d6b802f7720c2ec7744dcbe608cc2f3417aeb964d58b443c6d612b77531de1d?s=96&d=mm&r=g\",\"contentUrl\":\"https:\/\/secure.gravatar.com\/avatar\/2d6b802f7720c2ec7744dcbe608cc2f3417aeb964d58b443c6d612b77531de1d?s=96&d=mm&r=g\",\"caption\":\"Gregory Quintana Montiel\"},\"description\":\"Licenciatura en Ciencias de la Comunicaci\u00f3n Social, egresado en la Especializaci\u00f3n Derecho Ambiental Desarrollo Sostenible y Sustentable, Miembro de la Comunidad de profesionales y experto para Latinoam\u00e9rica y el Caribe en Gesti\u00f3n por Resultado en el Desarrollo (COPLAC - GpRD) del Banco Interamericano de Desarrollo, experiencia en medios radiales y escritos.\",\"sameAs\":[\"https:\/\/x.com\/gdgregori1\",\"gquintana\"],\"url\":\"https:\/\/noti-america.com\/site\/ecuador\/author\/gquintana\/\"}]}<\/script>\n<!-- \/ Yoast SEO Premium plugin. -->","yoast_head_json":{"title":"Prominente inversionista catar\u00ed, Jeque Faisal Bin Qassim Al-Thani tiene en la mira a Ecuador - Ecuador | Noti-America.com","robots":{"index":"index","follow":"follow","max-snippet":"max-snippet:-1","max-image-preview":"max-image-preview:large","max-video-preview":"max-video-preview:-1"},"canonical":"https:\/\/noti-america.com\/site\/ecuador\/2019\/07\/31\/prominente-inversionista-catari-jeque-faisal-bin-qassim-al-thani-tiene-en-la-mira-a-ecuador\/","og_locale":"es_ES","og_type":"article","og_title":"Prominente inversionista catar\u00ed, Jeque Faisal Bin Qassim Al-Thani tiene en la mira a Ecuador","og_description":"REDACCI\u00d3N NOTI-AM\u00c9RICA (ECUADOR) El presidente de la Rep\u00fablica, Len\u00edn Moreno, recibi\u00f3 en audiencia al presidente de la Asociaci\u00f3n de hombres de negocios de Catar, Faisal Bin Qassim Al-Thani, quien tambi\u00e9n es fundador y presidente&#46;&#46;&#46;","og_url":"https:\/\/noti-america.com\/site\/ecuador\/2019\/07\/31\/prominente-inversionista-catari-jeque-faisal-bin-qassim-al-thani-tiene-en-la-mira-a-ecuador\/","og_site_name":"Ecuador | Noti-America.com","article_published_time":"2019-07-31T01:16:11+00:00","og_image":[{"width":453,"height":272,"url":"https:\/\/noti-america.com\/site\/ecuador\/wp-content\/uploads\/sites\/18\/2019\/07\/Presidente-Moreno-en-reuni\u00f3n-con-inversionista.png","type":"image\/png"}],"author":"Gregory Quintana Montiel","twitter_card":"summary_large_image","twitter_creator":"@gdgregori1","twitter_site":"@notiamerica","twitter_misc":{"Escrito por":"Gregory Quintana Montiel","Tiempo estimado de lectura":"3 minutos"},"schema":{"@context":"https:\/\/schema.org","@graph":[{"@type":"Article","@id":"https:\/\/noti-america.com\/site\/ecuador\/2019\/07\/31\/prominente-inversionista-catari-jeque-faisal-bin-qassim-al-thani-tiene-en-la-mira-a-ecuador\/#article","isPartOf":{"@id":"https:\/\/noti-america.com\/site\/ecuador\/2019\/07\/31\/prominente-inversionista-catari-jeque-faisal-bin-qassim-al-thani-tiene-en-la-mira-a-ecuador\/"},"author":{"name":"Gregory Quintana Montiel","@id":"https:\/\/noti-america.com\/site\/ecuador\/#\/schema\/person\/3b975e42f15abfe64bfe3abdd916efda"},"headline":"Prominente inversionista catar\u00ed, Jeque Faisal Bin Qassim Al-Thani tiene en la mira a Ecuador","datePublished":"2019-07-31T01:16:11+00:00","mainEntityOfPage":{"@id":"https:\/\/noti-america.com\/site\/ecuador\/2019\/07\/31\/prominente-inversionista-catari-jeque-faisal-bin-qassim-al-thani-tiene-en-la-mira-a-ecuador\/"},"wordCount":563,"commentCount":0,"publisher":{"@id":"https:\/\/noti-america.com\/site\/ecuador\/#organization"},"image":{"@id":"https:\/\/noti-america.com\/site\/ecuador\/2019\/07\/31\/prominente-inversionista-catari-jeque-faisal-bin-qassim-al-thani-tiene-en-la-mira-a-ecuador\/#primaryimage"},"thumbnailUrl":"https:\/\/noti-america.com\/site\/ecuador\/wp-content\/uploads\/sites\/18\/2019\/07\/Presidente-Moreno-en-reuni\u00f3n-con-inversionista.png","articleSection":["Econom\u00eda"],"inLanguage":"es","potentialAction":[{"@type":"CommentAction","name":"Comment","target":["https:\/\/noti-america.com\/site\/ecuador\/2019\/07\/31\/prominente-inversionista-catari-jeque-faisal-bin-qassim-al-thani-tiene-en-la-mira-a-ecuador\/#respond"]}]},{"@type":"WebPage","@id":"https:\/\/noti-america.com\/site\/ecuador\/2019\/07\/31\/prominente-inversionista-catari-jeque-faisal-bin-qassim-al-thani-tiene-en-la-mira-a-ecuador\/","url":"https:\/\/noti-america.com\/site\/ecuador\/2019\/07\/31\/prominente-inversionista-catari-jeque-faisal-bin-qassim-al-thani-tiene-en-la-mira-a-ecuador\/","name":"Prominente inversionista catar\u00ed, Jeque Faisal Bin Qassim Al-Thani tiene en la mira a Ecuador - Ecuador | Noti-America.com","isPartOf":{"@id":"https:\/\/noti-america.com\/site\/ecuador\/#website"},"primaryImageOfPage":{"@id":"https:\/\/noti-america.com\/site\/ecuador\/2019\/07\/31\/prominente-inversionista-catari-jeque-faisal-bin-qassim-al-thani-tiene-en-la-mira-a-ecuador\/#primaryimage"},"image":{"@id":"https:\/\/noti-america.com\/site\/ecuador\/2019\/07\/31\/prominente-inversionista-catari-jeque-faisal-bin-qassim-al-thani-tiene-en-la-mira-a-ecuador\/#primaryimage"},"thumbnailUrl":"https:\/\/noti-america.com\/site\/ecuador\/wp-content\/uploads\/sites\/18\/2019\/07\/Presidente-Moreno-en-reuni\u00f3n-con-inversionista.png","datePublished":"2019-07-31T01:16:11+00:00","breadcrumb":{"@id":"https:\/\/noti-america.com\/site\/ecuador\/2019\/07\/31\/prominente-inversionista-catari-jeque-faisal-bin-qassim-al-thani-tiene-en-la-mira-a-ecuador\/#breadcrumb"},"inLanguage":"es","potentialAction":[{"@type":"ReadAction","target":["https:\/\/noti-america.com\/site\/ecuador\/2019\/07\/31\/prominente-inversionista-catari-jeque-faisal-bin-qassim-al-thani-tiene-en-la-mira-a-ecuador\/"]}]},{"@type":"ImageObject","inLanguage":"es","@id":"https:\/\/noti-america.com\/site\/ecuador\/2019\/07\/31\/prominente-inversionista-catari-jeque-faisal-bin-qassim-al-thani-tiene-en-la-mira-a-ecuador\/#primaryimage","url":"https:\/\/noti-america.com\/site\/ecuador\/wp-content\/uploads\/sites\/18\/2019\/07\/Presidente-Moreno-en-reuni\u00f3n-con-inversionista.png","contentUrl":"https:\/\/noti-america.com\/site\/ecuador\/wp-content\/uploads\/sites\/18\/2019\/07\/Presidente-Moreno-en-reuni\u00f3n-con-inversionista.png","width":453,"height":272},{"@type":"BreadcrumbList","@id":"https:\/\/noti-america.com\/site\/ecuador\/2019\/07\/31\/prominente-inversionista-catari-jeque-faisal-bin-qassim-al-thani-tiene-en-la-mira-a-ecuador\/#breadcrumb","itemListElement":[{"@type":"ListItem","position":1,"name":"Portada","item":"https:\/\/noti-america.com\/site\/ecuador\/"},{"@type":"ListItem","position":2,"name":"Prominente inversionista catar\u00ed, Jeque Faisal Bin Qassim Al-Thani tiene en la mira a Ecuador"}]},{"@type":"WebSite","@id":"https:\/\/noti-america.com\/site\/ecuador\/#website","url":"https:\/\/noti-america.com\/site\/ecuador\/","name":"Ecuador | Noti-America.com","description":"","publisher":{"@id":"https:\/\/noti-america.com\/site\/ecuador\/#organization"},"potentialAction":[{"@type":"SearchAction","target":{"@type":"EntryPoint","urlTemplate":"https:\/\/noti-america.com\/site\/ecuador\/?s={search_term_string}"},"query-input":{"@type":"PropertyValueSpecification","valueRequired":true,"valueName":"search_term_string"}}],"inLanguage":"es"},{"@type":"Organization","@id":"https:\/\/noti-america.com\/site\/ecuador\/#organization","name":"Noti-America LLC | Ecuador","url":"https:\/\/noti-america.com\/site\/ecuador\/","logo":{"@type":"ImageObject","inLanguage":"es","@id":"https:\/\/noti-america.com\/site\/ecuador\/#\/schema\/logo\/image\/","url":"https:\/\/noti-america.com\/site\/ecuador\/wp-content\/uploads\/sites\/18\/2020\/07\/LogoNA-4x3-1.jpg","contentUrl":"https:\/\/noti-america.com\/site\/ecuador\/wp-content\/uploads\/sites\/18\/2020\/07\/LogoNA-4x3-1.jpg","width":1236,"height":1080,"caption":"Noti-America LLC | Ecuador"},"image":{"@id":"https:\/\/noti-america.com\/site\/ecuador\/#\/schema\/logo\/image\/"},"sameAs":["https:\/\/x.com\/notiamerica"]},{"@type":"Person","@id":"https:\/\/noti-america.com\/site\/ecuador\/#\/schema\/person\/3b975e42f15abfe64bfe3abdd916efda","name":"Gregory Quintana Montiel","image":{"@type":"ImageObject","inLanguage":"es","@id":"https:\/\/secure.gravatar.com\/avatar\/2d6b802f7720c2ec7744dcbe608cc2f3417aeb964d58b443c6d612b77531de1d?s=96&d=mm&r=g","url":"https:\/\/secure.gravatar.com\/avatar\/2d6b802f7720c2ec7744dcbe608cc2f3417aeb964d58b443c6d612b77531de1d?s=96&d=mm&r=g","contentUrl":"https:\/\/secure.gravatar.com\/avatar\/2d6b802f7720c2ec7744dcbe608cc2f3417aeb964d58b443c6d612b77531de1d?s=96&d=mm&r=g","caption":"Gregory Quintana Montiel"},"description":"Licenciatura en Ciencias de la Comunicaci\u00f3n Social, egresado en la Especializaci\u00f3n Derecho Ambiental Desarrollo Sostenible y Sustentable, Miembro de la Comunidad de profesionales y experto para Latinoam\u00e9rica y el Caribe en Gesti\u00f3n por Resultado en el Desarrollo (COPLAC - GpRD) del Banco Interamericano de Desarrollo, experiencia en medios radiales y escritos.","sameAs":["https:\/\/x.com\/gdgregori1","gquintana"],"url":"https:\/\/noti-america.com\/site\/ecuador\/author\/gquintana\/"}]}},"_links":{"self":[{"href":"https:\/\/noti-america.com\/site\/ecuador\/wp-json\/wp\/v2\/posts\/4746","targetHints":{"allow":["GET"]}}],"collection":[{"href":"https:\/\/noti-america.com\/site\/ecuador\/wp-json\/wp\/v2\/posts"}],"about":[{"href":"https:\/\/noti-america.com\/site\/ecuador\/wp-json\/wp\/v2\/types\/post"}],"author":[{"embeddable":true,"href":"https:\/\/noti-america.com\/site\/ecuador\/wp-json\/wp\/v2\/users\/17"}],"replies":[{"embeddable":true,"href":"https:\/\/noti-america.com\/site\/ecuador\/wp-json\/wp\/v2\/comments?post=4746"}],"version-history":[{"count":1,"href":"https:\/\/noti-america.com\/site\/ecuador\/wp-json\/wp\/v2\/posts\/4746\/revisions"}],"predecessor-version":[{"id":4748,"href":"https:\/\/noti-america.com\/site\/ecuador\/wp-json\/wp\/v2\/posts\/4746\/revisions\/4748"}],"wp:featuredmedia":[{"embeddable":true,"href":"https:\/\/noti-america.com\/site\/ecuador\/wp-json\/wp\/v2\/media\/4747"}],"wp:attachment":[{"href":"https:\/\/noti-america.com\/site\/ecuador\/wp-json\/wp\/v2\/media?parent=4746"}],"wp:term":[{"taxonomy":"category","embeddable":true,"href":"https:\/\/noti-america.com\/site\/ecuador\/wp-json\/wp\/v2\/categories?post=4746"},{"taxonomy":"post_tag","embeddable":true,"href":"https:\/\/noti-america.com\/site\/ecuador\/wp-json\/wp\/v2\/tags?post=4746"}],"curies":[{"name":"wp","href":"https:\/\/api.w.org\/{rel}","templated":true}]}}