{"id":4684,"date":"2019-07-21T22:29:47","date_gmt":"2019-07-21T22:29:47","guid":{"rendered":"http:\/\/noti-america.com\/site\/ecuador\/?p=4684"},"modified":"2019-07-21T22:29:47","modified_gmt":"2019-07-21T22:29:47","slug":"prevenir-el-embarazo-adolescente-es-posible-y-requiere-de-todos","status":"publish","type":"post","link":"https:\/\/noti-america.com\/site\/ecuador\/2019\/07\/21\/prevenir-el-embarazo-adolescente-es-posible-y-requiere-de-todos\/","title":{"rendered":"Prevenir el embarazo adolescente es posible y requiere de todos"},"content":{"rendered":"<p>REDACCI\u00d3N NOTI-AM\u00c9RICA (ECUADOR)<\/p>\n<p style=\"text-align: justify\">Algunos se preguntan qu\u00e9 tiene que ver el\u00a0embarazo adolescente\u00a0con el desarrollo. Lo cierto es que no solo es un problema de salud p\u00fablica, sino que tambi\u00e9n ampl\u00eda las\u00a0brechas sociales y de g\u00e9nero, ya que est\u00e1 asociado con altos niveles de mortalidad durante el embarazo, parto y puerperio, y representa la sexta causa de deserci\u00f3n escolar, afectando as\u00ed, las oportunidades laborales y los niveles de ingresos de las y los adolescentes. Para Am\u00e9rica Latina esto representa un reto importante, ya que\u00a0la regi\u00f3n se ha convertido en el segundo subcontinente con la tasa de embarazo adolescente m\u00e1s alta.<\/p>\n<p style=\"text-align: justify\">M\u00e9xico no es la excepci\u00f3n. De hecho, es uno de los pa\u00edses de la Organizaci\u00f3n para la Cooperaci\u00f3n y el Desarrollo Econ\u00f3micos (OCDE) con mayor n\u00famero de\u00a0embarazos en adolescentes, con una tasa de 73.6 por cada mil adolescentes de 15 a 19 a\u00f1os. \u00a0Pero el pa\u00eds ha tomado pasos importantes para enfrentar este desaf\u00edo, incluyendo la reciente Estrategia Nacional para la Prevenci\u00f3n del Embarazo en Adolescentes (ENAPEA), cuyas metas son: reducir en un 50% la tasa de fecundidad de las adolescentes de 15 a 19 a\u00f1os y erradicar el embarazo en la poblaci\u00f3n de 10 a 14 a\u00f1os para el a\u00f1o 2030. El \u00e9xito de la estrateg\u00eda, producto de pr\u00e1cticas innovadoras en t\u00e9rminos de coordinaci\u00f3n interinstitucional, depender\u00e1 del pleno involucramiento de las comunidades objetivo para atender de forma focalizada y sensible sus realidades.<\/p>\n<p style=\"text-align: justify\">Desde la sociedad civil mexicana, se ha trabajado para promover los derechos sexuales y reproductivos mediante esquemas de contralor\u00eda y participaci\u00f3n ciudadana, como es el caso de \u00a0<strong>Lo P\u00fablico es Nuestro (LPEN)<\/strong><em>,\u00a0<\/em>impulsado por el Instituto de Liderazgo Simone de Beauvoir A.C. (ILSB). El programa busca mejorar los servicios de salud sexual y reproductiva, a trav\u00e9s del fortalecimiento de la participaci\u00f3n de j\u00f3venes y mujeres ind\u00edgenas y afromexicanas para realizar una incidencia informada. En LPEN participan 60 integrantes de 15 estados del pa\u00eds monitoreando los servicios de salud sexual y reproductiva, as\u00ed como la implementaci\u00f3n de algunas pol\u00edticas p\u00fablicas de la ENAPEA en materia de abasto de m\u00e9todos anticonceptivos, prevenci\u00f3n y atenci\u00f3n de la violencia familiar, sexual y contra las mujeres, interculturalidad en salud y corresponsabilidad masculina.<\/p>\n<p style=\"text-align: justify\">Con los resultados del monitoreo realizado, LPEN ha desarrollado planes de incidencia con recomendaciones puntuales para tomadoras y tomadores de decisi\u00f3n a nivel estatal y federal. Entre las medidas propuestas para promover los derechos sexuales y reproductivos destacan:<\/p>\n<ol style=\"text-align: justify\">\n<li>Mayor presupuesto para programas y servicios sobre salud sexual y reproductiva de adolescentes.<\/li>\n<li>Lineamientos claros para la distribuci\u00f3n de anticonceptivos en los estados, garantizando que se provean durante las consejer\u00edas de salud y que se brinde informaci\u00f3n adecuada sobre la variedad de m\u00e9todos que existen.<\/li>\n<li>Transversalizaci\u00f3n de la perspectiva intercultural\u00a0en la provisi\u00f3n de servicios de salud, especialmente donde hay poblaci\u00f3n mayoritariamente ind\u00edgena. Los servicios deben contar con int\u00e9rpretes y ofrecer atenci\u00f3n que se adec\u00fae a las pr\u00e1cticas culturales y respete la autonom\u00eda de las personas.<\/li>\n<li>Mayor capacitaci\u00f3n del personal de salud para involucrar activamente a los hombres en la prevenci\u00f3n de embarazos e infecciones de transmisi\u00f3n sexual, as\u00ed como para atender casos de violencia sexual de acuerdo a la\u00a0normativa vigente.<\/li>\n<li>Generaci\u00f3n de condiciones para garantizar el acceso a la informaci\u00f3n de amplios sectores de la poblaci\u00f3n, puesto que actualmente requiere de conocimiento especializado, acceso a tecnolog\u00edas y dominio del espa\u00f1ol.<\/li>\n<\/ol>\n<p style=\"text-align: justify\">La participaci\u00f3n ciudadana es un elemento clave en la mejora de los derechos sexuales y reproductivos. En este caso, por ejemplo, varios estados como Guerrero, Oaxaca y Morelos ya han retomado las recomendaciones de LPEN para optimizar sus servicios de salud e incorporar una perspectiva intercultural, de g\u00e9nero y de juventudes.<\/p>\n<p style=\"text-align: justify\">En Am\u00e9rica Latina, los j\u00f3venes est\u00e1n optando por tener relaciones sexuales cada vez a edades m\u00e1s tempranas. Entre el 57% y el 87% de las mujeres en la regi\u00f3n han tenido relaciones antes de los 20 a\u00f1os. El acceso a informaci\u00f3n adecuada sobre la salud sexual y reproductiva debe ser una prioridad para prevenir el embarazo adolescente. En este sentido, las iniciativas de la sociedad civil, tales como LPEN, pueden jugar un rol en la identificaci\u00f3n de los retos del sistema de salud, y en el fortalecimiento de la gobernanza y el empoderamiento ciudadano de los j\u00f3venes y las mujeres. La verdadera innovaci\u00f3n social proviene de involucrar activamente a las poblaciones para transformar las instituciones, las pr\u00e1cticas de las y los tomadores de decisi\u00f3n y las pol\u00edticas p\u00fablicas.<\/p>\n<p style=\"text-align: justify\">Fuente: BID<\/p>\n","protected":false},"excerpt":{"rendered":"<p>REDACCI\u00d3N NOTI-AM\u00c9RICA (ECUADOR) Algunos se preguntan qu\u00e9 tiene que ver el\u00a0embarazo adolescente\u00a0con el desarrollo. Lo cierto es que no solo es un problema de salud p\u00fablica, sino que tambi\u00e9n ampl\u00eda las\u00a0brechas sociales y de&#46;&#46;&#46;<\/p>\n","protected":false},"author":17,"featured_media":4685,"comment_status":"open","ping_status":"open","sticky":false,"template":"","format":"standard","meta":{"_acf_changed":false,"om_disable_all_campaigns":false,"rop_custom_images_group":[],"rop_custom_messages_group":[],"rop_publish_now":"initial","rop_publish_now_accounts":{"twitter_242054905_242054905":""},"rop_publish_now_history":[],"rop_publish_now_status":"pending","_uf_show_specific_survey":0,"_uf_disable_surveys":false,"footnotes":""},"categories":[103],"tags":[],"class_list":["post-4684","post","type-post","status-publish","format-standard","has-post-thumbnail","hentry","category-educacion"],"acf":[],"aioseo_notices":[],"yoast_head":"<!-- This site is optimized with the Yoast SEO Premium plugin v24.9 (Yoast SEO v27.2) - https:\/\/yoast.com\/product\/yoast-seo-premium-wordpress\/ -->\n<title>Prevenir el embarazo adolescente es posible y requiere de todos - Ecuador | Noti-America.com<\/title>\n<meta name=\"robots\" content=\"index, follow, max-snippet:-1, max-image-preview:large, max-video-preview:-1\" \/>\n<link rel=\"canonical\" href=\"https:\/\/noti-america.com\/site\/ecuador\/2019\/07\/21\/prevenir-el-embarazo-adolescente-es-posible-y-requiere-de-todos\/\" \/>\n<meta property=\"og:locale\" content=\"es_ES\" \/>\n<meta property=\"og:type\" content=\"article\" \/>\n<meta property=\"og:title\" content=\"Prevenir el embarazo adolescente es posible y requiere de todos\" \/>\n<meta property=\"og:description\" content=\"REDACCI\u00d3N NOTI-AM\u00c9RICA (ECUADOR) Algunos se preguntan qu\u00e9 tiene que ver el\u00a0embarazo adolescente\u00a0con el desarrollo. Lo cierto es que no solo es un problema de salud p\u00fablica, sino que tambi\u00e9n ampl\u00eda las\u00a0brechas sociales y de&#046;&#046;&#046;\" \/>\n<meta property=\"og:url\" content=\"https:\/\/noti-america.com\/site\/ecuador\/2019\/07\/21\/prevenir-el-embarazo-adolescente-es-posible-y-requiere-de-todos\/\" \/>\n<meta property=\"og:site_name\" content=\"Ecuador | Noti-America.com\" \/>\n<meta property=\"article:published_time\" content=\"2019-07-21T22:29:47+00:00\" \/>\n<meta property=\"og:image\" content=\"https:\/\/noti-america.com\/site\/ecuador\/wp-content\/uploads\/sites\/18\/2019\/07\/Embarazo-adolescente.jpg\" \/>\n\t<meta property=\"og:image:width\" content=\"1024\" \/>\n\t<meta property=\"og:image:height\" content=\"512\" \/>\n\t<meta property=\"og:image:type\" content=\"image\/jpeg\" \/>\n<meta name=\"author\" content=\"Gregory Quintana Montiel\" \/>\n<meta name=\"twitter:card\" content=\"summary_large_image\" \/>\n<meta name=\"twitter:creator\" content=\"@gdgregori1\" \/>\n<meta name=\"twitter:site\" content=\"@notiamerica\" \/>\n<meta name=\"twitter:label1\" content=\"Escrito por\" \/>\n\t<meta name=\"twitter:data1\" content=\"Gregory Quintana Montiel\" \/>\n\t<meta name=\"twitter:label2\" content=\"Tiempo estimado de lectura\" \/>\n\t<meta name=\"twitter:data2\" content=\"4 minutos\" \/>\n<script type=\"application\/ld+json\" class=\"yoast-schema-graph\">{\"@context\":\"https:\/\/schema.org\",\"@graph\":[{\"@type\":\"Article\",\"@id\":\"https:\/\/noti-america.com\/site\/ecuador\/2019\/07\/21\/prevenir-el-embarazo-adolescente-es-posible-y-requiere-de-todos\/#article\",\"isPartOf\":{\"@id\":\"https:\/\/noti-america.com\/site\/ecuador\/2019\/07\/21\/prevenir-el-embarazo-adolescente-es-posible-y-requiere-de-todos\/\"},\"author\":{\"name\":\"Gregory Quintana Montiel\",\"@id\":\"https:\/\/noti-america.com\/site\/ecuador\/#\/schema\/person\/3b975e42f15abfe64bfe3abdd916efda\"},\"headline\":\"Prevenir el embarazo adolescente es posible y requiere de todos\",\"datePublished\":\"2019-07-21T22:29:47+00:00\",\"mainEntityOfPage\":{\"@id\":\"https:\/\/noti-america.com\/site\/ecuador\/2019\/07\/21\/prevenir-el-embarazo-adolescente-es-posible-y-requiere-de-todos\/\"},\"wordCount\":813,\"commentCount\":0,\"publisher\":{\"@id\":\"https:\/\/noti-america.com\/site\/ecuador\/#organization\"},\"image\":{\"@id\":\"https:\/\/noti-america.com\/site\/ecuador\/2019\/07\/21\/prevenir-el-embarazo-adolescente-es-posible-y-requiere-de-todos\/#primaryimage\"},\"thumbnailUrl\":\"https:\/\/noti-america.com\/site\/ecuador\/wp-content\/uploads\/sites\/18\/2019\/07\/Embarazo-adolescente.jpg\",\"articleSection\":[\"Educaci\u00f3n\"],\"inLanguage\":\"es\",\"potentialAction\":[{\"@type\":\"CommentAction\",\"name\":\"Comment\",\"target\":[\"https:\/\/noti-america.com\/site\/ecuador\/2019\/07\/21\/prevenir-el-embarazo-adolescente-es-posible-y-requiere-de-todos\/#respond\"]}]},{\"@type\":\"WebPage\",\"@id\":\"https:\/\/noti-america.com\/site\/ecuador\/2019\/07\/21\/prevenir-el-embarazo-adolescente-es-posible-y-requiere-de-todos\/\",\"url\":\"https:\/\/noti-america.com\/site\/ecuador\/2019\/07\/21\/prevenir-el-embarazo-adolescente-es-posible-y-requiere-de-todos\/\",\"name\":\"Prevenir el embarazo adolescente es posible y requiere de todos - Ecuador | Noti-America.com\",\"isPartOf\":{\"@id\":\"https:\/\/noti-america.com\/site\/ecuador\/#website\"},\"primaryImageOfPage\":{\"@id\":\"https:\/\/noti-america.com\/site\/ecuador\/2019\/07\/21\/prevenir-el-embarazo-adolescente-es-posible-y-requiere-de-todos\/#primaryimage\"},\"image\":{\"@id\":\"https:\/\/noti-america.com\/site\/ecuador\/2019\/07\/21\/prevenir-el-embarazo-adolescente-es-posible-y-requiere-de-todos\/#primaryimage\"},\"thumbnailUrl\":\"https:\/\/noti-america.com\/site\/ecuador\/wp-content\/uploads\/sites\/18\/2019\/07\/Embarazo-adolescente.jpg\",\"datePublished\":\"2019-07-21T22:29:47+00:00\",\"breadcrumb\":{\"@id\":\"https:\/\/noti-america.com\/site\/ecuador\/2019\/07\/21\/prevenir-el-embarazo-adolescente-es-posible-y-requiere-de-todos\/#breadcrumb\"},\"inLanguage\":\"es\",\"potentialAction\":[{\"@type\":\"ReadAction\",\"target\":[\"https:\/\/noti-america.com\/site\/ecuador\/2019\/07\/21\/prevenir-el-embarazo-adolescente-es-posible-y-requiere-de-todos\/\"]}]},{\"@type\":\"ImageObject\",\"inLanguage\":\"es\",\"@id\":\"https:\/\/noti-america.com\/site\/ecuador\/2019\/07\/21\/prevenir-el-embarazo-adolescente-es-posible-y-requiere-de-todos\/#primaryimage\",\"url\":\"https:\/\/noti-america.com\/site\/ecuador\/wp-content\/uploads\/sites\/18\/2019\/07\/Embarazo-adolescente.jpg\",\"contentUrl\":\"https:\/\/noti-america.com\/site\/ecuador\/wp-content\/uploads\/sites\/18\/2019\/07\/Embarazo-adolescente.jpg\",\"width\":1024,\"height\":512,\"caption\":\"En Am\u00e9rica Latina, los j\u00f3venes est\u00e1n optando por tener relaciones sexuales cada vez a edades m\u00e1s tempranas\"},{\"@type\":\"BreadcrumbList\",\"@id\":\"https:\/\/noti-america.com\/site\/ecuador\/2019\/07\/21\/prevenir-el-embarazo-adolescente-es-posible-y-requiere-de-todos\/#breadcrumb\",\"itemListElement\":[{\"@type\":\"ListItem\",\"position\":1,\"name\":\"Portada\",\"item\":\"https:\/\/noti-america.com\/site\/ecuador\/\"},{\"@type\":\"ListItem\",\"position\":2,\"name\":\"Prevenir el embarazo adolescente es posible y requiere de todos\"}]},{\"@type\":\"WebSite\",\"@id\":\"https:\/\/noti-america.com\/site\/ecuador\/#website\",\"url\":\"https:\/\/noti-america.com\/site\/ecuador\/\",\"name\":\"Ecuador | Noti-America.com\",\"description\":\"\",\"publisher\":{\"@id\":\"https:\/\/noti-america.com\/site\/ecuador\/#organization\"},\"potentialAction\":[{\"@type\":\"SearchAction\",\"target\":{\"@type\":\"EntryPoint\",\"urlTemplate\":\"https:\/\/noti-america.com\/site\/ecuador\/?s={search_term_string}\"},\"query-input\":{\"@type\":\"PropertyValueSpecification\",\"valueRequired\":true,\"valueName\":\"search_term_string\"}}],\"inLanguage\":\"es\"},{\"@type\":\"Organization\",\"@id\":\"https:\/\/noti-america.com\/site\/ecuador\/#organization\",\"name\":\"Noti-America LLC | Ecuador\",\"url\":\"https:\/\/noti-america.com\/site\/ecuador\/\",\"logo\":{\"@type\":\"ImageObject\",\"inLanguage\":\"es\",\"@id\":\"https:\/\/noti-america.com\/site\/ecuador\/#\/schema\/logo\/image\/\",\"url\":\"https:\/\/noti-america.com\/site\/ecuador\/wp-content\/uploads\/sites\/18\/2020\/07\/LogoNA-4x3-1.jpg\",\"contentUrl\":\"https:\/\/noti-america.com\/site\/ecuador\/wp-content\/uploads\/sites\/18\/2020\/07\/LogoNA-4x3-1.jpg\",\"width\":1236,\"height\":1080,\"caption\":\"Noti-America LLC | Ecuador\"},\"image\":{\"@id\":\"https:\/\/noti-america.com\/site\/ecuador\/#\/schema\/logo\/image\/\"},\"sameAs\":[\"https:\/\/x.com\/notiamerica\"]},{\"@type\":\"Person\",\"@id\":\"https:\/\/noti-america.com\/site\/ecuador\/#\/schema\/person\/3b975e42f15abfe64bfe3abdd916efda\",\"name\":\"Gregory Quintana Montiel\",\"image\":{\"@type\":\"ImageObject\",\"inLanguage\":\"es\",\"@id\":\"https:\/\/secure.gravatar.com\/avatar\/2d6b802f7720c2ec7744dcbe608cc2f3417aeb964d58b443c6d612b77531de1d?s=96&d=mm&r=g\",\"url\":\"https:\/\/secure.gravatar.com\/avatar\/2d6b802f7720c2ec7744dcbe608cc2f3417aeb964d58b443c6d612b77531de1d?s=96&d=mm&r=g\",\"contentUrl\":\"https:\/\/secure.gravatar.com\/avatar\/2d6b802f7720c2ec7744dcbe608cc2f3417aeb964d58b443c6d612b77531de1d?s=96&d=mm&r=g\",\"caption\":\"Gregory Quintana Montiel\"},\"description\":\"Licenciatura en Ciencias de la Comunicaci\u00f3n Social, egresado en la Especializaci\u00f3n Derecho Ambiental Desarrollo Sostenible y Sustentable, Miembro de la Comunidad de profesionales y experto para Latinoam\u00e9rica y el Caribe en Gesti\u00f3n por Resultado en el Desarrollo (COPLAC - GpRD) del Banco Interamericano de Desarrollo, experiencia en medios radiales y escritos.\",\"sameAs\":[\"https:\/\/x.com\/gdgregori1\",\"gquintana\"],\"url\":\"https:\/\/noti-america.com\/site\/ecuador\/author\/gquintana\/\"}]}<\/script>\n<!-- \/ Yoast SEO Premium plugin. -->","yoast_head_json":{"title":"Prevenir el embarazo adolescente es posible y requiere de todos - Ecuador | Noti-America.com","robots":{"index":"index","follow":"follow","max-snippet":"max-snippet:-1","max-image-preview":"max-image-preview:large","max-video-preview":"max-video-preview:-1"},"canonical":"https:\/\/noti-america.com\/site\/ecuador\/2019\/07\/21\/prevenir-el-embarazo-adolescente-es-posible-y-requiere-de-todos\/","og_locale":"es_ES","og_type":"article","og_title":"Prevenir el embarazo adolescente es posible y requiere de todos","og_description":"REDACCI\u00d3N NOTI-AM\u00c9RICA (ECUADOR) Algunos se preguntan qu\u00e9 tiene que ver el\u00a0embarazo adolescente\u00a0con el desarrollo. Lo cierto es que no solo es un problema de salud p\u00fablica, sino que tambi\u00e9n ampl\u00eda las\u00a0brechas sociales y de&#46;&#46;&#46;","og_url":"https:\/\/noti-america.com\/site\/ecuador\/2019\/07\/21\/prevenir-el-embarazo-adolescente-es-posible-y-requiere-de-todos\/","og_site_name":"Ecuador | Noti-America.com","article_published_time":"2019-07-21T22:29:47+00:00","og_image":[{"width":1024,"height":512,"url":"https:\/\/noti-america.com\/site\/ecuador\/wp-content\/uploads\/sites\/18\/2019\/07\/Embarazo-adolescente.jpg","type":"image\/jpeg"}],"author":"Gregory Quintana Montiel","twitter_card":"summary_large_image","twitter_creator":"@gdgregori1","twitter_site":"@notiamerica","twitter_misc":{"Escrito por":"Gregory Quintana Montiel","Tiempo estimado de lectura":"4 minutos"},"schema":{"@context":"https:\/\/schema.org","@graph":[{"@type":"Article","@id":"https:\/\/noti-america.com\/site\/ecuador\/2019\/07\/21\/prevenir-el-embarazo-adolescente-es-posible-y-requiere-de-todos\/#article","isPartOf":{"@id":"https:\/\/noti-america.com\/site\/ecuador\/2019\/07\/21\/prevenir-el-embarazo-adolescente-es-posible-y-requiere-de-todos\/"},"author":{"name":"Gregory Quintana Montiel","@id":"https:\/\/noti-america.com\/site\/ecuador\/#\/schema\/person\/3b975e42f15abfe64bfe3abdd916efda"},"headline":"Prevenir el embarazo adolescente es posible y requiere de todos","datePublished":"2019-07-21T22:29:47+00:00","mainEntityOfPage":{"@id":"https:\/\/noti-america.com\/site\/ecuador\/2019\/07\/21\/prevenir-el-embarazo-adolescente-es-posible-y-requiere-de-todos\/"},"wordCount":813,"commentCount":0,"publisher":{"@id":"https:\/\/noti-america.com\/site\/ecuador\/#organization"},"image":{"@id":"https:\/\/noti-america.com\/site\/ecuador\/2019\/07\/21\/prevenir-el-embarazo-adolescente-es-posible-y-requiere-de-todos\/#primaryimage"},"thumbnailUrl":"https:\/\/noti-america.com\/site\/ecuador\/wp-content\/uploads\/sites\/18\/2019\/07\/Embarazo-adolescente.jpg","articleSection":["Educaci\u00f3n"],"inLanguage":"es","potentialAction":[{"@type":"CommentAction","name":"Comment","target":["https:\/\/noti-america.com\/site\/ecuador\/2019\/07\/21\/prevenir-el-embarazo-adolescente-es-posible-y-requiere-de-todos\/#respond"]}]},{"@type":"WebPage","@id":"https:\/\/noti-america.com\/site\/ecuador\/2019\/07\/21\/prevenir-el-embarazo-adolescente-es-posible-y-requiere-de-todos\/","url":"https:\/\/noti-america.com\/site\/ecuador\/2019\/07\/21\/prevenir-el-embarazo-adolescente-es-posible-y-requiere-de-todos\/","name":"Prevenir el embarazo adolescente es posible y requiere de todos - Ecuador | Noti-America.com","isPartOf":{"@id":"https:\/\/noti-america.com\/site\/ecuador\/#website"},"primaryImageOfPage":{"@id":"https:\/\/noti-america.com\/site\/ecuador\/2019\/07\/21\/prevenir-el-embarazo-adolescente-es-posible-y-requiere-de-todos\/#primaryimage"},"image":{"@id":"https:\/\/noti-america.com\/site\/ecuador\/2019\/07\/21\/prevenir-el-embarazo-adolescente-es-posible-y-requiere-de-todos\/#primaryimage"},"thumbnailUrl":"https:\/\/noti-america.com\/site\/ecuador\/wp-content\/uploads\/sites\/18\/2019\/07\/Embarazo-adolescente.jpg","datePublished":"2019-07-21T22:29:47+00:00","breadcrumb":{"@id":"https:\/\/noti-america.com\/site\/ecuador\/2019\/07\/21\/prevenir-el-embarazo-adolescente-es-posible-y-requiere-de-todos\/#breadcrumb"},"inLanguage":"es","potentialAction":[{"@type":"ReadAction","target":["https:\/\/noti-america.com\/site\/ecuador\/2019\/07\/21\/prevenir-el-embarazo-adolescente-es-posible-y-requiere-de-todos\/"]}]},{"@type":"ImageObject","inLanguage":"es","@id":"https:\/\/noti-america.com\/site\/ecuador\/2019\/07\/21\/prevenir-el-embarazo-adolescente-es-posible-y-requiere-de-todos\/#primaryimage","url":"https:\/\/noti-america.com\/site\/ecuador\/wp-content\/uploads\/sites\/18\/2019\/07\/Embarazo-adolescente.jpg","contentUrl":"https:\/\/noti-america.com\/site\/ecuador\/wp-content\/uploads\/sites\/18\/2019\/07\/Embarazo-adolescente.jpg","width":1024,"height":512,"caption":"En Am\u00e9rica Latina, los j\u00f3venes est\u00e1n optando por tener relaciones sexuales cada vez a edades m\u00e1s tempranas"},{"@type":"BreadcrumbList","@id":"https:\/\/noti-america.com\/site\/ecuador\/2019\/07\/21\/prevenir-el-embarazo-adolescente-es-posible-y-requiere-de-todos\/#breadcrumb","itemListElement":[{"@type":"ListItem","position":1,"name":"Portada","item":"https:\/\/noti-america.com\/site\/ecuador\/"},{"@type":"ListItem","position":2,"name":"Prevenir el embarazo adolescente es posible y requiere de todos"}]},{"@type":"WebSite","@id":"https:\/\/noti-america.com\/site\/ecuador\/#website","url":"https:\/\/noti-america.com\/site\/ecuador\/","name":"Ecuador | Noti-America.com","description":"","publisher":{"@id":"https:\/\/noti-america.com\/site\/ecuador\/#organization"},"potentialAction":[{"@type":"SearchAction","target":{"@type":"EntryPoint","urlTemplate":"https:\/\/noti-america.com\/site\/ecuador\/?s={search_term_string}"},"query-input":{"@type":"PropertyValueSpecification","valueRequired":true,"valueName":"search_term_string"}}],"inLanguage":"es"},{"@type":"Organization","@id":"https:\/\/noti-america.com\/site\/ecuador\/#organization","name":"Noti-America LLC | Ecuador","url":"https:\/\/noti-america.com\/site\/ecuador\/","logo":{"@type":"ImageObject","inLanguage":"es","@id":"https:\/\/noti-america.com\/site\/ecuador\/#\/schema\/logo\/image\/","url":"https:\/\/noti-america.com\/site\/ecuador\/wp-content\/uploads\/sites\/18\/2020\/07\/LogoNA-4x3-1.jpg","contentUrl":"https:\/\/noti-america.com\/site\/ecuador\/wp-content\/uploads\/sites\/18\/2020\/07\/LogoNA-4x3-1.jpg","width":1236,"height":1080,"caption":"Noti-America LLC | Ecuador"},"image":{"@id":"https:\/\/noti-america.com\/site\/ecuador\/#\/schema\/logo\/image\/"},"sameAs":["https:\/\/x.com\/notiamerica"]},{"@type":"Person","@id":"https:\/\/noti-america.com\/site\/ecuador\/#\/schema\/person\/3b975e42f15abfe64bfe3abdd916efda","name":"Gregory Quintana Montiel","image":{"@type":"ImageObject","inLanguage":"es","@id":"https:\/\/secure.gravatar.com\/avatar\/2d6b802f7720c2ec7744dcbe608cc2f3417aeb964d58b443c6d612b77531de1d?s=96&d=mm&r=g","url":"https:\/\/secure.gravatar.com\/avatar\/2d6b802f7720c2ec7744dcbe608cc2f3417aeb964d58b443c6d612b77531de1d?s=96&d=mm&r=g","contentUrl":"https:\/\/secure.gravatar.com\/avatar\/2d6b802f7720c2ec7744dcbe608cc2f3417aeb964d58b443c6d612b77531de1d?s=96&d=mm&r=g","caption":"Gregory Quintana Montiel"},"description":"Licenciatura en Ciencias de la Comunicaci\u00f3n Social, egresado en la Especializaci\u00f3n Derecho Ambiental Desarrollo Sostenible y Sustentable, Miembro de la Comunidad de profesionales y experto para Latinoam\u00e9rica y el Caribe en Gesti\u00f3n por Resultado en el Desarrollo (COPLAC - GpRD) del Banco Interamericano de Desarrollo, experiencia en medios radiales y escritos.","sameAs":["https:\/\/x.com\/gdgregori1","gquintana"],"url":"https:\/\/noti-america.com\/site\/ecuador\/author\/gquintana\/"}]}},"_links":{"self":[{"href":"https:\/\/noti-america.com\/site\/ecuador\/wp-json\/wp\/v2\/posts\/4684","targetHints":{"allow":["GET"]}}],"collection":[{"href":"https:\/\/noti-america.com\/site\/ecuador\/wp-json\/wp\/v2\/posts"}],"about":[{"href":"https:\/\/noti-america.com\/site\/ecuador\/wp-json\/wp\/v2\/types\/post"}],"author":[{"embeddable":true,"href":"https:\/\/noti-america.com\/site\/ecuador\/wp-json\/wp\/v2\/users\/17"}],"replies":[{"embeddable":true,"href":"https:\/\/noti-america.com\/site\/ecuador\/wp-json\/wp\/v2\/comments?post=4684"}],"version-history":[{"count":1,"href":"https:\/\/noti-america.com\/site\/ecuador\/wp-json\/wp\/v2\/posts\/4684\/revisions"}],"predecessor-version":[{"id":4686,"href":"https:\/\/noti-america.com\/site\/ecuador\/wp-json\/wp\/v2\/posts\/4684\/revisions\/4686"}],"wp:featuredmedia":[{"embeddable":true,"href":"https:\/\/noti-america.com\/site\/ecuador\/wp-json\/wp\/v2\/media\/4685"}],"wp:attachment":[{"href":"https:\/\/noti-america.com\/site\/ecuador\/wp-json\/wp\/v2\/media?parent=4684"}],"wp:term":[{"taxonomy":"category","embeddable":true,"href":"https:\/\/noti-america.com\/site\/ecuador\/wp-json\/wp\/v2\/categories?post=4684"},{"taxonomy":"post_tag","embeddable":true,"href":"https:\/\/noti-america.com\/site\/ecuador\/wp-json\/wp\/v2\/tags?post=4684"}],"curies":[{"name":"wp","href":"https:\/\/api.w.org\/{rel}","templated":true}]}}