{"id":4645,"date":"2019-07-17T02:09:34","date_gmt":"2019-07-17T02:09:34","guid":{"rendered":"http:\/\/noti-america.com\/site\/ecuador\/?p=4645"},"modified":"2019-07-17T02:09:34","modified_gmt":"2019-07-17T02:09:34","slug":"las-hidroelectricas-en-latinoamerica-donde-estamos-y-hacia-donde-vamos","status":"publish","type":"post","link":"https:\/\/noti-america.com\/site\/ecuador\/2019\/07\/17\/las-hidroelectricas-en-latinoamerica-donde-estamos-y-hacia-donde-vamos\/","title":{"rendered":"Las hidroel\u00e9ctricas en Latinoam\u00e9rica, \u00bfd\u00f3nde estamos? y \u00bfhacia d\u00f3nde vamos?"},"content":{"rendered":"<p>REDACCI\u00d3N NOTI-AM\u00c9RICA (ECUADOR) Por\u00a0Arturo D. Alarc\u00f3n<\/p>\n<p style=\"text-align: justify\">La hidroelectricidad es actualmente la fuente m\u00e1s importante en la matriz el\u00e9ctrica latinoamericana, y las tendencias apuntan a que continuar\u00e1 si\u00e9ndolo en las pr\u00f3ximas d\u00e9cadas. Sin embargo, el rol de la hidroelectricidad est\u00e1 cambiando, de una fuente de base a una fuente de respaldo, particularmente para apoyar la diversificaci\u00f3n de la matriz el\u00e9ctrica con otras renovables intermitentes.<\/p>\n<p style=\"text-align: justify\">Y si bien es cierto que la hidroelectricidad es una tecnolog\u00eda costo-eficiente, la construcci\u00f3n de nuevas centrales hidroel\u00e9ctricas genera controversias, tanto por sus inversiones como por sus impactos ambientales y sociales. Por eso cabe preguntarse, \u00bfhacia d\u00f3nde vamos?<\/p>\n<h2 style=\"text-align: justify\"><strong>Un sector que a\u00fan crece<\/strong><\/h2>\n<p style=\"text-align: justify\">La Asociaci\u00f3n Internacional de la Hidroelectricidad (IHA, en ingl\u00e9s) public\u00f3 el mes pasado, como pre\u00e1mbulo a su congreso mundial,\u00a0el reporte anual del estado del sector. Los datos muestran que en el 2018 entraron en operaci\u00f3n en Latinoam\u00e9rica cerca de 5 Giga-watts (GW) de nuevas centrales, impulsado principalmente por la entrada en operaci\u00f3n de 3.055 Mega-watts (MW) de las unidades de Belo Monte (central de 11.000 MW) en Brasil.<\/p>\n<p style=\"text-align: justify\">Con esto, Brasil se ha convertido en el segundo pa\u00eds con mayor capacidad instalada en el mundo, con 104 GW, detr\u00e1s de China que tiene 352 GW. Adicionalmente, los datos de la IHA muestran que, adem\u00e1s de Brasil, entraron en operaci\u00f3n 556 MW en Ecuador, 111 MW en Per\u00fa, 111 MW en Colombia, 110 MW en Chile, 61 MW en Guatemala, 55 MW en Bolivia, 46 MW en Argentina y 17 MW en Panam\u00e1, y se encuentran en construcci\u00f3n varios miles de MW en Brasil, Colombia, Bolivia, Ecuador y otros pa\u00edses.<\/p>\n<p style=\"text-align: justify\">Las proyecciones de la\u00a0Agencia Internacional de Energ\u00eda\u00a0(IEA por sus siglas en ingl\u00e9s), apuntan a que la hidroelectricidad seguir\u00e1 siendo una parte esencial de la matriz energ\u00e9tica mundial, al 2040, particularmente para poder\u00a0<strong>garantizar la seguridad de suministro, y al mismo tiempo lograr las metas de reducci\u00f3n de emisiones de carbono<\/strong>, previstas por el acuerdo de Paris.<\/p>\n<h2 style=\"text-align: justify\"><strong>Hidroelectricidad, la fuente de energ\u00eda m\u00e1s barata en el mundo<\/strong><\/h2>\n<p style=\"text-align: justify\">Seg\u00fan la Agencia Internacional de Energ\u00edas Renovables (IRENA), en el 2018 las hidroel\u00e9ctricas continuaron siendo una fuente costo-efectiva de suministro el\u00e9ctrico, m\u00e1s barata que las energ\u00edas f\u00f3siles e incluso m\u00e1s barata que la energ\u00eda e\u00f3lica y solar (al 2018).\u00a0<strong>Esto es de particular relevancia en Latinoam\u00e9rica, donde menos del 50% del potencial hidroel\u00e9ctrico ha sido aprovechado, y donde existe una creciente demanda de energ\u00eda (se estima que la demanda el\u00e9ctrica crecer\u00e1 entre 2,6% a 3,7% anualmente hasta el 2040).<\/strong><\/p>\n<p style=\"text-align: justify\">Por otro lado, adem\u00e1s de proveer energ\u00eda (y almacenamiento de energ\u00eda), las hidroel\u00e9ctricas pueden proveer agua para riego, agua potable y control de inundaciones. Estos beneficios no siempre son contemplados y valorados al comparar costos de megavatio-hora de la hidrolectricidad con el costo de otras tecnolog\u00edas. No todos los kilowatts-hora son creados iguales, unos traen m\u00e1s beneficios que otros.<\/p>\n<p style=\"text-align: justify\"><img loading=\"lazy\" decoding=\"async\" class=\"aligncenter wp-image-3913\" src=\"https:\/\/blogs.iadb.org\/energia\/wp-content\/uploads\/sites\/16\/2019\/06\/Renewable-Power-Generation-IRENA.png\" alt=\"Hidroel\u00e9ctricas generaci\u00f3n \" width=\"829\" height=\"546\" \/><\/p>\n<p style=\"text-align: justify\">Fuente: IRENA \u2013 Renewable Power Generation Costs in 2018<\/p>\n<h2 style=\"text-align: justify\"><strong>Las hidroel\u00e9ctricas complementar\u00e1n a otras fuentes en los pr\u00f3ximos a\u00f1os<\/strong><\/h2>\n<p style=\"text-align: justify\">Mirando al futuro, y en t\u00e9rminos de la planificaci\u00f3n de los sistemas, es necesario pensar de forma integral, apuntando a encontrar una combinaci\u00f3n \u00f3ptima de tecnolog\u00edas que sean de bajas emisiones, bajo costo y bajo impacto, a fin de maximizar los beneficios para la sociedad. En ese contexto, es evidente que el rol de la hidroelectricidad est\u00e1 cambiando, de una generaci\u00f3n firme y de base, a una generaci\u00f3n flexible y complementaria a la generaci\u00f3n e\u00f3lica y solar.<\/p>\n<p style=\"text-align: justify\">En muchos pa\u00edses la hidroelectricidad dejar\u00e1 de ser la fuente principal de suministro, y pasar\u00e1 a convertirse en una facilitadora de otras energ\u00edas renovables. La capacidad de almacenamiento de las centrales hidroel\u00e9ctricas, sumadas a su flexibilidad operativa, las convierte en un complemento tecnol\u00f3gico ideal para la generaci\u00f3n variable. Pero la necesidad de nuevos embalses deber\u00e1 ser cautelosamente evaluada, caso a caso, y vis-a-vis sus beneficios e impactos.<\/p>\n<p style=\"text-align: justify\">En ese contexto de restricciones para nuevos embalses, es esencial que la regi\u00f3n pueda\u00a0mantener, rehabilitar y modernizar su parque hidroel\u00e9ctrico\u00a0para complementar en los pr\u00f3ximos a\u00f1os el desarrollo de otras fuentes de energ\u00eda, como la e\u00f3lica y la solar.<\/p>\n<h2 style=\"text-align: justify\"><strong>Las centrales reversibles, una oportunidad para la regi\u00f3n<\/strong><\/h2>\n<p style=\"text-align: justify\">Tambi\u00e9n como complemento a las fuentes variables,\u00a0el almacenamiento por bombeo\u00a0(conocido tambi\u00e9n como centrales reversibles) contin\u00faa siendo la forma m\u00e1s difundida de almacenamiento de energ\u00eda el\u00e9ctrica a nivel mundial, 94% de la capacidad de almacenamiento el\u00e9ctrico en el mundo son centrales reversibles.<\/p>\n<p style=\"text-align: justify\">Esta es una tecnolog\u00eda antigua y conocida, que ha ganado un nuevo inter\u00e9s debido al crecimiento de las renovables variables. Varios pa\u00edses,\u00a0como Australia, est\u00e1n invirtiendo billones de d\u00f3lares en centrales reversibles para complementar el crecimiento de la energ\u00eda e\u00f3lica y solar. Parad\u00f3jicamente, esta es una tecnolog\u00eda pr\u00e1cticamente no explotada en Latinoam\u00e9rica, la regi\u00f3n m\u00e1s hidroel\u00e9ctrica del planeta.<\/p>\n<p style=\"text-align: justify\">A pesar de que en el mundo solo en el a\u00f1o pasado se instalaron 1,9 GW de centrales reversibles, llevando el total a nivel mundial a 160,3 GW, en Latinoam\u00e9rica existen solo 1 GW en total instalados hace ya varias d\u00e9cadas y en otro contexto tecnol\u00f3gico. Claramente, una oportunidad, y una tarea pendiente en nuestra regi\u00f3n.<\/p>\n<h2 style=\"text-align: justify\"><strong>Los sistemas deben ser planificados integralmente<\/strong><\/h2>\n<p style=\"text-align: justify\">Es evidente que las hidroel\u00e9ctricas son proyectos complejos, a diferencia de otras renovables. Son \u201cmega-obras\u201d que no est\u00e1n exentas de controversia, tanto por sus costos y cronogramas (pues muchas veces son mal dimensionadas, o artificialmente optimistas), como por sus impactos, y la forma en que estos son identificados, mitigados y compensados (que no siempre fue la correcta).<\/p>\n<p style=\"text-align: justify\">Por ello, e ineludiblemente, cada proyecto hidroel\u00e9ctrico debe partir de una planificaci\u00f3n integral (de todo el sistema), seria, ordenada, y que involucre a la sociedad desde las etapas m\u00e1s tempranas. Asimismo, el proceso de dise\u00f1o y construcci\u00f3n debe cumplir los m\u00e1s altos est\u00e1ndares t\u00e9cnicos, ambientales y sociales. En las palabras de Richard Taylor, presidente de la IHA: \u201c\u2026ya no existen escondites para malas pr\u00e1cticas o proyectos hidroel\u00e9ctricos que sean una p\u00e9rdida para la sociedad o el planeta.\u201d<\/p>\n<p style=\"text-align: justify\">Fuente: BID<\/p>\n","protected":false},"excerpt":{"rendered":"<p>REDACCI\u00d3N NOTI-AM\u00c9RICA (ECUADOR) Por\u00a0Arturo D. Alarc\u00f3n La hidroelectricidad es actualmente la fuente m\u00e1s importante en la matriz el\u00e9ctrica latinoamericana, y las tendencias apuntan a que continuar\u00e1 si\u00e9ndolo en las pr\u00f3ximas d\u00e9cadas. Sin embargo, el&#46;&#46;&#46;<\/p>\n","protected":false},"author":17,"featured_media":4646,"comment_status":"open","ping_status":"open","sticky":false,"template":"","format":"standard","meta":{"_acf_changed":false,"om_disable_all_campaigns":false,"rop_custom_images_group":[],"rop_custom_messages_group":[],"rop_publish_now":"initial","rop_publish_now_accounts":{"twitter_242054905_242054905":""},"rop_publish_now_history":[],"rop_publish_now_status":"pending","_uf_show_specific_survey":0,"_uf_disable_surveys":false,"footnotes":""},"categories":[79],"tags":[],"class_list":["post-4645","post","type-post","status-publish","format-standard","has-post-thumbnail","hentry","category-ambiental"],"acf":[],"aioseo_notices":[],"yoast_head":"<!-- This site is optimized with the Yoast SEO Premium plugin v24.9 (Yoast SEO v27.2) - https:\/\/yoast.com\/product\/yoast-seo-premium-wordpress\/ -->\n<title>Las hidroel\u00e9ctricas en Latinoam\u00e9rica, \u00bfd\u00f3nde estamos? y \u00bfhacia d\u00f3nde vamos? - Ecuador | Noti-America.com<\/title>\n<meta name=\"robots\" content=\"index, follow, max-snippet:-1, max-image-preview:large, max-video-preview:-1\" \/>\n<link rel=\"canonical\" href=\"https:\/\/noti-america.com\/site\/ecuador\/2019\/07\/17\/las-hidroelectricas-en-latinoamerica-donde-estamos-y-hacia-donde-vamos\/\" \/>\n<meta property=\"og:locale\" content=\"es_ES\" \/>\n<meta property=\"og:type\" content=\"article\" \/>\n<meta property=\"og:title\" content=\"Las hidroel\u00e9ctricas en Latinoam\u00e9rica, \u00bfd\u00f3nde estamos? y \u00bfhacia d\u00f3nde vamos?\" \/>\n<meta property=\"og:description\" content=\"REDACCI\u00d3N NOTI-AM\u00c9RICA (ECUADOR) Por\u00a0Arturo D. Alarc\u00f3n La hidroelectricidad es actualmente la fuente m\u00e1s importante en la matriz el\u00e9ctrica latinoamericana, y las tendencias apuntan a que continuar\u00e1 si\u00e9ndolo en las pr\u00f3ximas d\u00e9cadas. Sin embargo, el&#046;&#046;&#046;\" \/>\n<meta property=\"og:url\" content=\"https:\/\/noti-america.com\/site\/ecuador\/2019\/07\/17\/las-hidroelectricas-en-latinoamerica-donde-estamos-y-hacia-donde-vamos\/\" \/>\n<meta property=\"og:site_name\" content=\"Ecuador | Noti-America.com\" \/>\n<meta property=\"article:published_time\" content=\"2019-07-17T02:09:34+00:00\" \/>\n<meta property=\"og:image\" content=\"https:\/\/noti-america.com\/site\/ecuador\/wp-content\/uploads\/sites\/18\/2019\/07\/capacidad-hidroelectrica-infografia.jpg\" \/>\n\t<meta property=\"og:image:width\" content=\"1187\" \/>\n\t<meta property=\"og:image:height\" content=\"1011\" \/>\n\t<meta property=\"og:image:type\" content=\"image\/jpeg\" \/>\n<meta name=\"author\" content=\"Gregory Quintana Montiel\" \/>\n<meta name=\"twitter:card\" content=\"summary_large_image\" \/>\n<meta name=\"twitter:creator\" content=\"@gdgregori1\" \/>\n<meta name=\"twitter:site\" content=\"@notiamerica\" \/>\n<meta name=\"twitter:label1\" content=\"Escrito por\" \/>\n\t<meta name=\"twitter:data1\" content=\"Gregory Quintana Montiel\" \/>\n\t<meta name=\"twitter:label2\" content=\"Tiempo estimado de lectura\" \/>\n\t<meta name=\"twitter:data2\" content=\"5 minutos\" \/>\n<script type=\"application\/ld+json\" class=\"yoast-schema-graph\">{\"@context\":\"https:\/\/schema.org\",\"@graph\":[{\"@type\":\"Article\",\"@id\":\"https:\/\/noti-america.com\/site\/ecuador\/2019\/07\/17\/las-hidroelectricas-en-latinoamerica-donde-estamos-y-hacia-donde-vamos\/#article\",\"isPartOf\":{\"@id\":\"https:\/\/noti-america.com\/site\/ecuador\/2019\/07\/17\/las-hidroelectricas-en-latinoamerica-donde-estamos-y-hacia-donde-vamos\/\"},\"author\":{\"name\":\"Gregory Quintana Montiel\",\"@id\":\"https:\/\/noti-america.com\/site\/ecuador\/#\/schema\/person\/3b975e42f15abfe64bfe3abdd916efda\"},\"headline\":\"Las hidroel\u00e9ctricas en Latinoam\u00e9rica, \u00bfd\u00f3nde estamos? y \u00bfhacia d\u00f3nde vamos?\",\"datePublished\":\"2019-07-17T02:09:34+00:00\",\"mainEntityOfPage\":{\"@id\":\"https:\/\/noti-america.com\/site\/ecuador\/2019\/07\/17\/las-hidroelectricas-en-latinoamerica-donde-estamos-y-hacia-donde-vamos\/\"},\"wordCount\":1086,\"commentCount\":0,\"publisher\":{\"@id\":\"https:\/\/noti-america.com\/site\/ecuador\/#organization\"},\"image\":{\"@id\":\"https:\/\/noti-america.com\/site\/ecuador\/2019\/07\/17\/las-hidroelectricas-en-latinoamerica-donde-estamos-y-hacia-donde-vamos\/#primaryimage\"},\"thumbnailUrl\":\"https:\/\/noti-america.com\/site\/ecuador\/wp-content\/uploads\/sites\/18\/2019\/07\/capacidad-hidroelectrica-infografia.jpg\",\"articleSection\":[\"Ambiental\"],\"inLanguage\":\"es\",\"potentialAction\":[{\"@type\":\"CommentAction\",\"name\":\"Comment\",\"target\":[\"https:\/\/noti-america.com\/site\/ecuador\/2019\/07\/17\/las-hidroelectricas-en-latinoamerica-donde-estamos-y-hacia-donde-vamos\/#respond\"]}]},{\"@type\":\"WebPage\",\"@id\":\"https:\/\/noti-america.com\/site\/ecuador\/2019\/07\/17\/las-hidroelectricas-en-latinoamerica-donde-estamos-y-hacia-donde-vamos\/\",\"url\":\"https:\/\/noti-america.com\/site\/ecuador\/2019\/07\/17\/las-hidroelectricas-en-latinoamerica-donde-estamos-y-hacia-donde-vamos\/\",\"name\":\"Las hidroel\u00e9ctricas en Latinoam\u00e9rica, \u00bfd\u00f3nde estamos? y \u00bfhacia d\u00f3nde vamos? - Ecuador | Noti-America.com\",\"isPartOf\":{\"@id\":\"https:\/\/noti-america.com\/site\/ecuador\/#website\"},\"primaryImageOfPage\":{\"@id\":\"https:\/\/noti-america.com\/site\/ecuador\/2019\/07\/17\/las-hidroelectricas-en-latinoamerica-donde-estamos-y-hacia-donde-vamos\/#primaryimage\"},\"image\":{\"@id\":\"https:\/\/noti-america.com\/site\/ecuador\/2019\/07\/17\/las-hidroelectricas-en-latinoamerica-donde-estamos-y-hacia-donde-vamos\/#primaryimage\"},\"thumbnailUrl\":\"https:\/\/noti-america.com\/site\/ecuador\/wp-content\/uploads\/sites\/18\/2019\/07\/capacidad-hidroelectrica-infografia.jpg\",\"datePublished\":\"2019-07-17T02:09:34+00:00\",\"breadcrumb\":{\"@id\":\"https:\/\/noti-america.com\/site\/ecuador\/2019\/07\/17\/las-hidroelectricas-en-latinoamerica-donde-estamos-y-hacia-donde-vamos\/#breadcrumb\"},\"inLanguage\":\"es\",\"potentialAction\":[{\"@type\":\"ReadAction\",\"target\":[\"https:\/\/noti-america.com\/site\/ecuador\/2019\/07\/17\/las-hidroelectricas-en-latinoamerica-donde-estamos-y-hacia-donde-vamos\/\"]}]},{\"@type\":\"ImageObject\",\"inLanguage\":\"es\",\"@id\":\"https:\/\/noti-america.com\/site\/ecuador\/2019\/07\/17\/las-hidroelectricas-en-latinoamerica-donde-estamos-y-hacia-donde-vamos\/#primaryimage\",\"url\":\"https:\/\/noti-america.com\/site\/ecuador\/wp-content\/uploads\/sites\/18\/2019\/07\/capacidad-hidroelectrica-infografia.jpg\",\"contentUrl\":\"https:\/\/noti-america.com\/site\/ecuador\/wp-content\/uploads\/sites\/18\/2019\/07\/capacidad-hidroelectrica-infografia.jpg\",\"width\":1187,\"height\":1011},{\"@type\":\"BreadcrumbList\",\"@id\":\"https:\/\/noti-america.com\/site\/ecuador\/2019\/07\/17\/las-hidroelectricas-en-latinoamerica-donde-estamos-y-hacia-donde-vamos\/#breadcrumb\",\"itemListElement\":[{\"@type\":\"ListItem\",\"position\":1,\"name\":\"Portada\",\"item\":\"https:\/\/noti-america.com\/site\/ecuador\/\"},{\"@type\":\"ListItem\",\"position\":2,\"name\":\"Las hidroel\u00e9ctricas en Latinoam\u00e9rica, \u00bfd\u00f3nde estamos? y \u00bfhacia d\u00f3nde vamos?\"}]},{\"@type\":\"WebSite\",\"@id\":\"https:\/\/noti-america.com\/site\/ecuador\/#website\",\"url\":\"https:\/\/noti-america.com\/site\/ecuador\/\",\"name\":\"Ecuador | Noti-America.com\",\"description\":\"\",\"publisher\":{\"@id\":\"https:\/\/noti-america.com\/site\/ecuador\/#organization\"},\"potentialAction\":[{\"@type\":\"SearchAction\",\"target\":{\"@type\":\"EntryPoint\",\"urlTemplate\":\"https:\/\/noti-america.com\/site\/ecuador\/?s={search_term_string}\"},\"query-input\":{\"@type\":\"PropertyValueSpecification\",\"valueRequired\":true,\"valueName\":\"search_term_string\"}}],\"inLanguage\":\"es\"},{\"@type\":\"Organization\",\"@id\":\"https:\/\/noti-america.com\/site\/ecuador\/#organization\",\"name\":\"Noti-America LLC | Ecuador\",\"url\":\"https:\/\/noti-america.com\/site\/ecuador\/\",\"logo\":{\"@type\":\"ImageObject\",\"inLanguage\":\"es\",\"@id\":\"https:\/\/noti-america.com\/site\/ecuador\/#\/schema\/logo\/image\/\",\"url\":\"https:\/\/noti-america.com\/site\/ecuador\/wp-content\/uploads\/sites\/18\/2020\/07\/LogoNA-4x3-1.jpg\",\"contentUrl\":\"https:\/\/noti-america.com\/site\/ecuador\/wp-content\/uploads\/sites\/18\/2020\/07\/LogoNA-4x3-1.jpg\",\"width\":1236,\"height\":1080,\"caption\":\"Noti-America LLC | Ecuador\"},\"image\":{\"@id\":\"https:\/\/noti-america.com\/site\/ecuador\/#\/schema\/logo\/image\/\"},\"sameAs\":[\"https:\/\/x.com\/notiamerica\"]},{\"@type\":\"Person\",\"@id\":\"https:\/\/noti-america.com\/site\/ecuador\/#\/schema\/person\/3b975e42f15abfe64bfe3abdd916efda\",\"name\":\"Gregory Quintana Montiel\",\"image\":{\"@type\":\"ImageObject\",\"inLanguage\":\"es\",\"@id\":\"https:\/\/secure.gravatar.com\/avatar\/2d6b802f7720c2ec7744dcbe608cc2f3417aeb964d58b443c6d612b77531de1d?s=96&d=mm&r=g\",\"url\":\"https:\/\/secure.gravatar.com\/avatar\/2d6b802f7720c2ec7744dcbe608cc2f3417aeb964d58b443c6d612b77531de1d?s=96&d=mm&r=g\",\"contentUrl\":\"https:\/\/secure.gravatar.com\/avatar\/2d6b802f7720c2ec7744dcbe608cc2f3417aeb964d58b443c6d612b77531de1d?s=96&d=mm&r=g\",\"caption\":\"Gregory Quintana Montiel\"},\"description\":\"Licenciatura en Ciencias de la Comunicaci\u00f3n Social, egresado en la Especializaci\u00f3n Derecho Ambiental Desarrollo Sostenible y Sustentable, Miembro de la Comunidad de profesionales y experto para Latinoam\u00e9rica y el Caribe en Gesti\u00f3n por Resultado en el Desarrollo (COPLAC - GpRD) del Banco Interamericano de Desarrollo, experiencia en medios radiales y escritos.\",\"sameAs\":[\"https:\/\/x.com\/gdgregori1\",\"gquintana\"],\"url\":\"https:\/\/noti-america.com\/site\/ecuador\/author\/gquintana\/\"}]}<\/script>\n<!-- \/ Yoast SEO Premium plugin. -->","yoast_head_json":{"title":"Las hidroel\u00e9ctricas en Latinoam\u00e9rica, \u00bfd\u00f3nde estamos? y \u00bfhacia d\u00f3nde vamos? - Ecuador | Noti-America.com","robots":{"index":"index","follow":"follow","max-snippet":"max-snippet:-1","max-image-preview":"max-image-preview:large","max-video-preview":"max-video-preview:-1"},"canonical":"https:\/\/noti-america.com\/site\/ecuador\/2019\/07\/17\/las-hidroelectricas-en-latinoamerica-donde-estamos-y-hacia-donde-vamos\/","og_locale":"es_ES","og_type":"article","og_title":"Las hidroel\u00e9ctricas en Latinoam\u00e9rica, \u00bfd\u00f3nde estamos? y \u00bfhacia d\u00f3nde vamos?","og_description":"REDACCI\u00d3N NOTI-AM\u00c9RICA (ECUADOR) Por\u00a0Arturo D. Alarc\u00f3n La hidroelectricidad es actualmente la fuente m\u00e1s importante en la matriz el\u00e9ctrica latinoamericana, y las tendencias apuntan a que continuar\u00e1 si\u00e9ndolo en las pr\u00f3ximas d\u00e9cadas. Sin embargo, el&#46;&#46;&#46;","og_url":"https:\/\/noti-america.com\/site\/ecuador\/2019\/07\/17\/las-hidroelectricas-en-latinoamerica-donde-estamos-y-hacia-donde-vamos\/","og_site_name":"Ecuador | Noti-America.com","article_published_time":"2019-07-17T02:09:34+00:00","og_image":[{"width":1187,"height":1011,"url":"https:\/\/noti-america.com\/site\/ecuador\/wp-content\/uploads\/sites\/18\/2019\/07\/capacidad-hidroelectrica-infografia.jpg","type":"image\/jpeg"}],"author":"Gregory Quintana Montiel","twitter_card":"summary_large_image","twitter_creator":"@gdgregori1","twitter_site":"@notiamerica","twitter_misc":{"Escrito por":"Gregory Quintana Montiel","Tiempo estimado de lectura":"5 minutos"},"schema":{"@context":"https:\/\/schema.org","@graph":[{"@type":"Article","@id":"https:\/\/noti-america.com\/site\/ecuador\/2019\/07\/17\/las-hidroelectricas-en-latinoamerica-donde-estamos-y-hacia-donde-vamos\/#article","isPartOf":{"@id":"https:\/\/noti-america.com\/site\/ecuador\/2019\/07\/17\/las-hidroelectricas-en-latinoamerica-donde-estamos-y-hacia-donde-vamos\/"},"author":{"name":"Gregory Quintana Montiel","@id":"https:\/\/noti-america.com\/site\/ecuador\/#\/schema\/person\/3b975e42f15abfe64bfe3abdd916efda"},"headline":"Las hidroel\u00e9ctricas en Latinoam\u00e9rica, \u00bfd\u00f3nde estamos? y \u00bfhacia d\u00f3nde vamos?","datePublished":"2019-07-17T02:09:34+00:00","mainEntityOfPage":{"@id":"https:\/\/noti-america.com\/site\/ecuador\/2019\/07\/17\/las-hidroelectricas-en-latinoamerica-donde-estamos-y-hacia-donde-vamos\/"},"wordCount":1086,"commentCount":0,"publisher":{"@id":"https:\/\/noti-america.com\/site\/ecuador\/#organization"},"image":{"@id":"https:\/\/noti-america.com\/site\/ecuador\/2019\/07\/17\/las-hidroelectricas-en-latinoamerica-donde-estamos-y-hacia-donde-vamos\/#primaryimage"},"thumbnailUrl":"https:\/\/noti-america.com\/site\/ecuador\/wp-content\/uploads\/sites\/18\/2019\/07\/capacidad-hidroelectrica-infografia.jpg","articleSection":["Ambiental"],"inLanguage":"es","potentialAction":[{"@type":"CommentAction","name":"Comment","target":["https:\/\/noti-america.com\/site\/ecuador\/2019\/07\/17\/las-hidroelectricas-en-latinoamerica-donde-estamos-y-hacia-donde-vamos\/#respond"]}]},{"@type":"WebPage","@id":"https:\/\/noti-america.com\/site\/ecuador\/2019\/07\/17\/las-hidroelectricas-en-latinoamerica-donde-estamos-y-hacia-donde-vamos\/","url":"https:\/\/noti-america.com\/site\/ecuador\/2019\/07\/17\/las-hidroelectricas-en-latinoamerica-donde-estamos-y-hacia-donde-vamos\/","name":"Las hidroel\u00e9ctricas en Latinoam\u00e9rica, \u00bfd\u00f3nde estamos? y \u00bfhacia d\u00f3nde vamos? - Ecuador | Noti-America.com","isPartOf":{"@id":"https:\/\/noti-america.com\/site\/ecuador\/#website"},"primaryImageOfPage":{"@id":"https:\/\/noti-america.com\/site\/ecuador\/2019\/07\/17\/las-hidroelectricas-en-latinoamerica-donde-estamos-y-hacia-donde-vamos\/#primaryimage"},"image":{"@id":"https:\/\/noti-america.com\/site\/ecuador\/2019\/07\/17\/las-hidroelectricas-en-latinoamerica-donde-estamos-y-hacia-donde-vamos\/#primaryimage"},"thumbnailUrl":"https:\/\/noti-america.com\/site\/ecuador\/wp-content\/uploads\/sites\/18\/2019\/07\/capacidad-hidroelectrica-infografia.jpg","datePublished":"2019-07-17T02:09:34+00:00","breadcrumb":{"@id":"https:\/\/noti-america.com\/site\/ecuador\/2019\/07\/17\/las-hidroelectricas-en-latinoamerica-donde-estamos-y-hacia-donde-vamos\/#breadcrumb"},"inLanguage":"es","potentialAction":[{"@type":"ReadAction","target":["https:\/\/noti-america.com\/site\/ecuador\/2019\/07\/17\/las-hidroelectricas-en-latinoamerica-donde-estamos-y-hacia-donde-vamos\/"]}]},{"@type":"ImageObject","inLanguage":"es","@id":"https:\/\/noti-america.com\/site\/ecuador\/2019\/07\/17\/las-hidroelectricas-en-latinoamerica-donde-estamos-y-hacia-donde-vamos\/#primaryimage","url":"https:\/\/noti-america.com\/site\/ecuador\/wp-content\/uploads\/sites\/18\/2019\/07\/capacidad-hidroelectrica-infografia.jpg","contentUrl":"https:\/\/noti-america.com\/site\/ecuador\/wp-content\/uploads\/sites\/18\/2019\/07\/capacidad-hidroelectrica-infografia.jpg","width":1187,"height":1011},{"@type":"BreadcrumbList","@id":"https:\/\/noti-america.com\/site\/ecuador\/2019\/07\/17\/las-hidroelectricas-en-latinoamerica-donde-estamos-y-hacia-donde-vamos\/#breadcrumb","itemListElement":[{"@type":"ListItem","position":1,"name":"Portada","item":"https:\/\/noti-america.com\/site\/ecuador\/"},{"@type":"ListItem","position":2,"name":"Las hidroel\u00e9ctricas en Latinoam\u00e9rica, \u00bfd\u00f3nde estamos? y \u00bfhacia d\u00f3nde vamos?"}]},{"@type":"WebSite","@id":"https:\/\/noti-america.com\/site\/ecuador\/#website","url":"https:\/\/noti-america.com\/site\/ecuador\/","name":"Ecuador | Noti-America.com","description":"","publisher":{"@id":"https:\/\/noti-america.com\/site\/ecuador\/#organization"},"potentialAction":[{"@type":"SearchAction","target":{"@type":"EntryPoint","urlTemplate":"https:\/\/noti-america.com\/site\/ecuador\/?s={search_term_string}"},"query-input":{"@type":"PropertyValueSpecification","valueRequired":true,"valueName":"search_term_string"}}],"inLanguage":"es"},{"@type":"Organization","@id":"https:\/\/noti-america.com\/site\/ecuador\/#organization","name":"Noti-America LLC | Ecuador","url":"https:\/\/noti-america.com\/site\/ecuador\/","logo":{"@type":"ImageObject","inLanguage":"es","@id":"https:\/\/noti-america.com\/site\/ecuador\/#\/schema\/logo\/image\/","url":"https:\/\/noti-america.com\/site\/ecuador\/wp-content\/uploads\/sites\/18\/2020\/07\/LogoNA-4x3-1.jpg","contentUrl":"https:\/\/noti-america.com\/site\/ecuador\/wp-content\/uploads\/sites\/18\/2020\/07\/LogoNA-4x3-1.jpg","width":1236,"height":1080,"caption":"Noti-America LLC | Ecuador"},"image":{"@id":"https:\/\/noti-america.com\/site\/ecuador\/#\/schema\/logo\/image\/"},"sameAs":["https:\/\/x.com\/notiamerica"]},{"@type":"Person","@id":"https:\/\/noti-america.com\/site\/ecuador\/#\/schema\/person\/3b975e42f15abfe64bfe3abdd916efda","name":"Gregory Quintana Montiel","image":{"@type":"ImageObject","inLanguage":"es","@id":"https:\/\/secure.gravatar.com\/avatar\/2d6b802f7720c2ec7744dcbe608cc2f3417aeb964d58b443c6d612b77531de1d?s=96&d=mm&r=g","url":"https:\/\/secure.gravatar.com\/avatar\/2d6b802f7720c2ec7744dcbe608cc2f3417aeb964d58b443c6d612b77531de1d?s=96&d=mm&r=g","contentUrl":"https:\/\/secure.gravatar.com\/avatar\/2d6b802f7720c2ec7744dcbe608cc2f3417aeb964d58b443c6d612b77531de1d?s=96&d=mm&r=g","caption":"Gregory Quintana Montiel"},"description":"Licenciatura en Ciencias de la Comunicaci\u00f3n Social, egresado en la Especializaci\u00f3n Derecho Ambiental Desarrollo Sostenible y Sustentable, Miembro de la Comunidad de profesionales y experto para Latinoam\u00e9rica y el Caribe en Gesti\u00f3n por Resultado en el Desarrollo (COPLAC - GpRD) del Banco Interamericano de Desarrollo, experiencia en medios radiales y escritos.","sameAs":["https:\/\/x.com\/gdgregori1","gquintana"],"url":"https:\/\/noti-america.com\/site\/ecuador\/author\/gquintana\/"}]}},"_links":{"self":[{"href":"https:\/\/noti-america.com\/site\/ecuador\/wp-json\/wp\/v2\/posts\/4645","targetHints":{"allow":["GET"]}}],"collection":[{"href":"https:\/\/noti-america.com\/site\/ecuador\/wp-json\/wp\/v2\/posts"}],"about":[{"href":"https:\/\/noti-america.com\/site\/ecuador\/wp-json\/wp\/v2\/types\/post"}],"author":[{"embeddable":true,"href":"https:\/\/noti-america.com\/site\/ecuador\/wp-json\/wp\/v2\/users\/17"}],"replies":[{"embeddable":true,"href":"https:\/\/noti-america.com\/site\/ecuador\/wp-json\/wp\/v2\/comments?post=4645"}],"version-history":[{"count":1,"href":"https:\/\/noti-america.com\/site\/ecuador\/wp-json\/wp\/v2\/posts\/4645\/revisions"}],"predecessor-version":[{"id":4647,"href":"https:\/\/noti-america.com\/site\/ecuador\/wp-json\/wp\/v2\/posts\/4645\/revisions\/4647"}],"wp:featuredmedia":[{"embeddable":true,"href":"https:\/\/noti-america.com\/site\/ecuador\/wp-json\/wp\/v2\/media\/4646"}],"wp:attachment":[{"href":"https:\/\/noti-america.com\/site\/ecuador\/wp-json\/wp\/v2\/media?parent=4645"}],"wp:term":[{"taxonomy":"category","embeddable":true,"href":"https:\/\/noti-america.com\/site\/ecuador\/wp-json\/wp\/v2\/categories?post=4645"},{"taxonomy":"post_tag","embeddable":true,"href":"https:\/\/noti-america.com\/site\/ecuador\/wp-json\/wp\/v2\/tags?post=4645"}],"curies":[{"name":"wp","href":"https:\/\/api.w.org\/{rel}","templated":true}]}}