{"id":4600,"date":"2019-07-16T02:22:28","date_gmt":"2019-07-16T02:22:28","guid":{"rendered":"http:\/\/noti-america.com\/site\/ecuador\/?p=4600"},"modified":"2019-07-16T02:22:28","modified_gmt":"2019-07-16T02:22:28","slug":"encuentro-historico-de-autoridades-nacional-para-reanudar-el-plan-mas-seguridad-del-puerto-principal","status":"publish","type":"post","link":"https:\/\/noti-america.com\/site\/ecuador\/2019\/07\/16\/encuentro-historico-de-autoridades-nacional-para-reanudar-el-plan-mas-seguridad-del-puerto-principal\/","title":{"rendered":"Encuentro hist\u00f3rico de autoridades nacional para reanudar el Plan M\u00e1s Seguridad del puerto principal"},"content":{"rendered":"<p>REDACCI\u00d3N NOTI-AM\u00c9RICA (ECUADOR)<\/p>\n<p style=\"text-align: justify\">Con el objetivo de encaminar el Plan M\u00e1s Seguridad para Guayaquil, liderado por la alcaldesa de este cabildo Cynthia Viteri, se dieron cita Diana Salazar, fiscal General del Estado y las principales autoridades de la Polic\u00eda Nacional, de la Corte Nacional de Justicia, de la Gobernaci\u00f3n, de los ministerios del Interior y de Defensa, entre otras,\u00a0 lo que es m\u00e1s, coordinar acciones con personeros e instituciones del \u00e1rea de seguridad para establecer alianzas contra el crimen organizado y los delitos comunes que enfrenta el Puerto Principal.<\/p>\n<p style=\"text-align: justify\">En este encuentro hist\u00f3rico, que se desarroll\u00f3 la ma\u00f1ana del lunes 15 de julio, en la Sala Situacional de la Corporaci\u00f3n para la Seguridad Ciudadana (CSCG), ubicada en la avenida Juan Tanca Marengo (Cdla. Martha de Rold\u00f3s), la alcaldesa de Guayaquil, Cynthia Viteri, lider\u00f3 la reuni\u00f3n donde asistieron las autoridades nacionales para en una primera reuni\u00f3n definir los par\u00e1metros de cada una de las instituciones que participar\u00e1 y actuar\u00e1 en el marco de sus competencias a fin de reanudar el Plan M\u00e1s Seguridad, despu\u00e9s de 11 a\u00f1os que dej\u00f3 de funcionar.<\/p>\n<p class=\"p1\" style=\"text-align: justify\"><span class=\"s1\">As\u00ed, el di\u00e1logo de alto nivel cont\u00f3 con la participaci\u00f3n de la fiscal general del Estado, Diana Salazar; el presidente de la Asamblea Nacional, C\u00e9sar Litardo; la presidenta de la Corte Nacional de Justicia, Paulina Aguirre; el comandante de Operaciones Navales y jefe de Primera Zona de la Armada Nacional, Am\u00edlcar Villavicencio; el director nacional del ECU 911, Juan Zapata; y el asamble\u00edsta Vicente Taiano.<\/span><\/p>\n<p class=\"p1\" style=\"text-align: justify\"><span class=\"s1\">Adem\u00e1s, la fiscal provincial de Guayas, Yanina Villag\u00f3mez; el gobernador del Guayas, Ra\u00fal Ledesma; el presidente y director ejecutivo de la CSCG, Gustavo Z\u00fa\u00f1iga y Roberto Ricaurte, respectivamente; el presidente de la C\u00e1mara de Comercio, Pablo Arosemena; el presidente de AER-Guayas, Washington Delgado; representantes de la ATM, entre otros responsables de tareas de control en la ciudad. A la reuni\u00f3n se sum\u00f3 la directora general de personal de la Polic\u00eda Nacional, Tannya Varela, y, posteriormente la ministra de Gobierno, Mar\u00eda Paula Romo.<\/span><span class=\"s2\"><span class=\"Apple-converted-space\">\u00a0<\/span><\/span><\/p>\n<p class=\"p1\" style=\"text-align: justify\"><span class=\"s1\">De esta forma, se comenzaron articular las acciones que se emprender\u00e1n con todas las instituciones que tienen bajo su responsabilidad la seguridad ciudadana, que es una preocupaci\u00f3n a nivel nacional y, especialmente, en la urbe porte\u00f1a donde se fortalecer\u00e1 con la reanudaci\u00f3n del Plan M\u00e1s Seguridad.<\/span><\/p>\n<p class=\"p1\" style=\"text-align: justify\"><span class=\"s1\">Para ello, la Alcald\u00eda de Guayaquil, pese a que no tiene competencia en la seguridad ciudadana, aportar\u00e1 con tecnolog\u00eda de punta al servicio del ECU 911, de la Polic\u00eda Nacional, de la Gobernaci\u00f3n y del Ministerio de Gobierno para velar por los habitantes y se trabajar\u00e1 en un solo pu\u00f1o por la seguridad.<\/span><\/p>\n<p class=\"p1\" style=\"text-align: justify\"><span class=\"s1\">La reuni\u00f3n tuvo dos fases. En la primera, el presidente de la CSCG, Gustavo Z\u00fa\u00f1iga, desde el Centro de Llamadas, mostr\u00f3 c\u00f3mo opera el personal a trav\u00e9s de las 1.100 c\u00e1maras de vigilancia en la ciudad y el sistema de llamadas telef\u00f3nicas, donde se atienden los requerimientos y se derivan a las instituciones responsables mediante el despacho de incidentes, equipos EDAN en casos de situaciones adversas, botones de p\u00e1nico, GPS, sistema de comando de incidentes, l\u00ednea de atenci\u00f3n \u201cAmiga ya no est\u00e1s sola\u201d, Sala Situacional, entre otras herramientas, como m\u00e9dicos y psic\u00f3logos que articulan acciones conjuntas para velar por la seguridad de la ciudadan\u00eda.<\/span><\/p>\n<p class=\"p1\" style=\"text-align: justify\"><span class=\"s1\">Ah\u00ed, intervino la alcaldesa Viteri para en representaci\u00f3n de Guayaquil asignar 8 millones de d\u00f3lares en recursos y tecnolog\u00eda a fin de atender el clamor ciudadano que es la protecci\u00f3n de la vida y los bienes y para ello detall\u00f3 que se instalar\u00e1n c\u00e1maras en los exteriores de los planteles educativos con la finalidad de eliminar a los expendedores de drogas que tanto da\u00f1o hacen a la juventud y esos mismos equipos servir\u00e1n para que la Polic\u00eda ofrezca una respuesta inmediata a todos los guayaquile\u00f1os; c\u00e1maras videoanal\u00edticas de reconocimiento facial; botones de p\u00e1nico dentro del programa \u201cAmiga, ya no est\u00e1s sola\u201d y se adquirir\u00e1 una central de llamadas.<\/span><\/p>\n<p><img loading=\"lazy\" decoding=\"async\" class=\"aligncenter\" src=\"https:\/\/guayaquil.gob.ec\/PublishingImages\/NOTICIAS\/2019\/Julio\/15\/SEGURIDAD%202.jpg\" width=\"614\" height=\"409\" \/><\/p>\n<p class=\"p1\" style=\"text-align: justify\"><span class=\"s1\">Asimismo, la primera funcionaria municipal anunci\u00f3 que este convenio de cooperaci\u00f3n e integraci\u00f3n entre el Gobierno Local y el Gobierno Nacional se suscribir\u00e1 en la sesi\u00f3n solemne del jueves 25 de Julio, como celebraci\u00f3n de las fiestas julianas, y actuar\u00e1 el presidente de la Rep\u00fablica, Lenin Moreno, como testigo de honor de este memorable hecho.<\/span><\/p>\n<p class=\"p1\" style=\"text-align: justify\"><span class=\"s1\">En una segunda etapa. Despu\u00e9s de 40 minutos de reuni\u00f3n y cuando se desarrollaba una rueda de prensa para difundir los resultados, el anuncio de Viteri fue sostenido por la ministra de Gobierno, Mar\u00eda Paula Romo, quien tom\u00f3 la palabra para declarar que es decisi\u00f3n del Gobierno Nacional trabajar con el Gobierno Local -en este caso Municipalidad de Guayaquil- para aunar esfuerzos, voluntades y capacidades t\u00e9cnicas a fin de velar por la seguridad de los ciudadanos. Por ello, puso como ejemplo que la interconexi\u00f3n del ECU 911 con la CSCG duplicar\u00e1 los esfuerzos y la capacidad de respuesta de la Polic\u00eda Nacional y de otros actores que participan en este proceso y consciente de la cooperaci\u00f3n que actualmente existe se\u00f1al\u00f3 que \u201cojal\u00e1 se pueda hacer similar convenio con otras ciudades del pa\u00eds\u201d.<\/span><\/p>\n<p class=\"p1\" style=\"text-align: justify\"><span class=\"s1\">Cabe indicar que cada de uno de los actores de la reuni\u00f3n mantenida participaron en la rueda de prensa manifestando desde sus competencias el aporte que tendr\u00e1 el convenio y la facilidad se dar\u00e1 desde los \u00e1mbitos para articular acciones en bienestar ciudadano y con el objetivo de reducir los \u00edndices delictivos.<\/span><\/p>\n<p class=\"p1\" style=\"text-align: justify\"><span class=\"s1\">En el caso de la Asamblea Nacional, el presidente C\u00e9sar Litardo inform\u00f3 que en la agenda legislativa se tratar\u00e1n las reformas al C\u00f3digo Org\u00e1nico Integral Penal (COIP) para endurecer las penas; la fiscal Diana Salazar habl\u00f3 de tener suficientes elementos de convicci\u00f3n para mejorar el sistema de justicia con lo que coincidi\u00f3 la presidenta de la Corte Nacional de Justicia, Paulina Aguirre, quien se comprometi\u00f3 aplicar la ley de manera oportuna a trav\u00e9s de los operadores de justicia.<span class=\"Apple-converted-space\">\u00a0<\/span><\/span><\/p>\n<p class=\"p1\" style=\"text-align: justify\"><span class=\"s1\">Asimismo, el representante de las FF.AA., Am\u00edlcar Villavicencio, se comprometi\u00f3 a cumplir con lo que establece la Constituci\u00f3n de la Rep\u00fablica vigente que es la defensa de la soberan\u00eda nacional y la seguridad p\u00fablica y del Estado, con ello va de la mano el control de armas y explosivos.\u00a0<span class=\"Apple-converted-space\">\u00a0<\/span><\/span><\/p>\n<p class=\"p1\" style=\"text-align: justify\"><span class=\"s1\">Sobre el proceso de interconexi\u00f3n, el director del ECU 911, Juan Zapata, manifest\u00f3 que se cumplir\u00e1 la disposici\u00f3n del Gobierno Nacional y se est\u00e1n haciendo las pruebas para la interconexi\u00f3n del sistema de videovigilancia del 911 y CSCG y se espera que este mismo mes ya est\u00e9 listo y en funcionamiento. Al final, se anunci\u00f3 que habr\u00e1 reuniones con distintas mesas de trabajo para definir el convenio de cooperaci\u00f3n e integraci\u00f3n que se firmar\u00e1 el 25 de julio.<\/span><\/p>\n","protected":false},"excerpt":{"rendered":"<p>REDACCI\u00d3N NOTI-AM\u00c9RICA (ECUADOR) Con el objetivo de encaminar el Plan M\u00e1s Seguridad para Guayaquil, liderado por la alcaldesa de este cabildo Cynthia Viteri, se dieron cita Diana Salazar, fiscal General del Estado y las&#46;&#46;&#46;<\/p>\n","protected":false},"author":17,"featured_media":4601,"comment_status":"open","ping_status":"open","sticky":false,"template":"","format":"standard","meta":{"_acf_changed":false,"om_disable_all_campaigns":false,"rop_custom_images_group":[],"rop_custom_messages_group":[],"rop_publish_now":"initial","rop_publish_now_accounts":{"twitter_242054905_242054905":""},"rop_publish_now_history":[],"rop_publish_now_status":"pending","_uf_show_specific_survey":0,"_uf_disable_surveys":false,"footnotes":""},"categories":[109],"tags":[],"class_list":["post-4600","post","type-post","status-publish","format-standard","has-post-thumbnail","hentry","category-seguridad"],"acf":[],"aioseo_notices":[],"yoast_head":"<!-- This site is optimized with the Yoast SEO Premium plugin v24.9 (Yoast SEO v27.2) - https:\/\/yoast.com\/product\/yoast-seo-premium-wordpress\/ -->\n<title>Encuentro hist\u00f3rico de autoridades nacional para reanudar el Plan M\u00e1s Seguridad del puerto principal - Ecuador | Noti-America.com<\/title>\n<meta name=\"robots\" content=\"index, follow, max-snippet:-1, max-image-preview:large, max-video-preview:-1\" \/>\n<link rel=\"canonical\" href=\"https:\/\/noti-america.com\/site\/ecuador\/2019\/07\/16\/encuentro-historico-de-autoridades-nacional-para-reanudar-el-plan-mas-seguridad-del-puerto-principal\/\" \/>\n<meta property=\"og:locale\" content=\"es_ES\" \/>\n<meta property=\"og:type\" content=\"article\" \/>\n<meta property=\"og:title\" content=\"Encuentro hist\u00f3rico de autoridades nacional para reanudar el Plan M\u00e1s Seguridad del puerto principal\" \/>\n<meta property=\"og:description\" content=\"REDACCI\u00d3N NOTI-AM\u00c9RICA (ECUADOR) Con el objetivo de encaminar el Plan M\u00e1s Seguridad para Guayaquil, liderado por la alcaldesa de este cabildo Cynthia Viteri, se dieron cita Diana Salazar, fiscal General del Estado y las&#046;&#046;&#046;\" \/>\n<meta property=\"og:url\" content=\"https:\/\/noti-america.com\/site\/ecuador\/2019\/07\/16\/encuentro-historico-de-autoridades-nacional-para-reanudar-el-plan-mas-seguridad-del-puerto-principal\/\" \/>\n<meta property=\"og:site_name\" content=\"Ecuador | Noti-America.com\" \/>\n<meta property=\"article:published_time\" content=\"2019-07-16T02:22:28+00:00\" \/>\n<meta property=\"og:image\" content=\"https:\/\/noti-america.com\/site\/ecuador\/wp-content\/uploads\/sites\/18\/2019\/07\/Autoridades-reunidas-para-plan-de-seguridad-para-Guayaquil.jpg\" \/>\n\t<meta property=\"og:image:width\" content=\"420\" \/>\n\t<meta property=\"og:image:height\" content=\"279\" \/>\n\t<meta property=\"og:image:type\" content=\"image\/jpeg\" \/>\n<meta name=\"author\" content=\"Gregory Quintana Montiel\" \/>\n<meta name=\"twitter:card\" content=\"summary_large_image\" \/>\n<meta name=\"twitter:creator\" content=\"@gdgregori1\" \/>\n<meta name=\"twitter:site\" content=\"@notiamerica\" \/>\n<meta name=\"twitter:label1\" content=\"Escrito por\" \/>\n\t<meta name=\"twitter:data1\" content=\"Gregory Quintana Montiel\" \/>\n\t<meta name=\"twitter:label2\" content=\"Tiempo estimado de lectura\" \/>\n\t<meta name=\"twitter:data2\" content=\"6 minutos\" \/>\n<script type=\"application\/ld+json\" class=\"yoast-schema-graph\">{\"@context\":\"https:\/\/schema.org\",\"@graph\":[{\"@type\":\"Article\",\"@id\":\"https:\/\/noti-america.com\/site\/ecuador\/2019\/07\/16\/encuentro-historico-de-autoridades-nacional-para-reanudar-el-plan-mas-seguridad-del-puerto-principal\/#article\",\"isPartOf\":{\"@id\":\"https:\/\/noti-america.com\/site\/ecuador\/2019\/07\/16\/encuentro-historico-de-autoridades-nacional-para-reanudar-el-plan-mas-seguridad-del-puerto-principal\/\"},\"author\":{\"name\":\"Gregory Quintana Montiel\",\"@id\":\"https:\/\/noti-america.com\/site\/ecuador\/#\/schema\/person\/3b975e42f15abfe64bfe3abdd916efda\"},\"headline\":\"Encuentro hist\u00f3rico de autoridades nacional para reanudar el Plan M\u00e1s Seguridad del puerto principal\",\"datePublished\":\"2019-07-16T02:22:28+00:00\",\"mainEntityOfPage\":{\"@id\":\"https:\/\/noti-america.com\/site\/ecuador\/2019\/07\/16\/encuentro-historico-de-autoridades-nacional-para-reanudar-el-plan-mas-seguridad-del-puerto-principal\/\"},\"wordCount\":1186,\"commentCount\":0,\"publisher\":{\"@id\":\"https:\/\/noti-america.com\/site\/ecuador\/#organization\"},\"image\":{\"@id\":\"https:\/\/noti-america.com\/site\/ecuador\/2019\/07\/16\/encuentro-historico-de-autoridades-nacional-para-reanudar-el-plan-mas-seguridad-del-puerto-principal\/#primaryimage\"},\"thumbnailUrl\":\"https:\/\/noti-america.com\/site\/ecuador\/wp-content\/uploads\/sites\/18\/2019\/07\/Autoridades-reunidas-para-plan-de-seguridad-para-Guayaquil.jpg\",\"articleSection\":[\"Seguridad\"],\"inLanguage\":\"es\",\"potentialAction\":[{\"@type\":\"CommentAction\",\"name\":\"Comment\",\"target\":[\"https:\/\/noti-america.com\/site\/ecuador\/2019\/07\/16\/encuentro-historico-de-autoridades-nacional-para-reanudar-el-plan-mas-seguridad-del-puerto-principal\/#respond\"]}]},{\"@type\":\"WebPage\",\"@id\":\"https:\/\/noti-america.com\/site\/ecuador\/2019\/07\/16\/encuentro-historico-de-autoridades-nacional-para-reanudar-el-plan-mas-seguridad-del-puerto-principal\/\",\"url\":\"https:\/\/noti-america.com\/site\/ecuador\/2019\/07\/16\/encuentro-historico-de-autoridades-nacional-para-reanudar-el-plan-mas-seguridad-del-puerto-principal\/\",\"name\":\"Encuentro hist\u00f3rico de autoridades nacional para reanudar el Plan M\u00e1s Seguridad del puerto principal - Ecuador | Noti-America.com\",\"isPartOf\":{\"@id\":\"https:\/\/noti-america.com\/site\/ecuador\/#website\"},\"primaryImageOfPage\":{\"@id\":\"https:\/\/noti-america.com\/site\/ecuador\/2019\/07\/16\/encuentro-historico-de-autoridades-nacional-para-reanudar-el-plan-mas-seguridad-del-puerto-principal\/#primaryimage\"},\"image\":{\"@id\":\"https:\/\/noti-america.com\/site\/ecuador\/2019\/07\/16\/encuentro-historico-de-autoridades-nacional-para-reanudar-el-plan-mas-seguridad-del-puerto-principal\/#primaryimage\"},\"thumbnailUrl\":\"https:\/\/noti-america.com\/site\/ecuador\/wp-content\/uploads\/sites\/18\/2019\/07\/Autoridades-reunidas-para-plan-de-seguridad-para-Guayaquil.jpg\",\"datePublished\":\"2019-07-16T02:22:28+00:00\",\"breadcrumb\":{\"@id\":\"https:\/\/noti-america.com\/site\/ecuador\/2019\/07\/16\/encuentro-historico-de-autoridades-nacional-para-reanudar-el-plan-mas-seguridad-del-puerto-principal\/#breadcrumb\"},\"inLanguage\":\"es\",\"potentialAction\":[{\"@type\":\"ReadAction\",\"target\":[\"https:\/\/noti-america.com\/site\/ecuador\/2019\/07\/16\/encuentro-historico-de-autoridades-nacional-para-reanudar-el-plan-mas-seguridad-del-puerto-principal\/\"]}]},{\"@type\":\"ImageObject\",\"inLanguage\":\"es\",\"@id\":\"https:\/\/noti-america.com\/site\/ecuador\/2019\/07\/16\/encuentro-historico-de-autoridades-nacional-para-reanudar-el-plan-mas-seguridad-del-puerto-principal\/#primaryimage\",\"url\":\"https:\/\/noti-america.com\/site\/ecuador\/wp-content\/uploads\/sites\/18\/2019\/07\/Autoridades-reunidas-para-plan-de-seguridad-para-Guayaquil.jpg\",\"contentUrl\":\"https:\/\/noti-america.com\/site\/ecuador\/wp-content\/uploads\/sites\/18\/2019\/07\/Autoridades-reunidas-para-plan-de-seguridad-para-Guayaquil.jpg\",\"width\":420,\"height\":279,\"caption\":\"Autoridades se re\u00fanen para luchar por la seguridad en Guayaquil\"},{\"@type\":\"BreadcrumbList\",\"@id\":\"https:\/\/noti-america.com\/site\/ecuador\/2019\/07\/16\/encuentro-historico-de-autoridades-nacional-para-reanudar-el-plan-mas-seguridad-del-puerto-principal\/#breadcrumb\",\"itemListElement\":[{\"@type\":\"ListItem\",\"position\":1,\"name\":\"Portada\",\"item\":\"https:\/\/noti-america.com\/site\/ecuador\/\"},{\"@type\":\"ListItem\",\"position\":2,\"name\":\"Encuentro hist\u00f3rico de autoridades nacional para reanudar el Plan M\u00e1s Seguridad del puerto principal\"}]},{\"@type\":\"WebSite\",\"@id\":\"https:\/\/noti-america.com\/site\/ecuador\/#website\",\"url\":\"https:\/\/noti-america.com\/site\/ecuador\/\",\"name\":\"Ecuador | Noti-America.com\",\"description\":\"\",\"publisher\":{\"@id\":\"https:\/\/noti-america.com\/site\/ecuador\/#organization\"},\"potentialAction\":[{\"@type\":\"SearchAction\",\"target\":{\"@type\":\"EntryPoint\",\"urlTemplate\":\"https:\/\/noti-america.com\/site\/ecuador\/?s={search_term_string}\"},\"query-input\":{\"@type\":\"PropertyValueSpecification\",\"valueRequired\":true,\"valueName\":\"search_term_string\"}}],\"inLanguage\":\"es\"},{\"@type\":\"Organization\",\"@id\":\"https:\/\/noti-america.com\/site\/ecuador\/#organization\",\"name\":\"Noti-America LLC | Ecuador\",\"url\":\"https:\/\/noti-america.com\/site\/ecuador\/\",\"logo\":{\"@type\":\"ImageObject\",\"inLanguage\":\"es\",\"@id\":\"https:\/\/noti-america.com\/site\/ecuador\/#\/schema\/logo\/image\/\",\"url\":\"https:\/\/noti-america.com\/site\/ecuador\/wp-content\/uploads\/sites\/18\/2020\/07\/LogoNA-4x3-1.jpg\",\"contentUrl\":\"https:\/\/noti-america.com\/site\/ecuador\/wp-content\/uploads\/sites\/18\/2020\/07\/LogoNA-4x3-1.jpg\",\"width\":1236,\"height\":1080,\"caption\":\"Noti-America LLC | Ecuador\"},\"image\":{\"@id\":\"https:\/\/noti-america.com\/site\/ecuador\/#\/schema\/logo\/image\/\"},\"sameAs\":[\"https:\/\/x.com\/notiamerica\"]},{\"@type\":\"Person\",\"@id\":\"https:\/\/noti-america.com\/site\/ecuador\/#\/schema\/person\/3b975e42f15abfe64bfe3abdd916efda\",\"name\":\"Gregory Quintana Montiel\",\"image\":{\"@type\":\"ImageObject\",\"inLanguage\":\"es\",\"@id\":\"https:\/\/secure.gravatar.com\/avatar\/2d6b802f7720c2ec7744dcbe608cc2f3417aeb964d58b443c6d612b77531de1d?s=96&d=mm&r=g\",\"url\":\"https:\/\/secure.gravatar.com\/avatar\/2d6b802f7720c2ec7744dcbe608cc2f3417aeb964d58b443c6d612b77531de1d?s=96&d=mm&r=g\",\"contentUrl\":\"https:\/\/secure.gravatar.com\/avatar\/2d6b802f7720c2ec7744dcbe608cc2f3417aeb964d58b443c6d612b77531de1d?s=96&d=mm&r=g\",\"caption\":\"Gregory Quintana Montiel\"},\"description\":\"Licenciatura en Ciencias de la Comunicaci\u00f3n Social, egresado en la Especializaci\u00f3n Derecho Ambiental Desarrollo Sostenible y Sustentable, Miembro de la Comunidad de profesionales y experto para Latinoam\u00e9rica y el Caribe en Gesti\u00f3n por Resultado en el Desarrollo (COPLAC - GpRD) del Banco Interamericano de Desarrollo, experiencia en medios radiales y escritos.\",\"sameAs\":[\"https:\/\/x.com\/gdgregori1\",\"gquintana\"],\"url\":\"https:\/\/noti-america.com\/site\/ecuador\/author\/gquintana\/\"}]}<\/script>\n<!-- \/ Yoast SEO Premium plugin. -->","yoast_head_json":{"title":"Encuentro hist\u00f3rico de autoridades nacional para reanudar el Plan M\u00e1s Seguridad del puerto principal - Ecuador | Noti-America.com","robots":{"index":"index","follow":"follow","max-snippet":"max-snippet:-1","max-image-preview":"max-image-preview:large","max-video-preview":"max-video-preview:-1"},"canonical":"https:\/\/noti-america.com\/site\/ecuador\/2019\/07\/16\/encuentro-historico-de-autoridades-nacional-para-reanudar-el-plan-mas-seguridad-del-puerto-principal\/","og_locale":"es_ES","og_type":"article","og_title":"Encuentro hist\u00f3rico de autoridades nacional para reanudar el Plan M\u00e1s Seguridad del puerto principal","og_description":"REDACCI\u00d3N NOTI-AM\u00c9RICA (ECUADOR) Con el objetivo de encaminar el Plan M\u00e1s Seguridad para Guayaquil, liderado por la alcaldesa de este cabildo Cynthia Viteri, se dieron cita Diana Salazar, fiscal General del Estado y las&#46;&#46;&#46;","og_url":"https:\/\/noti-america.com\/site\/ecuador\/2019\/07\/16\/encuentro-historico-de-autoridades-nacional-para-reanudar-el-plan-mas-seguridad-del-puerto-principal\/","og_site_name":"Ecuador | Noti-America.com","article_published_time":"2019-07-16T02:22:28+00:00","og_image":[{"width":420,"height":279,"url":"https:\/\/noti-america.com\/site\/ecuador\/wp-content\/uploads\/sites\/18\/2019\/07\/Autoridades-reunidas-para-plan-de-seguridad-para-Guayaquil.jpg","type":"image\/jpeg"}],"author":"Gregory Quintana Montiel","twitter_card":"summary_large_image","twitter_creator":"@gdgregori1","twitter_site":"@notiamerica","twitter_misc":{"Escrito por":"Gregory Quintana Montiel","Tiempo estimado de lectura":"6 minutos"},"schema":{"@context":"https:\/\/schema.org","@graph":[{"@type":"Article","@id":"https:\/\/noti-america.com\/site\/ecuador\/2019\/07\/16\/encuentro-historico-de-autoridades-nacional-para-reanudar-el-plan-mas-seguridad-del-puerto-principal\/#article","isPartOf":{"@id":"https:\/\/noti-america.com\/site\/ecuador\/2019\/07\/16\/encuentro-historico-de-autoridades-nacional-para-reanudar-el-plan-mas-seguridad-del-puerto-principal\/"},"author":{"name":"Gregory Quintana Montiel","@id":"https:\/\/noti-america.com\/site\/ecuador\/#\/schema\/person\/3b975e42f15abfe64bfe3abdd916efda"},"headline":"Encuentro hist\u00f3rico de autoridades nacional para reanudar el Plan M\u00e1s Seguridad del puerto principal","datePublished":"2019-07-16T02:22:28+00:00","mainEntityOfPage":{"@id":"https:\/\/noti-america.com\/site\/ecuador\/2019\/07\/16\/encuentro-historico-de-autoridades-nacional-para-reanudar-el-plan-mas-seguridad-del-puerto-principal\/"},"wordCount":1186,"commentCount":0,"publisher":{"@id":"https:\/\/noti-america.com\/site\/ecuador\/#organization"},"image":{"@id":"https:\/\/noti-america.com\/site\/ecuador\/2019\/07\/16\/encuentro-historico-de-autoridades-nacional-para-reanudar-el-plan-mas-seguridad-del-puerto-principal\/#primaryimage"},"thumbnailUrl":"https:\/\/noti-america.com\/site\/ecuador\/wp-content\/uploads\/sites\/18\/2019\/07\/Autoridades-reunidas-para-plan-de-seguridad-para-Guayaquil.jpg","articleSection":["Seguridad"],"inLanguage":"es","potentialAction":[{"@type":"CommentAction","name":"Comment","target":["https:\/\/noti-america.com\/site\/ecuador\/2019\/07\/16\/encuentro-historico-de-autoridades-nacional-para-reanudar-el-plan-mas-seguridad-del-puerto-principal\/#respond"]}]},{"@type":"WebPage","@id":"https:\/\/noti-america.com\/site\/ecuador\/2019\/07\/16\/encuentro-historico-de-autoridades-nacional-para-reanudar-el-plan-mas-seguridad-del-puerto-principal\/","url":"https:\/\/noti-america.com\/site\/ecuador\/2019\/07\/16\/encuentro-historico-de-autoridades-nacional-para-reanudar-el-plan-mas-seguridad-del-puerto-principal\/","name":"Encuentro hist\u00f3rico de autoridades nacional para reanudar el Plan M\u00e1s Seguridad del puerto principal - Ecuador | Noti-America.com","isPartOf":{"@id":"https:\/\/noti-america.com\/site\/ecuador\/#website"},"primaryImageOfPage":{"@id":"https:\/\/noti-america.com\/site\/ecuador\/2019\/07\/16\/encuentro-historico-de-autoridades-nacional-para-reanudar-el-plan-mas-seguridad-del-puerto-principal\/#primaryimage"},"image":{"@id":"https:\/\/noti-america.com\/site\/ecuador\/2019\/07\/16\/encuentro-historico-de-autoridades-nacional-para-reanudar-el-plan-mas-seguridad-del-puerto-principal\/#primaryimage"},"thumbnailUrl":"https:\/\/noti-america.com\/site\/ecuador\/wp-content\/uploads\/sites\/18\/2019\/07\/Autoridades-reunidas-para-plan-de-seguridad-para-Guayaquil.jpg","datePublished":"2019-07-16T02:22:28+00:00","breadcrumb":{"@id":"https:\/\/noti-america.com\/site\/ecuador\/2019\/07\/16\/encuentro-historico-de-autoridades-nacional-para-reanudar-el-plan-mas-seguridad-del-puerto-principal\/#breadcrumb"},"inLanguage":"es","potentialAction":[{"@type":"ReadAction","target":["https:\/\/noti-america.com\/site\/ecuador\/2019\/07\/16\/encuentro-historico-de-autoridades-nacional-para-reanudar-el-plan-mas-seguridad-del-puerto-principal\/"]}]},{"@type":"ImageObject","inLanguage":"es","@id":"https:\/\/noti-america.com\/site\/ecuador\/2019\/07\/16\/encuentro-historico-de-autoridades-nacional-para-reanudar-el-plan-mas-seguridad-del-puerto-principal\/#primaryimage","url":"https:\/\/noti-america.com\/site\/ecuador\/wp-content\/uploads\/sites\/18\/2019\/07\/Autoridades-reunidas-para-plan-de-seguridad-para-Guayaquil.jpg","contentUrl":"https:\/\/noti-america.com\/site\/ecuador\/wp-content\/uploads\/sites\/18\/2019\/07\/Autoridades-reunidas-para-plan-de-seguridad-para-Guayaquil.jpg","width":420,"height":279,"caption":"Autoridades se re\u00fanen para luchar por la seguridad en Guayaquil"},{"@type":"BreadcrumbList","@id":"https:\/\/noti-america.com\/site\/ecuador\/2019\/07\/16\/encuentro-historico-de-autoridades-nacional-para-reanudar-el-plan-mas-seguridad-del-puerto-principal\/#breadcrumb","itemListElement":[{"@type":"ListItem","position":1,"name":"Portada","item":"https:\/\/noti-america.com\/site\/ecuador\/"},{"@type":"ListItem","position":2,"name":"Encuentro hist\u00f3rico de autoridades nacional para reanudar el Plan M\u00e1s Seguridad del puerto principal"}]},{"@type":"WebSite","@id":"https:\/\/noti-america.com\/site\/ecuador\/#website","url":"https:\/\/noti-america.com\/site\/ecuador\/","name":"Ecuador | Noti-America.com","description":"","publisher":{"@id":"https:\/\/noti-america.com\/site\/ecuador\/#organization"},"potentialAction":[{"@type":"SearchAction","target":{"@type":"EntryPoint","urlTemplate":"https:\/\/noti-america.com\/site\/ecuador\/?s={search_term_string}"},"query-input":{"@type":"PropertyValueSpecification","valueRequired":true,"valueName":"search_term_string"}}],"inLanguage":"es"},{"@type":"Organization","@id":"https:\/\/noti-america.com\/site\/ecuador\/#organization","name":"Noti-America LLC | Ecuador","url":"https:\/\/noti-america.com\/site\/ecuador\/","logo":{"@type":"ImageObject","inLanguage":"es","@id":"https:\/\/noti-america.com\/site\/ecuador\/#\/schema\/logo\/image\/","url":"https:\/\/noti-america.com\/site\/ecuador\/wp-content\/uploads\/sites\/18\/2020\/07\/LogoNA-4x3-1.jpg","contentUrl":"https:\/\/noti-america.com\/site\/ecuador\/wp-content\/uploads\/sites\/18\/2020\/07\/LogoNA-4x3-1.jpg","width":1236,"height":1080,"caption":"Noti-America LLC | Ecuador"},"image":{"@id":"https:\/\/noti-america.com\/site\/ecuador\/#\/schema\/logo\/image\/"},"sameAs":["https:\/\/x.com\/notiamerica"]},{"@type":"Person","@id":"https:\/\/noti-america.com\/site\/ecuador\/#\/schema\/person\/3b975e42f15abfe64bfe3abdd916efda","name":"Gregory Quintana Montiel","image":{"@type":"ImageObject","inLanguage":"es","@id":"https:\/\/secure.gravatar.com\/avatar\/2d6b802f7720c2ec7744dcbe608cc2f3417aeb964d58b443c6d612b77531de1d?s=96&d=mm&r=g","url":"https:\/\/secure.gravatar.com\/avatar\/2d6b802f7720c2ec7744dcbe608cc2f3417aeb964d58b443c6d612b77531de1d?s=96&d=mm&r=g","contentUrl":"https:\/\/secure.gravatar.com\/avatar\/2d6b802f7720c2ec7744dcbe608cc2f3417aeb964d58b443c6d612b77531de1d?s=96&d=mm&r=g","caption":"Gregory Quintana Montiel"},"description":"Licenciatura en Ciencias de la Comunicaci\u00f3n Social, egresado en la Especializaci\u00f3n Derecho Ambiental Desarrollo Sostenible y Sustentable, Miembro de la Comunidad de profesionales y experto para Latinoam\u00e9rica y el Caribe en Gesti\u00f3n por Resultado en el Desarrollo (COPLAC - GpRD) del Banco Interamericano de Desarrollo, experiencia en medios radiales y escritos.","sameAs":["https:\/\/x.com\/gdgregori1","gquintana"],"url":"https:\/\/noti-america.com\/site\/ecuador\/author\/gquintana\/"}]}},"_links":{"self":[{"href":"https:\/\/noti-america.com\/site\/ecuador\/wp-json\/wp\/v2\/posts\/4600","targetHints":{"allow":["GET"]}}],"collection":[{"href":"https:\/\/noti-america.com\/site\/ecuador\/wp-json\/wp\/v2\/posts"}],"about":[{"href":"https:\/\/noti-america.com\/site\/ecuador\/wp-json\/wp\/v2\/types\/post"}],"author":[{"embeddable":true,"href":"https:\/\/noti-america.com\/site\/ecuador\/wp-json\/wp\/v2\/users\/17"}],"replies":[{"embeddable":true,"href":"https:\/\/noti-america.com\/site\/ecuador\/wp-json\/wp\/v2\/comments?post=4600"}],"version-history":[{"count":1,"href":"https:\/\/noti-america.com\/site\/ecuador\/wp-json\/wp\/v2\/posts\/4600\/revisions"}],"predecessor-version":[{"id":4602,"href":"https:\/\/noti-america.com\/site\/ecuador\/wp-json\/wp\/v2\/posts\/4600\/revisions\/4602"}],"wp:featuredmedia":[{"embeddable":true,"href":"https:\/\/noti-america.com\/site\/ecuador\/wp-json\/wp\/v2\/media\/4601"}],"wp:attachment":[{"href":"https:\/\/noti-america.com\/site\/ecuador\/wp-json\/wp\/v2\/media?parent=4600"}],"wp:term":[{"taxonomy":"category","embeddable":true,"href":"https:\/\/noti-america.com\/site\/ecuador\/wp-json\/wp\/v2\/categories?post=4600"},{"taxonomy":"post_tag","embeddable":true,"href":"https:\/\/noti-america.com\/site\/ecuador\/wp-json\/wp\/v2\/tags?post=4600"}],"curies":[{"name":"wp","href":"https:\/\/api.w.org\/{rel}","templated":true}]}}