{"id":4355,"date":"2019-06-27T22:37:05","date_gmt":"2019-06-27T22:37:05","guid":{"rendered":"http:\/\/noti-america.com\/site\/ecuador\/?p=4355"},"modified":"2019-06-27T22:37:05","modified_gmt":"2019-06-27T22:37:05","slug":"estudiantes-comunidad-y-autoridades-de-tungurahua-plantaron-300-arboles-nativos-por-el-dia-internacional-de-los-bosques-tropicales","status":"publish","type":"post","link":"https:\/\/noti-america.com\/site\/ecuador\/2019\/06\/27\/estudiantes-comunidad-y-autoridades-de-tungurahua-plantaron-300-arboles-nativos-por-el-dia-internacional-de-los-bosques-tropicales\/","title":{"rendered":"Estudiantes, Comunidad y Autoridades de Tungurahua plantaron 300 \u00e1rboles nativos por el D\u00eda Internacional de los Bosques Tropicales"},"content":{"rendered":"<p>REDACCI\u00d3N NOTI-AM\u00c9RICA (ECUADOR)<\/p>\n<p style=\"text-align: justify\">Con la participaci\u00f3n de alrededor de 70 estudiantes de la Unidad Educativa Mario Cobo Barona, comunidades de la provincia y autoridades locales, provinciales y nacionales, se realiz\u00f3 la reforestaci\u00f3n del Centro de Manejo \u201cParque Tem\u00e1tico Runt\u00fan\u201d con la plantaci\u00f3n de 300 \u00e1rboles nativos de las especies laurel de cera, array\u00e1n y pumamaqui. Esta actividad se desarroll\u00f3 como parte marco de la celebraci\u00f3n del D\u00eda Internacional de los Bosques Tropicales.<\/p>\n<p style=\"text-align: justify\">Marcelo Mata Guerrero, ministro del Ambiente, se\u00f1al\u00f3 que esta actividad \u201cdemuestra el compromiso de nuestros ni\u00f1os y j\u00f3venes por cambiar nuestros h\u00e1bitos en favor del ambiente. Nuestro principal y m\u00e1s claro objetivo ha sido construir un Ecuador de oportunidades, en el cual, cada ciudadano sea un actor principal del cambio, del desarrollo, equidad y de bienestar de nuestros ni\u00f1os, j\u00f3venes y adulto\u201d.<\/p>\n<p style=\"text-align: justify\">Manuel Caizabanda, prefecto de Tungurahua, indic\u00f3 que este trabajo es \u201cun ejemplo para la juventud, pues con el esfuerzo de todos convertiremos a Tungurahua en la primera provincia ecol\u00f3gica y verde del pa\u00eds\u201d.<\/p>\n<p style=\"text-align: justify\">En lo que va del a\u00f1o, en la provincia de Tungurahua se implementaron mecanismos para la recuperaci\u00f3n de \u00e1reas de importancia h\u00eddrica y ecosist\u00e9mica en las parroquias de San Fernando y Huambal\u00f3, a trav\u00e9s de la plantaci\u00f3n de 2800 \u00e1rboles nativos como parte de programas de reforestaci\u00f3n.<\/p>\n","protected":false},"excerpt":{"rendered":"<p>REDACCI\u00d3N NOTI-AM\u00c9RICA (ECUADOR) Con la participaci\u00f3n de alrededor de 70 estudiantes de la Unidad Educativa Mario Cobo Barona, comunidades de la provincia y autoridades locales, provinciales y nacionales, se realiz\u00f3 la reforestaci\u00f3n del Centro&#46;&#46;&#46;<\/p>\n","protected":false},"author":17,"featured_media":4356,"comment_status":"open","ping_status":"open","sticky":false,"template":"","format":"standard","meta":{"_acf_changed":false,"om_disable_all_campaigns":false,"rop_custom_images_group":[],"rop_custom_messages_group":[],"rop_publish_now":"initial","rop_publish_now_accounts":{"twitter_242054905_242054905":""},"rop_publish_now_history":[],"rop_publish_now_status":"pending","_uf_show_specific_survey":0,"_uf_disable_surveys":false,"footnotes":""},"categories":[79],"tags":[],"class_list":["post-4355","post","type-post","status-publish","format-standard","has-post-thumbnail","hentry","category-ambiental"],"acf":[],"aioseo_notices":[],"yoast_head":"<!-- This site is optimized with the Yoast SEO Premium plugin v24.9 (Yoast SEO v27.2) - https:\/\/yoast.com\/product\/yoast-seo-premium-wordpress\/ -->\n<title>Estudiantes, Comunidad y Autoridades de Tungurahua plantaron 300 \u00e1rboles nativos por el D\u00eda Internacional de los Bosques Tropicales - Ecuador | Noti-America.com<\/title>\n<meta name=\"robots\" content=\"index, follow, max-snippet:-1, max-image-preview:large, max-video-preview:-1\" \/>\n<link rel=\"canonical\" href=\"https:\/\/noti-america.com\/site\/ecuador\/2019\/06\/27\/estudiantes-comunidad-y-autoridades-de-tungurahua-plantaron-300-arboles-nativos-por-el-dia-internacional-de-los-bosques-tropicales\/\" \/>\n<meta property=\"og:locale\" content=\"es_ES\" \/>\n<meta property=\"og:type\" content=\"article\" \/>\n<meta property=\"og:title\" content=\"Estudiantes, Comunidad y Autoridades de Tungurahua plantaron 300 \u00e1rboles nativos por el D\u00eda Internacional de los Bosques Tropicales\" \/>\n<meta property=\"og:description\" content=\"REDACCI\u00d3N NOTI-AM\u00c9RICA (ECUADOR) Con la participaci\u00f3n de alrededor de 70 estudiantes de la Unidad Educativa Mario Cobo Barona, comunidades de la provincia y autoridades locales, provinciales y nacionales, se realiz\u00f3 la reforestaci\u00f3n del Centro&#046;&#046;&#046;\" \/>\n<meta property=\"og:url\" content=\"https:\/\/noti-america.com\/site\/ecuador\/2019\/06\/27\/estudiantes-comunidad-y-autoridades-de-tungurahua-plantaron-300-arboles-nativos-por-el-dia-internacional-de-los-bosques-tropicales\/\" \/>\n<meta property=\"og:site_name\" content=\"Ecuador | Noti-America.com\" \/>\n<meta property=\"article:published_time\" content=\"2019-06-27T22:37:05+00:00\" \/>\n<meta property=\"og:image\" content=\"https:\/\/noti-america.com\/site\/ecuador\/wp-content\/uploads\/sites\/18\/2019\/06\/300-\u00e1rboles-nativos-fueron-plantados-por-el-D\u00eda-Internacional-de-los-Bosques-Tropicales.jpg\" \/>\n\t<meta property=\"og:image:width\" content=\"800\" \/>\n\t<meta property=\"og:image:height\" content=\"450\" \/>\n\t<meta property=\"og:image:type\" content=\"image\/jpeg\" \/>\n<meta name=\"author\" content=\"Gregory Quintana Montiel\" \/>\n<meta name=\"twitter:card\" content=\"summary_large_image\" \/>\n<meta name=\"twitter:creator\" content=\"@gdgregori1\" \/>\n<meta name=\"twitter:site\" content=\"@notiamerica\" \/>\n<meta name=\"twitter:label1\" content=\"Escrito por\" \/>\n\t<meta name=\"twitter:data1\" content=\"Gregory Quintana Montiel\" \/>\n\t<meta name=\"twitter:label2\" content=\"Tiempo estimado de lectura\" \/>\n\t<meta name=\"twitter:data2\" content=\"1 minuto\" \/>\n<script type=\"application\/ld+json\" class=\"yoast-schema-graph\">{\"@context\":\"https:\/\/schema.org\",\"@graph\":[{\"@type\":\"Article\",\"@id\":\"https:\/\/noti-america.com\/site\/ecuador\/2019\/06\/27\/estudiantes-comunidad-y-autoridades-de-tungurahua-plantaron-300-arboles-nativos-por-el-dia-internacional-de-los-bosques-tropicales\/#article\",\"isPartOf\":{\"@id\":\"https:\/\/noti-america.com\/site\/ecuador\/2019\/06\/27\/estudiantes-comunidad-y-autoridades-de-tungurahua-plantaron-300-arboles-nativos-por-el-dia-internacional-de-los-bosques-tropicales\/\"},\"author\":{\"name\":\"Gregory Quintana Montiel\",\"@id\":\"https:\/\/noti-america.com\/site\/ecuador\/#\/schema\/person\/3b975e42f15abfe64bfe3abdd916efda\"},\"headline\":\"Estudiantes, Comunidad y Autoridades de Tungurahua plantaron 300 \u00e1rboles nativos por el D\u00eda Internacional de los Bosques Tropicales\",\"datePublished\":\"2019-06-27T22:37:05+00:00\",\"mainEntityOfPage\":{\"@id\":\"https:\/\/noti-america.com\/site\/ecuador\/2019\/06\/27\/estudiantes-comunidad-y-autoridades-de-tungurahua-plantaron-300-arboles-nativos-por-el-dia-internacional-de-los-bosques-tropicales\/\"},\"wordCount\":255,\"commentCount\":0,\"publisher\":{\"@id\":\"https:\/\/noti-america.com\/site\/ecuador\/#organization\"},\"image\":{\"@id\":\"https:\/\/noti-america.com\/site\/ecuador\/2019\/06\/27\/estudiantes-comunidad-y-autoridades-de-tungurahua-plantaron-300-arboles-nativos-por-el-dia-internacional-de-los-bosques-tropicales\/#primaryimage\"},\"thumbnailUrl\":\"https:\/\/noti-america.com\/site\/ecuador\/wp-content\/uploads\/sites\/18\/2019\/06\/300-\u00e1rboles-nativos-fueron-plantados-por-el-D\u00eda-Internacional-de-los-Bosques-Tropicales.jpg\",\"articleSection\":[\"Ambiental\"],\"inLanguage\":\"es\",\"potentialAction\":[{\"@type\":\"CommentAction\",\"name\":\"Comment\",\"target\":[\"https:\/\/noti-america.com\/site\/ecuador\/2019\/06\/27\/estudiantes-comunidad-y-autoridades-de-tungurahua-plantaron-300-arboles-nativos-por-el-dia-internacional-de-los-bosques-tropicales\/#respond\"]}]},{\"@type\":\"WebPage\",\"@id\":\"https:\/\/noti-america.com\/site\/ecuador\/2019\/06\/27\/estudiantes-comunidad-y-autoridades-de-tungurahua-plantaron-300-arboles-nativos-por-el-dia-internacional-de-los-bosques-tropicales\/\",\"url\":\"https:\/\/noti-america.com\/site\/ecuador\/2019\/06\/27\/estudiantes-comunidad-y-autoridades-de-tungurahua-plantaron-300-arboles-nativos-por-el-dia-internacional-de-los-bosques-tropicales\/\",\"name\":\"Estudiantes, Comunidad y Autoridades de Tungurahua plantaron 300 \u00e1rboles nativos por el D\u00eda Internacional de los Bosques Tropicales - Ecuador | Noti-America.com\",\"isPartOf\":{\"@id\":\"https:\/\/noti-america.com\/site\/ecuador\/#website\"},\"primaryImageOfPage\":{\"@id\":\"https:\/\/noti-america.com\/site\/ecuador\/2019\/06\/27\/estudiantes-comunidad-y-autoridades-de-tungurahua-plantaron-300-arboles-nativos-por-el-dia-internacional-de-los-bosques-tropicales\/#primaryimage\"},\"image\":{\"@id\":\"https:\/\/noti-america.com\/site\/ecuador\/2019\/06\/27\/estudiantes-comunidad-y-autoridades-de-tungurahua-plantaron-300-arboles-nativos-por-el-dia-internacional-de-los-bosques-tropicales\/#primaryimage\"},\"thumbnailUrl\":\"https:\/\/noti-america.com\/site\/ecuador\/wp-content\/uploads\/sites\/18\/2019\/06\/300-\u00e1rboles-nativos-fueron-plantados-por-el-D\u00eda-Internacional-de-los-Bosques-Tropicales.jpg\",\"datePublished\":\"2019-06-27T22:37:05+00:00\",\"breadcrumb\":{\"@id\":\"https:\/\/noti-america.com\/site\/ecuador\/2019\/06\/27\/estudiantes-comunidad-y-autoridades-de-tungurahua-plantaron-300-arboles-nativos-por-el-dia-internacional-de-los-bosques-tropicales\/#breadcrumb\"},\"inLanguage\":\"es\",\"potentialAction\":[{\"@type\":\"ReadAction\",\"target\":[\"https:\/\/noti-america.com\/site\/ecuador\/2019\/06\/27\/estudiantes-comunidad-y-autoridades-de-tungurahua-plantaron-300-arboles-nativos-por-el-dia-internacional-de-los-bosques-tropicales\/\"]}]},{\"@type\":\"ImageObject\",\"inLanguage\":\"es\",\"@id\":\"https:\/\/noti-america.com\/site\/ecuador\/2019\/06\/27\/estudiantes-comunidad-y-autoridades-de-tungurahua-plantaron-300-arboles-nativos-por-el-dia-internacional-de-los-bosques-tropicales\/#primaryimage\",\"url\":\"https:\/\/noti-america.com\/site\/ecuador\/wp-content\/uploads\/sites\/18\/2019\/06\/300-\u00e1rboles-nativos-fueron-plantados-por-el-D\u00eda-Internacional-de-los-Bosques-Tropicales.jpg\",\"contentUrl\":\"https:\/\/noti-america.com\/site\/ecuador\/wp-content\/uploads\/sites\/18\/2019\/06\/300-\u00e1rboles-nativos-fueron-plantados-por-el-D\u00eda-Internacional-de-los-Bosques-Tropicales.jpg\",\"width\":800,\"height\":450},{\"@type\":\"BreadcrumbList\",\"@id\":\"https:\/\/noti-america.com\/site\/ecuador\/2019\/06\/27\/estudiantes-comunidad-y-autoridades-de-tungurahua-plantaron-300-arboles-nativos-por-el-dia-internacional-de-los-bosques-tropicales\/#breadcrumb\",\"itemListElement\":[{\"@type\":\"ListItem\",\"position\":1,\"name\":\"Portada\",\"item\":\"https:\/\/noti-america.com\/site\/ecuador\/\"},{\"@type\":\"ListItem\",\"position\":2,\"name\":\"Estudiantes, Comunidad y Autoridades de Tungurahua plantaron 300 \u00e1rboles nativos por el D\u00eda Internacional de los Bosques Tropicales\"}]},{\"@type\":\"WebSite\",\"@id\":\"https:\/\/noti-america.com\/site\/ecuador\/#website\",\"url\":\"https:\/\/noti-america.com\/site\/ecuador\/\",\"name\":\"Ecuador | Noti-America.com\",\"description\":\"\",\"publisher\":{\"@id\":\"https:\/\/noti-america.com\/site\/ecuador\/#organization\"},\"potentialAction\":[{\"@type\":\"SearchAction\",\"target\":{\"@type\":\"EntryPoint\",\"urlTemplate\":\"https:\/\/noti-america.com\/site\/ecuador\/?s={search_term_string}\"},\"query-input\":{\"@type\":\"PropertyValueSpecification\",\"valueRequired\":true,\"valueName\":\"search_term_string\"}}],\"inLanguage\":\"es\"},{\"@type\":\"Organization\",\"@id\":\"https:\/\/noti-america.com\/site\/ecuador\/#organization\",\"name\":\"Noti-America LLC | Ecuador\",\"url\":\"https:\/\/noti-america.com\/site\/ecuador\/\",\"logo\":{\"@type\":\"ImageObject\",\"inLanguage\":\"es\",\"@id\":\"https:\/\/noti-america.com\/site\/ecuador\/#\/schema\/logo\/image\/\",\"url\":\"https:\/\/noti-america.com\/site\/ecuador\/wp-content\/uploads\/sites\/18\/2020\/07\/LogoNA-4x3-1.jpg\",\"contentUrl\":\"https:\/\/noti-america.com\/site\/ecuador\/wp-content\/uploads\/sites\/18\/2020\/07\/LogoNA-4x3-1.jpg\",\"width\":1236,\"height\":1080,\"caption\":\"Noti-America LLC | Ecuador\"},\"image\":{\"@id\":\"https:\/\/noti-america.com\/site\/ecuador\/#\/schema\/logo\/image\/\"},\"sameAs\":[\"https:\/\/x.com\/notiamerica\"]},{\"@type\":\"Person\",\"@id\":\"https:\/\/noti-america.com\/site\/ecuador\/#\/schema\/person\/3b975e42f15abfe64bfe3abdd916efda\",\"name\":\"Gregory Quintana Montiel\",\"image\":{\"@type\":\"ImageObject\",\"inLanguage\":\"es\",\"@id\":\"https:\/\/secure.gravatar.com\/avatar\/2d6b802f7720c2ec7744dcbe608cc2f3417aeb964d58b443c6d612b77531de1d?s=96&d=mm&r=g\",\"url\":\"https:\/\/secure.gravatar.com\/avatar\/2d6b802f7720c2ec7744dcbe608cc2f3417aeb964d58b443c6d612b77531de1d?s=96&d=mm&r=g\",\"contentUrl\":\"https:\/\/secure.gravatar.com\/avatar\/2d6b802f7720c2ec7744dcbe608cc2f3417aeb964d58b443c6d612b77531de1d?s=96&d=mm&r=g\",\"caption\":\"Gregory Quintana Montiel\"},\"description\":\"Licenciatura en Ciencias de la Comunicaci\u00f3n Social, egresado en la Especializaci\u00f3n Derecho Ambiental Desarrollo Sostenible y Sustentable, Miembro de la Comunidad de profesionales y experto para Latinoam\u00e9rica y el Caribe en Gesti\u00f3n por Resultado en el Desarrollo (COPLAC - GpRD) del Banco Interamericano de Desarrollo, experiencia en medios radiales y escritos.\",\"sameAs\":[\"https:\/\/x.com\/gdgregori1\",\"gquintana\"],\"url\":\"https:\/\/noti-america.com\/site\/ecuador\/author\/gquintana\/\"}]}<\/script>\n<!-- \/ Yoast SEO Premium plugin. -->","yoast_head_json":{"title":"Estudiantes, Comunidad y Autoridades de Tungurahua plantaron 300 \u00e1rboles nativos por el D\u00eda Internacional de los Bosques Tropicales - Ecuador | Noti-America.com","robots":{"index":"index","follow":"follow","max-snippet":"max-snippet:-1","max-image-preview":"max-image-preview:large","max-video-preview":"max-video-preview:-1"},"canonical":"https:\/\/noti-america.com\/site\/ecuador\/2019\/06\/27\/estudiantes-comunidad-y-autoridades-de-tungurahua-plantaron-300-arboles-nativos-por-el-dia-internacional-de-los-bosques-tropicales\/","og_locale":"es_ES","og_type":"article","og_title":"Estudiantes, Comunidad y Autoridades de Tungurahua plantaron 300 \u00e1rboles nativos por el D\u00eda Internacional de los Bosques Tropicales","og_description":"REDACCI\u00d3N NOTI-AM\u00c9RICA (ECUADOR) Con la participaci\u00f3n de alrededor de 70 estudiantes de la Unidad Educativa Mario Cobo Barona, comunidades de la provincia y autoridades locales, provinciales y nacionales, se realiz\u00f3 la reforestaci\u00f3n del Centro&#46;&#46;&#46;","og_url":"https:\/\/noti-america.com\/site\/ecuador\/2019\/06\/27\/estudiantes-comunidad-y-autoridades-de-tungurahua-plantaron-300-arboles-nativos-por-el-dia-internacional-de-los-bosques-tropicales\/","og_site_name":"Ecuador | Noti-America.com","article_published_time":"2019-06-27T22:37:05+00:00","og_image":[{"width":800,"height":450,"url":"https:\/\/noti-america.com\/site\/ecuador\/wp-content\/uploads\/sites\/18\/2019\/06\/300-\u00e1rboles-nativos-fueron-plantados-por-el-D\u00eda-Internacional-de-los-Bosques-Tropicales.jpg","type":"image\/jpeg"}],"author":"Gregory Quintana Montiel","twitter_card":"summary_large_image","twitter_creator":"@gdgregori1","twitter_site":"@notiamerica","twitter_misc":{"Escrito por":"Gregory Quintana Montiel","Tiempo estimado de lectura":"1 minuto"},"schema":{"@context":"https:\/\/schema.org","@graph":[{"@type":"Article","@id":"https:\/\/noti-america.com\/site\/ecuador\/2019\/06\/27\/estudiantes-comunidad-y-autoridades-de-tungurahua-plantaron-300-arboles-nativos-por-el-dia-internacional-de-los-bosques-tropicales\/#article","isPartOf":{"@id":"https:\/\/noti-america.com\/site\/ecuador\/2019\/06\/27\/estudiantes-comunidad-y-autoridades-de-tungurahua-plantaron-300-arboles-nativos-por-el-dia-internacional-de-los-bosques-tropicales\/"},"author":{"name":"Gregory Quintana Montiel","@id":"https:\/\/noti-america.com\/site\/ecuador\/#\/schema\/person\/3b975e42f15abfe64bfe3abdd916efda"},"headline":"Estudiantes, Comunidad y Autoridades de Tungurahua plantaron 300 \u00e1rboles nativos por el D\u00eda Internacional de los Bosques Tropicales","datePublished":"2019-06-27T22:37:05+00:00","mainEntityOfPage":{"@id":"https:\/\/noti-america.com\/site\/ecuador\/2019\/06\/27\/estudiantes-comunidad-y-autoridades-de-tungurahua-plantaron-300-arboles-nativos-por-el-dia-internacional-de-los-bosques-tropicales\/"},"wordCount":255,"commentCount":0,"publisher":{"@id":"https:\/\/noti-america.com\/site\/ecuador\/#organization"},"image":{"@id":"https:\/\/noti-america.com\/site\/ecuador\/2019\/06\/27\/estudiantes-comunidad-y-autoridades-de-tungurahua-plantaron-300-arboles-nativos-por-el-dia-internacional-de-los-bosques-tropicales\/#primaryimage"},"thumbnailUrl":"https:\/\/noti-america.com\/site\/ecuador\/wp-content\/uploads\/sites\/18\/2019\/06\/300-\u00e1rboles-nativos-fueron-plantados-por-el-D\u00eda-Internacional-de-los-Bosques-Tropicales.jpg","articleSection":["Ambiental"],"inLanguage":"es","potentialAction":[{"@type":"CommentAction","name":"Comment","target":["https:\/\/noti-america.com\/site\/ecuador\/2019\/06\/27\/estudiantes-comunidad-y-autoridades-de-tungurahua-plantaron-300-arboles-nativos-por-el-dia-internacional-de-los-bosques-tropicales\/#respond"]}]},{"@type":"WebPage","@id":"https:\/\/noti-america.com\/site\/ecuador\/2019\/06\/27\/estudiantes-comunidad-y-autoridades-de-tungurahua-plantaron-300-arboles-nativos-por-el-dia-internacional-de-los-bosques-tropicales\/","url":"https:\/\/noti-america.com\/site\/ecuador\/2019\/06\/27\/estudiantes-comunidad-y-autoridades-de-tungurahua-plantaron-300-arboles-nativos-por-el-dia-internacional-de-los-bosques-tropicales\/","name":"Estudiantes, Comunidad y Autoridades de Tungurahua plantaron 300 \u00e1rboles nativos por el D\u00eda Internacional de los Bosques Tropicales - Ecuador | Noti-America.com","isPartOf":{"@id":"https:\/\/noti-america.com\/site\/ecuador\/#website"},"primaryImageOfPage":{"@id":"https:\/\/noti-america.com\/site\/ecuador\/2019\/06\/27\/estudiantes-comunidad-y-autoridades-de-tungurahua-plantaron-300-arboles-nativos-por-el-dia-internacional-de-los-bosques-tropicales\/#primaryimage"},"image":{"@id":"https:\/\/noti-america.com\/site\/ecuador\/2019\/06\/27\/estudiantes-comunidad-y-autoridades-de-tungurahua-plantaron-300-arboles-nativos-por-el-dia-internacional-de-los-bosques-tropicales\/#primaryimage"},"thumbnailUrl":"https:\/\/noti-america.com\/site\/ecuador\/wp-content\/uploads\/sites\/18\/2019\/06\/300-\u00e1rboles-nativos-fueron-plantados-por-el-D\u00eda-Internacional-de-los-Bosques-Tropicales.jpg","datePublished":"2019-06-27T22:37:05+00:00","breadcrumb":{"@id":"https:\/\/noti-america.com\/site\/ecuador\/2019\/06\/27\/estudiantes-comunidad-y-autoridades-de-tungurahua-plantaron-300-arboles-nativos-por-el-dia-internacional-de-los-bosques-tropicales\/#breadcrumb"},"inLanguage":"es","potentialAction":[{"@type":"ReadAction","target":["https:\/\/noti-america.com\/site\/ecuador\/2019\/06\/27\/estudiantes-comunidad-y-autoridades-de-tungurahua-plantaron-300-arboles-nativos-por-el-dia-internacional-de-los-bosques-tropicales\/"]}]},{"@type":"ImageObject","inLanguage":"es","@id":"https:\/\/noti-america.com\/site\/ecuador\/2019\/06\/27\/estudiantes-comunidad-y-autoridades-de-tungurahua-plantaron-300-arboles-nativos-por-el-dia-internacional-de-los-bosques-tropicales\/#primaryimage","url":"https:\/\/noti-america.com\/site\/ecuador\/wp-content\/uploads\/sites\/18\/2019\/06\/300-\u00e1rboles-nativos-fueron-plantados-por-el-D\u00eda-Internacional-de-los-Bosques-Tropicales.jpg","contentUrl":"https:\/\/noti-america.com\/site\/ecuador\/wp-content\/uploads\/sites\/18\/2019\/06\/300-\u00e1rboles-nativos-fueron-plantados-por-el-D\u00eda-Internacional-de-los-Bosques-Tropicales.jpg","width":800,"height":450},{"@type":"BreadcrumbList","@id":"https:\/\/noti-america.com\/site\/ecuador\/2019\/06\/27\/estudiantes-comunidad-y-autoridades-de-tungurahua-plantaron-300-arboles-nativos-por-el-dia-internacional-de-los-bosques-tropicales\/#breadcrumb","itemListElement":[{"@type":"ListItem","position":1,"name":"Portada","item":"https:\/\/noti-america.com\/site\/ecuador\/"},{"@type":"ListItem","position":2,"name":"Estudiantes, Comunidad y Autoridades de Tungurahua plantaron 300 \u00e1rboles nativos por el D\u00eda Internacional de los Bosques Tropicales"}]},{"@type":"WebSite","@id":"https:\/\/noti-america.com\/site\/ecuador\/#website","url":"https:\/\/noti-america.com\/site\/ecuador\/","name":"Ecuador | Noti-America.com","description":"","publisher":{"@id":"https:\/\/noti-america.com\/site\/ecuador\/#organization"},"potentialAction":[{"@type":"SearchAction","target":{"@type":"EntryPoint","urlTemplate":"https:\/\/noti-america.com\/site\/ecuador\/?s={search_term_string}"},"query-input":{"@type":"PropertyValueSpecification","valueRequired":true,"valueName":"search_term_string"}}],"inLanguage":"es"},{"@type":"Organization","@id":"https:\/\/noti-america.com\/site\/ecuador\/#organization","name":"Noti-America LLC | Ecuador","url":"https:\/\/noti-america.com\/site\/ecuador\/","logo":{"@type":"ImageObject","inLanguage":"es","@id":"https:\/\/noti-america.com\/site\/ecuador\/#\/schema\/logo\/image\/","url":"https:\/\/noti-america.com\/site\/ecuador\/wp-content\/uploads\/sites\/18\/2020\/07\/LogoNA-4x3-1.jpg","contentUrl":"https:\/\/noti-america.com\/site\/ecuador\/wp-content\/uploads\/sites\/18\/2020\/07\/LogoNA-4x3-1.jpg","width":1236,"height":1080,"caption":"Noti-America LLC | Ecuador"},"image":{"@id":"https:\/\/noti-america.com\/site\/ecuador\/#\/schema\/logo\/image\/"},"sameAs":["https:\/\/x.com\/notiamerica"]},{"@type":"Person","@id":"https:\/\/noti-america.com\/site\/ecuador\/#\/schema\/person\/3b975e42f15abfe64bfe3abdd916efda","name":"Gregory Quintana Montiel","image":{"@type":"ImageObject","inLanguage":"es","@id":"https:\/\/secure.gravatar.com\/avatar\/2d6b802f7720c2ec7744dcbe608cc2f3417aeb964d58b443c6d612b77531de1d?s=96&d=mm&r=g","url":"https:\/\/secure.gravatar.com\/avatar\/2d6b802f7720c2ec7744dcbe608cc2f3417aeb964d58b443c6d612b77531de1d?s=96&d=mm&r=g","contentUrl":"https:\/\/secure.gravatar.com\/avatar\/2d6b802f7720c2ec7744dcbe608cc2f3417aeb964d58b443c6d612b77531de1d?s=96&d=mm&r=g","caption":"Gregory Quintana Montiel"},"description":"Licenciatura en Ciencias de la Comunicaci\u00f3n Social, egresado en la Especializaci\u00f3n Derecho Ambiental Desarrollo Sostenible y Sustentable, Miembro de la Comunidad de profesionales y experto para Latinoam\u00e9rica y el Caribe en Gesti\u00f3n por Resultado en el Desarrollo (COPLAC - GpRD) del Banco Interamericano de Desarrollo, experiencia en medios radiales y escritos.","sameAs":["https:\/\/x.com\/gdgregori1","gquintana"],"url":"https:\/\/noti-america.com\/site\/ecuador\/author\/gquintana\/"}]}},"_links":{"self":[{"href":"https:\/\/noti-america.com\/site\/ecuador\/wp-json\/wp\/v2\/posts\/4355","targetHints":{"allow":["GET"]}}],"collection":[{"href":"https:\/\/noti-america.com\/site\/ecuador\/wp-json\/wp\/v2\/posts"}],"about":[{"href":"https:\/\/noti-america.com\/site\/ecuador\/wp-json\/wp\/v2\/types\/post"}],"author":[{"embeddable":true,"href":"https:\/\/noti-america.com\/site\/ecuador\/wp-json\/wp\/v2\/users\/17"}],"replies":[{"embeddable":true,"href":"https:\/\/noti-america.com\/site\/ecuador\/wp-json\/wp\/v2\/comments?post=4355"}],"version-history":[{"count":1,"href":"https:\/\/noti-america.com\/site\/ecuador\/wp-json\/wp\/v2\/posts\/4355\/revisions"}],"predecessor-version":[{"id":4357,"href":"https:\/\/noti-america.com\/site\/ecuador\/wp-json\/wp\/v2\/posts\/4355\/revisions\/4357"}],"wp:featuredmedia":[{"embeddable":true,"href":"https:\/\/noti-america.com\/site\/ecuador\/wp-json\/wp\/v2\/media\/4356"}],"wp:attachment":[{"href":"https:\/\/noti-america.com\/site\/ecuador\/wp-json\/wp\/v2\/media?parent=4355"}],"wp:term":[{"taxonomy":"category","embeddable":true,"href":"https:\/\/noti-america.com\/site\/ecuador\/wp-json\/wp\/v2\/categories?post=4355"},{"taxonomy":"post_tag","embeddable":true,"href":"https:\/\/noti-america.com\/site\/ecuador\/wp-json\/wp\/v2\/tags?post=4355"}],"curies":[{"name":"wp","href":"https:\/\/api.w.org\/{rel}","templated":true}]}}