{"id":4349,"date":"2019-06-27T02:50:33","date_gmt":"2019-06-27T02:50:33","guid":{"rendered":"http:\/\/noti-america.com\/site\/ecuador\/?p=4349"},"modified":"2019-06-27T02:50:33","modified_gmt":"2019-06-27T02:50:33","slug":"sectores-no-gubernamentales-piden-garantizar-derechos-de-pueblos-vulnerables","status":"publish","type":"post","link":"https:\/\/noti-america.com\/site\/ecuador\/2019\/06\/27\/sectores-no-gubernamentales-piden-garantizar-derechos-de-pueblos-vulnerables\/","title":{"rendered":"Sectores no gubernamentales piden garantizar derechos de pueblos vulnerables"},"content":{"rendered":"<p>REDACCI\u00d3N NOTI-AM\u00c9RICA (ECUADOR)<\/p>\n<p style=\"text-align: justify\">La Comisi\u00f3n de Biodiversidad se reuni\u00f3 con representantes de los Colectivos \u201cYasunidos\u201d, \u201cGeograf\u00eda Cr\u00edtica\u201d, \u201cAcci\u00f3n Ecol\u00f3gica\u201d y \u201cAl D\u00eda\u201d, quienes expresaron su preocupaci\u00f3n por la aplicaci\u00f3n del Decreto Ejecutivo 751 que ampl\u00eda la zona de explotaci\u00f3n petrolera en el Parque Nacional Yasun\u00ed. Pidieron garantizar los derechos de los pueblos vulnerables y en aislamiento voluntario, por tanto, que las pol\u00edticas p\u00fablicas est\u00e9n orientadas a garantizar sus derechos consagrados en la Constituci\u00f3n y la Declaratoria de Inter\u00e9s Nacional, aprobada en el Parlamento en el 2013.<\/p>\n<p style=\"text-align: justify\">As\u00ed, Pedro Bermeo Vocero del Colectivo Yasunidos, mencion\u00f3 que las reformas realizadas al decreto ejecutivo 751 son varias, pero la de mayor trascendencia es la establecida en el art\u00edculo 3 respecto de la prohibici\u00f3n para realizar obras o actividades incompatibles con la zona intangible. Este mencionado decreto permite construir plataformas de perforaci\u00f3n y producci\u00f3n de hidrocarburos, generando problemas a pueblos que se encuentran en los alrededores de la zona de amortiguamiento.<\/p>\n<p style=\"text-align: justify\">Dijo que la Comisi\u00f3n de Biodiversidad es la encargada de vigilar que se cumpla la Declaratoria de Inter\u00e9s Nacional, m\u00e1s a\u00fan cuando en consulta popular se estableci\u00f3 que se debe cuidar el medio ambiente, la naturaleza y a los pueblos en aislamiento.<\/p>\n<p style=\"text-align: justify\">Record\u00f3 que la zona intangible de conservaci\u00f3n de los grupos Waoranis, fue creada mediante decreto ejecutivo 552 en el a\u00f1o 1999, cuyo art\u00edculo 1 declara como zona intangible de conservaci\u00f3n vedada a perpetuidad a todo tipo de actividad extractiva. La delimitaci\u00f3n de este territorio se lo realiz\u00f3 mediante decreto ejecutivo 2187 de 3 de enero de 2007, que proh\u00edbe realizar en la zona de amortiguamiento nuevas obras de infraestructura tales como carreteras, centrales hidroel\u00e9ctricas, centros de facilidades petroleras y otras obras que los estudios t\u00e9cnicos y de impacto ambiental juzguen incompatibles con el objeto de la zona intangible. El decreto ejecutivo 751, reforma el art\u00edculo 3 del decreto 2187, agreg\u00f3.<\/p>\n<p style=\"text-align: justify\">Hay que considerar que los pueblos en aislamiento voluntario no tienen una cultura de sedentarismo, sino por el contrario, su modo de vida se basa en el constante movimiento de sus asentamientos. De all\u00ed que a pesar de tener identificado un pol\u00edgono en el que se encuentran, dicha estad\u00eda es variable, a\u00f1adi\u00f3. Mencion\u00f3 que con el decreto ejecutivo 751, por cada hect\u00e1rea que se ampl\u00eda en la zona de amortiguamiento, se afecta siete hect\u00e1reas, es decir, 396 mil hect\u00e1reas en total.<\/p>\n<p style=\"text-align: justify\">De su lado, Manuel Bay\u00f3n, del Colectivo Geograf\u00eda Critica, fue enf\u00e1tico al subrayar que el decreto ejecutivo 751 incumple la Declaratoria de Inter\u00e9s Nacional que establece que no se puede explotar en una extensi\u00f3n no mayor al uno por mil de la superficie actual del Parque Nacional Yasun\u00ed, con el prop\u00f3sito de cumplir con los deberes primordiales del Estado que son: garantizar los derechos de las personas, las colectividades y la naturaleza, para alcanzar el buen vivir, en el proceso de la actividad extractiva.<\/p>\n<p style=\"text-align: justify\">Destac\u00f3 que la zona o extensi\u00f3n en que viven los pueblos en aislamiento voluntario no puede rebajarse. De all\u00ed la importancia que la Comisi\u00f3n de Biodiversidad realice las investigaciones del caso para que se cumpla con la Declaratoria \u00a0que establece precautelar los derechos de las comunidades, pueblos y nacionalidades, especialmente de los que se encuentran en aislamiento voluntario, los derechos de la naturaleza, conservaci\u00f3n y uso\u00a0 sustentable de la biodiversidad.<\/p>\n<p style=\"text-align: justify\">En cambio, Esperanza Mart\u00ednez, del Colectivo Acci\u00f3n Ecol\u00f3gica, record\u00f3 que en la consulta popular de 2008, el pueblo determin\u00f3 la protecci\u00f3n del medio ambiente, as\u00ed como de los pueblos en aislamiento voluntario y reducir el \u00e1rea de explotaci\u00f3n petrolera. Con el decreto ejecutivo 751, se incumple todos estos aspectos, adem\u00e1s que se permiten nuevas exploraciones petroleras, lo cual genera graves problemas de violaci\u00f3n de derechos humanos, raz\u00f3n por la cual anunci\u00f3 que se recogen firmas para declarar la inconstitucionalidad de dicho decreto.<\/p>\n<p style=\"text-align: justify\">Mientras que el antrop\u00f3logo Roberto Narv\u00e1ez, del colectivo \u201cAl d\u00eda\u201d, mencion\u00f3 que no se puede reducir el \u00e1rea de amortiguamiento ya que existen grupos familiares que no s\u00f3lo son Waoranis, por ello, plante\u00f3 la necesidad de que los parlamentarios cuiden a este grupo de personas que se mueven de un lugar para otro en busca de sustento, subsistencia y sobrevivencia. Dijo que es necesario entender la importancia de lo que significa la territorialidad que utilizan estos pueblos. El decreto les afecta \u00a0por lo que se estar\u00eda incurriendo en la figura de genocido y etnocidio. Pidi\u00f3 que las pol\u00edticas p\u00fablicas est\u00e9n orientadas a garantizar los derechos de los pueblos y nacionalidades y en aislamiento voluntario.<\/p>\n<p style=\"text-align: justify\">El presidente de la Comisi\u00f3n de Biodiversidad, Alberto Zambrano y los miembros del organismo legislativo indicaron que el proceso de fiscalizaci\u00f3n que llevan adelante es justamente para defender los derechos de pueblos y nacionalidades, pueblos no contactados, de la naturaleza. En este sentido manifest\u00f3 que los pr\u00f3ximos d\u00edas est\u00e1n convocados los ministros de Ambiente y de Recursos Naturales no Renovables para que expliquen el alcance del decreto y las razones que motiv\u00f3 su aplicaci\u00f3n.<\/p>\n<p style=\"text-align: justify\">De all\u00ed la necesidad de convocar a sectores no gubernamentales, t\u00e9cnicos especialistas en normas de explotaci\u00f3n y exploraci\u00f3n y otros sectores para que expongan sus observaciones.<\/p>\n","protected":false},"excerpt":{"rendered":"<p>REDACCI\u00d3N NOTI-AM\u00c9RICA (ECUADOR) La Comisi\u00f3n de Biodiversidad se reuni\u00f3 con representantes de los Colectivos \u201cYasunidos\u201d, \u201cGeograf\u00eda Cr\u00edtica\u201d, \u201cAcci\u00f3n Ecol\u00f3gica\u201d y \u201cAl D\u00eda\u201d, quienes expresaron su preocupaci\u00f3n por la aplicaci\u00f3n del Decreto Ejecutivo 751 que&#46;&#46;&#46;<\/p>\n","protected":false},"author":17,"featured_media":4350,"comment_status":"open","ping_status":"open","sticky":false,"template":"","format":"standard","meta":{"_acf_changed":false,"om_disable_all_campaigns":false,"rop_custom_images_group":[],"rop_custom_messages_group":[],"rop_publish_now":"initial","rop_publish_now_accounts":{"twitter_242054905_242054905":""},"rop_publish_now_history":[],"rop_publish_now_status":"pending","_uf_show_specific_survey":0,"_uf_disable_surveys":false,"footnotes":""},"categories":[1],"tags":[],"class_list":["post-4349","post","type-post","status-publish","format-standard","has-post-thumbnail","hentry","category-uncategorized"],"acf":[],"aioseo_notices":[],"yoast_head":"<!-- This site is optimized with the Yoast SEO Premium plugin v24.9 (Yoast SEO v27.2) - https:\/\/yoast.com\/product\/yoast-seo-premium-wordpress\/ -->\n<title>Sectores no gubernamentales piden garantizar derechos de pueblos vulnerables - Ecuador | Noti-America.com<\/title>\n<meta name=\"robots\" content=\"index, follow, max-snippet:-1, max-image-preview:large, max-video-preview:-1\" \/>\n<link rel=\"canonical\" href=\"https:\/\/noti-america.com\/site\/ecuador\/2019\/06\/27\/sectores-no-gubernamentales-piden-garantizar-derechos-de-pueblos-vulnerables\/\" \/>\n<meta property=\"og:locale\" content=\"es_ES\" \/>\n<meta property=\"og:type\" content=\"article\" \/>\n<meta property=\"og:title\" content=\"Sectores no gubernamentales piden garantizar derechos de pueblos vulnerables\" \/>\n<meta property=\"og:description\" content=\"REDACCI\u00d3N NOTI-AM\u00c9RICA (ECUADOR) La Comisi\u00f3n de Biodiversidad se reuni\u00f3 con representantes de los Colectivos \u201cYasunidos\u201d, \u201cGeograf\u00eda Cr\u00edtica\u201d, \u201cAcci\u00f3n Ecol\u00f3gica\u201d y \u201cAl D\u00eda\u201d, quienes expresaron su preocupaci\u00f3n por la aplicaci\u00f3n del Decreto Ejecutivo 751 que&#046;&#046;&#046;\" \/>\n<meta property=\"og:url\" content=\"https:\/\/noti-america.com\/site\/ecuador\/2019\/06\/27\/sectores-no-gubernamentales-piden-garantizar-derechos-de-pueblos-vulnerables\/\" \/>\n<meta property=\"og:site_name\" content=\"Ecuador | Noti-America.com\" \/>\n<meta property=\"article:published_time\" content=\"2019-06-27T02:50:33+00:00\" \/>\n<meta property=\"og:image\" content=\"https:\/\/noti-america.com\/site\/ecuador\/wp-content\/uploads\/sites\/18\/2019\/06\/Comisi\u00f3n-de-Biodiversidad-y-representantes-de-los-Colectivos-\u201cYasunidos\u201d-\u201cGeograf\u00eda-Cr\u00edtica\u201d-\u201cAcci\u00f3n-Ecol\u00f3gica\u201d-y-\u201cAl-D\u00eda\u201d.jpg\" \/>\n\t<meta property=\"og:image:width\" content=\"420\" \/>\n\t<meta property=\"og:image:height\" content=\"280\" \/>\n\t<meta property=\"og:image:type\" content=\"image\/jpeg\" \/>\n<meta name=\"author\" content=\"Gregory Quintana Montiel\" \/>\n<meta name=\"twitter:card\" content=\"summary_large_image\" \/>\n<meta name=\"twitter:creator\" content=\"@gdgregori1\" \/>\n<meta name=\"twitter:site\" content=\"@notiamerica\" \/>\n<meta name=\"twitter:label1\" content=\"Escrito por\" \/>\n\t<meta name=\"twitter:data1\" content=\"Gregory Quintana Montiel\" \/>\n\t<meta name=\"twitter:label2\" content=\"Tiempo estimado de lectura\" \/>\n\t<meta name=\"twitter:data2\" content=\"4 minutos\" \/>\n<script type=\"application\/ld+json\" class=\"yoast-schema-graph\">{\"@context\":\"https:\/\/schema.org\",\"@graph\":[{\"@type\":\"Article\",\"@id\":\"https:\/\/noti-america.com\/site\/ecuador\/2019\/06\/27\/sectores-no-gubernamentales-piden-garantizar-derechos-de-pueblos-vulnerables\/#article\",\"isPartOf\":{\"@id\":\"https:\/\/noti-america.com\/site\/ecuador\/2019\/06\/27\/sectores-no-gubernamentales-piden-garantizar-derechos-de-pueblos-vulnerables\/\"},\"author\":{\"name\":\"Gregory Quintana Montiel\",\"@id\":\"https:\/\/noti-america.com\/site\/ecuador\/#\/schema\/person\/3b975e42f15abfe64bfe3abdd916efda\"},\"headline\":\"Sectores no gubernamentales piden garantizar derechos de pueblos vulnerables\",\"datePublished\":\"2019-06-27T02:50:33+00:00\",\"mainEntityOfPage\":{\"@id\":\"https:\/\/noti-america.com\/site\/ecuador\/2019\/06\/27\/sectores-no-gubernamentales-piden-garantizar-derechos-de-pueblos-vulnerables\/\"},\"wordCount\":906,\"commentCount\":0,\"publisher\":{\"@id\":\"https:\/\/noti-america.com\/site\/ecuador\/#organization\"},\"image\":{\"@id\":\"https:\/\/noti-america.com\/site\/ecuador\/2019\/06\/27\/sectores-no-gubernamentales-piden-garantizar-derechos-de-pueblos-vulnerables\/#primaryimage\"},\"thumbnailUrl\":\"https:\/\/noti-america.com\/site\/ecuador\/wp-content\/uploads\/sites\/18\/2019\/06\/Comisi\u00f3n-de-Biodiversidad-y-representantes-de-los-Colectivos-\u201cYasunidos\u201d-\u201cGeograf\u00eda-Cr\u00edtica\u201d-\u201cAcci\u00f3n-Ecol\u00f3gica\u201d-y-\u201cAl-D\u00eda\u201d.jpg\",\"articleSection\":[\"Uncategorized\"],\"inLanguage\":\"es\",\"potentialAction\":[{\"@type\":\"CommentAction\",\"name\":\"Comment\",\"target\":[\"https:\/\/noti-america.com\/site\/ecuador\/2019\/06\/27\/sectores-no-gubernamentales-piden-garantizar-derechos-de-pueblos-vulnerables\/#respond\"]}]},{\"@type\":\"WebPage\",\"@id\":\"https:\/\/noti-america.com\/site\/ecuador\/2019\/06\/27\/sectores-no-gubernamentales-piden-garantizar-derechos-de-pueblos-vulnerables\/\",\"url\":\"https:\/\/noti-america.com\/site\/ecuador\/2019\/06\/27\/sectores-no-gubernamentales-piden-garantizar-derechos-de-pueblos-vulnerables\/\",\"name\":\"Sectores no gubernamentales piden garantizar derechos de pueblos vulnerables - Ecuador | Noti-America.com\",\"isPartOf\":{\"@id\":\"https:\/\/noti-america.com\/site\/ecuador\/#website\"},\"primaryImageOfPage\":{\"@id\":\"https:\/\/noti-america.com\/site\/ecuador\/2019\/06\/27\/sectores-no-gubernamentales-piden-garantizar-derechos-de-pueblos-vulnerables\/#primaryimage\"},\"image\":{\"@id\":\"https:\/\/noti-america.com\/site\/ecuador\/2019\/06\/27\/sectores-no-gubernamentales-piden-garantizar-derechos-de-pueblos-vulnerables\/#primaryimage\"},\"thumbnailUrl\":\"https:\/\/noti-america.com\/site\/ecuador\/wp-content\/uploads\/sites\/18\/2019\/06\/Comisi\u00f3n-de-Biodiversidad-y-representantes-de-los-Colectivos-\u201cYasunidos\u201d-\u201cGeograf\u00eda-Cr\u00edtica\u201d-\u201cAcci\u00f3n-Ecol\u00f3gica\u201d-y-\u201cAl-D\u00eda\u201d.jpg\",\"datePublished\":\"2019-06-27T02:50:33+00:00\",\"breadcrumb\":{\"@id\":\"https:\/\/noti-america.com\/site\/ecuador\/2019\/06\/27\/sectores-no-gubernamentales-piden-garantizar-derechos-de-pueblos-vulnerables\/#breadcrumb\"},\"inLanguage\":\"es\",\"potentialAction\":[{\"@type\":\"ReadAction\",\"target\":[\"https:\/\/noti-america.com\/site\/ecuador\/2019\/06\/27\/sectores-no-gubernamentales-piden-garantizar-derechos-de-pueblos-vulnerables\/\"]}]},{\"@type\":\"ImageObject\",\"inLanguage\":\"es\",\"@id\":\"https:\/\/noti-america.com\/site\/ecuador\/2019\/06\/27\/sectores-no-gubernamentales-piden-garantizar-derechos-de-pueblos-vulnerables\/#primaryimage\",\"url\":\"https:\/\/noti-america.com\/site\/ecuador\/wp-content\/uploads\/sites\/18\/2019\/06\/Comisi\u00f3n-de-Biodiversidad-y-representantes-de-los-Colectivos-\u201cYasunidos\u201d-\u201cGeograf\u00eda-Cr\u00edtica\u201d-\u201cAcci\u00f3n-Ecol\u00f3gica\u201d-y-\u201cAl-D\u00eda\u201d.jpg\",\"contentUrl\":\"https:\/\/noti-america.com\/site\/ecuador\/wp-content\/uploads\/sites\/18\/2019\/06\/Comisi\u00f3n-de-Biodiversidad-y-representantes-de-los-Colectivos-\u201cYasunidos\u201d-\u201cGeograf\u00eda-Cr\u00edtica\u201d-\u201cAcci\u00f3n-Ecol\u00f3gica\u201d-y-\u201cAl-D\u00eda\u201d.jpg\",\"width\":420,\"height\":280,\"caption\":\"Pidieron garantizar los derechos de los pueblos vulnerables y en aislamiento voluntario\"},{\"@type\":\"BreadcrumbList\",\"@id\":\"https:\/\/noti-america.com\/site\/ecuador\/2019\/06\/27\/sectores-no-gubernamentales-piden-garantizar-derechos-de-pueblos-vulnerables\/#breadcrumb\",\"itemListElement\":[{\"@type\":\"ListItem\",\"position\":1,\"name\":\"Portada\",\"item\":\"https:\/\/noti-america.com\/site\/ecuador\/\"},{\"@type\":\"ListItem\",\"position\":2,\"name\":\"Sectores no gubernamentales piden garantizar derechos de pueblos vulnerables\"}]},{\"@type\":\"WebSite\",\"@id\":\"https:\/\/noti-america.com\/site\/ecuador\/#website\",\"url\":\"https:\/\/noti-america.com\/site\/ecuador\/\",\"name\":\"Ecuador | Noti-America.com\",\"description\":\"\",\"publisher\":{\"@id\":\"https:\/\/noti-america.com\/site\/ecuador\/#organization\"},\"potentialAction\":[{\"@type\":\"SearchAction\",\"target\":{\"@type\":\"EntryPoint\",\"urlTemplate\":\"https:\/\/noti-america.com\/site\/ecuador\/?s={search_term_string}\"},\"query-input\":{\"@type\":\"PropertyValueSpecification\",\"valueRequired\":true,\"valueName\":\"search_term_string\"}}],\"inLanguage\":\"es\"},{\"@type\":\"Organization\",\"@id\":\"https:\/\/noti-america.com\/site\/ecuador\/#organization\",\"name\":\"Noti-America LLC | Ecuador\",\"url\":\"https:\/\/noti-america.com\/site\/ecuador\/\",\"logo\":{\"@type\":\"ImageObject\",\"inLanguage\":\"es\",\"@id\":\"https:\/\/noti-america.com\/site\/ecuador\/#\/schema\/logo\/image\/\",\"url\":\"https:\/\/noti-america.com\/site\/ecuador\/wp-content\/uploads\/sites\/18\/2020\/07\/LogoNA-4x3-1.jpg\",\"contentUrl\":\"https:\/\/noti-america.com\/site\/ecuador\/wp-content\/uploads\/sites\/18\/2020\/07\/LogoNA-4x3-1.jpg\",\"width\":1236,\"height\":1080,\"caption\":\"Noti-America LLC | Ecuador\"},\"image\":{\"@id\":\"https:\/\/noti-america.com\/site\/ecuador\/#\/schema\/logo\/image\/\"},\"sameAs\":[\"https:\/\/x.com\/notiamerica\"]},{\"@type\":\"Person\",\"@id\":\"https:\/\/noti-america.com\/site\/ecuador\/#\/schema\/person\/3b975e42f15abfe64bfe3abdd916efda\",\"name\":\"Gregory Quintana Montiel\",\"image\":{\"@type\":\"ImageObject\",\"inLanguage\":\"es\",\"@id\":\"https:\/\/secure.gravatar.com\/avatar\/2d6b802f7720c2ec7744dcbe608cc2f3417aeb964d58b443c6d612b77531de1d?s=96&d=mm&r=g\",\"url\":\"https:\/\/secure.gravatar.com\/avatar\/2d6b802f7720c2ec7744dcbe608cc2f3417aeb964d58b443c6d612b77531de1d?s=96&d=mm&r=g\",\"contentUrl\":\"https:\/\/secure.gravatar.com\/avatar\/2d6b802f7720c2ec7744dcbe608cc2f3417aeb964d58b443c6d612b77531de1d?s=96&d=mm&r=g\",\"caption\":\"Gregory Quintana Montiel\"},\"description\":\"Licenciatura en Ciencias de la Comunicaci\u00f3n Social, egresado en la Especializaci\u00f3n Derecho Ambiental Desarrollo Sostenible y Sustentable, Miembro de la Comunidad de profesionales y experto para Latinoam\u00e9rica y el Caribe en Gesti\u00f3n por Resultado en el Desarrollo (COPLAC - GpRD) del Banco Interamericano de Desarrollo, experiencia en medios radiales y escritos.\",\"sameAs\":[\"https:\/\/x.com\/gdgregori1\",\"gquintana\"],\"url\":\"https:\/\/noti-america.com\/site\/ecuador\/author\/gquintana\/\"}]}<\/script>\n<!-- \/ Yoast SEO Premium plugin. -->","yoast_head_json":{"title":"Sectores no gubernamentales piden garantizar derechos de pueblos vulnerables - Ecuador | Noti-America.com","robots":{"index":"index","follow":"follow","max-snippet":"max-snippet:-1","max-image-preview":"max-image-preview:large","max-video-preview":"max-video-preview:-1"},"canonical":"https:\/\/noti-america.com\/site\/ecuador\/2019\/06\/27\/sectores-no-gubernamentales-piden-garantizar-derechos-de-pueblos-vulnerables\/","og_locale":"es_ES","og_type":"article","og_title":"Sectores no gubernamentales piden garantizar derechos de pueblos vulnerables","og_description":"REDACCI\u00d3N NOTI-AM\u00c9RICA (ECUADOR) La Comisi\u00f3n de Biodiversidad se reuni\u00f3 con representantes de los Colectivos \u201cYasunidos\u201d, \u201cGeograf\u00eda Cr\u00edtica\u201d, \u201cAcci\u00f3n Ecol\u00f3gica\u201d y \u201cAl D\u00eda\u201d, quienes expresaron su preocupaci\u00f3n por la aplicaci\u00f3n del Decreto Ejecutivo 751 que&#46;&#46;&#46;","og_url":"https:\/\/noti-america.com\/site\/ecuador\/2019\/06\/27\/sectores-no-gubernamentales-piden-garantizar-derechos-de-pueblos-vulnerables\/","og_site_name":"Ecuador | Noti-America.com","article_published_time":"2019-06-27T02:50:33+00:00","og_image":[{"width":420,"height":280,"url":"https:\/\/noti-america.com\/site\/ecuador\/wp-content\/uploads\/sites\/18\/2019\/06\/Comisi\u00f3n-de-Biodiversidad-y-representantes-de-los-Colectivos-\u201cYasunidos\u201d-\u201cGeograf\u00eda-Cr\u00edtica\u201d-\u201cAcci\u00f3n-Ecol\u00f3gica\u201d-y-\u201cAl-D\u00eda\u201d.jpg","type":"image\/jpeg"}],"author":"Gregory Quintana Montiel","twitter_card":"summary_large_image","twitter_creator":"@gdgregori1","twitter_site":"@notiamerica","twitter_misc":{"Escrito por":"Gregory Quintana Montiel","Tiempo estimado de lectura":"4 minutos"},"schema":{"@context":"https:\/\/schema.org","@graph":[{"@type":"Article","@id":"https:\/\/noti-america.com\/site\/ecuador\/2019\/06\/27\/sectores-no-gubernamentales-piden-garantizar-derechos-de-pueblos-vulnerables\/#article","isPartOf":{"@id":"https:\/\/noti-america.com\/site\/ecuador\/2019\/06\/27\/sectores-no-gubernamentales-piden-garantizar-derechos-de-pueblos-vulnerables\/"},"author":{"name":"Gregory Quintana Montiel","@id":"https:\/\/noti-america.com\/site\/ecuador\/#\/schema\/person\/3b975e42f15abfe64bfe3abdd916efda"},"headline":"Sectores no gubernamentales piden garantizar derechos de pueblos vulnerables","datePublished":"2019-06-27T02:50:33+00:00","mainEntityOfPage":{"@id":"https:\/\/noti-america.com\/site\/ecuador\/2019\/06\/27\/sectores-no-gubernamentales-piden-garantizar-derechos-de-pueblos-vulnerables\/"},"wordCount":906,"commentCount":0,"publisher":{"@id":"https:\/\/noti-america.com\/site\/ecuador\/#organization"},"image":{"@id":"https:\/\/noti-america.com\/site\/ecuador\/2019\/06\/27\/sectores-no-gubernamentales-piden-garantizar-derechos-de-pueblos-vulnerables\/#primaryimage"},"thumbnailUrl":"https:\/\/noti-america.com\/site\/ecuador\/wp-content\/uploads\/sites\/18\/2019\/06\/Comisi\u00f3n-de-Biodiversidad-y-representantes-de-los-Colectivos-\u201cYasunidos\u201d-\u201cGeograf\u00eda-Cr\u00edtica\u201d-\u201cAcci\u00f3n-Ecol\u00f3gica\u201d-y-\u201cAl-D\u00eda\u201d.jpg","articleSection":["Uncategorized"],"inLanguage":"es","potentialAction":[{"@type":"CommentAction","name":"Comment","target":["https:\/\/noti-america.com\/site\/ecuador\/2019\/06\/27\/sectores-no-gubernamentales-piden-garantizar-derechos-de-pueblos-vulnerables\/#respond"]}]},{"@type":"WebPage","@id":"https:\/\/noti-america.com\/site\/ecuador\/2019\/06\/27\/sectores-no-gubernamentales-piden-garantizar-derechos-de-pueblos-vulnerables\/","url":"https:\/\/noti-america.com\/site\/ecuador\/2019\/06\/27\/sectores-no-gubernamentales-piden-garantizar-derechos-de-pueblos-vulnerables\/","name":"Sectores no gubernamentales piden garantizar derechos de pueblos vulnerables - Ecuador | Noti-America.com","isPartOf":{"@id":"https:\/\/noti-america.com\/site\/ecuador\/#website"},"primaryImageOfPage":{"@id":"https:\/\/noti-america.com\/site\/ecuador\/2019\/06\/27\/sectores-no-gubernamentales-piden-garantizar-derechos-de-pueblos-vulnerables\/#primaryimage"},"image":{"@id":"https:\/\/noti-america.com\/site\/ecuador\/2019\/06\/27\/sectores-no-gubernamentales-piden-garantizar-derechos-de-pueblos-vulnerables\/#primaryimage"},"thumbnailUrl":"https:\/\/noti-america.com\/site\/ecuador\/wp-content\/uploads\/sites\/18\/2019\/06\/Comisi\u00f3n-de-Biodiversidad-y-representantes-de-los-Colectivos-\u201cYasunidos\u201d-\u201cGeograf\u00eda-Cr\u00edtica\u201d-\u201cAcci\u00f3n-Ecol\u00f3gica\u201d-y-\u201cAl-D\u00eda\u201d.jpg","datePublished":"2019-06-27T02:50:33+00:00","breadcrumb":{"@id":"https:\/\/noti-america.com\/site\/ecuador\/2019\/06\/27\/sectores-no-gubernamentales-piden-garantizar-derechos-de-pueblos-vulnerables\/#breadcrumb"},"inLanguage":"es","potentialAction":[{"@type":"ReadAction","target":["https:\/\/noti-america.com\/site\/ecuador\/2019\/06\/27\/sectores-no-gubernamentales-piden-garantizar-derechos-de-pueblos-vulnerables\/"]}]},{"@type":"ImageObject","inLanguage":"es","@id":"https:\/\/noti-america.com\/site\/ecuador\/2019\/06\/27\/sectores-no-gubernamentales-piden-garantizar-derechos-de-pueblos-vulnerables\/#primaryimage","url":"https:\/\/noti-america.com\/site\/ecuador\/wp-content\/uploads\/sites\/18\/2019\/06\/Comisi\u00f3n-de-Biodiversidad-y-representantes-de-los-Colectivos-\u201cYasunidos\u201d-\u201cGeograf\u00eda-Cr\u00edtica\u201d-\u201cAcci\u00f3n-Ecol\u00f3gica\u201d-y-\u201cAl-D\u00eda\u201d.jpg","contentUrl":"https:\/\/noti-america.com\/site\/ecuador\/wp-content\/uploads\/sites\/18\/2019\/06\/Comisi\u00f3n-de-Biodiversidad-y-representantes-de-los-Colectivos-\u201cYasunidos\u201d-\u201cGeograf\u00eda-Cr\u00edtica\u201d-\u201cAcci\u00f3n-Ecol\u00f3gica\u201d-y-\u201cAl-D\u00eda\u201d.jpg","width":420,"height":280,"caption":"Pidieron garantizar los derechos de los pueblos vulnerables y en aislamiento voluntario"},{"@type":"BreadcrumbList","@id":"https:\/\/noti-america.com\/site\/ecuador\/2019\/06\/27\/sectores-no-gubernamentales-piden-garantizar-derechos-de-pueblos-vulnerables\/#breadcrumb","itemListElement":[{"@type":"ListItem","position":1,"name":"Portada","item":"https:\/\/noti-america.com\/site\/ecuador\/"},{"@type":"ListItem","position":2,"name":"Sectores no gubernamentales piden garantizar derechos de pueblos vulnerables"}]},{"@type":"WebSite","@id":"https:\/\/noti-america.com\/site\/ecuador\/#website","url":"https:\/\/noti-america.com\/site\/ecuador\/","name":"Ecuador | Noti-America.com","description":"","publisher":{"@id":"https:\/\/noti-america.com\/site\/ecuador\/#organization"},"potentialAction":[{"@type":"SearchAction","target":{"@type":"EntryPoint","urlTemplate":"https:\/\/noti-america.com\/site\/ecuador\/?s={search_term_string}"},"query-input":{"@type":"PropertyValueSpecification","valueRequired":true,"valueName":"search_term_string"}}],"inLanguage":"es"},{"@type":"Organization","@id":"https:\/\/noti-america.com\/site\/ecuador\/#organization","name":"Noti-America LLC | Ecuador","url":"https:\/\/noti-america.com\/site\/ecuador\/","logo":{"@type":"ImageObject","inLanguage":"es","@id":"https:\/\/noti-america.com\/site\/ecuador\/#\/schema\/logo\/image\/","url":"https:\/\/noti-america.com\/site\/ecuador\/wp-content\/uploads\/sites\/18\/2020\/07\/LogoNA-4x3-1.jpg","contentUrl":"https:\/\/noti-america.com\/site\/ecuador\/wp-content\/uploads\/sites\/18\/2020\/07\/LogoNA-4x3-1.jpg","width":1236,"height":1080,"caption":"Noti-America LLC | Ecuador"},"image":{"@id":"https:\/\/noti-america.com\/site\/ecuador\/#\/schema\/logo\/image\/"},"sameAs":["https:\/\/x.com\/notiamerica"]},{"@type":"Person","@id":"https:\/\/noti-america.com\/site\/ecuador\/#\/schema\/person\/3b975e42f15abfe64bfe3abdd916efda","name":"Gregory Quintana Montiel","image":{"@type":"ImageObject","inLanguage":"es","@id":"https:\/\/secure.gravatar.com\/avatar\/2d6b802f7720c2ec7744dcbe608cc2f3417aeb964d58b443c6d612b77531de1d?s=96&d=mm&r=g","url":"https:\/\/secure.gravatar.com\/avatar\/2d6b802f7720c2ec7744dcbe608cc2f3417aeb964d58b443c6d612b77531de1d?s=96&d=mm&r=g","contentUrl":"https:\/\/secure.gravatar.com\/avatar\/2d6b802f7720c2ec7744dcbe608cc2f3417aeb964d58b443c6d612b77531de1d?s=96&d=mm&r=g","caption":"Gregory Quintana Montiel"},"description":"Licenciatura en Ciencias de la Comunicaci\u00f3n Social, egresado en la Especializaci\u00f3n Derecho Ambiental Desarrollo Sostenible y Sustentable, Miembro de la Comunidad de profesionales y experto para Latinoam\u00e9rica y el Caribe en Gesti\u00f3n por Resultado en el Desarrollo (COPLAC - GpRD) del Banco Interamericano de Desarrollo, experiencia en medios radiales y escritos.","sameAs":["https:\/\/x.com\/gdgregori1","gquintana"],"url":"https:\/\/noti-america.com\/site\/ecuador\/author\/gquintana\/"}]}},"_links":{"self":[{"href":"https:\/\/noti-america.com\/site\/ecuador\/wp-json\/wp\/v2\/posts\/4349","targetHints":{"allow":["GET"]}}],"collection":[{"href":"https:\/\/noti-america.com\/site\/ecuador\/wp-json\/wp\/v2\/posts"}],"about":[{"href":"https:\/\/noti-america.com\/site\/ecuador\/wp-json\/wp\/v2\/types\/post"}],"author":[{"embeddable":true,"href":"https:\/\/noti-america.com\/site\/ecuador\/wp-json\/wp\/v2\/users\/17"}],"replies":[{"embeddable":true,"href":"https:\/\/noti-america.com\/site\/ecuador\/wp-json\/wp\/v2\/comments?post=4349"}],"version-history":[{"count":1,"href":"https:\/\/noti-america.com\/site\/ecuador\/wp-json\/wp\/v2\/posts\/4349\/revisions"}],"predecessor-version":[{"id":4351,"href":"https:\/\/noti-america.com\/site\/ecuador\/wp-json\/wp\/v2\/posts\/4349\/revisions\/4351"}],"wp:featuredmedia":[{"embeddable":true,"href":"https:\/\/noti-america.com\/site\/ecuador\/wp-json\/wp\/v2\/media\/4350"}],"wp:attachment":[{"href":"https:\/\/noti-america.com\/site\/ecuador\/wp-json\/wp\/v2\/media?parent=4349"}],"wp:term":[{"taxonomy":"category","embeddable":true,"href":"https:\/\/noti-america.com\/site\/ecuador\/wp-json\/wp\/v2\/categories?post=4349"},{"taxonomy":"post_tag","embeddable":true,"href":"https:\/\/noti-america.com\/site\/ecuador\/wp-json\/wp\/v2\/tags?post=4349"}],"curies":[{"name":"wp","href":"https:\/\/api.w.org\/{rel}","templated":true}]}}