{"id":4236,"date":"2019-06-21T02:57:06","date_gmt":"2019-06-21T02:57:06","guid":{"rendered":"http:\/\/noti-america.com\/site\/ecuador\/?p=4236"},"modified":"2019-06-21T02:57:06","modified_gmt":"2019-06-21T02:57:06","slug":"asamblea-respalda-reforma-que-establece-la-comunicacion-como-un-derecho-y-no-un-servicio-publico","status":"publish","type":"post","link":"https:\/\/noti-america.com\/site\/ecuador\/2019\/06\/21\/asamblea-respalda-reforma-que-establece-la-comunicacion-como-un-derecho-y-no-un-servicio-publico\/","title":{"rendered":"Asamblea respalda reforma que establece la comunicaci\u00f3n como un derecho y no un servicio p\u00fablico"},"content":{"rendered":"<p>REDACCI\u00d3N NOTI-AM\u00c9RICA (ECUADOR)<\/p>\n<p style=\"text-align: justify\">El proyecto de reforma al art\u00edculo 5 de la Ley Org\u00e1nica de Comunicaci\u00f3n, presentado por el Ejecutivo, propone que la comunicaci\u00f3n sea concebida con un derecho humano, mas no como un servicio p\u00fablico, tal como lo se\u00f1ala la Corte Interamericana de Derechos Humanos (CIDH). El pensamiento y la informaci\u00f3n de las personas no pueden estar tutelado por la administraci\u00f3n p\u00fablica. El derecho de todo colectivo e individuo de pensar y expresarse no puede ser regulado como un servicio p\u00fablico, se resalt\u00f3 en el primer debate en el Pleno.<\/p>\n<p style=\"text-align: justify\">El informe presentado por la Comisi\u00f3n de Derechos Colectivos establece que los medios de comunicaci\u00f3n social son instrumentos impresos, de servicio de radio, televisi\u00f3n, aptos para transmitir, divulgar, difundir o propagar, en forma estable y peri\u00f3dica, textos, sonidos o im\u00e1genes destinados a la poblaci\u00f3n. Prev\u00e9 que los medios de comunicaci\u00f3n social son de propiedad de personas naturales o jur\u00eddicas, p\u00fablicos o privados, organizaciones sociales o comunitarias, cuyo objeto es la prestaci\u00f3n de servicios de divulgaci\u00f3n o intercambio de contenidos.<\/p>\n<p style=\"text-align: justify\">Jaime Olivo, presidente de la Comisi\u00f3n de Derechos Colectivos, resalt\u00f3 que la Constituci\u00f3n garantiza el derecho a la comunicaci\u00f3n. La Comisi\u00f3n tom\u00f3 en cuenta adem\u00e1s, las recomendaciones de organismos internacionales como la CIDH, la Organizaci\u00f3n de Naciones Unidas (ONU).<\/p>\n<p style=\"text-align: justify\">La recomendaci\u00f3n de estas instancias es que la libertad de opini\u00f3n y de expresi\u00f3n son condiciones indispensables para el pleno desarrollo de la persona. Son fundamentales para toda sociedad y constituyen la piedra angular de todas las sociedades libres y democr\u00e1ticas. Ambas libertades est\u00e1n estrechamente relacionadas entre s\u00ed, dado que la libertad de expresi\u00f3n constituye el medio para intercambiar y formular opiniones.<\/p>\n<p style=\"text-align: justify\">De esta manera, dijo que la comunicaci\u00f3n es un derecho humano mas no un servicio p\u00fablico. El derecho a la comunicaci\u00f3n, el cual tiene un reconocimiento pleno para las personas, tanto en forma individual como colectiva, incluye el derecho a una comunicaci\u00f3n libre, intercultural, incluyente, diversa y participativa, en todos los \u00e1mbitos de la interacci\u00f3n social, por cualquier medio y forma, en su propia lengua y en sus propios s\u00edmbolos, agreg\u00f3.<\/p>\n<p style=\"text-align: justify\">A\u00f1adi\u00f3 que el derecho a la comunicaci\u00f3n implica el derecho a participar en los procesos de comunicaci\u00f3n, es decir, que las personas no solo tienen derecho a recibir programas y servicios informativos, sino que tienen derecho al uso y acceso a los recursos de la comunicaci\u00f3n. Enfatiz\u00f3 que la libertad de expresi\u00f3n es un pilar fundamental de la democracia y garantiza a las personas la posibilidad de expresar, buscar y recibir informaci\u00f3n o ideas de toda naturaleza.<\/p>\n<p style=\"text-align: justify\">En el debate, los legisladores sostuvieron que \u201cla comunicaci\u00f3n no es agua potable, luz el\u00e9ctrica, ni alcantarillado, por tanto, no es un servicio p\u00fablico, sino un derecho humano de todos los ecuatorianos\u201d. Respaldaron el proyecto de reformas al art\u00edculo 5 de la Ley de Comunicaci\u00f3n.<\/p>\n<p style=\"text-align: justify\">Los legisladores, reiteraron que la comunicaci\u00f3n es un derecho contemplado en la Constituci\u00f3n y como tal debe ser protegido y garantizado por el Estado. El ciudadano tiene derecho a buscar, recibir, intercambiar, producir y difundir informaci\u00f3n sin censura previa. As\u00ed mismo, consideraron la necesidad de eliminar todo riesgo de regular la opini\u00f3n que se emite a trav\u00e9s de las redes sociales.<\/p>\n<p style=\"text-align: justify\">Finalmente, resaltaron que la comunicaci\u00f3n ha tenido avances importantes y recordaron la declaratoria de inconstitucionalidad, por parte de la Corte Constitucional a las enmiendas que defin\u00edan a la comunicaci\u00f3n como un servicio p\u00fablico, por lo que se ratific\u00f3 como un derecho. La Comisi\u00f3n de Derechos Colectivos deber\u00e1 elaborar el informe para segundo debate.<\/p>\n","protected":false},"excerpt":{"rendered":"<p>REDACCI\u00d3N NOTI-AM\u00c9RICA (ECUADOR) El proyecto de reforma al art\u00edculo 5 de la Ley Org\u00e1nica de Comunicaci\u00f3n, presentado por el Ejecutivo, propone que la comunicaci\u00f3n sea concebida con un derecho humano, mas no como un&#46;&#46;&#46;<\/p>\n","protected":false},"author":17,"featured_media":4237,"comment_status":"open","ping_status":"open","sticky":false,"template":"","format":"standard","meta":{"_acf_changed":false,"om_disable_all_campaigns":false,"rop_custom_images_group":[],"rop_custom_messages_group":[],"rop_publish_now":"initial","rop_publish_now_accounts":{"twitter_242054905_242054905":""},"rop_publish_now_history":[],"rop_publish_now_status":"pending","_uf_show_specific_survey":0,"_uf_disable_surveys":false,"footnotes":""},"categories":[34],"tags":[],"class_list":["post-4236","post","type-post","status-publish","format-standard","has-post-thumbnail","hentry","category-politica-opinion"],"acf":[],"aioseo_notices":[],"yoast_head":"<!-- This site is optimized with the Yoast SEO Premium plugin v24.9 (Yoast SEO v27.2) - https:\/\/yoast.com\/product\/yoast-seo-premium-wordpress\/ -->\n<title>Asamblea respalda reforma que establece la comunicaci\u00f3n como un derecho y no un servicio p\u00fablico - Ecuador | Noti-America.com<\/title>\n<meta name=\"robots\" content=\"index, follow, max-snippet:-1, max-image-preview:large, max-video-preview:-1\" \/>\n<link rel=\"canonical\" href=\"https:\/\/noti-america.com\/site\/ecuador\/2019\/06\/21\/asamblea-respalda-reforma-que-establece-la-comunicacion-como-un-derecho-y-no-un-servicio-publico\/\" \/>\n<meta property=\"og:locale\" content=\"es_ES\" \/>\n<meta property=\"og:type\" content=\"article\" \/>\n<meta property=\"og:title\" content=\"Asamblea respalda reforma que establece la comunicaci\u00f3n como un derecho y no un servicio p\u00fablico\" \/>\n<meta property=\"og:description\" content=\"REDACCI\u00d3N NOTI-AM\u00c9RICA (ECUADOR) El proyecto de reforma al art\u00edculo 5 de la Ley Org\u00e1nica de Comunicaci\u00f3n, presentado por el Ejecutivo, propone que la comunicaci\u00f3n sea concebida con un derecho humano, mas no como un&#046;&#046;&#046;\" \/>\n<meta property=\"og:url\" content=\"https:\/\/noti-america.com\/site\/ecuador\/2019\/06\/21\/asamblea-respalda-reforma-que-establece-la-comunicacion-como-un-derecho-y-no-un-servicio-publico\/\" \/>\n<meta property=\"og:site_name\" content=\"Ecuador | Noti-America.com\" \/>\n<meta property=\"article:published_time\" content=\"2019-06-21T02:57:06+00:00\" \/>\n<meta property=\"og:image\" content=\"https:\/\/noti-america.com\/site\/ecuador\/wp-content\/uploads\/sites\/18\/2019\/06\/Pleno-de-la-Asamblea-1.jpg\" \/>\n\t<meta property=\"og:image:width\" content=\"420\" \/>\n\t<meta property=\"og:image:height\" content=\"280\" \/>\n\t<meta property=\"og:image:type\" content=\"image\/jpeg\" \/>\n<meta name=\"author\" content=\"Gregory Quintana Montiel\" \/>\n<meta name=\"twitter:card\" content=\"summary_large_image\" \/>\n<meta name=\"twitter:creator\" content=\"@gdgregori1\" \/>\n<meta name=\"twitter:site\" content=\"@notiamerica\" \/>\n<meta name=\"twitter:label1\" content=\"Escrito por\" \/>\n\t<meta name=\"twitter:data1\" content=\"Gregory Quintana Montiel\" \/>\n\t<meta name=\"twitter:label2\" content=\"Tiempo estimado de lectura\" \/>\n\t<meta name=\"twitter:data2\" content=\"3 minutos\" \/>\n<script type=\"application\/ld+json\" class=\"yoast-schema-graph\">{\"@context\":\"https:\/\/schema.org\",\"@graph\":[{\"@type\":\"Article\",\"@id\":\"https:\/\/noti-america.com\/site\/ecuador\/2019\/06\/21\/asamblea-respalda-reforma-que-establece-la-comunicacion-como-un-derecho-y-no-un-servicio-publico\/#article\",\"isPartOf\":{\"@id\":\"https:\/\/noti-america.com\/site\/ecuador\/2019\/06\/21\/asamblea-respalda-reforma-que-establece-la-comunicacion-como-un-derecho-y-no-un-servicio-publico\/\"},\"author\":{\"name\":\"Gregory Quintana Montiel\",\"@id\":\"https:\/\/noti-america.com\/site\/ecuador\/#\/schema\/person\/3b975e42f15abfe64bfe3abdd916efda\"},\"headline\":\"Asamblea respalda reforma que establece la comunicaci\u00f3n como un derecho y no un servicio p\u00fablico\",\"datePublished\":\"2019-06-21T02:57:06+00:00\",\"mainEntityOfPage\":{\"@id\":\"https:\/\/noti-america.com\/site\/ecuador\/2019\/06\/21\/asamblea-respalda-reforma-que-establece-la-comunicacion-como-un-derecho-y-no-un-servicio-publico\/\"},\"wordCount\":655,\"commentCount\":0,\"publisher\":{\"@id\":\"https:\/\/noti-america.com\/site\/ecuador\/#organization\"},\"image\":{\"@id\":\"https:\/\/noti-america.com\/site\/ecuador\/2019\/06\/21\/asamblea-respalda-reforma-que-establece-la-comunicacion-como-un-derecho-y-no-un-servicio-publico\/#primaryimage\"},\"thumbnailUrl\":\"https:\/\/noti-america.com\/site\/ecuador\/wp-content\/uploads\/sites\/18\/2019\/06\/Pleno-de-la-Asamblea-1.jpg\",\"articleSection\":[\"Pol\u00edtica\"],\"inLanguage\":\"es\",\"potentialAction\":[{\"@type\":\"CommentAction\",\"name\":\"Comment\",\"target\":[\"https:\/\/noti-america.com\/site\/ecuador\/2019\/06\/21\/asamblea-respalda-reforma-que-establece-la-comunicacion-como-un-derecho-y-no-un-servicio-publico\/#respond\"]}]},{\"@type\":\"WebPage\",\"@id\":\"https:\/\/noti-america.com\/site\/ecuador\/2019\/06\/21\/asamblea-respalda-reforma-que-establece-la-comunicacion-como-un-derecho-y-no-un-servicio-publico\/\",\"url\":\"https:\/\/noti-america.com\/site\/ecuador\/2019\/06\/21\/asamblea-respalda-reforma-que-establece-la-comunicacion-como-un-derecho-y-no-un-servicio-publico\/\",\"name\":\"Asamblea respalda reforma que establece la comunicaci\u00f3n como un derecho y no un servicio p\u00fablico - Ecuador | Noti-America.com\",\"isPartOf\":{\"@id\":\"https:\/\/noti-america.com\/site\/ecuador\/#website\"},\"primaryImageOfPage\":{\"@id\":\"https:\/\/noti-america.com\/site\/ecuador\/2019\/06\/21\/asamblea-respalda-reforma-que-establece-la-comunicacion-como-un-derecho-y-no-un-servicio-publico\/#primaryimage\"},\"image\":{\"@id\":\"https:\/\/noti-america.com\/site\/ecuador\/2019\/06\/21\/asamblea-respalda-reforma-que-establece-la-comunicacion-como-un-derecho-y-no-un-servicio-publico\/#primaryimage\"},\"thumbnailUrl\":\"https:\/\/noti-america.com\/site\/ecuador\/wp-content\/uploads\/sites\/18\/2019\/06\/Pleno-de-la-Asamblea-1.jpg\",\"datePublished\":\"2019-06-21T02:57:06+00:00\",\"breadcrumb\":{\"@id\":\"https:\/\/noti-america.com\/site\/ecuador\/2019\/06\/21\/asamblea-respalda-reforma-que-establece-la-comunicacion-como-un-derecho-y-no-un-servicio-publico\/#breadcrumb\"},\"inLanguage\":\"es\",\"potentialAction\":[{\"@type\":\"ReadAction\",\"target\":[\"https:\/\/noti-america.com\/site\/ecuador\/2019\/06\/21\/asamblea-respalda-reforma-que-establece-la-comunicacion-como-un-derecho-y-no-un-servicio-publico\/\"]}]},{\"@type\":\"ImageObject\",\"inLanguage\":\"es\",\"@id\":\"https:\/\/noti-america.com\/site\/ecuador\/2019\/06\/21\/asamblea-respalda-reforma-que-establece-la-comunicacion-como-un-derecho-y-no-un-servicio-publico\/#primaryimage\",\"url\":\"https:\/\/noti-america.com\/site\/ecuador\/wp-content\/uploads\/sites\/18\/2019\/06\/Pleno-de-la-Asamblea-1.jpg\",\"contentUrl\":\"https:\/\/noti-america.com\/site\/ecuador\/wp-content\/uploads\/sites\/18\/2019\/06\/Pleno-de-la-Asamblea-1.jpg\",\"width\":420,\"height\":280,\"caption\":\"El proyecto de reforma al art\u00edculo 5 de la Ley Org\u00e1nica de Comunicaci\u00f3n, presentado por el Ejecutivo, propone que la comunicaci\u00f3n sea concebida con un derecho humano\"},{\"@type\":\"BreadcrumbList\",\"@id\":\"https:\/\/noti-america.com\/site\/ecuador\/2019\/06\/21\/asamblea-respalda-reforma-que-establece-la-comunicacion-como-un-derecho-y-no-un-servicio-publico\/#breadcrumb\",\"itemListElement\":[{\"@type\":\"ListItem\",\"position\":1,\"name\":\"Portada\",\"item\":\"https:\/\/noti-america.com\/site\/ecuador\/\"},{\"@type\":\"ListItem\",\"position\":2,\"name\":\"Asamblea respalda reforma que establece la comunicaci\u00f3n como un derecho y no un servicio p\u00fablico\"}]},{\"@type\":\"WebSite\",\"@id\":\"https:\/\/noti-america.com\/site\/ecuador\/#website\",\"url\":\"https:\/\/noti-america.com\/site\/ecuador\/\",\"name\":\"Ecuador | Noti-America.com\",\"description\":\"\",\"publisher\":{\"@id\":\"https:\/\/noti-america.com\/site\/ecuador\/#organization\"},\"potentialAction\":[{\"@type\":\"SearchAction\",\"target\":{\"@type\":\"EntryPoint\",\"urlTemplate\":\"https:\/\/noti-america.com\/site\/ecuador\/?s={search_term_string}\"},\"query-input\":{\"@type\":\"PropertyValueSpecification\",\"valueRequired\":true,\"valueName\":\"search_term_string\"}}],\"inLanguage\":\"es\"},{\"@type\":\"Organization\",\"@id\":\"https:\/\/noti-america.com\/site\/ecuador\/#organization\",\"name\":\"Noti-America LLC | Ecuador\",\"url\":\"https:\/\/noti-america.com\/site\/ecuador\/\",\"logo\":{\"@type\":\"ImageObject\",\"inLanguage\":\"es\",\"@id\":\"https:\/\/noti-america.com\/site\/ecuador\/#\/schema\/logo\/image\/\",\"url\":\"https:\/\/noti-america.com\/site\/ecuador\/wp-content\/uploads\/sites\/18\/2020\/07\/LogoNA-4x3-1.jpg\",\"contentUrl\":\"https:\/\/noti-america.com\/site\/ecuador\/wp-content\/uploads\/sites\/18\/2020\/07\/LogoNA-4x3-1.jpg\",\"width\":1236,\"height\":1080,\"caption\":\"Noti-America LLC | Ecuador\"},\"image\":{\"@id\":\"https:\/\/noti-america.com\/site\/ecuador\/#\/schema\/logo\/image\/\"},\"sameAs\":[\"https:\/\/x.com\/notiamerica\"]},{\"@type\":\"Person\",\"@id\":\"https:\/\/noti-america.com\/site\/ecuador\/#\/schema\/person\/3b975e42f15abfe64bfe3abdd916efda\",\"name\":\"Gregory Quintana Montiel\",\"image\":{\"@type\":\"ImageObject\",\"inLanguage\":\"es\",\"@id\":\"https:\/\/secure.gravatar.com\/avatar\/2d6b802f7720c2ec7744dcbe608cc2f3417aeb964d58b443c6d612b77531de1d?s=96&d=mm&r=g\",\"url\":\"https:\/\/secure.gravatar.com\/avatar\/2d6b802f7720c2ec7744dcbe608cc2f3417aeb964d58b443c6d612b77531de1d?s=96&d=mm&r=g\",\"contentUrl\":\"https:\/\/secure.gravatar.com\/avatar\/2d6b802f7720c2ec7744dcbe608cc2f3417aeb964d58b443c6d612b77531de1d?s=96&d=mm&r=g\",\"caption\":\"Gregory Quintana Montiel\"},\"description\":\"Licenciatura en Ciencias de la Comunicaci\u00f3n Social, egresado en la Especializaci\u00f3n Derecho Ambiental Desarrollo Sostenible y Sustentable, Miembro de la Comunidad de profesionales y experto para Latinoam\u00e9rica y el Caribe en Gesti\u00f3n por Resultado en el Desarrollo (COPLAC - GpRD) del Banco Interamericano de Desarrollo, experiencia en medios radiales y escritos.\",\"sameAs\":[\"https:\/\/x.com\/gdgregori1\",\"gquintana\"],\"url\":\"https:\/\/noti-america.com\/site\/ecuador\/author\/gquintana\/\"}]}<\/script>\n<!-- \/ Yoast SEO Premium plugin. -->","yoast_head_json":{"title":"Asamblea respalda reforma que establece la comunicaci\u00f3n como un derecho y no un servicio p\u00fablico - Ecuador | Noti-America.com","robots":{"index":"index","follow":"follow","max-snippet":"max-snippet:-1","max-image-preview":"max-image-preview:large","max-video-preview":"max-video-preview:-1"},"canonical":"https:\/\/noti-america.com\/site\/ecuador\/2019\/06\/21\/asamblea-respalda-reforma-que-establece-la-comunicacion-como-un-derecho-y-no-un-servicio-publico\/","og_locale":"es_ES","og_type":"article","og_title":"Asamblea respalda reforma que establece la comunicaci\u00f3n como un derecho y no un servicio p\u00fablico","og_description":"REDACCI\u00d3N NOTI-AM\u00c9RICA (ECUADOR) El proyecto de reforma al art\u00edculo 5 de la Ley Org\u00e1nica de Comunicaci\u00f3n, presentado por el Ejecutivo, propone que la comunicaci\u00f3n sea concebida con un derecho humano, mas no como un&#46;&#46;&#46;","og_url":"https:\/\/noti-america.com\/site\/ecuador\/2019\/06\/21\/asamblea-respalda-reforma-que-establece-la-comunicacion-como-un-derecho-y-no-un-servicio-publico\/","og_site_name":"Ecuador | Noti-America.com","article_published_time":"2019-06-21T02:57:06+00:00","og_image":[{"width":420,"height":280,"url":"https:\/\/noti-america.com\/site\/ecuador\/wp-content\/uploads\/sites\/18\/2019\/06\/Pleno-de-la-Asamblea-1.jpg","type":"image\/jpeg"}],"author":"Gregory Quintana Montiel","twitter_card":"summary_large_image","twitter_creator":"@gdgregori1","twitter_site":"@notiamerica","twitter_misc":{"Escrito por":"Gregory Quintana Montiel","Tiempo estimado de lectura":"3 minutos"},"schema":{"@context":"https:\/\/schema.org","@graph":[{"@type":"Article","@id":"https:\/\/noti-america.com\/site\/ecuador\/2019\/06\/21\/asamblea-respalda-reforma-que-establece-la-comunicacion-como-un-derecho-y-no-un-servicio-publico\/#article","isPartOf":{"@id":"https:\/\/noti-america.com\/site\/ecuador\/2019\/06\/21\/asamblea-respalda-reforma-que-establece-la-comunicacion-como-un-derecho-y-no-un-servicio-publico\/"},"author":{"name":"Gregory Quintana Montiel","@id":"https:\/\/noti-america.com\/site\/ecuador\/#\/schema\/person\/3b975e42f15abfe64bfe3abdd916efda"},"headline":"Asamblea respalda reforma que establece la comunicaci\u00f3n como un derecho y no un servicio p\u00fablico","datePublished":"2019-06-21T02:57:06+00:00","mainEntityOfPage":{"@id":"https:\/\/noti-america.com\/site\/ecuador\/2019\/06\/21\/asamblea-respalda-reforma-que-establece-la-comunicacion-como-un-derecho-y-no-un-servicio-publico\/"},"wordCount":655,"commentCount":0,"publisher":{"@id":"https:\/\/noti-america.com\/site\/ecuador\/#organization"},"image":{"@id":"https:\/\/noti-america.com\/site\/ecuador\/2019\/06\/21\/asamblea-respalda-reforma-que-establece-la-comunicacion-como-un-derecho-y-no-un-servicio-publico\/#primaryimage"},"thumbnailUrl":"https:\/\/noti-america.com\/site\/ecuador\/wp-content\/uploads\/sites\/18\/2019\/06\/Pleno-de-la-Asamblea-1.jpg","articleSection":["Pol\u00edtica"],"inLanguage":"es","potentialAction":[{"@type":"CommentAction","name":"Comment","target":["https:\/\/noti-america.com\/site\/ecuador\/2019\/06\/21\/asamblea-respalda-reforma-que-establece-la-comunicacion-como-un-derecho-y-no-un-servicio-publico\/#respond"]}]},{"@type":"WebPage","@id":"https:\/\/noti-america.com\/site\/ecuador\/2019\/06\/21\/asamblea-respalda-reforma-que-establece-la-comunicacion-como-un-derecho-y-no-un-servicio-publico\/","url":"https:\/\/noti-america.com\/site\/ecuador\/2019\/06\/21\/asamblea-respalda-reforma-que-establece-la-comunicacion-como-un-derecho-y-no-un-servicio-publico\/","name":"Asamblea respalda reforma que establece la comunicaci\u00f3n como un derecho y no un servicio p\u00fablico - Ecuador | Noti-America.com","isPartOf":{"@id":"https:\/\/noti-america.com\/site\/ecuador\/#website"},"primaryImageOfPage":{"@id":"https:\/\/noti-america.com\/site\/ecuador\/2019\/06\/21\/asamblea-respalda-reforma-que-establece-la-comunicacion-como-un-derecho-y-no-un-servicio-publico\/#primaryimage"},"image":{"@id":"https:\/\/noti-america.com\/site\/ecuador\/2019\/06\/21\/asamblea-respalda-reforma-que-establece-la-comunicacion-como-un-derecho-y-no-un-servicio-publico\/#primaryimage"},"thumbnailUrl":"https:\/\/noti-america.com\/site\/ecuador\/wp-content\/uploads\/sites\/18\/2019\/06\/Pleno-de-la-Asamblea-1.jpg","datePublished":"2019-06-21T02:57:06+00:00","breadcrumb":{"@id":"https:\/\/noti-america.com\/site\/ecuador\/2019\/06\/21\/asamblea-respalda-reforma-que-establece-la-comunicacion-como-un-derecho-y-no-un-servicio-publico\/#breadcrumb"},"inLanguage":"es","potentialAction":[{"@type":"ReadAction","target":["https:\/\/noti-america.com\/site\/ecuador\/2019\/06\/21\/asamblea-respalda-reforma-que-establece-la-comunicacion-como-un-derecho-y-no-un-servicio-publico\/"]}]},{"@type":"ImageObject","inLanguage":"es","@id":"https:\/\/noti-america.com\/site\/ecuador\/2019\/06\/21\/asamblea-respalda-reforma-que-establece-la-comunicacion-como-un-derecho-y-no-un-servicio-publico\/#primaryimage","url":"https:\/\/noti-america.com\/site\/ecuador\/wp-content\/uploads\/sites\/18\/2019\/06\/Pleno-de-la-Asamblea-1.jpg","contentUrl":"https:\/\/noti-america.com\/site\/ecuador\/wp-content\/uploads\/sites\/18\/2019\/06\/Pleno-de-la-Asamblea-1.jpg","width":420,"height":280,"caption":"El proyecto de reforma al art\u00edculo 5 de la Ley Org\u00e1nica de Comunicaci\u00f3n, presentado por el Ejecutivo, propone que la comunicaci\u00f3n sea concebida con un derecho humano"},{"@type":"BreadcrumbList","@id":"https:\/\/noti-america.com\/site\/ecuador\/2019\/06\/21\/asamblea-respalda-reforma-que-establece-la-comunicacion-como-un-derecho-y-no-un-servicio-publico\/#breadcrumb","itemListElement":[{"@type":"ListItem","position":1,"name":"Portada","item":"https:\/\/noti-america.com\/site\/ecuador\/"},{"@type":"ListItem","position":2,"name":"Asamblea respalda reforma que establece la comunicaci\u00f3n como un derecho y no un servicio p\u00fablico"}]},{"@type":"WebSite","@id":"https:\/\/noti-america.com\/site\/ecuador\/#website","url":"https:\/\/noti-america.com\/site\/ecuador\/","name":"Ecuador | Noti-America.com","description":"","publisher":{"@id":"https:\/\/noti-america.com\/site\/ecuador\/#organization"},"potentialAction":[{"@type":"SearchAction","target":{"@type":"EntryPoint","urlTemplate":"https:\/\/noti-america.com\/site\/ecuador\/?s={search_term_string}"},"query-input":{"@type":"PropertyValueSpecification","valueRequired":true,"valueName":"search_term_string"}}],"inLanguage":"es"},{"@type":"Organization","@id":"https:\/\/noti-america.com\/site\/ecuador\/#organization","name":"Noti-America LLC | Ecuador","url":"https:\/\/noti-america.com\/site\/ecuador\/","logo":{"@type":"ImageObject","inLanguage":"es","@id":"https:\/\/noti-america.com\/site\/ecuador\/#\/schema\/logo\/image\/","url":"https:\/\/noti-america.com\/site\/ecuador\/wp-content\/uploads\/sites\/18\/2020\/07\/LogoNA-4x3-1.jpg","contentUrl":"https:\/\/noti-america.com\/site\/ecuador\/wp-content\/uploads\/sites\/18\/2020\/07\/LogoNA-4x3-1.jpg","width":1236,"height":1080,"caption":"Noti-America LLC | Ecuador"},"image":{"@id":"https:\/\/noti-america.com\/site\/ecuador\/#\/schema\/logo\/image\/"},"sameAs":["https:\/\/x.com\/notiamerica"]},{"@type":"Person","@id":"https:\/\/noti-america.com\/site\/ecuador\/#\/schema\/person\/3b975e42f15abfe64bfe3abdd916efda","name":"Gregory Quintana Montiel","image":{"@type":"ImageObject","inLanguage":"es","@id":"https:\/\/secure.gravatar.com\/avatar\/2d6b802f7720c2ec7744dcbe608cc2f3417aeb964d58b443c6d612b77531de1d?s=96&d=mm&r=g","url":"https:\/\/secure.gravatar.com\/avatar\/2d6b802f7720c2ec7744dcbe608cc2f3417aeb964d58b443c6d612b77531de1d?s=96&d=mm&r=g","contentUrl":"https:\/\/secure.gravatar.com\/avatar\/2d6b802f7720c2ec7744dcbe608cc2f3417aeb964d58b443c6d612b77531de1d?s=96&d=mm&r=g","caption":"Gregory Quintana Montiel"},"description":"Licenciatura en Ciencias de la Comunicaci\u00f3n Social, egresado en la Especializaci\u00f3n Derecho Ambiental Desarrollo Sostenible y Sustentable, Miembro de la Comunidad de profesionales y experto para Latinoam\u00e9rica y el Caribe en Gesti\u00f3n por Resultado en el Desarrollo (COPLAC - GpRD) del Banco Interamericano de Desarrollo, experiencia en medios radiales y escritos.","sameAs":["https:\/\/x.com\/gdgregori1","gquintana"],"url":"https:\/\/noti-america.com\/site\/ecuador\/author\/gquintana\/"}]}},"_links":{"self":[{"href":"https:\/\/noti-america.com\/site\/ecuador\/wp-json\/wp\/v2\/posts\/4236","targetHints":{"allow":["GET"]}}],"collection":[{"href":"https:\/\/noti-america.com\/site\/ecuador\/wp-json\/wp\/v2\/posts"}],"about":[{"href":"https:\/\/noti-america.com\/site\/ecuador\/wp-json\/wp\/v2\/types\/post"}],"author":[{"embeddable":true,"href":"https:\/\/noti-america.com\/site\/ecuador\/wp-json\/wp\/v2\/users\/17"}],"replies":[{"embeddable":true,"href":"https:\/\/noti-america.com\/site\/ecuador\/wp-json\/wp\/v2\/comments?post=4236"}],"version-history":[{"count":1,"href":"https:\/\/noti-america.com\/site\/ecuador\/wp-json\/wp\/v2\/posts\/4236\/revisions"}],"predecessor-version":[{"id":4238,"href":"https:\/\/noti-america.com\/site\/ecuador\/wp-json\/wp\/v2\/posts\/4236\/revisions\/4238"}],"wp:featuredmedia":[{"embeddable":true,"href":"https:\/\/noti-america.com\/site\/ecuador\/wp-json\/wp\/v2\/media\/4237"}],"wp:attachment":[{"href":"https:\/\/noti-america.com\/site\/ecuador\/wp-json\/wp\/v2\/media?parent=4236"}],"wp:term":[{"taxonomy":"category","embeddable":true,"href":"https:\/\/noti-america.com\/site\/ecuador\/wp-json\/wp\/v2\/categories?post=4236"},{"taxonomy":"post_tag","embeddable":true,"href":"https:\/\/noti-america.com\/site\/ecuador\/wp-json\/wp\/v2\/tags?post=4236"}],"curies":[{"name":"wp","href":"https:\/\/api.w.org\/{rel}","templated":true}]}}