{"id":4196,"date":"2019-06-18T01:54:46","date_gmt":"2019-06-18T01:54:46","guid":{"rendered":"http:\/\/noti-america.com\/site\/ecuador\/?p=4196"},"modified":"2019-06-18T01:54:46","modified_gmt":"2019-06-18T01:54:46","slug":"acuerdo-nacional-por-la-seguridad-ciudadana","status":"publish","type":"post","link":"https:\/\/noti-america.com\/site\/ecuador\/2019\/06\/18\/acuerdo-nacional-por-la-seguridad-ciudadana\/","title":{"rendered":"Acuerdo Nacional por la Seguridad Ciudadana"},"content":{"rendered":"<p>REDACCI\u00d3N NOTI-AM\u00c9RICA (ECUADOR)<\/p>\n<p style=\"text-align: justify\">Autoridades del Gobierno Nacional, junto a representantes de la sociedad civil, academia, as\u00ed como de administraciones seccionales y de las funciones del Estado; participaron en el lanzamiento del Acuerdo Nacional por la Seguridad Ciudadana. El evento se desarroll\u00f3 este mi\u00e9rcoles, en las instalaciones de la Plataforma Financiera, al norte de Quito. El vicepresidente, Otto Sonnenholzner, lider\u00f3 la presentaci\u00f3n, junto a la ministra del Interior, Mar\u00eda Paula Romo.<\/p>\n<p style=\"text-align: justify\">En la apertura del evento, la ministra Romo indic\u00f3 que el Acuerdo es un proceso largo y que ser\u00e1 un camino compartido con muchos sectores. Inform\u00f3 -adem\u00e1s- que 36 municipios ya se han adherido al modelo del plan del Ministerio del Interior.<\/p>\n<p style=\"text-align: justify\">El Acuerdo se trabajar\u00e1 en dos ejes. El primero es la seguridad ciudadana, en el que se incluir\u00e1n los elementos de participaci\u00f3n de la ciudadan\u00eda, los Gobiernos Aut\u00f3nomos Descentralizados; bajo un enfoque de prevenci\u00f3n. El segundo nivel, en cambio, se refiere a la seguridad p\u00fablica, que busca resolver las grandes amenazas como narcotr\u00e1fico, terrorismo, y ciberdelitos.<\/p>\n<p style=\"text-align: justify\">El principal factor de las mesas de trabajo es la corresponsabilidad y la coparticipaci\u00f3n. Este tipo de trabajo se desea impulsar desde el Gobierno, siendo este un actor m\u00e1s dentro de la iniciativa. El prop\u00f3sito es orientar a la ciudadan\u00eda hacia una convivencia pac\u00edfica.<\/p>\n<p style=\"text-align: justify\">El vicepresidente Sonnenholzner destac\u00f3 que la principal preocupaci\u00f3n de los ecuatorianos es el anhelo de seguridad. \u201cEstoy seguro que con el liderazgo de la ministra Romo, el acompa\u00f1amiento de las dem\u00e1s autoridades y con la ciudadan\u00eda, vamos a lograrlo. Para que podamos tener un pa\u00eds seguro y disfrutar todo lo que hemos alcanzado: democracia y libertades\u201d, dijo.<\/p>\n<p style=\"text-align: justify\">En el tema de seguridad ciudadana, el di\u00e1logo est\u00e1 encaminado hacia nueve acuerdos: prestaci\u00f3n eficiente de los servicios relacionados con la seguridad; corresponsabilidad con los GAD y con los medios de comunicaci\u00f3n, para un manejo responsable de la informaci\u00f3n; convivencia social pac\u00edfica; calidad y eficiencia de los servicios de administraci\u00f3n de justicia; atenci\u00f3n integral a v\u00edctimas; implementaci\u00f3n de control democr\u00e1ticos sobre organismo de seguridad; trasparencia y lucha contra la corrupci\u00f3n; reinserci\u00f3n de las personas privadas de la libertad (PPL), y, finalmente, un pacto por la legalidad.<\/p>\n<p style=\"text-align: justify\">En el eje de seguridad p\u00fablica, en cambio, los pactos a alcanzar son por el desarme ciudadano, seguridad de la informaci\u00f3n, trata de personas y tr\u00e1fico il\u00edcito de migrantes, tr\u00e1fico de hidrocarburos, pornograf\u00eda infantil, contrabando y venta de bienes robados, tr\u00e1fico de estupefacientes, miner\u00eda ilegal y tr\u00e1fico de flora y fauna.<\/p>\n<p style=\"text-align: justify\">La fiscal Diana Salazar explic\u00f3 que cuando se habla de seguridad, la responsabilidad no cae en una sola instituci\u00f3n, sino que se debe trabajar de manera integral desde la prevenci\u00f3n, el control y el ejercicio de la justicia. \u201cSe debe apuntar a consolidar acuerdos m\u00ednimos, respondiendo a las necesidades de y los ecuatorianos\u201d.<\/p>\n","protected":false},"excerpt":{"rendered":"<p>REDACCI\u00d3N NOTI-AM\u00c9RICA (ECUADOR) Autoridades del Gobierno Nacional, junto a representantes de la sociedad civil, academia, as\u00ed como de administraciones seccionales y de las funciones del Estado; participaron en el lanzamiento del Acuerdo Nacional por&#46;&#46;&#46;<\/p>\n","protected":false},"author":17,"featured_media":4197,"comment_status":"open","ping_status":"open","sticky":false,"template":"","format":"standard","meta":{"_acf_changed":false,"om_disable_all_campaigns":false,"rop_custom_images_group":[],"rop_custom_messages_group":[],"rop_publish_now":"initial","rop_publish_now_accounts":{"twitter_242054905_242054905":""},"rop_publish_now_history":[],"rop_publish_now_status":"pending","_uf_show_specific_survey":0,"_uf_disable_surveys":false,"footnotes":""},"categories":[1],"tags":[],"class_list":["post-4196","post","type-post","status-publish","format-standard","has-post-thumbnail","hentry","category-uncategorized"],"acf":[],"aioseo_notices":[],"yoast_head":"<!-- This site is optimized with the Yoast SEO Premium plugin v24.9 (Yoast SEO v27.2) - https:\/\/yoast.com\/product\/yoast-seo-premium-wordpress\/ -->\n<title>Acuerdo Nacional por la Seguridad Ciudadana - Ecuador | Noti-America.com<\/title>\n<meta name=\"robots\" content=\"index, follow, max-snippet:-1, max-image-preview:large, max-video-preview:-1\" \/>\n<link rel=\"canonical\" href=\"https:\/\/noti-america.com\/site\/ecuador\/2019\/06\/18\/acuerdo-nacional-por-la-seguridad-ciudadana\/\" \/>\n<meta property=\"og:locale\" content=\"es_ES\" \/>\n<meta property=\"og:type\" content=\"article\" \/>\n<meta property=\"og:title\" content=\"Acuerdo Nacional por la Seguridad Ciudadana\" \/>\n<meta property=\"og:description\" content=\"REDACCI\u00d3N NOTI-AM\u00c9RICA (ECUADOR) Autoridades del Gobierno Nacional, junto a representantes de la sociedad civil, academia, as\u00ed como de administraciones seccionales y de las funciones del Estado; participaron en el lanzamiento del Acuerdo Nacional por&#046;&#046;&#046;\" \/>\n<meta property=\"og:url\" content=\"https:\/\/noti-america.com\/site\/ecuador\/2019\/06\/18\/acuerdo-nacional-por-la-seguridad-ciudadana\/\" \/>\n<meta property=\"og:site_name\" content=\"Ecuador | Noti-America.com\" \/>\n<meta property=\"article:published_time\" content=\"2019-06-18T01:54:46+00:00\" \/>\n<meta property=\"og:image\" content=\"https:\/\/noti-america.com\/site\/ecuador\/wp-content\/uploads\/sites\/18\/2019\/06\/Autoridades-en-acuerdo-nacional-por-la-seguridad-ciudadana.jpg\" \/>\n\t<meta property=\"og:image:width\" content=\"1260\" \/>\n\t<meta property=\"og:image:height\" content=\"840\" \/>\n\t<meta property=\"og:image:type\" content=\"image\/jpeg\" \/>\n<meta name=\"author\" content=\"Gregory Quintana Montiel\" \/>\n<meta name=\"twitter:card\" content=\"summary_large_image\" \/>\n<meta name=\"twitter:creator\" content=\"@gdgregori1\" \/>\n<meta name=\"twitter:site\" content=\"@notiamerica\" \/>\n<meta name=\"twitter:label1\" content=\"Escrito por\" \/>\n\t<meta name=\"twitter:data1\" content=\"Gregory Quintana Montiel\" \/>\n\t<meta name=\"twitter:label2\" content=\"Tiempo estimado de lectura\" \/>\n\t<meta name=\"twitter:data2\" content=\"3 minutos\" \/>\n<script type=\"application\/ld+json\" class=\"yoast-schema-graph\">{\"@context\":\"https:\/\/schema.org\",\"@graph\":[{\"@type\":\"Article\",\"@id\":\"https:\/\/noti-america.com\/site\/ecuador\/2019\/06\/18\/acuerdo-nacional-por-la-seguridad-ciudadana\/#article\",\"isPartOf\":{\"@id\":\"https:\/\/noti-america.com\/site\/ecuador\/2019\/06\/18\/acuerdo-nacional-por-la-seguridad-ciudadana\/\"},\"author\":{\"name\":\"Gregory Quintana Montiel\",\"@id\":\"https:\/\/noti-america.com\/site\/ecuador\/#\/schema\/person\/3b975e42f15abfe64bfe3abdd916efda\"},\"headline\":\"Acuerdo Nacional por la Seguridad Ciudadana\",\"datePublished\":\"2019-06-18T01:54:46+00:00\",\"mainEntityOfPage\":{\"@id\":\"https:\/\/noti-america.com\/site\/ecuador\/2019\/06\/18\/acuerdo-nacional-por-la-seguridad-ciudadana\/\"},\"wordCount\":511,\"commentCount\":0,\"publisher\":{\"@id\":\"https:\/\/noti-america.com\/site\/ecuador\/#organization\"},\"image\":{\"@id\":\"https:\/\/noti-america.com\/site\/ecuador\/2019\/06\/18\/acuerdo-nacional-por-la-seguridad-ciudadana\/#primaryimage\"},\"thumbnailUrl\":\"https:\/\/noti-america.com\/site\/ecuador\/wp-content\/uploads\/sites\/18\/2019\/06\/Autoridades-en-acuerdo-nacional-por-la-seguridad-ciudadana.jpg\",\"articleSection\":[\"Uncategorized\"],\"inLanguage\":\"es\",\"potentialAction\":[{\"@type\":\"CommentAction\",\"name\":\"Comment\",\"target\":[\"https:\/\/noti-america.com\/site\/ecuador\/2019\/06\/18\/acuerdo-nacional-por-la-seguridad-ciudadana\/#respond\"]}]},{\"@type\":\"WebPage\",\"@id\":\"https:\/\/noti-america.com\/site\/ecuador\/2019\/06\/18\/acuerdo-nacional-por-la-seguridad-ciudadana\/\",\"url\":\"https:\/\/noti-america.com\/site\/ecuador\/2019\/06\/18\/acuerdo-nacional-por-la-seguridad-ciudadana\/\",\"name\":\"Acuerdo Nacional por la Seguridad Ciudadana - Ecuador | Noti-America.com\",\"isPartOf\":{\"@id\":\"https:\/\/noti-america.com\/site\/ecuador\/#website\"},\"primaryImageOfPage\":{\"@id\":\"https:\/\/noti-america.com\/site\/ecuador\/2019\/06\/18\/acuerdo-nacional-por-la-seguridad-ciudadana\/#primaryimage\"},\"image\":{\"@id\":\"https:\/\/noti-america.com\/site\/ecuador\/2019\/06\/18\/acuerdo-nacional-por-la-seguridad-ciudadana\/#primaryimage\"},\"thumbnailUrl\":\"https:\/\/noti-america.com\/site\/ecuador\/wp-content\/uploads\/sites\/18\/2019\/06\/Autoridades-en-acuerdo-nacional-por-la-seguridad-ciudadana.jpg\",\"datePublished\":\"2019-06-18T01:54:46+00:00\",\"breadcrumb\":{\"@id\":\"https:\/\/noti-america.com\/site\/ecuador\/2019\/06\/18\/acuerdo-nacional-por-la-seguridad-ciudadana\/#breadcrumb\"},\"inLanguage\":\"es\",\"potentialAction\":[{\"@type\":\"ReadAction\",\"target\":[\"https:\/\/noti-america.com\/site\/ecuador\/2019\/06\/18\/acuerdo-nacional-por-la-seguridad-ciudadana\/\"]}]},{\"@type\":\"ImageObject\",\"inLanguage\":\"es\",\"@id\":\"https:\/\/noti-america.com\/site\/ecuador\/2019\/06\/18\/acuerdo-nacional-por-la-seguridad-ciudadana\/#primaryimage\",\"url\":\"https:\/\/noti-america.com\/site\/ecuador\/wp-content\/uploads\/sites\/18\/2019\/06\/Autoridades-en-acuerdo-nacional-por-la-seguridad-ciudadana.jpg\",\"contentUrl\":\"https:\/\/noti-america.com\/site\/ecuador\/wp-content\/uploads\/sites\/18\/2019\/06\/Autoridades-en-acuerdo-nacional-por-la-seguridad-ciudadana.jpg\",\"width\":1260,\"height\":840},{\"@type\":\"BreadcrumbList\",\"@id\":\"https:\/\/noti-america.com\/site\/ecuador\/2019\/06\/18\/acuerdo-nacional-por-la-seguridad-ciudadana\/#breadcrumb\",\"itemListElement\":[{\"@type\":\"ListItem\",\"position\":1,\"name\":\"Portada\",\"item\":\"https:\/\/noti-america.com\/site\/ecuador\/\"},{\"@type\":\"ListItem\",\"position\":2,\"name\":\"Acuerdo Nacional por la Seguridad Ciudadana\"}]},{\"@type\":\"WebSite\",\"@id\":\"https:\/\/noti-america.com\/site\/ecuador\/#website\",\"url\":\"https:\/\/noti-america.com\/site\/ecuador\/\",\"name\":\"Ecuador | Noti-America.com\",\"description\":\"\",\"publisher\":{\"@id\":\"https:\/\/noti-america.com\/site\/ecuador\/#organization\"},\"potentialAction\":[{\"@type\":\"SearchAction\",\"target\":{\"@type\":\"EntryPoint\",\"urlTemplate\":\"https:\/\/noti-america.com\/site\/ecuador\/?s={search_term_string}\"},\"query-input\":{\"@type\":\"PropertyValueSpecification\",\"valueRequired\":true,\"valueName\":\"search_term_string\"}}],\"inLanguage\":\"es\"},{\"@type\":\"Organization\",\"@id\":\"https:\/\/noti-america.com\/site\/ecuador\/#organization\",\"name\":\"Noti-America LLC | Ecuador\",\"url\":\"https:\/\/noti-america.com\/site\/ecuador\/\",\"logo\":{\"@type\":\"ImageObject\",\"inLanguage\":\"es\",\"@id\":\"https:\/\/noti-america.com\/site\/ecuador\/#\/schema\/logo\/image\/\",\"url\":\"https:\/\/noti-america.com\/site\/ecuador\/wp-content\/uploads\/sites\/18\/2020\/07\/LogoNA-4x3-1.jpg\",\"contentUrl\":\"https:\/\/noti-america.com\/site\/ecuador\/wp-content\/uploads\/sites\/18\/2020\/07\/LogoNA-4x3-1.jpg\",\"width\":1236,\"height\":1080,\"caption\":\"Noti-America LLC | Ecuador\"},\"image\":{\"@id\":\"https:\/\/noti-america.com\/site\/ecuador\/#\/schema\/logo\/image\/\"},\"sameAs\":[\"https:\/\/x.com\/notiamerica\"]},{\"@type\":\"Person\",\"@id\":\"https:\/\/noti-america.com\/site\/ecuador\/#\/schema\/person\/3b975e42f15abfe64bfe3abdd916efda\",\"name\":\"Gregory Quintana Montiel\",\"image\":{\"@type\":\"ImageObject\",\"inLanguage\":\"es\",\"@id\":\"https:\/\/secure.gravatar.com\/avatar\/2d6b802f7720c2ec7744dcbe608cc2f3417aeb964d58b443c6d612b77531de1d?s=96&d=mm&r=g\",\"url\":\"https:\/\/secure.gravatar.com\/avatar\/2d6b802f7720c2ec7744dcbe608cc2f3417aeb964d58b443c6d612b77531de1d?s=96&d=mm&r=g\",\"contentUrl\":\"https:\/\/secure.gravatar.com\/avatar\/2d6b802f7720c2ec7744dcbe608cc2f3417aeb964d58b443c6d612b77531de1d?s=96&d=mm&r=g\",\"caption\":\"Gregory Quintana Montiel\"},\"description\":\"Licenciatura en Ciencias de la Comunicaci\u00f3n Social, egresado en la Especializaci\u00f3n Derecho Ambiental Desarrollo Sostenible y Sustentable, Miembro de la Comunidad de profesionales y experto para Latinoam\u00e9rica y el Caribe en Gesti\u00f3n por Resultado en el Desarrollo (COPLAC - GpRD) del Banco Interamericano de Desarrollo, experiencia en medios radiales y escritos.\",\"sameAs\":[\"https:\/\/x.com\/gdgregori1\",\"gquintana\"],\"url\":\"https:\/\/noti-america.com\/site\/ecuador\/author\/gquintana\/\"}]}<\/script>\n<!-- \/ Yoast SEO Premium plugin. -->","yoast_head_json":{"title":"Acuerdo Nacional por la Seguridad Ciudadana - Ecuador | Noti-America.com","robots":{"index":"index","follow":"follow","max-snippet":"max-snippet:-1","max-image-preview":"max-image-preview:large","max-video-preview":"max-video-preview:-1"},"canonical":"https:\/\/noti-america.com\/site\/ecuador\/2019\/06\/18\/acuerdo-nacional-por-la-seguridad-ciudadana\/","og_locale":"es_ES","og_type":"article","og_title":"Acuerdo Nacional por la Seguridad Ciudadana","og_description":"REDACCI\u00d3N NOTI-AM\u00c9RICA (ECUADOR) Autoridades del Gobierno Nacional, junto a representantes de la sociedad civil, academia, as\u00ed como de administraciones seccionales y de las funciones del Estado; participaron en el lanzamiento del Acuerdo Nacional por&#46;&#46;&#46;","og_url":"https:\/\/noti-america.com\/site\/ecuador\/2019\/06\/18\/acuerdo-nacional-por-la-seguridad-ciudadana\/","og_site_name":"Ecuador | Noti-America.com","article_published_time":"2019-06-18T01:54:46+00:00","og_image":[{"width":1260,"height":840,"url":"https:\/\/noti-america.com\/site\/ecuador\/wp-content\/uploads\/sites\/18\/2019\/06\/Autoridades-en-acuerdo-nacional-por-la-seguridad-ciudadana.jpg","type":"image\/jpeg"}],"author":"Gregory Quintana Montiel","twitter_card":"summary_large_image","twitter_creator":"@gdgregori1","twitter_site":"@notiamerica","twitter_misc":{"Escrito por":"Gregory Quintana Montiel","Tiempo estimado de lectura":"3 minutos"},"schema":{"@context":"https:\/\/schema.org","@graph":[{"@type":"Article","@id":"https:\/\/noti-america.com\/site\/ecuador\/2019\/06\/18\/acuerdo-nacional-por-la-seguridad-ciudadana\/#article","isPartOf":{"@id":"https:\/\/noti-america.com\/site\/ecuador\/2019\/06\/18\/acuerdo-nacional-por-la-seguridad-ciudadana\/"},"author":{"name":"Gregory Quintana Montiel","@id":"https:\/\/noti-america.com\/site\/ecuador\/#\/schema\/person\/3b975e42f15abfe64bfe3abdd916efda"},"headline":"Acuerdo Nacional por la Seguridad Ciudadana","datePublished":"2019-06-18T01:54:46+00:00","mainEntityOfPage":{"@id":"https:\/\/noti-america.com\/site\/ecuador\/2019\/06\/18\/acuerdo-nacional-por-la-seguridad-ciudadana\/"},"wordCount":511,"commentCount":0,"publisher":{"@id":"https:\/\/noti-america.com\/site\/ecuador\/#organization"},"image":{"@id":"https:\/\/noti-america.com\/site\/ecuador\/2019\/06\/18\/acuerdo-nacional-por-la-seguridad-ciudadana\/#primaryimage"},"thumbnailUrl":"https:\/\/noti-america.com\/site\/ecuador\/wp-content\/uploads\/sites\/18\/2019\/06\/Autoridades-en-acuerdo-nacional-por-la-seguridad-ciudadana.jpg","articleSection":["Uncategorized"],"inLanguage":"es","potentialAction":[{"@type":"CommentAction","name":"Comment","target":["https:\/\/noti-america.com\/site\/ecuador\/2019\/06\/18\/acuerdo-nacional-por-la-seguridad-ciudadana\/#respond"]}]},{"@type":"WebPage","@id":"https:\/\/noti-america.com\/site\/ecuador\/2019\/06\/18\/acuerdo-nacional-por-la-seguridad-ciudadana\/","url":"https:\/\/noti-america.com\/site\/ecuador\/2019\/06\/18\/acuerdo-nacional-por-la-seguridad-ciudadana\/","name":"Acuerdo Nacional por la Seguridad Ciudadana - Ecuador | Noti-America.com","isPartOf":{"@id":"https:\/\/noti-america.com\/site\/ecuador\/#website"},"primaryImageOfPage":{"@id":"https:\/\/noti-america.com\/site\/ecuador\/2019\/06\/18\/acuerdo-nacional-por-la-seguridad-ciudadana\/#primaryimage"},"image":{"@id":"https:\/\/noti-america.com\/site\/ecuador\/2019\/06\/18\/acuerdo-nacional-por-la-seguridad-ciudadana\/#primaryimage"},"thumbnailUrl":"https:\/\/noti-america.com\/site\/ecuador\/wp-content\/uploads\/sites\/18\/2019\/06\/Autoridades-en-acuerdo-nacional-por-la-seguridad-ciudadana.jpg","datePublished":"2019-06-18T01:54:46+00:00","breadcrumb":{"@id":"https:\/\/noti-america.com\/site\/ecuador\/2019\/06\/18\/acuerdo-nacional-por-la-seguridad-ciudadana\/#breadcrumb"},"inLanguage":"es","potentialAction":[{"@type":"ReadAction","target":["https:\/\/noti-america.com\/site\/ecuador\/2019\/06\/18\/acuerdo-nacional-por-la-seguridad-ciudadana\/"]}]},{"@type":"ImageObject","inLanguage":"es","@id":"https:\/\/noti-america.com\/site\/ecuador\/2019\/06\/18\/acuerdo-nacional-por-la-seguridad-ciudadana\/#primaryimage","url":"https:\/\/noti-america.com\/site\/ecuador\/wp-content\/uploads\/sites\/18\/2019\/06\/Autoridades-en-acuerdo-nacional-por-la-seguridad-ciudadana.jpg","contentUrl":"https:\/\/noti-america.com\/site\/ecuador\/wp-content\/uploads\/sites\/18\/2019\/06\/Autoridades-en-acuerdo-nacional-por-la-seguridad-ciudadana.jpg","width":1260,"height":840},{"@type":"BreadcrumbList","@id":"https:\/\/noti-america.com\/site\/ecuador\/2019\/06\/18\/acuerdo-nacional-por-la-seguridad-ciudadana\/#breadcrumb","itemListElement":[{"@type":"ListItem","position":1,"name":"Portada","item":"https:\/\/noti-america.com\/site\/ecuador\/"},{"@type":"ListItem","position":2,"name":"Acuerdo Nacional por la Seguridad Ciudadana"}]},{"@type":"WebSite","@id":"https:\/\/noti-america.com\/site\/ecuador\/#website","url":"https:\/\/noti-america.com\/site\/ecuador\/","name":"Ecuador | Noti-America.com","description":"","publisher":{"@id":"https:\/\/noti-america.com\/site\/ecuador\/#organization"},"potentialAction":[{"@type":"SearchAction","target":{"@type":"EntryPoint","urlTemplate":"https:\/\/noti-america.com\/site\/ecuador\/?s={search_term_string}"},"query-input":{"@type":"PropertyValueSpecification","valueRequired":true,"valueName":"search_term_string"}}],"inLanguage":"es"},{"@type":"Organization","@id":"https:\/\/noti-america.com\/site\/ecuador\/#organization","name":"Noti-America LLC | Ecuador","url":"https:\/\/noti-america.com\/site\/ecuador\/","logo":{"@type":"ImageObject","inLanguage":"es","@id":"https:\/\/noti-america.com\/site\/ecuador\/#\/schema\/logo\/image\/","url":"https:\/\/noti-america.com\/site\/ecuador\/wp-content\/uploads\/sites\/18\/2020\/07\/LogoNA-4x3-1.jpg","contentUrl":"https:\/\/noti-america.com\/site\/ecuador\/wp-content\/uploads\/sites\/18\/2020\/07\/LogoNA-4x3-1.jpg","width":1236,"height":1080,"caption":"Noti-America LLC | Ecuador"},"image":{"@id":"https:\/\/noti-america.com\/site\/ecuador\/#\/schema\/logo\/image\/"},"sameAs":["https:\/\/x.com\/notiamerica"]},{"@type":"Person","@id":"https:\/\/noti-america.com\/site\/ecuador\/#\/schema\/person\/3b975e42f15abfe64bfe3abdd916efda","name":"Gregory Quintana Montiel","image":{"@type":"ImageObject","inLanguage":"es","@id":"https:\/\/secure.gravatar.com\/avatar\/2d6b802f7720c2ec7744dcbe608cc2f3417aeb964d58b443c6d612b77531de1d?s=96&d=mm&r=g","url":"https:\/\/secure.gravatar.com\/avatar\/2d6b802f7720c2ec7744dcbe608cc2f3417aeb964d58b443c6d612b77531de1d?s=96&d=mm&r=g","contentUrl":"https:\/\/secure.gravatar.com\/avatar\/2d6b802f7720c2ec7744dcbe608cc2f3417aeb964d58b443c6d612b77531de1d?s=96&d=mm&r=g","caption":"Gregory Quintana Montiel"},"description":"Licenciatura en Ciencias de la Comunicaci\u00f3n Social, egresado en la Especializaci\u00f3n Derecho Ambiental Desarrollo Sostenible y Sustentable, Miembro de la Comunidad de profesionales y experto para Latinoam\u00e9rica y el Caribe en Gesti\u00f3n por Resultado en el Desarrollo (COPLAC - GpRD) del Banco Interamericano de Desarrollo, experiencia en medios radiales y escritos.","sameAs":["https:\/\/x.com\/gdgregori1","gquintana"],"url":"https:\/\/noti-america.com\/site\/ecuador\/author\/gquintana\/"}]}},"_links":{"self":[{"href":"https:\/\/noti-america.com\/site\/ecuador\/wp-json\/wp\/v2\/posts\/4196","targetHints":{"allow":["GET"]}}],"collection":[{"href":"https:\/\/noti-america.com\/site\/ecuador\/wp-json\/wp\/v2\/posts"}],"about":[{"href":"https:\/\/noti-america.com\/site\/ecuador\/wp-json\/wp\/v2\/types\/post"}],"author":[{"embeddable":true,"href":"https:\/\/noti-america.com\/site\/ecuador\/wp-json\/wp\/v2\/users\/17"}],"replies":[{"embeddable":true,"href":"https:\/\/noti-america.com\/site\/ecuador\/wp-json\/wp\/v2\/comments?post=4196"}],"version-history":[{"count":1,"href":"https:\/\/noti-america.com\/site\/ecuador\/wp-json\/wp\/v2\/posts\/4196\/revisions"}],"predecessor-version":[{"id":4198,"href":"https:\/\/noti-america.com\/site\/ecuador\/wp-json\/wp\/v2\/posts\/4196\/revisions\/4198"}],"wp:featuredmedia":[{"embeddable":true,"href":"https:\/\/noti-america.com\/site\/ecuador\/wp-json\/wp\/v2\/media\/4197"}],"wp:attachment":[{"href":"https:\/\/noti-america.com\/site\/ecuador\/wp-json\/wp\/v2\/media?parent=4196"}],"wp:term":[{"taxonomy":"category","embeddable":true,"href":"https:\/\/noti-america.com\/site\/ecuador\/wp-json\/wp\/v2\/categories?post=4196"},{"taxonomy":"post_tag","embeddable":true,"href":"https:\/\/noti-america.com\/site\/ecuador\/wp-json\/wp\/v2\/tags?post=4196"}],"curies":[{"name":"wp","href":"https:\/\/api.w.org\/{rel}","templated":true}]}}