{"id":4187,"date":"2019-06-17T23:58:52","date_gmt":"2019-06-17T23:58:52","guid":{"rendered":"http:\/\/noti-america.com\/site\/ecuador\/?p=4187"},"modified":"2019-06-17T23:58:52","modified_gmt":"2019-06-17T23:58:52","slug":"pena-de-ocho-anos-recibio-el-adolescente-a-d-m-a-por-el-caso-carolina-a","status":"publish","type":"post","link":"https:\/\/noti-america.com\/site\/ecuador\/2019\/06\/17\/pena-de-ocho-anos-recibio-el-adolescente-a-d-m-a-por-el-caso-carolina-a\/","title":{"rendered":"Pena de ocho a\u00f1os recibi\u00f3 el adolescente A.D.M.A por el caso Carolina A"},"content":{"rendered":"<p>REDACCI\u00d3N NOTI-AM\u00c9RICA (ECUADOR)<\/p>\n<p style=\"text-align: justify\">La m\u00e1xima pena de ocho a\u00f1os de internamiento institucional (medida socioeducativa) recibi\u00f3 el adolescente A.D.M.A., por el delito de violaci\u00f3n con resultado de muerte de Carolina A., de 15 a\u00f1os de edad. Tambi\u00e9n, la orden de recibir un tratamiento psicol\u00f3gico y ofrecer disculpas p\u00fablicas a los padres de la v\u00edctima.<\/p>\n<p style=\"text-align: justify\">La Jueza de Adolescentes Infractores sustanci\u00f3 la sentencia condenatoria sobre la base de m\u00e1s de cuarenta pruebas presentadas por la Fiscal\u00eda Especializada en Adolescentes Infractores de Pichincha, en la audiencia de juzgamiento que se desarroll\u00f3 el 10 de junio y se reinstal\u00f3 la tarde de este lunes 17.<\/p>\n<p style=\"text-align: justify\">Al motivar su sentencia, entregada de forma oral en audiencia privada, se concluy\u00f3 que antes de la muerte violenta por asfixia, existi\u00f3 agresi\u00f3n sexual. La noche previa al fallecimiento de la v\u00edctima \u2013ocurrida el 26 de agosto de 2018\u2013 la madre de Carolina dijo que ella sali\u00f3 con el adolescente.<\/p>\n<p style=\"text-align: justify\">Asimismo, la v\u00edctima estuvo con el adolescente en uno de los dormitorios del inmueble donde ocurri\u00f3 el deceso, seg\u00fan los testimonios presentados durante la audiencia de juicio. Antes del mediod\u00eda del 26 de agosto, se percataron de que Carolina ya no reaccionaba, la limpiaron, cambiaron de ropa y la dejaron en el lote bald\u00edo.<\/p>\n<p style=\"text-align: justify\">Durante el proceso penal, el adolescente A.D.M.A no entreg\u00f3 su ADN para las comparaciones gen\u00e9ticas con las muestras recuperadas del cuerpo de la v\u00edctima; tampoco particip\u00f3 en la reconstrucci\u00f3n de hechos, se neg\u00f3 a entregar su perfil de identidad para compararlo con los videos recolectados durante el proceso y rechaz\u00f3 la pr\u00e1ctica de pericias m\u00e9dica, psicol\u00f3gica y de trabajo social. Finalmente se acogi\u00f3 al derecho constitucional al silencio. Es decir: no colabor\u00f3 con las investigaciones de la Fiscal\u00eda.<\/p>\n<p style=\"text-align: justify\">El 5 de junio de 2019, las adolescentes M.Y.T.C. Y D.J.C.E. recibieron la m\u00e1xima sentencia dispuesta en el r\u00e9gimen de adolescentes infractores para el delito de fraude procesal. Fueron sentenciadas con medidas socioeducativas consistentes en un llamado de atenci\u00f3n verbal a ellas y a sus padres, recibir orientaci\u00f3n psico-socio-familiar y a un a\u00f1o de libertad condicional asistida. Las dos menores de edad ofrecieron disculpas a la administraci\u00f3n de justicia por ocultar los indicios.<\/p>\n<p style=\"text-align: justify\">Por trata de personas con fines de explotaci\u00f3n sexual, se abri\u00f3 una instrucci\u00f3n fiscal que culmina el 25 de junio de 2019. Es este caso est\u00e1n procesados Royce P. (\u201cAbuelo\u201d) y Christian G. (\u201cCareni\u00f1a\u201d).<\/p>\n<p style=\"text-align: justify\">Adem\u00e1s, el 15 de junio de 2019 se cerr\u00f3 la instrucci\u00f3n fiscal por violaci\u00f3n con resultado de muerte, abierta en contra de Christian G. (\u201cCareni\u00f1a\u201d), V\u00edctor Hugo Ch. y Jonathan Esteban P. A. En este caso quedan por realizarse diligencias solicitadas por la defensa de Christian G. a \u00faltima hora y despachadas por la Fiscal\u00eda, el viernes 14.<\/p>\n<p style=\"text-align: justify\">La aplicaci\u00f3n de medidas socioeducativas por delitos sancionados en el C\u00f3digo Org\u00e1nico Integral Penal (COIP) est\u00e1n determinadas en el art\u00edculo 385 del C\u00f3digo Org\u00e1nico de la Ni\u00f1ez y la Adolescencia (CONA).<\/p>\n<p style=\"text-align: justify\">El numeral 3 de dicho art\u00edculo prev\u00e9 que para los casos de delitos sancionados con privaci\u00f3n de libertad superior a diez a\u00f1os en el COIP (de veintid\u00f3s a veintis\u00e9is a\u00f1os de prisi\u00f3n violaci\u00f3n con muerte, art. 171 \u00faltimo inciso), se determina la aplicaci\u00f3n de la medida de amonestaci\u00f3n e internamiento institucional de cuatro a ocho a\u00f1os.<\/p>\n","protected":false},"excerpt":{"rendered":"<p>REDACCI\u00d3N NOTI-AM\u00c9RICA (ECUADOR) La m\u00e1xima pena de ocho a\u00f1os de internamiento institucional (medida socioeducativa) recibi\u00f3 el adolescente A.D.M.A., por el delito de violaci\u00f3n con resultado de muerte de Carolina A., de 15 a\u00f1os de&#46;&#46;&#46;<\/p>\n","protected":false},"author":17,"featured_media":4188,"comment_status":"open","ping_status":"open","sticky":false,"template":"","format":"standard","meta":{"_acf_changed":false,"om_disable_all_campaigns":false,"rop_custom_images_group":[],"rop_custom_messages_group":[],"rop_publish_now":"initial","rop_publish_now_accounts":{"twitter_242054905_242054905":""},"rop_publish_now_history":[],"rop_publish_now_status":"pending","_uf_show_specific_survey":0,"_uf_disable_surveys":false,"footnotes":""},"categories":[94],"tags":[],"class_list":["post-4187","post","type-post","status-publish","format-standard","has-post-thumbnail","hentry","category-judicial"],"acf":[],"aioseo_notices":[],"yoast_head":"<!-- This site is optimized with the Yoast SEO Premium plugin v24.9 (Yoast SEO v27.2) - https:\/\/yoast.com\/product\/yoast-seo-premium-wordpress\/ -->\n<title>Pena de ocho a\u00f1os recibi\u00f3 el adolescente A.D.M.A por el caso Carolina A - Ecuador | Noti-America.com<\/title>\n<meta name=\"robots\" content=\"index, follow, max-snippet:-1, max-image-preview:large, max-video-preview:-1\" \/>\n<link rel=\"canonical\" href=\"https:\/\/noti-america.com\/site\/ecuador\/2019\/06\/17\/pena-de-ocho-anos-recibio-el-adolescente-a-d-m-a-por-el-caso-carolina-a\/\" \/>\n<meta property=\"og:locale\" content=\"es_ES\" \/>\n<meta property=\"og:type\" content=\"article\" \/>\n<meta property=\"og:title\" content=\"Pena de ocho a\u00f1os recibi\u00f3 el adolescente A.D.M.A por el caso Carolina A\" \/>\n<meta property=\"og:description\" content=\"REDACCI\u00d3N NOTI-AM\u00c9RICA (ECUADOR) La m\u00e1xima pena de ocho a\u00f1os de internamiento institucional (medida socioeducativa) recibi\u00f3 el adolescente A.D.M.A., por el delito de violaci\u00f3n con resultado de muerte de Carolina A., de 15 a\u00f1os de&#046;&#046;&#046;\" \/>\n<meta property=\"og:url\" content=\"https:\/\/noti-america.com\/site\/ecuador\/2019\/06\/17\/pena-de-ocho-anos-recibio-el-adolescente-a-d-m-a-por-el-caso-carolina-a\/\" \/>\n<meta property=\"og:site_name\" content=\"Ecuador | Noti-America.com\" \/>\n<meta property=\"article:published_time\" content=\"2019-06-17T23:58:52+00:00\" \/>\n<meta property=\"og:image\" content=\"https:\/\/noti-america.com\/site\/ecuador\/wp-content\/uploads\/sites\/18\/2019\/06\/Caso-Carolina-A-pena-maxima.jpg\" \/>\n\t<meta property=\"og:image:width\" content=\"650\" \/>\n\t<meta property=\"og:image:height\" content=\"400\" \/>\n\t<meta property=\"og:image:type\" content=\"image\/jpeg\" \/>\n<meta name=\"author\" content=\"Gregory Quintana Montiel\" \/>\n<meta name=\"twitter:card\" content=\"summary_large_image\" \/>\n<meta name=\"twitter:creator\" content=\"@gdgregori1\" \/>\n<meta name=\"twitter:site\" content=\"@notiamerica\" \/>\n<meta name=\"twitter:label1\" content=\"Escrito por\" \/>\n\t<meta name=\"twitter:data1\" content=\"Gregory Quintana Montiel\" \/>\n\t<meta name=\"twitter:label2\" content=\"Tiempo estimado de lectura\" \/>\n\t<meta name=\"twitter:data2\" content=\"3 minutos\" \/>\n<script type=\"application\/ld+json\" class=\"yoast-schema-graph\">{\"@context\":\"https:\/\/schema.org\",\"@graph\":[{\"@type\":\"Article\",\"@id\":\"https:\/\/noti-america.com\/site\/ecuador\/2019\/06\/17\/pena-de-ocho-anos-recibio-el-adolescente-a-d-m-a-por-el-caso-carolina-a\/#article\",\"isPartOf\":{\"@id\":\"https:\/\/noti-america.com\/site\/ecuador\/2019\/06\/17\/pena-de-ocho-anos-recibio-el-adolescente-a-d-m-a-por-el-caso-carolina-a\/\"},\"author\":{\"name\":\"Gregory Quintana Montiel\",\"@id\":\"https:\/\/noti-america.com\/site\/ecuador\/#\/schema\/person\/3b975e42f15abfe64bfe3abdd916efda\"},\"headline\":\"Pena de ocho a\u00f1os recibi\u00f3 el adolescente A.D.M.A por el caso Carolina A\",\"datePublished\":\"2019-06-17T23:58:52+00:00\",\"mainEntityOfPage\":{\"@id\":\"https:\/\/noti-america.com\/site\/ecuador\/2019\/06\/17\/pena-de-ocho-anos-recibio-el-adolescente-a-d-m-a-por-el-caso-carolina-a\/\"},\"wordCount\":608,\"commentCount\":0,\"publisher\":{\"@id\":\"https:\/\/noti-america.com\/site\/ecuador\/#organization\"},\"image\":{\"@id\":\"https:\/\/noti-america.com\/site\/ecuador\/2019\/06\/17\/pena-de-ocho-anos-recibio-el-adolescente-a-d-m-a-por-el-caso-carolina-a\/#primaryimage\"},\"thumbnailUrl\":\"https:\/\/noti-america.com\/site\/ecuador\/wp-content\/uploads\/sites\/18\/2019\/06\/Caso-Carolina-A-pena-maxima.jpg\",\"articleSection\":[\"Judicial\"],\"inLanguage\":\"es\",\"potentialAction\":[{\"@type\":\"CommentAction\",\"name\":\"Comment\",\"target\":[\"https:\/\/noti-america.com\/site\/ecuador\/2019\/06\/17\/pena-de-ocho-anos-recibio-el-adolescente-a-d-m-a-por-el-caso-carolina-a\/#respond\"]}]},{\"@type\":\"WebPage\",\"@id\":\"https:\/\/noti-america.com\/site\/ecuador\/2019\/06\/17\/pena-de-ocho-anos-recibio-el-adolescente-a-d-m-a-por-el-caso-carolina-a\/\",\"url\":\"https:\/\/noti-america.com\/site\/ecuador\/2019\/06\/17\/pena-de-ocho-anos-recibio-el-adolescente-a-d-m-a-por-el-caso-carolina-a\/\",\"name\":\"Pena de ocho a\u00f1os recibi\u00f3 el adolescente A.D.M.A por el caso Carolina A - Ecuador | Noti-America.com\",\"isPartOf\":{\"@id\":\"https:\/\/noti-america.com\/site\/ecuador\/#website\"},\"primaryImageOfPage\":{\"@id\":\"https:\/\/noti-america.com\/site\/ecuador\/2019\/06\/17\/pena-de-ocho-anos-recibio-el-adolescente-a-d-m-a-por-el-caso-carolina-a\/#primaryimage\"},\"image\":{\"@id\":\"https:\/\/noti-america.com\/site\/ecuador\/2019\/06\/17\/pena-de-ocho-anos-recibio-el-adolescente-a-d-m-a-por-el-caso-carolina-a\/#primaryimage\"},\"thumbnailUrl\":\"https:\/\/noti-america.com\/site\/ecuador\/wp-content\/uploads\/sites\/18\/2019\/06\/Caso-Carolina-A-pena-maxima.jpg\",\"datePublished\":\"2019-06-17T23:58:52+00:00\",\"breadcrumb\":{\"@id\":\"https:\/\/noti-america.com\/site\/ecuador\/2019\/06\/17\/pena-de-ocho-anos-recibio-el-adolescente-a-d-m-a-por-el-caso-carolina-a\/#breadcrumb\"},\"inLanguage\":\"es\",\"potentialAction\":[{\"@type\":\"ReadAction\",\"target\":[\"https:\/\/noti-america.com\/site\/ecuador\/2019\/06\/17\/pena-de-ocho-anos-recibio-el-adolescente-a-d-m-a-por-el-caso-carolina-a\/\"]}]},{\"@type\":\"ImageObject\",\"inLanguage\":\"es\",\"@id\":\"https:\/\/noti-america.com\/site\/ecuador\/2019\/06\/17\/pena-de-ocho-anos-recibio-el-adolescente-a-d-m-a-por-el-caso-carolina-a\/#primaryimage\",\"url\":\"https:\/\/noti-america.com\/site\/ecuador\/wp-content\/uploads\/sites\/18\/2019\/06\/Caso-Carolina-A-pena-maxima.jpg\",\"contentUrl\":\"https:\/\/noti-america.com\/site\/ecuador\/wp-content\/uploads\/sites\/18\/2019\/06\/Caso-Carolina-A-pena-maxima.jpg\",\"width\":650,\"height\":400},{\"@type\":\"BreadcrumbList\",\"@id\":\"https:\/\/noti-america.com\/site\/ecuador\/2019\/06\/17\/pena-de-ocho-anos-recibio-el-adolescente-a-d-m-a-por-el-caso-carolina-a\/#breadcrumb\",\"itemListElement\":[{\"@type\":\"ListItem\",\"position\":1,\"name\":\"Portada\",\"item\":\"https:\/\/noti-america.com\/site\/ecuador\/\"},{\"@type\":\"ListItem\",\"position\":2,\"name\":\"Pena de ocho a\u00f1os recibi\u00f3 el adolescente A.D.M.A por el caso Carolina A\"}]},{\"@type\":\"WebSite\",\"@id\":\"https:\/\/noti-america.com\/site\/ecuador\/#website\",\"url\":\"https:\/\/noti-america.com\/site\/ecuador\/\",\"name\":\"Ecuador | Noti-America.com\",\"description\":\"\",\"publisher\":{\"@id\":\"https:\/\/noti-america.com\/site\/ecuador\/#organization\"},\"potentialAction\":[{\"@type\":\"SearchAction\",\"target\":{\"@type\":\"EntryPoint\",\"urlTemplate\":\"https:\/\/noti-america.com\/site\/ecuador\/?s={search_term_string}\"},\"query-input\":{\"@type\":\"PropertyValueSpecification\",\"valueRequired\":true,\"valueName\":\"search_term_string\"}}],\"inLanguage\":\"es\"},{\"@type\":\"Organization\",\"@id\":\"https:\/\/noti-america.com\/site\/ecuador\/#organization\",\"name\":\"Noti-America LLC | Ecuador\",\"url\":\"https:\/\/noti-america.com\/site\/ecuador\/\",\"logo\":{\"@type\":\"ImageObject\",\"inLanguage\":\"es\",\"@id\":\"https:\/\/noti-america.com\/site\/ecuador\/#\/schema\/logo\/image\/\",\"url\":\"https:\/\/noti-america.com\/site\/ecuador\/wp-content\/uploads\/sites\/18\/2020\/07\/LogoNA-4x3-1.jpg\",\"contentUrl\":\"https:\/\/noti-america.com\/site\/ecuador\/wp-content\/uploads\/sites\/18\/2020\/07\/LogoNA-4x3-1.jpg\",\"width\":1236,\"height\":1080,\"caption\":\"Noti-America LLC | Ecuador\"},\"image\":{\"@id\":\"https:\/\/noti-america.com\/site\/ecuador\/#\/schema\/logo\/image\/\"},\"sameAs\":[\"https:\/\/x.com\/notiamerica\"]},{\"@type\":\"Person\",\"@id\":\"https:\/\/noti-america.com\/site\/ecuador\/#\/schema\/person\/3b975e42f15abfe64bfe3abdd916efda\",\"name\":\"Gregory Quintana Montiel\",\"image\":{\"@type\":\"ImageObject\",\"inLanguage\":\"es\",\"@id\":\"https:\/\/secure.gravatar.com\/avatar\/2d6b802f7720c2ec7744dcbe608cc2f3417aeb964d58b443c6d612b77531de1d?s=96&d=mm&r=g\",\"url\":\"https:\/\/secure.gravatar.com\/avatar\/2d6b802f7720c2ec7744dcbe608cc2f3417aeb964d58b443c6d612b77531de1d?s=96&d=mm&r=g\",\"contentUrl\":\"https:\/\/secure.gravatar.com\/avatar\/2d6b802f7720c2ec7744dcbe608cc2f3417aeb964d58b443c6d612b77531de1d?s=96&d=mm&r=g\",\"caption\":\"Gregory Quintana Montiel\"},\"description\":\"Licenciatura en Ciencias de la Comunicaci\u00f3n Social, egresado en la Especializaci\u00f3n Derecho Ambiental Desarrollo Sostenible y Sustentable, Miembro de la Comunidad de profesionales y experto para Latinoam\u00e9rica y el Caribe en Gesti\u00f3n por Resultado en el Desarrollo (COPLAC - GpRD) del Banco Interamericano de Desarrollo, experiencia en medios radiales y escritos.\",\"sameAs\":[\"https:\/\/x.com\/gdgregori1\",\"gquintana\"],\"url\":\"https:\/\/noti-america.com\/site\/ecuador\/author\/gquintana\/\"}]}<\/script>\n<!-- \/ Yoast SEO Premium plugin. -->","yoast_head_json":{"title":"Pena de ocho a\u00f1os recibi\u00f3 el adolescente A.D.M.A por el caso Carolina A - Ecuador | Noti-America.com","robots":{"index":"index","follow":"follow","max-snippet":"max-snippet:-1","max-image-preview":"max-image-preview:large","max-video-preview":"max-video-preview:-1"},"canonical":"https:\/\/noti-america.com\/site\/ecuador\/2019\/06\/17\/pena-de-ocho-anos-recibio-el-adolescente-a-d-m-a-por-el-caso-carolina-a\/","og_locale":"es_ES","og_type":"article","og_title":"Pena de ocho a\u00f1os recibi\u00f3 el adolescente A.D.M.A por el caso Carolina A","og_description":"REDACCI\u00d3N NOTI-AM\u00c9RICA (ECUADOR) La m\u00e1xima pena de ocho a\u00f1os de internamiento institucional (medida socioeducativa) recibi\u00f3 el adolescente A.D.M.A., por el delito de violaci\u00f3n con resultado de muerte de Carolina A., de 15 a\u00f1os de&#46;&#46;&#46;","og_url":"https:\/\/noti-america.com\/site\/ecuador\/2019\/06\/17\/pena-de-ocho-anos-recibio-el-adolescente-a-d-m-a-por-el-caso-carolina-a\/","og_site_name":"Ecuador | Noti-America.com","article_published_time":"2019-06-17T23:58:52+00:00","og_image":[{"width":650,"height":400,"url":"https:\/\/noti-america.com\/site\/ecuador\/wp-content\/uploads\/sites\/18\/2019\/06\/Caso-Carolina-A-pena-maxima.jpg","type":"image\/jpeg"}],"author":"Gregory Quintana Montiel","twitter_card":"summary_large_image","twitter_creator":"@gdgregori1","twitter_site":"@notiamerica","twitter_misc":{"Escrito por":"Gregory Quintana Montiel","Tiempo estimado de lectura":"3 minutos"},"schema":{"@context":"https:\/\/schema.org","@graph":[{"@type":"Article","@id":"https:\/\/noti-america.com\/site\/ecuador\/2019\/06\/17\/pena-de-ocho-anos-recibio-el-adolescente-a-d-m-a-por-el-caso-carolina-a\/#article","isPartOf":{"@id":"https:\/\/noti-america.com\/site\/ecuador\/2019\/06\/17\/pena-de-ocho-anos-recibio-el-adolescente-a-d-m-a-por-el-caso-carolina-a\/"},"author":{"name":"Gregory Quintana Montiel","@id":"https:\/\/noti-america.com\/site\/ecuador\/#\/schema\/person\/3b975e42f15abfe64bfe3abdd916efda"},"headline":"Pena de ocho a\u00f1os recibi\u00f3 el adolescente A.D.M.A por el caso Carolina A","datePublished":"2019-06-17T23:58:52+00:00","mainEntityOfPage":{"@id":"https:\/\/noti-america.com\/site\/ecuador\/2019\/06\/17\/pena-de-ocho-anos-recibio-el-adolescente-a-d-m-a-por-el-caso-carolina-a\/"},"wordCount":608,"commentCount":0,"publisher":{"@id":"https:\/\/noti-america.com\/site\/ecuador\/#organization"},"image":{"@id":"https:\/\/noti-america.com\/site\/ecuador\/2019\/06\/17\/pena-de-ocho-anos-recibio-el-adolescente-a-d-m-a-por-el-caso-carolina-a\/#primaryimage"},"thumbnailUrl":"https:\/\/noti-america.com\/site\/ecuador\/wp-content\/uploads\/sites\/18\/2019\/06\/Caso-Carolina-A-pena-maxima.jpg","articleSection":["Judicial"],"inLanguage":"es","potentialAction":[{"@type":"CommentAction","name":"Comment","target":["https:\/\/noti-america.com\/site\/ecuador\/2019\/06\/17\/pena-de-ocho-anos-recibio-el-adolescente-a-d-m-a-por-el-caso-carolina-a\/#respond"]}]},{"@type":"WebPage","@id":"https:\/\/noti-america.com\/site\/ecuador\/2019\/06\/17\/pena-de-ocho-anos-recibio-el-adolescente-a-d-m-a-por-el-caso-carolina-a\/","url":"https:\/\/noti-america.com\/site\/ecuador\/2019\/06\/17\/pena-de-ocho-anos-recibio-el-adolescente-a-d-m-a-por-el-caso-carolina-a\/","name":"Pena de ocho a\u00f1os recibi\u00f3 el adolescente A.D.M.A por el caso Carolina A - Ecuador | Noti-America.com","isPartOf":{"@id":"https:\/\/noti-america.com\/site\/ecuador\/#website"},"primaryImageOfPage":{"@id":"https:\/\/noti-america.com\/site\/ecuador\/2019\/06\/17\/pena-de-ocho-anos-recibio-el-adolescente-a-d-m-a-por-el-caso-carolina-a\/#primaryimage"},"image":{"@id":"https:\/\/noti-america.com\/site\/ecuador\/2019\/06\/17\/pena-de-ocho-anos-recibio-el-adolescente-a-d-m-a-por-el-caso-carolina-a\/#primaryimage"},"thumbnailUrl":"https:\/\/noti-america.com\/site\/ecuador\/wp-content\/uploads\/sites\/18\/2019\/06\/Caso-Carolina-A-pena-maxima.jpg","datePublished":"2019-06-17T23:58:52+00:00","breadcrumb":{"@id":"https:\/\/noti-america.com\/site\/ecuador\/2019\/06\/17\/pena-de-ocho-anos-recibio-el-adolescente-a-d-m-a-por-el-caso-carolina-a\/#breadcrumb"},"inLanguage":"es","potentialAction":[{"@type":"ReadAction","target":["https:\/\/noti-america.com\/site\/ecuador\/2019\/06\/17\/pena-de-ocho-anos-recibio-el-adolescente-a-d-m-a-por-el-caso-carolina-a\/"]}]},{"@type":"ImageObject","inLanguage":"es","@id":"https:\/\/noti-america.com\/site\/ecuador\/2019\/06\/17\/pena-de-ocho-anos-recibio-el-adolescente-a-d-m-a-por-el-caso-carolina-a\/#primaryimage","url":"https:\/\/noti-america.com\/site\/ecuador\/wp-content\/uploads\/sites\/18\/2019\/06\/Caso-Carolina-A-pena-maxima.jpg","contentUrl":"https:\/\/noti-america.com\/site\/ecuador\/wp-content\/uploads\/sites\/18\/2019\/06\/Caso-Carolina-A-pena-maxima.jpg","width":650,"height":400},{"@type":"BreadcrumbList","@id":"https:\/\/noti-america.com\/site\/ecuador\/2019\/06\/17\/pena-de-ocho-anos-recibio-el-adolescente-a-d-m-a-por-el-caso-carolina-a\/#breadcrumb","itemListElement":[{"@type":"ListItem","position":1,"name":"Portada","item":"https:\/\/noti-america.com\/site\/ecuador\/"},{"@type":"ListItem","position":2,"name":"Pena de ocho a\u00f1os recibi\u00f3 el adolescente A.D.M.A por el caso Carolina A"}]},{"@type":"WebSite","@id":"https:\/\/noti-america.com\/site\/ecuador\/#website","url":"https:\/\/noti-america.com\/site\/ecuador\/","name":"Ecuador | Noti-America.com","description":"","publisher":{"@id":"https:\/\/noti-america.com\/site\/ecuador\/#organization"},"potentialAction":[{"@type":"SearchAction","target":{"@type":"EntryPoint","urlTemplate":"https:\/\/noti-america.com\/site\/ecuador\/?s={search_term_string}"},"query-input":{"@type":"PropertyValueSpecification","valueRequired":true,"valueName":"search_term_string"}}],"inLanguage":"es"},{"@type":"Organization","@id":"https:\/\/noti-america.com\/site\/ecuador\/#organization","name":"Noti-America LLC | Ecuador","url":"https:\/\/noti-america.com\/site\/ecuador\/","logo":{"@type":"ImageObject","inLanguage":"es","@id":"https:\/\/noti-america.com\/site\/ecuador\/#\/schema\/logo\/image\/","url":"https:\/\/noti-america.com\/site\/ecuador\/wp-content\/uploads\/sites\/18\/2020\/07\/LogoNA-4x3-1.jpg","contentUrl":"https:\/\/noti-america.com\/site\/ecuador\/wp-content\/uploads\/sites\/18\/2020\/07\/LogoNA-4x3-1.jpg","width":1236,"height":1080,"caption":"Noti-America LLC | Ecuador"},"image":{"@id":"https:\/\/noti-america.com\/site\/ecuador\/#\/schema\/logo\/image\/"},"sameAs":["https:\/\/x.com\/notiamerica"]},{"@type":"Person","@id":"https:\/\/noti-america.com\/site\/ecuador\/#\/schema\/person\/3b975e42f15abfe64bfe3abdd916efda","name":"Gregory Quintana Montiel","image":{"@type":"ImageObject","inLanguage":"es","@id":"https:\/\/secure.gravatar.com\/avatar\/2d6b802f7720c2ec7744dcbe608cc2f3417aeb964d58b443c6d612b77531de1d?s=96&d=mm&r=g","url":"https:\/\/secure.gravatar.com\/avatar\/2d6b802f7720c2ec7744dcbe608cc2f3417aeb964d58b443c6d612b77531de1d?s=96&d=mm&r=g","contentUrl":"https:\/\/secure.gravatar.com\/avatar\/2d6b802f7720c2ec7744dcbe608cc2f3417aeb964d58b443c6d612b77531de1d?s=96&d=mm&r=g","caption":"Gregory Quintana Montiel"},"description":"Licenciatura en Ciencias de la Comunicaci\u00f3n Social, egresado en la Especializaci\u00f3n Derecho Ambiental Desarrollo Sostenible y Sustentable, Miembro de la Comunidad de profesionales y experto para Latinoam\u00e9rica y el Caribe en Gesti\u00f3n por Resultado en el Desarrollo (COPLAC - GpRD) del Banco Interamericano de Desarrollo, experiencia en medios radiales y escritos.","sameAs":["https:\/\/x.com\/gdgregori1","gquintana"],"url":"https:\/\/noti-america.com\/site\/ecuador\/author\/gquintana\/"}]}},"_links":{"self":[{"href":"https:\/\/noti-america.com\/site\/ecuador\/wp-json\/wp\/v2\/posts\/4187","targetHints":{"allow":["GET"]}}],"collection":[{"href":"https:\/\/noti-america.com\/site\/ecuador\/wp-json\/wp\/v2\/posts"}],"about":[{"href":"https:\/\/noti-america.com\/site\/ecuador\/wp-json\/wp\/v2\/types\/post"}],"author":[{"embeddable":true,"href":"https:\/\/noti-america.com\/site\/ecuador\/wp-json\/wp\/v2\/users\/17"}],"replies":[{"embeddable":true,"href":"https:\/\/noti-america.com\/site\/ecuador\/wp-json\/wp\/v2\/comments?post=4187"}],"version-history":[{"count":1,"href":"https:\/\/noti-america.com\/site\/ecuador\/wp-json\/wp\/v2\/posts\/4187\/revisions"}],"predecessor-version":[{"id":4189,"href":"https:\/\/noti-america.com\/site\/ecuador\/wp-json\/wp\/v2\/posts\/4187\/revisions\/4189"}],"wp:featuredmedia":[{"embeddable":true,"href":"https:\/\/noti-america.com\/site\/ecuador\/wp-json\/wp\/v2\/media\/4188"}],"wp:attachment":[{"href":"https:\/\/noti-america.com\/site\/ecuador\/wp-json\/wp\/v2\/media?parent=4187"}],"wp:term":[{"taxonomy":"category","embeddable":true,"href":"https:\/\/noti-america.com\/site\/ecuador\/wp-json\/wp\/v2\/categories?post=4187"},{"taxonomy":"post_tag","embeddable":true,"href":"https:\/\/noti-america.com\/site\/ecuador\/wp-json\/wp\/v2\/tags?post=4187"}],"curies":[{"name":"wp","href":"https:\/\/api.w.org\/{rel}","templated":true}]}}