{"id":4007,"date":"2019-05-23T14:07:04","date_gmt":"2019-05-23T14:07:04","guid":{"rendered":"http:\/\/noti-america.com\/site\/ecuador\/?p=4007"},"modified":"2019-05-23T14:07:04","modified_gmt":"2019-05-23T14:07:04","slug":"multas-de-transito-podran-rebajarse-hasta-en-un-75-por-trabajos-comunitarios-y-educacion-vial","status":"publish","type":"post","link":"https:\/\/noti-america.com\/site\/ecuador\/2019\/05\/23\/multas-de-transito-podran-rebajarse-hasta-en-un-75-por-trabajos-comunitarios-y-educacion-vial\/","title":{"rendered":"Multas de tr\u00e1nsito podr\u00e1n rebajarse hasta en un 75% por trabajos comunitarios y educaci\u00f3n vial"},"content":{"rendered":"<p>REDACCI\u00d3N NOTI-AM\u00c9RICA (ECUADOR)<\/p>\n<p style=\"text-align: justify\">En su primer enlace radial semanal, este mi\u00e9rcoles 22 de mayo, la alcaldesa de Guayaquil, Cynthia Viteri, anunci\u00f3 la implementaci\u00f3n de una de sus promesas de campa\u00f1a que consiste en la opci\u00f3n de poder disminuir hasta en un 75% el valor de las multas por infracciones de tr\u00e1nsito. Se trata, dijo, de canjear la multa por trabajo comunitario y educaci\u00f3n vial, seg\u00fan las reglas que ser\u00e1n aprobadas en la pr\u00f3xima sesi\u00f3n del Concejo Municipal y plasmadas en una Ordenanza.<\/p>\n<p style=\"text-align: justify\">\u201cLa Ordenanza contempla que la persona que cometa una infracci\u00f3n pueda tener la opci\u00f3n de pagar la multa completa o someterse a los detalles de la ordenanza que permite rebajar la multa con trabajo comunitario o educaci\u00f3n vial\u201d, ha explicado.<\/p>\n<p style=\"text-align: justify\">Agreg\u00f3 que en lo que corresponde al trabajo comunitario, los que as\u00ed lo decidan, podr\u00e1n entrevistarse con las v\u00edctimas de accidentes de tr\u00e1nsito y sus familiares. \u201cEsto nos va a hacer comprender a todos, como ciudadanos, que tener un volante en las manos es como tener tambi\u00e9n un arma en las manos\u00bb. Es necesario que se cuide cada quien como conductor, cuide a quienes transporta y a quienes se encuentren caminando o conduciendo por las distintas v\u00edas, ha indicado.<\/p>\n<p style=\"text-align: justify\">De la aplicaci\u00f3n de la ordenanza estar\u00e1 a cargo de la Autoridad de Tr\u00e1nsito Municipal (ATM). Personas especializadas se encargar\u00e1n del control del cumplimiento de las horas de trabajo comunitario y en la capacitaci\u00f3n sobre educaci\u00f3n vial. El objetivo final es que aquellas personas que optaron por rebajar sus multas acogi\u00e9ndose a la ordenanza, la pr\u00f3xima vez que salgan a las calles \u2018est\u00e9n mucho m\u00e1s conscientes del respeto, del tiempo y de la vida de los dem\u00e1s\u2019.<\/p>\n","protected":false},"excerpt":{"rendered":"<p>REDACCI\u00d3N NOTI-AM\u00c9RICA (ECUADOR) En su primer enlace radial semanal, este mi\u00e9rcoles 22 de mayo, la alcaldesa de Guayaquil, Cynthia Viteri, anunci\u00f3 la implementaci\u00f3n de una de sus promesas de campa\u00f1a que consiste en la&#46;&#46;&#46;<\/p>\n","protected":false},"author":17,"featured_media":4008,"comment_status":"open","ping_status":"open","sticky":false,"template":"","format":"standard","meta":{"_acf_changed":false,"om_disable_all_campaigns":false,"rop_custom_images_group":[],"rop_custom_messages_group":[],"rop_publish_now":"initial","rop_publish_now_accounts":{"twitter_242054905_242054905":""},"rop_publish_now_history":[],"rop_publish_now_status":"pending","_uf_show_specific_survey":0,"_uf_disable_surveys":false,"footnotes":""},"categories":[34],"tags":[],"class_list":["post-4007","post","type-post","status-publish","format-standard","has-post-thumbnail","hentry","category-politica-opinion"],"acf":[],"aioseo_notices":[],"yoast_head":"<!-- This site is optimized with the Yoast SEO Premium plugin v24.9 (Yoast SEO v27.2) - https:\/\/yoast.com\/product\/yoast-seo-premium-wordpress\/ -->\n<title>Multas de tr\u00e1nsito podr\u00e1n rebajarse hasta en un 75% por trabajos comunitarios y educaci\u00f3n vial - Ecuador | Noti-America.com<\/title>\n<meta name=\"robots\" content=\"index, follow, max-snippet:-1, max-image-preview:large, max-video-preview:-1\" \/>\n<link rel=\"canonical\" href=\"https:\/\/noti-america.com\/site\/ecuador\/2019\/05\/23\/multas-de-transito-podran-rebajarse-hasta-en-un-75-por-trabajos-comunitarios-y-educacion-vial\/\" \/>\n<meta property=\"og:locale\" content=\"es_ES\" \/>\n<meta property=\"og:type\" content=\"article\" \/>\n<meta property=\"og:title\" content=\"Multas de tr\u00e1nsito podr\u00e1n rebajarse hasta en un 75% por trabajos comunitarios y educaci\u00f3n vial\" \/>\n<meta property=\"og:description\" content=\"REDACCI\u00d3N NOTI-AM\u00c9RICA (ECUADOR) En su primer enlace radial semanal, este mi\u00e9rcoles 22 de mayo, la alcaldesa de Guayaquil, Cynthia Viteri, anunci\u00f3 la implementaci\u00f3n de una de sus promesas de campa\u00f1a que consiste en la&#046;&#046;&#046;\" \/>\n<meta property=\"og:url\" content=\"https:\/\/noti-america.com\/site\/ecuador\/2019\/05\/23\/multas-de-transito-podran-rebajarse-hasta-en-un-75-por-trabajos-comunitarios-y-educacion-vial\/\" \/>\n<meta property=\"og:site_name\" content=\"Ecuador | Noti-America.com\" \/>\n<meta property=\"article:published_time\" content=\"2019-05-23T14:07:04+00:00\" \/>\n<meta property=\"og:image\" content=\"https:\/\/noti-america.com\/site\/ecuador\/wp-content\/uploads\/sites\/18\/2019\/05\/ENLACE-RADIAL-4-DE-ALCALDESA.jpg\" \/>\n\t<meta property=\"og:image:width\" content=\"950\" \/>\n\t<meta property=\"og:image:height\" content=\"633\" \/>\n\t<meta property=\"og:image:type\" content=\"image\/jpeg\" \/>\n<meta name=\"author\" content=\"Gregory Quintana Montiel\" \/>\n<meta name=\"twitter:card\" content=\"summary_large_image\" \/>\n<meta name=\"twitter:creator\" content=\"@gdgregori1\" \/>\n<meta name=\"twitter:site\" content=\"@notiamerica\" \/>\n<meta name=\"twitter:label1\" content=\"Escrito por\" \/>\n\t<meta name=\"twitter:data1\" content=\"Gregory Quintana Montiel\" \/>\n\t<meta name=\"twitter:label2\" content=\"Tiempo estimado de lectura\" \/>\n\t<meta name=\"twitter:data2\" content=\"2 minutos\" \/>\n<script type=\"application\/ld+json\" class=\"yoast-schema-graph\">{\"@context\":\"https:\/\/schema.org\",\"@graph\":[{\"@type\":\"Article\",\"@id\":\"https:\/\/noti-america.com\/site\/ecuador\/2019\/05\/23\/multas-de-transito-podran-rebajarse-hasta-en-un-75-por-trabajos-comunitarios-y-educacion-vial\/#article\",\"isPartOf\":{\"@id\":\"https:\/\/noti-america.com\/site\/ecuador\/2019\/05\/23\/multas-de-transito-podran-rebajarse-hasta-en-un-75-por-trabajos-comunitarios-y-educacion-vial\/\"},\"author\":{\"name\":\"Gregory Quintana Montiel\",\"@id\":\"https:\/\/noti-america.com\/site\/ecuador\/#\/schema\/person\/3b975e42f15abfe64bfe3abdd916efda\"},\"headline\":\"Multas de tr\u00e1nsito podr\u00e1n rebajarse hasta en un 75% por trabajos comunitarios y educaci\u00f3n vial\",\"datePublished\":\"2019-05-23T14:07:04+00:00\",\"mainEntityOfPage\":{\"@id\":\"https:\/\/noti-america.com\/site\/ecuador\/2019\/05\/23\/multas-de-transito-podran-rebajarse-hasta-en-un-75-por-trabajos-comunitarios-y-educacion-vial\/\"},\"wordCount\":323,\"commentCount\":0,\"publisher\":{\"@id\":\"https:\/\/noti-america.com\/site\/ecuador\/#organization\"},\"image\":{\"@id\":\"https:\/\/noti-america.com\/site\/ecuador\/2019\/05\/23\/multas-de-transito-podran-rebajarse-hasta-en-un-75-por-trabajos-comunitarios-y-educacion-vial\/#primaryimage\"},\"thumbnailUrl\":\"https:\/\/noti-america.com\/site\/ecuador\/wp-content\/uploads\/sites\/18\/2019\/05\/ENLACE-RADIAL-4-DE-ALCALDESA.jpg\",\"articleSection\":[\"Pol\u00edtica\"],\"inLanguage\":\"es\",\"potentialAction\":[{\"@type\":\"CommentAction\",\"name\":\"Comment\",\"target\":[\"https:\/\/noti-america.com\/site\/ecuador\/2019\/05\/23\/multas-de-transito-podran-rebajarse-hasta-en-un-75-por-trabajos-comunitarios-y-educacion-vial\/#respond\"]}]},{\"@type\":\"WebPage\",\"@id\":\"https:\/\/noti-america.com\/site\/ecuador\/2019\/05\/23\/multas-de-transito-podran-rebajarse-hasta-en-un-75-por-trabajos-comunitarios-y-educacion-vial\/\",\"url\":\"https:\/\/noti-america.com\/site\/ecuador\/2019\/05\/23\/multas-de-transito-podran-rebajarse-hasta-en-un-75-por-trabajos-comunitarios-y-educacion-vial\/\",\"name\":\"Multas de tr\u00e1nsito podr\u00e1n rebajarse hasta en un 75% por trabajos comunitarios y educaci\u00f3n vial - Ecuador | Noti-America.com\",\"isPartOf\":{\"@id\":\"https:\/\/noti-america.com\/site\/ecuador\/#website\"},\"primaryImageOfPage\":{\"@id\":\"https:\/\/noti-america.com\/site\/ecuador\/2019\/05\/23\/multas-de-transito-podran-rebajarse-hasta-en-un-75-por-trabajos-comunitarios-y-educacion-vial\/#primaryimage\"},\"image\":{\"@id\":\"https:\/\/noti-america.com\/site\/ecuador\/2019\/05\/23\/multas-de-transito-podran-rebajarse-hasta-en-un-75-por-trabajos-comunitarios-y-educacion-vial\/#primaryimage\"},\"thumbnailUrl\":\"https:\/\/noti-america.com\/site\/ecuador\/wp-content\/uploads\/sites\/18\/2019\/05\/ENLACE-RADIAL-4-DE-ALCALDESA.jpg\",\"datePublished\":\"2019-05-23T14:07:04+00:00\",\"breadcrumb\":{\"@id\":\"https:\/\/noti-america.com\/site\/ecuador\/2019\/05\/23\/multas-de-transito-podran-rebajarse-hasta-en-un-75-por-trabajos-comunitarios-y-educacion-vial\/#breadcrumb\"},\"inLanguage\":\"es\",\"potentialAction\":[{\"@type\":\"ReadAction\",\"target\":[\"https:\/\/noti-america.com\/site\/ecuador\/2019\/05\/23\/multas-de-transito-podran-rebajarse-hasta-en-un-75-por-trabajos-comunitarios-y-educacion-vial\/\"]}]},{\"@type\":\"ImageObject\",\"inLanguage\":\"es\",\"@id\":\"https:\/\/noti-america.com\/site\/ecuador\/2019\/05\/23\/multas-de-transito-podran-rebajarse-hasta-en-un-75-por-trabajos-comunitarios-y-educacion-vial\/#primaryimage\",\"url\":\"https:\/\/noti-america.com\/site\/ecuador\/wp-content\/uploads\/sites\/18\/2019\/05\/ENLACE-RADIAL-4-DE-ALCALDESA.jpg\",\"contentUrl\":\"https:\/\/noti-america.com\/site\/ecuador\/wp-content\/uploads\/sites\/18\/2019\/05\/ENLACE-RADIAL-4-DE-ALCALDESA.jpg\",\"width\":950,\"height\":633,\"caption\":\"La Ordenanza contempla que la persona que cometa una infracci\u00f3n pueda tener la opci\u00f3n de pagar la multa completa o someterse a los detalles de la ordenanza\"},{\"@type\":\"BreadcrumbList\",\"@id\":\"https:\/\/noti-america.com\/site\/ecuador\/2019\/05\/23\/multas-de-transito-podran-rebajarse-hasta-en-un-75-por-trabajos-comunitarios-y-educacion-vial\/#breadcrumb\",\"itemListElement\":[{\"@type\":\"ListItem\",\"position\":1,\"name\":\"Portada\",\"item\":\"https:\/\/noti-america.com\/site\/ecuador\/\"},{\"@type\":\"ListItem\",\"position\":2,\"name\":\"Multas de tr\u00e1nsito podr\u00e1n rebajarse hasta en un 75% por trabajos comunitarios y educaci\u00f3n vial\"}]},{\"@type\":\"WebSite\",\"@id\":\"https:\/\/noti-america.com\/site\/ecuador\/#website\",\"url\":\"https:\/\/noti-america.com\/site\/ecuador\/\",\"name\":\"Ecuador | Noti-America.com\",\"description\":\"\",\"publisher\":{\"@id\":\"https:\/\/noti-america.com\/site\/ecuador\/#organization\"},\"potentialAction\":[{\"@type\":\"SearchAction\",\"target\":{\"@type\":\"EntryPoint\",\"urlTemplate\":\"https:\/\/noti-america.com\/site\/ecuador\/?s={search_term_string}\"},\"query-input\":{\"@type\":\"PropertyValueSpecification\",\"valueRequired\":true,\"valueName\":\"search_term_string\"}}],\"inLanguage\":\"es\"},{\"@type\":\"Organization\",\"@id\":\"https:\/\/noti-america.com\/site\/ecuador\/#organization\",\"name\":\"Noti-America LLC | Ecuador\",\"url\":\"https:\/\/noti-america.com\/site\/ecuador\/\",\"logo\":{\"@type\":\"ImageObject\",\"inLanguage\":\"es\",\"@id\":\"https:\/\/noti-america.com\/site\/ecuador\/#\/schema\/logo\/image\/\",\"url\":\"https:\/\/noti-america.com\/site\/ecuador\/wp-content\/uploads\/sites\/18\/2020\/07\/LogoNA-4x3-1.jpg\",\"contentUrl\":\"https:\/\/noti-america.com\/site\/ecuador\/wp-content\/uploads\/sites\/18\/2020\/07\/LogoNA-4x3-1.jpg\",\"width\":1236,\"height\":1080,\"caption\":\"Noti-America LLC | Ecuador\"},\"image\":{\"@id\":\"https:\/\/noti-america.com\/site\/ecuador\/#\/schema\/logo\/image\/\"},\"sameAs\":[\"https:\/\/x.com\/notiamerica\"]},{\"@type\":\"Person\",\"@id\":\"https:\/\/noti-america.com\/site\/ecuador\/#\/schema\/person\/3b975e42f15abfe64bfe3abdd916efda\",\"name\":\"Gregory Quintana Montiel\",\"image\":{\"@type\":\"ImageObject\",\"inLanguage\":\"es\",\"@id\":\"https:\/\/secure.gravatar.com\/avatar\/2d6b802f7720c2ec7744dcbe608cc2f3417aeb964d58b443c6d612b77531de1d?s=96&d=mm&r=g\",\"url\":\"https:\/\/secure.gravatar.com\/avatar\/2d6b802f7720c2ec7744dcbe608cc2f3417aeb964d58b443c6d612b77531de1d?s=96&d=mm&r=g\",\"contentUrl\":\"https:\/\/secure.gravatar.com\/avatar\/2d6b802f7720c2ec7744dcbe608cc2f3417aeb964d58b443c6d612b77531de1d?s=96&d=mm&r=g\",\"caption\":\"Gregory Quintana Montiel\"},\"description\":\"Licenciatura en Ciencias de la Comunicaci\u00f3n Social, egresado en la Especializaci\u00f3n Derecho Ambiental Desarrollo Sostenible y Sustentable, Miembro de la Comunidad de profesionales y experto para Latinoam\u00e9rica y el Caribe en Gesti\u00f3n por Resultado en el Desarrollo (COPLAC - GpRD) del Banco Interamericano de Desarrollo, experiencia en medios radiales y escritos.\",\"sameAs\":[\"https:\/\/x.com\/gdgregori1\",\"gquintana\"],\"url\":\"https:\/\/noti-america.com\/site\/ecuador\/author\/gquintana\/\"}]}<\/script>\n<!-- \/ Yoast SEO Premium plugin. -->","yoast_head_json":{"title":"Multas de tr\u00e1nsito podr\u00e1n rebajarse hasta en un 75% por trabajos comunitarios y educaci\u00f3n vial - Ecuador | Noti-America.com","robots":{"index":"index","follow":"follow","max-snippet":"max-snippet:-1","max-image-preview":"max-image-preview:large","max-video-preview":"max-video-preview:-1"},"canonical":"https:\/\/noti-america.com\/site\/ecuador\/2019\/05\/23\/multas-de-transito-podran-rebajarse-hasta-en-un-75-por-trabajos-comunitarios-y-educacion-vial\/","og_locale":"es_ES","og_type":"article","og_title":"Multas de tr\u00e1nsito podr\u00e1n rebajarse hasta en un 75% por trabajos comunitarios y educaci\u00f3n vial","og_description":"REDACCI\u00d3N NOTI-AM\u00c9RICA (ECUADOR) En su primer enlace radial semanal, este mi\u00e9rcoles 22 de mayo, la alcaldesa de Guayaquil, Cynthia Viteri, anunci\u00f3 la implementaci\u00f3n de una de sus promesas de campa\u00f1a que consiste en la&#46;&#46;&#46;","og_url":"https:\/\/noti-america.com\/site\/ecuador\/2019\/05\/23\/multas-de-transito-podran-rebajarse-hasta-en-un-75-por-trabajos-comunitarios-y-educacion-vial\/","og_site_name":"Ecuador | Noti-America.com","article_published_time":"2019-05-23T14:07:04+00:00","og_image":[{"width":950,"height":633,"url":"https:\/\/noti-america.com\/site\/ecuador\/wp-content\/uploads\/sites\/18\/2019\/05\/ENLACE-RADIAL-4-DE-ALCALDESA.jpg","type":"image\/jpeg"}],"author":"Gregory Quintana Montiel","twitter_card":"summary_large_image","twitter_creator":"@gdgregori1","twitter_site":"@notiamerica","twitter_misc":{"Escrito por":"Gregory Quintana Montiel","Tiempo estimado de lectura":"2 minutos"},"schema":{"@context":"https:\/\/schema.org","@graph":[{"@type":"Article","@id":"https:\/\/noti-america.com\/site\/ecuador\/2019\/05\/23\/multas-de-transito-podran-rebajarse-hasta-en-un-75-por-trabajos-comunitarios-y-educacion-vial\/#article","isPartOf":{"@id":"https:\/\/noti-america.com\/site\/ecuador\/2019\/05\/23\/multas-de-transito-podran-rebajarse-hasta-en-un-75-por-trabajos-comunitarios-y-educacion-vial\/"},"author":{"name":"Gregory Quintana Montiel","@id":"https:\/\/noti-america.com\/site\/ecuador\/#\/schema\/person\/3b975e42f15abfe64bfe3abdd916efda"},"headline":"Multas de tr\u00e1nsito podr\u00e1n rebajarse hasta en un 75% por trabajos comunitarios y educaci\u00f3n vial","datePublished":"2019-05-23T14:07:04+00:00","mainEntityOfPage":{"@id":"https:\/\/noti-america.com\/site\/ecuador\/2019\/05\/23\/multas-de-transito-podran-rebajarse-hasta-en-un-75-por-trabajos-comunitarios-y-educacion-vial\/"},"wordCount":323,"commentCount":0,"publisher":{"@id":"https:\/\/noti-america.com\/site\/ecuador\/#organization"},"image":{"@id":"https:\/\/noti-america.com\/site\/ecuador\/2019\/05\/23\/multas-de-transito-podran-rebajarse-hasta-en-un-75-por-trabajos-comunitarios-y-educacion-vial\/#primaryimage"},"thumbnailUrl":"https:\/\/noti-america.com\/site\/ecuador\/wp-content\/uploads\/sites\/18\/2019\/05\/ENLACE-RADIAL-4-DE-ALCALDESA.jpg","articleSection":["Pol\u00edtica"],"inLanguage":"es","potentialAction":[{"@type":"CommentAction","name":"Comment","target":["https:\/\/noti-america.com\/site\/ecuador\/2019\/05\/23\/multas-de-transito-podran-rebajarse-hasta-en-un-75-por-trabajos-comunitarios-y-educacion-vial\/#respond"]}]},{"@type":"WebPage","@id":"https:\/\/noti-america.com\/site\/ecuador\/2019\/05\/23\/multas-de-transito-podran-rebajarse-hasta-en-un-75-por-trabajos-comunitarios-y-educacion-vial\/","url":"https:\/\/noti-america.com\/site\/ecuador\/2019\/05\/23\/multas-de-transito-podran-rebajarse-hasta-en-un-75-por-trabajos-comunitarios-y-educacion-vial\/","name":"Multas de tr\u00e1nsito podr\u00e1n rebajarse hasta en un 75% por trabajos comunitarios y educaci\u00f3n vial - Ecuador | Noti-America.com","isPartOf":{"@id":"https:\/\/noti-america.com\/site\/ecuador\/#website"},"primaryImageOfPage":{"@id":"https:\/\/noti-america.com\/site\/ecuador\/2019\/05\/23\/multas-de-transito-podran-rebajarse-hasta-en-un-75-por-trabajos-comunitarios-y-educacion-vial\/#primaryimage"},"image":{"@id":"https:\/\/noti-america.com\/site\/ecuador\/2019\/05\/23\/multas-de-transito-podran-rebajarse-hasta-en-un-75-por-trabajos-comunitarios-y-educacion-vial\/#primaryimage"},"thumbnailUrl":"https:\/\/noti-america.com\/site\/ecuador\/wp-content\/uploads\/sites\/18\/2019\/05\/ENLACE-RADIAL-4-DE-ALCALDESA.jpg","datePublished":"2019-05-23T14:07:04+00:00","breadcrumb":{"@id":"https:\/\/noti-america.com\/site\/ecuador\/2019\/05\/23\/multas-de-transito-podran-rebajarse-hasta-en-un-75-por-trabajos-comunitarios-y-educacion-vial\/#breadcrumb"},"inLanguage":"es","potentialAction":[{"@type":"ReadAction","target":["https:\/\/noti-america.com\/site\/ecuador\/2019\/05\/23\/multas-de-transito-podran-rebajarse-hasta-en-un-75-por-trabajos-comunitarios-y-educacion-vial\/"]}]},{"@type":"ImageObject","inLanguage":"es","@id":"https:\/\/noti-america.com\/site\/ecuador\/2019\/05\/23\/multas-de-transito-podran-rebajarse-hasta-en-un-75-por-trabajos-comunitarios-y-educacion-vial\/#primaryimage","url":"https:\/\/noti-america.com\/site\/ecuador\/wp-content\/uploads\/sites\/18\/2019\/05\/ENLACE-RADIAL-4-DE-ALCALDESA.jpg","contentUrl":"https:\/\/noti-america.com\/site\/ecuador\/wp-content\/uploads\/sites\/18\/2019\/05\/ENLACE-RADIAL-4-DE-ALCALDESA.jpg","width":950,"height":633,"caption":"La Ordenanza contempla que la persona que cometa una infracci\u00f3n pueda tener la opci\u00f3n de pagar la multa completa o someterse a los detalles de la ordenanza"},{"@type":"BreadcrumbList","@id":"https:\/\/noti-america.com\/site\/ecuador\/2019\/05\/23\/multas-de-transito-podran-rebajarse-hasta-en-un-75-por-trabajos-comunitarios-y-educacion-vial\/#breadcrumb","itemListElement":[{"@type":"ListItem","position":1,"name":"Portada","item":"https:\/\/noti-america.com\/site\/ecuador\/"},{"@type":"ListItem","position":2,"name":"Multas de tr\u00e1nsito podr\u00e1n rebajarse hasta en un 75% por trabajos comunitarios y educaci\u00f3n vial"}]},{"@type":"WebSite","@id":"https:\/\/noti-america.com\/site\/ecuador\/#website","url":"https:\/\/noti-america.com\/site\/ecuador\/","name":"Ecuador | Noti-America.com","description":"","publisher":{"@id":"https:\/\/noti-america.com\/site\/ecuador\/#organization"},"potentialAction":[{"@type":"SearchAction","target":{"@type":"EntryPoint","urlTemplate":"https:\/\/noti-america.com\/site\/ecuador\/?s={search_term_string}"},"query-input":{"@type":"PropertyValueSpecification","valueRequired":true,"valueName":"search_term_string"}}],"inLanguage":"es"},{"@type":"Organization","@id":"https:\/\/noti-america.com\/site\/ecuador\/#organization","name":"Noti-America LLC | Ecuador","url":"https:\/\/noti-america.com\/site\/ecuador\/","logo":{"@type":"ImageObject","inLanguage":"es","@id":"https:\/\/noti-america.com\/site\/ecuador\/#\/schema\/logo\/image\/","url":"https:\/\/noti-america.com\/site\/ecuador\/wp-content\/uploads\/sites\/18\/2020\/07\/LogoNA-4x3-1.jpg","contentUrl":"https:\/\/noti-america.com\/site\/ecuador\/wp-content\/uploads\/sites\/18\/2020\/07\/LogoNA-4x3-1.jpg","width":1236,"height":1080,"caption":"Noti-America LLC | Ecuador"},"image":{"@id":"https:\/\/noti-america.com\/site\/ecuador\/#\/schema\/logo\/image\/"},"sameAs":["https:\/\/x.com\/notiamerica"]},{"@type":"Person","@id":"https:\/\/noti-america.com\/site\/ecuador\/#\/schema\/person\/3b975e42f15abfe64bfe3abdd916efda","name":"Gregory Quintana Montiel","image":{"@type":"ImageObject","inLanguage":"es","@id":"https:\/\/secure.gravatar.com\/avatar\/2d6b802f7720c2ec7744dcbe608cc2f3417aeb964d58b443c6d612b77531de1d?s=96&d=mm&r=g","url":"https:\/\/secure.gravatar.com\/avatar\/2d6b802f7720c2ec7744dcbe608cc2f3417aeb964d58b443c6d612b77531de1d?s=96&d=mm&r=g","contentUrl":"https:\/\/secure.gravatar.com\/avatar\/2d6b802f7720c2ec7744dcbe608cc2f3417aeb964d58b443c6d612b77531de1d?s=96&d=mm&r=g","caption":"Gregory Quintana Montiel"},"description":"Licenciatura en Ciencias de la Comunicaci\u00f3n Social, egresado en la Especializaci\u00f3n Derecho Ambiental Desarrollo Sostenible y Sustentable, Miembro de la Comunidad de profesionales y experto para Latinoam\u00e9rica y el Caribe en Gesti\u00f3n por Resultado en el Desarrollo (COPLAC - GpRD) del Banco Interamericano de Desarrollo, experiencia en medios radiales y escritos.","sameAs":["https:\/\/x.com\/gdgregori1","gquintana"],"url":"https:\/\/noti-america.com\/site\/ecuador\/author\/gquintana\/"}]}},"_links":{"self":[{"href":"https:\/\/noti-america.com\/site\/ecuador\/wp-json\/wp\/v2\/posts\/4007","targetHints":{"allow":["GET"]}}],"collection":[{"href":"https:\/\/noti-america.com\/site\/ecuador\/wp-json\/wp\/v2\/posts"}],"about":[{"href":"https:\/\/noti-america.com\/site\/ecuador\/wp-json\/wp\/v2\/types\/post"}],"author":[{"embeddable":true,"href":"https:\/\/noti-america.com\/site\/ecuador\/wp-json\/wp\/v2\/users\/17"}],"replies":[{"embeddable":true,"href":"https:\/\/noti-america.com\/site\/ecuador\/wp-json\/wp\/v2\/comments?post=4007"}],"version-history":[{"count":1,"href":"https:\/\/noti-america.com\/site\/ecuador\/wp-json\/wp\/v2\/posts\/4007\/revisions"}],"predecessor-version":[{"id":4010,"href":"https:\/\/noti-america.com\/site\/ecuador\/wp-json\/wp\/v2\/posts\/4007\/revisions\/4010"}],"wp:featuredmedia":[{"embeddable":true,"href":"https:\/\/noti-america.com\/site\/ecuador\/wp-json\/wp\/v2\/media\/4008"}],"wp:attachment":[{"href":"https:\/\/noti-america.com\/site\/ecuador\/wp-json\/wp\/v2\/media?parent=4007"}],"wp:term":[{"taxonomy":"category","embeddable":true,"href":"https:\/\/noti-america.com\/site\/ecuador\/wp-json\/wp\/v2\/categories?post=4007"},{"taxonomy":"post_tag","embeddable":true,"href":"https:\/\/noti-america.com\/site\/ecuador\/wp-json\/wp\/v2\/tags?post=4007"}],"curies":[{"name":"wp","href":"https:\/\/api.w.org\/{rel}","templated":true}]}}