{"id":3988,"date":"2019-05-22T04:00:15","date_gmt":"2019-05-22T04:00:15","guid":{"rendered":"http:\/\/noti-america.com\/site\/ecuador\/?p=3988"},"modified":"2019-05-22T04:00:15","modified_gmt":"2019-05-22T04:00:15","slug":"gobierno-nacional-impulsa-la-afiliacion-de-transportistas-al-seguro-social","status":"publish","type":"post","link":"https:\/\/noti-america.com\/site\/ecuador\/2019\/05\/22\/gobierno-nacional-impulsa-la-afiliacion-de-transportistas-al-seguro-social\/","title":{"rendered":"Gobierno Nacional impulsa la afiliaci\u00f3n de transportistas al Seguro Social"},"content":{"rendered":"<p>REDACCI\u00d3N NOTI-AM\u00c9RICA (ECUADOR)<\/p>\n<p style=\"text-align: justify\">El presidente de la Rep\u00fablica, Len\u00edn Moreno, particip\u00f3 la ma\u00f1ana de este martes 21 en el evento \u201c<em>V\u00edas seguras, Conductores asegurados<\/em>\u201d, en el cual inform\u00f3 sobre el proceso de socializaci\u00f3n de los servicios y beneficios de la seguridad social al gremio del transporte en el Ecuador. Esta es una estrategia, en el marco del Pacto Nacional por la Seguridad Vial, para aportar en la seguridad vial en el pa\u00eds y la mejora de las condiciones laborales de los trabajadores de este sector.<\/p>\n<p style=\"text-align: justify\">El Primer Mandatario calific\u00f3 como \u201c<em>una deuda hist\u00f3rica<\/em>\u201d que todav\u00eda los transportistas no est\u00e9n integrados a la seguridad social. \u201c<em>No entiendo por qu\u00e9 nunca se ha masificado su afiliaci\u00f3n a la seguridad social (\u2026) \u00a1Pero este Gobierno, que es de todos, y que trabaja por todos, est\u00e1 aqu\u00ed para garantizar el cumplimiento de sus derechos!\u201d<\/em>, acot\u00f3.<\/p>\n<p style=\"text-align: justify\">Indic\u00f3 que el sector del transporte es estrat\u00e9gico y fundamental para el desarrollo del pa\u00eds, pero a la vez representa uno de los trabajos con mayor riesgo laboral. \u201c<em>Nadie mejor que ustedes conocen las afectaciones a la salud que puede generar el trabajo frente al volante. \u00a1Sin hablar del riesgo de sufrir accidentes de tr\u00e1nsito! (\u2026) Por eso es importante que los transportistas profesionales cuenten con afiliaci\u00f3n a la seguridad social<\/em>\u201d, puntualiz\u00f3.<\/p>\n<p style=\"text-align: justify\">Pa\u00fal Granda, presidente del Consejo Directivo del Instituto Ecuatoriano de Seguridad Social (IESS), recalc\u00f3 el compromiso de la instituci\u00f3n de facilitar la afiliaci\u00f3n de los transportistas a esta entidad. Gracias a las conversaciones mantenidas con este sector, los transportistas que trabajan sin relaci\u00f3n de dependencia para este a\u00f1o se pueden afiliar a la seguridad social con un aporte desde USD 69.<\/p>\n<p style=\"text-align: justify\">Granda inform\u00f3 que durante este a\u00f1o se han ejecutado 140 eventos de socializaci\u00f3n de las modalidades de afiliaci\u00f3n, en los que participaron m\u00e1s de 16.000 transportistas en las diferentes ramas. \u201c<em>Como resultado de este proceso se han registrado m\u00e1s de 6.000 avisos de entrada en el sector del transporte; seguimos sumando m\u00e1s personas del transporte al Seguro Social, garantizando sus derechos<\/em>\u201d, indic\u00f3.<\/p>\n<p style=\"text-align: justify\">Por su parte, Aurelio Hidalgo, Ministro de Transporte y Obras P\u00fablicas, ratific\u00f3 la decisi\u00f3n del Gobierno Nacional de mejorar las condiciones laborales de los transportistas, haciendo efectivo su derecho de afiliaci\u00f3n a la seguridad social con acciones que garanticen el acceso a la salud, cr\u00e9dito y jubilaci\u00f3n digna.\u00a0 Record\u00f3 que \u00fanicamente el 32% de las personas que laboran en el sector del transporte se encuentran afiliados al sistema de seguridad social, lo que motiv\u00f3 el trabajo coordinado del IESS y la Agencia Nacional de Tr\u00e1nsito para emprender esta iniciativa.<\/p>\n<p style=\"text-align: justify\">En el evento, representantes del sector de transportistas agradecieron al Gobierno por las acciones emprendidas a favor de la seguridad vial y resaltaron la importancia de contar con los beneficios de la seguridad social. \u201c<em>Quiero expresar mi profundo agradecimiento por las acciones que lleva a cabo el Gobierno con el Pacto Nacional por la Seguridad Vial. Con su presencia, se\u00f1or Presidente, nosotros los conductores profesionales nos sentimos respaldado<\/em>s\u201d, indic\u00f3 Dolores Pilca, conductora profesional de bus interprovincial, en representaci\u00f3n del Gremio de Transportistas de Pichincha.<\/p>\n<p style=\"text-align: justify\">El Gobierno impulsar\u00e1 capacitaciones y asesor\u00edas sobre las modalidades de afiliaciones y la prevenci\u00f3n de riesgos del trabajo en las cooperativas de transporte. Se activar\u00e1n brigadas m\u00e9dicas para valorar la salud de los transportistas y la prevenci\u00f3n de enfermedades.<\/p>\n<p style=\"text-align: justify\">Adem\u00e1s, se iniciar\u00e1 un proceso de integraci\u00f3n de los dispensarios de salud de las cooperativas a la red de salud del Seguro Social, como dispensarios anexos con la capacidad de atender a los afiliados y agendar citas, lo que reducir\u00e1 los tiempos de espera de los usuarios.<\/p>\n<p style=\"text-align: justify\">Los tipos de afiliaci\u00f3n que el IESS promueve son: afiliaci\u00f3n bajo relaci\u00f3n de dependencia, si posee un contrato de trabajo que est\u00e9 registrado en el Ministerio del Trabajo; afiliaci\u00f3n independiente, si cumplen con una actividad econ\u00f3mica, que no trabajen bajo relaci\u00f3n de dependencia y posean RUC; y, la afiliaci\u00f3n voluntaria, que se accede con la c\u00e9dula de ciudadan\u00eda.<\/p>\n<p style=\"text-align: justify\">Las prestaciones y servicios a los cuales pueden acceder las personas al afiliarse como independientes son: pensi\u00f3n jubilar (por vejez, invalidez, montep\u00edo), seguro de salud (cobertura total), riesgos del trabajo, auxilio de funerales, pr\u00e9stamo hipotecario, cobertura de salud para hijos menores de 18 a\u00f1os sin pago adicional, extensi\u00f3n de cobertura para c\u00f3nyuge, el pago adicional de 3,41% de la remuneraci\u00f3n registrada.<\/p>\n","protected":false},"excerpt":{"rendered":"<p>REDACCI\u00d3N NOTI-AM\u00c9RICA (ECUADOR) El presidente de la Rep\u00fablica, Len\u00edn Moreno, particip\u00f3 la ma\u00f1ana de este martes 21 en el evento \u201cV\u00edas seguras, Conductores asegurados\u201d, en el cual inform\u00f3 sobre el proceso de socializaci\u00f3n de&#46;&#46;&#46;<\/p>\n","protected":false},"author":17,"featured_media":3989,"comment_status":"open","ping_status":"open","sticky":false,"template":"","format":"standard","meta":{"_acf_changed":false,"om_disable_all_campaigns":false,"rop_custom_images_group":[],"rop_custom_messages_group":[],"rop_publish_now":"initial","rop_publish_now_accounts":{"twitter_242054905_242054905":""},"rop_publish_now_history":[],"rop_publish_now_status":"pending","_uf_show_specific_survey":0,"_uf_disable_surveys":false,"footnotes":""},"categories":[34],"tags":[],"class_list":["post-3988","post","type-post","status-publish","format-standard","has-post-thumbnail","hentry","category-politica-opinion"],"acf":[],"aioseo_notices":[],"yoast_head":"<!-- This site is optimized with the Yoast SEO Premium plugin v24.9 (Yoast SEO v27.2) - https:\/\/yoast.com\/product\/yoast-seo-premium-wordpress\/ -->\n<title>Gobierno Nacional impulsa la afiliaci\u00f3n de transportistas al Seguro Social - Ecuador | Noti-America.com<\/title>\n<meta name=\"robots\" content=\"index, follow, max-snippet:-1, max-image-preview:large, max-video-preview:-1\" \/>\n<link rel=\"canonical\" href=\"https:\/\/noti-america.com\/site\/ecuador\/2019\/05\/22\/gobierno-nacional-impulsa-la-afiliacion-de-transportistas-al-seguro-social\/\" \/>\n<meta property=\"og:locale\" content=\"es_ES\" \/>\n<meta property=\"og:type\" content=\"article\" \/>\n<meta property=\"og:title\" content=\"Gobierno Nacional impulsa la afiliaci\u00f3n de transportistas al Seguro Social\" \/>\n<meta property=\"og:description\" content=\"REDACCI\u00d3N NOTI-AM\u00c9RICA (ECUADOR) El presidente de la Rep\u00fablica, Len\u00edn Moreno, particip\u00f3 la ma\u00f1ana de este martes 21 en el evento \u201cV\u00edas seguras, Conductores asegurados\u201d, en el cual inform\u00f3 sobre el proceso de socializaci\u00f3n de&#046;&#046;&#046;\" \/>\n<meta property=\"og:url\" content=\"https:\/\/noti-america.com\/site\/ecuador\/2019\/05\/22\/gobierno-nacional-impulsa-la-afiliacion-de-transportistas-al-seguro-social\/\" \/>\n<meta property=\"og:site_name\" content=\"Ecuador | Noti-America.com\" \/>\n<meta property=\"article:published_time\" content=\"2019-05-22T04:00:15+00:00\" \/>\n<meta property=\"og:image\" content=\"https:\/\/noti-america.com\/site\/ecuador\/wp-content\/uploads\/sites\/18\/2019\/05\/El-presidente-de-la-Rep\u00fablica-particip\u00f3-la-ma\u00f1ana-de-este-martes-21-en-el-evento-\u201cV\u00edas-seguras-Conductores-asegurados\u201d.png\" \/>\n\t<meta property=\"og:image:width\" content=\"426\" \/>\n\t<meta property=\"og:image:height\" content=\"216\" \/>\n\t<meta property=\"og:image:type\" content=\"image\/png\" \/>\n<meta name=\"author\" content=\"Gregory Quintana Montiel\" \/>\n<meta name=\"twitter:card\" content=\"summary_large_image\" \/>\n<meta name=\"twitter:creator\" content=\"@gdgregori1\" \/>\n<meta name=\"twitter:site\" content=\"@notiamerica\" \/>\n<meta name=\"twitter:label1\" content=\"Escrito por\" \/>\n\t<meta name=\"twitter:data1\" content=\"Gregory Quintana Montiel\" \/>\n\t<meta name=\"twitter:label2\" content=\"Tiempo estimado de lectura\" \/>\n\t<meta name=\"twitter:data2\" content=\"4 minutos\" \/>\n<script type=\"application\/ld+json\" class=\"yoast-schema-graph\">{\"@context\":\"https:\/\/schema.org\",\"@graph\":[{\"@type\":\"Article\",\"@id\":\"https:\/\/noti-america.com\/site\/ecuador\/2019\/05\/22\/gobierno-nacional-impulsa-la-afiliacion-de-transportistas-al-seguro-social\/#article\",\"isPartOf\":{\"@id\":\"https:\/\/noti-america.com\/site\/ecuador\/2019\/05\/22\/gobierno-nacional-impulsa-la-afiliacion-de-transportistas-al-seguro-social\/\"},\"author\":{\"name\":\"Gregory Quintana Montiel\",\"@id\":\"https:\/\/noti-america.com\/site\/ecuador\/#\/schema\/person\/3b975e42f15abfe64bfe3abdd916efda\"},\"headline\":\"Gobierno Nacional impulsa la afiliaci\u00f3n de transportistas al Seguro Social\",\"datePublished\":\"2019-05-22T04:00:15+00:00\",\"mainEntityOfPage\":{\"@id\":\"https:\/\/noti-america.com\/site\/ecuador\/2019\/05\/22\/gobierno-nacional-impulsa-la-afiliacion-de-transportistas-al-seguro-social\/\"},\"wordCount\":773,\"commentCount\":0,\"publisher\":{\"@id\":\"https:\/\/noti-america.com\/site\/ecuador\/#organization\"},\"image\":{\"@id\":\"https:\/\/noti-america.com\/site\/ecuador\/2019\/05\/22\/gobierno-nacional-impulsa-la-afiliacion-de-transportistas-al-seguro-social\/#primaryimage\"},\"thumbnailUrl\":\"https:\/\/noti-america.com\/site\/ecuador\/wp-content\/uploads\/sites\/18\/2019\/05\/El-presidente-de-la-Rep\u00fablica-particip\u00f3-la-ma\u00f1ana-de-este-martes-21-en-el-evento-\u201cV\u00edas-seguras-Conductores-asegurados\u201d.png\",\"articleSection\":[\"Pol\u00edtica\"],\"inLanguage\":\"es\",\"potentialAction\":[{\"@type\":\"CommentAction\",\"name\":\"Comment\",\"target\":[\"https:\/\/noti-america.com\/site\/ecuador\/2019\/05\/22\/gobierno-nacional-impulsa-la-afiliacion-de-transportistas-al-seguro-social\/#respond\"]}]},{\"@type\":\"WebPage\",\"@id\":\"https:\/\/noti-america.com\/site\/ecuador\/2019\/05\/22\/gobierno-nacional-impulsa-la-afiliacion-de-transportistas-al-seguro-social\/\",\"url\":\"https:\/\/noti-america.com\/site\/ecuador\/2019\/05\/22\/gobierno-nacional-impulsa-la-afiliacion-de-transportistas-al-seguro-social\/\",\"name\":\"Gobierno Nacional impulsa la afiliaci\u00f3n de transportistas al Seguro Social - Ecuador | Noti-America.com\",\"isPartOf\":{\"@id\":\"https:\/\/noti-america.com\/site\/ecuador\/#website\"},\"primaryImageOfPage\":{\"@id\":\"https:\/\/noti-america.com\/site\/ecuador\/2019\/05\/22\/gobierno-nacional-impulsa-la-afiliacion-de-transportistas-al-seguro-social\/#primaryimage\"},\"image\":{\"@id\":\"https:\/\/noti-america.com\/site\/ecuador\/2019\/05\/22\/gobierno-nacional-impulsa-la-afiliacion-de-transportistas-al-seguro-social\/#primaryimage\"},\"thumbnailUrl\":\"https:\/\/noti-america.com\/site\/ecuador\/wp-content\/uploads\/sites\/18\/2019\/05\/El-presidente-de-la-Rep\u00fablica-particip\u00f3-la-ma\u00f1ana-de-este-martes-21-en-el-evento-\u201cV\u00edas-seguras-Conductores-asegurados\u201d.png\",\"datePublished\":\"2019-05-22T04:00:15+00:00\",\"breadcrumb\":{\"@id\":\"https:\/\/noti-america.com\/site\/ecuador\/2019\/05\/22\/gobierno-nacional-impulsa-la-afiliacion-de-transportistas-al-seguro-social\/#breadcrumb\"},\"inLanguage\":\"es\",\"potentialAction\":[{\"@type\":\"ReadAction\",\"target\":[\"https:\/\/noti-america.com\/site\/ecuador\/2019\/05\/22\/gobierno-nacional-impulsa-la-afiliacion-de-transportistas-al-seguro-social\/\"]}]},{\"@type\":\"ImageObject\",\"inLanguage\":\"es\",\"@id\":\"https:\/\/noti-america.com\/site\/ecuador\/2019\/05\/22\/gobierno-nacional-impulsa-la-afiliacion-de-transportistas-al-seguro-social\/#primaryimage\",\"url\":\"https:\/\/noti-america.com\/site\/ecuador\/wp-content\/uploads\/sites\/18\/2019\/05\/El-presidente-de-la-Rep\u00fablica-particip\u00f3-la-ma\u00f1ana-de-este-martes-21-en-el-evento-\u201cV\u00edas-seguras-Conductores-asegurados\u201d.png\",\"contentUrl\":\"https:\/\/noti-america.com\/site\/ecuador\/wp-content\/uploads\/sites\/18\/2019\/05\/El-presidente-de-la-Rep\u00fablica-particip\u00f3-la-ma\u00f1ana-de-este-martes-21-en-el-evento-\u201cV\u00edas-seguras-Conductores-asegurados\u201d.png\",\"width\":426,\"height\":216,\"caption\":\"El Primer Mandatario calific\u00f3 como \u201cuna deuda hist\u00f3rica\u201d que todav\u00eda los transportistas no est\u00e9n integrados a la seguridad social\"},{\"@type\":\"BreadcrumbList\",\"@id\":\"https:\/\/noti-america.com\/site\/ecuador\/2019\/05\/22\/gobierno-nacional-impulsa-la-afiliacion-de-transportistas-al-seguro-social\/#breadcrumb\",\"itemListElement\":[{\"@type\":\"ListItem\",\"position\":1,\"name\":\"Portada\",\"item\":\"https:\/\/noti-america.com\/site\/ecuador\/\"},{\"@type\":\"ListItem\",\"position\":2,\"name\":\"Gobierno Nacional impulsa la afiliaci\u00f3n de transportistas al Seguro Social\"}]},{\"@type\":\"WebSite\",\"@id\":\"https:\/\/noti-america.com\/site\/ecuador\/#website\",\"url\":\"https:\/\/noti-america.com\/site\/ecuador\/\",\"name\":\"Ecuador | Noti-America.com\",\"description\":\"\",\"publisher\":{\"@id\":\"https:\/\/noti-america.com\/site\/ecuador\/#organization\"},\"potentialAction\":[{\"@type\":\"SearchAction\",\"target\":{\"@type\":\"EntryPoint\",\"urlTemplate\":\"https:\/\/noti-america.com\/site\/ecuador\/?s={search_term_string}\"},\"query-input\":{\"@type\":\"PropertyValueSpecification\",\"valueRequired\":true,\"valueName\":\"search_term_string\"}}],\"inLanguage\":\"es\"},{\"@type\":\"Organization\",\"@id\":\"https:\/\/noti-america.com\/site\/ecuador\/#organization\",\"name\":\"Noti-America LLC | Ecuador\",\"url\":\"https:\/\/noti-america.com\/site\/ecuador\/\",\"logo\":{\"@type\":\"ImageObject\",\"inLanguage\":\"es\",\"@id\":\"https:\/\/noti-america.com\/site\/ecuador\/#\/schema\/logo\/image\/\",\"url\":\"https:\/\/noti-america.com\/site\/ecuador\/wp-content\/uploads\/sites\/18\/2020\/07\/LogoNA-4x3-1.jpg\",\"contentUrl\":\"https:\/\/noti-america.com\/site\/ecuador\/wp-content\/uploads\/sites\/18\/2020\/07\/LogoNA-4x3-1.jpg\",\"width\":1236,\"height\":1080,\"caption\":\"Noti-America LLC | Ecuador\"},\"image\":{\"@id\":\"https:\/\/noti-america.com\/site\/ecuador\/#\/schema\/logo\/image\/\"},\"sameAs\":[\"https:\/\/x.com\/notiamerica\"]},{\"@type\":\"Person\",\"@id\":\"https:\/\/noti-america.com\/site\/ecuador\/#\/schema\/person\/3b975e42f15abfe64bfe3abdd916efda\",\"name\":\"Gregory Quintana Montiel\",\"image\":{\"@type\":\"ImageObject\",\"inLanguage\":\"es\",\"@id\":\"https:\/\/secure.gravatar.com\/avatar\/2d6b802f7720c2ec7744dcbe608cc2f3417aeb964d58b443c6d612b77531de1d?s=96&d=mm&r=g\",\"url\":\"https:\/\/secure.gravatar.com\/avatar\/2d6b802f7720c2ec7744dcbe608cc2f3417aeb964d58b443c6d612b77531de1d?s=96&d=mm&r=g\",\"contentUrl\":\"https:\/\/secure.gravatar.com\/avatar\/2d6b802f7720c2ec7744dcbe608cc2f3417aeb964d58b443c6d612b77531de1d?s=96&d=mm&r=g\",\"caption\":\"Gregory Quintana Montiel\"},\"description\":\"Licenciatura en Ciencias de la Comunicaci\u00f3n Social, egresado en la Especializaci\u00f3n Derecho Ambiental Desarrollo Sostenible y Sustentable, Miembro de la Comunidad de profesionales y experto para Latinoam\u00e9rica y el Caribe en Gesti\u00f3n por Resultado en el Desarrollo (COPLAC - GpRD) del Banco Interamericano de Desarrollo, experiencia en medios radiales y escritos.\",\"sameAs\":[\"https:\/\/x.com\/gdgregori1\",\"gquintana\"],\"url\":\"https:\/\/noti-america.com\/site\/ecuador\/author\/gquintana\/\"}]}<\/script>\n<!-- \/ Yoast SEO Premium plugin. -->","yoast_head_json":{"title":"Gobierno Nacional impulsa la afiliaci\u00f3n de transportistas al Seguro Social - Ecuador | Noti-America.com","robots":{"index":"index","follow":"follow","max-snippet":"max-snippet:-1","max-image-preview":"max-image-preview:large","max-video-preview":"max-video-preview:-1"},"canonical":"https:\/\/noti-america.com\/site\/ecuador\/2019\/05\/22\/gobierno-nacional-impulsa-la-afiliacion-de-transportistas-al-seguro-social\/","og_locale":"es_ES","og_type":"article","og_title":"Gobierno Nacional impulsa la afiliaci\u00f3n de transportistas al Seguro Social","og_description":"REDACCI\u00d3N NOTI-AM\u00c9RICA (ECUADOR) El presidente de la Rep\u00fablica, Len\u00edn Moreno, particip\u00f3 la ma\u00f1ana de este martes 21 en el evento \u201cV\u00edas seguras, Conductores asegurados\u201d, en el cual inform\u00f3 sobre el proceso de socializaci\u00f3n de&#46;&#46;&#46;","og_url":"https:\/\/noti-america.com\/site\/ecuador\/2019\/05\/22\/gobierno-nacional-impulsa-la-afiliacion-de-transportistas-al-seguro-social\/","og_site_name":"Ecuador | Noti-America.com","article_published_time":"2019-05-22T04:00:15+00:00","og_image":[{"width":426,"height":216,"url":"https:\/\/noti-america.com\/site\/ecuador\/wp-content\/uploads\/sites\/18\/2019\/05\/El-presidente-de-la-Rep\u00fablica-particip\u00f3-la-ma\u00f1ana-de-este-martes-21-en-el-evento-\u201cV\u00edas-seguras-Conductores-asegurados\u201d.png","type":"image\/png"}],"author":"Gregory Quintana Montiel","twitter_card":"summary_large_image","twitter_creator":"@gdgregori1","twitter_site":"@notiamerica","twitter_misc":{"Escrito por":"Gregory Quintana Montiel","Tiempo estimado de lectura":"4 minutos"},"schema":{"@context":"https:\/\/schema.org","@graph":[{"@type":"Article","@id":"https:\/\/noti-america.com\/site\/ecuador\/2019\/05\/22\/gobierno-nacional-impulsa-la-afiliacion-de-transportistas-al-seguro-social\/#article","isPartOf":{"@id":"https:\/\/noti-america.com\/site\/ecuador\/2019\/05\/22\/gobierno-nacional-impulsa-la-afiliacion-de-transportistas-al-seguro-social\/"},"author":{"name":"Gregory Quintana Montiel","@id":"https:\/\/noti-america.com\/site\/ecuador\/#\/schema\/person\/3b975e42f15abfe64bfe3abdd916efda"},"headline":"Gobierno Nacional impulsa la afiliaci\u00f3n de transportistas al Seguro Social","datePublished":"2019-05-22T04:00:15+00:00","mainEntityOfPage":{"@id":"https:\/\/noti-america.com\/site\/ecuador\/2019\/05\/22\/gobierno-nacional-impulsa-la-afiliacion-de-transportistas-al-seguro-social\/"},"wordCount":773,"commentCount":0,"publisher":{"@id":"https:\/\/noti-america.com\/site\/ecuador\/#organization"},"image":{"@id":"https:\/\/noti-america.com\/site\/ecuador\/2019\/05\/22\/gobierno-nacional-impulsa-la-afiliacion-de-transportistas-al-seguro-social\/#primaryimage"},"thumbnailUrl":"https:\/\/noti-america.com\/site\/ecuador\/wp-content\/uploads\/sites\/18\/2019\/05\/El-presidente-de-la-Rep\u00fablica-particip\u00f3-la-ma\u00f1ana-de-este-martes-21-en-el-evento-\u201cV\u00edas-seguras-Conductores-asegurados\u201d.png","articleSection":["Pol\u00edtica"],"inLanguage":"es","potentialAction":[{"@type":"CommentAction","name":"Comment","target":["https:\/\/noti-america.com\/site\/ecuador\/2019\/05\/22\/gobierno-nacional-impulsa-la-afiliacion-de-transportistas-al-seguro-social\/#respond"]}]},{"@type":"WebPage","@id":"https:\/\/noti-america.com\/site\/ecuador\/2019\/05\/22\/gobierno-nacional-impulsa-la-afiliacion-de-transportistas-al-seguro-social\/","url":"https:\/\/noti-america.com\/site\/ecuador\/2019\/05\/22\/gobierno-nacional-impulsa-la-afiliacion-de-transportistas-al-seguro-social\/","name":"Gobierno Nacional impulsa la afiliaci\u00f3n de transportistas al Seguro Social - Ecuador | Noti-America.com","isPartOf":{"@id":"https:\/\/noti-america.com\/site\/ecuador\/#website"},"primaryImageOfPage":{"@id":"https:\/\/noti-america.com\/site\/ecuador\/2019\/05\/22\/gobierno-nacional-impulsa-la-afiliacion-de-transportistas-al-seguro-social\/#primaryimage"},"image":{"@id":"https:\/\/noti-america.com\/site\/ecuador\/2019\/05\/22\/gobierno-nacional-impulsa-la-afiliacion-de-transportistas-al-seguro-social\/#primaryimage"},"thumbnailUrl":"https:\/\/noti-america.com\/site\/ecuador\/wp-content\/uploads\/sites\/18\/2019\/05\/El-presidente-de-la-Rep\u00fablica-particip\u00f3-la-ma\u00f1ana-de-este-martes-21-en-el-evento-\u201cV\u00edas-seguras-Conductores-asegurados\u201d.png","datePublished":"2019-05-22T04:00:15+00:00","breadcrumb":{"@id":"https:\/\/noti-america.com\/site\/ecuador\/2019\/05\/22\/gobierno-nacional-impulsa-la-afiliacion-de-transportistas-al-seguro-social\/#breadcrumb"},"inLanguage":"es","potentialAction":[{"@type":"ReadAction","target":["https:\/\/noti-america.com\/site\/ecuador\/2019\/05\/22\/gobierno-nacional-impulsa-la-afiliacion-de-transportistas-al-seguro-social\/"]}]},{"@type":"ImageObject","inLanguage":"es","@id":"https:\/\/noti-america.com\/site\/ecuador\/2019\/05\/22\/gobierno-nacional-impulsa-la-afiliacion-de-transportistas-al-seguro-social\/#primaryimage","url":"https:\/\/noti-america.com\/site\/ecuador\/wp-content\/uploads\/sites\/18\/2019\/05\/El-presidente-de-la-Rep\u00fablica-particip\u00f3-la-ma\u00f1ana-de-este-martes-21-en-el-evento-\u201cV\u00edas-seguras-Conductores-asegurados\u201d.png","contentUrl":"https:\/\/noti-america.com\/site\/ecuador\/wp-content\/uploads\/sites\/18\/2019\/05\/El-presidente-de-la-Rep\u00fablica-particip\u00f3-la-ma\u00f1ana-de-este-martes-21-en-el-evento-\u201cV\u00edas-seguras-Conductores-asegurados\u201d.png","width":426,"height":216,"caption":"El Primer Mandatario calific\u00f3 como \u201cuna deuda hist\u00f3rica\u201d que todav\u00eda los transportistas no est\u00e9n integrados a la seguridad social"},{"@type":"BreadcrumbList","@id":"https:\/\/noti-america.com\/site\/ecuador\/2019\/05\/22\/gobierno-nacional-impulsa-la-afiliacion-de-transportistas-al-seguro-social\/#breadcrumb","itemListElement":[{"@type":"ListItem","position":1,"name":"Portada","item":"https:\/\/noti-america.com\/site\/ecuador\/"},{"@type":"ListItem","position":2,"name":"Gobierno Nacional impulsa la afiliaci\u00f3n de transportistas al Seguro Social"}]},{"@type":"WebSite","@id":"https:\/\/noti-america.com\/site\/ecuador\/#website","url":"https:\/\/noti-america.com\/site\/ecuador\/","name":"Ecuador | Noti-America.com","description":"","publisher":{"@id":"https:\/\/noti-america.com\/site\/ecuador\/#organization"},"potentialAction":[{"@type":"SearchAction","target":{"@type":"EntryPoint","urlTemplate":"https:\/\/noti-america.com\/site\/ecuador\/?s={search_term_string}"},"query-input":{"@type":"PropertyValueSpecification","valueRequired":true,"valueName":"search_term_string"}}],"inLanguage":"es"},{"@type":"Organization","@id":"https:\/\/noti-america.com\/site\/ecuador\/#organization","name":"Noti-America LLC | Ecuador","url":"https:\/\/noti-america.com\/site\/ecuador\/","logo":{"@type":"ImageObject","inLanguage":"es","@id":"https:\/\/noti-america.com\/site\/ecuador\/#\/schema\/logo\/image\/","url":"https:\/\/noti-america.com\/site\/ecuador\/wp-content\/uploads\/sites\/18\/2020\/07\/LogoNA-4x3-1.jpg","contentUrl":"https:\/\/noti-america.com\/site\/ecuador\/wp-content\/uploads\/sites\/18\/2020\/07\/LogoNA-4x3-1.jpg","width":1236,"height":1080,"caption":"Noti-America LLC | Ecuador"},"image":{"@id":"https:\/\/noti-america.com\/site\/ecuador\/#\/schema\/logo\/image\/"},"sameAs":["https:\/\/x.com\/notiamerica"]},{"@type":"Person","@id":"https:\/\/noti-america.com\/site\/ecuador\/#\/schema\/person\/3b975e42f15abfe64bfe3abdd916efda","name":"Gregory Quintana Montiel","image":{"@type":"ImageObject","inLanguage":"es","@id":"https:\/\/secure.gravatar.com\/avatar\/2d6b802f7720c2ec7744dcbe608cc2f3417aeb964d58b443c6d612b77531de1d?s=96&d=mm&r=g","url":"https:\/\/secure.gravatar.com\/avatar\/2d6b802f7720c2ec7744dcbe608cc2f3417aeb964d58b443c6d612b77531de1d?s=96&d=mm&r=g","contentUrl":"https:\/\/secure.gravatar.com\/avatar\/2d6b802f7720c2ec7744dcbe608cc2f3417aeb964d58b443c6d612b77531de1d?s=96&d=mm&r=g","caption":"Gregory Quintana Montiel"},"description":"Licenciatura en Ciencias de la Comunicaci\u00f3n Social, egresado en la Especializaci\u00f3n Derecho Ambiental Desarrollo Sostenible y Sustentable, Miembro de la Comunidad de profesionales y experto para Latinoam\u00e9rica y el Caribe en Gesti\u00f3n por Resultado en el Desarrollo (COPLAC - GpRD) del Banco Interamericano de Desarrollo, experiencia en medios radiales y escritos.","sameAs":["https:\/\/x.com\/gdgregori1","gquintana"],"url":"https:\/\/noti-america.com\/site\/ecuador\/author\/gquintana\/"}]}},"_links":{"self":[{"href":"https:\/\/noti-america.com\/site\/ecuador\/wp-json\/wp\/v2\/posts\/3988","targetHints":{"allow":["GET"]}}],"collection":[{"href":"https:\/\/noti-america.com\/site\/ecuador\/wp-json\/wp\/v2\/posts"}],"about":[{"href":"https:\/\/noti-america.com\/site\/ecuador\/wp-json\/wp\/v2\/types\/post"}],"author":[{"embeddable":true,"href":"https:\/\/noti-america.com\/site\/ecuador\/wp-json\/wp\/v2\/users\/17"}],"replies":[{"embeddable":true,"href":"https:\/\/noti-america.com\/site\/ecuador\/wp-json\/wp\/v2\/comments?post=3988"}],"version-history":[{"count":1,"href":"https:\/\/noti-america.com\/site\/ecuador\/wp-json\/wp\/v2\/posts\/3988\/revisions"}],"predecessor-version":[{"id":3990,"href":"https:\/\/noti-america.com\/site\/ecuador\/wp-json\/wp\/v2\/posts\/3988\/revisions\/3990"}],"wp:featuredmedia":[{"embeddable":true,"href":"https:\/\/noti-america.com\/site\/ecuador\/wp-json\/wp\/v2\/media\/3989"}],"wp:attachment":[{"href":"https:\/\/noti-america.com\/site\/ecuador\/wp-json\/wp\/v2\/media?parent=3988"}],"wp:term":[{"taxonomy":"category","embeddable":true,"href":"https:\/\/noti-america.com\/site\/ecuador\/wp-json\/wp\/v2\/categories?post=3988"},{"taxonomy":"post_tag","embeddable":true,"href":"https:\/\/noti-america.com\/site\/ecuador\/wp-json\/wp\/v2\/tags?post=3988"}],"curies":[{"name":"wp","href":"https:\/\/api.w.org\/{rel}","templated":true}]}}