{"id":3984,"date":"2019-05-22T03:48:59","date_gmt":"2019-05-22T03:48:59","guid":{"rendered":"http:\/\/noti-america.com\/site\/ecuador\/?p=3984"},"modified":"2019-05-22T03:48:59","modified_gmt":"2019-05-22T03:48:59","slug":"ministro-del-ambiente-acuerda-con-mas-de-100-alcaldes-generar-ordenanzas-para-la-reduccion-de-plasticos-de-un-solo-uso","status":"publish","type":"post","link":"https:\/\/noti-america.com\/site\/ecuador\/2019\/05\/22\/ministro-del-ambiente-acuerda-con-mas-de-100-alcaldes-generar-ordenanzas-para-la-reduccion-de-plasticos-de-un-solo-uso\/","title":{"rendered":"Ministro del Ambiente acuerda con m\u00e1s de 100 alcaldes generar ordenanzas para la reducci\u00f3n de pl\u00e1sticos de un solo uso"},"content":{"rendered":"<p>REDACCI\u00d3N NOTI-AM\u00c9RICA (ECUADOR)<\/p>\n<p style=\"text-align: justify\">M\u00e1s de 100 alcaldes y prefectos de nuestro pa\u00eds ratificaron su compromiso con la protecci\u00f3n y conservaci\u00f3n del patrimonio natural se lo ha hecho mediante la suscripci\u00f3n de un memorando de entendimiento para trabajar en una ordenanza modelo para la reducci\u00f3n de pl\u00e1sticos de un solo uso que tiene como objetivo establecer v\u00ednculos de cooperaci\u00f3n interinstitucional.<\/p>\n<p style=\"text-align: justify\">Marcelo Mata Guerrero, ministro del Ambiente, en el marco del Primer Encuentro para la Construcci\u00f3n de Pol\u00edticas y Estrategias Nacionales de Protecci\u00f3n y Conservaci\u00f3n de los Recursos Naturales del Pa\u00eds, se\u00f1al\u00f3 que \u201cgracias al compromiso de las autoridades locales se ha logrado el fortalecimiento de las diferentes estrategias para responder a las necesidades nacionales del desarrollo basado en la sostenibilidad y sustentabilidad, a trav\u00e9s de los mecanismos de conservaci\u00f3n, restauraci\u00f3n y transparencia en la aplicaci\u00f3n de los siete ejes de la Intervenci\u00f3n Emblem\u00e1tica Reverdecer Ecuador, iniciativa impulsada por el Gobierno Nacional \u201d.<\/p>\n<p style=\"text-align: justify\">Este espacio es parte del trabajo que el Ministerio del Ambiente realiza con las autoridades locales del pa\u00eds con base en la implementaci\u00f3n del C\u00f3digo Org\u00e1nico Ambiente y su Reglamento el cual ser\u00e1 suscrito por el Primer Mandatario.<\/p>\n<p style=\"text-align: justify\">Pedro Palacios, alcalde de Cuenca, felicit\u00f3 esta iniciativa y resalt\u00f3 la importancia del trabajo conjunto para alcanzar el desarrollo social y ambiental del pa\u00eds. \u201cEl manejo de desechos s\u00f3lidos es una prioridad. Debemos trabajar en reformas y pol\u00edticas que limiten la utilizaci\u00f3n de pl\u00e1sticos de un solo uso, pues todas las provincias del pa\u00eds deben ser espacios libres de basura\u201d.<\/p>\n<p style=\"text-align: justify\">Varios alcaldes y prefectos presentes en este evento destacaron y agradecieron esta iniciativa, que permite construir pol\u00edticas p\u00fablicas participativas, con una visi\u00f3n territorial, considerando las realidades de las localidades y municipios a favor de los recursos naturales y en beneficio de la ciudadan\u00eda.<\/p>\n<p style=\"text-align: justify\">\u201cMe da mucho gusto saber que forman parte de este primer encuentro para la construcci\u00f3n de pol\u00edticas y estrategias nacionales de protecci\u00f3n y conservaci\u00f3n de los recursos naturales del pa\u00eds, una iniciativa que esperamos crezca poco a poco y se convierta en uno de los espacios de comunicaci\u00f3n emblem\u00e1ticos de este Ministerio y del Gobierno Nacional\u201d, puntualiz\u00f3 el secretario de Ambiente.<\/p>\n","protected":false},"excerpt":{"rendered":"<p>REDACCI\u00d3N NOTI-AM\u00c9RICA (ECUADOR) M\u00e1s de 100 alcaldes y prefectos de nuestro pa\u00eds ratificaron su compromiso con la protecci\u00f3n y conservaci\u00f3n del patrimonio natural se lo ha hecho mediante la suscripci\u00f3n de un memorando de&#46;&#46;&#46;<\/p>\n","protected":false},"author":17,"featured_media":3985,"comment_status":"open","ping_status":"open","sticky":false,"template":"","format":"standard","meta":{"_acf_changed":false,"om_disable_all_campaigns":false,"rop_custom_images_group":[],"rop_custom_messages_group":[],"rop_publish_now":"initial","rop_publish_now_accounts":{"twitter_242054905_242054905":""},"rop_publish_now_history":[],"rop_publish_now_status":"pending","_uf_show_specific_survey":0,"_uf_disable_surveys":false,"footnotes":""},"categories":[34],"tags":[],"class_list":["post-3984","post","type-post","status-publish","format-standard","has-post-thumbnail","hentry","category-politica-opinion"],"acf":[],"aioseo_notices":[],"yoast_head":"<!-- This site is optimized with the Yoast SEO Premium plugin v24.9 (Yoast SEO v27.2) - https:\/\/yoast.com\/product\/yoast-seo-premium-wordpress\/ -->\n<title>Ministro del Ambiente acuerda con m\u00e1s de 100 alcaldes generar ordenanzas para la reducci\u00f3n de pl\u00e1sticos de un solo uso - Ecuador | Noti-America.com<\/title>\n<meta name=\"robots\" content=\"index, follow, max-snippet:-1, max-image-preview:large, max-video-preview:-1\" \/>\n<link rel=\"canonical\" href=\"https:\/\/noti-america.com\/site\/ecuador\/2019\/05\/22\/ministro-del-ambiente-acuerda-con-mas-de-100-alcaldes-generar-ordenanzas-para-la-reduccion-de-plasticos-de-un-solo-uso\/\" \/>\n<meta property=\"og:locale\" content=\"es_ES\" \/>\n<meta property=\"og:type\" content=\"article\" \/>\n<meta property=\"og:title\" content=\"Ministro del Ambiente acuerda con m\u00e1s de 100 alcaldes generar ordenanzas para la reducci\u00f3n de pl\u00e1sticos de un solo uso\" \/>\n<meta property=\"og:description\" content=\"REDACCI\u00d3N NOTI-AM\u00c9RICA (ECUADOR) M\u00e1s de 100 alcaldes y prefectos de nuestro pa\u00eds ratificaron su compromiso con la protecci\u00f3n y conservaci\u00f3n del patrimonio natural se lo ha hecho mediante la suscripci\u00f3n de un memorando de&#046;&#046;&#046;\" \/>\n<meta property=\"og:url\" content=\"https:\/\/noti-america.com\/site\/ecuador\/2019\/05\/22\/ministro-del-ambiente-acuerda-con-mas-de-100-alcaldes-generar-ordenanzas-para-la-reduccion-de-plasticos-de-un-solo-uso\/\" \/>\n<meta property=\"og:site_name\" content=\"Ecuador | Noti-America.com\" \/>\n<meta property=\"article:published_time\" content=\"2019-05-22T03:48:59+00:00\" \/>\n<meta property=\"og:image\" content=\"https:\/\/noti-america.com\/site\/ecuador\/wp-content\/uploads\/sites\/18\/2019\/05\/Reuni\u00f3n-de-alcaldes-y-prefectos-con-ministro-del-ambiente.png\" \/>\n\t<meta property=\"og:image:width\" content=\"800\" \/>\n\t<meta property=\"og:image:height\" content=\"450\" \/>\n\t<meta property=\"og:image:type\" content=\"image\/png\" \/>\n<meta name=\"author\" content=\"Gregory Quintana Montiel\" \/>\n<meta name=\"twitter:card\" content=\"summary_large_image\" \/>\n<meta name=\"twitter:creator\" content=\"@gdgregori1\" \/>\n<meta name=\"twitter:site\" content=\"@notiamerica\" \/>\n<meta name=\"twitter:label1\" content=\"Escrito por\" \/>\n\t<meta name=\"twitter:data1\" content=\"Gregory Quintana Montiel\" \/>\n\t<meta name=\"twitter:label2\" content=\"Tiempo estimado de lectura\" \/>\n\t<meta name=\"twitter:data2\" content=\"2 minutos\" \/>\n<script type=\"application\/ld+json\" class=\"yoast-schema-graph\">{\"@context\":\"https:\/\/schema.org\",\"@graph\":[{\"@type\":\"Article\",\"@id\":\"https:\/\/noti-america.com\/site\/ecuador\/2019\/05\/22\/ministro-del-ambiente-acuerda-con-mas-de-100-alcaldes-generar-ordenanzas-para-la-reduccion-de-plasticos-de-un-solo-uso\/#article\",\"isPartOf\":{\"@id\":\"https:\/\/noti-america.com\/site\/ecuador\/2019\/05\/22\/ministro-del-ambiente-acuerda-con-mas-de-100-alcaldes-generar-ordenanzas-para-la-reduccion-de-plasticos-de-un-solo-uso\/\"},\"author\":{\"name\":\"Gregory Quintana Montiel\",\"@id\":\"https:\/\/noti-america.com\/site\/ecuador\/#\/schema\/person\/3b975e42f15abfe64bfe3abdd916efda\"},\"headline\":\"Ministro del Ambiente acuerda con m\u00e1s de 100 alcaldes generar ordenanzas para la reducci\u00f3n de pl\u00e1sticos de un solo uso\",\"datePublished\":\"2019-05-22T03:48:59+00:00\",\"mainEntityOfPage\":{\"@id\":\"https:\/\/noti-america.com\/site\/ecuador\/2019\/05\/22\/ministro-del-ambiente-acuerda-con-mas-de-100-alcaldes-generar-ordenanzas-para-la-reduccion-de-plasticos-de-un-solo-uso\/\"},\"wordCount\":417,\"commentCount\":0,\"publisher\":{\"@id\":\"https:\/\/noti-america.com\/site\/ecuador\/#organization\"},\"image\":{\"@id\":\"https:\/\/noti-america.com\/site\/ecuador\/2019\/05\/22\/ministro-del-ambiente-acuerda-con-mas-de-100-alcaldes-generar-ordenanzas-para-la-reduccion-de-plasticos-de-un-solo-uso\/#primaryimage\"},\"thumbnailUrl\":\"https:\/\/noti-america.com\/site\/ecuador\/wp-content\/uploads\/sites\/18\/2019\/05\/Reuni\u00f3n-de-alcaldes-y-prefectos-con-ministro-del-ambiente.png\",\"articleSection\":[\"Pol\u00edtica\"],\"inLanguage\":\"es\",\"potentialAction\":[{\"@type\":\"CommentAction\",\"name\":\"Comment\",\"target\":[\"https:\/\/noti-america.com\/site\/ecuador\/2019\/05\/22\/ministro-del-ambiente-acuerda-con-mas-de-100-alcaldes-generar-ordenanzas-para-la-reduccion-de-plasticos-de-un-solo-uso\/#respond\"]}]},{\"@type\":\"WebPage\",\"@id\":\"https:\/\/noti-america.com\/site\/ecuador\/2019\/05\/22\/ministro-del-ambiente-acuerda-con-mas-de-100-alcaldes-generar-ordenanzas-para-la-reduccion-de-plasticos-de-un-solo-uso\/\",\"url\":\"https:\/\/noti-america.com\/site\/ecuador\/2019\/05\/22\/ministro-del-ambiente-acuerda-con-mas-de-100-alcaldes-generar-ordenanzas-para-la-reduccion-de-plasticos-de-un-solo-uso\/\",\"name\":\"Ministro del Ambiente acuerda con m\u00e1s de 100 alcaldes generar ordenanzas para la reducci\u00f3n de pl\u00e1sticos de un solo uso - Ecuador | Noti-America.com\",\"isPartOf\":{\"@id\":\"https:\/\/noti-america.com\/site\/ecuador\/#website\"},\"primaryImageOfPage\":{\"@id\":\"https:\/\/noti-america.com\/site\/ecuador\/2019\/05\/22\/ministro-del-ambiente-acuerda-con-mas-de-100-alcaldes-generar-ordenanzas-para-la-reduccion-de-plasticos-de-un-solo-uso\/#primaryimage\"},\"image\":{\"@id\":\"https:\/\/noti-america.com\/site\/ecuador\/2019\/05\/22\/ministro-del-ambiente-acuerda-con-mas-de-100-alcaldes-generar-ordenanzas-para-la-reduccion-de-plasticos-de-un-solo-uso\/#primaryimage\"},\"thumbnailUrl\":\"https:\/\/noti-america.com\/site\/ecuador\/wp-content\/uploads\/sites\/18\/2019\/05\/Reuni\u00f3n-de-alcaldes-y-prefectos-con-ministro-del-ambiente.png\",\"datePublished\":\"2019-05-22T03:48:59+00:00\",\"breadcrumb\":{\"@id\":\"https:\/\/noti-america.com\/site\/ecuador\/2019\/05\/22\/ministro-del-ambiente-acuerda-con-mas-de-100-alcaldes-generar-ordenanzas-para-la-reduccion-de-plasticos-de-un-solo-uso\/#breadcrumb\"},\"inLanguage\":\"es\",\"potentialAction\":[{\"@type\":\"ReadAction\",\"target\":[\"https:\/\/noti-america.com\/site\/ecuador\/2019\/05\/22\/ministro-del-ambiente-acuerda-con-mas-de-100-alcaldes-generar-ordenanzas-para-la-reduccion-de-plasticos-de-un-solo-uso\/\"]}]},{\"@type\":\"ImageObject\",\"inLanguage\":\"es\",\"@id\":\"https:\/\/noti-america.com\/site\/ecuador\/2019\/05\/22\/ministro-del-ambiente-acuerda-con-mas-de-100-alcaldes-generar-ordenanzas-para-la-reduccion-de-plasticos-de-un-solo-uso\/#primaryimage\",\"url\":\"https:\/\/noti-america.com\/site\/ecuador\/wp-content\/uploads\/sites\/18\/2019\/05\/Reuni\u00f3n-de-alcaldes-y-prefectos-con-ministro-del-ambiente.png\",\"contentUrl\":\"https:\/\/noti-america.com\/site\/ecuador\/wp-content\/uploads\/sites\/18\/2019\/05\/Reuni\u00f3n-de-alcaldes-y-prefectos-con-ministro-del-ambiente.png\",\"width\":800,\"height\":450,\"caption\":\"Len\u00edn Moreno, Presidente de la Rep\u00fablica, suscribir\u00e1 el Reglamento al C\u00f3digo Org\u00e1nico Ambiental\"},{\"@type\":\"BreadcrumbList\",\"@id\":\"https:\/\/noti-america.com\/site\/ecuador\/2019\/05\/22\/ministro-del-ambiente-acuerda-con-mas-de-100-alcaldes-generar-ordenanzas-para-la-reduccion-de-plasticos-de-un-solo-uso\/#breadcrumb\",\"itemListElement\":[{\"@type\":\"ListItem\",\"position\":1,\"name\":\"Portada\",\"item\":\"https:\/\/noti-america.com\/site\/ecuador\/\"},{\"@type\":\"ListItem\",\"position\":2,\"name\":\"Ministro del Ambiente acuerda con m\u00e1s de 100 alcaldes generar ordenanzas para la reducci\u00f3n de pl\u00e1sticos de un solo uso\"}]},{\"@type\":\"WebSite\",\"@id\":\"https:\/\/noti-america.com\/site\/ecuador\/#website\",\"url\":\"https:\/\/noti-america.com\/site\/ecuador\/\",\"name\":\"Ecuador | Noti-America.com\",\"description\":\"\",\"publisher\":{\"@id\":\"https:\/\/noti-america.com\/site\/ecuador\/#organization\"},\"potentialAction\":[{\"@type\":\"SearchAction\",\"target\":{\"@type\":\"EntryPoint\",\"urlTemplate\":\"https:\/\/noti-america.com\/site\/ecuador\/?s={search_term_string}\"},\"query-input\":{\"@type\":\"PropertyValueSpecification\",\"valueRequired\":true,\"valueName\":\"search_term_string\"}}],\"inLanguage\":\"es\"},{\"@type\":\"Organization\",\"@id\":\"https:\/\/noti-america.com\/site\/ecuador\/#organization\",\"name\":\"Noti-America LLC | Ecuador\",\"url\":\"https:\/\/noti-america.com\/site\/ecuador\/\",\"logo\":{\"@type\":\"ImageObject\",\"inLanguage\":\"es\",\"@id\":\"https:\/\/noti-america.com\/site\/ecuador\/#\/schema\/logo\/image\/\",\"url\":\"https:\/\/noti-america.com\/site\/ecuador\/wp-content\/uploads\/sites\/18\/2020\/07\/LogoNA-4x3-1.jpg\",\"contentUrl\":\"https:\/\/noti-america.com\/site\/ecuador\/wp-content\/uploads\/sites\/18\/2020\/07\/LogoNA-4x3-1.jpg\",\"width\":1236,\"height\":1080,\"caption\":\"Noti-America LLC | Ecuador\"},\"image\":{\"@id\":\"https:\/\/noti-america.com\/site\/ecuador\/#\/schema\/logo\/image\/\"},\"sameAs\":[\"https:\/\/x.com\/notiamerica\"]},{\"@type\":\"Person\",\"@id\":\"https:\/\/noti-america.com\/site\/ecuador\/#\/schema\/person\/3b975e42f15abfe64bfe3abdd916efda\",\"name\":\"Gregory Quintana Montiel\",\"image\":{\"@type\":\"ImageObject\",\"inLanguage\":\"es\",\"@id\":\"https:\/\/secure.gravatar.com\/avatar\/2d6b802f7720c2ec7744dcbe608cc2f3417aeb964d58b443c6d612b77531de1d?s=96&d=mm&r=g\",\"url\":\"https:\/\/secure.gravatar.com\/avatar\/2d6b802f7720c2ec7744dcbe608cc2f3417aeb964d58b443c6d612b77531de1d?s=96&d=mm&r=g\",\"contentUrl\":\"https:\/\/secure.gravatar.com\/avatar\/2d6b802f7720c2ec7744dcbe608cc2f3417aeb964d58b443c6d612b77531de1d?s=96&d=mm&r=g\",\"caption\":\"Gregory Quintana Montiel\"},\"description\":\"Licenciatura en Ciencias de la Comunicaci\u00f3n Social, egresado en la Especializaci\u00f3n Derecho Ambiental Desarrollo Sostenible y Sustentable, Miembro de la Comunidad de profesionales y experto para Latinoam\u00e9rica y el Caribe en Gesti\u00f3n por Resultado en el Desarrollo (COPLAC - GpRD) del Banco Interamericano de Desarrollo, experiencia en medios radiales y escritos.\",\"sameAs\":[\"https:\/\/x.com\/gdgregori1\",\"gquintana\"],\"url\":\"https:\/\/noti-america.com\/site\/ecuador\/author\/gquintana\/\"}]}<\/script>\n<!-- \/ Yoast SEO Premium plugin. -->","yoast_head_json":{"title":"Ministro del Ambiente acuerda con m\u00e1s de 100 alcaldes generar ordenanzas para la reducci\u00f3n de pl\u00e1sticos de un solo uso - Ecuador | Noti-America.com","robots":{"index":"index","follow":"follow","max-snippet":"max-snippet:-1","max-image-preview":"max-image-preview:large","max-video-preview":"max-video-preview:-1"},"canonical":"https:\/\/noti-america.com\/site\/ecuador\/2019\/05\/22\/ministro-del-ambiente-acuerda-con-mas-de-100-alcaldes-generar-ordenanzas-para-la-reduccion-de-plasticos-de-un-solo-uso\/","og_locale":"es_ES","og_type":"article","og_title":"Ministro del Ambiente acuerda con m\u00e1s de 100 alcaldes generar ordenanzas para la reducci\u00f3n de pl\u00e1sticos de un solo uso","og_description":"REDACCI\u00d3N NOTI-AM\u00c9RICA (ECUADOR) M\u00e1s de 100 alcaldes y prefectos de nuestro pa\u00eds ratificaron su compromiso con la protecci\u00f3n y conservaci\u00f3n del patrimonio natural se lo ha hecho mediante la suscripci\u00f3n de un memorando de&#46;&#46;&#46;","og_url":"https:\/\/noti-america.com\/site\/ecuador\/2019\/05\/22\/ministro-del-ambiente-acuerda-con-mas-de-100-alcaldes-generar-ordenanzas-para-la-reduccion-de-plasticos-de-un-solo-uso\/","og_site_name":"Ecuador | Noti-America.com","article_published_time":"2019-05-22T03:48:59+00:00","og_image":[{"width":800,"height":450,"url":"https:\/\/noti-america.com\/site\/ecuador\/wp-content\/uploads\/sites\/18\/2019\/05\/Reuni\u00f3n-de-alcaldes-y-prefectos-con-ministro-del-ambiente.png","type":"image\/png"}],"author":"Gregory Quintana Montiel","twitter_card":"summary_large_image","twitter_creator":"@gdgregori1","twitter_site":"@notiamerica","twitter_misc":{"Escrito por":"Gregory Quintana Montiel","Tiempo estimado de lectura":"2 minutos"},"schema":{"@context":"https:\/\/schema.org","@graph":[{"@type":"Article","@id":"https:\/\/noti-america.com\/site\/ecuador\/2019\/05\/22\/ministro-del-ambiente-acuerda-con-mas-de-100-alcaldes-generar-ordenanzas-para-la-reduccion-de-plasticos-de-un-solo-uso\/#article","isPartOf":{"@id":"https:\/\/noti-america.com\/site\/ecuador\/2019\/05\/22\/ministro-del-ambiente-acuerda-con-mas-de-100-alcaldes-generar-ordenanzas-para-la-reduccion-de-plasticos-de-un-solo-uso\/"},"author":{"name":"Gregory Quintana Montiel","@id":"https:\/\/noti-america.com\/site\/ecuador\/#\/schema\/person\/3b975e42f15abfe64bfe3abdd916efda"},"headline":"Ministro del Ambiente acuerda con m\u00e1s de 100 alcaldes generar ordenanzas para la reducci\u00f3n de pl\u00e1sticos de un solo uso","datePublished":"2019-05-22T03:48:59+00:00","mainEntityOfPage":{"@id":"https:\/\/noti-america.com\/site\/ecuador\/2019\/05\/22\/ministro-del-ambiente-acuerda-con-mas-de-100-alcaldes-generar-ordenanzas-para-la-reduccion-de-plasticos-de-un-solo-uso\/"},"wordCount":417,"commentCount":0,"publisher":{"@id":"https:\/\/noti-america.com\/site\/ecuador\/#organization"},"image":{"@id":"https:\/\/noti-america.com\/site\/ecuador\/2019\/05\/22\/ministro-del-ambiente-acuerda-con-mas-de-100-alcaldes-generar-ordenanzas-para-la-reduccion-de-plasticos-de-un-solo-uso\/#primaryimage"},"thumbnailUrl":"https:\/\/noti-america.com\/site\/ecuador\/wp-content\/uploads\/sites\/18\/2019\/05\/Reuni\u00f3n-de-alcaldes-y-prefectos-con-ministro-del-ambiente.png","articleSection":["Pol\u00edtica"],"inLanguage":"es","potentialAction":[{"@type":"CommentAction","name":"Comment","target":["https:\/\/noti-america.com\/site\/ecuador\/2019\/05\/22\/ministro-del-ambiente-acuerda-con-mas-de-100-alcaldes-generar-ordenanzas-para-la-reduccion-de-plasticos-de-un-solo-uso\/#respond"]}]},{"@type":"WebPage","@id":"https:\/\/noti-america.com\/site\/ecuador\/2019\/05\/22\/ministro-del-ambiente-acuerda-con-mas-de-100-alcaldes-generar-ordenanzas-para-la-reduccion-de-plasticos-de-un-solo-uso\/","url":"https:\/\/noti-america.com\/site\/ecuador\/2019\/05\/22\/ministro-del-ambiente-acuerda-con-mas-de-100-alcaldes-generar-ordenanzas-para-la-reduccion-de-plasticos-de-un-solo-uso\/","name":"Ministro del Ambiente acuerda con m\u00e1s de 100 alcaldes generar ordenanzas para la reducci\u00f3n de pl\u00e1sticos de un solo uso - Ecuador | Noti-America.com","isPartOf":{"@id":"https:\/\/noti-america.com\/site\/ecuador\/#website"},"primaryImageOfPage":{"@id":"https:\/\/noti-america.com\/site\/ecuador\/2019\/05\/22\/ministro-del-ambiente-acuerda-con-mas-de-100-alcaldes-generar-ordenanzas-para-la-reduccion-de-plasticos-de-un-solo-uso\/#primaryimage"},"image":{"@id":"https:\/\/noti-america.com\/site\/ecuador\/2019\/05\/22\/ministro-del-ambiente-acuerda-con-mas-de-100-alcaldes-generar-ordenanzas-para-la-reduccion-de-plasticos-de-un-solo-uso\/#primaryimage"},"thumbnailUrl":"https:\/\/noti-america.com\/site\/ecuador\/wp-content\/uploads\/sites\/18\/2019\/05\/Reuni\u00f3n-de-alcaldes-y-prefectos-con-ministro-del-ambiente.png","datePublished":"2019-05-22T03:48:59+00:00","breadcrumb":{"@id":"https:\/\/noti-america.com\/site\/ecuador\/2019\/05\/22\/ministro-del-ambiente-acuerda-con-mas-de-100-alcaldes-generar-ordenanzas-para-la-reduccion-de-plasticos-de-un-solo-uso\/#breadcrumb"},"inLanguage":"es","potentialAction":[{"@type":"ReadAction","target":["https:\/\/noti-america.com\/site\/ecuador\/2019\/05\/22\/ministro-del-ambiente-acuerda-con-mas-de-100-alcaldes-generar-ordenanzas-para-la-reduccion-de-plasticos-de-un-solo-uso\/"]}]},{"@type":"ImageObject","inLanguage":"es","@id":"https:\/\/noti-america.com\/site\/ecuador\/2019\/05\/22\/ministro-del-ambiente-acuerda-con-mas-de-100-alcaldes-generar-ordenanzas-para-la-reduccion-de-plasticos-de-un-solo-uso\/#primaryimage","url":"https:\/\/noti-america.com\/site\/ecuador\/wp-content\/uploads\/sites\/18\/2019\/05\/Reuni\u00f3n-de-alcaldes-y-prefectos-con-ministro-del-ambiente.png","contentUrl":"https:\/\/noti-america.com\/site\/ecuador\/wp-content\/uploads\/sites\/18\/2019\/05\/Reuni\u00f3n-de-alcaldes-y-prefectos-con-ministro-del-ambiente.png","width":800,"height":450,"caption":"Len\u00edn Moreno, Presidente de la Rep\u00fablica, suscribir\u00e1 el Reglamento al C\u00f3digo Org\u00e1nico Ambiental"},{"@type":"BreadcrumbList","@id":"https:\/\/noti-america.com\/site\/ecuador\/2019\/05\/22\/ministro-del-ambiente-acuerda-con-mas-de-100-alcaldes-generar-ordenanzas-para-la-reduccion-de-plasticos-de-un-solo-uso\/#breadcrumb","itemListElement":[{"@type":"ListItem","position":1,"name":"Portada","item":"https:\/\/noti-america.com\/site\/ecuador\/"},{"@type":"ListItem","position":2,"name":"Ministro del Ambiente acuerda con m\u00e1s de 100 alcaldes generar ordenanzas para la reducci\u00f3n de pl\u00e1sticos de un solo uso"}]},{"@type":"WebSite","@id":"https:\/\/noti-america.com\/site\/ecuador\/#website","url":"https:\/\/noti-america.com\/site\/ecuador\/","name":"Ecuador | Noti-America.com","description":"","publisher":{"@id":"https:\/\/noti-america.com\/site\/ecuador\/#organization"},"potentialAction":[{"@type":"SearchAction","target":{"@type":"EntryPoint","urlTemplate":"https:\/\/noti-america.com\/site\/ecuador\/?s={search_term_string}"},"query-input":{"@type":"PropertyValueSpecification","valueRequired":true,"valueName":"search_term_string"}}],"inLanguage":"es"},{"@type":"Organization","@id":"https:\/\/noti-america.com\/site\/ecuador\/#organization","name":"Noti-America LLC | Ecuador","url":"https:\/\/noti-america.com\/site\/ecuador\/","logo":{"@type":"ImageObject","inLanguage":"es","@id":"https:\/\/noti-america.com\/site\/ecuador\/#\/schema\/logo\/image\/","url":"https:\/\/noti-america.com\/site\/ecuador\/wp-content\/uploads\/sites\/18\/2020\/07\/LogoNA-4x3-1.jpg","contentUrl":"https:\/\/noti-america.com\/site\/ecuador\/wp-content\/uploads\/sites\/18\/2020\/07\/LogoNA-4x3-1.jpg","width":1236,"height":1080,"caption":"Noti-America LLC | Ecuador"},"image":{"@id":"https:\/\/noti-america.com\/site\/ecuador\/#\/schema\/logo\/image\/"},"sameAs":["https:\/\/x.com\/notiamerica"]},{"@type":"Person","@id":"https:\/\/noti-america.com\/site\/ecuador\/#\/schema\/person\/3b975e42f15abfe64bfe3abdd916efda","name":"Gregory Quintana Montiel","image":{"@type":"ImageObject","inLanguage":"es","@id":"https:\/\/secure.gravatar.com\/avatar\/2d6b802f7720c2ec7744dcbe608cc2f3417aeb964d58b443c6d612b77531de1d?s=96&d=mm&r=g","url":"https:\/\/secure.gravatar.com\/avatar\/2d6b802f7720c2ec7744dcbe608cc2f3417aeb964d58b443c6d612b77531de1d?s=96&d=mm&r=g","contentUrl":"https:\/\/secure.gravatar.com\/avatar\/2d6b802f7720c2ec7744dcbe608cc2f3417aeb964d58b443c6d612b77531de1d?s=96&d=mm&r=g","caption":"Gregory Quintana Montiel"},"description":"Licenciatura en Ciencias de la Comunicaci\u00f3n Social, egresado en la Especializaci\u00f3n Derecho Ambiental Desarrollo Sostenible y Sustentable, Miembro de la Comunidad de profesionales y experto para Latinoam\u00e9rica y el Caribe en Gesti\u00f3n por Resultado en el Desarrollo (COPLAC - GpRD) del Banco Interamericano de Desarrollo, experiencia en medios radiales y escritos.","sameAs":["https:\/\/x.com\/gdgregori1","gquintana"],"url":"https:\/\/noti-america.com\/site\/ecuador\/author\/gquintana\/"}]}},"_links":{"self":[{"href":"https:\/\/noti-america.com\/site\/ecuador\/wp-json\/wp\/v2\/posts\/3984","targetHints":{"allow":["GET"]}}],"collection":[{"href":"https:\/\/noti-america.com\/site\/ecuador\/wp-json\/wp\/v2\/posts"}],"about":[{"href":"https:\/\/noti-america.com\/site\/ecuador\/wp-json\/wp\/v2\/types\/post"}],"author":[{"embeddable":true,"href":"https:\/\/noti-america.com\/site\/ecuador\/wp-json\/wp\/v2\/users\/17"}],"replies":[{"embeddable":true,"href":"https:\/\/noti-america.com\/site\/ecuador\/wp-json\/wp\/v2\/comments?post=3984"}],"version-history":[{"count":1,"href":"https:\/\/noti-america.com\/site\/ecuador\/wp-json\/wp\/v2\/posts\/3984\/revisions"}],"predecessor-version":[{"id":3986,"href":"https:\/\/noti-america.com\/site\/ecuador\/wp-json\/wp\/v2\/posts\/3984\/revisions\/3986"}],"wp:featuredmedia":[{"embeddable":true,"href":"https:\/\/noti-america.com\/site\/ecuador\/wp-json\/wp\/v2\/media\/3985"}],"wp:attachment":[{"href":"https:\/\/noti-america.com\/site\/ecuador\/wp-json\/wp\/v2\/media?parent=3984"}],"wp:term":[{"taxonomy":"category","embeddable":true,"href":"https:\/\/noti-america.com\/site\/ecuador\/wp-json\/wp\/v2\/categories?post=3984"},{"taxonomy":"post_tag","embeddable":true,"href":"https:\/\/noti-america.com\/site\/ecuador\/wp-json\/wp\/v2\/tags?post=3984"}],"curies":[{"name":"wp","href":"https:\/\/api.w.org\/{rel}","templated":true}]}}