{"id":37939,"date":"2026-04-20T21:32:16","date_gmt":"2026-04-20T21:32:16","guid":{"rendered":"https:\/\/noti-america.com\/site\/ecuador\/?p=37939"},"modified":"2026-04-20T21:32:16","modified_gmt":"2026-04-20T21:32:16","slug":"avanza-el-proceso-de-matriculas-para-el-periodo-lectivo-2026-2027-en-la-zona-8","status":"publish","type":"post","link":"https:\/\/noti-america.com\/site\/ecuador\/2026\/04\/20\/avanza-el-proceso-de-matriculas-para-el-periodo-lectivo-2026-2027-en-la-zona-8\/","title":{"rendered":"Avanza el proceso de matr\u00edculas para el periodo lectivo 2026-2027 en la Zona 8"},"content":{"rendered":"<p><strong>NOTI-AMERICA.COM | ECUADOR.<\/strong><\/p>\n<p style=\"text-align: justify\"><img loading=\"lazy\" decoding=\"async\" class=\"size-medium wp-image-37940 aligncenter\" src=\"https:\/\/noti-america.com\/site\/ecuador\/wp-content\/uploads\/sites\/18\/2026\/04\/68b5e1d98447f-300x169.png\" alt=\"\" width=\"300\" height=\"169\" srcset=\"https:\/\/noti-america.com\/site\/ecuador\/wp-content\/uploads\/sites\/18\/2026\/04\/68b5e1d98447f-300x169.png 300w, https:\/\/noti-america.com\/site\/ecuador\/wp-content\/uploads\/sites\/18\/2026\/04\/68b5e1d98447f.png 448w\" sizes=\"auto, (max-width: 300px) 100vw, 300px\" \/>El subsecretario de Educaci\u00f3n y Deporte de la Zona 8, Josu\u00e9 Aizaga Ruiz, inform\u00f3 sobre los avances del proceso de matr\u00edculas y la planificaci\u00f3n del retorno a clases correspondiente al periodo lectivo 2026-2027, destacando que las instituciones educativas se encuentran en proceso de adecuaci\u00f3n para garantizar un regreso seguro, ordenado y progresivo a las aulas. La Zona 8 comprende los cantones de Guayaquil, Samborond\u00f3n y Dur\u00e1n.<\/p>\n<p style=\"text-align: justify\">Aizaga detall\u00f3 que, durante los primeros d\u00edas del proceso, m\u00e1s de 50.000 estudiantes ya han sido matriculados en el r\u00e9gimen Costa\u2013Gal\u00e1pagos. Solo en la primera jornada se registraron m\u00e1s de 37.000 alumnos en el nivel Inicial, mientras que en el segundo d\u00eda se sumaron m\u00e1s de 14.000 estudiantes adicionales en los niveles de primero a cuarto de Educaci\u00f3n General B\u00e1sica, acerc\u00e1ndose a la proyecci\u00f3n total de 80.000 inscritos.<\/p>\n<p style=\"text-align: justify\">El funcionario explic\u00f3 que el proceso se desarrolla de manera gratuita y completamente en l\u00ednea, conforme a un cronograma establecido por niveles educativos. Asimismo, se\u00f1al\u00f3 que la alta demanda ha generado momentos de lentitud en la plataforma, debido a la concurrencia de usuarios y la calidad del servicio de internet, aunque asegur\u00f3 que el sistema se mantiene operativo de forma continua.<\/p>\n<p style=\"text-align: justify\">En este contexto, Aizaga enfatiz\u00f3 que los procesos de matriculaci\u00f3n son totalmente gratuitos y reiter\u00f3 que ning\u00fan ciudadano debe cancelar valores por este tr\u00e1mite. Adem\u00e1s, hizo un llamado a la ciudadan\u00eda a denunciar ante las direcciones distritales cualquier intento de cobro indebido, ya que \u2014advirti\u00f3\u2014 si alguien solicita dinero para asegurar un cupo, se trata de una posible estafa.<\/p>\n<p style=\"text-align: justify\">Finalmente, el subsecretario indic\u00f3 que el inicio de clases ser\u00e1 de manera escalonada a partir del 4 de mayo de 2026, con el objetivo de asegurar un retorno organizado al sistema educativo. Adem\u00e1s, hizo un llamado a las familias a proteger sus datos personales, evitando compartir informaci\u00f3n sensible en redes sociales o aplicaciones de mensajer\u00eda.<\/p>\n<p style=\"text-align: justify\">\n","protected":false},"excerpt":{"rendered":"<p>NOTI-AMERICA.COM | ECUADOR. El subsecretario de Educaci\u00f3n y Deporte de la Zona 8, Josu\u00e9 Aizaga Ruiz, inform\u00f3 sobre los avances del proceso de matr\u00edculas y la planificaci\u00f3n del retorno a clases correspondiente al periodo&#46;&#46;&#46;<\/p>\n","protected":false},"author":144,"featured_media":37940,"comment_status":"open","ping_status":"open","sticky":false,"template":"","format":"standard","meta":{"_acf_changed":false,"om_disable_all_campaigns":false,"rop_custom_images_group":[],"rop_custom_messages_group":[],"rop_publish_now":"initial","rop_publish_now_accounts":{"twitter_242054905_242054905":""},"rop_publish_now_history":[],"rop_publish_now_status":"pending","_uf_show_specific_survey":0,"_uf_disable_surveys":false,"footnotes":""},"categories":[191],"tags":[],"class_list":["post-37939","post","type-post","status-publish","format-standard","has-post-thumbnail","hentry","category-acturalidad"],"acf":[],"aioseo_notices":[],"yoast_head":"<!-- This site is optimized with the Yoast SEO Premium plugin v24.9 (Yoast SEO v27.2) - https:\/\/yoast.com\/product\/yoast-seo-premium-wordpress\/ -->\n<title>Avanza el proceso de matr\u00edculas para el periodo lectivo 2026-2027 en la Zona 8 - Ecuador | Noti-America.com<\/title>\n<meta name=\"robots\" content=\"index, follow, max-snippet:-1, max-image-preview:large, max-video-preview:-1\" \/>\n<link rel=\"canonical\" href=\"https:\/\/noti-america.com\/site\/ecuador\/2026\/04\/20\/avanza-el-proceso-de-matriculas-para-el-periodo-lectivo-2026-2027-en-la-zona-8\/\" \/>\n<meta property=\"og:locale\" content=\"es_ES\" \/>\n<meta property=\"og:type\" content=\"article\" \/>\n<meta property=\"og:title\" content=\"Avanza el proceso de matr\u00edculas para el periodo lectivo 2026-2027 en la Zona 8\" \/>\n<meta property=\"og:description\" content=\"NOTI-AMERICA.COM | ECUADOR. El subsecretario de Educaci\u00f3n y Deporte de la Zona 8, Josu\u00e9 Aizaga Ruiz, inform\u00f3 sobre los avances del proceso de matr\u00edculas y la planificaci\u00f3n del retorno a clases correspondiente al periodo&#046;&#046;&#046;\" \/>\n<meta property=\"og:url\" content=\"https:\/\/noti-america.com\/site\/ecuador\/2026\/04\/20\/avanza-el-proceso-de-matriculas-para-el-periodo-lectivo-2026-2027-en-la-zona-8\/\" \/>\n<meta property=\"og:site_name\" content=\"Ecuador | Noti-America.com\" \/>\n<meta property=\"article:published_time\" content=\"2026-04-20T21:32:16+00:00\" \/>\n<meta property=\"og:image\" content=\"https:\/\/noti-america.com\/site\/ecuador\/wp-content\/uploads\/sites\/18\/2026\/04\/68b5e1d98447f.png\" \/>\n\t<meta property=\"og:image:width\" content=\"448\" \/>\n\t<meta property=\"og:image:height\" content=\"252\" \/>\n\t<meta property=\"og:image:type\" content=\"image\/png\" \/>\n<meta name=\"author\" content=\"Henry Garrido\" \/>\n<meta name=\"twitter:card\" content=\"summary_large_image\" \/>\n<meta name=\"twitter:creator\" content=\"@notiamerica\" \/>\n<meta name=\"twitter:site\" content=\"@notiamerica\" \/>\n<meta name=\"twitter:label1\" content=\"Escrito por\" \/>\n\t<meta name=\"twitter:data1\" content=\"Henry Garrido\" \/>\n\t<meta name=\"twitter:label2\" content=\"Tiempo estimado de lectura\" \/>\n\t<meta name=\"twitter:data2\" content=\"2 minutos\" \/>\n<script type=\"application\/ld+json\" class=\"yoast-schema-graph\">{\"@context\":\"https:\/\/schema.org\",\"@graph\":[{\"@type\":\"Article\",\"@id\":\"https:\/\/noti-america.com\/site\/ecuador\/2026\/04\/20\/avanza-el-proceso-de-matriculas-para-el-periodo-lectivo-2026-2027-en-la-zona-8\/#article\",\"isPartOf\":{\"@id\":\"https:\/\/noti-america.com\/site\/ecuador\/2026\/04\/20\/avanza-el-proceso-de-matriculas-para-el-periodo-lectivo-2026-2027-en-la-zona-8\/\"},\"author\":{\"name\":\"Henry Garrido\",\"@id\":\"https:\/\/noti-america.com\/site\/ecuador\/#\/schema\/person\/00042412cfa9ecf98077f847ffadda4a\"},\"headline\":\"Avanza el proceso de matr\u00edculas para el periodo lectivo 2026-2027 en la Zona 8\",\"datePublished\":\"2026-04-20T21:32:16+00:00\",\"mainEntityOfPage\":{\"@id\":\"https:\/\/noti-america.com\/site\/ecuador\/2026\/04\/20\/avanza-el-proceso-de-matriculas-para-el-periodo-lectivo-2026-2027-en-la-zona-8\/\"},\"wordCount\":346,\"commentCount\":0,\"publisher\":{\"@id\":\"https:\/\/noti-america.com\/site\/ecuador\/#organization\"},\"image\":{\"@id\":\"https:\/\/noti-america.com\/site\/ecuador\/2026\/04\/20\/avanza-el-proceso-de-matriculas-para-el-periodo-lectivo-2026-2027-en-la-zona-8\/#primaryimage\"},\"thumbnailUrl\":\"https:\/\/noti-america.com\/site\/ecuador\/wp-content\/uploads\/sites\/18\/2026\/04\/68b5e1d98447f.png\",\"articleSection\":[\"Actualidad\"],\"inLanguage\":\"es\",\"potentialAction\":[{\"@type\":\"CommentAction\",\"name\":\"Comment\",\"target\":[\"https:\/\/noti-america.com\/site\/ecuador\/2026\/04\/20\/avanza-el-proceso-de-matriculas-para-el-periodo-lectivo-2026-2027-en-la-zona-8\/#respond\"]}]},{\"@type\":\"WebPage\",\"@id\":\"https:\/\/noti-america.com\/site\/ecuador\/2026\/04\/20\/avanza-el-proceso-de-matriculas-para-el-periodo-lectivo-2026-2027-en-la-zona-8\/\",\"url\":\"https:\/\/noti-america.com\/site\/ecuador\/2026\/04\/20\/avanza-el-proceso-de-matriculas-para-el-periodo-lectivo-2026-2027-en-la-zona-8\/\",\"name\":\"Avanza el proceso de matr\u00edculas para el periodo lectivo 2026-2027 en la Zona 8 - Ecuador | Noti-America.com\",\"isPartOf\":{\"@id\":\"https:\/\/noti-america.com\/site\/ecuador\/#website\"},\"primaryImageOfPage\":{\"@id\":\"https:\/\/noti-america.com\/site\/ecuador\/2026\/04\/20\/avanza-el-proceso-de-matriculas-para-el-periodo-lectivo-2026-2027-en-la-zona-8\/#primaryimage\"},\"image\":{\"@id\":\"https:\/\/noti-america.com\/site\/ecuador\/2026\/04\/20\/avanza-el-proceso-de-matriculas-para-el-periodo-lectivo-2026-2027-en-la-zona-8\/#primaryimage\"},\"thumbnailUrl\":\"https:\/\/noti-america.com\/site\/ecuador\/wp-content\/uploads\/sites\/18\/2026\/04\/68b5e1d98447f.png\",\"datePublished\":\"2026-04-20T21:32:16+00:00\",\"breadcrumb\":{\"@id\":\"https:\/\/noti-america.com\/site\/ecuador\/2026\/04\/20\/avanza-el-proceso-de-matriculas-para-el-periodo-lectivo-2026-2027-en-la-zona-8\/#breadcrumb\"},\"inLanguage\":\"es\",\"potentialAction\":[{\"@type\":\"ReadAction\",\"target\":[\"https:\/\/noti-america.com\/site\/ecuador\/2026\/04\/20\/avanza-el-proceso-de-matriculas-para-el-periodo-lectivo-2026-2027-en-la-zona-8\/\"]}]},{\"@type\":\"ImageObject\",\"inLanguage\":\"es\",\"@id\":\"https:\/\/noti-america.com\/site\/ecuador\/2026\/04\/20\/avanza-el-proceso-de-matriculas-para-el-periodo-lectivo-2026-2027-en-la-zona-8\/#primaryimage\",\"url\":\"https:\/\/noti-america.com\/site\/ecuador\/wp-content\/uploads\/sites\/18\/2026\/04\/68b5e1d98447f.png\",\"contentUrl\":\"https:\/\/noti-america.com\/site\/ecuador\/wp-content\/uploads\/sites\/18\/2026\/04\/68b5e1d98447f.png\",\"width\":448,\"height\":252},{\"@type\":\"BreadcrumbList\",\"@id\":\"https:\/\/noti-america.com\/site\/ecuador\/2026\/04\/20\/avanza-el-proceso-de-matriculas-para-el-periodo-lectivo-2026-2027-en-la-zona-8\/#breadcrumb\",\"itemListElement\":[{\"@type\":\"ListItem\",\"position\":1,\"name\":\"Portada\",\"item\":\"https:\/\/noti-america.com\/site\/ecuador\/\"},{\"@type\":\"ListItem\",\"position\":2,\"name\":\"Avanza el proceso de matr\u00edculas para el periodo lectivo 2026-2027 en la Zona 8\"}]},{\"@type\":\"WebSite\",\"@id\":\"https:\/\/noti-america.com\/site\/ecuador\/#website\",\"url\":\"https:\/\/noti-america.com\/site\/ecuador\/\",\"name\":\"Ecuador | Noti-America.com\",\"description\":\"\",\"publisher\":{\"@id\":\"https:\/\/noti-america.com\/site\/ecuador\/#organization\"},\"potentialAction\":[{\"@type\":\"SearchAction\",\"target\":{\"@type\":\"EntryPoint\",\"urlTemplate\":\"https:\/\/noti-america.com\/site\/ecuador\/?s={search_term_string}\"},\"query-input\":{\"@type\":\"PropertyValueSpecification\",\"valueRequired\":true,\"valueName\":\"search_term_string\"}}],\"inLanguage\":\"es\"},{\"@type\":\"Organization\",\"@id\":\"https:\/\/noti-america.com\/site\/ecuador\/#organization\",\"name\":\"Noti-America LLC | Ecuador\",\"url\":\"https:\/\/noti-america.com\/site\/ecuador\/\",\"logo\":{\"@type\":\"ImageObject\",\"inLanguage\":\"es\",\"@id\":\"https:\/\/noti-america.com\/site\/ecuador\/#\/schema\/logo\/image\/\",\"url\":\"https:\/\/noti-america.com\/site\/ecuador\/wp-content\/uploads\/sites\/18\/2020\/07\/LogoNA-4x3-1.jpg\",\"contentUrl\":\"https:\/\/noti-america.com\/site\/ecuador\/wp-content\/uploads\/sites\/18\/2020\/07\/LogoNA-4x3-1.jpg\",\"width\":1236,\"height\":1080,\"caption\":\"Noti-America LLC | Ecuador\"},\"image\":{\"@id\":\"https:\/\/noti-america.com\/site\/ecuador\/#\/schema\/logo\/image\/\"},\"sameAs\":[\"https:\/\/x.com\/notiamerica\"]},{\"@type\":\"Person\",\"@id\":\"https:\/\/noti-america.com\/site\/ecuador\/#\/schema\/person\/00042412cfa9ecf98077f847ffadda4a\",\"name\":\"Henry Garrido\",\"image\":{\"@type\":\"ImageObject\",\"inLanguage\":\"es\",\"@id\":\"https:\/\/secure.gravatar.com\/avatar\/749ae5a1e6f22cf042f04b9f3f0a22732ae36970ccfd5c54a0a2ac3c4e1166ed?s=96&d=mm&r=g\",\"url\":\"https:\/\/secure.gravatar.com\/avatar\/749ae5a1e6f22cf042f04b9f3f0a22732ae36970ccfd5c54a0a2ac3c4e1166ed?s=96&d=mm&r=g\",\"contentUrl\":\"https:\/\/secure.gravatar.com\/avatar\/749ae5a1e6f22cf042f04b9f3f0a22732ae36970ccfd5c54a0a2ac3c4e1166ed?s=96&d=mm&r=g\",\"caption\":\"Henry Garrido\"},\"url\":\"https:\/\/noti-america.com\/site\/ecuador\/author\/hgarrido\/\"}]}<\/script>\n<!-- \/ Yoast SEO Premium plugin. -->","yoast_head_json":{"title":"Avanza el proceso de matr\u00edculas para el periodo lectivo 2026-2027 en la Zona 8 - Ecuador | Noti-America.com","robots":{"index":"index","follow":"follow","max-snippet":"max-snippet:-1","max-image-preview":"max-image-preview:large","max-video-preview":"max-video-preview:-1"},"canonical":"https:\/\/noti-america.com\/site\/ecuador\/2026\/04\/20\/avanza-el-proceso-de-matriculas-para-el-periodo-lectivo-2026-2027-en-la-zona-8\/","og_locale":"es_ES","og_type":"article","og_title":"Avanza el proceso de matr\u00edculas para el periodo lectivo 2026-2027 en la Zona 8","og_description":"NOTI-AMERICA.COM | ECUADOR. El subsecretario de Educaci\u00f3n y Deporte de la Zona 8, Josu\u00e9 Aizaga Ruiz, inform\u00f3 sobre los avances del proceso de matr\u00edculas y la planificaci\u00f3n del retorno a clases correspondiente al periodo&#46;&#46;&#46;","og_url":"https:\/\/noti-america.com\/site\/ecuador\/2026\/04\/20\/avanza-el-proceso-de-matriculas-para-el-periodo-lectivo-2026-2027-en-la-zona-8\/","og_site_name":"Ecuador | Noti-America.com","article_published_time":"2026-04-20T21:32:16+00:00","og_image":[{"width":448,"height":252,"url":"https:\/\/noti-america.com\/site\/ecuador\/wp-content\/uploads\/sites\/18\/2026\/04\/68b5e1d98447f.png","type":"image\/png"}],"author":"Henry Garrido","twitter_card":"summary_large_image","twitter_creator":"@notiamerica","twitter_site":"@notiamerica","twitter_misc":{"Escrito por":"Henry Garrido","Tiempo estimado de lectura":"2 minutos"},"schema":{"@context":"https:\/\/schema.org","@graph":[{"@type":"Article","@id":"https:\/\/noti-america.com\/site\/ecuador\/2026\/04\/20\/avanza-el-proceso-de-matriculas-para-el-periodo-lectivo-2026-2027-en-la-zona-8\/#article","isPartOf":{"@id":"https:\/\/noti-america.com\/site\/ecuador\/2026\/04\/20\/avanza-el-proceso-de-matriculas-para-el-periodo-lectivo-2026-2027-en-la-zona-8\/"},"author":{"name":"Henry Garrido","@id":"https:\/\/noti-america.com\/site\/ecuador\/#\/schema\/person\/00042412cfa9ecf98077f847ffadda4a"},"headline":"Avanza el proceso de matr\u00edculas para el periodo lectivo 2026-2027 en la Zona 8","datePublished":"2026-04-20T21:32:16+00:00","mainEntityOfPage":{"@id":"https:\/\/noti-america.com\/site\/ecuador\/2026\/04\/20\/avanza-el-proceso-de-matriculas-para-el-periodo-lectivo-2026-2027-en-la-zona-8\/"},"wordCount":346,"commentCount":0,"publisher":{"@id":"https:\/\/noti-america.com\/site\/ecuador\/#organization"},"image":{"@id":"https:\/\/noti-america.com\/site\/ecuador\/2026\/04\/20\/avanza-el-proceso-de-matriculas-para-el-periodo-lectivo-2026-2027-en-la-zona-8\/#primaryimage"},"thumbnailUrl":"https:\/\/noti-america.com\/site\/ecuador\/wp-content\/uploads\/sites\/18\/2026\/04\/68b5e1d98447f.png","articleSection":["Actualidad"],"inLanguage":"es","potentialAction":[{"@type":"CommentAction","name":"Comment","target":["https:\/\/noti-america.com\/site\/ecuador\/2026\/04\/20\/avanza-el-proceso-de-matriculas-para-el-periodo-lectivo-2026-2027-en-la-zona-8\/#respond"]}]},{"@type":"WebPage","@id":"https:\/\/noti-america.com\/site\/ecuador\/2026\/04\/20\/avanza-el-proceso-de-matriculas-para-el-periodo-lectivo-2026-2027-en-la-zona-8\/","url":"https:\/\/noti-america.com\/site\/ecuador\/2026\/04\/20\/avanza-el-proceso-de-matriculas-para-el-periodo-lectivo-2026-2027-en-la-zona-8\/","name":"Avanza el proceso de matr\u00edculas para el periodo lectivo 2026-2027 en la Zona 8 - Ecuador | Noti-America.com","isPartOf":{"@id":"https:\/\/noti-america.com\/site\/ecuador\/#website"},"primaryImageOfPage":{"@id":"https:\/\/noti-america.com\/site\/ecuador\/2026\/04\/20\/avanza-el-proceso-de-matriculas-para-el-periodo-lectivo-2026-2027-en-la-zona-8\/#primaryimage"},"image":{"@id":"https:\/\/noti-america.com\/site\/ecuador\/2026\/04\/20\/avanza-el-proceso-de-matriculas-para-el-periodo-lectivo-2026-2027-en-la-zona-8\/#primaryimage"},"thumbnailUrl":"https:\/\/noti-america.com\/site\/ecuador\/wp-content\/uploads\/sites\/18\/2026\/04\/68b5e1d98447f.png","datePublished":"2026-04-20T21:32:16+00:00","breadcrumb":{"@id":"https:\/\/noti-america.com\/site\/ecuador\/2026\/04\/20\/avanza-el-proceso-de-matriculas-para-el-periodo-lectivo-2026-2027-en-la-zona-8\/#breadcrumb"},"inLanguage":"es","potentialAction":[{"@type":"ReadAction","target":["https:\/\/noti-america.com\/site\/ecuador\/2026\/04\/20\/avanza-el-proceso-de-matriculas-para-el-periodo-lectivo-2026-2027-en-la-zona-8\/"]}]},{"@type":"ImageObject","inLanguage":"es","@id":"https:\/\/noti-america.com\/site\/ecuador\/2026\/04\/20\/avanza-el-proceso-de-matriculas-para-el-periodo-lectivo-2026-2027-en-la-zona-8\/#primaryimage","url":"https:\/\/noti-america.com\/site\/ecuador\/wp-content\/uploads\/sites\/18\/2026\/04\/68b5e1d98447f.png","contentUrl":"https:\/\/noti-america.com\/site\/ecuador\/wp-content\/uploads\/sites\/18\/2026\/04\/68b5e1d98447f.png","width":448,"height":252},{"@type":"BreadcrumbList","@id":"https:\/\/noti-america.com\/site\/ecuador\/2026\/04\/20\/avanza-el-proceso-de-matriculas-para-el-periodo-lectivo-2026-2027-en-la-zona-8\/#breadcrumb","itemListElement":[{"@type":"ListItem","position":1,"name":"Portada","item":"https:\/\/noti-america.com\/site\/ecuador\/"},{"@type":"ListItem","position":2,"name":"Avanza el proceso de matr\u00edculas para el periodo lectivo 2026-2027 en la Zona 8"}]},{"@type":"WebSite","@id":"https:\/\/noti-america.com\/site\/ecuador\/#website","url":"https:\/\/noti-america.com\/site\/ecuador\/","name":"Ecuador | Noti-America.com","description":"","publisher":{"@id":"https:\/\/noti-america.com\/site\/ecuador\/#organization"},"potentialAction":[{"@type":"SearchAction","target":{"@type":"EntryPoint","urlTemplate":"https:\/\/noti-america.com\/site\/ecuador\/?s={search_term_string}"},"query-input":{"@type":"PropertyValueSpecification","valueRequired":true,"valueName":"search_term_string"}}],"inLanguage":"es"},{"@type":"Organization","@id":"https:\/\/noti-america.com\/site\/ecuador\/#organization","name":"Noti-America LLC | Ecuador","url":"https:\/\/noti-america.com\/site\/ecuador\/","logo":{"@type":"ImageObject","inLanguage":"es","@id":"https:\/\/noti-america.com\/site\/ecuador\/#\/schema\/logo\/image\/","url":"https:\/\/noti-america.com\/site\/ecuador\/wp-content\/uploads\/sites\/18\/2020\/07\/LogoNA-4x3-1.jpg","contentUrl":"https:\/\/noti-america.com\/site\/ecuador\/wp-content\/uploads\/sites\/18\/2020\/07\/LogoNA-4x3-1.jpg","width":1236,"height":1080,"caption":"Noti-America LLC | Ecuador"},"image":{"@id":"https:\/\/noti-america.com\/site\/ecuador\/#\/schema\/logo\/image\/"},"sameAs":["https:\/\/x.com\/notiamerica"]},{"@type":"Person","@id":"https:\/\/noti-america.com\/site\/ecuador\/#\/schema\/person\/00042412cfa9ecf98077f847ffadda4a","name":"Henry Garrido","image":{"@type":"ImageObject","inLanguage":"es","@id":"https:\/\/secure.gravatar.com\/avatar\/749ae5a1e6f22cf042f04b9f3f0a22732ae36970ccfd5c54a0a2ac3c4e1166ed?s=96&d=mm&r=g","url":"https:\/\/secure.gravatar.com\/avatar\/749ae5a1e6f22cf042f04b9f3f0a22732ae36970ccfd5c54a0a2ac3c4e1166ed?s=96&d=mm&r=g","contentUrl":"https:\/\/secure.gravatar.com\/avatar\/749ae5a1e6f22cf042f04b9f3f0a22732ae36970ccfd5c54a0a2ac3c4e1166ed?s=96&d=mm&r=g","caption":"Henry Garrido"},"url":"https:\/\/noti-america.com\/site\/ecuador\/author\/hgarrido\/"}]}},"_links":{"self":[{"href":"https:\/\/noti-america.com\/site\/ecuador\/wp-json\/wp\/v2\/posts\/37939","targetHints":{"allow":["GET"]}}],"collection":[{"href":"https:\/\/noti-america.com\/site\/ecuador\/wp-json\/wp\/v2\/posts"}],"about":[{"href":"https:\/\/noti-america.com\/site\/ecuador\/wp-json\/wp\/v2\/types\/post"}],"author":[{"embeddable":true,"href":"https:\/\/noti-america.com\/site\/ecuador\/wp-json\/wp\/v2\/users\/144"}],"replies":[{"embeddable":true,"href":"https:\/\/noti-america.com\/site\/ecuador\/wp-json\/wp\/v2\/comments?post=37939"}],"version-history":[{"count":1,"href":"https:\/\/noti-america.com\/site\/ecuador\/wp-json\/wp\/v2\/posts\/37939\/revisions"}],"predecessor-version":[{"id":37941,"href":"https:\/\/noti-america.com\/site\/ecuador\/wp-json\/wp\/v2\/posts\/37939\/revisions\/37941"}],"wp:featuredmedia":[{"embeddable":true,"href":"https:\/\/noti-america.com\/site\/ecuador\/wp-json\/wp\/v2\/media\/37940"}],"wp:attachment":[{"href":"https:\/\/noti-america.com\/site\/ecuador\/wp-json\/wp\/v2\/media?parent=37939"}],"wp:term":[{"taxonomy":"category","embeddable":true,"href":"https:\/\/noti-america.com\/site\/ecuador\/wp-json\/wp\/v2\/categories?post=37939"},{"taxonomy":"post_tag","embeddable":true,"href":"https:\/\/noti-america.com\/site\/ecuador\/wp-json\/wp\/v2\/tags?post=37939"}],"curies":[{"name":"wp","href":"https:\/\/api.w.org\/{rel}","templated":true}]}}