{"id":37915,"date":"2026-04-16T02:56:58","date_gmt":"2026-04-16T02:56:58","guid":{"rendered":"https:\/\/noti-america.com\/site\/ecuador\/?p=37915"},"modified":"2026-04-16T02:57:18","modified_gmt":"2026-04-16T02:57:18","slug":"olsen-justifica-sesiones-provinciales-de-la-asamblea-nacional-del-ecuador","status":"publish","type":"post","link":"https:\/\/noti-america.com\/site\/ecuador\/2026\/04\/16\/olsen-justifica-sesiones-provinciales-de-la-asamblea-nacional-del-ecuador\/","title":{"rendered":"Olsen justifica sesiones provinciales de la Asamblea Nacional del Ecuador"},"content":{"rendered":"<p><strong>NOTI-AM\u00c9RICA | ECUADOR.<\/strong><\/p>\n<p style=\"text-align: justify\"><img loading=\"lazy\" decoding=\"async\" class=\"size-medium wp-image-37916 aligncenter\" src=\"https:\/\/noti-america.com\/site\/ecuador\/wp-content\/uploads\/sites\/18\/2026\/04\/694c2e4f4953c-300x172.jpeg\" alt=\"\" width=\"300\" height=\"172\" srcset=\"https:\/\/noti-america.com\/site\/ecuador\/wp-content\/uploads\/sites\/18\/2026\/04\/694c2e4f4953c-300x172.jpeg 300w, https:\/\/noti-america.com\/site\/ecuador\/wp-content\/uploads\/sites\/18\/2026\/04\/694c2e4f4953c.jpeg 414w\" sizes=\"auto, (max-width: 300px) 100vw, 300px\" \/>El presidente de la Asamblea Nacional del Ecuador, Niels Olsen, defendi\u00f3 este 15 de abril la decisi\u00f3n de realizar sesiones del Legislativo en distintas provincias del pa\u00eds, pese a las cr\u00edticas surgidas desde varios sectores pol\u00edticos por los costos que implican estos traslados.<\/p>\n<p style=\"text-align: justify\">Seg\u00fan explic\u00f3, cada jornada fuera de Quito tiene un costo aproximado de 30.000 d\u00f3lares. No obstante, argument\u00f3 que este gasto responde a la necesidad de acercar el Parlamento a la ciudadan\u00eda y fortalecer el v\u00ednculo entre los legisladores y la poblaci\u00f3n.<\/p>\n<p style=\"text-align: justify\">Sus declaraciones se dan luego de que el Pleno sesionara el 30 y 31 de marzo en Machala, donde se analizaron iniciativas relacionadas con ciberseguridad y vivienda. Esa jornada gener\u00f3 cuestionamientos sobre el uso de recursos p\u00fablicos para este tipo de actividades.<\/p>\n<p style=\"text-align: justify\">Olsen no descart\u00f3 que esta modalidad contin\u00fae y, de manera extraoficial, se conoci\u00f3 que una pr\u00f3xima sesi\u00f3n podr\u00eda desarrollarse en la provincia de Manab\u00ed en los pr\u00f3ximos d\u00edas.<\/p>\n","protected":false},"excerpt":{"rendered":"<p>NOTI-AM\u00c9RICA | ECUADOR. El presidente de la Asamblea Nacional del Ecuador, Niels Olsen, defendi\u00f3 este 15 de abril la decisi\u00f3n de realizar sesiones del Legislativo en distintas provincias del pa\u00eds, pese a las cr\u00edticas&#46;&#46;&#46;<\/p>\n","protected":false},"author":144,"featured_media":37916,"comment_status":"open","ping_status":"open","sticky":false,"template":"","format":"standard","meta":{"_acf_changed":false,"om_disable_all_campaigns":false,"rop_custom_images_group":[],"rop_custom_messages_group":[],"rop_publish_now":"initial","rop_publish_now_accounts":{"twitter_242054905_242054905":""},"rop_publish_now_history":[],"rop_publish_now_status":"pending","_uf_show_specific_survey":0,"_uf_disable_surveys":false,"footnotes":""},"categories":[191,1],"tags":[],"class_list":["post-37915","post","type-post","status-publish","format-standard","has-post-thumbnail","hentry","category-acturalidad","category-uncategorized"],"acf":[],"aioseo_notices":[],"yoast_head":"<!-- This site is optimized with the Yoast SEO Premium plugin v24.9 (Yoast SEO v27.2) - https:\/\/yoast.com\/product\/yoast-seo-premium-wordpress\/ -->\n<title>Olsen justifica sesiones provinciales de la Asamblea Nacional del Ecuador - Ecuador | Noti-America.com<\/title>\n<meta name=\"robots\" content=\"index, follow, max-snippet:-1, max-image-preview:large, max-video-preview:-1\" \/>\n<link rel=\"canonical\" href=\"https:\/\/noti-america.com\/site\/ecuador\/2026\/04\/16\/olsen-justifica-sesiones-provinciales-de-la-asamblea-nacional-del-ecuador\/\" \/>\n<meta property=\"og:locale\" content=\"es_ES\" \/>\n<meta property=\"og:type\" content=\"article\" \/>\n<meta property=\"og:title\" content=\"Olsen justifica sesiones provinciales de la Asamblea Nacional del Ecuador\" \/>\n<meta property=\"og:description\" content=\"NOTI-AM\u00c9RICA | ECUADOR. El presidente de la Asamblea Nacional del Ecuador, Niels Olsen, defendi\u00f3 este 15 de abril la decisi\u00f3n de realizar sesiones del Legislativo en distintas provincias del pa\u00eds, pese a las cr\u00edticas&#046;&#046;&#046;\" \/>\n<meta property=\"og:url\" content=\"https:\/\/noti-america.com\/site\/ecuador\/2026\/04\/16\/olsen-justifica-sesiones-provinciales-de-la-asamblea-nacional-del-ecuador\/\" \/>\n<meta property=\"og:site_name\" content=\"Ecuador | Noti-America.com\" \/>\n<meta property=\"article:published_time\" content=\"2026-04-16T02:56:58+00:00\" \/>\n<meta property=\"article:modified_time\" content=\"2026-04-16T02:57:18+00:00\" \/>\n<meta property=\"og:image\" content=\"https:\/\/noti-america.com\/site\/ecuador\/wp-content\/uploads\/sites\/18\/2026\/04\/694c2e4f4953c.jpeg\" \/>\n\t<meta property=\"og:image:width\" content=\"414\" \/>\n\t<meta property=\"og:image:height\" content=\"238\" \/>\n\t<meta property=\"og:image:type\" content=\"image\/jpeg\" \/>\n<meta name=\"author\" content=\"Henry Garrido\" \/>\n<meta name=\"twitter:card\" content=\"summary_large_image\" \/>\n<meta name=\"twitter:creator\" content=\"@notiamerica\" \/>\n<meta name=\"twitter:site\" content=\"@notiamerica\" \/>\n<meta name=\"twitter:label1\" content=\"Escrito por\" \/>\n\t<meta name=\"twitter:data1\" content=\"Henry Garrido\" \/>\n\t<meta name=\"twitter:label2\" content=\"Tiempo estimado de lectura\" \/>\n\t<meta name=\"twitter:data2\" content=\"2 minutos\" \/>\n<script type=\"application\/ld+json\" class=\"yoast-schema-graph\">{\"@context\":\"https:\/\/schema.org\",\"@graph\":[{\"@type\":\"Article\",\"@id\":\"https:\/\/noti-america.com\/site\/ecuador\/2026\/04\/16\/olsen-justifica-sesiones-provinciales-de-la-asamblea-nacional-del-ecuador\/#article\",\"isPartOf\":{\"@id\":\"https:\/\/noti-america.com\/site\/ecuador\/2026\/04\/16\/olsen-justifica-sesiones-provinciales-de-la-asamblea-nacional-del-ecuador\/\"},\"author\":{\"name\":\"Henry Garrido\",\"@id\":\"https:\/\/noti-america.com\/site\/ecuador\/#\/schema\/person\/00042412cfa9ecf98077f847ffadda4a\"},\"headline\":\"Olsen justifica sesiones provinciales de la Asamblea Nacional del Ecuador\",\"datePublished\":\"2026-04-16T02:56:58+00:00\",\"dateModified\":\"2026-04-16T02:57:18+00:00\",\"mainEntityOfPage\":{\"@id\":\"https:\/\/noti-america.com\/site\/ecuador\/2026\/04\/16\/olsen-justifica-sesiones-provinciales-de-la-asamblea-nacional-del-ecuador\/\"},\"wordCount\":179,\"commentCount\":0,\"publisher\":{\"@id\":\"https:\/\/noti-america.com\/site\/ecuador\/#organization\"},\"image\":{\"@id\":\"https:\/\/noti-america.com\/site\/ecuador\/2026\/04\/16\/olsen-justifica-sesiones-provinciales-de-la-asamblea-nacional-del-ecuador\/#primaryimage\"},\"thumbnailUrl\":\"https:\/\/noti-america.com\/site\/ecuador\/wp-content\/uploads\/sites\/18\/2026\/04\/694c2e4f4953c.jpeg\",\"articleSection\":[\"Actualidad\",\"Uncategorized\"],\"inLanguage\":\"es\",\"potentialAction\":[{\"@type\":\"CommentAction\",\"name\":\"Comment\",\"target\":[\"https:\/\/noti-america.com\/site\/ecuador\/2026\/04\/16\/olsen-justifica-sesiones-provinciales-de-la-asamblea-nacional-del-ecuador\/#respond\"]}]},{\"@type\":\"WebPage\",\"@id\":\"https:\/\/noti-america.com\/site\/ecuador\/2026\/04\/16\/olsen-justifica-sesiones-provinciales-de-la-asamblea-nacional-del-ecuador\/\",\"url\":\"https:\/\/noti-america.com\/site\/ecuador\/2026\/04\/16\/olsen-justifica-sesiones-provinciales-de-la-asamblea-nacional-del-ecuador\/\",\"name\":\"Olsen justifica sesiones provinciales de la Asamblea Nacional del Ecuador - Ecuador | Noti-America.com\",\"isPartOf\":{\"@id\":\"https:\/\/noti-america.com\/site\/ecuador\/#website\"},\"primaryImageOfPage\":{\"@id\":\"https:\/\/noti-america.com\/site\/ecuador\/2026\/04\/16\/olsen-justifica-sesiones-provinciales-de-la-asamblea-nacional-del-ecuador\/#primaryimage\"},\"image\":{\"@id\":\"https:\/\/noti-america.com\/site\/ecuador\/2026\/04\/16\/olsen-justifica-sesiones-provinciales-de-la-asamblea-nacional-del-ecuador\/#primaryimage\"},\"thumbnailUrl\":\"https:\/\/noti-america.com\/site\/ecuador\/wp-content\/uploads\/sites\/18\/2026\/04\/694c2e4f4953c.jpeg\",\"datePublished\":\"2026-04-16T02:56:58+00:00\",\"dateModified\":\"2026-04-16T02:57:18+00:00\",\"breadcrumb\":{\"@id\":\"https:\/\/noti-america.com\/site\/ecuador\/2026\/04\/16\/olsen-justifica-sesiones-provinciales-de-la-asamblea-nacional-del-ecuador\/#breadcrumb\"},\"inLanguage\":\"es\",\"potentialAction\":[{\"@type\":\"ReadAction\",\"target\":[\"https:\/\/noti-america.com\/site\/ecuador\/2026\/04\/16\/olsen-justifica-sesiones-provinciales-de-la-asamblea-nacional-del-ecuador\/\"]}]},{\"@type\":\"ImageObject\",\"inLanguage\":\"es\",\"@id\":\"https:\/\/noti-america.com\/site\/ecuador\/2026\/04\/16\/olsen-justifica-sesiones-provinciales-de-la-asamblea-nacional-del-ecuador\/#primaryimage\",\"url\":\"https:\/\/noti-america.com\/site\/ecuador\/wp-content\/uploads\/sites\/18\/2026\/04\/694c2e4f4953c.jpeg\",\"contentUrl\":\"https:\/\/noti-america.com\/site\/ecuador\/wp-content\/uploads\/sites\/18\/2026\/04\/694c2e4f4953c.jpeg\",\"width\":414,\"height\":238},{\"@type\":\"BreadcrumbList\",\"@id\":\"https:\/\/noti-america.com\/site\/ecuador\/2026\/04\/16\/olsen-justifica-sesiones-provinciales-de-la-asamblea-nacional-del-ecuador\/#breadcrumb\",\"itemListElement\":[{\"@type\":\"ListItem\",\"position\":1,\"name\":\"Portada\",\"item\":\"https:\/\/noti-america.com\/site\/ecuador\/\"},{\"@type\":\"ListItem\",\"position\":2,\"name\":\"Olsen justifica sesiones provinciales de la Asamblea Nacional del Ecuador\"}]},{\"@type\":\"WebSite\",\"@id\":\"https:\/\/noti-america.com\/site\/ecuador\/#website\",\"url\":\"https:\/\/noti-america.com\/site\/ecuador\/\",\"name\":\"Ecuador | Noti-America.com\",\"description\":\"\",\"publisher\":{\"@id\":\"https:\/\/noti-america.com\/site\/ecuador\/#organization\"},\"potentialAction\":[{\"@type\":\"SearchAction\",\"target\":{\"@type\":\"EntryPoint\",\"urlTemplate\":\"https:\/\/noti-america.com\/site\/ecuador\/?s={search_term_string}\"},\"query-input\":{\"@type\":\"PropertyValueSpecification\",\"valueRequired\":true,\"valueName\":\"search_term_string\"}}],\"inLanguage\":\"es\"},{\"@type\":\"Organization\",\"@id\":\"https:\/\/noti-america.com\/site\/ecuador\/#organization\",\"name\":\"Noti-America LLC | Ecuador\",\"url\":\"https:\/\/noti-america.com\/site\/ecuador\/\",\"logo\":{\"@type\":\"ImageObject\",\"inLanguage\":\"es\",\"@id\":\"https:\/\/noti-america.com\/site\/ecuador\/#\/schema\/logo\/image\/\",\"url\":\"https:\/\/noti-america.com\/site\/ecuador\/wp-content\/uploads\/sites\/18\/2020\/07\/LogoNA-4x3-1.jpg\",\"contentUrl\":\"https:\/\/noti-america.com\/site\/ecuador\/wp-content\/uploads\/sites\/18\/2020\/07\/LogoNA-4x3-1.jpg\",\"width\":1236,\"height\":1080,\"caption\":\"Noti-America LLC | Ecuador\"},\"image\":{\"@id\":\"https:\/\/noti-america.com\/site\/ecuador\/#\/schema\/logo\/image\/\"},\"sameAs\":[\"https:\/\/x.com\/notiamerica\"]},{\"@type\":\"Person\",\"@id\":\"https:\/\/noti-america.com\/site\/ecuador\/#\/schema\/person\/00042412cfa9ecf98077f847ffadda4a\",\"name\":\"Henry Garrido\",\"image\":{\"@type\":\"ImageObject\",\"inLanguage\":\"es\",\"@id\":\"https:\/\/secure.gravatar.com\/avatar\/749ae5a1e6f22cf042f04b9f3f0a22732ae36970ccfd5c54a0a2ac3c4e1166ed?s=96&d=mm&r=g\",\"url\":\"https:\/\/secure.gravatar.com\/avatar\/749ae5a1e6f22cf042f04b9f3f0a22732ae36970ccfd5c54a0a2ac3c4e1166ed?s=96&d=mm&r=g\",\"contentUrl\":\"https:\/\/secure.gravatar.com\/avatar\/749ae5a1e6f22cf042f04b9f3f0a22732ae36970ccfd5c54a0a2ac3c4e1166ed?s=96&d=mm&r=g\",\"caption\":\"Henry Garrido\"},\"url\":\"https:\/\/noti-america.com\/site\/ecuador\/author\/hgarrido\/\"}]}<\/script>\n<!-- \/ Yoast SEO Premium plugin. -->","yoast_head_json":{"title":"Olsen justifica sesiones provinciales de la Asamblea Nacional del Ecuador - Ecuador | Noti-America.com","robots":{"index":"index","follow":"follow","max-snippet":"max-snippet:-1","max-image-preview":"max-image-preview:large","max-video-preview":"max-video-preview:-1"},"canonical":"https:\/\/noti-america.com\/site\/ecuador\/2026\/04\/16\/olsen-justifica-sesiones-provinciales-de-la-asamblea-nacional-del-ecuador\/","og_locale":"es_ES","og_type":"article","og_title":"Olsen justifica sesiones provinciales de la Asamblea Nacional del Ecuador","og_description":"NOTI-AM\u00c9RICA | ECUADOR. El presidente de la Asamblea Nacional del Ecuador, Niels Olsen, defendi\u00f3 este 15 de abril la decisi\u00f3n de realizar sesiones del Legislativo en distintas provincias del pa\u00eds, pese a las cr\u00edticas&#46;&#46;&#46;","og_url":"https:\/\/noti-america.com\/site\/ecuador\/2026\/04\/16\/olsen-justifica-sesiones-provinciales-de-la-asamblea-nacional-del-ecuador\/","og_site_name":"Ecuador | Noti-America.com","article_published_time":"2026-04-16T02:56:58+00:00","article_modified_time":"2026-04-16T02:57:18+00:00","og_image":[{"width":414,"height":238,"url":"https:\/\/noti-america.com\/site\/ecuador\/wp-content\/uploads\/sites\/18\/2026\/04\/694c2e4f4953c.jpeg","type":"image\/jpeg"}],"author":"Henry Garrido","twitter_card":"summary_large_image","twitter_creator":"@notiamerica","twitter_site":"@notiamerica","twitter_misc":{"Escrito por":"Henry Garrido","Tiempo estimado de lectura":"2 minutos"},"schema":{"@context":"https:\/\/schema.org","@graph":[{"@type":"Article","@id":"https:\/\/noti-america.com\/site\/ecuador\/2026\/04\/16\/olsen-justifica-sesiones-provinciales-de-la-asamblea-nacional-del-ecuador\/#article","isPartOf":{"@id":"https:\/\/noti-america.com\/site\/ecuador\/2026\/04\/16\/olsen-justifica-sesiones-provinciales-de-la-asamblea-nacional-del-ecuador\/"},"author":{"name":"Henry Garrido","@id":"https:\/\/noti-america.com\/site\/ecuador\/#\/schema\/person\/00042412cfa9ecf98077f847ffadda4a"},"headline":"Olsen justifica sesiones provinciales de la Asamblea Nacional del Ecuador","datePublished":"2026-04-16T02:56:58+00:00","dateModified":"2026-04-16T02:57:18+00:00","mainEntityOfPage":{"@id":"https:\/\/noti-america.com\/site\/ecuador\/2026\/04\/16\/olsen-justifica-sesiones-provinciales-de-la-asamblea-nacional-del-ecuador\/"},"wordCount":179,"commentCount":0,"publisher":{"@id":"https:\/\/noti-america.com\/site\/ecuador\/#organization"},"image":{"@id":"https:\/\/noti-america.com\/site\/ecuador\/2026\/04\/16\/olsen-justifica-sesiones-provinciales-de-la-asamblea-nacional-del-ecuador\/#primaryimage"},"thumbnailUrl":"https:\/\/noti-america.com\/site\/ecuador\/wp-content\/uploads\/sites\/18\/2026\/04\/694c2e4f4953c.jpeg","articleSection":["Actualidad","Uncategorized"],"inLanguage":"es","potentialAction":[{"@type":"CommentAction","name":"Comment","target":["https:\/\/noti-america.com\/site\/ecuador\/2026\/04\/16\/olsen-justifica-sesiones-provinciales-de-la-asamblea-nacional-del-ecuador\/#respond"]}]},{"@type":"WebPage","@id":"https:\/\/noti-america.com\/site\/ecuador\/2026\/04\/16\/olsen-justifica-sesiones-provinciales-de-la-asamblea-nacional-del-ecuador\/","url":"https:\/\/noti-america.com\/site\/ecuador\/2026\/04\/16\/olsen-justifica-sesiones-provinciales-de-la-asamblea-nacional-del-ecuador\/","name":"Olsen justifica sesiones provinciales de la Asamblea Nacional del Ecuador - Ecuador | Noti-America.com","isPartOf":{"@id":"https:\/\/noti-america.com\/site\/ecuador\/#website"},"primaryImageOfPage":{"@id":"https:\/\/noti-america.com\/site\/ecuador\/2026\/04\/16\/olsen-justifica-sesiones-provinciales-de-la-asamblea-nacional-del-ecuador\/#primaryimage"},"image":{"@id":"https:\/\/noti-america.com\/site\/ecuador\/2026\/04\/16\/olsen-justifica-sesiones-provinciales-de-la-asamblea-nacional-del-ecuador\/#primaryimage"},"thumbnailUrl":"https:\/\/noti-america.com\/site\/ecuador\/wp-content\/uploads\/sites\/18\/2026\/04\/694c2e4f4953c.jpeg","datePublished":"2026-04-16T02:56:58+00:00","dateModified":"2026-04-16T02:57:18+00:00","breadcrumb":{"@id":"https:\/\/noti-america.com\/site\/ecuador\/2026\/04\/16\/olsen-justifica-sesiones-provinciales-de-la-asamblea-nacional-del-ecuador\/#breadcrumb"},"inLanguage":"es","potentialAction":[{"@type":"ReadAction","target":["https:\/\/noti-america.com\/site\/ecuador\/2026\/04\/16\/olsen-justifica-sesiones-provinciales-de-la-asamblea-nacional-del-ecuador\/"]}]},{"@type":"ImageObject","inLanguage":"es","@id":"https:\/\/noti-america.com\/site\/ecuador\/2026\/04\/16\/olsen-justifica-sesiones-provinciales-de-la-asamblea-nacional-del-ecuador\/#primaryimage","url":"https:\/\/noti-america.com\/site\/ecuador\/wp-content\/uploads\/sites\/18\/2026\/04\/694c2e4f4953c.jpeg","contentUrl":"https:\/\/noti-america.com\/site\/ecuador\/wp-content\/uploads\/sites\/18\/2026\/04\/694c2e4f4953c.jpeg","width":414,"height":238},{"@type":"BreadcrumbList","@id":"https:\/\/noti-america.com\/site\/ecuador\/2026\/04\/16\/olsen-justifica-sesiones-provinciales-de-la-asamblea-nacional-del-ecuador\/#breadcrumb","itemListElement":[{"@type":"ListItem","position":1,"name":"Portada","item":"https:\/\/noti-america.com\/site\/ecuador\/"},{"@type":"ListItem","position":2,"name":"Olsen justifica sesiones provinciales de la Asamblea Nacional del Ecuador"}]},{"@type":"WebSite","@id":"https:\/\/noti-america.com\/site\/ecuador\/#website","url":"https:\/\/noti-america.com\/site\/ecuador\/","name":"Ecuador | Noti-America.com","description":"","publisher":{"@id":"https:\/\/noti-america.com\/site\/ecuador\/#organization"},"potentialAction":[{"@type":"SearchAction","target":{"@type":"EntryPoint","urlTemplate":"https:\/\/noti-america.com\/site\/ecuador\/?s={search_term_string}"},"query-input":{"@type":"PropertyValueSpecification","valueRequired":true,"valueName":"search_term_string"}}],"inLanguage":"es"},{"@type":"Organization","@id":"https:\/\/noti-america.com\/site\/ecuador\/#organization","name":"Noti-America LLC | Ecuador","url":"https:\/\/noti-america.com\/site\/ecuador\/","logo":{"@type":"ImageObject","inLanguage":"es","@id":"https:\/\/noti-america.com\/site\/ecuador\/#\/schema\/logo\/image\/","url":"https:\/\/noti-america.com\/site\/ecuador\/wp-content\/uploads\/sites\/18\/2020\/07\/LogoNA-4x3-1.jpg","contentUrl":"https:\/\/noti-america.com\/site\/ecuador\/wp-content\/uploads\/sites\/18\/2020\/07\/LogoNA-4x3-1.jpg","width":1236,"height":1080,"caption":"Noti-America LLC | Ecuador"},"image":{"@id":"https:\/\/noti-america.com\/site\/ecuador\/#\/schema\/logo\/image\/"},"sameAs":["https:\/\/x.com\/notiamerica"]},{"@type":"Person","@id":"https:\/\/noti-america.com\/site\/ecuador\/#\/schema\/person\/00042412cfa9ecf98077f847ffadda4a","name":"Henry Garrido","image":{"@type":"ImageObject","inLanguage":"es","@id":"https:\/\/secure.gravatar.com\/avatar\/749ae5a1e6f22cf042f04b9f3f0a22732ae36970ccfd5c54a0a2ac3c4e1166ed?s=96&d=mm&r=g","url":"https:\/\/secure.gravatar.com\/avatar\/749ae5a1e6f22cf042f04b9f3f0a22732ae36970ccfd5c54a0a2ac3c4e1166ed?s=96&d=mm&r=g","contentUrl":"https:\/\/secure.gravatar.com\/avatar\/749ae5a1e6f22cf042f04b9f3f0a22732ae36970ccfd5c54a0a2ac3c4e1166ed?s=96&d=mm&r=g","caption":"Henry Garrido"},"url":"https:\/\/noti-america.com\/site\/ecuador\/author\/hgarrido\/"}]}},"_links":{"self":[{"href":"https:\/\/noti-america.com\/site\/ecuador\/wp-json\/wp\/v2\/posts\/37915","targetHints":{"allow":["GET"]}}],"collection":[{"href":"https:\/\/noti-america.com\/site\/ecuador\/wp-json\/wp\/v2\/posts"}],"about":[{"href":"https:\/\/noti-america.com\/site\/ecuador\/wp-json\/wp\/v2\/types\/post"}],"author":[{"embeddable":true,"href":"https:\/\/noti-america.com\/site\/ecuador\/wp-json\/wp\/v2\/users\/144"}],"replies":[{"embeddable":true,"href":"https:\/\/noti-america.com\/site\/ecuador\/wp-json\/wp\/v2\/comments?post=37915"}],"version-history":[{"count":1,"href":"https:\/\/noti-america.com\/site\/ecuador\/wp-json\/wp\/v2\/posts\/37915\/revisions"}],"predecessor-version":[{"id":37917,"href":"https:\/\/noti-america.com\/site\/ecuador\/wp-json\/wp\/v2\/posts\/37915\/revisions\/37917"}],"wp:featuredmedia":[{"embeddable":true,"href":"https:\/\/noti-america.com\/site\/ecuador\/wp-json\/wp\/v2\/media\/37916"}],"wp:attachment":[{"href":"https:\/\/noti-america.com\/site\/ecuador\/wp-json\/wp\/v2\/media?parent=37915"}],"wp:term":[{"taxonomy":"category","embeddable":true,"href":"https:\/\/noti-america.com\/site\/ecuador\/wp-json\/wp\/v2\/categories?post=37915"},{"taxonomy":"post_tag","embeddable":true,"href":"https:\/\/noti-america.com\/site\/ecuador\/wp-json\/wp\/v2\/tags?post=37915"}],"curies":[{"name":"wp","href":"https:\/\/api.w.org\/{rel}","templated":true}]}}