{"id":37912,"date":"2026-04-16T02:45:17","date_gmt":"2026-04-16T02:45:17","guid":{"rendered":"https:\/\/noti-america.com\/site\/ecuador\/?p=37912"},"modified":"2026-04-16T02:45:17","modified_gmt":"2026-04-16T02:45:17","slug":"pku-deteccion-temprana-clave-para-prevenir-danos-neurologicos","status":"publish","type":"post","link":"https:\/\/noti-america.com\/site\/ecuador\/2026\/04\/16\/pku-deteccion-temprana-clave-para-prevenir-danos-neurologicos\/","title":{"rendered":"PKU: detecci\u00f3n temprana, clave para prevenir da\u00f1os neurol\u00f3gicos"},"content":{"rendered":"<p><strong>NOTI-AM\u00c9RICA | ECUADOR.<\/strong><\/p>\n<p style=\"text-align: justify\"><img loading=\"lazy\" decoding=\"async\" class=\"size-medium wp-image-37913 aligncenter\" src=\"https:\/\/noti-america.com\/site\/ecuador\/wp-content\/uploads\/sites\/18\/2026\/04\/IMG-20260415-WA0342-300x198.jpg\" alt=\"\" width=\"300\" height=\"198\" srcset=\"https:\/\/noti-america.com\/site\/ecuador\/wp-content\/uploads\/sites\/18\/2026\/04\/IMG-20260415-WA0342-300x198.jpg 300w, https:\/\/noti-america.com\/site\/ecuador\/wp-content\/uploads\/sites\/18\/2026\/04\/IMG-20260415-WA0342-768x506.jpg 768w, https:\/\/noti-america.com\/site\/ecuador\/wp-content\/uploads\/sites\/18\/2026\/04\/IMG-20260415-WA0342.jpg 794w\" sizes=\"auto, (max-width: 300px) 100vw, 300px\" \/>La fenilcetonuria (PKU), una enfermedad metab\u00f3lica gen\u00e9tica poco frecuente, registra en Ecuador una incidencia estimada de 1,53 casos por cada 100.000 reci\u00e9n nacidos, lo que equivale a aproximadamente un caso por cada 65.000 beb\u00e9s, seg\u00fan datos del Programa Nacional de Tamizaje Neonatal del Ministerio de Salud P\u00fablica publicados en 2024. Aunque su prevalencia es baja, especialistas advierten que el diagn\u00f3stico oportuno es clave para prevenir complicaciones y mejorar la calidad de vida de los pacientes.<\/p>\n<p style=\"text-align: justify\">Esta condici\u00f3n impide que el organismo procese correctamente la fenilalanina, un amino\u00e1cido presente en alimentos ricos en prote\u00ednas, cuya acumulaci\u00f3n puede causar da\u00f1o neurol\u00f3gico irreversible si no se controla a tiempo. Por ello, el tratamiento se basa en una dieta estricta baja en esta sustancia, complementada con suplementos nutricionales especializados que permiten cubrir las necesidades del organismo.<\/p>\n<p style=\"text-align: justify\">Desde la Fundaci\u00f3n Sembrando Huellas MACA se enfatiza la importancia de realizar el tamizaje neonatal en las primeras horas de vida y hasta un m\u00e1ximo de 28 d\u00edas, as\u00ed como de garantizar un manejo integral que incluya seguimiento continuo, acceso a nutrici\u00f3n especializada, atenci\u00f3n multidisciplinaria y redes de apoyo. Expertos coinciden en que, con diagn\u00f3stico temprano y acompa\u00f1amiento adecuado, las personas con PKU pueden desarrollarse plenamente y mejorar sus oportunidades de vida.<\/p>\n","protected":false},"excerpt":{"rendered":"<p>NOTI-AM\u00c9RICA | ECUADOR. La fenilcetonuria (PKU), una enfermedad metab\u00f3lica gen\u00e9tica poco frecuente, registra en Ecuador una incidencia estimada de 1,53 casos por cada 100.000 reci\u00e9n nacidos, lo que equivale a aproximadamente un caso por&#46;&#46;&#46;<\/p>\n","protected":false},"author":144,"featured_media":37913,"comment_status":"open","ping_status":"open","sticky":false,"template":"","format":"standard","meta":{"_acf_changed":false,"om_disable_all_campaigns":false,"rop_custom_images_group":[],"rop_custom_messages_group":[],"rop_publish_now":"initial","rop_publish_now_accounts":{"twitter_242054905_242054905":""},"rop_publish_now_history":[],"rop_publish_now_status":"pending","_uf_show_specific_survey":0,"_uf_disable_surveys":false,"footnotes":""},"categories":[1],"tags":[],"class_list":["post-37912","post","type-post","status-publish","format-standard","has-post-thumbnail","hentry","category-uncategorized"],"acf":[],"aioseo_notices":[],"yoast_head":"<!-- This site is optimized with the Yoast SEO Premium plugin v24.9 (Yoast SEO v27.2) - https:\/\/yoast.com\/product\/yoast-seo-premium-wordpress\/ -->\n<title>PKU: detecci\u00f3n temprana, clave para prevenir da\u00f1os neurol\u00f3gicos - Ecuador | Noti-America.com<\/title>\n<meta name=\"robots\" content=\"index, follow, max-snippet:-1, max-image-preview:large, max-video-preview:-1\" \/>\n<link rel=\"canonical\" href=\"https:\/\/noti-america.com\/site\/ecuador\/2026\/04\/16\/pku-deteccion-temprana-clave-para-prevenir-danos-neurologicos\/\" \/>\n<meta property=\"og:locale\" content=\"es_ES\" \/>\n<meta property=\"og:type\" content=\"article\" \/>\n<meta property=\"og:title\" content=\"PKU: detecci\u00f3n temprana, clave para prevenir da\u00f1os neurol\u00f3gicos\" \/>\n<meta property=\"og:description\" content=\"NOTI-AM\u00c9RICA | ECUADOR. La fenilcetonuria (PKU), una enfermedad metab\u00f3lica gen\u00e9tica poco frecuente, registra en Ecuador una incidencia estimada de 1,53 casos por cada 100.000 reci\u00e9n nacidos, lo que equivale a aproximadamente un caso por&#046;&#046;&#046;\" \/>\n<meta property=\"og:url\" content=\"https:\/\/noti-america.com\/site\/ecuador\/2026\/04\/16\/pku-deteccion-temprana-clave-para-prevenir-danos-neurologicos\/\" \/>\n<meta property=\"og:site_name\" content=\"Ecuador | Noti-America.com\" \/>\n<meta property=\"article:published_time\" content=\"2026-04-16T02:45:17+00:00\" \/>\n<meta property=\"og:image\" content=\"https:\/\/noti-america.com\/site\/ecuador\/wp-content\/uploads\/sites\/18\/2026\/04\/IMG-20260415-WA0342.jpg\" \/>\n\t<meta property=\"og:image:width\" content=\"794\" \/>\n\t<meta property=\"og:image:height\" content=\"523\" \/>\n\t<meta property=\"og:image:type\" content=\"image\/jpeg\" \/>\n<meta name=\"author\" content=\"Henry Garrido\" \/>\n<meta name=\"twitter:card\" content=\"summary_large_image\" \/>\n<meta name=\"twitter:creator\" content=\"@notiamerica\" \/>\n<meta name=\"twitter:site\" content=\"@notiamerica\" \/>\n<meta name=\"twitter:label1\" content=\"Escrito por\" \/>\n\t<meta name=\"twitter:data1\" content=\"Henry Garrido\" \/>\n\t<meta name=\"twitter:label2\" content=\"Tiempo estimado de lectura\" \/>\n\t<meta name=\"twitter:data2\" content=\"2 minutos\" \/>\n<script type=\"application\/ld+json\" class=\"yoast-schema-graph\">{\"@context\":\"https:\/\/schema.org\",\"@graph\":[{\"@type\":\"Article\",\"@id\":\"https:\/\/noti-america.com\/site\/ecuador\/2026\/04\/16\/pku-deteccion-temprana-clave-para-prevenir-danos-neurologicos\/#article\",\"isPartOf\":{\"@id\":\"https:\/\/noti-america.com\/site\/ecuador\/2026\/04\/16\/pku-deteccion-temprana-clave-para-prevenir-danos-neurologicos\/\"},\"author\":{\"name\":\"Henry Garrido\",\"@id\":\"https:\/\/noti-america.com\/site\/ecuador\/#\/schema\/person\/00042412cfa9ecf98077f847ffadda4a\"},\"headline\":\"PKU: detecci\u00f3n temprana, clave para prevenir da\u00f1os neurol\u00f3gicos\",\"datePublished\":\"2026-04-16T02:45:17+00:00\",\"mainEntityOfPage\":{\"@id\":\"https:\/\/noti-america.com\/site\/ecuador\/2026\/04\/16\/pku-deteccion-temprana-clave-para-prevenir-danos-neurologicos\/\"},\"wordCount\":233,\"commentCount\":0,\"publisher\":{\"@id\":\"https:\/\/noti-america.com\/site\/ecuador\/#organization\"},\"image\":{\"@id\":\"https:\/\/noti-america.com\/site\/ecuador\/2026\/04\/16\/pku-deteccion-temprana-clave-para-prevenir-danos-neurologicos\/#primaryimage\"},\"thumbnailUrl\":\"https:\/\/noti-america.com\/site\/ecuador\/wp-content\/uploads\/sites\/18\/2026\/04\/IMG-20260415-WA0342.jpg\",\"articleSection\":[\"Uncategorized\"],\"inLanguage\":\"es\",\"potentialAction\":[{\"@type\":\"CommentAction\",\"name\":\"Comment\",\"target\":[\"https:\/\/noti-america.com\/site\/ecuador\/2026\/04\/16\/pku-deteccion-temprana-clave-para-prevenir-danos-neurologicos\/#respond\"]}]},{\"@type\":\"WebPage\",\"@id\":\"https:\/\/noti-america.com\/site\/ecuador\/2026\/04\/16\/pku-deteccion-temprana-clave-para-prevenir-danos-neurologicos\/\",\"url\":\"https:\/\/noti-america.com\/site\/ecuador\/2026\/04\/16\/pku-deteccion-temprana-clave-para-prevenir-danos-neurologicos\/\",\"name\":\"PKU: detecci\u00f3n temprana, clave para prevenir da\u00f1os neurol\u00f3gicos - Ecuador | Noti-America.com\",\"isPartOf\":{\"@id\":\"https:\/\/noti-america.com\/site\/ecuador\/#website\"},\"primaryImageOfPage\":{\"@id\":\"https:\/\/noti-america.com\/site\/ecuador\/2026\/04\/16\/pku-deteccion-temprana-clave-para-prevenir-danos-neurologicos\/#primaryimage\"},\"image\":{\"@id\":\"https:\/\/noti-america.com\/site\/ecuador\/2026\/04\/16\/pku-deteccion-temprana-clave-para-prevenir-danos-neurologicos\/#primaryimage\"},\"thumbnailUrl\":\"https:\/\/noti-america.com\/site\/ecuador\/wp-content\/uploads\/sites\/18\/2026\/04\/IMG-20260415-WA0342.jpg\",\"datePublished\":\"2026-04-16T02:45:17+00:00\",\"breadcrumb\":{\"@id\":\"https:\/\/noti-america.com\/site\/ecuador\/2026\/04\/16\/pku-deteccion-temprana-clave-para-prevenir-danos-neurologicos\/#breadcrumb\"},\"inLanguage\":\"es\",\"potentialAction\":[{\"@type\":\"ReadAction\",\"target\":[\"https:\/\/noti-america.com\/site\/ecuador\/2026\/04\/16\/pku-deteccion-temprana-clave-para-prevenir-danos-neurologicos\/\"]}]},{\"@type\":\"ImageObject\",\"inLanguage\":\"es\",\"@id\":\"https:\/\/noti-america.com\/site\/ecuador\/2026\/04\/16\/pku-deteccion-temprana-clave-para-prevenir-danos-neurologicos\/#primaryimage\",\"url\":\"https:\/\/noti-america.com\/site\/ecuador\/wp-content\/uploads\/sites\/18\/2026\/04\/IMG-20260415-WA0342.jpg\",\"contentUrl\":\"https:\/\/noti-america.com\/site\/ecuador\/wp-content\/uploads\/sites\/18\/2026\/04\/IMG-20260415-WA0342.jpg\",\"width\":794,\"height\":523},{\"@type\":\"BreadcrumbList\",\"@id\":\"https:\/\/noti-america.com\/site\/ecuador\/2026\/04\/16\/pku-deteccion-temprana-clave-para-prevenir-danos-neurologicos\/#breadcrumb\",\"itemListElement\":[{\"@type\":\"ListItem\",\"position\":1,\"name\":\"Portada\",\"item\":\"https:\/\/noti-america.com\/site\/ecuador\/\"},{\"@type\":\"ListItem\",\"position\":2,\"name\":\"PKU: detecci\u00f3n temprana, clave para prevenir da\u00f1os neurol\u00f3gicos\"}]},{\"@type\":\"WebSite\",\"@id\":\"https:\/\/noti-america.com\/site\/ecuador\/#website\",\"url\":\"https:\/\/noti-america.com\/site\/ecuador\/\",\"name\":\"Ecuador | Noti-America.com\",\"description\":\"\",\"publisher\":{\"@id\":\"https:\/\/noti-america.com\/site\/ecuador\/#organization\"},\"potentialAction\":[{\"@type\":\"SearchAction\",\"target\":{\"@type\":\"EntryPoint\",\"urlTemplate\":\"https:\/\/noti-america.com\/site\/ecuador\/?s={search_term_string}\"},\"query-input\":{\"@type\":\"PropertyValueSpecification\",\"valueRequired\":true,\"valueName\":\"search_term_string\"}}],\"inLanguage\":\"es\"},{\"@type\":\"Organization\",\"@id\":\"https:\/\/noti-america.com\/site\/ecuador\/#organization\",\"name\":\"Noti-America LLC | Ecuador\",\"url\":\"https:\/\/noti-america.com\/site\/ecuador\/\",\"logo\":{\"@type\":\"ImageObject\",\"inLanguage\":\"es\",\"@id\":\"https:\/\/noti-america.com\/site\/ecuador\/#\/schema\/logo\/image\/\",\"url\":\"https:\/\/noti-america.com\/site\/ecuador\/wp-content\/uploads\/sites\/18\/2020\/07\/LogoNA-4x3-1.jpg\",\"contentUrl\":\"https:\/\/noti-america.com\/site\/ecuador\/wp-content\/uploads\/sites\/18\/2020\/07\/LogoNA-4x3-1.jpg\",\"width\":1236,\"height\":1080,\"caption\":\"Noti-America LLC | Ecuador\"},\"image\":{\"@id\":\"https:\/\/noti-america.com\/site\/ecuador\/#\/schema\/logo\/image\/\"},\"sameAs\":[\"https:\/\/x.com\/notiamerica\"]},{\"@type\":\"Person\",\"@id\":\"https:\/\/noti-america.com\/site\/ecuador\/#\/schema\/person\/00042412cfa9ecf98077f847ffadda4a\",\"name\":\"Henry Garrido\",\"image\":{\"@type\":\"ImageObject\",\"inLanguage\":\"es\",\"@id\":\"https:\/\/secure.gravatar.com\/avatar\/749ae5a1e6f22cf042f04b9f3f0a22732ae36970ccfd5c54a0a2ac3c4e1166ed?s=96&d=mm&r=g\",\"url\":\"https:\/\/secure.gravatar.com\/avatar\/749ae5a1e6f22cf042f04b9f3f0a22732ae36970ccfd5c54a0a2ac3c4e1166ed?s=96&d=mm&r=g\",\"contentUrl\":\"https:\/\/secure.gravatar.com\/avatar\/749ae5a1e6f22cf042f04b9f3f0a22732ae36970ccfd5c54a0a2ac3c4e1166ed?s=96&d=mm&r=g\",\"caption\":\"Henry Garrido\"},\"url\":\"https:\/\/noti-america.com\/site\/ecuador\/author\/hgarrido\/\"}]}<\/script>\n<!-- \/ Yoast SEO Premium plugin. -->","yoast_head_json":{"title":"PKU: detecci\u00f3n temprana, clave para prevenir da\u00f1os neurol\u00f3gicos - Ecuador | Noti-America.com","robots":{"index":"index","follow":"follow","max-snippet":"max-snippet:-1","max-image-preview":"max-image-preview:large","max-video-preview":"max-video-preview:-1"},"canonical":"https:\/\/noti-america.com\/site\/ecuador\/2026\/04\/16\/pku-deteccion-temprana-clave-para-prevenir-danos-neurologicos\/","og_locale":"es_ES","og_type":"article","og_title":"PKU: detecci\u00f3n temprana, clave para prevenir da\u00f1os neurol\u00f3gicos","og_description":"NOTI-AM\u00c9RICA | ECUADOR. La fenilcetonuria (PKU), una enfermedad metab\u00f3lica gen\u00e9tica poco frecuente, registra en Ecuador una incidencia estimada de 1,53 casos por cada 100.000 reci\u00e9n nacidos, lo que equivale a aproximadamente un caso por&#46;&#46;&#46;","og_url":"https:\/\/noti-america.com\/site\/ecuador\/2026\/04\/16\/pku-deteccion-temprana-clave-para-prevenir-danos-neurologicos\/","og_site_name":"Ecuador | Noti-America.com","article_published_time":"2026-04-16T02:45:17+00:00","og_image":[{"width":794,"height":523,"url":"https:\/\/noti-america.com\/site\/ecuador\/wp-content\/uploads\/sites\/18\/2026\/04\/IMG-20260415-WA0342.jpg","type":"image\/jpeg"}],"author":"Henry Garrido","twitter_card":"summary_large_image","twitter_creator":"@notiamerica","twitter_site":"@notiamerica","twitter_misc":{"Escrito por":"Henry Garrido","Tiempo estimado de lectura":"2 minutos"},"schema":{"@context":"https:\/\/schema.org","@graph":[{"@type":"Article","@id":"https:\/\/noti-america.com\/site\/ecuador\/2026\/04\/16\/pku-deteccion-temprana-clave-para-prevenir-danos-neurologicos\/#article","isPartOf":{"@id":"https:\/\/noti-america.com\/site\/ecuador\/2026\/04\/16\/pku-deteccion-temprana-clave-para-prevenir-danos-neurologicos\/"},"author":{"name":"Henry Garrido","@id":"https:\/\/noti-america.com\/site\/ecuador\/#\/schema\/person\/00042412cfa9ecf98077f847ffadda4a"},"headline":"PKU: detecci\u00f3n temprana, clave para prevenir da\u00f1os neurol\u00f3gicos","datePublished":"2026-04-16T02:45:17+00:00","mainEntityOfPage":{"@id":"https:\/\/noti-america.com\/site\/ecuador\/2026\/04\/16\/pku-deteccion-temprana-clave-para-prevenir-danos-neurologicos\/"},"wordCount":233,"commentCount":0,"publisher":{"@id":"https:\/\/noti-america.com\/site\/ecuador\/#organization"},"image":{"@id":"https:\/\/noti-america.com\/site\/ecuador\/2026\/04\/16\/pku-deteccion-temprana-clave-para-prevenir-danos-neurologicos\/#primaryimage"},"thumbnailUrl":"https:\/\/noti-america.com\/site\/ecuador\/wp-content\/uploads\/sites\/18\/2026\/04\/IMG-20260415-WA0342.jpg","articleSection":["Uncategorized"],"inLanguage":"es","potentialAction":[{"@type":"CommentAction","name":"Comment","target":["https:\/\/noti-america.com\/site\/ecuador\/2026\/04\/16\/pku-deteccion-temprana-clave-para-prevenir-danos-neurologicos\/#respond"]}]},{"@type":"WebPage","@id":"https:\/\/noti-america.com\/site\/ecuador\/2026\/04\/16\/pku-deteccion-temprana-clave-para-prevenir-danos-neurologicos\/","url":"https:\/\/noti-america.com\/site\/ecuador\/2026\/04\/16\/pku-deteccion-temprana-clave-para-prevenir-danos-neurologicos\/","name":"PKU: detecci\u00f3n temprana, clave para prevenir da\u00f1os neurol\u00f3gicos - Ecuador | Noti-America.com","isPartOf":{"@id":"https:\/\/noti-america.com\/site\/ecuador\/#website"},"primaryImageOfPage":{"@id":"https:\/\/noti-america.com\/site\/ecuador\/2026\/04\/16\/pku-deteccion-temprana-clave-para-prevenir-danos-neurologicos\/#primaryimage"},"image":{"@id":"https:\/\/noti-america.com\/site\/ecuador\/2026\/04\/16\/pku-deteccion-temprana-clave-para-prevenir-danos-neurologicos\/#primaryimage"},"thumbnailUrl":"https:\/\/noti-america.com\/site\/ecuador\/wp-content\/uploads\/sites\/18\/2026\/04\/IMG-20260415-WA0342.jpg","datePublished":"2026-04-16T02:45:17+00:00","breadcrumb":{"@id":"https:\/\/noti-america.com\/site\/ecuador\/2026\/04\/16\/pku-deteccion-temprana-clave-para-prevenir-danos-neurologicos\/#breadcrumb"},"inLanguage":"es","potentialAction":[{"@type":"ReadAction","target":["https:\/\/noti-america.com\/site\/ecuador\/2026\/04\/16\/pku-deteccion-temprana-clave-para-prevenir-danos-neurologicos\/"]}]},{"@type":"ImageObject","inLanguage":"es","@id":"https:\/\/noti-america.com\/site\/ecuador\/2026\/04\/16\/pku-deteccion-temprana-clave-para-prevenir-danos-neurologicos\/#primaryimage","url":"https:\/\/noti-america.com\/site\/ecuador\/wp-content\/uploads\/sites\/18\/2026\/04\/IMG-20260415-WA0342.jpg","contentUrl":"https:\/\/noti-america.com\/site\/ecuador\/wp-content\/uploads\/sites\/18\/2026\/04\/IMG-20260415-WA0342.jpg","width":794,"height":523},{"@type":"BreadcrumbList","@id":"https:\/\/noti-america.com\/site\/ecuador\/2026\/04\/16\/pku-deteccion-temprana-clave-para-prevenir-danos-neurologicos\/#breadcrumb","itemListElement":[{"@type":"ListItem","position":1,"name":"Portada","item":"https:\/\/noti-america.com\/site\/ecuador\/"},{"@type":"ListItem","position":2,"name":"PKU: detecci\u00f3n temprana, clave para prevenir da\u00f1os neurol\u00f3gicos"}]},{"@type":"WebSite","@id":"https:\/\/noti-america.com\/site\/ecuador\/#website","url":"https:\/\/noti-america.com\/site\/ecuador\/","name":"Ecuador | Noti-America.com","description":"","publisher":{"@id":"https:\/\/noti-america.com\/site\/ecuador\/#organization"},"potentialAction":[{"@type":"SearchAction","target":{"@type":"EntryPoint","urlTemplate":"https:\/\/noti-america.com\/site\/ecuador\/?s={search_term_string}"},"query-input":{"@type":"PropertyValueSpecification","valueRequired":true,"valueName":"search_term_string"}}],"inLanguage":"es"},{"@type":"Organization","@id":"https:\/\/noti-america.com\/site\/ecuador\/#organization","name":"Noti-America LLC | Ecuador","url":"https:\/\/noti-america.com\/site\/ecuador\/","logo":{"@type":"ImageObject","inLanguage":"es","@id":"https:\/\/noti-america.com\/site\/ecuador\/#\/schema\/logo\/image\/","url":"https:\/\/noti-america.com\/site\/ecuador\/wp-content\/uploads\/sites\/18\/2020\/07\/LogoNA-4x3-1.jpg","contentUrl":"https:\/\/noti-america.com\/site\/ecuador\/wp-content\/uploads\/sites\/18\/2020\/07\/LogoNA-4x3-1.jpg","width":1236,"height":1080,"caption":"Noti-America LLC | Ecuador"},"image":{"@id":"https:\/\/noti-america.com\/site\/ecuador\/#\/schema\/logo\/image\/"},"sameAs":["https:\/\/x.com\/notiamerica"]},{"@type":"Person","@id":"https:\/\/noti-america.com\/site\/ecuador\/#\/schema\/person\/00042412cfa9ecf98077f847ffadda4a","name":"Henry Garrido","image":{"@type":"ImageObject","inLanguage":"es","@id":"https:\/\/secure.gravatar.com\/avatar\/749ae5a1e6f22cf042f04b9f3f0a22732ae36970ccfd5c54a0a2ac3c4e1166ed?s=96&d=mm&r=g","url":"https:\/\/secure.gravatar.com\/avatar\/749ae5a1e6f22cf042f04b9f3f0a22732ae36970ccfd5c54a0a2ac3c4e1166ed?s=96&d=mm&r=g","contentUrl":"https:\/\/secure.gravatar.com\/avatar\/749ae5a1e6f22cf042f04b9f3f0a22732ae36970ccfd5c54a0a2ac3c4e1166ed?s=96&d=mm&r=g","caption":"Henry Garrido"},"url":"https:\/\/noti-america.com\/site\/ecuador\/author\/hgarrido\/"}]}},"_links":{"self":[{"href":"https:\/\/noti-america.com\/site\/ecuador\/wp-json\/wp\/v2\/posts\/37912","targetHints":{"allow":["GET"]}}],"collection":[{"href":"https:\/\/noti-america.com\/site\/ecuador\/wp-json\/wp\/v2\/posts"}],"about":[{"href":"https:\/\/noti-america.com\/site\/ecuador\/wp-json\/wp\/v2\/types\/post"}],"author":[{"embeddable":true,"href":"https:\/\/noti-america.com\/site\/ecuador\/wp-json\/wp\/v2\/users\/144"}],"replies":[{"embeddable":true,"href":"https:\/\/noti-america.com\/site\/ecuador\/wp-json\/wp\/v2\/comments?post=37912"}],"version-history":[{"count":1,"href":"https:\/\/noti-america.com\/site\/ecuador\/wp-json\/wp\/v2\/posts\/37912\/revisions"}],"predecessor-version":[{"id":37914,"href":"https:\/\/noti-america.com\/site\/ecuador\/wp-json\/wp\/v2\/posts\/37912\/revisions\/37914"}],"wp:featuredmedia":[{"embeddable":true,"href":"https:\/\/noti-america.com\/site\/ecuador\/wp-json\/wp\/v2\/media\/37913"}],"wp:attachment":[{"href":"https:\/\/noti-america.com\/site\/ecuador\/wp-json\/wp\/v2\/media?parent=37912"}],"wp:term":[{"taxonomy":"category","embeddable":true,"href":"https:\/\/noti-america.com\/site\/ecuador\/wp-json\/wp\/v2\/categories?post=37912"},{"taxonomy":"post_tag","embeddable":true,"href":"https:\/\/noti-america.com\/site\/ecuador\/wp-json\/wp\/v2\/tags?post=37912"}],"curies":[{"name":"wp","href":"https:\/\/api.w.org\/{rel}","templated":true}]}}