{"id":37902,"date":"2026-04-15T00:38:14","date_gmt":"2026-04-15T00:38:14","guid":{"rendered":"https:\/\/noti-america.com\/site\/ecuador\/?p=37902"},"modified":"2026-04-15T00:38:14","modified_gmt":"2026-04-15T00:38:14","slug":"comediante-ecuatoriano-triunfa-en-europa-con-shows-sold-out","status":"publish","type":"post","link":"https:\/\/noti-america.com\/site\/ecuador\/2026\/04\/15\/comediante-ecuatoriano-triunfa-en-europa-con-shows-sold-out\/","title":{"rendered":"Comediante ecuatoriano triunfa en Europa con shows \u201csold out\u201d"},"content":{"rendered":"<p><strong>NOTI-AM\u00c9RICA | ECUADOR.<\/strong><\/p>\n<p style=\"text-align: justify\"><img loading=\"lazy\" decoding=\"async\" class=\"size-medium wp-image-37903 aligncenter\" src=\"https:\/\/noti-america.com\/site\/ecuador\/wp-content\/uploads\/sites\/18\/2026\/04\/IMG-20260414-WA0425-225x300.jpg\" alt=\"\" width=\"225\" height=\"300\" srcset=\"https:\/\/noti-america.com\/site\/ecuador\/wp-content\/uploads\/sites\/18\/2026\/04\/IMG-20260414-WA0425-225x300.jpg 225w, https:\/\/noti-america.com\/site\/ecuador\/wp-content\/uploads\/sites\/18\/2026\/04\/IMG-20260414-WA0425-768x1024.jpg 768w, https:\/\/noti-america.com\/site\/ecuador\/wp-content\/uploads\/sites\/18\/2026\/04\/IMG-20260414-WA0425-1152x1536.jpg 1152w, https:\/\/noti-america.com\/site\/ecuador\/wp-content\/uploads\/sites\/18\/2026\/04\/IMG-20260414-WA0425.jpg 1199w\" sizes=\"auto, (max-width: 225px) 100vw, 225px\" \/>El comediante guayaquile\u00f1o Ricardo Andrade Malo, conocido art\u00edsticamente como RRRRRRRRRRRRRAM, est\u00e1 llevando el humor ecuatoriano a escenarios de Europa, donde ha logrado presentaciones con localidades agotadas en varias ciudades. Su show \u201cConquistaDON\u2019T: Un show de comedia del tercer mundo\u201d aborda, con iron\u00eda, las experiencias de los migrantes latinoamericanos, conectando con p\u00fablicos diversos m\u00e1s all\u00e1 de la comunidad ecuatoriana.<\/p>\n<p style=\"text-align: justify\">Desde su residencia en Barcelona, el artista ha presentado su espect\u00e1culo en ciudades como Lisboa, Valencia, Par\u00eds, Bruselas y Mil\u00e1n. Su propuesta, basada en la observaci\u00f3n social, identidad y choque cultural, ha evolucionado desde sus inicios en los \u2018open mic\u2019 de Guayaquil, donde comenz\u00f3 a forjar su carrera junto a colectivos locales y espacios independientes.<\/p>\n<p style=\"text-align: justify\">En Europa, Andrade ha fortalecido su trayectoria participando en festivales como el OFF Cru\u00eflla, el Barcelona Fringe Festival y Stand-Up Europe, adem\u00e1s de incorporar presentaciones en ingl\u00e9s para ampliar su alcance internacional. La gira de \u201cConquistaDON\u2019T\u201d ha registrado m\u00faltiples funciones \u201csold out\u201d, consolidando su presencia en el circuito europeo de comedia.<\/p>\n<p style=\"text-align: justify\">El comediante continuar\u00e1 su gira con presentaciones en Londres y Madrid, esta \u00faltima ya con entradas agotadas, y proyecta grabar su primer especial de comedia en noviembre. Asimismo, prev\u00e9 regresar a Guayaquil en junio, donde compartir\u00e1 con el p\u00fablico local un show que ha madurado en escenarios internacionales, manteniendo su esencia y mirada sobre la experiencia migrante.<\/p>\n<p style=\"text-align: justify\">\n","protected":false},"excerpt":{"rendered":"<p>NOTI-AM\u00c9RICA | ECUADOR. El comediante guayaquile\u00f1o Ricardo Andrade Malo, conocido art\u00edsticamente como RRRRRRRRRRRRRAM, est\u00e1 llevando el humor ecuatoriano a escenarios de Europa, donde ha logrado presentaciones con localidades agotadas en varias ciudades. Su show&#46;&#46;&#46;<\/p>\n","protected":false},"author":144,"featured_media":37903,"comment_status":"open","ping_status":"open","sticky":false,"template":"","format":"standard","meta":{"_acf_changed":false,"om_disable_all_campaigns":false,"rop_custom_images_group":[],"rop_custom_messages_group":[],"rop_publish_now":"initial","rop_publish_now_accounts":{"twitter_242054905_242054905":""},"rop_publish_now_history":[],"rop_publish_now_status":"pending","_uf_show_specific_survey":0,"_uf_disable_surveys":false,"footnotes":""},"categories":[1],"tags":[],"class_list":["post-37902","post","type-post","status-publish","format-standard","has-post-thumbnail","hentry","category-uncategorized"],"acf":[],"aioseo_notices":[],"yoast_head":"<!-- This site is optimized with the Yoast SEO Premium plugin v24.9 (Yoast SEO v27.2) - https:\/\/yoast.com\/product\/yoast-seo-premium-wordpress\/ -->\n<title>Comediante ecuatoriano triunfa en Europa con shows \u201csold out\u201d - Ecuador | Noti-America.com<\/title>\n<meta name=\"robots\" content=\"index, follow, max-snippet:-1, max-image-preview:large, max-video-preview:-1\" \/>\n<link rel=\"canonical\" href=\"https:\/\/noti-america.com\/site\/ecuador\/2026\/04\/15\/comediante-ecuatoriano-triunfa-en-europa-con-shows-sold-out\/\" \/>\n<meta property=\"og:locale\" content=\"es_ES\" \/>\n<meta property=\"og:type\" content=\"article\" \/>\n<meta property=\"og:title\" content=\"Comediante ecuatoriano triunfa en Europa con shows \u201csold out\u201d\" \/>\n<meta property=\"og:description\" content=\"NOTI-AM\u00c9RICA | ECUADOR. El comediante guayaquile\u00f1o Ricardo Andrade Malo, conocido art\u00edsticamente como RRRRRRRRRRRRRAM, est\u00e1 llevando el humor ecuatoriano a escenarios de Europa, donde ha logrado presentaciones con localidades agotadas en varias ciudades. Su show&#046;&#046;&#046;\" \/>\n<meta property=\"og:url\" content=\"https:\/\/noti-america.com\/site\/ecuador\/2026\/04\/15\/comediante-ecuatoriano-triunfa-en-europa-con-shows-sold-out\/\" \/>\n<meta property=\"og:site_name\" content=\"Ecuador | Noti-America.com\" \/>\n<meta property=\"article:published_time\" content=\"2026-04-15T00:38:14+00:00\" \/>\n<meta property=\"og:image\" content=\"https:\/\/noti-america.com\/site\/ecuador\/wp-content\/uploads\/sites\/18\/2026\/04\/IMG-20260414-WA0425.jpg\" \/>\n\t<meta property=\"og:image:width\" content=\"1199\" \/>\n\t<meta property=\"og:image:height\" content=\"1599\" \/>\n\t<meta property=\"og:image:type\" content=\"image\/jpeg\" \/>\n<meta name=\"author\" content=\"Henry Garrido\" \/>\n<meta name=\"twitter:card\" content=\"summary_large_image\" \/>\n<meta name=\"twitter:creator\" content=\"@notiamerica\" \/>\n<meta name=\"twitter:site\" content=\"@notiamerica\" \/>\n<meta name=\"twitter:label1\" content=\"Escrito por\" \/>\n\t<meta name=\"twitter:data1\" content=\"Henry Garrido\" \/>\n\t<meta name=\"twitter:label2\" content=\"Tiempo estimado de lectura\" \/>\n\t<meta name=\"twitter:data2\" content=\"2 minutos\" \/>\n<script type=\"application\/ld+json\" class=\"yoast-schema-graph\">{\"@context\":\"https:\/\/schema.org\",\"@graph\":[{\"@type\":\"Article\",\"@id\":\"https:\/\/noti-america.com\/site\/ecuador\/2026\/04\/15\/comediante-ecuatoriano-triunfa-en-europa-con-shows-sold-out\/#article\",\"isPartOf\":{\"@id\":\"https:\/\/noti-america.com\/site\/ecuador\/2026\/04\/15\/comediante-ecuatoriano-triunfa-en-europa-con-shows-sold-out\/\"},\"author\":{\"name\":\"Henry Garrido\",\"@id\":\"https:\/\/noti-america.com\/site\/ecuador\/#\/schema\/person\/00042412cfa9ecf98077f847ffadda4a\"},\"headline\":\"Comediante ecuatoriano triunfa en Europa con shows \u201csold out\u201d\",\"datePublished\":\"2026-04-15T00:38:14+00:00\",\"mainEntityOfPage\":{\"@id\":\"https:\/\/noti-america.com\/site\/ecuador\/2026\/04\/15\/comediante-ecuatoriano-triunfa-en-europa-con-shows-sold-out\/\"},\"wordCount\":249,\"commentCount\":0,\"publisher\":{\"@id\":\"https:\/\/noti-america.com\/site\/ecuador\/#organization\"},\"image\":{\"@id\":\"https:\/\/noti-america.com\/site\/ecuador\/2026\/04\/15\/comediante-ecuatoriano-triunfa-en-europa-con-shows-sold-out\/#primaryimage\"},\"thumbnailUrl\":\"https:\/\/noti-america.com\/site\/ecuador\/wp-content\/uploads\/sites\/18\/2026\/04\/IMG-20260414-WA0425.jpg\",\"articleSection\":[\"Uncategorized\"],\"inLanguage\":\"es\",\"potentialAction\":[{\"@type\":\"CommentAction\",\"name\":\"Comment\",\"target\":[\"https:\/\/noti-america.com\/site\/ecuador\/2026\/04\/15\/comediante-ecuatoriano-triunfa-en-europa-con-shows-sold-out\/#respond\"]}]},{\"@type\":\"WebPage\",\"@id\":\"https:\/\/noti-america.com\/site\/ecuador\/2026\/04\/15\/comediante-ecuatoriano-triunfa-en-europa-con-shows-sold-out\/\",\"url\":\"https:\/\/noti-america.com\/site\/ecuador\/2026\/04\/15\/comediante-ecuatoriano-triunfa-en-europa-con-shows-sold-out\/\",\"name\":\"Comediante ecuatoriano triunfa en Europa con shows \u201csold out\u201d - Ecuador | Noti-America.com\",\"isPartOf\":{\"@id\":\"https:\/\/noti-america.com\/site\/ecuador\/#website\"},\"primaryImageOfPage\":{\"@id\":\"https:\/\/noti-america.com\/site\/ecuador\/2026\/04\/15\/comediante-ecuatoriano-triunfa-en-europa-con-shows-sold-out\/#primaryimage\"},\"image\":{\"@id\":\"https:\/\/noti-america.com\/site\/ecuador\/2026\/04\/15\/comediante-ecuatoriano-triunfa-en-europa-con-shows-sold-out\/#primaryimage\"},\"thumbnailUrl\":\"https:\/\/noti-america.com\/site\/ecuador\/wp-content\/uploads\/sites\/18\/2026\/04\/IMG-20260414-WA0425.jpg\",\"datePublished\":\"2026-04-15T00:38:14+00:00\",\"breadcrumb\":{\"@id\":\"https:\/\/noti-america.com\/site\/ecuador\/2026\/04\/15\/comediante-ecuatoriano-triunfa-en-europa-con-shows-sold-out\/#breadcrumb\"},\"inLanguage\":\"es\",\"potentialAction\":[{\"@type\":\"ReadAction\",\"target\":[\"https:\/\/noti-america.com\/site\/ecuador\/2026\/04\/15\/comediante-ecuatoriano-triunfa-en-europa-con-shows-sold-out\/\"]}]},{\"@type\":\"ImageObject\",\"inLanguage\":\"es\",\"@id\":\"https:\/\/noti-america.com\/site\/ecuador\/2026\/04\/15\/comediante-ecuatoriano-triunfa-en-europa-con-shows-sold-out\/#primaryimage\",\"url\":\"https:\/\/noti-america.com\/site\/ecuador\/wp-content\/uploads\/sites\/18\/2026\/04\/IMG-20260414-WA0425.jpg\",\"contentUrl\":\"https:\/\/noti-america.com\/site\/ecuador\/wp-content\/uploads\/sites\/18\/2026\/04\/IMG-20260414-WA0425.jpg\",\"width\":1199,\"height\":1599},{\"@type\":\"BreadcrumbList\",\"@id\":\"https:\/\/noti-america.com\/site\/ecuador\/2026\/04\/15\/comediante-ecuatoriano-triunfa-en-europa-con-shows-sold-out\/#breadcrumb\",\"itemListElement\":[{\"@type\":\"ListItem\",\"position\":1,\"name\":\"Portada\",\"item\":\"https:\/\/noti-america.com\/site\/ecuador\/\"},{\"@type\":\"ListItem\",\"position\":2,\"name\":\"Comediante ecuatoriano triunfa en Europa con shows \u201csold out\u201d\"}]},{\"@type\":\"WebSite\",\"@id\":\"https:\/\/noti-america.com\/site\/ecuador\/#website\",\"url\":\"https:\/\/noti-america.com\/site\/ecuador\/\",\"name\":\"Ecuador | Noti-America.com\",\"description\":\"\",\"publisher\":{\"@id\":\"https:\/\/noti-america.com\/site\/ecuador\/#organization\"},\"potentialAction\":[{\"@type\":\"SearchAction\",\"target\":{\"@type\":\"EntryPoint\",\"urlTemplate\":\"https:\/\/noti-america.com\/site\/ecuador\/?s={search_term_string}\"},\"query-input\":{\"@type\":\"PropertyValueSpecification\",\"valueRequired\":true,\"valueName\":\"search_term_string\"}}],\"inLanguage\":\"es\"},{\"@type\":\"Organization\",\"@id\":\"https:\/\/noti-america.com\/site\/ecuador\/#organization\",\"name\":\"Noti-America LLC | Ecuador\",\"url\":\"https:\/\/noti-america.com\/site\/ecuador\/\",\"logo\":{\"@type\":\"ImageObject\",\"inLanguage\":\"es\",\"@id\":\"https:\/\/noti-america.com\/site\/ecuador\/#\/schema\/logo\/image\/\",\"url\":\"https:\/\/noti-america.com\/site\/ecuador\/wp-content\/uploads\/sites\/18\/2020\/07\/LogoNA-4x3-1.jpg\",\"contentUrl\":\"https:\/\/noti-america.com\/site\/ecuador\/wp-content\/uploads\/sites\/18\/2020\/07\/LogoNA-4x3-1.jpg\",\"width\":1236,\"height\":1080,\"caption\":\"Noti-America LLC | Ecuador\"},\"image\":{\"@id\":\"https:\/\/noti-america.com\/site\/ecuador\/#\/schema\/logo\/image\/\"},\"sameAs\":[\"https:\/\/x.com\/notiamerica\"]},{\"@type\":\"Person\",\"@id\":\"https:\/\/noti-america.com\/site\/ecuador\/#\/schema\/person\/00042412cfa9ecf98077f847ffadda4a\",\"name\":\"Henry Garrido\",\"image\":{\"@type\":\"ImageObject\",\"inLanguage\":\"es\",\"@id\":\"https:\/\/secure.gravatar.com\/avatar\/749ae5a1e6f22cf042f04b9f3f0a22732ae36970ccfd5c54a0a2ac3c4e1166ed?s=96&d=mm&r=g\",\"url\":\"https:\/\/secure.gravatar.com\/avatar\/749ae5a1e6f22cf042f04b9f3f0a22732ae36970ccfd5c54a0a2ac3c4e1166ed?s=96&d=mm&r=g\",\"contentUrl\":\"https:\/\/secure.gravatar.com\/avatar\/749ae5a1e6f22cf042f04b9f3f0a22732ae36970ccfd5c54a0a2ac3c4e1166ed?s=96&d=mm&r=g\",\"caption\":\"Henry Garrido\"},\"url\":\"https:\/\/noti-america.com\/site\/ecuador\/author\/hgarrido\/\"}]}<\/script>\n<!-- \/ Yoast SEO Premium plugin. -->","yoast_head_json":{"title":"Comediante ecuatoriano triunfa en Europa con shows \u201csold out\u201d - Ecuador | Noti-America.com","robots":{"index":"index","follow":"follow","max-snippet":"max-snippet:-1","max-image-preview":"max-image-preview:large","max-video-preview":"max-video-preview:-1"},"canonical":"https:\/\/noti-america.com\/site\/ecuador\/2026\/04\/15\/comediante-ecuatoriano-triunfa-en-europa-con-shows-sold-out\/","og_locale":"es_ES","og_type":"article","og_title":"Comediante ecuatoriano triunfa en Europa con shows \u201csold out\u201d","og_description":"NOTI-AM\u00c9RICA | ECUADOR. El comediante guayaquile\u00f1o Ricardo Andrade Malo, conocido art\u00edsticamente como RRRRRRRRRRRRRAM, est\u00e1 llevando el humor ecuatoriano a escenarios de Europa, donde ha logrado presentaciones con localidades agotadas en varias ciudades. Su show&#46;&#46;&#46;","og_url":"https:\/\/noti-america.com\/site\/ecuador\/2026\/04\/15\/comediante-ecuatoriano-triunfa-en-europa-con-shows-sold-out\/","og_site_name":"Ecuador | Noti-America.com","article_published_time":"2026-04-15T00:38:14+00:00","og_image":[{"width":1199,"height":1599,"url":"https:\/\/noti-america.com\/site\/ecuador\/wp-content\/uploads\/sites\/18\/2026\/04\/IMG-20260414-WA0425.jpg","type":"image\/jpeg"}],"author":"Henry Garrido","twitter_card":"summary_large_image","twitter_creator":"@notiamerica","twitter_site":"@notiamerica","twitter_misc":{"Escrito por":"Henry Garrido","Tiempo estimado de lectura":"2 minutos"},"schema":{"@context":"https:\/\/schema.org","@graph":[{"@type":"Article","@id":"https:\/\/noti-america.com\/site\/ecuador\/2026\/04\/15\/comediante-ecuatoriano-triunfa-en-europa-con-shows-sold-out\/#article","isPartOf":{"@id":"https:\/\/noti-america.com\/site\/ecuador\/2026\/04\/15\/comediante-ecuatoriano-triunfa-en-europa-con-shows-sold-out\/"},"author":{"name":"Henry Garrido","@id":"https:\/\/noti-america.com\/site\/ecuador\/#\/schema\/person\/00042412cfa9ecf98077f847ffadda4a"},"headline":"Comediante ecuatoriano triunfa en Europa con shows \u201csold out\u201d","datePublished":"2026-04-15T00:38:14+00:00","mainEntityOfPage":{"@id":"https:\/\/noti-america.com\/site\/ecuador\/2026\/04\/15\/comediante-ecuatoriano-triunfa-en-europa-con-shows-sold-out\/"},"wordCount":249,"commentCount":0,"publisher":{"@id":"https:\/\/noti-america.com\/site\/ecuador\/#organization"},"image":{"@id":"https:\/\/noti-america.com\/site\/ecuador\/2026\/04\/15\/comediante-ecuatoriano-triunfa-en-europa-con-shows-sold-out\/#primaryimage"},"thumbnailUrl":"https:\/\/noti-america.com\/site\/ecuador\/wp-content\/uploads\/sites\/18\/2026\/04\/IMG-20260414-WA0425.jpg","articleSection":["Uncategorized"],"inLanguage":"es","potentialAction":[{"@type":"CommentAction","name":"Comment","target":["https:\/\/noti-america.com\/site\/ecuador\/2026\/04\/15\/comediante-ecuatoriano-triunfa-en-europa-con-shows-sold-out\/#respond"]}]},{"@type":"WebPage","@id":"https:\/\/noti-america.com\/site\/ecuador\/2026\/04\/15\/comediante-ecuatoriano-triunfa-en-europa-con-shows-sold-out\/","url":"https:\/\/noti-america.com\/site\/ecuador\/2026\/04\/15\/comediante-ecuatoriano-triunfa-en-europa-con-shows-sold-out\/","name":"Comediante ecuatoriano triunfa en Europa con shows \u201csold out\u201d - Ecuador | Noti-America.com","isPartOf":{"@id":"https:\/\/noti-america.com\/site\/ecuador\/#website"},"primaryImageOfPage":{"@id":"https:\/\/noti-america.com\/site\/ecuador\/2026\/04\/15\/comediante-ecuatoriano-triunfa-en-europa-con-shows-sold-out\/#primaryimage"},"image":{"@id":"https:\/\/noti-america.com\/site\/ecuador\/2026\/04\/15\/comediante-ecuatoriano-triunfa-en-europa-con-shows-sold-out\/#primaryimage"},"thumbnailUrl":"https:\/\/noti-america.com\/site\/ecuador\/wp-content\/uploads\/sites\/18\/2026\/04\/IMG-20260414-WA0425.jpg","datePublished":"2026-04-15T00:38:14+00:00","breadcrumb":{"@id":"https:\/\/noti-america.com\/site\/ecuador\/2026\/04\/15\/comediante-ecuatoriano-triunfa-en-europa-con-shows-sold-out\/#breadcrumb"},"inLanguage":"es","potentialAction":[{"@type":"ReadAction","target":["https:\/\/noti-america.com\/site\/ecuador\/2026\/04\/15\/comediante-ecuatoriano-triunfa-en-europa-con-shows-sold-out\/"]}]},{"@type":"ImageObject","inLanguage":"es","@id":"https:\/\/noti-america.com\/site\/ecuador\/2026\/04\/15\/comediante-ecuatoriano-triunfa-en-europa-con-shows-sold-out\/#primaryimage","url":"https:\/\/noti-america.com\/site\/ecuador\/wp-content\/uploads\/sites\/18\/2026\/04\/IMG-20260414-WA0425.jpg","contentUrl":"https:\/\/noti-america.com\/site\/ecuador\/wp-content\/uploads\/sites\/18\/2026\/04\/IMG-20260414-WA0425.jpg","width":1199,"height":1599},{"@type":"BreadcrumbList","@id":"https:\/\/noti-america.com\/site\/ecuador\/2026\/04\/15\/comediante-ecuatoriano-triunfa-en-europa-con-shows-sold-out\/#breadcrumb","itemListElement":[{"@type":"ListItem","position":1,"name":"Portada","item":"https:\/\/noti-america.com\/site\/ecuador\/"},{"@type":"ListItem","position":2,"name":"Comediante ecuatoriano triunfa en Europa con shows \u201csold out\u201d"}]},{"@type":"WebSite","@id":"https:\/\/noti-america.com\/site\/ecuador\/#website","url":"https:\/\/noti-america.com\/site\/ecuador\/","name":"Ecuador | Noti-America.com","description":"","publisher":{"@id":"https:\/\/noti-america.com\/site\/ecuador\/#organization"},"potentialAction":[{"@type":"SearchAction","target":{"@type":"EntryPoint","urlTemplate":"https:\/\/noti-america.com\/site\/ecuador\/?s={search_term_string}"},"query-input":{"@type":"PropertyValueSpecification","valueRequired":true,"valueName":"search_term_string"}}],"inLanguage":"es"},{"@type":"Organization","@id":"https:\/\/noti-america.com\/site\/ecuador\/#organization","name":"Noti-America LLC | Ecuador","url":"https:\/\/noti-america.com\/site\/ecuador\/","logo":{"@type":"ImageObject","inLanguage":"es","@id":"https:\/\/noti-america.com\/site\/ecuador\/#\/schema\/logo\/image\/","url":"https:\/\/noti-america.com\/site\/ecuador\/wp-content\/uploads\/sites\/18\/2020\/07\/LogoNA-4x3-1.jpg","contentUrl":"https:\/\/noti-america.com\/site\/ecuador\/wp-content\/uploads\/sites\/18\/2020\/07\/LogoNA-4x3-1.jpg","width":1236,"height":1080,"caption":"Noti-America LLC | Ecuador"},"image":{"@id":"https:\/\/noti-america.com\/site\/ecuador\/#\/schema\/logo\/image\/"},"sameAs":["https:\/\/x.com\/notiamerica"]},{"@type":"Person","@id":"https:\/\/noti-america.com\/site\/ecuador\/#\/schema\/person\/00042412cfa9ecf98077f847ffadda4a","name":"Henry Garrido","image":{"@type":"ImageObject","inLanguage":"es","@id":"https:\/\/secure.gravatar.com\/avatar\/749ae5a1e6f22cf042f04b9f3f0a22732ae36970ccfd5c54a0a2ac3c4e1166ed?s=96&d=mm&r=g","url":"https:\/\/secure.gravatar.com\/avatar\/749ae5a1e6f22cf042f04b9f3f0a22732ae36970ccfd5c54a0a2ac3c4e1166ed?s=96&d=mm&r=g","contentUrl":"https:\/\/secure.gravatar.com\/avatar\/749ae5a1e6f22cf042f04b9f3f0a22732ae36970ccfd5c54a0a2ac3c4e1166ed?s=96&d=mm&r=g","caption":"Henry Garrido"},"url":"https:\/\/noti-america.com\/site\/ecuador\/author\/hgarrido\/"}]}},"_links":{"self":[{"href":"https:\/\/noti-america.com\/site\/ecuador\/wp-json\/wp\/v2\/posts\/37902","targetHints":{"allow":["GET"]}}],"collection":[{"href":"https:\/\/noti-america.com\/site\/ecuador\/wp-json\/wp\/v2\/posts"}],"about":[{"href":"https:\/\/noti-america.com\/site\/ecuador\/wp-json\/wp\/v2\/types\/post"}],"author":[{"embeddable":true,"href":"https:\/\/noti-america.com\/site\/ecuador\/wp-json\/wp\/v2\/users\/144"}],"replies":[{"embeddable":true,"href":"https:\/\/noti-america.com\/site\/ecuador\/wp-json\/wp\/v2\/comments?post=37902"}],"version-history":[{"count":1,"href":"https:\/\/noti-america.com\/site\/ecuador\/wp-json\/wp\/v2\/posts\/37902\/revisions"}],"predecessor-version":[{"id":37904,"href":"https:\/\/noti-america.com\/site\/ecuador\/wp-json\/wp\/v2\/posts\/37902\/revisions\/37904"}],"wp:featuredmedia":[{"embeddable":true,"href":"https:\/\/noti-america.com\/site\/ecuador\/wp-json\/wp\/v2\/media\/37903"}],"wp:attachment":[{"href":"https:\/\/noti-america.com\/site\/ecuador\/wp-json\/wp\/v2\/media?parent=37902"}],"wp:term":[{"taxonomy":"category","embeddable":true,"href":"https:\/\/noti-america.com\/site\/ecuador\/wp-json\/wp\/v2\/categories?post=37902"},{"taxonomy":"post_tag","embeddable":true,"href":"https:\/\/noti-america.com\/site\/ecuador\/wp-json\/wp\/v2\/tags?post=37902"}],"curies":[{"name":"wp","href":"https:\/\/api.w.org\/{rel}","templated":true}]}}