{"id":37893,"date":"2026-04-15T00:20:03","date_gmt":"2026-04-15T00:20:03","guid":{"rendered":"https:\/\/noti-america.com\/site\/ecuador\/?p=37893"},"modified":"2026-04-15T00:20:03","modified_gmt":"2026-04-15T00:20:03","slug":"optimismo-empresarial-en-ecuador-pese-a-la-incertidumbre-global","status":"publish","type":"post","link":"https:\/\/noti-america.com\/site\/ecuador\/2026\/04\/15\/optimismo-empresarial-en-ecuador-pese-a-la-incertidumbre-global\/","title":{"rendered":"Optimismo empresarial en Ecuador pese a la incertidumbre global"},"content":{"rendered":"<p><strong>NOTI-AM\u00c9RICA | ECUADOR.<\/strong><\/p>\n<p style=\"text-align: justify\"><img loading=\"lazy\" decoding=\"async\" class=\"size-medium wp-image-37894 aligncenter\" src=\"https:\/\/noti-america.com\/site\/ecuador\/wp-content\/uploads\/sites\/18\/2026\/04\/IMG-20260414-WA0417-300x226.jpg\" alt=\"\" width=\"300\" height=\"226\" srcset=\"https:\/\/noti-america.com\/site\/ecuador\/wp-content\/uploads\/sites\/18\/2026\/04\/IMG-20260414-WA0417-300x226.jpg 300w, https:\/\/noti-america.com\/site\/ecuador\/wp-content\/uploads\/sites\/18\/2026\/04\/IMG-20260414-WA0417-1024x770.jpg 1024w, https:\/\/noti-america.com\/site\/ecuador\/wp-content\/uploads\/sites\/18\/2026\/04\/IMG-20260414-WA0417-768x578.jpg 768w, https:\/\/noti-america.com\/site\/ecuador\/wp-content\/uploads\/sites\/18\/2026\/04\/IMG-20260414-WA0417.jpg 1332w\" sizes=\"auto, (max-width: 300px) 100vw, 300px\" \/>La 29\u00aa Encuesta Global Anual de CEO de PwC Ecuador revela que, en medio de la incertidumbre econ\u00f3mica y los riesgos globales, los l\u00edderes empresariales del pa\u00eds est\u00e1n ajustando sus estrategias para competir en la era de la inteligencia artificial (IA). A diferencia del contexto mundial, donde la confianza ha disminuido, en Ecuador el 40% de los ejecutivos se muestra optimista respecto al crecimiento de sus ingresos en el corto plazo.<\/p>\n<p style=\"text-align: justify\">El informe destaca que la IA se consolida como un motor clave de transformaci\u00f3n. En el pa\u00eds, el 24% de los CEO reporta reducci\u00f3n de costos y el 26% incremento de ingresos gracias a esta tecnolog\u00eda, aunque cerca de la mitad de las empresas a\u00fan no percibe resultados concretos. Esto evidencia que el desaf\u00edo principal no es la adopci\u00f3n, sino la capacidad de escalar su implementaci\u00f3n y generar valor medible.<\/p>\n<p style=\"text-align: justify\">Asimismo, m\u00e1s del 40% de los ejecutivos se\u00f1ala que sus compa\u00f1\u00edas han incursionado en nuevos sectores en los \u00faltimos cinco a\u00f1os, reflejando una tendencia hacia la diversificaci\u00f3n y la reinvenci\u00f3n del negocio. Este enfoque est\u00e1 vinculado a mejores niveles de crecimiento y rentabilidad, especialmente en aquellas organizaciones que lideran procesos de transformaci\u00f3n.<\/p>\n<p style=\"text-align: justify\">Entre los principales riesgos identificados en Ecuador figuran la disrupci\u00f3n tecnol\u00f3gica, la volatilidad macroecon\u00f3mica y el cambio clim\u00e1tico, junto con brechas en la implementaci\u00f3n de innovaci\u00f3n. El estudio concluye que, en un entorno vol\u00e1til, el mayor riesgo es la inacci\u00f3n, por lo que avanzar en IA, innovaci\u00f3n y diversificaci\u00f3n se vuelve clave para sostener la competitividad empresarial.<\/p>\n<p style=\"text-align: justify\">\n","protected":false},"excerpt":{"rendered":"<p>NOTI-AM\u00c9RICA | ECUADOR. La 29\u00aa Encuesta Global Anual de CEO de PwC Ecuador revela que, en medio de la incertidumbre econ\u00f3mica y los riesgos globales, los l\u00edderes empresariales del pa\u00eds est\u00e1n ajustando sus estrategias&#46;&#46;&#46;<\/p>\n","protected":false},"author":144,"featured_media":37894,"comment_status":"open","ping_status":"open","sticky":false,"template":"","format":"standard","meta":{"_acf_changed":false,"om_disable_all_campaigns":false,"rop_custom_images_group":[],"rop_custom_messages_group":[],"rop_publish_now":"initial","rop_publish_now_accounts":{"twitter_242054905_242054905":""},"rop_publish_now_history":[],"rop_publish_now_status":"pending","_uf_show_specific_survey":0,"_uf_disable_surveys":false,"footnotes":""},"categories":[1],"tags":[],"class_list":["post-37893","post","type-post","status-publish","format-standard","has-post-thumbnail","hentry","category-uncategorized"],"acf":[],"aioseo_notices":[],"yoast_head":"<!-- This site is optimized with the Yoast SEO Premium plugin v24.9 (Yoast SEO v27.2) - https:\/\/yoast.com\/product\/yoast-seo-premium-wordpress\/ -->\n<title>Optimismo empresarial en Ecuador pese a la incertidumbre global - Ecuador | Noti-America.com<\/title>\n<meta name=\"robots\" content=\"index, follow, max-snippet:-1, max-image-preview:large, max-video-preview:-1\" \/>\n<link rel=\"canonical\" href=\"https:\/\/noti-america.com\/site\/ecuador\/2026\/04\/15\/optimismo-empresarial-en-ecuador-pese-a-la-incertidumbre-global\/\" \/>\n<meta property=\"og:locale\" content=\"es_ES\" \/>\n<meta property=\"og:type\" content=\"article\" \/>\n<meta property=\"og:title\" content=\"Optimismo empresarial en Ecuador pese a la incertidumbre global\" \/>\n<meta property=\"og:description\" content=\"NOTI-AM\u00c9RICA | ECUADOR. La 29\u00aa Encuesta Global Anual de CEO de PwC Ecuador revela que, en medio de la incertidumbre econ\u00f3mica y los riesgos globales, los l\u00edderes empresariales del pa\u00eds est\u00e1n ajustando sus estrategias&#046;&#046;&#046;\" \/>\n<meta property=\"og:url\" content=\"https:\/\/noti-america.com\/site\/ecuador\/2026\/04\/15\/optimismo-empresarial-en-ecuador-pese-a-la-incertidumbre-global\/\" \/>\n<meta property=\"og:site_name\" content=\"Ecuador | Noti-America.com\" \/>\n<meta property=\"article:published_time\" content=\"2026-04-15T00:20:03+00:00\" \/>\n<meta property=\"og:image\" content=\"https:\/\/noti-america.com\/site\/ecuador\/wp-content\/uploads\/sites\/18\/2026\/04\/IMG-20260414-WA0417.jpg\" \/>\n\t<meta property=\"og:image:width\" content=\"1332\" \/>\n\t<meta property=\"og:image:height\" content=\"1002\" \/>\n\t<meta property=\"og:image:type\" content=\"image\/jpeg\" \/>\n<meta name=\"author\" content=\"Henry Garrido\" \/>\n<meta name=\"twitter:card\" content=\"summary_large_image\" \/>\n<meta name=\"twitter:creator\" content=\"@notiamerica\" \/>\n<meta name=\"twitter:site\" content=\"@notiamerica\" \/>\n<meta name=\"twitter:label1\" content=\"Escrito por\" \/>\n\t<meta name=\"twitter:data1\" content=\"Henry Garrido\" \/>\n\t<meta name=\"twitter:label2\" content=\"Tiempo estimado de lectura\" \/>\n\t<meta name=\"twitter:data2\" content=\"2 minutos\" \/>\n<script type=\"application\/ld+json\" class=\"yoast-schema-graph\">{\"@context\":\"https:\/\/schema.org\",\"@graph\":[{\"@type\":\"Article\",\"@id\":\"https:\/\/noti-america.com\/site\/ecuador\/2026\/04\/15\/optimismo-empresarial-en-ecuador-pese-a-la-incertidumbre-global\/#article\",\"isPartOf\":{\"@id\":\"https:\/\/noti-america.com\/site\/ecuador\/2026\/04\/15\/optimismo-empresarial-en-ecuador-pese-a-la-incertidumbre-global\/\"},\"author\":{\"name\":\"Henry Garrido\",\"@id\":\"https:\/\/noti-america.com\/site\/ecuador\/#\/schema\/person\/00042412cfa9ecf98077f847ffadda4a\"},\"headline\":\"Optimismo empresarial en Ecuador pese a la incertidumbre global\",\"datePublished\":\"2026-04-15T00:20:03+00:00\",\"mainEntityOfPage\":{\"@id\":\"https:\/\/noti-america.com\/site\/ecuador\/2026\/04\/15\/optimismo-empresarial-en-ecuador-pese-a-la-incertidumbre-global\/\"},\"wordCount\":286,\"commentCount\":0,\"publisher\":{\"@id\":\"https:\/\/noti-america.com\/site\/ecuador\/#organization\"},\"image\":{\"@id\":\"https:\/\/noti-america.com\/site\/ecuador\/2026\/04\/15\/optimismo-empresarial-en-ecuador-pese-a-la-incertidumbre-global\/#primaryimage\"},\"thumbnailUrl\":\"https:\/\/noti-america.com\/site\/ecuador\/wp-content\/uploads\/sites\/18\/2026\/04\/IMG-20260414-WA0417.jpg\",\"articleSection\":[\"Uncategorized\"],\"inLanguage\":\"es\",\"potentialAction\":[{\"@type\":\"CommentAction\",\"name\":\"Comment\",\"target\":[\"https:\/\/noti-america.com\/site\/ecuador\/2026\/04\/15\/optimismo-empresarial-en-ecuador-pese-a-la-incertidumbre-global\/#respond\"]}]},{\"@type\":\"WebPage\",\"@id\":\"https:\/\/noti-america.com\/site\/ecuador\/2026\/04\/15\/optimismo-empresarial-en-ecuador-pese-a-la-incertidumbre-global\/\",\"url\":\"https:\/\/noti-america.com\/site\/ecuador\/2026\/04\/15\/optimismo-empresarial-en-ecuador-pese-a-la-incertidumbre-global\/\",\"name\":\"Optimismo empresarial en Ecuador pese a la incertidumbre global - Ecuador | Noti-America.com\",\"isPartOf\":{\"@id\":\"https:\/\/noti-america.com\/site\/ecuador\/#website\"},\"primaryImageOfPage\":{\"@id\":\"https:\/\/noti-america.com\/site\/ecuador\/2026\/04\/15\/optimismo-empresarial-en-ecuador-pese-a-la-incertidumbre-global\/#primaryimage\"},\"image\":{\"@id\":\"https:\/\/noti-america.com\/site\/ecuador\/2026\/04\/15\/optimismo-empresarial-en-ecuador-pese-a-la-incertidumbre-global\/#primaryimage\"},\"thumbnailUrl\":\"https:\/\/noti-america.com\/site\/ecuador\/wp-content\/uploads\/sites\/18\/2026\/04\/IMG-20260414-WA0417.jpg\",\"datePublished\":\"2026-04-15T00:20:03+00:00\",\"breadcrumb\":{\"@id\":\"https:\/\/noti-america.com\/site\/ecuador\/2026\/04\/15\/optimismo-empresarial-en-ecuador-pese-a-la-incertidumbre-global\/#breadcrumb\"},\"inLanguage\":\"es\",\"potentialAction\":[{\"@type\":\"ReadAction\",\"target\":[\"https:\/\/noti-america.com\/site\/ecuador\/2026\/04\/15\/optimismo-empresarial-en-ecuador-pese-a-la-incertidumbre-global\/\"]}]},{\"@type\":\"ImageObject\",\"inLanguage\":\"es\",\"@id\":\"https:\/\/noti-america.com\/site\/ecuador\/2026\/04\/15\/optimismo-empresarial-en-ecuador-pese-a-la-incertidumbre-global\/#primaryimage\",\"url\":\"https:\/\/noti-america.com\/site\/ecuador\/wp-content\/uploads\/sites\/18\/2026\/04\/IMG-20260414-WA0417.jpg\",\"contentUrl\":\"https:\/\/noti-america.com\/site\/ecuador\/wp-content\/uploads\/sites\/18\/2026\/04\/IMG-20260414-WA0417.jpg\",\"width\":1332,\"height\":1002},{\"@type\":\"BreadcrumbList\",\"@id\":\"https:\/\/noti-america.com\/site\/ecuador\/2026\/04\/15\/optimismo-empresarial-en-ecuador-pese-a-la-incertidumbre-global\/#breadcrumb\",\"itemListElement\":[{\"@type\":\"ListItem\",\"position\":1,\"name\":\"Portada\",\"item\":\"https:\/\/noti-america.com\/site\/ecuador\/\"},{\"@type\":\"ListItem\",\"position\":2,\"name\":\"Optimismo empresarial en Ecuador pese a la incertidumbre global\"}]},{\"@type\":\"WebSite\",\"@id\":\"https:\/\/noti-america.com\/site\/ecuador\/#website\",\"url\":\"https:\/\/noti-america.com\/site\/ecuador\/\",\"name\":\"Ecuador | Noti-America.com\",\"description\":\"\",\"publisher\":{\"@id\":\"https:\/\/noti-america.com\/site\/ecuador\/#organization\"},\"potentialAction\":[{\"@type\":\"SearchAction\",\"target\":{\"@type\":\"EntryPoint\",\"urlTemplate\":\"https:\/\/noti-america.com\/site\/ecuador\/?s={search_term_string}\"},\"query-input\":{\"@type\":\"PropertyValueSpecification\",\"valueRequired\":true,\"valueName\":\"search_term_string\"}}],\"inLanguage\":\"es\"},{\"@type\":\"Organization\",\"@id\":\"https:\/\/noti-america.com\/site\/ecuador\/#organization\",\"name\":\"Noti-America LLC | Ecuador\",\"url\":\"https:\/\/noti-america.com\/site\/ecuador\/\",\"logo\":{\"@type\":\"ImageObject\",\"inLanguage\":\"es\",\"@id\":\"https:\/\/noti-america.com\/site\/ecuador\/#\/schema\/logo\/image\/\",\"url\":\"https:\/\/noti-america.com\/site\/ecuador\/wp-content\/uploads\/sites\/18\/2020\/07\/LogoNA-4x3-1.jpg\",\"contentUrl\":\"https:\/\/noti-america.com\/site\/ecuador\/wp-content\/uploads\/sites\/18\/2020\/07\/LogoNA-4x3-1.jpg\",\"width\":1236,\"height\":1080,\"caption\":\"Noti-America LLC | Ecuador\"},\"image\":{\"@id\":\"https:\/\/noti-america.com\/site\/ecuador\/#\/schema\/logo\/image\/\"},\"sameAs\":[\"https:\/\/x.com\/notiamerica\"]},{\"@type\":\"Person\",\"@id\":\"https:\/\/noti-america.com\/site\/ecuador\/#\/schema\/person\/00042412cfa9ecf98077f847ffadda4a\",\"name\":\"Henry Garrido\",\"image\":{\"@type\":\"ImageObject\",\"inLanguage\":\"es\",\"@id\":\"https:\/\/secure.gravatar.com\/avatar\/749ae5a1e6f22cf042f04b9f3f0a22732ae36970ccfd5c54a0a2ac3c4e1166ed?s=96&d=mm&r=g\",\"url\":\"https:\/\/secure.gravatar.com\/avatar\/749ae5a1e6f22cf042f04b9f3f0a22732ae36970ccfd5c54a0a2ac3c4e1166ed?s=96&d=mm&r=g\",\"contentUrl\":\"https:\/\/secure.gravatar.com\/avatar\/749ae5a1e6f22cf042f04b9f3f0a22732ae36970ccfd5c54a0a2ac3c4e1166ed?s=96&d=mm&r=g\",\"caption\":\"Henry Garrido\"},\"url\":\"https:\/\/noti-america.com\/site\/ecuador\/author\/hgarrido\/\"}]}<\/script>\n<!-- \/ Yoast SEO Premium plugin. -->","yoast_head_json":{"title":"Optimismo empresarial en Ecuador pese a la incertidumbre global - Ecuador | Noti-America.com","robots":{"index":"index","follow":"follow","max-snippet":"max-snippet:-1","max-image-preview":"max-image-preview:large","max-video-preview":"max-video-preview:-1"},"canonical":"https:\/\/noti-america.com\/site\/ecuador\/2026\/04\/15\/optimismo-empresarial-en-ecuador-pese-a-la-incertidumbre-global\/","og_locale":"es_ES","og_type":"article","og_title":"Optimismo empresarial en Ecuador pese a la incertidumbre global","og_description":"NOTI-AM\u00c9RICA | ECUADOR. La 29\u00aa Encuesta Global Anual de CEO de PwC Ecuador revela que, en medio de la incertidumbre econ\u00f3mica y los riesgos globales, los l\u00edderes empresariales del pa\u00eds est\u00e1n ajustando sus estrategias&#46;&#46;&#46;","og_url":"https:\/\/noti-america.com\/site\/ecuador\/2026\/04\/15\/optimismo-empresarial-en-ecuador-pese-a-la-incertidumbre-global\/","og_site_name":"Ecuador | Noti-America.com","article_published_time":"2026-04-15T00:20:03+00:00","og_image":[{"width":1332,"height":1002,"url":"https:\/\/noti-america.com\/site\/ecuador\/wp-content\/uploads\/sites\/18\/2026\/04\/IMG-20260414-WA0417.jpg","type":"image\/jpeg"}],"author":"Henry Garrido","twitter_card":"summary_large_image","twitter_creator":"@notiamerica","twitter_site":"@notiamerica","twitter_misc":{"Escrito por":"Henry Garrido","Tiempo estimado de lectura":"2 minutos"},"schema":{"@context":"https:\/\/schema.org","@graph":[{"@type":"Article","@id":"https:\/\/noti-america.com\/site\/ecuador\/2026\/04\/15\/optimismo-empresarial-en-ecuador-pese-a-la-incertidumbre-global\/#article","isPartOf":{"@id":"https:\/\/noti-america.com\/site\/ecuador\/2026\/04\/15\/optimismo-empresarial-en-ecuador-pese-a-la-incertidumbre-global\/"},"author":{"name":"Henry Garrido","@id":"https:\/\/noti-america.com\/site\/ecuador\/#\/schema\/person\/00042412cfa9ecf98077f847ffadda4a"},"headline":"Optimismo empresarial en Ecuador pese a la incertidumbre global","datePublished":"2026-04-15T00:20:03+00:00","mainEntityOfPage":{"@id":"https:\/\/noti-america.com\/site\/ecuador\/2026\/04\/15\/optimismo-empresarial-en-ecuador-pese-a-la-incertidumbre-global\/"},"wordCount":286,"commentCount":0,"publisher":{"@id":"https:\/\/noti-america.com\/site\/ecuador\/#organization"},"image":{"@id":"https:\/\/noti-america.com\/site\/ecuador\/2026\/04\/15\/optimismo-empresarial-en-ecuador-pese-a-la-incertidumbre-global\/#primaryimage"},"thumbnailUrl":"https:\/\/noti-america.com\/site\/ecuador\/wp-content\/uploads\/sites\/18\/2026\/04\/IMG-20260414-WA0417.jpg","articleSection":["Uncategorized"],"inLanguage":"es","potentialAction":[{"@type":"CommentAction","name":"Comment","target":["https:\/\/noti-america.com\/site\/ecuador\/2026\/04\/15\/optimismo-empresarial-en-ecuador-pese-a-la-incertidumbre-global\/#respond"]}]},{"@type":"WebPage","@id":"https:\/\/noti-america.com\/site\/ecuador\/2026\/04\/15\/optimismo-empresarial-en-ecuador-pese-a-la-incertidumbre-global\/","url":"https:\/\/noti-america.com\/site\/ecuador\/2026\/04\/15\/optimismo-empresarial-en-ecuador-pese-a-la-incertidumbre-global\/","name":"Optimismo empresarial en Ecuador pese a la incertidumbre global - Ecuador | Noti-America.com","isPartOf":{"@id":"https:\/\/noti-america.com\/site\/ecuador\/#website"},"primaryImageOfPage":{"@id":"https:\/\/noti-america.com\/site\/ecuador\/2026\/04\/15\/optimismo-empresarial-en-ecuador-pese-a-la-incertidumbre-global\/#primaryimage"},"image":{"@id":"https:\/\/noti-america.com\/site\/ecuador\/2026\/04\/15\/optimismo-empresarial-en-ecuador-pese-a-la-incertidumbre-global\/#primaryimage"},"thumbnailUrl":"https:\/\/noti-america.com\/site\/ecuador\/wp-content\/uploads\/sites\/18\/2026\/04\/IMG-20260414-WA0417.jpg","datePublished":"2026-04-15T00:20:03+00:00","breadcrumb":{"@id":"https:\/\/noti-america.com\/site\/ecuador\/2026\/04\/15\/optimismo-empresarial-en-ecuador-pese-a-la-incertidumbre-global\/#breadcrumb"},"inLanguage":"es","potentialAction":[{"@type":"ReadAction","target":["https:\/\/noti-america.com\/site\/ecuador\/2026\/04\/15\/optimismo-empresarial-en-ecuador-pese-a-la-incertidumbre-global\/"]}]},{"@type":"ImageObject","inLanguage":"es","@id":"https:\/\/noti-america.com\/site\/ecuador\/2026\/04\/15\/optimismo-empresarial-en-ecuador-pese-a-la-incertidumbre-global\/#primaryimage","url":"https:\/\/noti-america.com\/site\/ecuador\/wp-content\/uploads\/sites\/18\/2026\/04\/IMG-20260414-WA0417.jpg","contentUrl":"https:\/\/noti-america.com\/site\/ecuador\/wp-content\/uploads\/sites\/18\/2026\/04\/IMG-20260414-WA0417.jpg","width":1332,"height":1002},{"@type":"BreadcrumbList","@id":"https:\/\/noti-america.com\/site\/ecuador\/2026\/04\/15\/optimismo-empresarial-en-ecuador-pese-a-la-incertidumbre-global\/#breadcrumb","itemListElement":[{"@type":"ListItem","position":1,"name":"Portada","item":"https:\/\/noti-america.com\/site\/ecuador\/"},{"@type":"ListItem","position":2,"name":"Optimismo empresarial en Ecuador pese a la incertidumbre global"}]},{"@type":"WebSite","@id":"https:\/\/noti-america.com\/site\/ecuador\/#website","url":"https:\/\/noti-america.com\/site\/ecuador\/","name":"Ecuador | Noti-America.com","description":"","publisher":{"@id":"https:\/\/noti-america.com\/site\/ecuador\/#organization"},"potentialAction":[{"@type":"SearchAction","target":{"@type":"EntryPoint","urlTemplate":"https:\/\/noti-america.com\/site\/ecuador\/?s={search_term_string}"},"query-input":{"@type":"PropertyValueSpecification","valueRequired":true,"valueName":"search_term_string"}}],"inLanguage":"es"},{"@type":"Organization","@id":"https:\/\/noti-america.com\/site\/ecuador\/#organization","name":"Noti-America LLC | Ecuador","url":"https:\/\/noti-america.com\/site\/ecuador\/","logo":{"@type":"ImageObject","inLanguage":"es","@id":"https:\/\/noti-america.com\/site\/ecuador\/#\/schema\/logo\/image\/","url":"https:\/\/noti-america.com\/site\/ecuador\/wp-content\/uploads\/sites\/18\/2020\/07\/LogoNA-4x3-1.jpg","contentUrl":"https:\/\/noti-america.com\/site\/ecuador\/wp-content\/uploads\/sites\/18\/2020\/07\/LogoNA-4x3-1.jpg","width":1236,"height":1080,"caption":"Noti-America LLC | Ecuador"},"image":{"@id":"https:\/\/noti-america.com\/site\/ecuador\/#\/schema\/logo\/image\/"},"sameAs":["https:\/\/x.com\/notiamerica"]},{"@type":"Person","@id":"https:\/\/noti-america.com\/site\/ecuador\/#\/schema\/person\/00042412cfa9ecf98077f847ffadda4a","name":"Henry Garrido","image":{"@type":"ImageObject","inLanguage":"es","@id":"https:\/\/secure.gravatar.com\/avatar\/749ae5a1e6f22cf042f04b9f3f0a22732ae36970ccfd5c54a0a2ac3c4e1166ed?s=96&d=mm&r=g","url":"https:\/\/secure.gravatar.com\/avatar\/749ae5a1e6f22cf042f04b9f3f0a22732ae36970ccfd5c54a0a2ac3c4e1166ed?s=96&d=mm&r=g","contentUrl":"https:\/\/secure.gravatar.com\/avatar\/749ae5a1e6f22cf042f04b9f3f0a22732ae36970ccfd5c54a0a2ac3c4e1166ed?s=96&d=mm&r=g","caption":"Henry Garrido"},"url":"https:\/\/noti-america.com\/site\/ecuador\/author\/hgarrido\/"}]}},"_links":{"self":[{"href":"https:\/\/noti-america.com\/site\/ecuador\/wp-json\/wp\/v2\/posts\/37893","targetHints":{"allow":["GET"]}}],"collection":[{"href":"https:\/\/noti-america.com\/site\/ecuador\/wp-json\/wp\/v2\/posts"}],"about":[{"href":"https:\/\/noti-america.com\/site\/ecuador\/wp-json\/wp\/v2\/types\/post"}],"author":[{"embeddable":true,"href":"https:\/\/noti-america.com\/site\/ecuador\/wp-json\/wp\/v2\/users\/144"}],"replies":[{"embeddable":true,"href":"https:\/\/noti-america.com\/site\/ecuador\/wp-json\/wp\/v2\/comments?post=37893"}],"version-history":[{"count":1,"href":"https:\/\/noti-america.com\/site\/ecuador\/wp-json\/wp\/v2\/posts\/37893\/revisions"}],"predecessor-version":[{"id":37895,"href":"https:\/\/noti-america.com\/site\/ecuador\/wp-json\/wp\/v2\/posts\/37893\/revisions\/37895"}],"wp:featuredmedia":[{"embeddable":true,"href":"https:\/\/noti-america.com\/site\/ecuador\/wp-json\/wp\/v2\/media\/37894"}],"wp:attachment":[{"href":"https:\/\/noti-america.com\/site\/ecuador\/wp-json\/wp\/v2\/media?parent=37893"}],"wp:term":[{"taxonomy":"category","embeddable":true,"href":"https:\/\/noti-america.com\/site\/ecuador\/wp-json\/wp\/v2\/categories?post=37893"},{"taxonomy":"post_tag","embeddable":true,"href":"https:\/\/noti-america.com\/site\/ecuador\/wp-json\/wp\/v2\/tags?post=37893"}],"curies":[{"name":"wp","href":"https:\/\/api.w.org\/{rel}","templated":true}]}}