{"id":37890,"date":"2026-04-15T00:14:43","date_gmt":"2026-04-15T00:14:43","guid":{"rendered":"https:\/\/noti-america.com\/site\/ecuador\/?p=37890"},"modified":"2026-04-15T00:14:43","modified_gmt":"2026-04-15T00:14:43","slug":"santillana-impulsa-congreso-internacional-de-educacion-inclusiva","status":"publish","type":"post","link":"https:\/\/noti-america.com\/site\/ecuador\/2026\/04\/15\/santillana-impulsa-congreso-internacional-de-educacion-inclusiva\/","title":{"rendered":"Santillana impulsa congreso internacional de educaci\u00f3n inclusiva"},"content":{"rendered":"<p><strong>NOTI-AM\u00c9RICA | ECUADOR.<\/strong><\/p>\n<p style=\"text-align: justify\"><img loading=\"lazy\" decoding=\"async\" class=\"size-medium wp-image-37891 aligncenter\" src=\"https:\/\/noti-america.com\/site\/ecuador\/wp-content\/uploads\/sites\/18\/2026\/04\/IMG-20260412-WA0076-300x169.jpg\" alt=\"\" width=\"300\" height=\"169\" srcset=\"https:\/\/noti-america.com\/site\/ecuador\/wp-content\/uploads\/sites\/18\/2026\/04\/IMG-20260412-WA0076-300x169.jpg 300w, https:\/\/noti-america.com\/site\/ecuador\/wp-content\/uploads\/sites\/18\/2026\/04\/IMG-20260412-WA0076-1024x576.jpg 1024w, https:\/\/noti-america.com\/site\/ecuador\/wp-content\/uploads\/sites\/18\/2026\/04\/IMG-20260412-WA0076-768x432.jpg 768w, https:\/\/noti-america.com\/site\/ecuador\/wp-content\/uploads\/sites\/18\/2026\/04\/IMG-20260412-WA0076-1536x863.jpg 1536w, https:\/\/noti-america.com\/site\/ecuador\/wp-content\/uploads\/sites\/18\/2026\/04\/IMG-20260412-WA0076.jpg 1569w\" sizes=\"auto, (max-width: 300px) 100vw, 300px\" \/>La editorial Santillana anunci\u00f3 la realizaci\u00f3n de la cuarta edici\u00f3n de su Congreso Internacional de Educaci\u00f3n Inclusiva, que se llevar\u00e1 a cabo los d\u00edas 22 y 23 de abril. El evento, dirigido a docentes y directivos de toda Am\u00e9rica Latina, busca promover una inclusi\u00f3n real y sostenible en las aulas mediante espacios de reflexi\u00f3n y aprendizaje.<\/p>\n<p style=\"text-align: justify\">El congreso cuenta con el respaldo de organizaciones como la UNESCO, Fundaci\u00f3n Santillana, UNIR, Smart Tech y la Confederaci\u00f3n Interamericana de Educaci\u00f3n Cat\u00f3lica (CIEC). A trav\u00e9s de conferencias y conversatorios, se compartir\u00e1n herramientas pr\u00e1cticas, experiencias y enfoques pedag\u00f3gicos orientados a responder a la creciente diversidad en el entorno educativo.<\/p>\n<p style=\"text-align: justify\">Bajo el lema \u201cCuidar al docente para atender la diversidad\u201d, esta edici\u00f3n pone \u00e9nfasis en el bienestar del profesorado como base fundamental para lograr una educaci\u00f3n inclusiva. El 22 de abril se abordar\u00e1n los desaf\u00edos emocionales y profesionales que enfrentan los docentes, mientras que el 23 de abril se enfocar\u00e1 en estrategias y recursos aplicables en el aula, con la participaci\u00f3n de expertos internacionales en educaci\u00f3n y diversidad.<\/p>\n<p style=\"text-align: justify\">El encuentro, que en su \u00faltima edici\u00f3n reuni\u00f3 a m\u00e1s de 37.500 inscritos, se desarrollar\u00e1 de forma virtual y contar\u00e1 con transmisi\u00f3n en espa\u00f1ol y traducci\u00f3n simult\u00e1nea al portugu\u00e9s. Seg\u00fan Alberto Polanco, CEO de Santillana, este tipo de iniciativas contribuyen a fortalecer las capacidades del sector educativo y a construir sociedades m\u00e1s justas que valoren la diversidad.<\/p>\n<p style=\"text-align: justify\">\n","protected":false},"excerpt":{"rendered":"<p>NOTI-AM\u00c9RICA | ECUADOR. La editorial Santillana anunci\u00f3 la realizaci\u00f3n de la cuarta edici\u00f3n de su Congreso Internacional de Educaci\u00f3n Inclusiva, que se llevar\u00e1 a cabo los d\u00edas 22 y 23 de abril. El evento,&#46;&#46;&#46;<\/p>\n","protected":false},"author":144,"featured_media":37891,"comment_status":"open","ping_status":"open","sticky":false,"template":"","format":"standard","meta":{"_acf_changed":false,"om_disable_all_campaigns":false,"rop_custom_images_group":[],"rop_custom_messages_group":[],"rop_publish_now":"initial","rop_publish_now_accounts":{"twitter_242054905_242054905":""},"rop_publish_now_history":[],"rop_publish_now_status":"pending","_uf_show_specific_survey":0,"_uf_disable_surveys":false,"footnotes":""},"categories":[1],"tags":[],"class_list":["post-37890","post","type-post","status-publish","format-standard","has-post-thumbnail","hentry","category-uncategorized"],"acf":[],"aioseo_notices":[],"yoast_head":"<!-- This site is optimized with the Yoast SEO Premium plugin v24.9 (Yoast SEO v27.2) - https:\/\/yoast.com\/product\/yoast-seo-premium-wordpress\/ -->\n<title>Santillana impulsa congreso internacional de educaci\u00f3n inclusiva - Ecuador | Noti-America.com<\/title>\n<meta name=\"robots\" content=\"index, follow, max-snippet:-1, max-image-preview:large, max-video-preview:-1\" \/>\n<link rel=\"canonical\" href=\"https:\/\/noti-america.com\/site\/ecuador\/2026\/04\/15\/santillana-impulsa-congreso-internacional-de-educacion-inclusiva\/\" \/>\n<meta property=\"og:locale\" content=\"es_ES\" \/>\n<meta property=\"og:type\" content=\"article\" \/>\n<meta property=\"og:title\" content=\"Santillana impulsa congreso internacional de educaci\u00f3n inclusiva\" \/>\n<meta property=\"og:description\" content=\"NOTI-AM\u00c9RICA | ECUADOR. La editorial Santillana anunci\u00f3 la realizaci\u00f3n de la cuarta edici\u00f3n de su Congreso Internacional de Educaci\u00f3n Inclusiva, que se llevar\u00e1 a cabo los d\u00edas 22 y 23 de abril. El evento,&#046;&#046;&#046;\" \/>\n<meta property=\"og:url\" content=\"https:\/\/noti-america.com\/site\/ecuador\/2026\/04\/15\/santillana-impulsa-congreso-internacional-de-educacion-inclusiva\/\" \/>\n<meta property=\"og:site_name\" content=\"Ecuador | Noti-America.com\" \/>\n<meta property=\"article:published_time\" content=\"2026-04-15T00:14:43+00:00\" \/>\n<meta property=\"og:image\" content=\"https:\/\/noti-america.com\/site\/ecuador\/wp-content\/uploads\/sites\/18\/2026\/04\/IMG-20260412-WA0076.jpg\" \/>\n\t<meta property=\"og:image:width\" content=\"1569\" \/>\n\t<meta property=\"og:image:height\" content=\"882\" \/>\n\t<meta property=\"og:image:type\" content=\"image\/jpeg\" \/>\n<meta name=\"author\" content=\"Henry Garrido\" \/>\n<meta name=\"twitter:card\" content=\"summary_large_image\" \/>\n<meta name=\"twitter:creator\" content=\"@notiamerica\" \/>\n<meta name=\"twitter:site\" content=\"@notiamerica\" \/>\n<meta name=\"twitter:label1\" content=\"Escrito por\" \/>\n\t<meta name=\"twitter:data1\" content=\"Henry Garrido\" \/>\n\t<meta name=\"twitter:label2\" content=\"Tiempo estimado de lectura\" \/>\n\t<meta name=\"twitter:data2\" content=\"2 minutos\" \/>\n<script type=\"application\/ld+json\" class=\"yoast-schema-graph\">{\"@context\":\"https:\/\/schema.org\",\"@graph\":[{\"@type\":\"Article\",\"@id\":\"https:\/\/noti-america.com\/site\/ecuador\/2026\/04\/15\/santillana-impulsa-congreso-internacional-de-educacion-inclusiva\/#article\",\"isPartOf\":{\"@id\":\"https:\/\/noti-america.com\/site\/ecuador\/2026\/04\/15\/santillana-impulsa-congreso-internacional-de-educacion-inclusiva\/\"},\"author\":{\"name\":\"Henry Garrido\",\"@id\":\"https:\/\/noti-america.com\/site\/ecuador\/#\/schema\/person\/00042412cfa9ecf98077f847ffadda4a\"},\"headline\":\"Santillana impulsa congreso internacional de educaci\u00f3n inclusiva\",\"datePublished\":\"2026-04-15T00:14:43+00:00\",\"mainEntityOfPage\":{\"@id\":\"https:\/\/noti-america.com\/site\/ecuador\/2026\/04\/15\/santillana-impulsa-congreso-internacional-de-educacion-inclusiva\/\"},\"wordCount\":266,\"commentCount\":0,\"publisher\":{\"@id\":\"https:\/\/noti-america.com\/site\/ecuador\/#organization\"},\"image\":{\"@id\":\"https:\/\/noti-america.com\/site\/ecuador\/2026\/04\/15\/santillana-impulsa-congreso-internacional-de-educacion-inclusiva\/#primaryimage\"},\"thumbnailUrl\":\"https:\/\/noti-america.com\/site\/ecuador\/wp-content\/uploads\/sites\/18\/2026\/04\/IMG-20260412-WA0076.jpg\",\"articleSection\":[\"Uncategorized\"],\"inLanguage\":\"es\",\"potentialAction\":[{\"@type\":\"CommentAction\",\"name\":\"Comment\",\"target\":[\"https:\/\/noti-america.com\/site\/ecuador\/2026\/04\/15\/santillana-impulsa-congreso-internacional-de-educacion-inclusiva\/#respond\"]}]},{\"@type\":\"WebPage\",\"@id\":\"https:\/\/noti-america.com\/site\/ecuador\/2026\/04\/15\/santillana-impulsa-congreso-internacional-de-educacion-inclusiva\/\",\"url\":\"https:\/\/noti-america.com\/site\/ecuador\/2026\/04\/15\/santillana-impulsa-congreso-internacional-de-educacion-inclusiva\/\",\"name\":\"Santillana impulsa congreso internacional de educaci\u00f3n inclusiva - Ecuador | Noti-America.com\",\"isPartOf\":{\"@id\":\"https:\/\/noti-america.com\/site\/ecuador\/#website\"},\"primaryImageOfPage\":{\"@id\":\"https:\/\/noti-america.com\/site\/ecuador\/2026\/04\/15\/santillana-impulsa-congreso-internacional-de-educacion-inclusiva\/#primaryimage\"},\"image\":{\"@id\":\"https:\/\/noti-america.com\/site\/ecuador\/2026\/04\/15\/santillana-impulsa-congreso-internacional-de-educacion-inclusiva\/#primaryimage\"},\"thumbnailUrl\":\"https:\/\/noti-america.com\/site\/ecuador\/wp-content\/uploads\/sites\/18\/2026\/04\/IMG-20260412-WA0076.jpg\",\"datePublished\":\"2026-04-15T00:14:43+00:00\",\"breadcrumb\":{\"@id\":\"https:\/\/noti-america.com\/site\/ecuador\/2026\/04\/15\/santillana-impulsa-congreso-internacional-de-educacion-inclusiva\/#breadcrumb\"},\"inLanguage\":\"es\",\"potentialAction\":[{\"@type\":\"ReadAction\",\"target\":[\"https:\/\/noti-america.com\/site\/ecuador\/2026\/04\/15\/santillana-impulsa-congreso-internacional-de-educacion-inclusiva\/\"]}]},{\"@type\":\"ImageObject\",\"inLanguage\":\"es\",\"@id\":\"https:\/\/noti-america.com\/site\/ecuador\/2026\/04\/15\/santillana-impulsa-congreso-internacional-de-educacion-inclusiva\/#primaryimage\",\"url\":\"https:\/\/noti-america.com\/site\/ecuador\/wp-content\/uploads\/sites\/18\/2026\/04\/IMG-20260412-WA0076.jpg\",\"contentUrl\":\"https:\/\/noti-america.com\/site\/ecuador\/wp-content\/uploads\/sites\/18\/2026\/04\/IMG-20260412-WA0076.jpg\",\"width\":1569,\"height\":882},{\"@type\":\"BreadcrumbList\",\"@id\":\"https:\/\/noti-america.com\/site\/ecuador\/2026\/04\/15\/santillana-impulsa-congreso-internacional-de-educacion-inclusiva\/#breadcrumb\",\"itemListElement\":[{\"@type\":\"ListItem\",\"position\":1,\"name\":\"Portada\",\"item\":\"https:\/\/noti-america.com\/site\/ecuador\/\"},{\"@type\":\"ListItem\",\"position\":2,\"name\":\"Santillana impulsa congreso internacional de educaci\u00f3n inclusiva\"}]},{\"@type\":\"WebSite\",\"@id\":\"https:\/\/noti-america.com\/site\/ecuador\/#website\",\"url\":\"https:\/\/noti-america.com\/site\/ecuador\/\",\"name\":\"Ecuador | Noti-America.com\",\"description\":\"\",\"publisher\":{\"@id\":\"https:\/\/noti-america.com\/site\/ecuador\/#organization\"},\"potentialAction\":[{\"@type\":\"SearchAction\",\"target\":{\"@type\":\"EntryPoint\",\"urlTemplate\":\"https:\/\/noti-america.com\/site\/ecuador\/?s={search_term_string}\"},\"query-input\":{\"@type\":\"PropertyValueSpecification\",\"valueRequired\":true,\"valueName\":\"search_term_string\"}}],\"inLanguage\":\"es\"},{\"@type\":\"Organization\",\"@id\":\"https:\/\/noti-america.com\/site\/ecuador\/#organization\",\"name\":\"Noti-America LLC | Ecuador\",\"url\":\"https:\/\/noti-america.com\/site\/ecuador\/\",\"logo\":{\"@type\":\"ImageObject\",\"inLanguage\":\"es\",\"@id\":\"https:\/\/noti-america.com\/site\/ecuador\/#\/schema\/logo\/image\/\",\"url\":\"https:\/\/noti-america.com\/site\/ecuador\/wp-content\/uploads\/sites\/18\/2020\/07\/LogoNA-4x3-1.jpg\",\"contentUrl\":\"https:\/\/noti-america.com\/site\/ecuador\/wp-content\/uploads\/sites\/18\/2020\/07\/LogoNA-4x3-1.jpg\",\"width\":1236,\"height\":1080,\"caption\":\"Noti-America LLC | Ecuador\"},\"image\":{\"@id\":\"https:\/\/noti-america.com\/site\/ecuador\/#\/schema\/logo\/image\/\"},\"sameAs\":[\"https:\/\/x.com\/notiamerica\"]},{\"@type\":\"Person\",\"@id\":\"https:\/\/noti-america.com\/site\/ecuador\/#\/schema\/person\/00042412cfa9ecf98077f847ffadda4a\",\"name\":\"Henry Garrido\",\"image\":{\"@type\":\"ImageObject\",\"inLanguage\":\"es\",\"@id\":\"https:\/\/secure.gravatar.com\/avatar\/749ae5a1e6f22cf042f04b9f3f0a22732ae36970ccfd5c54a0a2ac3c4e1166ed?s=96&d=mm&r=g\",\"url\":\"https:\/\/secure.gravatar.com\/avatar\/749ae5a1e6f22cf042f04b9f3f0a22732ae36970ccfd5c54a0a2ac3c4e1166ed?s=96&d=mm&r=g\",\"contentUrl\":\"https:\/\/secure.gravatar.com\/avatar\/749ae5a1e6f22cf042f04b9f3f0a22732ae36970ccfd5c54a0a2ac3c4e1166ed?s=96&d=mm&r=g\",\"caption\":\"Henry Garrido\"},\"url\":\"https:\/\/noti-america.com\/site\/ecuador\/author\/hgarrido\/\"}]}<\/script>\n<!-- \/ Yoast SEO Premium plugin. -->","yoast_head_json":{"title":"Santillana impulsa congreso internacional de educaci\u00f3n inclusiva - Ecuador | Noti-America.com","robots":{"index":"index","follow":"follow","max-snippet":"max-snippet:-1","max-image-preview":"max-image-preview:large","max-video-preview":"max-video-preview:-1"},"canonical":"https:\/\/noti-america.com\/site\/ecuador\/2026\/04\/15\/santillana-impulsa-congreso-internacional-de-educacion-inclusiva\/","og_locale":"es_ES","og_type":"article","og_title":"Santillana impulsa congreso internacional de educaci\u00f3n inclusiva","og_description":"NOTI-AM\u00c9RICA | ECUADOR. La editorial Santillana anunci\u00f3 la realizaci\u00f3n de la cuarta edici\u00f3n de su Congreso Internacional de Educaci\u00f3n Inclusiva, que se llevar\u00e1 a cabo los d\u00edas 22 y 23 de abril. El evento,&#46;&#46;&#46;","og_url":"https:\/\/noti-america.com\/site\/ecuador\/2026\/04\/15\/santillana-impulsa-congreso-internacional-de-educacion-inclusiva\/","og_site_name":"Ecuador | Noti-America.com","article_published_time":"2026-04-15T00:14:43+00:00","og_image":[{"width":1569,"height":882,"url":"https:\/\/noti-america.com\/site\/ecuador\/wp-content\/uploads\/sites\/18\/2026\/04\/IMG-20260412-WA0076.jpg","type":"image\/jpeg"}],"author":"Henry Garrido","twitter_card":"summary_large_image","twitter_creator":"@notiamerica","twitter_site":"@notiamerica","twitter_misc":{"Escrito por":"Henry Garrido","Tiempo estimado de lectura":"2 minutos"},"schema":{"@context":"https:\/\/schema.org","@graph":[{"@type":"Article","@id":"https:\/\/noti-america.com\/site\/ecuador\/2026\/04\/15\/santillana-impulsa-congreso-internacional-de-educacion-inclusiva\/#article","isPartOf":{"@id":"https:\/\/noti-america.com\/site\/ecuador\/2026\/04\/15\/santillana-impulsa-congreso-internacional-de-educacion-inclusiva\/"},"author":{"name":"Henry Garrido","@id":"https:\/\/noti-america.com\/site\/ecuador\/#\/schema\/person\/00042412cfa9ecf98077f847ffadda4a"},"headline":"Santillana impulsa congreso internacional de educaci\u00f3n inclusiva","datePublished":"2026-04-15T00:14:43+00:00","mainEntityOfPage":{"@id":"https:\/\/noti-america.com\/site\/ecuador\/2026\/04\/15\/santillana-impulsa-congreso-internacional-de-educacion-inclusiva\/"},"wordCount":266,"commentCount":0,"publisher":{"@id":"https:\/\/noti-america.com\/site\/ecuador\/#organization"},"image":{"@id":"https:\/\/noti-america.com\/site\/ecuador\/2026\/04\/15\/santillana-impulsa-congreso-internacional-de-educacion-inclusiva\/#primaryimage"},"thumbnailUrl":"https:\/\/noti-america.com\/site\/ecuador\/wp-content\/uploads\/sites\/18\/2026\/04\/IMG-20260412-WA0076.jpg","articleSection":["Uncategorized"],"inLanguage":"es","potentialAction":[{"@type":"CommentAction","name":"Comment","target":["https:\/\/noti-america.com\/site\/ecuador\/2026\/04\/15\/santillana-impulsa-congreso-internacional-de-educacion-inclusiva\/#respond"]}]},{"@type":"WebPage","@id":"https:\/\/noti-america.com\/site\/ecuador\/2026\/04\/15\/santillana-impulsa-congreso-internacional-de-educacion-inclusiva\/","url":"https:\/\/noti-america.com\/site\/ecuador\/2026\/04\/15\/santillana-impulsa-congreso-internacional-de-educacion-inclusiva\/","name":"Santillana impulsa congreso internacional de educaci\u00f3n inclusiva - Ecuador | Noti-America.com","isPartOf":{"@id":"https:\/\/noti-america.com\/site\/ecuador\/#website"},"primaryImageOfPage":{"@id":"https:\/\/noti-america.com\/site\/ecuador\/2026\/04\/15\/santillana-impulsa-congreso-internacional-de-educacion-inclusiva\/#primaryimage"},"image":{"@id":"https:\/\/noti-america.com\/site\/ecuador\/2026\/04\/15\/santillana-impulsa-congreso-internacional-de-educacion-inclusiva\/#primaryimage"},"thumbnailUrl":"https:\/\/noti-america.com\/site\/ecuador\/wp-content\/uploads\/sites\/18\/2026\/04\/IMG-20260412-WA0076.jpg","datePublished":"2026-04-15T00:14:43+00:00","breadcrumb":{"@id":"https:\/\/noti-america.com\/site\/ecuador\/2026\/04\/15\/santillana-impulsa-congreso-internacional-de-educacion-inclusiva\/#breadcrumb"},"inLanguage":"es","potentialAction":[{"@type":"ReadAction","target":["https:\/\/noti-america.com\/site\/ecuador\/2026\/04\/15\/santillana-impulsa-congreso-internacional-de-educacion-inclusiva\/"]}]},{"@type":"ImageObject","inLanguage":"es","@id":"https:\/\/noti-america.com\/site\/ecuador\/2026\/04\/15\/santillana-impulsa-congreso-internacional-de-educacion-inclusiva\/#primaryimage","url":"https:\/\/noti-america.com\/site\/ecuador\/wp-content\/uploads\/sites\/18\/2026\/04\/IMG-20260412-WA0076.jpg","contentUrl":"https:\/\/noti-america.com\/site\/ecuador\/wp-content\/uploads\/sites\/18\/2026\/04\/IMG-20260412-WA0076.jpg","width":1569,"height":882},{"@type":"BreadcrumbList","@id":"https:\/\/noti-america.com\/site\/ecuador\/2026\/04\/15\/santillana-impulsa-congreso-internacional-de-educacion-inclusiva\/#breadcrumb","itemListElement":[{"@type":"ListItem","position":1,"name":"Portada","item":"https:\/\/noti-america.com\/site\/ecuador\/"},{"@type":"ListItem","position":2,"name":"Santillana impulsa congreso internacional de educaci\u00f3n inclusiva"}]},{"@type":"WebSite","@id":"https:\/\/noti-america.com\/site\/ecuador\/#website","url":"https:\/\/noti-america.com\/site\/ecuador\/","name":"Ecuador | Noti-America.com","description":"","publisher":{"@id":"https:\/\/noti-america.com\/site\/ecuador\/#organization"},"potentialAction":[{"@type":"SearchAction","target":{"@type":"EntryPoint","urlTemplate":"https:\/\/noti-america.com\/site\/ecuador\/?s={search_term_string}"},"query-input":{"@type":"PropertyValueSpecification","valueRequired":true,"valueName":"search_term_string"}}],"inLanguage":"es"},{"@type":"Organization","@id":"https:\/\/noti-america.com\/site\/ecuador\/#organization","name":"Noti-America LLC | Ecuador","url":"https:\/\/noti-america.com\/site\/ecuador\/","logo":{"@type":"ImageObject","inLanguage":"es","@id":"https:\/\/noti-america.com\/site\/ecuador\/#\/schema\/logo\/image\/","url":"https:\/\/noti-america.com\/site\/ecuador\/wp-content\/uploads\/sites\/18\/2020\/07\/LogoNA-4x3-1.jpg","contentUrl":"https:\/\/noti-america.com\/site\/ecuador\/wp-content\/uploads\/sites\/18\/2020\/07\/LogoNA-4x3-1.jpg","width":1236,"height":1080,"caption":"Noti-America LLC | Ecuador"},"image":{"@id":"https:\/\/noti-america.com\/site\/ecuador\/#\/schema\/logo\/image\/"},"sameAs":["https:\/\/x.com\/notiamerica"]},{"@type":"Person","@id":"https:\/\/noti-america.com\/site\/ecuador\/#\/schema\/person\/00042412cfa9ecf98077f847ffadda4a","name":"Henry Garrido","image":{"@type":"ImageObject","inLanguage":"es","@id":"https:\/\/secure.gravatar.com\/avatar\/749ae5a1e6f22cf042f04b9f3f0a22732ae36970ccfd5c54a0a2ac3c4e1166ed?s=96&d=mm&r=g","url":"https:\/\/secure.gravatar.com\/avatar\/749ae5a1e6f22cf042f04b9f3f0a22732ae36970ccfd5c54a0a2ac3c4e1166ed?s=96&d=mm&r=g","contentUrl":"https:\/\/secure.gravatar.com\/avatar\/749ae5a1e6f22cf042f04b9f3f0a22732ae36970ccfd5c54a0a2ac3c4e1166ed?s=96&d=mm&r=g","caption":"Henry Garrido"},"url":"https:\/\/noti-america.com\/site\/ecuador\/author\/hgarrido\/"}]}},"_links":{"self":[{"href":"https:\/\/noti-america.com\/site\/ecuador\/wp-json\/wp\/v2\/posts\/37890","targetHints":{"allow":["GET"]}}],"collection":[{"href":"https:\/\/noti-america.com\/site\/ecuador\/wp-json\/wp\/v2\/posts"}],"about":[{"href":"https:\/\/noti-america.com\/site\/ecuador\/wp-json\/wp\/v2\/types\/post"}],"author":[{"embeddable":true,"href":"https:\/\/noti-america.com\/site\/ecuador\/wp-json\/wp\/v2\/users\/144"}],"replies":[{"embeddable":true,"href":"https:\/\/noti-america.com\/site\/ecuador\/wp-json\/wp\/v2\/comments?post=37890"}],"version-history":[{"count":1,"href":"https:\/\/noti-america.com\/site\/ecuador\/wp-json\/wp\/v2\/posts\/37890\/revisions"}],"predecessor-version":[{"id":37892,"href":"https:\/\/noti-america.com\/site\/ecuador\/wp-json\/wp\/v2\/posts\/37890\/revisions\/37892"}],"wp:featuredmedia":[{"embeddable":true,"href":"https:\/\/noti-america.com\/site\/ecuador\/wp-json\/wp\/v2\/media\/37891"}],"wp:attachment":[{"href":"https:\/\/noti-america.com\/site\/ecuador\/wp-json\/wp\/v2\/media?parent=37890"}],"wp:term":[{"taxonomy":"category","embeddable":true,"href":"https:\/\/noti-america.com\/site\/ecuador\/wp-json\/wp\/v2\/categories?post=37890"},{"taxonomy":"post_tag","embeddable":true,"href":"https:\/\/noti-america.com\/site\/ecuador\/wp-json\/wp\/v2\/tags?post=37890"}],"curies":[{"name":"wp","href":"https:\/\/api.w.org\/{rel}","templated":true}]}}