{"id":37407,"date":"2026-03-12T20:13:23","date_gmt":"2026-03-12T20:13:23","guid":{"rendered":"https:\/\/noti-america.com\/site\/ecuador\/?p=37407"},"modified":"2026-03-12T20:13:23","modified_gmt":"2026-03-12T20:13:23","slug":"muertes-violentas-bajan-en-ecuador-en-inicio-de-2026","status":"publish","type":"post","link":"https:\/\/noti-america.com\/site\/ecuador\/2026\/03\/12\/muertes-violentas-bajan-en-ecuador-en-inicio-de-2026\/","title":{"rendered":"Muertes violentas bajan en Ecuador en inicio de 2026"},"content":{"rendered":"<p><strong>NOTI-AMERICA.COM | ECUADOR.<\/strong><\/p>\n<p style=\"text-align: justify\"><img loading=\"lazy\" decoding=\"async\" class=\"size-medium wp-image-37408 aligncenter\" src=\"https:\/\/noti-america.com\/site\/ecuador\/wp-content\/uploads\/sites\/18\/2026\/03\/asesinatos-homicidios-inseguridad-violencia-21-11-25-1536x1024-1-300x200.jpg\" alt=\"\" width=\"300\" height=\"200\" srcset=\"https:\/\/noti-america.com\/site\/ecuador\/wp-content\/uploads\/sites\/18\/2026\/03\/asesinatos-homicidios-inseguridad-violencia-21-11-25-1536x1024-1-300x200.jpg 300w, https:\/\/noti-america.com\/site\/ecuador\/wp-content\/uploads\/sites\/18\/2026\/03\/asesinatos-homicidios-inseguridad-violencia-21-11-25-1536x1024-1-1024x683.jpg 1024w, https:\/\/noti-america.com\/site\/ecuador\/wp-content\/uploads\/sites\/18\/2026\/03\/asesinatos-homicidios-inseguridad-violencia-21-11-25-1536x1024-1-768x512.jpg 768w, https:\/\/noti-america.com\/site\/ecuador\/wp-content\/uploads\/sites\/18\/2026\/03\/asesinatos-homicidios-inseguridad-violencia-21-11-25-1536x1024-1-272x182.jpg 272w, https:\/\/noti-america.com\/site\/ecuador\/wp-content\/uploads\/sites\/18\/2026\/03\/asesinatos-homicidios-inseguridad-violencia-21-11-25-1536x1024-1.jpg 1536w\" sizes=\"auto, (max-width: 300px) 100vw, 300px\" \/>La Polic\u00eda Nacional inform\u00f3 que, hasta el 10 de marzo de 2026, Ecuador registra una disminuci\u00f3n en las muertes violentas en comparaci\u00f3n con el mismo periodo del a\u00f1o pasado. Seg\u00fan los datos oficiales, se contabilizan 1.642 homicidios intencionales entre el 1 de enero y el 10 de marzo, lo que representa 239 casos menos frente a los 1.881 reportados en ese mismo lapso de 2025.<\/p>\n<p style=\"text-align: justify\">El an\u00e1lisis mensual muestra que la reducci\u00f3n se ha mantenido durante los primeros meses del a\u00f1o. En enero de 2026 se reportaron 747 asesinatos frente a los 800 registrados en enero de 2025. En febrero, las cifras pasaron de 750 a 677 casos, mientras que en los primeros diez d\u00edas de marzo se contabilizan 218 muertes violentas, una ca\u00edda significativa en relaci\u00f3n con las 331 reportadas en el mismo periodo del a\u00f1o anterior.<\/p>\n<p style=\"text-align: justify\">En Quito, aunque el inicio del a\u00f1o estuvo marcado por un aumento en los homicidios, las cifras recientes reflejan una disminuci\u00f3n. La capital pas\u00f3 de 39 muertes violentas en 2025 a 43 en 2026, lo que representa un incremento del 10,2 %. Este aumento se concentr\u00f3 principalmente en enero, cuando se registraron 23 casos frente a los 11 del a\u00f1o pasado. No obstante, en febrero los hechos bajaron de 19 a 14 y, hasta el 10 de marzo, se reportan seis homicidios, menos que los nueve del mismo periodo de 2025.<\/p>\n<p style=\"text-align: justify\">A nivel nacional, el 95 % de las muertes violentas registradas en 2026 corresponde a la categor\u00eda de asesinato, con 1.561 casos. Guayaquil contin\u00faa siendo la ciudad con mayor n\u00famero de hechos violentos, acumulando 555 casos en lo que va del a\u00f1o. Ante este panorama, el Gobierno ha reforzado operativos y controles en esta zona considerada una de las m\u00e1s cr\u00edticas en materia de seguridad.<\/p>\n<p style=\"text-align: justify\">\n","protected":false},"excerpt":{"rendered":"<p>NOTI-AMERICA.COM | ECUADOR. La Polic\u00eda Nacional inform\u00f3 que, hasta el 10 de marzo de 2026, Ecuador registra una disminuci\u00f3n en las muertes violentas en comparaci\u00f3n con el mismo periodo del a\u00f1o pasado. Seg\u00fan los&#46;&#46;&#46;<\/p>\n","protected":false},"author":144,"featured_media":37408,"comment_status":"open","ping_status":"open","sticky":false,"template":"","format":"standard","meta":{"_acf_changed":false,"om_disable_all_campaigns":false,"rop_custom_images_group":[],"rop_custom_messages_group":[],"rop_publish_now":"initial","rop_publish_now_accounts":{"twitter_242054905_242054905":""},"rop_publish_now_history":[],"rop_publish_now_status":"pending","_uf_show_specific_survey":0,"_uf_disable_surveys":false,"footnotes":""},"categories":[125],"tags":[],"class_list":["post-37407","post","type-post","status-publish","format-standard","has-post-thumbnail","hentry","category-actualidad"],"acf":[],"aioseo_notices":[],"yoast_head":"<!-- This site is optimized with the Yoast SEO Premium plugin v24.9 (Yoast SEO v27.2) - https:\/\/yoast.com\/product\/yoast-seo-premium-wordpress\/ -->\n<title>Muertes violentas bajan en Ecuador en inicio de 2026 - Ecuador | Noti-America.com<\/title>\n<meta name=\"robots\" content=\"index, follow, max-snippet:-1, max-image-preview:large, max-video-preview:-1\" \/>\n<link rel=\"canonical\" href=\"https:\/\/noti-america.com\/site\/ecuador\/2026\/03\/12\/muertes-violentas-bajan-en-ecuador-en-inicio-de-2026\/\" \/>\n<meta property=\"og:locale\" content=\"es_ES\" \/>\n<meta property=\"og:type\" content=\"article\" \/>\n<meta property=\"og:title\" content=\"Muertes violentas bajan en Ecuador en inicio de 2026\" \/>\n<meta property=\"og:description\" content=\"NOTI-AMERICA.COM | ECUADOR. La Polic\u00eda Nacional inform\u00f3 que, hasta el 10 de marzo de 2026, Ecuador registra una disminuci\u00f3n en las muertes violentas en comparaci\u00f3n con el mismo periodo del a\u00f1o pasado. Seg\u00fan los&#046;&#046;&#046;\" \/>\n<meta property=\"og:url\" content=\"https:\/\/noti-america.com\/site\/ecuador\/2026\/03\/12\/muertes-violentas-bajan-en-ecuador-en-inicio-de-2026\/\" \/>\n<meta property=\"og:site_name\" content=\"Ecuador | Noti-America.com\" \/>\n<meta property=\"article:published_time\" content=\"2026-03-12T20:13:23+00:00\" \/>\n<meta property=\"og:image\" content=\"https:\/\/noti-america.com\/site\/ecuador\/wp-content\/uploads\/sites\/18\/2026\/03\/asesinatos-homicidios-inseguridad-violencia-21-11-25-1536x1024-1.jpg\" \/>\n\t<meta property=\"og:image:width\" content=\"1536\" \/>\n\t<meta property=\"og:image:height\" content=\"1024\" \/>\n\t<meta property=\"og:image:type\" content=\"image\/jpeg\" \/>\n<meta name=\"author\" content=\"Henry Garrido\" \/>\n<meta name=\"twitter:card\" content=\"summary_large_image\" \/>\n<meta name=\"twitter:creator\" content=\"@notiamerica\" \/>\n<meta name=\"twitter:site\" content=\"@notiamerica\" \/>\n<meta name=\"twitter:label1\" content=\"Escrito por\" \/>\n\t<meta name=\"twitter:data1\" content=\"Henry Garrido\" \/>\n\t<meta name=\"twitter:label2\" content=\"Tiempo estimado de lectura\" \/>\n\t<meta name=\"twitter:data2\" content=\"2 minutos\" \/>\n<script type=\"application\/ld+json\" class=\"yoast-schema-graph\">{\"@context\":\"https:\/\/schema.org\",\"@graph\":[{\"@type\":\"Article\",\"@id\":\"https:\/\/noti-america.com\/site\/ecuador\/2026\/03\/12\/muertes-violentas-bajan-en-ecuador-en-inicio-de-2026\/#article\",\"isPartOf\":{\"@id\":\"https:\/\/noti-america.com\/site\/ecuador\/2026\/03\/12\/muertes-violentas-bajan-en-ecuador-en-inicio-de-2026\/\"},\"author\":{\"name\":\"Henry Garrido\",\"@id\":\"https:\/\/noti-america.com\/site\/ecuador\/#\/schema\/person\/00042412cfa9ecf98077f847ffadda4a\"},\"headline\":\"Muertes violentas bajan en Ecuador en inicio de 2026\",\"datePublished\":\"2026-03-12T20:13:23+00:00\",\"mainEntityOfPage\":{\"@id\":\"https:\/\/noti-america.com\/site\/ecuador\/2026\/03\/12\/muertes-violentas-bajan-en-ecuador-en-inicio-de-2026\/\"},\"wordCount\":293,\"commentCount\":0,\"publisher\":{\"@id\":\"https:\/\/noti-america.com\/site\/ecuador\/#organization\"},\"image\":{\"@id\":\"https:\/\/noti-america.com\/site\/ecuador\/2026\/03\/12\/muertes-violentas-bajan-en-ecuador-en-inicio-de-2026\/#primaryimage\"},\"thumbnailUrl\":\"https:\/\/noti-america.com\/site\/ecuador\/wp-content\/uploads\/sites\/18\/2026\/03\/asesinatos-homicidios-inseguridad-violencia-21-11-25-1536x1024-1.jpg\",\"articleSection\":[\"Actualidad\"],\"inLanguage\":\"es\",\"potentialAction\":[{\"@type\":\"CommentAction\",\"name\":\"Comment\",\"target\":[\"https:\/\/noti-america.com\/site\/ecuador\/2026\/03\/12\/muertes-violentas-bajan-en-ecuador-en-inicio-de-2026\/#respond\"]}]},{\"@type\":\"WebPage\",\"@id\":\"https:\/\/noti-america.com\/site\/ecuador\/2026\/03\/12\/muertes-violentas-bajan-en-ecuador-en-inicio-de-2026\/\",\"url\":\"https:\/\/noti-america.com\/site\/ecuador\/2026\/03\/12\/muertes-violentas-bajan-en-ecuador-en-inicio-de-2026\/\",\"name\":\"Muertes violentas bajan en Ecuador en inicio de 2026 - Ecuador | Noti-America.com\",\"isPartOf\":{\"@id\":\"https:\/\/noti-america.com\/site\/ecuador\/#website\"},\"primaryImageOfPage\":{\"@id\":\"https:\/\/noti-america.com\/site\/ecuador\/2026\/03\/12\/muertes-violentas-bajan-en-ecuador-en-inicio-de-2026\/#primaryimage\"},\"image\":{\"@id\":\"https:\/\/noti-america.com\/site\/ecuador\/2026\/03\/12\/muertes-violentas-bajan-en-ecuador-en-inicio-de-2026\/#primaryimage\"},\"thumbnailUrl\":\"https:\/\/noti-america.com\/site\/ecuador\/wp-content\/uploads\/sites\/18\/2026\/03\/asesinatos-homicidios-inseguridad-violencia-21-11-25-1536x1024-1.jpg\",\"datePublished\":\"2026-03-12T20:13:23+00:00\",\"breadcrumb\":{\"@id\":\"https:\/\/noti-america.com\/site\/ecuador\/2026\/03\/12\/muertes-violentas-bajan-en-ecuador-en-inicio-de-2026\/#breadcrumb\"},\"inLanguage\":\"es\",\"potentialAction\":[{\"@type\":\"ReadAction\",\"target\":[\"https:\/\/noti-america.com\/site\/ecuador\/2026\/03\/12\/muertes-violentas-bajan-en-ecuador-en-inicio-de-2026\/\"]}]},{\"@type\":\"ImageObject\",\"inLanguage\":\"es\",\"@id\":\"https:\/\/noti-america.com\/site\/ecuador\/2026\/03\/12\/muertes-violentas-bajan-en-ecuador-en-inicio-de-2026\/#primaryimage\",\"url\":\"https:\/\/noti-america.com\/site\/ecuador\/wp-content\/uploads\/sites\/18\/2026\/03\/asesinatos-homicidios-inseguridad-violencia-21-11-25-1536x1024-1.jpg\",\"contentUrl\":\"https:\/\/noti-america.com\/site\/ecuador\/wp-content\/uploads\/sites\/18\/2026\/03\/asesinatos-homicidios-inseguridad-violencia-21-11-25-1536x1024-1.jpg\",\"width\":1536,\"height\":1024},{\"@type\":\"BreadcrumbList\",\"@id\":\"https:\/\/noti-america.com\/site\/ecuador\/2026\/03\/12\/muertes-violentas-bajan-en-ecuador-en-inicio-de-2026\/#breadcrumb\",\"itemListElement\":[{\"@type\":\"ListItem\",\"position\":1,\"name\":\"Portada\",\"item\":\"https:\/\/noti-america.com\/site\/ecuador\/\"},{\"@type\":\"ListItem\",\"position\":2,\"name\":\"Muertes violentas bajan en Ecuador en inicio de 2026\"}]},{\"@type\":\"WebSite\",\"@id\":\"https:\/\/noti-america.com\/site\/ecuador\/#website\",\"url\":\"https:\/\/noti-america.com\/site\/ecuador\/\",\"name\":\"Ecuador | Noti-America.com\",\"description\":\"\",\"publisher\":{\"@id\":\"https:\/\/noti-america.com\/site\/ecuador\/#organization\"},\"potentialAction\":[{\"@type\":\"SearchAction\",\"target\":{\"@type\":\"EntryPoint\",\"urlTemplate\":\"https:\/\/noti-america.com\/site\/ecuador\/?s={search_term_string}\"},\"query-input\":{\"@type\":\"PropertyValueSpecification\",\"valueRequired\":true,\"valueName\":\"search_term_string\"}}],\"inLanguage\":\"es\"},{\"@type\":\"Organization\",\"@id\":\"https:\/\/noti-america.com\/site\/ecuador\/#organization\",\"name\":\"Noti-America LLC | Ecuador\",\"url\":\"https:\/\/noti-america.com\/site\/ecuador\/\",\"logo\":{\"@type\":\"ImageObject\",\"inLanguage\":\"es\",\"@id\":\"https:\/\/noti-america.com\/site\/ecuador\/#\/schema\/logo\/image\/\",\"url\":\"https:\/\/noti-america.com\/site\/ecuador\/wp-content\/uploads\/sites\/18\/2020\/07\/LogoNA-4x3-1.jpg\",\"contentUrl\":\"https:\/\/noti-america.com\/site\/ecuador\/wp-content\/uploads\/sites\/18\/2020\/07\/LogoNA-4x3-1.jpg\",\"width\":1236,\"height\":1080,\"caption\":\"Noti-America LLC | Ecuador\"},\"image\":{\"@id\":\"https:\/\/noti-america.com\/site\/ecuador\/#\/schema\/logo\/image\/\"},\"sameAs\":[\"https:\/\/x.com\/notiamerica\"]},{\"@type\":\"Person\",\"@id\":\"https:\/\/noti-america.com\/site\/ecuador\/#\/schema\/person\/00042412cfa9ecf98077f847ffadda4a\",\"name\":\"Henry Garrido\",\"image\":{\"@type\":\"ImageObject\",\"inLanguage\":\"es\",\"@id\":\"https:\/\/secure.gravatar.com\/avatar\/749ae5a1e6f22cf042f04b9f3f0a22732ae36970ccfd5c54a0a2ac3c4e1166ed?s=96&d=mm&r=g\",\"url\":\"https:\/\/secure.gravatar.com\/avatar\/749ae5a1e6f22cf042f04b9f3f0a22732ae36970ccfd5c54a0a2ac3c4e1166ed?s=96&d=mm&r=g\",\"contentUrl\":\"https:\/\/secure.gravatar.com\/avatar\/749ae5a1e6f22cf042f04b9f3f0a22732ae36970ccfd5c54a0a2ac3c4e1166ed?s=96&d=mm&r=g\",\"caption\":\"Henry Garrido\"},\"url\":\"https:\/\/noti-america.com\/site\/ecuador\/author\/hgarrido\/\"}]}<\/script>\n<!-- \/ Yoast SEO Premium plugin. -->","yoast_head_json":{"title":"Muertes violentas bajan en Ecuador en inicio de 2026 - Ecuador | Noti-America.com","robots":{"index":"index","follow":"follow","max-snippet":"max-snippet:-1","max-image-preview":"max-image-preview:large","max-video-preview":"max-video-preview:-1"},"canonical":"https:\/\/noti-america.com\/site\/ecuador\/2026\/03\/12\/muertes-violentas-bajan-en-ecuador-en-inicio-de-2026\/","og_locale":"es_ES","og_type":"article","og_title":"Muertes violentas bajan en Ecuador en inicio de 2026","og_description":"NOTI-AMERICA.COM | ECUADOR. La Polic\u00eda Nacional inform\u00f3 que, hasta el 10 de marzo de 2026, Ecuador registra una disminuci\u00f3n en las muertes violentas en comparaci\u00f3n con el mismo periodo del a\u00f1o pasado. Seg\u00fan los&#46;&#46;&#46;","og_url":"https:\/\/noti-america.com\/site\/ecuador\/2026\/03\/12\/muertes-violentas-bajan-en-ecuador-en-inicio-de-2026\/","og_site_name":"Ecuador | Noti-America.com","article_published_time":"2026-03-12T20:13:23+00:00","og_image":[{"width":1536,"height":1024,"url":"https:\/\/noti-america.com\/site\/ecuador\/wp-content\/uploads\/sites\/18\/2026\/03\/asesinatos-homicidios-inseguridad-violencia-21-11-25-1536x1024-1.jpg","type":"image\/jpeg"}],"author":"Henry Garrido","twitter_card":"summary_large_image","twitter_creator":"@notiamerica","twitter_site":"@notiamerica","twitter_misc":{"Escrito por":"Henry Garrido","Tiempo estimado de lectura":"2 minutos"},"schema":{"@context":"https:\/\/schema.org","@graph":[{"@type":"Article","@id":"https:\/\/noti-america.com\/site\/ecuador\/2026\/03\/12\/muertes-violentas-bajan-en-ecuador-en-inicio-de-2026\/#article","isPartOf":{"@id":"https:\/\/noti-america.com\/site\/ecuador\/2026\/03\/12\/muertes-violentas-bajan-en-ecuador-en-inicio-de-2026\/"},"author":{"name":"Henry Garrido","@id":"https:\/\/noti-america.com\/site\/ecuador\/#\/schema\/person\/00042412cfa9ecf98077f847ffadda4a"},"headline":"Muertes violentas bajan en Ecuador en inicio de 2026","datePublished":"2026-03-12T20:13:23+00:00","mainEntityOfPage":{"@id":"https:\/\/noti-america.com\/site\/ecuador\/2026\/03\/12\/muertes-violentas-bajan-en-ecuador-en-inicio-de-2026\/"},"wordCount":293,"commentCount":0,"publisher":{"@id":"https:\/\/noti-america.com\/site\/ecuador\/#organization"},"image":{"@id":"https:\/\/noti-america.com\/site\/ecuador\/2026\/03\/12\/muertes-violentas-bajan-en-ecuador-en-inicio-de-2026\/#primaryimage"},"thumbnailUrl":"https:\/\/noti-america.com\/site\/ecuador\/wp-content\/uploads\/sites\/18\/2026\/03\/asesinatos-homicidios-inseguridad-violencia-21-11-25-1536x1024-1.jpg","articleSection":["Actualidad"],"inLanguage":"es","potentialAction":[{"@type":"CommentAction","name":"Comment","target":["https:\/\/noti-america.com\/site\/ecuador\/2026\/03\/12\/muertes-violentas-bajan-en-ecuador-en-inicio-de-2026\/#respond"]}]},{"@type":"WebPage","@id":"https:\/\/noti-america.com\/site\/ecuador\/2026\/03\/12\/muertes-violentas-bajan-en-ecuador-en-inicio-de-2026\/","url":"https:\/\/noti-america.com\/site\/ecuador\/2026\/03\/12\/muertes-violentas-bajan-en-ecuador-en-inicio-de-2026\/","name":"Muertes violentas bajan en Ecuador en inicio de 2026 - Ecuador | Noti-America.com","isPartOf":{"@id":"https:\/\/noti-america.com\/site\/ecuador\/#website"},"primaryImageOfPage":{"@id":"https:\/\/noti-america.com\/site\/ecuador\/2026\/03\/12\/muertes-violentas-bajan-en-ecuador-en-inicio-de-2026\/#primaryimage"},"image":{"@id":"https:\/\/noti-america.com\/site\/ecuador\/2026\/03\/12\/muertes-violentas-bajan-en-ecuador-en-inicio-de-2026\/#primaryimage"},"thumbnailUrl":"https:\/\/noti-america.com\/site\/ecuador\/wp-content\/uploads\/sites\/18\/2026\/03\/asesinatos-homicidios-inseguridad-violencia-21-11-25-1536x1024-1.jpg","datePublished":"2026-03-12T20:13:23+00:00","breadcrumb":{"@id":"https:\/\/noti-america.com\/site\/ecuador\/2026\/03\/12\/muertes-violentas-bajan-en-ecuador-en-inicio-de-2026\/#breadcrumb"},"inLanguage":"es","potentialAction":[{"@type":"ReadAction","target":["https:\/\/noti-america.com\/site\/ecuador\/2026\/03\/12\/muertes-violentas-bajan-en-ecuador-en-inicio-de-2026\/"]}]},{"@type":"ImageObject","inLanguage":"es","@id":"https:\/\/noti-america.com\/site\/ecuador\/2026\/03\/12\/muertes-violentas-bajan-en-ecuador-en-inicio-de-2026\/#primaryimage","url":"https:\/\/noti-america.com\/site\/ecuador\/wp-content\/uploads\/sites\/18\/2026\/03\/asesinatos-homicidios-inseguridad-violencia-21-11-25-1536x1024-1.jpg","contentUrl":"https:\/\/noti-america.com\/site\/ecuador\/wp-content\/uploads\/sites\/18\/2026\/03\/asesinatos-homicidios-inseguridad-violencia-21-11-25-1536x1024-1.jpg","width":1536,"height":1024},{"@type":"BreadcrumbList","@id":"https:\/\/noti-america.com\/site\/ecuador\/2026\/03\/12\/muertes-violentas-bajan-en-ecuador-en-inicio-de-2026\/#breadcrumb","itemListElement":[{"@type":"ListItem","position":1,"name":"Portada","item":"https:\/\/noti-america.com\/site\/ecuador\/"},{"@type":"ListItem","position":2,"name":"Muertes violentas bajan en Ecuador en inicio de 2026"}]},{"@type":"WebSite","@id":"https:\/\/noti-america.com\/site\/ecuador\/#website","url":"https:\/\/noti-america.com\/site\/ecuador\/","name":"Ecuador | Noti-America.com","description":"","publisher":{"@id":"https:\/\/noti-america.com\/site\/ecuador\/#organization"},"potentialAction":[{"@type":"SearchAction","target":{"@type":"EntryPoint","urlTemplate":"https:\/\/noti-america.com\/site\/ecuador\/?s={search_term_string}"},"query-input":{"@type":"PropertyValueSpecification","valueRequired":true,"valueName":"search_term_string"}}],"inLanguage":"es"},{"@type":"Organization","@id":"https:\/\/noti-america.com\/site\/ecuador\/#organization","name":"Noti-America LLC | Ecuador","url":"https:\/\/noti-america.com\/site\/ecuador\/","logo":{"@type":"ImageObject","inLanguage":"es","@id":"https:\/\/noti-america.com\/site\/ecuador\/#\/schema\/logo\/image\/","url":"https:\/\/noti-america.com\/site\/ecuador\/wp-content\/uploads\/sites\/18\/2020\/07\/LogoNA-4x3-1.jpg","contentUrl":"https:\/\/noti-america.com\/site\/ecuador\/wp-content\/uploads\/sites\/18\/2020\/07\/LogoNA-4x3-1.jpg","width":1236,"height":1080,"caption":"Noti-America LLC | Ecuador"},"image":{"@id":"https:\/\/noti-america.com\/site\/ecuador\/#\/schema\/logo\/image\/"},"sameAs":["https:\/\/x.com\/notiamerica"]},{"@type":"Person","@id":"https:\/\/noti-america.com\/site\/ecuador\/#\/schema\/person\/00042412cfa9ecf98077f847ffadda4a","name":"Henry Garrido","image":{"@type":"ImageObject","inLanguage":"es","@id":"https:\/\/secure.gravatar.com\/avatar\/749ae5a1e6f22cf042f04b9f3f0a22732ae36970ccfd5c54a0a2ac3c4e1166ed?s=96&d=mm&r=g","url":"https:\/\/secure.gravatar.com\/avatar\/749ae5a1e6f22cf042f04b9f3f0a22732ae36970ccfd5c54a0a2ac3c4e1166ed?s=96&d=mm&r=g","contentUrl":"https:\/\/secure.gravatar.com\/avatar\/749ae5a1e6f22cf042f04b9f3f0a22732ae36970ccfd5c54a0a2ac3c4e1166ed?s=96&d=mm&r=g","caption":"Henry Garrido"},"url":"https:\/\/noti-america.com\/site\/ecuador\/author\/hgarrido\/"}]}},"_links":{"self":[{"href":"https:\/\/noti-america.com\/site\/ecuador\/wp-json\/wp\/v2\/posts\/37407","targetHints":{"allow":["GET"]}}],"collection":[{"href":"https:\/\/noti-america.com\/site\/ecuador\/wp-json\/wp\/v2\/posts"}],"about":[{"href":"https:\/\/noti-america.com\/site\/ecuador\/wp-json\/wp\/v2\/types\/post"}],"author":[{"embeddable":true,"href":"https:\/\/noti-america.com\/site\/ecuador\/wp-json\/wp\/v2\/users\/144"}],"replies":[{"embeddable":true,"href":"https:\/\/noti-america.com\/site\/ecuador\/wp-json\/wp\/v2\/comments?post=37407"}],"version-history":[{"count":2,"href":"https:\/\/noti-america.com\/site\/ecuador\/wp-json\/wp\/v2\/posts\/37407\/revisions"}],"predecessor-version":[{"id":37410,"href":"https:\/\/noti-america.com\/site\/ecuador\/wp-json\/wp\/v2\/posts\/37407\/revisions\/37410"}],"wp:featuredmedia":[{"embeddable":true,"href":"https:\/\/noti-america.com\/site\/ecuador\/wp-json\/wp\/v2\/media\/37408"}],"wp:attachment":[{"href":"https:\/\/noti-america.com\/site\/ecuador\/wp-json\/wp\/v2\/media?parent=37407"}],"wp:term":[{"taxonomy":"category","embeddable":true,"href":"https:\/\/noti-america.com\/site\/ecuador\/wp-json\/wp\/v2\/categories?post=37407"},{"taxonomy":"post_tag","embeddable":true,"href":"https:\/\/noti-america.com\/site\/ecuador\/wp-json\/wp\/v2\/tags?post=37407"}],"curies":[{"name":"wp","href":"https:\/\/api.w.org\/{rel}","templated":true}]}}