{"id":37401,"date":"2026-03-12T19:59:12","date_gmt":"2026-03-12T19:59:12","guid":{"rendered":"https:\/\/noti-america.com\/site\/ecuador\/?p=37401"},"modified":"2026-03-12T19:59:12","modified_gmt":"2026-03-12T19:59:12","slug":"la-tri-suma-a-suncare-como-aliado-en-proteccion-solar","status":"publish","type":"post","link":"https:\/\/noti-america.com\/site\/ecuador\/2026\/03\/12\/la-tri-suma-a-suncare-como-aliado-en-proteccion-solar\/","title":{"rendered":"La Tri suma a Suncare como aliado en protecci\u00f3n solar"},"content":{"rendered":"<p><strong>NOTI-AMERICA.COM | ECUADOR.<\/strong><\/p>\n<p style=\"text-align: justify\"><img loading=\"lazy\" decoding=\"async\" class=\"size-medium wp-image-37402 aligncenter\" src=\"https:\/\/noti-america.com\/site\/ecuador\/wp-content\/uploads\/sites\/18\/2026\/03\/IMG-20260311-WA0160-300x273.jpg\" alt=\"\" width=\"300\" height=\"273\" srcset=\"https:\/\/noti-america.com\/site\/ecuador\/wp-content\/uploads\/sites\/18\/2026\/03\/IMG-20260311-WA0160-300x273.jpg 300w, https:\/\/noti-america.com\/site\/ecuador\/wp-content\/uploads\/sites\/18\/2026\/03\/IMG-20260311-WA0160-768x699.jpg 768w, https:\/\/noti-america.com\/site\/ecuador\/wp-content\/uploads\/sites\/18\/2026\/03\/IMG-20260311-WA0160.jpg 807w\" sizes=\"auto, (max-width: 300px) 100vw, 300px\" \/>En medio de la expectativa mundialista, el pa\u00eds vive una renovada ilusi\u00f3n en torno a la Selecci\u00f3n Ecuatoriana de F\u00fatbol, un contexto que tambi\u00e9n pone en evidencia las condiciones en las que los deportistas entrenan y compiten, muchas veces expuestos al intenso sol ecuatoriano. En este escenario, la marca Suncare anunci\u00f3 su consolidaci\u00f3n como el \u00fanico protector solar auspiciante oficial del combinado nacional, reforzando el mensaje de que la protecci\u00f3n solar tambi\u00e9n forma parte del rendimiento deportivo.<\/p>\n<p style=\"text-align: justify\">Ecuador registra algunos de los niveles m\u00e1s altos de radiaci\u00f3n ultravioleta (UV) en la regi\u00f3n, con \u00edndices que frecuentemente alcanzan rangos muy altos o extremos, especialmente en ciudades de gran altitud como Quito. Organismos internacionales advierten que la exposici\u00f3n acumulativa a esta radiaci\u00f3n es el principal factor de riesgo para el desarrollo de c\u00e1ncer de piel, una enfermedad con creciente incidencia en Am\u00e9rica Latina.<\/p>\n<p style=\"text-align: justify\">A pesar de estas condiciones, el uso cotidiano de protector solar sigue siendo limitado en el pa\u00eds. De acuerdo con datos citados en el bolet\u00edn, apenas 4 de cada 10 ecuatorianos incorporan este producto en su rutina diaria, pese a que la radiaci\u00f3n solar se mantiene elevada durante gran parte del a\u00f1o.<\/p>\n<p style=\"text-align: justify\">La alianza entre Suncare y la Federaci\u00f3n Ecuatoriana de F\u00fatbol cumple ya cuatro a\u00f1os y busca promover la protecci\u00f3n de los deportistas que entrenan y compiten bajo el sol. La marca, con m\u00e1s de 25 a\u00f1os en el mercado ecuatoriano, impulsa adem\u00e1s campa\u00f1as educativas sobre prevenci\u00f3n del c\u00e1ncer de piel, mientras posiciona la protecci\u00f3n solar como un h\u00e1bito clave para la salud, dentro y fuera de la cancha.<\/p>\n","protected":false},"excerpt":{"rendered":"<p>NOTI-AMERICA.COM | ECUADOR. En medio de la expectativa mundialista, el pa\u00eds vive una renovada ilusi\u00f3n en torno a la Selecci\u00f3n Ecuatoriana de F\u00fatbol, un contexto que tambi\u00e9n pone en evidencia las condiciones en las&#46;&#46;&#46;<\/p>\n","protected":false},"author":144,"featured_media":37402,"comment_status":"open","ping_status":"open","sticky":false,"template":"","format":"standard","meta":{"_acf_changed":false,"om_disable_all_campaigns":false,"rop_custom_images_group":[],"rop_custom_messages_group":[],"rop_publish_now":"initial","rop_publish_now_accounts":{"twitter_242054905_242054905":""},"rop_publish_now_history":[],"rop_publish_now_status":"pending","_uf_show_specific_survey":0,"_uf_disable_surveys":false,"footnotes":""},"categories":[1],"tags":[],"class_list":["post-37401","post","type-post","status-publish","format-standard","has-post-thumbnail","hentry","category-uncategorized"],"acf":[],"aioseo_notices":[],"yoast_head":"<!-- This site is optimized with the Yoast SEO Premium plugin v24.9 (Yoast SEO v27.2) - https:\/\/yoast.com\/product\/yoast-seo-premium-wordpress\/ -->\n<title>La Tri suma a Suncare como aliado en protecci\u00f3n solar - Ecuador | Noti-America.com<\/title>\n<meta name=\"robots\" content=\"index, follow, max-snippet:-1, max-image-preview:large, max-video-preview:-1\" \/>\n<link rel=\"canonical\" href=\"https:\/\/noti-america.com\/site\/ecuador\/2026\/03\/12\/la-tri-suma-a-suncare-como-aliado-en-proteccion-solar\/\" \/>\n<meta property=\"og:locale\" content=\"es_ES\" \/>\n<meta property=\"og:type\" content=\"article\" \/>\n<meta property=\"og:title\" content=\"La Tri suma a Suncare como aliado en protecci\u00f3n solar\" \/>\n<meta property=\"og:description\" content=\"NOTI-AMERICA.COM | ECUADOR. En medio de la expectativa mundialista, el pa\u00eds vive una renovada ilusi\u00f3n en torno a la Selecci\u00f3n Ecuatoriana de F\u00fatbol, un contexto que tambi\u00e9n pone en evidencia las condiciones en las&#046;&#046;&#046;\" \/>\n<meta property=\"og:url\" content=\"https:\/\/noti-america.com\/site\/ecuador\/2026\/03\/12\/la-tri-suma-a-suncare-como-aliado-en-proteccion-solar\/\" \/>\n<meta property=\"og:site_name\" content=\"Ecuador | Noti-America.com\" \/>\n<meta property=\"article:published_time\" content=\"2026-03-12T19:59:12+00:00\" \/>\n<meta property=\"og:image\" content=\"https:\/\/noti-america.com\/site\/ecuador\/wp-content\/uploads\/sites\/18\/2026\/03\/IMG-20260311-WA0160.jpg\" \/>\n\t<meta property=\"og:image:width\" content=\"807\" \/>\n\t<meta property=\"og:image:height\" content=\"735\" \/>\n\t<meta property=\"og:image:type\" content=\"image\/jpeg\" \/>\n<meta name=\"author\" content=\"Henry Garrido\" \/>\n<meta name=\"twitter:card\" content=\"summary_large_image\" \/>\n<meta name=\"twitter:creator\" content=\"@notiamerica\" \/>\n<meta name=\"twitter:site\" content=\"@notiamerica\" \/>\n<meta name=\"twitter:label1\" content=\"Escrito por\" \/>\n\t<meta name=\"twitter:data1\" content=\"Henry Garrido\" \/>\n\t<meta name=\"twitter:label2\" content=\"Tiempo estimado de lectura\" \/>\n\t<meta name=\"twitter:data2\" content=\"2 minutos\" \/>\n<script type=\"application\/ld+json\" class=\"yoast-schema-graph\">{\"@context\":\"https:\/\/schema.org\",\"@graph\":[{\"@type\":\"Article\",\"@id\":\"https:\/\/noti-america.com\/site\/ecuador\/2026\/03\/12\/la-tri-suma-a-suncare-como-aliado-en-proteccion-solar\/#article\",\"isPartOf\":{\"@id\":\"https:\/\/noti-america.com\/site\/ecuador\/2026\/03\/12\/la-tri-suma-a-suncare-como-aliado-en-proteccion-solar\/\"},\"author\":{\"name\":\"Henry Garrido\",\"@id\":\"https:\/\/noti-america.com\/site\/ecuador\/#\/schema\/person\/00042412cfa9ecf98077f847ffadda4a\"},\"headline\":\"La Tri suma a Suncare como aliado en protecci\u00f3n solar\",\"datePublished\":\"2026-03-12T19:59:12+00:00\",\"mainEntityOfPage\":{\"@id\":\"https:\/\/noti-america.com\/site\/ecuador\/2026\/03\/12\/la-tri-suma-a-suncare-como-aliado-en-proteccion-solar\/\"},\"wordCount\":303,\"commentCount\":0,\"publisher\":{\"@id\":\"https:\/\/noti-america.com\/site\/ecuador\/#organization\"},\"image\":{\"@id\":\"https:\/\/noti-america.com\/site\/ecuador\/2026\/03\/12\/la-tri-suma-a-suncare-como-aliado-en-proteccion-solar\/#primaryimage\"},\"thumbnailUrl\":\"https:\/\/noti-america.com\/site\/ecuador\/wp-content\/uploads\/sites\/18\/2026\/03\/IMG-20260311-WA0160.jpg\",\"articleSection\":[\"Uncategorized\"],\"inLanguage\":\"es\",\"potentialAction\":[{\"@type\":\"CommentAction\",\"name\":\"Comment\",\"target\":[\"https:\/\/noti-america.com\/site\/ecuador\/2026\/03\/12\/la-tri-suma-a-suncare-como-aliado-en-proteccion-solar\/#respond\"]}]},{\"@type\":\"WebPage\",\"@id\":\"https:\/\/noti-america.com\/site\/ecuador\/2026\/03\/12\/la-tri-suma-a-suncare-como-aliado-en-proteccion-solar\/\",\"url\":\"https:\/\/noti-america.com\/site\/ecuador\/2026\/03\/12\/la-tri-suma-a-suncare-como-aliado-en-proteccion-solar\/\",\"name\":\"La Tri suma a Suncare como aliado en protecci\u00f3n solar - Ecuador | Noti-America.com\",\"isPartOf\":{\"@id\":\"https:\/\/noti-america.com\/site\/ecuador\/#website\"},\"primaryImageOfPage\":{\"@id\":\"https:\/\/noti-america.com\/site\/ecuador\/2026\/03\/12\/la-tri-suma-a-suncare-como-aliado-en-proteccion-solar\/#primaryimage\"},\"image\":{\"@id\":\"https:\/\/noti-america.com\/site\/ecuador\/2026\/03\/12\/la-tri-suma-a-suncare-como-aliado-en-proteccion-solar\/#primaryimage\"},\"thumbnailUrl\":\"https:\/\/noti-america.com\/site\/ecuador\/wp-content\/uploads\/sites\/18\/2026\/03\/IMG-20260311-WA0160.jpg\",\"datePublished\":\"2026-03-12T19:59:12+00:00\",\"breadcrumb\":{\"@id\":\"https:\/\/noti-america.com\/site\/ecuador\/2026\/03\/12\/la-tri-suma-a-suncare-como-aliado-en-proteccion-solar\/#breadcrumb\"},\"inLanguage\":\"es\",\"potentialAction\":[{\"@type\":\"ReadAction\",\"target\":[\"https:\/\/noti-america.com\/site\/ecuador\/2026\/03\/12\/la-tri-suma-a-suncare-como-aliado-en-proteccion-solar\/\"]}]},{\"@type\":\"ImageObject\",\"inLanguage\":\"es\",\"@id\":\"https:\/\/noti-america.com\/site\/ecuador\/2026\/03\/12\/la-tri-suma-a-suncare-como-aliado-en-proteccion-solar\/#primaryimage\",\"url\":\"https:\/\/noti-america.com\/site\/ecuador\/wp-content\/uploads\/sites\/18\/2026\/03\/IMG-20260311-WA0160.jpg\",\"contentUrl\":\"https:\/\/noti-america.com\/site\/ecuador\/wp-content\/uploads\/sites\/18\/2026\/03\/IMG-20260311-WA0160.jpg\",\"width\":807,\"height\":735},{\"@type\":\"BreadcrumbList\",\"@id\":\"https:\/\/noti-america.com\/site\/ecuador\/2026\/03\/12\/la-tri-suma-a-suncare-como-aliado-en-proteccion-solar\/#breadcrumb\",\"itemListElement\":[{\"@type\":\"ListItem\",\"position\":1,\"name\":\"Portada\",\"item\":\"https:\/\/noti-america.com\/site\/ecuador\/\"},{\"@type\":\"ListItem\",\"position\":2,\"name\":\"La Tri suma a Suncare como aliado en protecci\u00f3n solar\"}]},{\"@type\":\"WebSite\",\"@id\":\"https:\/\/noti-america.com\/site\/ecuador\/#website\",\"url\":\"https:\/\/noti-america.com\/site\/ecuador\/\",\"name\":\"Ecuador | Noti-America.com\",\"description\":\"\",\"publisher\":{\"@id\":\"https:\/\/noti-america.com\/site\/ecuador\/#organization\"},\"potentialAction\":[{\"@type\":\"SearchAction\",\"target\":{\"@type\":\"EntryPoint\",\"urlTemplate\":\"https:\/\/noti-america.com\/site\/ecuador\/?s={search_term_string}\"},\"query-input\":{\"@type\":\"PropertyValueSpecification\",\"valueRequired\":true,\"valueName\":\"search_term_string\"}}],\"inLanguage\":\"es\"},{\"@type\":\"Organization\",\"@id\":\"https:\/\/noti-america.com\/site\/ecuador\/#organization\",\"name\":\"Noti-America LLC | Ecuador\",\"url\":\"https:\/\/noti-america.com\/site\/ecuador\/\",\"logo\":{\"@type\":\"ImageObject\",\"inLanguage\":\"es\",\"@id\":\"https:\/\/noti-america.com\/site\/ecuador\/#\/schema\/logo\/image\/\",\"url\":\"https:\/\/noti-america.com\/site\/ecuador\/wp-content\/uploads\/sites\/18\/2020\/07\/LogoNA-4x3-1.jpg\",\"contentUrl\":\"https:\/\/noti-america.com\/site\/ecuador\/wp-content\/uploads\/sites\/18\/2020\/07\/LogoNA-4x3-1.jpg\",\"width\":1236,\"height\":1080,\"caption\":\"Noti-America LLC | Ecuador\"},\"image\":{\"@id\":\"https:\/\/noti-america.com\/site\/ecuador\/#\/schema\/logo\/image\/\"},\"sameAs\":[\"https:\/\/x.com\/notiamerica\"]},{\"@type\":\"Person\",\"@id\":\"https:\/\/noti-america.com\/site\/ecuador\/#\/schema\/person\/00042412cfa9ecf98077f847ffadda4a\",\"name\":\"Henry Garrido\",\"image\":{\"@type\":\"ImageObject\",\"inLanguage\":\"es\",\"@id\":\"https:\/\/secure.gravatar.com\/avatar\/749ae5a1e6f22cf042f04b9f3f0a22732ae36970ccfd5c54a0a2ac3c4e1166ed?s=96&d=mm&r=g\",\"url\":\"https:\/\/secure.gravatar.com\/avatar\/749ae5a1e6f22cf042f04b9f3f0a22732ae36970ccfd5c54a0a2ac3c4e1166ed?s=96&d=mm&r=g\",\"contentUrl\":\"https:\/\/secure.gravatar.com\/avatar\/749ae5a1e6f22cf042f04b9f3f0a22732ae36970ccfd5c54a0a2ac3c4e1166ed?s=96&d=mm&r=g\",\"caption\":\"Henry Garrido\"},\"url\":\"https:\/\/noti-america.com\/site\/ecuador\/author\/hgarrido\/\"}]}<\/script>\n<!-- \/ Yoast SEO Premium plugin. -->","yoast_head_json":{"title":"La Tri suma a Suncare como aliado en protecci\u00f3n solar - Ecuador | Noti-America.com","robots":{"index":"index","follow":"follow","max-snippet":"max-snippet:-1","max-image-preview":"max-image-preview:large","max-video-preview":"max-video-preview:-1"},"canonical":"https:\/\/noti-america.com\/site\/ecuador\/2026\/03\/12\/la-tri-suma-a-suncare-como-aliado-en-proteccion-solar\/","og_locale":"es_ES","og_type":"article","og_title":"La Tri suma a Suncare como aliado en protecci\u00f3n solar","og_description":"NOTI-AMERICA.COM | ECUADOR. En medio de la expectativa mundialista, el pa\u00eds vive una renovada ilusi\u00f3n en torno a la Selecci\u00f3n Ecuatoriana de F\u00fatbol, un contexto que tambi\u00e9n pone en evidencia las condiciones en las&#46;&#46;&#46;","og_url":"https:\/\/noti-america.com\/site\/ecuador\/2026\/03\/12\/la-tri-suma-a-suncare-como-aliado-en-proteccion-solar\/","og_site_name":"Ecuador | Noti-America.com","article_published_time":"2026-03-12T19:59:12+00:00","og_image":[{"width":807,"height":735,"url":"https:\/\/noti-america.com\/site\/ecuador\/wp-content\/uploads\/sites\/18\/2026\/03\/IMG-20260311-WA0160.jpg","type":"image\/jpeg"}],"author":"Henry Garrido","twitter_card":"summary_large_image","twitter_creator":"@notiamerica","twitter_site":"@notiamerica","twitter_misc":{"Escrito por":"Henry Garrido","Tiempo estimado de lectura":"2 minutos"},"schema":{"@context":"https:\/\/schema.org","@graph":[{"@type":"Article","@id":"https:\/\/noti-america.com\/site\/ecuador\/2026\/03\/12\/la-tri-suma-a-suncare-como-aliado-en-proteccion-solar\/#article","isPartOf":{"@id":"https:\/\/noti-america.com\/site\/ecuador\/2026\/03\/12\/la-tri-suma-a-suncare-como-aliado-en-proteccion-solar\/"},"author":{"name":"Henry Garrido","@id":"https:\/\/noti-america.com\/site\/ecuador\/#\/schema\/person\/00042412cfa9ecf98077f847ffadda4a"},"headline":"La Tri suma a Suncare como aliado en protecci\u00f3n solar","datePublished":"2026-03-12T19:59:12+00:00","mainEntityOfPage":{"@id":"https:\/\/noti-america.com\/site\/ecuador\/2026\/03\/12\/la-tri-suma-a-suncare-como-aliado-en-proteccion-solar\/"},"wordCount":303,"commentCount":0,"publisher":{"@id":"https:\/\/noti-america.com\/site\/ecuador\/#organization"},"image":{"@id":"https:\/\/noti-america.com\/site\/ecuador\/2026\/03\/12\/la-tri-suma-a-suncare-como-aliado-en-proteccion-solar\/#primaryimage"},"thumbnailUrl":"https:\/\/noti-america.com\/site\/ecuador\/wp-content\/uploads\/sites\/18\/2026\/03\/IMG-20260311-WA0160.jpg","articleSection":["Uncategorized"],"inLanguage":"es","potentialAction":[{"@type":"CommentAction","name":"Comment","target":["https:\/\/noti-america.com\/site\/ecuador\/2026\/03\/12\/la-tri-suma-a-suncare-como-aliado-en-proteccion-solar\/#respond"]}]},{"@type":"WebPage","@id":"https:\/\/noti-america.com\/site\/ecuador\/2026\/03\/12\/la-tri-suma-a-suncare-como-aliado-en-proteccion-solar\/","url":"https:\/\/noti-america.com\/site\/ecuador\/2026\/03\/12\/la-tri-suma-a-suncare-como-aliado-en-proteccion-solar\/","name":"La Tri suma a Suncare como aliado en protecci\u00f3n solar - Ecuador | Noti-America.com","isPartOf":{"@id":"https:\/\/noti-america.com\/site\/ecuador\/#website"},"primaryImageOfPage":{"@id":"https:\/\/noti-america.com\/site\/ecuador\/2026\/03\/12\/la-tri-suma-a-suncare-como-aliado-en-proteccion-solar\/#primaryimage"},"image":{"@id":"https:\/\/noti-america.com\/site\/ecuador\/2026\/03\/12\/la-tri-suma-a-suncare-como-aliado-en-proteccion-solar\/#primaryimage"},"thumbnailUrl":"https:\/\/noti-america.com\/site\/ecuador\/wp-content\/uploads\/sites\/18\/2026\/03\/IMG-20260311-WA0160.jpg","datePublished":"2026-03-12T19:59:12+00:00","breadcrumb":{"@id":"https:\/\/noti-america.com\/site\/ecuador\/2026\/03\/12\/la-tri-suma-a-suncare-como-aliado-en-proteccion-solar\/#breadcrumb"},"inLanguage":"es","potentialAction":[{"@type":"ReadAction","target":["https:\/\/noti-america.com\/site\/ecuador\/2026\/03\/12\/la-tri-suma-a-suncare-como-aliado-en-proteccion-solar\/"]}]},{"@type":"ImageObject","inLanguage":"es","@id":"https:\/\/noti-america.com\/site\/ecuador\/2026\/03\/12\/la-tri-suma-a-suncare-como-aliado-en-proteccion-solar\/#primaryimage","url":"https:\/\/noti-america.com\/site\/ecuador\/wp-content\/uploads\/sites\/18\/2026\/03\/IMG-20260311-WA0160.jpg","contentUrl":"https:\/\/noti-america.com\/site\/ecuador\/wp-content\/uploads\/sites\/18\/2026\/03\/IMG-20260311-WA0160.jpg","width":807,"height":735},{"@type":"BreadcrumbList","@id":"https:\/\/noti-america.com\/site\/ecuador\/2026\/03\/12\/la-tri-suma-a-suncare-como-aliado-en-proteccion-solar\/#breadcrumb","itemListElement":[{"@type":"ListItem","position":1,"name":"Portada","item":"https:\/\/noti-america.com\/site\/ecuador\/"},{"@type":"ListItem","position":2,"name":"La Tri suma a Suncare como aliado en protecci\u00f3n solar"}]},{"@type":"WebSite","@id":"https:\/\/noti-america.com\/site\/ecuador\/#website","url":"https:\/\/noti-america.com\/site\/ecuador\/","name":"Ecuador | Noti-America.com","description":"","publisher":{"@id":"https:\/\/noti-america.com\/site\/ecuador\/#organization"},"potentialAction":[{"@type":"SearchAction","target":{"@type":"EntryPoint","urlTemplate":"https:\/\/noti-america.com\/site\/ecuador\/?s={search_term_string}"},"query-input":{"@type":"PropertyValueSpecification","valueRequired":true,"valueName":"search_term_string"}}],"inLanguage":"es"},{"@type":"Organization","@id":"https:\/\/noti-america.com\/site\/ecuador\/#organization","name":"Noti-America LLC | Ecuador","url":"https:\/\/noti-america.com\/site\/ecuador\/","logo":{"@type":"ImageObject","inLanguage":"es","@id":"https:\/\/noti-america.com\/site\/ecuador\/#\/schema\/logo\/image\/","url":"https:\/\/noti-america.com\/site\/ecuador\/wp-content\/uploads\/sites\/18\/2020\/07\/LogoNA-4x3-1.jpg","contentUrl":"https:\/\/noti-america.com\/site\/ecuador\/wp-content\/uploads\/sites\/18\/2020\/07\/LogoNA-4x3-1.jpg","width":1236,"height":1080,"caption":"Noti-America LLC | Ecuador"},"image":{"@id":"https:\/\/noti-america.com\/site\/ecuador\/#\/schema\/logo\/image\/"},"sameAs":["https:\/\/x.com\/notiamerica"]},{"@type":"Person","@id":"https:\/\/noti-america.com\/site\/ecuador\/#\/schema\/person\/00042412cfa9ecf98077f847ffadda4a","name":"Henry Garrido","image":{"@type":"ImageObject","inLanguage":"es","@id":"https:\/\/secure.gravatar.com\/avatar\/749ae5a1e6f22cf042f04b9f3f0a22732ae36970ccfd5c54a0a2ac3c4e1166ed?s=96&d=mm&r=g","url":"https:\/\/secure.gravatar.com\/avatar\/749ae5a1e6f22cf042f04b9f3f0a22732ae36970ccfd5c54a0a2ac3c4e1166ed?s=96&d=mm&r=g","contentUrl":"https:\/\/secure.gravatar.com\/avatar\/749ae5a1e6f22cf042f04b9f3f0a22732ae36970ccfd5c54a0a2ac3c4e1166ed?s=96&d=mm&r=g","caption":"Henry Garrido"},"url":"https:\/\/noti-america.com\/site\/ecuador\/author\/hgarrido\/"}]}},"_links":{"self":[{"href":"https:\/\/noti-america.com\/site\/ecuador\/wp-json\/wp\/v2\/posts\/37401","targetHints":{"allow":["GET"]}}],"collection":[{"href":"https:\/\/noti-america.com\/site\/ecuador\/wp-json\/wp\/v2\/posts"}],"about":[{"href":"https:\/\/noti-america.com\/site\/ecuador\/wp-json\/wp\/v2\/types\/post"}],"author":[{"embeddable":true,"href":"https:\/\/noti-america.com\/site\/ecuador\/wp-json\/wp\/v2\/users\/144"}],"replies":[{"embeddable":true,"href":"https:\/\/noti-america.com\/site\/ecuador\/wp-json\/wp\/v2\/comments?post=37401"}],"version-history":[{"count":1,"href":"https:\/\/noti-america.com\/site\/ecuador\/wp-json\/wp\/v2\/posts\/37401\/revisions"}],"predecessor-version":[{"id":37403,"href":"https:\/\/noti-america.com\/site\/ecuador\/wp-json\/wp\/v2\/posts\/37401\/revisions\/37403"}],"wp:featuredmedia":[{"embeddable":true,"href":"https:\/\/noti-america.com\/site\/ecuador\/wp-json\/wp\/v2\/media\/37402"}],"wp:attachment":[{"href":"https:\/\/noti-america.com\/site\/ecuador\/wp-json\/wp\/v2\/media?parent=37401"}],"wp:term":[{"taxonomy":"category","embeddable":true,"href":"https:\/\/noti-america.com\/site\/ecuador\/wp-json\/wp\/v2\/categories?post=37401"},{"taxonomy":"post_tag","embeddable":true,"href":"https:\/\/noti-america.com\/site\/ecuador\/wp-json\/wp\/v2\/tags?post=37401"}],"curies":[{"name":"wp","href":"https:\/\/api.w.org\/{rel}","templated":true}]}}